{"id":56089,"date":"2021-07-13T17:49:22","date_gmt":"2021-07-13T15:49:22","guid":{"rendered":"https:\/\/ppdegalicia.com\/o-grupo-popular-afirma-que-a-xunta-xa-traballa-na-modificacion-da-lei-de-inclusion-para-adaptar-a-risga-ao-imv\/"},"modified":"2021-07-13T17:49:22","modified_gmt":"2021-07-13T15:49:22","slug":"o-grupo-popular-afirma-que-a-xunta-xa-traballa-na-modificacion-da-lei-de-inclusion-para-adaptar-a-risga-ao-imv","status":"publish","type":"post","link":"https:\/\/ppdegalicia.com\/es\/o-grupo-popular-afirma-que-a-xunta-xa-traballa-na-modificacion-da-lei-de-inclusion-para-adaptar-a-risga-ao-imv\/","title":{"rendered":"O Grupo Popular afirma que a Xunta xa traballa na modificaci\u00f3n da Lei de inclusi\u00f3n para adaptar a Risga ao IMV"},"content":{"rendered":"<p><img fetchpriority=\"high\" decoding=\"async\" class=\" size-full wp-image-56088\" src=\"https:\/\/ppdegalicia.com\/wp-content\/uploads\/2021\/07\/15a41d3bd58ede7a3e0d75a50ae018d2.jpg\" alt=\"\" width=\"1900\" height=\"1267\" srcset=\"https:\/\/ppdegalicia.com\/wp-content\/uploads\/2021\/07\/15a41d3bd58ede7a3e0d75a50ae018d2.jpg 1900w, https:\/\/ppdegalicia.com\/wp-content\/uploads\/2021\/07\/15a41d3bd58ede7a3e0d75a50ae018d2-300x200.jpg 300w, https:\/\/ppdegalicia.com\/wp-content\/uploads\/2021\/07\/15a41d3bd58ede7a3e0d75a50ae018d2-1024x683.jpg 1024w, https:\/\/ppdegalicia.com\/wp-content\/uploads\/2021\/07\/15a41d3bd58ede7a3e0d75a50ae018d2-768x512.jpg 768w, https:\/\/ppdegalicia.com\/wp-content\/uploads\/2021\/07\/15a41d3bd58ede7a3e0d75a50ae018d2-1536x1024.jpg 1536w\" sizes=\"(max-width: 1900px) 100vw, 1900px\" \/><\/p>\n<p>Santiago, 13 de xullo de 2021.- A deputada do Grupo Popular Elena Su\u00e1rez afirmou hoxe no Pleno que o Goberno galego \u201cxa est\u00e1 a traballar na modificaci\u00f3n da Lei de inclusi\u00f3n social para adaptar a renda de inserci\u00f3n social de Galicia (Risga) ao novo contexto xurdido coa posta en marcha do ingreso m\u00ednimo vital (IMV) co obxectivo principal de que a tramitaci\u00f3n destas axudas sexa o m\u00e1is r\u00e1pido e \u00e1xil posible\u201d.<\/p>\n<p><!--more--><\/p>\n<p>Elena Su\u00e1rez indicou que \u201cmodificar a Lei de inclusi\u00f3n de Galicia para adaptala \u00e1 implantaci\u00f3n do IMV non ten sentido mentres esta axuda non estea totalmente definida por parte do Goberno de Espa\u00f1a\u201d, porque lembrou que o Real Decreto-Lei que se aprobou para regular o IMV \u201ctivo que ser parcheado en seis ocasi\u00f3ns e, despois de 30 pr\u00f3rrogas, a\u00ednda se est\u00e1 negociando a lei que aprobar\u00e1 definitivamente a prestaci\u00f3n\u201d.<\/p>\n<p>\u00a0<\/p>\n<p>A deputada popular lamentou \u201ca pol\u00edtica de improvisaci\u00f3n do Goberno central na implantaci\u00f3n do IMV, o que motivou que persoas receptoras da Risga cobraran de forma involuntaria pero indebida estas d\u00faas prestaci\u00f3ns incompatibles entre si\u201d.<\/p>\n<p>\u00a0<\/p>\n<p>Diante desta situaci\u00f3n, \u201co Goberno galego propuxo ao Goberno central empregar a v\u00eda da compensaci\u00f3n directa \u00e1s comunidades aut\u00f3nomas para evitar esta duplicidade e protexer \u00e1s familias m\u00e1is vulnerables, pero a resposta do Goberno de Pedro S\u00e1nchez foi non\u201d, explicou a deputada. \u00c1 vista desta negativa, a Xunta argallou mecanismos para facilitarlle a vida \u00e1s persoas afectadas, formulando d\u00faas opci\u00f3ns: habilitar un prazo de 30 meses para subsanar a duplicidade ou posibilitar a condonaci\u00f3n da d\u00e9beda ata unha cont\u00eda do 50 por cento do IPREM anual nos casos de familias especialmente vulnerables e con menores a cargo.<\/p>\n<p>\u00a0<\/p>\n<p>\u201cHai 15 meses que a Xunta, pensando no beneficio dos galegos e das galegas posibles beneficiarios do IMV, pediu en diferentes xuntanzas co Goberno central que foran as autonom\u00edas quen xestionaran esta nova axuda, co aval dos 30 anos de experiencia na xesti\u00f3n da Risga que pos\u00fae Galicia, unha estrutura administrativa rodada e unha fotograf\u00eda n\u00edtida da realidade social da Comunidade galega, pero lamentablemente a resposta do Goberno de Pedro S\u00e1nchez foi non\u201d, sinalou.<\/p>\n","protected":false},"excerpt":{"rendered":"<p>Santiago, 13 de xullo de 2021.- A deputada do Grupo Popular Elena Su\u00e1rez afirmou hoxe no Pleno que o Goberno galego \u201cxa est\u00e1 a traballar na modificaci\u00f3n da Lei de inclusi\u00f3n social para adaptar a renda de inserci\u00f3n social de Galicia (Risga) ao novo contexto xurdido coa posta en marcha do ingreso m\u00ednimo vital (IMV) [&hellip;]<\/p>\n","protected":false},"author":38,"featured_media":56088,"comment_status":"open","ping_status":"open","sticky":false,"template":"","format":"standard","meta":{"_acf_changed":false,"footnotes":""},"categories":[1],"tags":[],"class_list":["post-56089","post","type-post","status-publish","format-standard","has-post-thumbnail","hentry","category-pp-de-galicia"],"acf":[],"yoast_head":"<!-- This site is optimized with the Yoast SEO plugin v27.3 - https:\/\/yoast.com\/product\/yoast-seo-wordpress\/ -->\n<title>O Grupo Popular afirma que a Xunta xa traballa na modificaci\u00f3n da Lei de inclusi\u00f3n para adaptar a Risga ao IMV - PP de Galicia<\/title>\n<meta name=\"robots\" content=\"index, follow, max-snippet:-1, max-image-preview:large, max-video-preview:-1\" \/>\n<link rel=\"canonical\" href=\"https:\/\/ppdegalicia.com\/es\/o-grupo-popular-afirma-que-a-xunta-xa-traballa-na-modificacion-da-lei-de-inclusion-para-adaptar-a-risga-ao-imv\/\" \/>\n<meta property=\"og:locale\" content=\"es_ES\" \/>\n<meta property=\"og:type\" content=\"article\" \/>\n<meta property=\"og:title\" content=\"O Grupo Popular afirma que a Xunta xa traballa na modificaci\u00f3n da Lei de inclusi\u00f3n para adaptar a Risga ao IMV - PP de Galicia\" \/>\n<meta property=\"og:description\" content=\"Santiago, 13 de xullo de 2021.- A deputada do Grupo Popular Elena Su\u00e1rez afirmou hoxe no Pleno que o Goberno galego \u201cxa est\u00e1 a traballar na modificaci\u00f3n da Lei de inclusi\u00f3n social para adaptar a renda de inserci\u00f3n social de Galicia (Risga) ao novo contexto xurdido coa posta en marcha do ingreso m\u00ednimo vital (IMV) [&hellip;]\" \/>\n<meta property=\"og:url\" content=\"https:\/\/ppdegalicia.com\/es\/o-grupo-popular-afirma-que-a-xunta-xa-traballa-na-modificacion-da-lei-de-inclusion-para-adaptar-a-risga-ao-imv\/\" \/>\n<meta property=\"og:site_name\" content=\"PP de Galicia\" \/>\n<meta property=\"article:publisher\" content=\"https:\/\/www.instagram.com\/ppdegalicia\/\" \/>\n<meta property=\"article:published_time\" content=\"2021-07-13T15:49:22+00:00\" \/>\n<meta property=\"og:image\" content=\"https:\/\/ppdegalicia.com\/wp-content\/uploads\/2021\/07\/15a41d3bd58ede7a3e0d75a50ae018d2.jpg\" \/>\n\t<meta property=\"og:image:width\" content=\"1900\" \/>\n\t<meta property=\"og:image:height\" content=\"1267\" \/>\n\t<meta property=\"og:image:type\" content=\"image\/jpeg\" \/>\n<meta name=\"author\" content=\"ppdegaliciaredes\" \/>\n<meta name=\"twitter:card\" content=\"summary_large_image\" \/>\n<meta name=\"twitter:creator\" content=\"@ppdegalicia\" \/>\n<meta name=\"twitter:site\" content=\"@ppdegalicia\" \/>\n<meta name=\"twitter:label1\" content=\"Escrito por\" \/>\n\t<meta name=\"twitter:data1\" content=\"ppdegaliciaredes\" \/>\n\t<meta name=\"twitter:label2\" content=\"Tiempo de lectura\" \/>\n\t<meta name=\"twitter:data2\" content=\"2 minutos\" \/>\n<script type=\"application\/ld+json\" class=\"yoast-schema-graph\">{\"@context\":\"https:\\\/\\\/schema.org\",\"@graph\":[{\"@type\":\"Article\",\"@id\":\"https:\\\/\\\/ppdegalicia.com\\\/es\\\/o-grupo-popular-afirma-que-a-xunta-xa-traballa-na-modificacion-da-lei-de-inclusion-para-adaptar-a-risga-ao-imv\\\/#article\",\"isPartOf\":{\"@id\":\"https:\\\/\\\/ppdegalicia.com\\\/es\\\/o-grupo-popular-afirma-que-a-xunta-xa-traballa-na-modificacion-da-lei-de-inclusion-para-adaptar-a-risga-ao-imv\\\/\"},\"author\":{\"name\":\"ppdegaliciaredes\",\"@id\":\"https:\\\/\\\/ppdegalicia.com\\\/es\\\/#\\\/schema\\\/person\\\/5b822c6f59e872ebdd1142f307dbcb59\"},\"headline\":\"O Grupo Popular afirma que a Xunta xa traballa na modificaci\u00f3n da Lei de inclusi\u00f3n para adaptar a Risga ao IMV\",\"datePublished\":\"2021-07-13T15:49:22+00:00\",\"mainEntityOfPage\":{\"@id\":\"https:\\\/\\\/ppdegalicia.com\\\/es\\\/o-grupo-popular-afirma-que-a-xunta-xa-traballa-na-modificacion-da-lei-de-inclusion-para-adaptar-a-risga-ao-imv\\\/\"},\"wordCount\":399,\"commentCount\":0,\"publisher\":{\"@id\":\"https:\\\/\\\/ppdegalicia.com\\\/es\\\/#organization\"},\"image\":{\"@id\":\"https:\\\/\\\/ppdegalicia.com\\\/es\\\/o-grupo-popular-afirma-que-a-xunta-xa-traballa-na-modificacion-da-lei-de-inclusion-para-adaptar-a-risga-ao-imv\\\/#primaryimage\"},\"thumbnailUrl\":\"https:\\\/\\\/ppdegalicia.com\\\/wp-content\\\/uploads\\\/2021\\\/07\\\/15a41d3bd58ede7a3e0d75a50ae018d2.jpg\",\"articleSection\":[\"PP de Galicia\"],\"inLanguage\":\"es\",\"potentialAction\":[{\"@type\":\"CommentAction\",\"name\":\"Comment\",\"target\":[\"https:\\\/\\\/ppdegalicia.com\\\/es\\\/o-grupo-popular-afirma-que-a-xunta-xa-traballa-na-modificacion-da-lei-de-inclusion-para-adaptar-a-risga-ao-imv\\\/#respond\"]}]},{\"@type\":\"WebPage\",\"@id\":\"https:\\\/\\\/ppdegalicia.com\\\/es\\\/o-grupo-popular-afirma-que-a-xunta-xa-traballa-na-modificacion-da-lei-de-inclusion-para-adaptar-a-risga-ao-imv\\\/\",\"url\":\"https:\\\/\\\/ppdegalicia.com\\\/es\\\/o-grupo-popular-afirma-que-a-xunta-xa-traballa-na-modificacion-da-lei-de-inclusion-para-adaptar-a-risga-ao-imv\\\/\",\"name\":\"O Grupo Popular afirma que a Xunta xa traballa na modificaci\u00f3n da Lei de inclusi\u00f3n para adaptar a Risga ao IMV - PP de Galicia\",\"isPartOf\":{\"@id\":\"https:\\\/\\\/ppdegalicia.com\\\/es\\\/#website\"},\"primaryImageOfPage\":{\"@id\":\"https:\\\/\\\/ppdegalicia.com\\\/es\\\/o-grupo-popular-afirma-que-a-xunta-xa-traballa-na-modificacion-da-lei-de-inclusion-para-adaptar-a-risga-ao-imv\\\/#primaryimage\"},\"image\":{\"@id\":\"https:\\\/\\\/ppdegalicia.com\\\/es\\\/o-grupo-popular-afirma-que-a-xunta-xa-traballa-na-modificacion-da-lei-de-inclusion-para-adaptar-a-risga-ao-imv\\\/#primaryimage\"},\"thumbnailUrl\":\"https:\\\/\\\/ppdegalicia.com\\\/wp-content\\\/uploads\\\/2021\\\/07\\\/15a41d3bd58ede7a3e0d75a50ae018d2.jpg\",\"datePublished\":\"2021-07-13T15:49:22+00:00\",\"breadcrumb\":{\"@id\":\"https:\\\/\\\/ppdegalicia.com\\\/es\\\/o-grupo-popular-afirma-que-a-xunta-xa-traballa-na-modificacion-da-lei-de-inclusion-para-adaptar-a-risga-ao-imv\\\/#breadcrumb\"},\"inLanguage\":\"es\",\"potentialAction\":[{\"@type\":\"ReadAction\",\"target\":[\"https:\\\/\\\/ppdegalicia.com\\\/es\\\/o-grupo-popular-afirma-que-a-xunta-xa-traballa-na-modificacion-da-lei-de-inclusion-para-adaptar-a-risga-ao-imv\\\/\"]}]},{\"@type\":\"ImageObject\",\"inLanguage\":\"es\",\"@id\":\"https:\\\/\\\/ppdegalicia.com\\\/es\\\/o-grupo-popular-afirma-que-a-xunta-xa-traballa-na-modificacion-da-lei-de-inclusion-para-adaptar-a-risga-ao-imv\\\/#primaryimage\",\"url\":\"https:\\\/\\\/ppdegalicia.com\\\/wp-content\\\/uploads\\\/2021\\\/07\\\/15a41d3bd58ede7a3e0d75a50ae018d2.jpg\",\"contentUrl\":\"https:\\\/\\\/ppdegalicia.com\\\/wp-content\\\/uploads\\\/2021\\\/07\\\/15a41d3bd58ede7a3e0d75a50ae018d2.jpg\",\"width\":1900,\"height\":1267},{\"@type\":\"BreadcrumbList\",\"@id\":\"https:\\\/\\\/ppdegalicia.com\\\/es\\\/o-grupo-popular-afirma-que-a-xunta-xa-traballa-na-modificacion-da-lei-de-inclusion-para-adaptar-a-risga-ao-imv\\\/#breadcrumb\",\"itemListElement\":[{\"@type\":\"ListItem\",\"position\":1,\"name\":\"Portada\",\"item\":\"https:\\\/\\\/ppdegalicia.com\\\/es\\\/\"},{\"@type\":\"ListItem\",\"position\":2,\"name\":\"O Grupo Popular afirma que a Xunta xa traballa na modificaci\u00f3n da Lei de inclusi\u00f3n para adaptar a Risga ao IMV\"}]},{\"@type\":\"WebSite\",\"@id\":\"https:\\\/\\\/ppdegalicia.com\\\/es\\\/#website\",\"url\":\"https:\\\/\\\/ppdegalicia.com\\\/es\\\/\",\"name\":\"Partido Popular de Galicia\",\"description\":\"Partido Popular de Galicia\",\"publisher\":{\"@id\":\"https:\\\/\\\/ppdegalicia.com\\\/es\\\/#organization\"},\"alternateName\":\"PP de Galicia\",\"potentialAction\":[{\"@type\":\"SearchAction\",\"target\":{\"@type\":\"EntryPoint\",\"urlTemplate\":\"https:\\\/\\\/ppdegalicia.com\\\/es\\\/?s={search_term_string}\"},\"query-input\":{\"@type\":\"PropertyValueSpecification\",\"valueRequired\":true,\"valueName\":\"search_term_string\"}}],\"inLanguage\":\"es\"},{\"@type\":\"Organization\",\"@id\":\"https:\\\/\\\/ppdegalicia.com\\\/es\\\/#organization\",\"name\":\"Partido Popular de Galicia\",\"alternateName\":\"PP de Galicia\",\"url\":\"https:\\\/\\\/ppdegalicia.com\\\/es\\\/\",\"logo\":{\"@type\":\"ImageObject\",\"inLanguage\":\"es\",\"@id\":\"https:\\\/\\\/ppdegalicia.com\\\/es\\\/#\\\/schema\\\/logo\\\/image\\\/\",\"url\":\"https:\\\/\\\/ppdegalicia.com\\\/wp-content\\\/uploads\\\/2023\\\/04\\\/logoPP512.png\",\"contentUrl\":\"https:\\\/\\\/ppdegalicia.com\\\/wp-content\\\/uploads\\\/2023\\\/04\\\/logoPP512.png\",\"width\":512,\"height\":512,\"caption\":\"Partido Popular de Galicia\"},\"image\":{\"@id\":\"https:\\\/\\\/ppdegalicia.com\\\/es\\\/#\\\/schema\\\/logo\\\/image\\\/\"},\"sameAs\":[\"https:\\\/\\\/www.instagram.com\\\/ppdegalicia\\\/\",\"https:\\\/\\\/x.com\\\/ppdegalicia\",\"https:\\\/\\\/www.tiktok.com\\\/@ppdegalicia\",\"https:\\\/\\\/www.youtube.com\\\/user\\\/ppdegalicia\"]},{\"@type\":\"Person\",\"@id\":\"https:\\\/\\\/ppdegalicia.com\\\/es\\\/#\\\/schema\\\/person\\\/5b822c6f59e872ebdd1142f307dbcb59\",\"name\":\"ppdegaliciaredes\",\"image\":{\"@type\":\"ImageObject\",\"inLanguage\":\"es\",\"@id\":\"https:\\\/\\\/secure.gravatar.com\\\/avatar\\\/3c9179cf0256d00c72a48d1f25783c58b6842cd56e85ef3a572881c8e28ccd59?s=96&d=mm&r=g\",\"url\":\"https:\\\/\\\/secure.gravatar.com\\\/avatar\\\/3c9179cf0256d00c72a48d1f25783c58b6842cd56e85ef3a572881c8e28ccd59?s=96&d=mm&r=g\",\"contentUrl\":\"https:\\\/\\\/secure.gravatar.com\\\/avatar\\\/3c9179cf0256d00c72a48d1f25783c58b6842cd56e85ef3a572881c8e28ccd59?s=96&d=mm&r=g\",\"caption\":\"ppdegaliciaredes\"},\"url\":\"https:\\\/\\\/ppdegalicia.com\\\/es\\\/author\\\/ppdegaliciaredes\\\/\"}]}<\/script>\n<!-- \/ Yoast SEO plugin. -->","yoast_head_json":{"title":"O Grupo Popular afirma que a Xunta xa traballa na modificaci\u00f3n da Lei de inclusi\u00f3n para adaptar a Risga ao IMV - PP de Galicia","robots":{"index":"index","follow":"follow","max-snippet":"max-snippet:-1","max-image-preview":"max-image-preview:large","max-video-preview":"max-video-preview:-1"},"canonical":"https:\/\/ppdegalicia.com\/es\/o-grupo-popular-afirma-que-a-xunta-xa-traballa-na-modificacion-da-lei-de-inclusion-para-adaptar-a-risga-ao-imv\/","og_locale":"es_ES","og_type":"article","og_title":"O Grupo Popular afirma que a Xunta xa traballa na modificaci\u00f3n da Lei de inclusi\u00f3n para adaptar a Risga ao IMV - PP de Galicia","og_description":"Santiago, 13 de xullo de 2021.- A deputada do Grupo Popular Elena Su\u00e1rez afirmou hoxe no Pleno que o Goberno galego \u201cxa est\u00e1 a traballar na modificaci\u00f3n da Lei de inclusi\u00f3n social para adaptar a renda de inserci\u00f3n social de Galicia (Risga) ao novo contexto xurdido coa posta en marcha do ingreso m\u00ednimo vital (IMV) [&hellip;]","og_url":"https:\/\/ppdegalicia.com\/es\/o-grupo-popular-afirma-que-a-xunta-xa-traballa-na-modificacion-da-lei-de-inclusion-para-adaptar-a-risga-ao-imv\/","og_site_name":"PP de Galicia","article_publisher":"https:\/\/www.instagram.com\/ppdegalicia\/","article_published_time":"2021-07-13T15:49:22+00:00","og_image":[{"width":1900,"height":1267,"url":"https:\/\/ppdegalicia.com\/wp-content\/uploads\/2021\/07\/15a41d3bd58ede7a3e0d75a50ae018d2.jpg","type":"image\/jpeg"}],"author":"ppdegaliciaredes","twitter_card":"summary_large_image","twitter_creator":"@ppdegalicia","twitter_site":"@ppdegalicia","twitter_misc":{"Escrito por":"ppdegaliciaredes","Tiempo de lectura":"2 minutos"},"schema":{"@context":"https:\/\/schema.org","@graph":[{"@type":"Article","@id":"https:\/\/ppdegalicia.com\/es\/o-grupo-popular-afirma-que-a-xunta-xa-traballa-na-modificacion-da-lei-de-inclusion-para-adaptar-a-risga-ao-imv\/#article","isPartOf":{"@id":"https:\/\/ppdegalicia.com\/es\/o-grupo-popular-afirma-que-a-xunta-xa-traballa-na-modificacion-da-lei-de-inclusion-para-adaptar-a-risga-ao-imv\/"},"author":{"name":"ppdegaliciaredes","@id":"https:\/\/ppdegalicia.com\/es\/#\/schema\/person\/5b822c6f59e872ebdd1142f307dbcb59"},"headline":"O Grupo Popular afirma que a Xunta xa traballa na modificaci\u00f3n da Lei de inclusi\u00f3n para adaptar a Risga ao IMV","datePublished":"2021-07-13T15:49:22+00:00","mainEntityOfPage":{"@id":"https:\/\/ppdegalicia.com\/es\/o-grupo-popular-afirma-que-a-xunta-xa-traballa-na-modificacion-da-lei-de-inclusion-para-adaptar-a-risga-ao-imv\/"},"wordCount":399,"commentCount":0,"publisher":{"@id":"https:\/\/ppdegalicia.com\/es\/#organization"},"image":{"@id":"https:\/\/ppdegalicia.com\/es\/o-grupo-popular-afirma-que-a-xunta-xa-traballa-na-modificacion-da-lei-de-inclusion-para-adaptar-a-risga-ao-imv\/#primaryimage"},"thumbnailUrl":"https:\/\/ppdegalicia.com\/wp-content\/uploads\/2021\/07\/15a41d3bd58ede7a3e0d75a50ae018d2.jpg","articleSection":["PP de Galicia"],"inLanguage":"es","potentialAction":[{"@type":"CommentAction","name":"Comment","target":["https:\/\/ppdegalicia.com\/es\/o-grupo-popular-afirma-que-a-xunta-xa-traballa-na-modificacion-da-lei-de-inclusion-para-adaptar-a-risga-ao-imv\/#respond"]}]},{"@type":"WebPage","@id":"https:\/\/ppdegalicia.com\/es\/o-grupo-popular-afirma-que-a-xunta-xa-traballa-na-modificacion-da-lei-de-inclusion-para-adaptar-a-risga-ao-imv\/","url":"https:\/\/ppdegalicia.com\/es\/o-grupo-popular-afirma-que-a-xunta-xa-traballa-na-modificacion-da-lei-de-inclusion-para-adaptar-a-risga-ao-imv\/","name":"O Grupo Popular afirma que a Xunta xa traballa na modificaci\u00f3n da Lei de inclusi\u00f3n para adaptar a Risga ao IMV - PP de Galicia","isPartOf":{"@id":"https:\/\/ppdegalicia.com\/es\/#website"},"primaryImageOfPage":{"@id":"https:\/\/ppdegalicia.com\/es\/o-grupo-popular-afirma-que-a-xunta-xa-traballa-na-modificacion-da-lei-de-inclusion-para-adaptar-a-risga-ao-imv\/#primaryimage"},"image":{"@id":"https:\/\/ppdegalicia.com\/es\/o-grupo-popular-afirma-que-a-xunta-xa-traballa-na-modificacion-da-lei-de-inclusion-para-adaptar-a-risga-ao-imv\/#primaryimage"},"thumbnailUrl":"https:\/\/ppdegalicia.com\/wp-content\/uploads\/2021\/07\/15a41d3bd58ede7a3e0d75a50ae018d2.jpg","datePublished":"2021-07-13T15:49:22+00:00","breadcrumb":{"@id":"https:\/\/ppdegalicia.com\/es\/o-grupo-popular-afirma-que-a-xunta-xa-traballa-na-modificacion-da-lei-de-inclusion-para-adaptar-a-risga-ao-imv\/#breadcrumb"},"inLanguage":"es","potentialAction":[{"@type":"ReadAction","target":["https:\/\/ppdegalicia.com\/es\/o-grupo-popular-afirma-que-a-xunta-xa-traballa-na-modificacion-da-lei-de-inclusion-para-adaptar-a-risga-ao-imv\/"]}]},{"@type":"ImageObject","inLanguage":"es","@id":"https:\/\/ppdegalicia.com\/es\/o-grupo-popular-afirma-que-a-xunta-xa-traballa-na-modificacion-da-lei-de-inclusion-para-adaptar-a-risga-ao-imv\/#primaryimage","url":"https:\/\/ppdegalicia.com\/wp-content\/uploads\/2021\/07\/15a41d3bd58ede7a3e0d75a50ae018d2.jpg","contentUrl":"https:\/\/ppdegalicia.com\/wp-content\/uploads\/2021\/07\/15a41d3bd58ede7a3e0d75a50ae018d2.jpg","width":1900,"height":1267},{"@type":"BreadcrumbList","@id":"https:\/\/ppdegalicia.com\/es\/o-grupo-popular-afirma-que-a-xunta-xa-traballa-na-modificacion-da-lei-de-inclusion-para-adaptar-a-risga-ao-imv\/#breadcrumb","itemListElement":[{"@type":"ListItem","position":1,"name":"Portada","item":"https:\/\/ppdegalicia.com\/es\/"},{"@type":"ListItem","position":2,"name":"O Grupo Popular afirma que a Xunta xa traballa na modificaci\u00f3n da Lei de inclusi\u00f3n para adaptar a Risga ao IMV"}]},{"@type":"WebSite","@id":"https:\/\/ppdegalicia.com\/es\/#website","url":"https:\/\/ppdegalicia.com\/es\/","name":"Partido Popular de Galicia","description":"Partido Popular de Galicia","publisher":{"@id":"https:\/\/ppdegalicia.com\/es\/#organization"},"alternateName":"PP de Galicia","potentialAction":[{"@type":"SearchAction","target":{"@type":"EntryPoint","urlTemplate":"https:\/\/ppdegalicia.com\/es\/?s={search_term_string}"},"query-input":{"@type":"PropertyValueSpecification","valueRequired":true,"valueName":"search_term_string"}}],"inLanguage":"es"},{"@type":"Organization","@id":"https:\/\/ppdegalicia.com\/es\/#organization","name":"Partido Popular de Galicia","alternateName":"PP de Galicia","url":"https:\/\/ppdegalicia.com\/es\/","logo":{"@type":"ImageObject","inLanguage":"es","@id":"https:\/\/ppdegalicia.com\/es\/#\/schema\/logo\/image\/","url":"https:\/\/ppdegalicia.com\/wp-content\/uploads\/2023\/04\/logoPP512.png","contentUrl":"https:\/\/ppdegalicia.com\/wp-content\/uploads\/2023\/04\/logoPP512.png","width":512,"height":512,"caption":"Partido Popular de Galicia"},"image":{"@id":"https:\/\/ppdegalicia.com\/es\/#\/schema\/logo\/image\/"},"sameAs":["https:\/\/www.instagram.com\/ppdegalicia\/","https:\/\/x.com\/ppdegalicia","https:\/\/www.tiktok.com\/@ppdegalicia","https:\/\/www.youtube.com\/user\/ppdegalicia"]},{"@type":"Person","@id":"https:\/\/ppdegalicia.com\/es\/#\/schema\/person\/5b822c6f59e872ebdd1142f307dbcb59","name":"ppdegaliciaredes","image":{"@type":"ImageObject","inLanguage":"es","@id":"https:\/\/secure.gravatar.com\/avatar\/3c9179cf0256d00c72a48d1f25783c58b6842cd56e85ef3a572881c8e28ccd59?s=96&d=mm&r=g","url":"https:\/\/secure.gravatar.com\/avatar\/3c9179cf0256d00c72a48d1f25783c58b6842cd56e85ef3a572881c8e28ccd59?s=96&d=mm&r=g","contentUrl":"https:\/\/secure.gravatar.com\/avatar\/3c9179cf0256d00c72a48d1f25783c58b6842cd56e85ef3a572881c8e28ccd59?s=96&d=mm&r=g","caption":"ppdegaliciaredes"},"url":"https:\/\/ppdegalicia.com\/es\/author\/ppdegaliciaredes\/"}]}},"_links":{"self":[{"href":"https:\/\/ppdegalicia.com\/es\/wp-json\/wp\/v2\/posts\/56089","targetHints":{"allow":["GET"]}}],"collection":[{"href":"https:\/\/ppdegalicia.com\/es\/wp-json\/wp\/v2\/posts"}],"about":[{"href":"https:\/\/ppdegalicia.com\/es\/wp-json\/wp\/v2\/types\/post"}],"author":[{"embeddable":true,"href":"https:\/\/ppdegalicia.com\/es\/wp-json\/wp\/v2\/users\/38"}],"replies":[{"embeddable":true,"href":"https:\/\/ppdegalicia.com\/es\/wp-json\/wp\/v2\/comments?post=56089"}],"version-history":[{"count":0,"href":"https:\/\/ppdegalicia.com\/es\/wp-json\/wp\/v2\/posts\/56089\/revisions"}],"wp:featuredmedia":[{"embeddable":true,"href":"https:\/\/ppdegalicia.com\/es\/wp-json\/wp\/v2\/media\/56088"}],"wp:attachment":[{"href":"https:\/\/ppdegalicia.com\/es\/wp-json\/wp\/v2\/media?parent=56089"}],"wp:term":[{"taxonomy":"category","embeddable":true,"href":"https:\/\/ppdegalicia.com\/es\/wp-json\/wp\/v2\/categories?post=56089"},{"taxonomy":"post_tag","embeddable":true,"href":"https:\/\/ppdegalicia.com\/es\/wp-json\/wp\/v2\/tags?post=56089"}],"curies":[{"name":"wp","href":"https:\/\/api.w.org\/{rel}","templated":true}]}}