{"id":56122,"date":"2021-08-03T11:02:56","date_gmt":"2021-08-03T09:02:56","guid":{"rendered":"https:\/\/ppdegalicia.com\/pedro-puy-salienta-que-a-aprobacion-do-teito-de-gasto-para-2022-e-unha-mostra-mais-da-normalidade-democratica-que-vivimos-en-galicia\/"},"modified":"2021-08-03T11:02:56","modified_gmt":"2021-08-03T09:02:56","slug":"pedro-puy-salienta-que-a-aprobacion-do-teito-de-gasto-para-2022-e-unha-mostra-mais-da-normalidade-democratica-que-vivimos-en-galicia","status":"publish","type":"post","link":"https:\/\/ppdegalicia.com\/es\/pedro-puy-salienta-que-a-aprobacion-do-teito-de-gasto-para-2022-e-unha-mostra-mais-da-normalidade-democratica-que-vivimos-en-galicia\/","title":{"rendered":"Pedro Puy salienta que a aprobaci\u00f3n do teito de gasto para 2022 \u00e9 \u201cunha mostra m\u00e1is da normalidade democr\u00e1tica que vivimos en Galicia\u201d"},"content":{"rendered":"<p><img fetchpriority=\"high\" decoding=\"async\" class=\" size-full wp-image-56121\" src=\"https:\/\/ppdegalicia.com\/wp-content\/uploads\/2021\/08\/866ce395b224d87ca8641626c1a9d6a5.jpg\" alt=\"\" width=\"1900\" height=\"1267\" srcset=\"https:\/\/ppdegalicia.com\/wp-content\/uploads\/2021\/08\/866ce395b224d87ca8641626c1a9d6a5.jpg 1900w, https:\/\/ppdegalicia.com\/wp-content\/uploads\/2021\/08\/866ce395b224d87ca8641626c1a9d6a5-300x200.jpg 300w, https:\/\/ppdegalicia.com\/wp-content\/uploads\/2021\/08\/866ce395b224d87ca8641626c1a9d6a5-1024x683.jpg 1024w, https:\/\/ppdegalicia.com\/wp-content\/uploads\/2021\/08\/866ce395b224d87ca8641626c1a9d6a5-768x512.jpg 768w, https:\/\/ppdegalicia.com\/wp-content\/uploads\/2021\/08\/866ce395b224d87ca8641626c1a9d6a5-1536x1024.jpg 1536w\" sizes=\"(max-width: 1900px) 100vw, 1900px\" \/><\/p>\n<p>Santiago, 3 de agosto de 2021.- O portavoz do Grupo Popular, Pedro Puy, salientou hoxe que o teito de gasto da Xunta de Galicia para 2022, aprobado hoxe polo Pleno do Parlamento galego, \u00e9 \u201crealista, prudente e axustado a todas as previsi\u00f3ns auton\u00f3micas, nacionais e internacionais; e unha mostra da normalidade democr\u00e1tica que vivimos en Galicia, algo que creemos que \u00e9 importante no momento pol\u00edtico que est\u00e1 a vivir Espa\u00f1a\u201d. Neste sentido, afirmou que \u201cexpansi\u00f3n non \u00e9 s\u00f3 investir m\u00e1is, sen\u00f3n tam\u00e9n baixar impostos, como o est\u00e1n a facer en Europa\u201d.<\/p>\n<p><!--more--><\/p>\n<p>Pedro Puy comezou a s\u00faa intervenci\u00f3n felicitando ao conselleiro de Facenda e ao seu equipo na Conseller\u00eda \u201cpola aprobaci\u00f3n do teito de gasto e a remisi\u00f3n de informaci\u00f3n ao Parlamento, unha dos poucos a nivel nacional que debate o teito de gasto en sesi\u00f3n plenaria\u201d.<\/p>\n<p>\u00a0<\/p>\n<p><strong>POLO LIBRO<\/strong><\/p>\n<p>\u00a0<\/p>\n<p>\u201cO m\u00e1is salientable deste teito de gasto \u00e9 que vai polo libro do que marca o Goberno de Espa\u00f1a\u201d, sinalou o portavoz popular para rexeitar as cr\u00edticas dos grupos da oposici\u00f3n. En concreto, lembrou que ascende a 11.571 mill\u00f3ns de euros, \u201cdos que 10.675 mill\u00f3ns son ingresos ordinarios, o que permitir\u00e1 trazar uns orzamentos expansivos para 2022 non s\u00f3 polo gasto, que vai ser superior ao do pasado ano, sen\u00f3n tam\u00e9n polos ingresos sen incrementar a presi\u00f3n fiscal auton\u00f3mica\u201d.<\/p>\n<p>\u00a0<\/p>\n<p>As\u00ed mesmo, Puy referiuse aos recursos extraordinarios que chegar\u00e1n \u00e1 Comunidade galega procedentes da Comunidade Europea, como son o mecanismo de recuperaci\u00f3n e resiliencia (417,3 mill\u00f3ns de euros) ou a segunda anualidade do React-UE (266,9 mill\u00f3ns de euros), todo ilo sumado \u00e1 suspensi\u00f3n das regras de gasto (que permiten un d\u00e9ficit do 0,6 por cento, o que sup\u00f3n 415 mill\u00f3ns de euros).<\/p>\n<p>\u00a0<\/p>\n<p>Para rematar, o portavoz popular subli\u00f1ou que o Goberno galego \u201cdefendeu os intereses de Galicia\u201d para conseguir a devoluci\u00f3n dos 211 mill\u00f3ns de euros correspondentes \u00e1 mensualidade do IVE de 2017, \u201cque xa gastamos en 2019 con cargo a endebedamento\u201d.<\/p>\n<p>\u00a0<\/p>\n<p>Neste sentido, criticou que os socialistas galegos cualificaran esta demanda de \u201crabieta infantil\u201d ou que \u201cFeij\u00f3o se apunta ao dito Espa\u00f1a nos rouba\u201d. \u201cHoxe, lamentablemente, non amosaron as s\u00faas desculpas por estas afirmaci\u00f3ns, a pesar de que a loita de Galicia tam\u00e9n permitir\u00e1 \u00e1s comunidades aut\u00f3nomas socialistas recibir esta d\u00e9beda polo IVE\u201d.<\/p>\n","protected":false},"excerpt":{"rendered":"<p>Santiago, 3 de agosto de 2021.- O portavoz do Grupo Popular, Pedro Puy, salientou hoxe que o teito de gasto da Xunta de Galicia para 2022, aprobado hoxe polo Pleno do Parlamento galego, \u00e9 \u201crealista, prudente e axustado a todas as previsi\u00f3ns auton\u00f3micas, nacionais e internacionais; e unha mostra da normalidade democr\u00e1tica que vivimos en [&hellip;]<\/p>\n","protected":false},"author":38,"featured_media":56121,"comment_status":"open","ping_status":"open","sticky":false,"template":"","format":"standard","meta":{"_acf_changed":false,"footnotes":""},"categories":[1],"tags":[],"class_list":["post-56122","post","type-post","status-publish","format-standard","has-post-thumbnail","hentry","category-pp-de-galicia"],"acf":[],"yoast_head":"<!-- This site is optimized with the Yoast SEO plugin v27.3 - https:\/\/yoast.com\/product\/yoast-seo-wordpress\/ -->\n<title>Pedro Puy salienta que a aprobaci\u00f3n do teito de gasto para 2022 \u00e9 \u201cunha mostra m\u00e1is da normalidade democr\u00e1tica que vivimos en Galicia\u201d - PP de Galicia<\/title>\n<meta name=\"robots\" content=\"index, follow, max-snippet:-1, max-image-preview:large, max-video-preview:-1\" \/>\n<link rel=\"canonical\" href=\"https:\/\/ppdegalicia.com\/es\/pedro-puy-salienta-que-a-aprobacion-do-teito-de-gasto-para-2022-e-unha-mostra-mais-da-normalidade-democratica-que-vivimos-en-galicia\/\" \/>\n<meta property=\"og:locale\" content=\"es_ES\" \/>\n<meta property=\"og:type\" content=\"article\" \/>\n<meta property=\"og:title\" content=\"Pedro Puy salienta que a aprobaci\u00f3n do teito de gasto para 2022 \u00e9 \u201cunha mostra m\u00e1is da normalidade democr\u00e1tica que vivimos en Galicia\u201d - PP de Galicia\" \/>\n<meta property=\"og:description\" content=\"Santiago, 3 de agosto de 2021.- O portavoz do Grupo Popular, Pedro Puy, salientou hoxe que o teito de gasto da Xunta de Galicia para 2022, aprobado hoxe polo Pleno do Parlamento galego, \u00e9 \u201crealista, prudente e axustado a todas as previsi\u00f3ns auton\u00f3micas, nacionais e internacionais; e unha mostra da normalidade democr\u00e1tica que vivimos en [&hellip;]\" \/>\n<meta property=\"og:url\" content=\"https:\/\/ppdegalicia.com\/es\/pedro-puy-salienta-que-a-aprobacion-do-teito-de-gasto-para-2022-e-unha-mostra-mais-da-normalidade-democratica-que-vivimos-en-galicia\/\" \/>\n<meta property=\"og:site_name\" content=\"PP de Galicia\" \/>\n<meta property=\"article:publisher\" content=\"https:\/\/www.instagram.com\/ppdegalicia\/\" \/>\n<meta property=\"article:published_time\" content=\"2021-08-03T09:02:56+00:00\" \/>\n<meta property=\"og:image\" content=\"https:\/\/ppdegalicia.com\/wp-content\/uploads\/2021\/08\/866ce395b224d87ca8641626c1a9d6a5.jpg\" \/>\n\t<meta property=\"og:image:width\" content=\"1900\" \/>\n\t<meta property=\"og:image:height\" content=\"1267\" \/>\n\t<meta property=\"og:image:type\" content=\"image\/jpeg\" \/>\n<meta name=\"author\" content=\"ppdegaliciaredes\" \/>\n<meta name=\"twitter:card\" content=\"summary_large_image\" \/>\n<meta name=\"twitter:creator\" content=\"@ppdegalicia\" \/>\n<meta name=\"twitter:site\" content=\"@ppdegalicia\" \/>\n<meta name=\"twitter:label1\" content=\"Escrito por\" \/>\n\t<meta name=\"twitter:data1\" content=\"ppdegaliciaredes\" \/>\n\t<meta name=\"twitter:label2\" content=\"Tiempo de lectura\" \/>\n\t<meta name=\"twitter:data2\" content=\"2 minutos\" \/>\n<script type=\"application\/ld+json\" class=\"yoast-schema-graph\">{\"@context\":\"https:\\\/\\\/schema.org\",\"@graph\":[{\"@type\":\"Article\",\"@id\":\"https:\\\/\\\/ppdegalicia.com\\\/es\\\/pedro-puy-salienta-que-a-aprobacion-do-teito-de-gasto-para-2022-e-unha-mostra-mais-da-normalidade-democratica-que-vivimos-en-galicia\\\/#article\",\"isPartOf\":{\"@id\":\"https:\\\/\\\/ppdegalicia.com\\\/es\\\/pedro-puy-salienta-que-a-aprobacion-do-teito-de-gasto-para-2022-e-unha-mostra-mais-da-normalidade-democratica-que-vivimos-en-galicia\\\/\"},\"author\":{\"name\":\"ppdegaliciaredes\",\"@id\":\"https:\\\/\\\/ppdegalicia.com\\\/es\\\/#\\\/schema\\\/person\\\/5b822c6f59e872ebdd1142f307dbcb59\"},\"headline\":\"Pedro Puy salienta que a aprobaci\u00f3n do teito de gasto para 2022 \u00e9 \u201cunha mostra m\u00e1is da normalidade democr\u00e1tica que vivimos en Galicia\u201d\",\"datePublished\":\"2021-08-03T09:02:56+00:00\",\"mainEntityOfPage\":{\"@id\":\"https:\\\/\\\/ppdegalicia.com\\\/es\\\/pedro-puy-salienta-que-a-aprobacion-do-teito-de-gasto-para-2022-e-unha-mostra-mais-da-normalidade-democratica-que-vivimos-en-galicia\\\/\"},\"wordCount\":421,\"commentCount\":0,\"publisher\":{\"@id\":\"https:\\\/\\\/ppdegalicia.com\\\/es\\\/#organization\"},\"image\":{\"@id\":\"https:\\\/\\\/ppdegalicia.com\\\/es\\\/pedro-puy-salienta-que-a-aprobacion-do-teito-de-gasto-para-2022-e-unha-mostra-mais-da-normalidade-democratica-que-vivimos-en-galicia\\\/#primaryimage\"},\"thumbnailUrl\":\"https:\\\/\\\/ppdegalicia.com\\\/wp-content\\\/uploads\\\/2021\\\/08\\\/866ce395b224d87ca8641626c1a9d6a5.jpg\",\"articleSection\":[\"PP de Galicia\"],\"inLanguage\":\"es\",\"potentialAction\":[{\"@type\":\"CommentAction\",\"name\":\"Comment\",\"target\":[\"https:\\\/\\\/ppdegalicia.com\\\/es\\\/pedro-puy-salienta-que-a-aprobacion-do-teito-de-gasto-para-2022-e-unha-mostra-mais-da-normalidade-democratica-que-vivimos-en-galicia\\\/#respond\"]}]},{\"@type\":\"WebPage\",\"@id\":\"https:\\\/\\\/ppdegalicia.com\\\/es\\\/pedro-puy-salienta-que-a-aprobacion-do-teito-de-gasto-para-2022-e-unha-mostra-mais-da-normalidade-democratica-que-vivimos-en-galicia\\\/\",\"url\":\"https:\\\/\\\/ppdegalicia.com\\\/es\\\/pedro-puy-salienta-que-a-aprobacion-do-teito-de-gasto-para-2022-e-unha-mostra-mais-da-normalidade-democratica-que-vivimos-en-galicia\\\/\",\"name\":\"Pedro Puy salienta que a aprobaci\u00f3n do teito de gasto para 2022 \u00e9 \u201cunha mostra m\u00e1is da normalidade democr\u00e1tica que vivimos en Galicia\u201d - PP de Galicia\",\"isPartOf\":{\"@id\":\"https:\\\/\\\/ppdegalicia.com\\\/es\\\/#website\"},\"primaryImageOfPage\":{\"@id\":\"https:\\\/\\\/ppdegalicia.com\\\/es\\\/pedro-puy-salienta-que-a-aprobacion-do-teito-de-gasto-para-2022-e-unha-mostra-mais-da-normalidade-democratica-que-vivimos-en-galicia\\\/#primaryimage\"},\"image\":{\"@id\":\"https:\\\/\\\/ppdegalicia.com\\\/es\\\/pedro-puy-salienta-que-a-aprobacion-do-teito-de-gasto-para-2022-e-unha-mostra-mais-da-normalidade-democratica-que-vivimos-en-galicia\\\/#primaryimage\"},\"thumbnailUrl\":\"https:\\\/\\\/ppdegalicia.com\\\/wp-content\\\/uploads\\\/2021\\\/08\\\/866ce395b224d87ca8641626c1a9d6a5.jpg\",\"datePublished\":\"2021-08-03T09:02:56+00:00\",\"breadcrumb\":{\"@id\":\"https:\\\/\\\/ppdegalicia.com\\\/es\\\/pedro-puy-salienta-que-a-aprobacion-do-teito-de-gasto-para-2022-e-unha-mostra-mais-da-normalidade-democratica-que-vivimos-en-galicia\\\/#breadcrumb\"},\"inLanguage\":\"es\",\"potentialAction\":[{\"@type\":\"ReadAction\",\"target\":[\"https:\\\/\\\/ppdegalicia.com\\\/es\\\/pedro-puy-salienta-que-a-aprobacion-do-teito-de-gasto-para-2022-e-unha-mostra-mais-da-normalidade-democratica-que-vivimos-en-galicia\\\/\"]}]},{\"@type\":\"ImageObject\",\"inLanguage\":\"es\",\"@id\":\"https:\\\/\\\/ppdegalicia.com\\\/es\\\/pedro-puy-salienta-que-a-aprobacion-do-teito-de-gasto-para-2022-e-unha-mostra-mais-da-normalidade-democratica-que-vivimos-en-galicia\\\/#primaryimage\",\"url\":\"https:\\\/\\\/ppdegalicia.com\\\/wp-content\\\/uploads\\\/2021\\\/08\\\/866ce395b224d87ca8641626c1a9d6a5.jpg\",\"contentUrl\":\"https:\\\/\\\/ppdegalicia.com\\\/wp-content\\\/uploads\\\/2021\\\/08\\\/866ce395b224d87ca8641626c1a9d6a5.jpg\",\"width\":1900,\"height\":1267},{\"@type\":\"BreadcrumbList\",\"@id\":\"https:\\\/\\\/ppdegalicia.com\\\/es\\\/pedro-puy-salienta-que-a-aprobacion-do-teito-de-gasto-para-2022-e-unha-mostra-mais-da-normalidade-democratica-que-vivimos-en-galicia\\\/#breadcrumb\",\"itemListElement\":[{\"@type\":\"ListItem\",\"position\":1,\"name\":\"Portada\",\"item\":\"https:\\\/\\\/ppdegalicia.com\\\/es\\\/\"},{\"@type\":\"ListItem\",\"position\":2,\"name\":\"Pedro Puy salienta que a aprobaci\u00f3n do teito de gasto para 2022 \u00e9 \u201cunha mostra m\u00e1is da normalidade democr\u00e1tica que vivimos en Galicia\u201d\"}]},{\"@type\":\"WebSite\",\"@id\":\"https:\\\/\\\/ppdegalicia.com\\\/es\\\/#website\",\"url\":\"https:\\\/\\\/ppdegalicia.com\\\/es\\\/\",\"name\":\"Partido Popular de Galicia\",\"description\":\"Partido Popular de Galicia\",\"publisher\":{\"@id\":\"https:\\\/\\\/ppdegalicia.com\\\/es\\\/#organization\"},\"alternateName\":\"PP de Galicia\",\"potentialAction\":[{\"@type\":\"SearchAction\",\"target\":{\"@type\":\"EntryPoint\",\"urlTemplate\":\"https:\\\/\\\/ppdegalicia.com\\\/es\\\/?s={search_term_string}\"},\"query-input\":{\"@type\":\"PropertyValueSpecification\",\"valueRequired\":true,\"valueName\":\"search_term_string\"}}],\"inLanguage\":\"es\"},{\"@type\":\"Organization\",\"@id\":\"https:\\\/\\\/ppdegalicia.com\\\/es\\\/#organization\",\"name\":\"Partido Popular de Galicia\",\"alternateName\":\"PP de Galicia\",\"url\":\"https:\\\/\\\/ppdegalicia.com\\\/es\\\/\",\"logo\":{\"@type\":\"ImageObject\",\"inLanguage\":\"es\",\"@id\":\"https:\\\/\\\/ppdegalicia.com\\\/es\\\/#\\\/schema\\\/logo\\\/image\\\/\",\"url\":\"https:\\\/\\\/ppdegalicia.com\\\/wp-content\\\/uploads\\\/2023\\\/04\\\/logoPP512.png\",\"contentUrl\":\"https:\\\/\\\/ppdegalicia.com\\\/wp-content\\\/uploads\\\/2023\\\/04\\\/logoPP512.png\",\"width\":512,\"height\":512,\"caption\":\"Partido Popular de Galicia\"},\"image\":{\"@id\":\"https:\\\/\\\/ppdegalicia.com\\\/es\\\/#\\\/schema\\\/logo\\\/image\\\/\"},\"sameAs\":[\"https:\\\/\\\/www.instagram.com\\\/ppdegalicia\\\/\",\"https:\\\/\\\/x.com\\\/ppdegalicia\",\"https:\\\/\\\/www.tiktok.com\\\/@ppdegalicia\",\"https:\\\/\\\/www.youtube.com\\\/user\\\/ppdegalicia\"]},{\"@type\":\"Person\",\"@id\":\"https:\\\/\\\/ppdegalicia.com\\\/es\\\/#\\\/schema\\\/person\\\/5b822c6f59e872ebdd1142f307dbcb59\",\"name\":\"ppdegaliciaredes\",\"image\":{\"@type\":\"ImageObject\",\"inLanguage\":\"es\",\"@id\":\"https:\\\/\\\/secure.gravatar.com\\\/avatar\\\/3c9179cf0256d00c72a48d1f25783c58b6842cd56e85ef3a572881c8e28ccd59?s=96&d=mm&r=g\",\"url\":\"https:\\\/\\\/secure.gravatar.com\\\/avatar\\\/3c9179cf0256d00c72a48d1f25783c58b6842cd56e85ef3a572881c8e28ccd59?s=96&d=mm&r=g\",\"contentUrl\":\"https:\\\/\\\/secure.gravatar.com\\\/avatar\\\/3c9179cf0256d00c72a48d1f25783c58b6842cd56e85ef3a572881c8e28ccd59?s=96&d=mm&r=g\",\"caption\":\"ppdegaliciaredes\"},\"url\":\"https:\\\/\\\/ppdegalicia.com\\\/es\\\/author\\\/ppdegaliciaredes\\\/\"}]}<\/script>\n<!-- \/ Yoast SEO plugin. -->","yoast_head_json":{"title":"Pedro Puy salienta que a aprobaci\u00f3n do teito de gasto para 2022 \u00e9 \u201cunha mostra m\u00e1is da normalidade democr\u00e1tica que vivimos en Galicia\u201d - PP de Galicia","robots":{"index":"index","follow":"follow","max-snippet":"max-snippet:-1","max-image-preview":"max-image-preview:large","max-video-preview":"max-video-preview:-1"},"canonical":"https:\/\/ppdegalicia.com\/es\/pedro-puy-salienta-que-a-aprobacion-do-teito-de-gasto-para-2022-e-unha-mostra-mais-da-normalidade-democratica-que-vivimos-en-galicia\/","og_locale":"es_ES","og_type":"article","og_title":"Pedro Puy salienta que a aprobaci\u00f3n do teito de gasto para 2022 \u00e9 \u201cunha mostra m\u00e1is da normalidade democr\u00e1tica que vivimos en Galicia\u201d - PP de Galicia","og_description":"Santiago, 3 de agosto de 2021.- O portavoz do Grupo Popular, Pedro Puy, salientou hoxe que o teito de gasto da Xunta de Galicia para 2022, aprobado hoxe polo Pleno do Parlamento galego, \u00e9 \u201crealista, prudente e axustado a todas as previsi\u00f3ns auton\u00f3micas, nacionais e internacionais; e unha mostra da normalidade democr\u00e1tica que vivimos en [&hellip;]","og_url":"https:\/\/ppdegalicia.com\/es\/pedro-puy-salienta-que-a-aprobacion-do-teito-de-gasto-para-2022-e-unha-mostra-mais-da-normalidade-democratica-que-vivimos-en-galicia\/","og_site_name":"PP de Galicia","article_publisher":"https:\/\/www.instagram.com\/ppdegalicia\/","article_published_time":"2021-08-03T09:02:56+00:00","og_image":[{"width":1900,"height":1267,"url":"https:\/\/ppdegalicia.com\/wp-content\/uploads\/2021\/08\/866ce395b224d87ca8641626c1a9d6a5.jpg","type":"image\/jpeg"}],"author":"ppdegaliciaredes","twitter_card":"summary_large_image","twitter_creator":"@ppdegalicia","twitter_site":"@ppdegalicia","twitter_misc":{"Escrito por":"ppdegaliciaredes","Tiempo de lectura":"2 minutos"},"schema":{"@context":"https:\/\/schema.org","@graph":[{"@type":"Article","@id":"https:\/\/ppdegalicia.com\/es\/pedro-puy-salienta-que-a-aprobacion-do-teito-de-gasto-para-2022-e-unha-mostra-mais-da-normalidade-democratica-que-vivimos-en-galicia\/#article","isPartOf":{"@id":"https:\/\/ppdegalicia.com\/es\/pedro-puy-salienta-que-a-aprobacion-do-teito-de-gasto-para-2022-e-unha-mostra-mais-da-normalidade-democratica-que-vivimos-en-galicia\/"},"author":{"name":"ppdegaliciaredes","@id":"https:\/\/ppdegalicia.com\/es\/#\/schema\/person\/5b822c6f59e872ebdd1142f307dbcb59"},"headline":"Pedro Puy salienta que a aprobaci\u00f3n do teito de gasto para 2022 \u00e9 \u201cunha mostra m\u00e1is da normalidade democr\u00e1tica que vivimos en Galicia\u201d","datePublished":"2021-08-03T09:02:56+00:00","mainEntityOfPage":{"@id":"https:\/\/ppdegalicia.com\/es\/pedro-puy-salienta-que-a-aprobacion-do-teito-de-gasto-para-2022-e-unha-mostra-mais-da-normalidade-democratica-que-vivimos-en-galicia\/"},"wordCount":421,"commentCount":0,"publisher":{"@id":"https:\/\/ppdegalicia.com\/es\/#organization"},"image":{"@id":"https:\/\/ppdegalicia.com\/es\/pedro-puy-salienta-que-a-aprobacion-do-teito-de-gasto-para-2022-e-unha-mostra-mais-da-normalidade-democratica-que-vivimos-en-galicia\/#primaryimage"},"thumbnailUrl":"https:\/\/ppdegalicia.com\/wp-content\/uploads\/2021\/08\/866ce395b224d87ca8641626c1a9d6a5.jpg","articleSection":["PP de Galicia"],"inLanguage":"es","potentialAction":[{"@type":"CommentAction","name":"Comment","target":["https:\/\/ppdegalicia.com\/es\/pedro-puy-salienta-que-a-aprobacion-do-teito-de-gasto-para-2022-e-unha-mostra-mais-da-normalidade-democratica-que-vivimos-en-galicia\/#respond"]}]},{"@type":"WebPage","@id":"https:\/\/ppdegalicia.com\/es\/pedro-puy-salienta-que-a-aprobacion-do-teito-de-gasto-para-2022-e-unha-mostra-mais-da-normalidade-democratica-que-vivimos-en-galicia\/","url":"https:\/\/ppdegalicia.com\/es\/pedro-puy-salienta-que-a-aprobacion-do-teito-de-gasto-para-2022-e-unha-mostra-mais-da-normalidade-democratica-que-vivimos-en-galicia\/","name":"Pedro Puy salienta que a aprobaci\u00f3n do teito de gasto para 2022 \u00e9 \u201cunha mostra m\u00e1is da normalidade democr\u00e1tica que vivimos en Galicia\u201d - PP de Galicia","isPartOf":{"@id":"https:\/\/ppdegalicia.com\/es\/#website"},"primaryImageOfPage":{"@id":"https:\/\/ppdegalicia.com\/es\/pedro-puy-salienta-que-a-aprobacion-do-teito-de-gasto-para-2022-e-unha-mostra-mais-da-normalidade-democratica-que-vivimos-en-galicia\/#primaryimage"},"image":{"@id":"https:\/\/ppdegalicia.com\/es\/pedro-puy-salienta-que-a-aprobacion-do-teito-de-gasto-para-2022-e-unha-mostra-mais-da-normalidade-democratica-que-vivimos-en-galicia\/#primaryimage"},"thumbnailUrl":"https:\/\/ppdegalicia.com\/wp-content\/uploads\/2021\/08\/866ce395b224d87ca8641626c1a9d6a5.jpg","datePublished":"2021-08-03T09:02:56+00:00","breadcrumb":{"@id":"https:\/\/ppdegalicia.com\/es\/pedro-puy-salienta-que-a-aprobacion-do-teito-de-gasto-para-2022-e-unha-mostra-mais-da-normalidade-democratica-que-vivimos-en-galicia\/#breadcrumb"},"inLanguage":"es","potentialAction":[{"@type":"ReadAction","target":["https:\/\/ppdegalicia.com\/es\/pedro-puy-salienta-que-a-aprobacion-do-teito-de-gasto-para-2022-e-unha-mostra-mais-da-normalidade-democratica-que-vivimos-en-galicia\/"]}]},{"@type":"ImageObject","inLanguage":"es","@id":"https:\/\/ppdegalicia.com\/es\/pedro-puy-salienta-que-a-aprobacion-do-teito-de-gasto-para-2022-e-unha-mostra-mais-da-normalidade-democratica-que-vivimos-en-galicia\/#primaryimage","url":"https:\/\/ppdegalicia.com\/wp-content\/uploads\/2021\/08\/866ce395b224d87ca8641626c1a9d6a5.jpg","contentUrl":"https:\/\/ppdegalicia.com\/wp-content\/uploads\/2021\/08\/866ce395b224d87ca8641626c1a9d6a5.jpg","width":1900,"height":1267},{"@type":"BreadcrumbList","@id":"https:\/\/ppdegalicia.com\/es\/pedro-puy-salienta-que-a-aprobacion-do-teito-de-gasto-para-2022-e-unha-mostra-mais-da-normalidade-democratica-que-vivimos-en-galicia\/#breadcrumb","itemListElement":[{"@type":"ListItem","position":1,"name":"Portada","item":"https:\/\/ppdegalicia.com\/es\/"},{"@type":"ListItem","position":2,"name":"Pedro Puy salienta que a aprobaci\u00f3n do teito de gasto para 2022 \u00e9 \u201cunha mostra m\u00e1is da normalidade democr\u00e1tica que vivimos en Galicia\u201d"}]},{"@type":"WebSite","@id":"https:\/\/ppdegalicia.com\/es\/#website","url":"https:\/\/ppdegalicia.com\/es\/","name":"Partido Popular de Galicia","description":"Partido Popular de Galicia","publisher":{"@id":"https:\/\/ppdegalicia.com\/es\/#organization"},"alternateName":"PP de Galicia","potentialAction":[{"@type":"SearchAction","target":{"@type":"EntryPoint","urlTemplate":"https:\/\/ppdegalicia.com\/es\/?s={search_term_string}"},"query-input":{"@type":"PropertyValueSpecification","valueRequired":true,"valueName":"search_term_string"}}],"inLanguage":"es"},{"@type":"Organization","@id":"https:\/\/ppdegalicia.com\/es\/#organization","name":"Partido Popular de Galicia","alternateName":"PP de Galicia","url":"https:\/\/ppdegalicia.com\/es\/","logo":{"@type":"ImageObject","inLanguage":"es","@id":"https:\/\/ppdegalicia.com\/es\/#\/schema\/logo\/image\/","url":"https:\/\/ppdegalicia.com\/wp-content\/uploads\/2023\/04\/logoPP512.png","contentUrl":"https:\/\/ppdegalicia.com\/wp-content\/uploads\/2023\/04\/logoPP512.png","width":512,"height":512,"caption":"Partido Popular de Galicia"},"image":{"@id":"https:\/\/ppdegalicia.com\/es\/#\/schema\/logo\/image\/"},"sameAs":["https:\/\/www.instagram.com\/ppdegalicia\/","https:\/\/x.com\/ppdegalicia","https:\/\/www.tiktok.com\/@ppdegalicia","https:\/\/www.youtube.com\/user\/ppdegalicia"]},{"@type":"Person","@id":"https:\/\/ppdegalicia.com\/es\/#\/schema\/person\/5b822c6f59e872ebdd1142f307dbcb59","name":"ppdegaliciaredes","image":{"@type":"ImageObject","inLanguage":"es","@id":"https:\/\/secure.gravatar.com\/avatar\/3c9179cf0256d00c72a48d1f25783c58b6842cd56e85ef3a572881c8e28ccd59?s=96&d=mm&r=g","url":"https:\/\/secure.gravatar.com\/avatar\/3c9179cf0256d00c72a48d1f25783c58b6842cd56e85ef3a572881c8e28ccd59?s=96&d=mm&r=g","contentUrl":"https:\/\/secure.gravatar.com\/avatar\/3c9179cf0256d00c72a48d1f25783c58b6842cd56e85ef3a572881c8e28ccd59?s=96&d=mm&r=g","caption":"ppdegaliciaredes"},"url":"https:\/\/ppdegalicia.com\/es\/author\/ppdegaliciaredes\/"}]}},"_links":{"self":[{"href":"https:\/\/ppdegalicia.com\/es\/wp-json\/wp\/v2\/posts\/56122","targetHints":{"allow":["GET"]}}],"collection":[{"href":"https:\/\/ppdegalicia.com\/es\/wp-json\/wp\/v2\/posts"}],"about":[{"href":"https:\/\/ppdegalicia.com\/es\/wp-json\/wp\/v2\/types\/post"}],"author":[{"embeddable":true,"href":"https:\/\/ppdegalicia.com\/es\/wp-json\/wp\/v2\/users\/38"}],"replies":[{"embeddable":true,"href":"https:\/\/ppdegalicia.com\/es\/wp-json\/wp\/v2\/comments?post=56122"}],"version-history":[{"count":0,"href":"https:\/\/ppdegalicia.com\/es\/wp-json\/wp\/v2\/posts\/56122\/revisions"}],"wp:featuredmedia":[{"embeddable":true,"href":"https:\/\/ppdegalicia.com\/es\/wp-json\/wp\/v2\/media\/56121"}],"wp:attachment":[{"href":"https:\/\/ppdegalicia.com\/es\/wp-json\/wp\/v2\/media?parent=56122"}],"wp:term":[{"taxonomy":"category","embeddable":true,"href":"https:\/\/ppdegalicia.com\/es\/wp-json\/wp\/v2\/categories?post=56122"},{"taxonomy":"post_tag","embeddable":true,"href":"https:\/\/ppdegalicia.com\/es\/wp-json\/wp\/v2\/tags?post=56122"}],"curies":[{"name":"wp","href":"https:\/\/api.w.org\/{rel}","templated":true}]}}