{"id":56124,"date":"2021-07-19T10:13:35","date_gmt":"2021-07-19T08:13:35","guid":{"rendered":"https:\/\/ppdegalicia.com\/pedro-puy-cualifica-de-sorprendente-e-incongruente-que-a-oposicion-votara-en-contra-do-ditame-da-comision-de-reactivacion-cando-non-se-opuxo-ao-72-das-propostas\/"},"modified":"2021-07-19T10:13:35","modified_gmt":"2021-07-19T08:13:35","slug":"pedro-puy-cualifica-de-sorprendente-e-incongruente-que-a-oposicion-votara-en-contra-do-ditame-da-comision-de-reactivacion-cando-non-se-opuxo-ao-72-das-propostas","status":"publish","type":"post","link":"https:\/\/ppdegalicia.com\/es\/pedro-puy-cualifica-de-sorprendente-e-incongruente-que-a-oposicion-votara-en-contra-do-ditame-da-comision-de-reactivacion-cando-non-se-opuxo-ao-72-das-propostas\/","title":{"rendered":"Pedro Puy cualifica de \u201csorprendente\u201d e \u201cincongruente\u201d que a oposici\u00f3n votara en contra do ditame da Comisi\u00f3n de Reactivaci\u00f3n, cando non se opuxo ao 72% das propostas"},"content":{"rendered":"<p><img fetchpriority=\"high\" decoding=\"async\" class=\" size-full wp-image-56123\" src=\"https:\/\/ppdegalicia.com\/wp-content\/uploads\/2021\/07\/07de1368303c9802c2890f2299851723.jpg\" alt=\"\" width=\"1831\" height=\"1220\" srcset=\"https:\/\/ppdegalicia.com\/wp-content\/uploads\/2021\/07\/07de1368303c9802c2890f2299851723.jpg 1831w, https:\/\/ppdegalicia.com\/wp-content\/uploads\/2021\/07\/07de1368303c9802c2890f2299851723-300x200.jpg 300w, https:\/\/ppdegalicia.com\/wp-content\/uploads\/2021\/07\/07de1368303c9802c2890f2299851723-1024x682.jpg 1024w, https:\/\/ppdegalicia.com\/wp-content\/uploads\/2021\/07\/07de1368303c9802c2890f2299851723-768x512.jpg 768w, https:\/\/ppdegalicia.com\/wp-content\/uploads\/2021\/07\/07de1368303c9802c2890f2299851723-1536x1023.jpg 1536w\" sizes=\"(max-width: 1831px) 100vw, 1831px\" \/><\/p>\n<p>Santiago, 19 de xullo de 2021.- O portavoz do Grupo Popular, Pedro Puy, cualificou hoxe de \u201csorprendente\u201d e \u201cincongruente\u201d o voto en contra dos grupos da oposici\u00f3n ao conxunto do ditame da Comisi\u00f3n de reactivaci\u00f3n econ\u00f3mica, social e cultural de Galicia ante a crise da Covid-19, cando o BNG s\u00f3 se opuxo ao 28 por cento das propostas e o PSdeG se abstivo en todas as votaci\u00f3ns parciais.<\/p>\n<p><!--more--><\/p>\n<p>Pedro Puy comezou a s\u00faa comparecencia ante os medios de comunicaci\u00f3n facendo unha referencia ao Congreso que o PPdeG celebrou esta fin de semana, que trasladou \u201cunha imaxe que responde \u00e1 realidade: unidade no fundamental no conxunto do PP de Espa\u00f1a e unidade en canto ao liderado e ao traballo conxunto e coordinado de todo o PP de Galicia\u201d.<\/p>\n<p>\u00a0<\/p>\n<p><strong>PROTAGONISMO DO GRUPO POPULAR<\/strong><\/p>\n<p>\u00a0<\/p>\n<p>Neste sentido, celebrou \u201co protagonismo\u201d que tiveron os deputados do Grupo Popular neste Congreso, tanto a trav\u00e9s da elaboraci\u00f3n das ponencias como coa s\u00faa presenza nos \u00f3rganos directivos que sa\u00edron deste conclave. \u201cAdemais dos membros natos, oito deputados asumiron responsabilidades tanto no Comit\u00e9 Executivo como na Xunta Directiva\u201d, concretou.<\/p>\n<p>\u00a0<\/p>\n<p>As\u00ed mesmo, Pedro Puy salientou o desenvolvemento do intenso Pleno celebrado a pasada semana no Parlamento galego, \u201cpositivo tanto para a instituci\u00f3n parlamentaria como para o conxunto de clima pol\u00edtico do pa\u00eds, e unha demostraci\u00f3n da normalidade institucional coa que se traballa en Galicia\u201d. Neste sentido, lembrou que nesta sesi\u00f3n plenaria nome\u00e1ronse os novos conselleiros da Corporaci\u00f3n de Radio e Televisi\u00f3n de Galicia, se debateron as conclusi\u00f3ns do informe da Valedora do Pobo e aprobouse a Conta Xeral de Galicia de 2019; se aprobaron tres iniciativas lexislativas; e sa\u00edron adiante acordos transcendentes a curto prazo en materia laboral en relaci\u00f3n co estaleiro de Vulcano en Vigo, a intervenci\u00f3n de Alcoa en A Mari\u00f1a, a petici\u00f3n de carga de traballo para os estaleiros de Navantia na r\u00eda de Ferrol, ou a retirada do recurso do Goberno central contra a Lei de sa\u00fade de Galicia.<\/p>\n<p>\u00a0<\/p>\n<p>O portavoz popular salientou a aprobaci\u00f3n do ditame da Comisi\u00f3n de estudo para a reactivaci\u00f3n econ\u00f3mica, social e cultural de Galicia ante a crise da Covid-19, \u201cco voto en contra da oposici\u00f3n a pesar de existir un elevado nivel de acordo en temas espec\u00edficos\u201d, como se demostrou nas votaci\u00f3ns por separado das propostas deste documento.<\/p>\n<p>\u00a0<\/p>\n<p>Deste xeito, manifestou que \u201csorprendeunos moito a incongruencia do PSdeG, que se abstivo en todas as votaci\u00f3ns por separado do ditame, pero votou en contra do texto en conxunto\u201d. Respecto do BNG, Pedro Puy subli\u00f1ou que \u201cs\u00f3 votou en contra do 28 por cento das m\u00e1is de 500 medidas que incorpora o ditame da Comisi\u00f3n de Reactivaci\u00f3n\u201d<\/p>\n<p>\u00a0<\/p>\n<p><strong>DI\u00c1LOGO<\/strong><\/p>\n<p>\u00a0<\/p>\n<p>Pedro Puy subli\u00f1ou que este resultado \u00e9 \u201cfroito de abordar todo con di\u00e1logo\u201d e lembrou que desde o Grupo Popular ofrec\u00e9ronse m\u00e1is de 100 propostas de transacci\u00f3ns aos grupos da oposici\u00f3n, incorporando ao ditame definitivo cuesti\u00f3ns como que o 24 por cento do fondo de consenso sexa xestionado polos concellos ou incrementar a partida destinada ao Servizo de Axuda no Fogar.<\/p>\n<p>\u00a0<\/p>\n<p>Por \u00faltimo, o portavoz popular manifestou que \u201cest\u00e1 ben que haxa posturas alternativas\u201d, pero sinalou que o BNG se opuxo a manter ou rebaixar a presi\u00f3n fiscal aos galegos ou \u00e1 simplificaci\u00f3n da normativa para a tramitaci\u00f3n dos fondos europeos, e defendeu que todos os servizos rematen sendo p\u00fablicos, \u201ccando a iniciativa privada tam\u00e9n pode tomar iniciativas propias\u201d <\/p>\n","protected":false},"excerpt":{"rendered":"<p>Santiago, 19 de xullo de 2021.- O portavoz do Grupo Popular, Pedro Puy, cualificou hoxe de \u201csorprendente\u201d e \u201cincongruente\u201d o voto en contra dos grupos da oposici\u00f3n ao conxunto do ditame da Comisi\u00f3n de reactivaci\u00f3n econ\u00f3mica, social e cultural de Galicia ante a crise da Covid-19, cando o BNG s\u00f3 se opuxo ao 28 por [&hellip;]<\/p>\n","protected":false},"author":38,"featured_media":56123,"comment_status":"open","ping_status":"open","sticky":false,"template":"","format":"standard","meta":{"_acf_changed":false,"footnotes":""},"categories":[1],"tags":[],"class_list":["post-56124","post","type-post","status-publish","format-standard","has-post-thumbnail","hentry","category-pp-de-galicia"],"acf":[],"yoast_head":"<!-- This site is optimized with the Yoast SEO plugin v27.3 - https:\/\/yoast.com\/product\/yoast-seo-wordpress\/ -->\n<title>Pedro Puy cualifica de \u201csorprendente\u201d e \u201cincongruente\u201d que a oposici\u00f3n votara en contra do ditame da Comisi\u00f3n de Reactivaci\u00f3n, cando non se opuxo ao 72% das propostas - PP de Galicia<\/title>\n<meta name=\"robots\" content=\"index, follow, max-snippet:-1, max-image-preview:large, max-video-preview:-1\" \/>\n<link rel=\"canonical\" href=\"https:\/\/ppdegalicia.com\/es\/pedro-puy-cualifica-de-sorprendente-e-incongruente-que-a-oposicion-votara-en-contra-do-ditame-da-comision-de-reactivacion-cando-non-se-opuxo-ao-72-das-propostas\/\" \/>\n<meta property=\"og:locale\" content=\"es_ES\" \/>\n<meta property=\"og:type\" content=\"article\" \/>\n<meta property=\"og:title\" content=\"Pedro Puy cualifica de \u201csorprendente\u201d e \u201cincongruente\u201d que a oposici\u00f3n votara en contra do ditame da Comisi\u00f3n de Reactivaci\u00f3n, cando non se opuxo ao 72% das propostas - PP de Galicia\" \/>\n<meta property=\"og:description\" content=\"Santiago, 19 de xullo de 2021.- O portavoz do Grupo Popular, Pedro Puy, cualificou hoxe de \u201csorprendente\u201d e \u201cincongruente\u201d o voto en contra dos grupos da oposici\u00f3n ao conxunto do ditame da Comisi\u00f3n de reactivaci\u00f3n econ\u00f3mica, social e cultural de Galicia ante a crise da Covid-19, cando o BNG s\u00f3 se opuxo ao 28 por [&hellip;]\" \/>\n<meta property=\"og:url\" content=\"https:\/\/ppdegalicia.com\/es\/pedro-puy-cualifica-de-sorprendente-e-incongruente-que-a-oposicion-votara-en-contra-do-ditame-da-comision-de-reactivacion-cando-non-se-opuxo-ao-72-das-propostas\/\" \/>\n<meta property=\"og:site_name\" content=\"PP de Galicia\" \/>\n<meta property=\"article:publisher\" content=\"https:\/\/www.instagram.com\/ppdegalicia\/\" \/>\n<meta property=\"article:published_time\" content=\"2021-07-19T08:13:35+00:00\" \/>\n<meta property=\"og:image\" content=\"https:\/\/ppdegalicia.com\/wp-content\/uploads\/2021\/07\/07de1368303c9802c2890f2299851723.jpg\" \/>\n\t<meta property=\"og:image:width\" content=\"1831\" \/>\n\t<meta property=\"og:image:height\" content=\"1220\" \/>\n\t<meta property=\"og:image:type\" content=\"image\/jpeg\" \/>\n<meta name=\"author\" content=\"ppdegaliciaredes\" \/>\n<meta name=\"twitter:card\" content=\"summary_large_image\" \/>\n<meta name=\"twitter:creator\" content=\"@ppdegalicia\" \/>\n<meta name=\"twitter:site\" content=\"@ppdegalicia\" \/>\n<meta name=\"twitter:label1\" content=\"Escrito por\" \/>\n\t<meta name=\"twitter:data1\" content=\"ppdegaliciaredes\" \/>\n\t<meta name=\"twitter:label2\" content=\"Tiempo de lectura\" \/>\n\t<meta name=\"twitter:data2\" content=\"3 minutos\" \/>\n<script type=\"application\/ld+json\" class=\"yoast-schema-graph\">{\"@context\":\"https:\\\/\\\/schema.org\",\"@graph\":[{\"@type\":\"Article\",\"@id\":\"https:\\\/\\\/ppdegalicia.com\\\/es\\\/pedro-puy-cualifica-de-sorprendente-e-incongruente-que-a-oposicion-votara-en-contra-do-ditame-da-comision-de-reactivacion-cando-non-se-opuxo-ao-72-das-propostas\\\/#article\",\"isPartOf\":{\"@id\":\"https:\\\/\\\/ppdegalicia.com\\\/es\\\/pedro-puy-cualifica-de-sorprendente-e-incongruente-que-a-oposicion-votara-en-contra-do-ditame-da-comision-de-reactivacion-cando-non-se-opuxo-ao-72-das-propostas\\\/\"},\"author\":{\"name\":\"ppdegaliciaredes\",\"@id\":\"https:\\\/\\\/ppdegalicia.com\\\/es\\\/#\\\/schema\\\/person\\\/5b822c6f59e872ebdd1142f307dbcb59\"},\"headline\":\"Pedro Puy cualifica de \u201csorprendente\u201d e \u201cincongruente\u201d que a oposici\u00f3n votara en contra do ditame da Comisi\u00f3n de Reactivaci\u00f3n, cando non se opuxo ao 72% das propostas\",\"datePublished\":\"2021-07-19T08:13:35+00:00\",\"mainEntityOfPage\":{\"@id\":\"https:\\\/\\\/ppdegalicia.com\\\/es\\\/pedro-puy-cualifica-de-sorprendente-e-incongruente-que-a-oposicion-votara-en-contra-do-ditame-da-comision-de-reactivacion-cando-non-se-opuxo-ao-72-das-propostas\\\/\"},\"wordCount\":627,\"commentCount\":0,\"publisher\":{\"@id\":\"https:\\\/\\\/ppdegalicia.com\\\/es\\\/#organization\"},\"image\":{\"@id\":\"https:\\\/\\\/ppdegalicia.com\\\/es\\\/pedro-puy-cualifica-de-sorprendente-e-incongruente-que-a-oposicion-votara-en-contra-do-ditame-da-comision-de-reactivacion-cando-non-se-opuxo-ao-72-das-propostas\\\/#primaryimage\"},\"thumbnailUrl\":\"https:\\\/\\\/ppdegalicia.com\\\/wp-content\\\/uploads\\\/2021\\\/07\\\/07de1368303c9802c2890f2299851723.jpg\",\"articleSection\":[\"PP de Galicia\"],\"inLanguage\":\"es\",\"potentialAction\":[{\"@type\":\"CommentAction\",\"name\":\"Comment\",\"target\":[\"https:\\\/\\\/ppdegalicia.com\\\/es\\\/pedro-puy-cualifica-de-sorprendente-e-incongruente-que-a-oposicion-votara-en-contra-do-ditame-da-comision-de-reactivacion-cando-non-se-opuxo-ao-72-das-propostas\\\/#respond\"]}]},{\"@type\":\"WebPage\",\"@id\":\"https:\\\/\\\/ppdegalicia.com\\\/es\\\/pedro-puy-cualifica-de-sorprendente-e-incongruente-que-a-oposicion-votara-en-contra-do-ditame-da-comision-de-reactivacion-cando-non-se-opuxo-ao-72-das-propostas\\\/\",\"url\":\"https:\\\/\\\/ppdegalicia.com\\\/es\\\/pedro-puy-cualifica-de-sorprendente-e-incongruente-que-a-oposicion-votara-en-contra-do-ditame-da-comision-de-reactivacion-cando-non-se-opuxo-ao-72-das-propostas\\\/\",\"name\":\"Pedro Puy cualifica de \u201csorprendente\u201d e \u201cincongruente\u201d que a oposici\u00f3n votara en contra do ditame da Comisi\u00f3n de Reactivaci\u00f3n, cando non se opuxo ao 72% das propostas - PP de Galicia\",\"isPartOf\":{\"@id\":\"https:\\\/\\\/ppdegalicia.com\\\/es\\\/#website\"},\"primaryImageOfPage\":{\"@id\":\"https:\\\/\\\/ppdegalicia.com\\\/es\\\/pedro-puy-cualifica-de-sorprendente-e-incongruente-que-a-oposicion-votara-en-contra-do-ditame-da-comision-de-reactivacion-cando-non-se-opuxo-ao-72-das-propostas\\\/#primaryimage\"},\"image\":{\"@id\":\"https:\\\/\\\/ppdegalicia.com\\\/es\\\/pedro-puy-cualifica-de-sorprendente-e-incongruente-que-a-oposicion-votara-en-contra-do-ditame-da-comision-de-reactivacion-cando-non-se-opuxo-ao-72-das-propostas\\\/#primaryimage\"},\"thumbnailUrl\":\"https:\\\/\\\/ppdegalicia.com\\\/wp-content\\\/uploads\\\/2021\\\/07\\\/07de1368303c9802c2890f2299851723.jpg\",\"datePublished\":\"2021-07-19T08:13:35+00:00\",\"breadcrumb\":{\"@id\":\"https:\\\/\\\/ppdegalicia.com\\\/es\\\/pedro-puy-cualifica-de-sorprendente-e-incongruente-que-a-oposicion-votara-en-contra-do-ditame-da-comision-de-reactivacion-cando-non-se-opuxo-ao-72-das-propostas\\\/#breadcrumb\"},\"inLanguage\":\"es\",\"potentialAction\":[{\"@type\":\"ReadAction\",\"target\":[\"https:\\\/\\\/ppdegalicia.com\\\/es\\\/pedro-puy-cualifica-de-sorprendente-e-incongruente-que-a-oposicion-votara-en-contra-do-ditame-da-comision-de-reactivacion-cando-non-se-opuxo-ao-72-das-propostas\\\/\"]}]},{\"@type\":\"ImageObject\",\"inLanguage\":\"es\",\"@id\":\"https:\\\/\\\/ppdegalicia.com\\\/es\\\/pedro-puy-cualifica-de-sorprendente-e-incongruente-que-a-oposicion-votara-en-contra-do-ditame-da-comision-de-reactivacion-cando-non-se-opuxo-ao-72-das-propostas\\\/#primaryimage\",\"url\":\"https:\\\/\\\/ppdegalicia.com\\\/wp-content\\\/uploads\\\/2021\\\/07\\\/07de1368303c9802c2890f2299851723.jpg\",\"contentUrl\":\"https:\\\/\\\/ppdegalicia.com\\\/wp-content\\\/uploads\\\/2021\\\/07\\\/07de1368303c9802c2890f2299851723.jpg\",\"width\":1831,\"height\":1220},{\"@type\":\"BreadcrumbList\",\"@id\":\"https:\\\/\\\/ppdegalicia.com\\\/es\\\/pedro-puy-cualifica-de-sorprendente-e-incongruente-que-a-oposicion-votara-en-contra-do-ditame-da-comision-de-reactivacion-cando-non-se-opuxo-ao-72-das-propostas\\\/#breadcrumb\",\"itemListElement\":[{\"@type\":\"ListItem\",\"position\":1,\"name\":\"Portada\",\"item\":\"https:\\\/\\\/ppdegalicia.com\\\/es\\\/\"},{\"@type\":\"ListItem\",\"position\":2,\"name\":\"Pedro Puy cualifica de \u201csorprendente\u201d e \u201cincongruente\u201d que a oposici\u00f3n votara en contra do ditame da Comisi\u00f3n de Reactivaci\u00f3n, cando non se opuxo ao 72% das propostas\"}]},{\"@type\":\"WebSite\",\"@id\":\"https:\\\/\\\/ppdegalicia.com\\\/es\\\/#website\",\"url\":\"https:\\\/\\\/ppdegalicia.com\\\/es\\\/\",\"name\":\"Partido Popular de Galicia\",\"description\":\"Partido Popular de Galicia\",\"publisher\":{\"@id\":\"https:\\\/\\\/ppdegalicia.com\\\/es\\\/#organization\"},\"alternateName\":\"PP de Galicia\",\"potentialAction\":[{\"@type\":\"SearchAction\",\"target\":{\"@type\":\"EntryPoint\",\"urlTemplate\":\"https:\\\/\\\/ppdegalicia.com\\\/es\\\/?s={search_term_string}\"},\"query-input\":{\"@type\":\"PropertyValueSpecification\",\"valueRequired\":true,\"valueName\":\"search_term_string\"}}],\"inLanguage\":\"es\"},{\"@type\":\"Organization\",\"@id\":\"https:\\\/\\\/ppdegalicia.com\\\/es\\\/#organization\",\"name\":\"Partido Popular de Galicia\",\"alternateName\":\"PP de Galicia\",\"url\":\"https:\\\/\\\/ppdegalicia.com\\\/es\\\/\",\"logo\":{\"@type\":\"ImageObject\",\"inLanguage\":\"es\",\"@id\":\"https:\\\/\\\/ppdegalicia.com\\\/es\\\/#\\\/schema\\\/logo\\\/image\\\/\",\"url\":\"https:\\\/\\\/ppdegalicia.com\\\/wp-content\\\/uploads\\\/2023\\\/04\\\/logoPP512.png\",\"contentUrl\":\"https:\\\/\\\/ppdegalicia.com\\\/wp-content\\\/uploads\\\/2023\\\/04\\\/logoPP512.png\",\"width\":512,\"height\":512,\"caption\":\"Partido Popular de Galicia\"},\"image\":{\"@id\":\"https:\\\/\\\/ppdegalicia.com\\\/es\\\/#\\\/schema\\\/logo\\\/image\\\/\"},\"sameAs\":[\"https:\\\/\\\/www.instagram.com\\\/ppdegalicia\\\/\",\"https:\\\/\\\/x.com\\\/ppdegalicia\",\"https:\\\/\\\/www.tiktok.com\\\/@ppdegalicia\",\"https:\\\/\\\/www.youtube.com\\\/user\\\/ppdegalicia\"]},{\"@type\":\"Person\",\"@id\":\"https:\\\/\\\/ppdegalicia.com\\\/es\\\/#\\\/schema\\\/person\\\/5b822c6f59e872ebdd1142f307dbcb59\",\"name\":\"ppdegaliciaredes\",\"image\":{\"@type\":\"ImageObject\",\"inLanguage\":\"es\",\"@id\":\"https:\\\/\\\/secure.gravatar.com\\\/avatar\\\/3c9179cf0256d00c72a48d1f25783c58b6842cd56e85ef3a572881c8e28ccd59?s=96&d=mm&r=g\",\"url\":\"https:\\\/\\\/secure.gravatar.com\\\/avatar\\\/3c9179cf0256d00c72a48d1f25783c58b6842cd56e85ef3a572881c8e28ccd59?s=96&d=mm&r=g\",\"contentUrl\":\"https:\\\/\\\/secure.gravatar.com\\\/avatar\\\/3c9179cf0256d00c72a48d1f25783c58b6842cd56e85ef3a572881c8e28ccd59?s=96&d=mm&r=g\",\"caption\":\"ppdegaliciaredes\"},\"url\":\"https:\\\/\\\/ppdegalicia.com\\\/es\\\/author\\\/ppdegaliciaredes\\\/\"}]}<\/script>\n<!-- \/ Yoast SEO plugin. -->","yoast_head_json":{"title":"Pedro Puy cualifica de \u201csorprendente\u201d e \u201cincongruente\u201d que a oposici\u00f3n votara en contra do ditame da Comisi\u00f3n de Reactivaci\u00f3n, cando non se opuxo ao 72% das propostas - PP de Galicia","robots":{"index":"index","follow":"follow","max-snippet":"max-snippet:-1","max-image-preview":"max-image-preview:large","max-video-preview":"max-video-preview:-1"},"canonical":"https:\/\/ppdegalicia.com\/es\/pedro-puy-cualifica-de-sorprendente-e-incongruente-que-a-oposicion-votara-en-contra-do-ditame-da-comision-de-reactivacion-cando-non-se-opuxo-ao-72-das-propostas\/","og_locale":"es_ES","og_type":"article","og_title":"Pedro Puy cualifica de \u201csorprendente\u201d e \u201cincongruente\u201d que a oposici\u00f3n votara en contra do ditame da Comisi\u00f3n de Reactivaci\u00f3n, cando non se opuxo ao 72% das propostas - PP de Galicia","og_description":"Santiago, 19 de xullo de 2021.- O portavoz do Grupo Popular, Pedro Puy, cualificou hoxe de \u201csorprendente\u201d e \u201cincongruente\u201d o voto en contra dos grupos da oposici\u00f3n ao conxunto do ditame da Comisi\u00f3n de reactivaci\u00f3n econ\u00f3mica, social e cultural de Galicia ante a crise da Covid-19, cando o BNG s\u00f3 se opuxo ao 28 por [&hellip;]","og_url":"https:\/\/ppdegalicia.com\/es\/pedro-puy-cualifica-de-sorprendente-e-incongruente-que-a-oposicion-votara-en-contra-do-ditame-da-comision-de-reactivacion-cando-non-se-opuxo-ao-72-das-propostas\/","og_site_name":"PP de Galicia","article_publisher":"https:\/\/www.instagram.com\/ppdegalicia\/","article_published_time":"2021-07-19T08:13:35+00:00","og_image":[{"width":1831,"height":1220,"url":"https:\/\/ppdegalicia.com\/wp-content\/uploads\/2021\/07\/07de1368303c9802c2890f2299851723.jpg","type":"image\/jpeg"}],"author":"ppdegaliciaredes","twitter_card":"summary_large_image","twitter_creator":"@ppdegalicia","twitter_site":"@ppdegalicia","twitter_misc":{"Escrito por":"ppdegaliciaredes","Tiempo de lectura":"3 minutos"},"schema":{"@context":"https:\/\/schema.org","@graph":[{"@type":"Article","@id":"https:\/\/ppdegalicia.com\/es\/pedro-puy-cualifica-de-sorprendente-e-incongruente-que-a-oposicion-votara-en-contra-do-ditame-da-comision-de-reactivacion-cando-non-se-opuxo-ao-72-das-propostas\/#article","isPartOf":{"@id":"https:\/\/ppdegalicia.com\/es\/pedro-puy-cualifica-de-sorprendente-e-incongruente-que-a-oposicion-votara-en-contra-do-ditame-da-comision-de-reactivacion-cando-non-se-opuxo-ao-72-das-propostas\/"},"author":{"name":"ppdegaliciaredes","@id":"https:\/\/ppdegalicia.com\/es\/#\/schema\/person\/5b822c6f59e872ebdd1142f307dbcb59"},"headline":"Pedro Puy cualifica de \u201csorprendente\u201d e \u201cincongruente\u201d que a oposici\u00f3n votara en contra do ditame da Comisi\u00f3n de Reactivaci\u00f3n, cando non se opuxo ao 72% das propostas","datePublished":"2021-07-19T08:13:35+00:00","mainEntityOfPage":{"@id":"https:\/\/ppdegalicia.com\/es\/pedro-puy-cualifica-de-sorprendente-e-incongruente-que-a-oposicion-votara-en-contra-do-ditame-da-comision-de-reactivacion-cando-non-se-opuxo-ao-72-das-propostas\/"},"wordCount":627,"commentCount":0,"publisher":{"@id":"https:\/\/ppdegalicia.com\/es\/#organization"},"image":{"@id":"https:\/\/ppdegalicia.com\/es\/pedro-puy-cualifica-de-sorprendente-e-incongruente-que-a-oposicion-votara-en-contra-do-ditame-da-comision-de-reactivacion-cando-non-se-opuxo-ao-72-das-propostas\/#primaryimage"},"thumbnailUrl":"https:\/\/ppdegalicia.com\/wp-content\/uploads\/2021\/07\/07de1368303c9802c2890f2299851723.jpg","articleSection":["PP de Galicia"],"inLanguage":"es","potentialAction":[{"@type":"CommentAction","name":"Comment","target":["https:\/\/ppdegalicia.com\/es\/pedro-puy-cualifica-de-sorprendente-e-incongruente-que-a-oposicion-votara-en-contra-do-ditame-da-comision-de-reactivacion-cando-non-se-opuxo-ao-72-das-propostas\/#respond"]}]},{"@type":"WebPage","@id":"https:\/\/ppdegalicia.com\/es\/pedro-puy-cualifica-de-sorprendente-e-incongruente-que-a-oposicion-votara-en-contra-do-ditame-da-comision-de-reactivacion-cando-non-se-opuxo-ao-72-das-propostas\/","url":"https:\/\/ppdegalicia.com\/es\/pedro-puy-cualifica-de-sorprendente-e-incongruente-que-a-oposicion-votara-en-contra-do-ditame-da-comision-de-reactivacion-cando-non-se-opuxo-ao-72-das-propostas\/","name":"Pedro Puy cualifica de \u201csorprendente\u201d e \u201cincongruente\u201d que a oposici\u00f3n votara en contra do ditame da Comisi\u00f3n de Reactivaci\u00f3n, cando non se opuxo ao 72% das propostas - PP de Galicia","isPartOf":{"@id":"https:\/\/ppdegalicia.com\/es\/#website"},"primaryImageOfPage":{"@id":"https:\/\/ppdegalicia.com\/es\/pedro-puy-cualifica-de-sorprendente-e-incongruente-que-a-oposicion-votara-en-contra-do-ditame-da-comision-de-reactivacion-cando-non-se-opuxo-ao-72-das-propostas\/#primaryimage"},"image":{"@id":"https:\/\/ppdegalicia.com\/es\/pedro-puy-cualifica-de-sorprendente-e-incongruente-que-a-oposicion-votara-en-contra-do-ditame-da-comision-de-reactivacion-cando-non-se-opuxo-ao-72-das-propostas\/#primaryimage"},"thumbnailUrl":"https:\/\/ppdegalicia.com\/wp-content\/uploads\/2021\/07\/07de1368303c9802c2890f2299851723.jpg","datePublished":"2021-07-19T08:13:35+00:00","breadcrumb":{"@id":"https:\/\/ppdegalicia.com\/es\/pedro-puy-cualifica-de-sorprendente-e-incongruente-que-a-oposicion-votara-en-contra-do-ditame-da-comision-de-reactivacion-cando-non-se-opuxo-ao-72-das-propostas\/#breadcrumb"},"inLanguage":"es","potentialAction":[{"@type":"ReadAction","target":["https:\/\/ppdegalicia.com\/es\/pedro-puy-cualifica-de-sorprendente-e-incongruente-que-a-oposicion-votara-en-contra-do-ditame-da-comision-de-reactivacion-cando-non-se-opuxo-ao-72-das-propostas\/"]}]},{"@type":"ImageObject","inLanguage":"es","@id":"https:\/\/ppdegalicia.com\/es\/pedro-puy-cualifica-de-sorprendente-e-incongruente-que-a-oposicion-votara-en-contra-do-ditame-da-comision-de-reactivacion-cando-non-se-opuxo-ao-72-das-propostas\/#primaryimage","url":"https:\/\/ppdegalicia.com\/wp-content\/uploads\/2021\/07\/07de1368303c9802c2890f2299851723.jpg","contentUrl":"https:\/\/ppdegalicia.com\/wp-content\/uploads\/2021\/07\/07de1368303c9802c2890f2299851723.jpg","width":1831,"height":1220},{"@type":"BreadcrumbList","@id":"https:\/\/ppdegalicia.com\/es\/pedro-puy-cualifica-de-sorprendente-e-incongruente-que-a-oposicion-votara-en-contra-do-ditame-da-comision-de-reactivacion-cando-non-se-opuxo-ao-72-das-propostas\/#breadcrumb","itemListElement":[{"@type":"ListItem","position":1,"name":"Portada","item":"https:\/\/ppdegalicia.com\/es\/"},{"@type":"ListItem","position":2,"name":"Pedro Puy cualifica de \u201csorprendente\u201d e \u201cincongruente\u201d que a oposici\u00f3n votara en contra do ditame da Comisi\u00f3n de Reactivaci\u00f3n, cando non se opuxo ao 72% das propostas"}]},{"@type":"WebSite","@id":"https:\/\/ppdegalicia.com\/es\/#website","url":"https:\/\/ppdegalicia.com\/es\/","name":"Partido Popular de Galicia","description":"Partido Popular de Galicia","publisher":{"@id":"https:\/\/ppdegalicia.com\/es\/#organization"},"alternateName":"PP de Galicia","potentialAction":[{"@type":"SearchAction","target":{"@type":"EntryPoint","urlTemplate":"https:\/\/ppdegalicia.com\/es\/?s={search_term_string}"},"query-input":{"@type":"PropertyValueSpecification","valueRequired":true,"valueName":"search_term_string"}}],"inLanguage":"es"},{"@type":"Organization","@id":"https:\/\/ppdegalicia.com\/es\/#organization","name":"Partido Popular de Galicia","alternateName":"PP de Galicia","url":"https:\/\/ppdegalicia.com\/es\/","logo":{"@type":"ImageObject","inLanguage":"es","@id":"https:\/\/ppdegalicia.com\/es\/#\/schema\/logo\/image\/","url":"https:\/\/ppdegalicia.com\/wp-content\/uploads\/2023\/04\/logoPP512.png","contentUrl":"https:\/\/ppdegalicia.com\/wp-content\/uploads\/2023\/04\/logoPP512.png","width":512,"height":512,"caption":"Partido Popular de Galicia"},"image":{"@id":"https:\/\/ppdegalicia.com\/es\/#\/schema\/logo\/image\/"},"sameAs":["https:\/\/www.instagram.com\/ppdegalicia\/","https:\/\/x.com\/ppdegalicia","https:\/\/www.tiktok.com\/@ppdegalicia","https:\/\/www.youtube.com\/user\/ppdegalicia"]},{"@type":"Person","@id":"https:\/\/ppdegalicia.com\/es\/#\/schema\/person\/5b822c6f59e872ebdd1142f307dbcb59","name":"ppdegaliciaredes","image":{"@type":"ImageObject","inLanguage":"es","@id":"https:\/\/secure.gravatar.com\/avatar\/3c9179cf0256d00c72a48d1f25783c58b6842cd56e85ef3a572881c8e28ccd59?s=96&d=mm&r=g","url":"https:\/\/secure.gravatar.com\/avatar\/3c9179cf0256d00c72a48d1f25783c58b6842cd56e85ef3a572881c8e28ccd59?s=96&d=mm&r=g","contentUrl":"https:\/\/secure.gravatar.com\/avatar\/3c9179cf0256d00c72a48d1f25783c58b6842cd56e85ef3a572881c8e28ccd59?s=96&d=mm&r=g","caption":"ppdegaliciaredes"},"url":"https:\/\/ppdegalicia.com\/es\/author\/ppdegaliciaredes\/"}]}},"_links":{"self":[{"href":"https:\/\/ppdegalicia.com\/es\/wp-json\/wp\/v2\/posts\/56124","targetHints":{"allow":["GET"]}}],"collection":[{"href":"https:\/\/ppdegalicia.com\/es\/wp-json\/wp\/v2\/posts"}],"about":[{"href":"https:\/\/ppdegalicia.com\/es\/wp-json\/wp\/v2\/types\/post"}],"author":[{"embeddable":true,"href":"https:\/\/ppdegalicia.com\/es\/wp-json\/wp\/v2\/users\/38"}],"replies":[{"embeddable":true,"href":"https:\/\/ppdegalicia.com\/es\/wp-json\/wp\/v2\/comments?post=56124"}],"version-history":[{"count":0,"href":"https:\/\/ppdegalicia.com\/es\/wp-json\/wp\/v2\/posts\/56124\/revisions"}],"wp:featuredmedia":[{"embeddable":true,"href":"https:\/\/ppdegalicia.com\/es\/wp-json\/wp\/v2\/media\/56123"}],"wp:attachment":[{"href":"https:\/\/ppdegalicia.com\/es\/wp-json\/wp\/v2\/media?parent=56124"}],"wp:term":[{"taxonomy":"category","embeddable":true,"href":"https:\/\/ppdegalicia.com\/es\/wp-json\/wp\/v2\/categories?post=56124"},{"taxonomy":"post_tag","embeddable":true,"href":"https:\/\/ppdegalicia.com\/es\/wp-json\/wp\/v2\/tags?post=56124"}],"curies":[{"name":"wp","href":"https:\/\/api.w.org\/{rel}","templated":true}]}}