{"id":56130,"date":"2021-08-17T12:22:11","date_gmt":"2021-08-17T10:22:11","guid":{"rendered":"https:\/\/ppdegalicia.com\/paula-prado-sinala-os-pequenos-pasos-pero-grandes-avances-no-periodo-de-sesions-no-ambito-da-igualdade-e-a-lacra-da-violencia-de-xenero\/"},"modified":"2021-08-17T12:22:11","modified_gmt":"2021-08-17T10:22:11","slug":"paula-prado-sinala-os-pequenos-pasos-pero-grandes-avances-no-periodo-de-sesions-no-ambito-da-igualdade-e-a-lacra-da-violencia-de-xenero","status":"publish","type":"post","link":"https:\/\/ppdegalicia.com\/es\/paula-prado-sinala-os-pequenos-pasos-pero-grandes-avances-no-periodo-de-sesions-no-ambito-da-igualdade-e-a-lacra-da-violencia-de-xenero\/","title":{"rendered":"Paula Prado sinala os \u201cpequenos pasos pero grandes avances\u201d no per\u00edodo de sesi\u00f3ns no \u00e1mbito da igualdade e a lacra da violencia de x\u00e9nero"},"content":{"rendered":"<p><img fetchpriority=\"high\" decoding=\"async\" class=\" size-full wp-image-56129\" src=\"https:\/\/ppdegalicia.com\/wp-content\/uploads\/2021\/08\/ecccccc1b95c6b4158d629f0bc134b76.jpg\" alt=\"\" width=\"1900\" height=\"1267\" srcset=\"https:\/\/ppdegalicia.com\/wp-content\/uploads\/2021\/08\/ecccccc1b95c6b4158d629f0bc134b76.jpg 1900w, https:\/\/ppdegalicia.com\/wp-content\/uploads\/2021\/08\/ecccccc1b95c6b4158d629f0bc134b76-300x200.jpg 300w, https:\/\/ppdegalicia.com\/wp-content\/uploads\/2021\/08\/ecccccc1b95c6b4158d629f0bc134b76-1024x683.jpg 1024w, https:\/\/ppdegalicia.com\/wp-content\/uploads\/2021\/08\/ecccccc1b95c6b4158d629f0bc134b76-768x512.jpg 768w, https:\/\/ppdegalicia.com\/wp-content\/uploads\/2021\/08\/ecccccc1b95c6b4158d629f0bc134b76-1536x1024.jpg 1536w\" sizes=\"(max-width: 1900px) 100vw, 1900px\" \/><\/p>\n<p>Santiago, 9 de agosto de 2021- A viceportavoz do Grupo Popular Paula Prado fixo balance hoxe en rolda de prensa dos \u201cpequenos pasos pero grandes avances\u201d que se deron neste per\u00edodo de sesi\u00f3ns no Parlamento no \u00e1mbito da igualdade e do seu m\u00e1is cruel expo\u00f1ente da s\u00faa falta como \u00e9 a lacra da violencia de x\u00e9nero na nosa sociedade.<\/p>\n<p><!--more--><\/p>\n<p>Paula Prado sinalou que para o PPdeG a igualdade \u201c\u00e9 un obxectivo irrenunciable e fundamental\u201d e destacou a \u201cresponsabilidade que temos de impulsar ao Goberno a levar a cabo medidas que favorezan a consecuci\u00f3n da mesma en todos os \u00e1mbitos\u201d e nese sentido sinalou a importancia do Plan de traballo aprobado no seo da Comisi\u00f3n non permanente de estudo para a Igualdade e os Dereitos das Mulleres que incl\u00fae a solicitude de 20 informes ou documentos e a comparecencia de 61 persoas expertas.<\/p>\n<p>\u201cDespois da crise sanitaria estamos ante unha crise econ\u00f3mica e social e son moitas as voces expertas que indican que as peor paradas son as mulleres e nese sentido queremos buscar soluci\u00f3ns de mellora da s\u00faa situaci\u00f3n social en base a estas comparecencias e estes informes facendo primeiro unha diagnose da situaci\u00f3n\u201d indicou a viceportavoz popular.<\/p>\n<p><strong>INICIATIVAS POPULARES<\/strong><\/p>\n<p>Paula Prado destacou as iniciativas presentadas polo PPdeG neste per\u00edodo de sesi\u00f3ns e aprobadas por unanimidade referidas ao fomento das medidas e programas de conciliaci\u00f3n e corresponsabilidade, en colaboraci\u00f3n coas entidades locais, nos que se incorpore a perspectiva de x\u00e9nero; ou o fomento de plans de igualdade en colaboraci\u00f3n coas organizaci\u00f3ns sindicais e empresariais; aplicar o impacto da covid-19 no ano 2020 nos traballos actuais de avaliaci\u00f3n do Plan Galego de conciliaci\u00f3n e corresponsabilidade 2018-2020 e ter en conta a \u201cintersecionalidade\u201d en virtude da cal alg\u00fans sectores da sociedade son particularmente vulnerables ao virus e as s\u00faas consecuencias; realizar un estudo sobre o reparto do traballo dom\u00e9stico e plans de sensibilizaci\u00f3n e concienciaci\u00f3n do conxunto da sociedade en favor dunha organizaci\u00f3n social corresponsable, as\u00ed como horarios m\u00e1is racionais.<\/p>\n<p>Tam\u00e9n destacou as demandas ao Goberno do Estado aprobadas neste per\u00edodo de sesi\u00f3ns \u201cdas que a\u00ednda non sabemos nada\u201d, como a aprobaci\u00f3n da lei de igualdade salarial, e que mentres non estea aprobada se incremente e dote de recursos suficientes a inspecci\u00f3n laboral; a modificaci\u00f3n e actualizaci\u00f3n da Lei de conciliaci\u00f3n e corresponsabilidade de 1999, que te\u00f1a en conta a nova realidade, co incremento do teletraballo e racionalizaci\u00f3n horaria e se favoreza a compatibilidade do traballo coa vida persoal e familiar. <br \/>\u201cE seguiremos reivindicando que o Goberno central cumpra co Pacto do Estado e cos acordos nel establecidos como a lei de trata e a modificaci\u00f3n da Lei integral de violencia de x\u00e9nero, pasos imprescindibles para seguir avanzando na protecci\u00f3n e atenci\u00f3n das v\u00edtimas\u201d indicou a viceportavoz popular.<\/p>\n<p>\u201cEn Galicia s\u00ed temos avanzado nese \u00e1mbito para inclu\u00edr a violencia vicaria como unha forma m\u00e1is de violencia de x\u00e9nero, a\u00ednda que estas mulleres e cativos v\u00edtimas xa levan sendo reco\u00f1ecidos e beneficiarios das axudas e servizos da Xunta desde o ano 2015\u201d indicou Paula Prado.<\/p>\n<p>Tam\u00e9n sinalou que Galicia \u00e9 a primeira comunidade aut\u00f3noma que garante por lei que nas convocatorias de axudas no \u00e1mbito da investigaci\u00f3n se estableza un factor corrector que permita compensar os per\u00edodos de inactividade investigadora e garantir a igualdade de oportunidades, tras a aprobaci\u00f3n por unanimidade dunha iniciativa para garantir esa igualdade real no \u00e1mbito universitario e da investigaci\u00f3n.<\/p>\n<p><strong>VIOLENCIA DIXITAL<\/strong><\/p>\n<p>Paula Prado destacou que nesta materia \u201ctemos que ir todos da man e remar na mesma direcci\u00f3n\u201d refer\u00edndose a iniciativa do PPdeG para incorporar a violencia dixital como unha nova forma de violencia de x\u00e9nero contra as mulleres, que est\u00e1 en tr\u00e1mite e aberto o per\u00edodo para as emendas e espera que fagan achegas os grupos parlamentarios \u201cpara loitar contra este tipo de violencia que est\u00e1 a afectar as adolescentes especialmente e que en moitos casos non se est\u00e1 a identificar como tal polo que \u00e9 fundamental lexislar nesta materia\u201d<\/p>\n<p><strong>SEGURIDADE NO CAMI\u00d1O<\/strong><\/p>\n<p>Paula Prado falou tam\u00e9n da seguridade no Cami\u00f1o de Santiago e destacou que tanto Xunta como Goberno central est\u00e1n facendo campa\u00f1as e o Cami\u00f1o \u00e9 seguro \u201cpero adem\u00e1is de facer propaganda e publicidade pedimos ao Goberno do Estado que se implique na dotaci\u00f3n de medios para que esa seguridade sexa efectiva\u201d.<\/p>\n<p>\u00a0<\/p>\n<p>As\u00ed recordou a viceportavoz popular que o pasado mes de abril o Secretario de Estado de Seguridade acudiu a Galicia para presentar un plan de seguridade con m\u00e1is efectivos \u201ce a d\u00eda de hoxe observamos que a visita quedou nun d\u00edptico e non se materializou en dotar m\u00e1is efectivos a Unidade de Polic\u00eda Adscrita (UPA), encargada da protecci\u00f3n do Cami\u00f1o\u201d<\/p>\n<p>Actualmente a UPA, continuou Paula Prado, conta con 385 efectivos, est\u00e1 no 78% da s\u00faa capacidade de recursos humanos, cando o normal \u00e9 que estivera ao mesmo nivel que a xefatura da Polic\u00eda nacional, que coas novas incorporaci\u00f3n acada o 90%. \u201c\u00c9 un desprezo a unha Unidade tan importante que atende aos peregrinos e garante a s\u00faa seguridade no Cami\u00f1o e polo que o Grupo Popular leva tempo solicitando o incremento de efectivos que se atopan na actualidade en m\u00ednimos hist\u00f3ricos\u201d<\/p>\n<p>\u00a0<\/p>\n<p>\u00a0<\/p>\n<p>EXAMINADORES DE TR\u00c1FICO<\/p>\n<p>Paula Prado tam\u00e9n fixo referencia a \u201cunha nova situaci\u00f3n que pon en evidencia o sectarismo do Goberno central e o seu ninguneo a Galicia como \u00e9 o referido as prazas de examinadores de tr\u00e1fico da Direcci\u00f3n General de Tr\u00e1fico que, a trav\u00e9s da Subsecretar\u00eda do Ministerio de Interior, convocou 60 prazas no mes de abril, que se engaden as 35 do pasado mes de marzo, para reforzar as plantillas das xefaturas que m\u00e1is o poidan necesitar pero ningunha desas prazas ser\u00e1 para xefaturas galegas.<\/p>\n<p>En total, indica a viceportavoz popular, 95 prazas para as diferentes xefaturas provinciais en Espa\u00f1a pero Galicia seguir\u00e1 vivindo o colapso das autoescolas, impedindo que, sobre todo, xente moza que aproveita o ver\u00e1n para sacar o carnet de conducir non poida facelo, mermando as s\u00faas posibilidades de empregar esta ferramenta de traballo, de mobilidade e de independencia\u201d<\/p>\n<p>As\u00ed, anunciou que o Grupo Popular presentar\u00e1 unha iniciativa parlamentaria para que o Goberno destine algunha desas 95 prazas a Galicia ou que convoque novas para que a nosa Comunidade conte cun n\u00famero de examinadores suficientes para facer fronte a todos eses miles de persoas que desexan sacar o carnet e \u201clamentamos esta situaci\u00f3n que pon de manifesto de novo o sectarismo do Goberno de Espa\u00f1a e ninguneo respecto a Galicia\u201d. <\/p>\n","protected":false},"excerpt":{"rendered":"<p>Santiago, 9 de agosto de 2021- A viceportavoz do Grupo Popular Paula Prado fixo balance hoxe en rolda de prensa dos \u201cpequenos pasos pero grandes avances\u201d que se deron neste per\u00edodo de sesi\u00f3ns no Parlamento no \u00e1mbito da igualdade e do seu m\u00e1is cruel expo\u00f1ente da s\u00faa falta como \u00e9 a lacra da violencia de [&hellip;]<\/p>\n","protected":false},"author":38,"featured_media":56129,"comment_status":"open","ping_status":"open","sticky":false,"template":"","format":"standard","meta":{"_acf_changed":false,"footnotes":""},"categories":[1],"tags":[],"class_list":["post-56130","post","type-post","status-publish","format-standard","has-post-thumbnail","hentry","category-pp-de-galicia"],"acf":[],"yoast_head":"<!-- This site is optimized with the Yoast SEO plugin v27.3 - https:\/\/yoast.com\/product\/yoast-seo-wordpress\/ -->\n<title>Paula Prado sinala os \u201cpequenos pasos pero grandes avances\u201d no per\u00edodo de sesi\u00f3ns no \u00e1mbito da igualdade e a lacra da violencia de x\u00e9nero - PP de Galicia<\/title>\n<meta name=\"robots\" content=\"index, follow, max-snippet:-1, max-image-preview:large, max-video-preview:-1\" \/>\n<link rel=\"canonical\" href=\"https:\/\/ppdegalicia.com\/es\/paula-prado-sinala-os-pequenos-pasos-pero-grandes-avances-no-periodo-de-sesions-no-ambito-da-igualdade-e-a-lacra-da-violencia-de-xenero\/\" \/>\n<meta property=\"og:locale\" content=\"es_ES\" \/>\n<meta property=\"og:type\" content=\"article\" \/>\n<meta property=\"og:title\" content=\"Paula Prado sinala os \u201cpequenos pasos pero grandes avances\u201d no per\u00edodo de sesi\u00f3ns no \u00e1mbito da igualdade e a lacra da violencia de x\u00e9nero - PP de Galicia\" \/>\n<meta property=\"og:description\" content=\"Santiago, 9 de agosto de 2021- A viceportavoz do Grupo Popular Paula Prado fixo balance hoxe en rolda de prensa dos \u201cpequenos pasos pero grandes avances\u201d que se deron neste per\u00edodo de sesi\u00f3ns no Parlamento no \u00e1mbito da igualdade e do seu m\u00e1is cruel expo\u00f1ente da s\u00faa falta como \u00e9 a lacra da violencia de [&hellip;]\" \/>\n<meta property=\"og:url\" content=\"https:\/\/ppdegalicia.com\/es\/paula-prado-sinala-os-pequenos-pasos-pero-grandes-avances-no-periodo-de-sesions-no-ambito-da-igualdade-e-a-lacra-da-violencia-de-xenero\/\" \/>\n<meta property=\"og:site_name\" content=\"PP de Galicia\" \/>\n<meta property=\"article:publisher\" content=\"https:\/\/www.instagram.com\/ppdegalicia\/\" \/>\n<meta property=\"article:published_time\" content=\"2021-08-17T10:22:11+00:00\" \/>\n<meta property=\"og:image\" content=\"https:\/\/ppdegalicia.com\/wp-content\/uploads\/2021\/08\/ecccccc1b95c6b4158d629f0bc134b76.jpg\" \/>\n\t<meta property=\"og:image:width\" content=\"1900\" \/>\n\t<meta property=\"og:image:height\" content=\"1267\" \/>\n\t<meta property=\"og:image:type\" content=\"image\/jpeg\" \/>\n<meta name=\"author\" content=\"ppdegaliciaredes\" \/>\n<meta name=\"twitter:card\" content=\"summary_large_image\" \/>\n<meta name=\"twitter:creator\" content=\"@ppdegalicia\" \/>\n<meta name=\"twitter:site\" content=\"@ppdegalicia\" \/>\n<meta name=\"twitter:label1\" content=\"Escrito por\" \/>\n\t<meta name=\"twitter:data1\" content=\"ppdegaliciaredes\" \/>\n\t<meta name=\"twitter:label2\" content=\"Tiempo de lectura\" \/>\n\t<meta name=\"twitter:data2\" content=\"6 minutos\" \/>\n<script type=\"application\/ld+json\" class=\"yoast-schema-graph\">{\"@context\":\"https:\\\/\\\/schema.org\",\"@graph\":[{\"@type\":\"Article\",\"@id\":\"https:\\\/\\\/ppdegalicia.com\\\/es\\\/paula-prado-sinala-os-pequenos-pasos-pero-grandes-avances-no-periodo-de-sesions-no-ambito-da-igualdade-e-a-lacra-da-violencia-de-xenero\\\/#article\",\"isPartOf\":{\"@id\":\"https:\\\/\\\/ppdegalicia.com\\\/es\\\/paula-prado-sinala-os-pequenos-pasos-pero-grandes-avances-no-periodo-de-sesions-no-ambito-da-igualdade-e-a-lacra-da-violencia-de-xenero\\\/\"},\"author\":{\"name\":\"ppdegaliciaredes\",\"@id\":\"https:\\\/\\\/ppdegalicia.com\\\/es\\\/#\\\/schema\\\/person\\\/5b822c6f59e872ebdd1142f307dbcb59\"},\"headline\":\"Paula Prado sinala os \u201cpequenos pasos pero grandes avances\u201d no per\u00edodo de sesi\u00f3ns no \u00e1mbito da igualdade e a lacra da violencia de x\u00e9nero\",\"datePublished\":\"2021-08-17T10:22:11+00:00\",\"mainEntityOfPage\":{\"@id\":\"https:\\\/\\\/ppdegalicia.com\\\/es\\\/paula-prado-sinala-os-pequenos-pasos-pero-grandes-avances-no-periodo-de-sesions-no-ambito-da-igualdade-e-a-lacra-da-violencia-de-xenero\\\/\"},\"wordCount\":1169,\"commentCount\":0,\"publisher\":{\"@id\":\"https:\\\/\\\/ppdegalicia.com\\\/es\\\/#organization\"},\"image\":{\"@id\":\"https:\\\/\\\/ppdegalicia.com\\\/es\\\/paula-prado-sinala-os-pequenos-pasos-pero-grandes-avances-no-periodo-de-sesions-no-ambito-da-igualdade-e-a-lacra-da-violencia-de-xenero\\\/#primaryimage\"},\"thumbnailUrl\":\"https:\\\/\\\/ppdegalicia.com\\\/wp-content\\\/uploads\\\/2021\\\/08\\\/ecccccc1b95c6b4158d629f0bc134b76.jpg\",\"articleSection\":[\"PP de Galicia\"],\"inLanguage\":\"es\",\"potentialAction\":[{\"@type\":\"CommentAction\",\"name\":\"Comment\",\"target\":[\"https:\\\/\\\/ppdegalicia.com\\\/es\\\/paula-prado-sinala-os-pequenos-pasos-pero-grandes-avances-no-periodo-de-sesions-no-ambito-da-igualdade-e-a-lacra-da-violencia-de-xenero\\\/#respond\"]}]},{\"@type\":\"WebPage\",\"@id\":\"https:\\\/\\\/ppdegalicia.com\\\/es\\\/paula-prado-sinala-os-pequenos-pasos-pero-grandes-avances-no-periodo-de-sesions-no-ambito-da-igualdade-e-a-lacra-da-violencia-de-xenero\\\/\",\"url\":\"https:\\\/\\\/ppdegalicia.com\\\/es\\\/paula-prado-sinala-os-pequenos-pasos-pero-grandes-avances-no-periodo-de-sesions-no-ambito-da-igualdade-e-a-lacra-da-violencia-de-xenero\\\/\",\"name\":\"Paula Prado sinala os \u201cpequenos pasos pero grandes avances\u201d no per\u00edodo de sesi\u00f3ns no \u00e1mbito da igualdade e a lacra da violencia de x\u00e9nero - PP de Galicia\",\"isPartOf\":{\"@id\":\"https:\\\/\\\/ppdegalicia.com\\\/es\\\/#website\"},\"primaryImageOfPage\":{\"@id\":\"https:\\\/\\\/ppdegalicia.com\\\/es\\\/paula-prado-sinala-os-pequenos-pasos-pero-grandes-avances-no-periodo-de-sesions-no-ambito-da-igualdade-e-a-lacra-da-violencia-de-xenero\\\/#primaryimage\"},\"image\":{\"@id\":\"https:\\\/\\\/ppdegalicia.com\\\/es\\\/paula-prado-sinala-os-pequenos-pasos-pero-grandes-avances-no-periodo-de-sesions-no-ambito-da-igualdade-e-a-lacra-da-violencia-de-xenero\\\/#primaryimage\"},\"thumbnailUrl\":\"https:\\\/\\\/ppdegalicia.com\\\/wp-content\\\/uploads\\\/2021\\\/08\\\/ecccccc1b95c6b4158d629f0bc134b76.jpg\",\"datePublished\":\"2021-08-17T10:22:11+00:00\",\"breadcrumb\":{\"@id\":\"https:\\\/\\\/ppdegalicia.com\\\/es\\\/paula-prado-sinala-os-pequenos-pasos-pero-grandes-avances-no-periodo-de-sesions-no-ambito-da-igualdade-e-a-lacra-da-violencia-de-xenero\\\/#breadcrumb\"},\"inLanguage\":\"es\",\"potentialAction\":[{\"@type\":\"ReadAction\",\"target\":[\"https:\\\/\\\/ppdegalicia.com\\\/es\\\/paula-prado-sinala-os-pequenos-pasos-pero-grandes-avances-no-periodo-de-sesions-no-ambito-da-igualdade-e-a-lacra-da-violencia-de-xenero\\\/\"]}]},{\"@type\":\"ImageObject\",\"inLanguage\":\"es\",\"@id\":\"https:\\\/\\\/ppdegalicia.com\\\/es\\\/paula-prado-sinala-os-pequenos-pasos-pero-grandes-avances-no-periodo-de-sesions-no-ambito-da-igualdade-e-a-lacra-da-violencia-de-xenero\\\/#primaryimage\",\"url\":\"https:\\\/\\\/ppdegalicia.com\\\/wp-content\\\/uploads\\\/2021\\\/08\\\/ecccccc1b95c6b4158d629f0bc134b76.jpg\",\"contentUrl\":\"https:\\\/\\\/ppdegalicia.com\\\/wp-content\\\/uploads\\\/2021\\\/08\\\/ecccccc1b95c6b4158d629f0bc134b76.jpg\",\"width\":1900,\"height\":1267},{\"@type\":\"BreadcrumbList\",\"@id\":\"https:\\\/\\\/ppdegalicia.com\\\/es\\\/paula-prado-sinala-os-pequenos-pasos-pero-grandes-avances-no-periodo-de-sesions-no-ambito-da-igualdade-e-a-lacra-da-violencia-de-xenero\\\/#breadcrumb\",\"itemListElement\":[{\"@type\":\"ListItem\",\"position\":1,\"name\":\"Portada\",\"item\":\"https:\\\/\\\/ppdegalicia.com\\\/es\\\/\"},{\"@type\":\"ListItem\",\"position\":2,\"name\":\"Paula Prado sinala os \u201cpequenos pasos pero grandes avances\u201d no per\u00edodo de sesi\u00f3ns no \u00e1mbito da igualdade e a lacra da violencia de x\u00e9nero\"}]},{\"@type\":\"WebSite\",\"@id\":\"https:\\\/\\\/ppdegalicia.com\\\/es\\\/#website\",\"url\":\"https:\\\/\\\/ppdegalicia.com\\\/es\\\/\",\"name\":\"Partido Popular de Galicia\",\"description\":\"Partido Popular de Galicia\",\"publisher\":{\"@id\":\"https:\\\/\\\/ppdegalicia.com\\\/es\\\/#organization\"},\"alternateName\":\"PP de Galicia\",\"potentialAction\":[{\"@type\":\"SearchAction\",\"target\":{\"@type\":\"EntryPoint\",\"urlTemplate\":\"https:\\\/\\\/ppdegalicia.com\\\/es\\\/?s={search_term_string}\"},\"query-input\":{\"@type\":\"PropertyValueSpecification\",\"valueRequired\":true,\"valueName\":\"search_term_string\"}}],\"inLanguage\":\"es\"},{\"@type\":\"Organization\",\"@id\":\"https:\\\/\\\/ppdegalicia.com\\\/es\\\/#organization\",\"name\":\"Partido Popular de Galicia\",\"alternateName\":\"PP de Galicia\",\"url\":\"https:\\\/\\\/ppdegalicia.com\\\/es\\\/\",\"logo\":{\"@type\":\"ImageObject\",\"inLanguage\":\"es\",\"@id\":\"https:\\\/\\\/ppdegalicia.com\\\/es\\\/#\\\/schema\\\/logo\\\/image\\\/\",\"url\":\"https:\\\/\\\/ppdegalicia.com\\\/wp-content\\\/uploads\\\/2023\\\/04\\\/logoPP512.png\",\"contentUrl\":\"https:\\\/\\\/ppdegalicia.com\\\/wp-content\\\/uploads\\\/2023\\\/04\\\/logoPP512.png\",\"width\":512,\"height\":512,\"caption\":\"Partido Popular de Galicia\"},\"image\":{\"@id\":\"https:\\\/\\\/ppdegalicia.com\\\/es\\\/#\\\/schema\\\/logo\\\/image\\\/\"},\"sameAs\":[\"https:\\\/\\\/www.instagram.com\\\/ppdegalicia\\\/\",\"https:\\\/\\\/x.com\\\/ppdegalicia\",\"https:\\\/\\\/www.tiktok.com\\\/@ppdegalicia\",\"https:\\\/\\\/www.youtube.com\\\/user\\\/ppdegalicia\"]},{\"@type\":\"Person\",\"@id\":\"https:\\\/\\\/ppdegalicia.com\\\/es\\\/#\\\/schema\\\/person\\\/5b822c6f59e872ebdd1142f307dbcb59\",\"name\":\"ppdegaliciaredes\",\"image\":{\"@type\":\"ImageObject\",\"inLanguage\":\"es\",\"@id\":\"https:\\\/\\\/secure.gravatar.com\\\/avatar\\\/3c9179cf0256d00c72a48d1f25783c58b6842cd56e85ef3a572881c8e28ccd59?s=96&d=mm&r=g\",\"url\":\"https:\\\/\\\/secure.gravatar.com\\\/avatar\\\/3c9179cf0256d00c72a48d1f25783c58b6842cd56e85ef3a572881c8e28ccd59?s=96&d=mm&r=g\",\"contentUrl\":\"https:\\\/\\\/secure.gravatar.com\\\/avatar\\\/3c9179cf0256d00c72a48d1f25783c58b6842cd56e85ef3a572881c8e28ccd59?s=96&d=mm&r=g\",\"caption\":\"ppdegaliciaredes\"},\"url\":\"https:\\\/\\\/ppdegalicia.com\\\/es\\\/author\\\/ppdegaliciaredes\\\/\"}]}<\/script>\n<!-- \/ Yoast SEO plugin. -->","yoast_head_json":{"title":"Paula Prado sinala os \u201cpequenos pasos pero grandes avances\u201d no per\u00edodo de sesi\u00f3ns no \u00e1mbito da igualdade e a lacra da violencia de x\u00e9nero - PP de Galicia","robots":{"index":"index","follow":"follow","max-snippet":"max-snippet:-1","max-image-preview":"max-image-preview:large","max-video-preview":"max-video-preview:-1"},"canonical":"https:\/\/ppdegalicia.com\/es\/paula-prado-sinala-os-pequenos-pasos-pero-grandes-avances-no-periodo-de-sesions-no-ambito-da-igualdade-e-a-lacra-da-violencia-de-xenero\/","og_locale":"es_ES","og_type":"article","og_title":"Paula Prado sinala os \u201cpequenos pasos pero grandes avances\u201d no per\u00edodo de sesi\u00f3ns no \u00e1mbito da igualdade e a lacra da violencia de x\u00e9nero - PP de Galicia","og_description":"Santiago, 9 de agosto de 2021- A viceportavoz do Grupo Popular Paula Prado fixo balance hoxe en rolda de prensa dos \u201cpequenos pasos pero grandes avances\u201d que se deron neste per\u00edodo de sesi\u00f3ns no Parlamento no \u00e1mbito da igualdade e do seu m\u00e1is cruel expo\u00f1ente da s\u00faa falta como \u00e9 a lacra da violencia de [&hellip;]","og_url":"https:\/\/ppdegalicia.com\/es\/paula-prado-sinala-os-pequenos-pasos-pero-grandes-avances-no-periodo-de-sesions-no-ambito-da-igualdade-e-a-lacra-da-violencia-de-xenero\/","og_site_name":"PP de Galicia","article_publisher":"https:\/\/www.instagram.com\/ppdegalicia\/","article_published_time":"2021-08-17T10:22:11+00:00","og_image":[{"width":1900,"height":1267,"url":"https:\/\/ppdegalicia.com\/wp-content\/uploads\/2021\/08\/ecccccc1b95c6b4158d629f0bc134b76.jpg","type":"image\/jpeg"}],"author":"ppdegaliciaredes","twitter_card":"summary_large_image","twitter_creator":"@ppdegalicia","twitter_site":"@ppdegalicia","twitter_misc":{"Escrito por":"ppdegaliciaredes","Tiempo de lectura":"6 minutos"},"schema":{"@context":"https:\/\/schema.org","@graph":[{"@type":"Article","@id":"https:\/\/ppdegalicia.com\/es\/paula-prado-sinala-os-pequenos-pasos-pero-grandes-avances-no-periodo-de-sesions-no-ambito-da-igualdade-e-a-lacra-da-violencia-de-xenero\/#article","isPartOf":{"@id":"https:\/\/ppdegalicia.com\/es\/paula-prado-sinala-os-pequenos-pasos-pero-grandes-avances-no-periodo-de-sesions-no-ambito-da-igualdade-e-a-lacra-da-violencia-de-xenero\/"},"author":{"name":"ppdegaliciaredes","@id":"https:\/\/ppdegalicia.com\/es\/#\/schema\/person\/5b822c6f59e872ebdd1142f307dbcb59"},"headline":"Paula Prado sinala os \u201cpequenos pasos pero grandes avances\u201d no per\u00edodo de sesi\u00f3ns no \u00e1mbito da igualdade e a lacra da violencia de x\u00e9nero","datePublished":"2021-08-17T10:22:11+00:00","mainEntityOfPage":{"@id":"https:\/\/ppdegalicia.com\/es\/paula-prado-sinala-os-pequenos-pasos-pero-grandes-avances-no-periodo-de-sesions-no-ambito-da-igualdade-e-a-lacra-da-violencia-de-xenero\/"},"wordCount":1169,"commentCount":0,"publisher":{"@id":"https:\/\/ppdegalicia.com\/es\/#organization"},"image":{"@id":"https:\/\/ppdegalicia.com\/es\/paula-prado-sinala-os-pequenos-pasos-pero-grandes-avances-no-periodo-de-sesions-no-ambito-da-igualdade-e-a-lacra-da-violencia-de-xenero\/#primaryimage"},"thumbnailUrl":"https:\/\/ppdegalicia.com\/wp-content\/uploads\/2021\/08\/ecccccc1b95c6b4158d629f0bc134b76.jpg","articleSection":["PP de Galicia"],"inLanguage":"es","potentialAction":[{"@type":"CommentAction","name":"Comment","target":["https:\/\/ppdegalicia.com\/es\/paula-prado-sinala-os-pequenos-pasos-pero-grandes-avances-no-periodo-de-sesions-no-ambito-da-igualdade-e-a-lacra-da-violencia-de-xenero\/#respond"]}]},{"@type":"WebPage","@id":"https:\/\/ppdegalicia.com\/es\/paula-prado-sinala-os-pequenos-pasos-pero-grandes-avances-no-periodo-de-sesions-no-ambito-da-igualdade-e-a-lacra-da-violencia-de-xenero\/","url":"https:\/\/ppdegalicia.com\/es\/paula-prado-sinala-os-pequenos-pasos-pero-grandes-avances-no-periodo-de-sesions-no-ambito-da-igualdade-e-a-lacra-da-violencia-de-xenero\/","name":"Paula Prado sinala os \u201cpequenos pasos pero grandes avances\u201d no per\u00edodo de sesi\u00f3ns no \u00e1mbito da igualdade e a lacra da violencia de x\u00e9nero - PP de Galicia","isPartOf":{"@id":"https:\/\/ppdegalicia.com\/es\/#website"},"primaryImageOfPage":{"@id":"https:\/\/ppdegalicia.com\/es\/paula-prado-sinala-os-pequenos-pasos-pero-grandes-avances-no-periodo-de-sesions-no-ambito-da-igualdade-e-a-lacra-da-violencia-de-xenero\/#primaryimage"},"image":{"@id":"https:\/\/ppdegalicia.com\/es\/paula-prado-sinala-os-pequenos-pasos-pero-grandes-avances-no-periodo-de-sesions-no-ambito-da-igualdade-e-a-lacra-da-violencia-de-xenero\/#primaryimage"},"thumbnailUrl":"https:\/\/ppdegalicia.com\/wp-content\/uploads\/2021\/08\/ecccccc1b95c6b4158d629f0bc134b76.jpg","datePublished":"2021-08-17T10:22:11+00:00","breadcrumb":{"@id":"https:\/\/ppdegalicia.com\/es\/paula-prado-sinala-os-pequenos-pasos-pero-grandes-avances-no-periodo-de-sesions-no-ambito-da-igualdade-e-a-lacra-da-violencia-de-xenero\/#breadcrumb"},"inLanguage":"es","potentialAction":[{"@type":"ReadAction","target":["https:\/\/ppdegalicia.com\/es\/paula-prado-sinala-os-pequenos-pasos-pero-grandes-avances-no-periodo-de-sesions-no-ambito-da-igualdade-e-a-lacra-da-violencia-de-xenero\/"]}]},{"@type":"ImageObject","inLanguage":"es","@id":"https:\/\/ppdegalicia.com\/es\/paula-prado-sinala-os-pequenos-pasos-pero-grandes-avances-no-periodo-de-sesions-no-ambito-da-igualdade-e-a-lacra-da-violencia-de-xenero\/#primaryimage","url":"https:\/\/ppdegalicia.com\/wp-content\/uploads\/2021\/08\/ecccccc1b95c6b4158d629f0bc134b76.jpg","contentUrl":"https:\/\/ppdegalicia.com\/wp-content\/uploads\/2021\/08\/ecccccc1b95c6b4158d629f0bc134b76.jpg","width":1900,"height":1267},{"@type":"BreadcrumbList","@id":"https:\/\/ppdegalicia.com\/es\/paula-prado-sinala-os-pequenos-pasos-pero-grandes-avances-no-periodo-de-sesions-no-ambito-da-igualdade-e-a-lacra-da-violencia-de-xenero\/#breadcrumb","itemListElement":[{"@type":"ListItem","position":1,"name":"Portada","item":"https:\/\/ppdegalicia.com\/es\/"},{"@type":"ListItem","position":2,"name":"Paula Prado sinala os \u201cpequenos pasos pero grandes avances\u201d no per\u00edodo de sesi\u00f3ns no \u00e1mbito da igualdade e a lacra da violencia de x\u00e9nero"}]},{"@type":"WebSite","@id":"https:\/\/ppdegalicia.com\/es\/#website","url":"https:\/\/ppdegalicia.com\/es\/","name":"Partido Popular de Galicia","description":"Partido Popular de Galicia","publisher":{"@id":"https:\/\/ppdegalicia.com\/es\/#organization"},"alternateName":"PP de Galicia","potentialAction":[{"@type":"SearchAction","target":{"@type":"EntryPoint","urlTemplate":"https:\/\/ppdegalicia.com\/es\/?s={search_term_string}"},"query-input":{"@type":"PropertyValueSpecification","valueRequired":true,"valueName":"search_term_string"}}],"inLanguage":"es"},{"@type":"Organization","@id":"https:\/\/ppdegalicia.com\/es\/#organization","name":"Partido Popular de Galicia","alternateName":"PP de Galicia","url":"https:\/\/ppdegalicia.com\/es\/","logo":{"@type":"ImageObject","inLanguage":"es","@id":"https:\/\/ppdegalicia.com\/es\/#\/schema\/logo\/image\/","url":"https:\/\/ppdegalicia.com\/wp-content\/uploads\/2023\/04\/logoPP512.png","contentUrl":"https:\/\/ppdegalicia.com\/wp-content\/uploads\/2023\/04\/logoPP512.png","width":512,"height":512,"caption":"Partido Popular de Galicia"},"image":{"@id":"https:\/\/ppdegalicia.com\/es\/#\/schema\/logo\/image\/"},"sameAs":["https:\/\/www.instagram.com\/ppdegalicia\/","https:\/\/x.com\/ppdegalicia","https:\/\/www.tiktok.com\/@ppdegalicia","https:\/\/www.youtube.com\/user\/ppdegalicia"]},{"@type":"Person","@id":"https:\/\/ppdegalicia.com\/es\/#\/schema\/person\/5b822c6f59e872ebdd1142f307dbcb59","name":"ppdegaliciaredes","image":{"@type":"ImageObject","inLanguage":"es","@id":"https:\/\/secure.gravatar.com\/avatar\/3c9179cf0256d00c72a48d1f25783c58b6842cd56e85ef3a572881c8e28ccd59?s=96&d=mm&r=g","url":"https:\/\/secure.gravatar.com\/avatar\/3c9179cf0256d00c72a48d1f25783c58b6842cd56e85ef3a572881c8e28ccd59?s=96&d=mm&r=g","contentUrl":"https:\/\/secure.gravatar.com\/avatar\/3c9179cf0256d00c72a48d1f25783c58b6842cd56e85ef3a572881c8e28ccd59?s=96&d=mm&r=g","caption":"ppdegaliciaredes"},"url":"https:\/\/ppdegalicia.com\/es\/author\/ppdegaliciaredes\/"}]}},"_links":{"self":[{"href":"https:\/\/ppdegalicia.com\/es\/wp-json\/wp\/v2\/posts\/56130","targetHints":{"allow":["GET"]}}],"collection":[{"href":"https:\/\/ppdegalicia.com\/es\/wp-json\/wp\/v2\/posts"}],"about":[{"href":"https:\/\/ppdegalicia.com\/es\/wp-json\/wp\/v2\/types\/post"}],"author":[{"embeddable":true,"href":"https:\/\/ppdegalicia.com\/es\/wp-json\/wp\/v2\/users\/38"}],"replies":[{"embeddable":true,"href":"https:\/\/ppdegalicia.com\/es\/wp-json\/wp\/v2\/comments?post=56130"}],"version-history":[{"count":0,"href":"https:\/\/ppdegalicia.com\/es\/wp-json\/wp\/v2\/posts\/56130\/revisions"}],"wp:featuredmedia":[{"embeddable":true,"href":"https:\/\/ppdegalicia.com\/es\/wp-json\/wp\/v2\/media\/56129"}],"wp:attachment":[{"href":"https:\/\/ppdegalicia.com\/es\/wp-json\/wp\/v2\/media?parent=56130"}],"wp:term":[{"taxonomy":"category","embeddable":true,"href":"https:\/\/ppdegalicia.com\/es\/wp-json\/wp\/v2\/categories?post=56130"},{"taxonomy":"post_tag","embeddable":true,"href":"https:\/\/ppdegalicia.com\/es\/wp-json\/wp\/v2\/tags?post=56130"}],"curies":[{"name":"wp","href":"https:\/\/api.w.org\/{rel}","templated":true}]}}