{"id":56132,"date":"2021-08-20T10:20:51","date_gmt":"2021-08-20T08:20:51","guid":{"rendered":"https:\/\/ppdegalicia.com\/o-ppdeg-rexistra-a-peticion-de-mais-examinadores-de-trafico-para-que-cese-o-colapso-e-listas-de-agarda-en-galicia\/"},"modified":"2021-08-20T10:20:51","modified_gmt":"2021-08-20T08:20:51","slug":"o-ppdeg-rexistra-a-peticion-de-mais-examinadores-de-trafico-para-que-cese-o-colapso-e-listas-de-agarda-en-galicia","status":"publish","type":"post","link":"https:\/\/ppdegalicia.com\/es\/o-ppdeg-rexistra-a-peticion-de-mais-examinadores-de-trafico-para-que-cese-o-colapso-e-listas-de-agarda-en-galicia\/","title":{"rendered":"O PPdeG rexistra a petici\u00f3n de m\u00e1is examinadores de Tr\u00e1fico para que cese o colapso e listas de agarda en Galicia"},"content":{"rendered":"<p><img fetchpriority=\"high\" decoding=\"async\" class=\" size-full wp-image-56131\" src=\"https:\/\/ppdegalicia.com\/wp-content\/uploads\/2021\/08\/b58be3d36b894cec88ab2dc99ddb346a.jpg\" alt=\"\" width=\"1900\" height=\"1267\" srcset=\"https:\/\/ppdegalicia.com\/wp-content\/uploads\/2021\/08\/b58be3d36b894cec88ab2dc99ddb346a.jpg 1900w, https:\/\/ppdegalicia.com\/wp-content\/uploads\/2021\/08\/b58be3d36b894cec88ab2dc99ddb346a-300x200.jpg 300w, https:\/\/ppdegalicia.com\/wp-content\/uploads\/2021\/08\/b58be3d36b894cec88ab2dc99ddb346a-1024x683.jpg 1024w, https:\/\/ppdegalicia.com\/wp-content\/uploads\/2021\/08\/b58be3d36b894cec88ab2dc99ddb346a-768x512.jpg 768w, https:\/\/ppdegalicia.com\/wp-content\/uploads\/2021\/08\/b58be3d36b894cec88ab2dc99ddb346a-1536x1024.jpg 1536w\" sizes=\"(max-width: 1900px) 100vw, 1900px\" \/><\/p>\n<p>Santiago, 20 de agosto de 2021- O Grupo Parlamentario Popular ven de rexistrar hoxe no Parlamento unha iniciativa encami\u00f1ada a solicitar ao Goberno de Espa\u00f1a que convoque de xeito urxente un proceso selectivo que permita cubrir as prazas de examinadores de Tr\u00e1fico vacantes na Comunidade Aut\u00f3noma de Galicia, para atender as graves carencias de persoal que sofren as catro Xefaturas Provinciais de Tr\u00e1fico galegas.<\/p>\n<p><!--more--><\/p>\n<p>Na Proposici\u00f3n non de Lei presentada tam\u00e9n se solicita que mentres non se cubran as prazas vacantes non se deriven examinadores para cubrir a carencia de persoal administrativo nas oficinas das diferentes xefaturas provinciais. <br \/>As\u00ed mesmo, os populares galegos piden que se proceda de xeito inmediato a crar unha bolsa de horas extra nas catro Xefaturas Provincias de Tr\u00e1fico para facer m\u00e1is probas, ao igual que se fixo en \u00e9poca estival en anos anteriores, e aliviar o colapso e lista de agarda que hai actualmente en toda Galicia para obter o permiso de conducir.<\/p>\n<p>\u00a0<\/p>\n<p><strong>15.000 PERSOAS E UN ANO DE ESPERA<\/strong><\/p>\n<p>Tal e como anuncio a viceportavoz popular Paula Prado esta iniciativa ten como obxectivo paliar as \u201cinterminables listas de agarda\u201d para poder presentarse ao examen pr\u00e1ctico de conducir que nalg\u00fan caso chega a alcanzar o ano de espera e que est\u00e1 provocando que moitas persoas perdan a posibilidade de aprobar oposici\u00f3ns ou de acceder a postos de traballo que piden o carn\u00e9 de conducir como requisito. As\u00ed mesmo, evitar o colapso que se est\u00e1 a producir en Galicia que impide examinarse a m\u00e1is de 15.000 persoas, segundo datos que manexan as autoescolas da nosa Comunidade Aut\u00f3noma.<\/p>\n<p>\u00a0<\/p>\n<p>A iniciativa popular fai referencia a que \u201cGalicia volve a ser discriminada polo Goberno do Estado\u201d nesta ocasi\u00f3n referido as plantillas de examinadores de tr\u00e1fico xa que das 95 prazas convocadas (35 interinos por Resoluci\u00f3n de 18 de marzo de 2021 cuxo nomeamento e asignaci\u00f3n de destinos produciuse o pasado 14 de xullo, e 60 prazas por Resoluci\u00f3n do 19 de abril de 2021) para repartir entre as diferentes xefaturas provinciais de Espa\u00f1a \u201cque m\u00e1is o poidan necesitar\u201d Galicia non ser\u00e1 destino de ningunha das mesmas.<\/p>\n<p>\u00a0<\/p>\n<p>Os populares galegos recordan que o carn\u00e9 de conducir \u00e9 hoxe en d\u00eda unha ferramenta importante de traballo, mobilidade e independencia. \u201c\u00c9 requerido en moitas ofertas de traballo e na situaci\u00f3n actual o sector lox\u00edstico e do transporte \u00e9 un dos motores da creaci\u00f3n de emprego e o carn\u00e9 incrementa as oportunidades de acceso aos traballos\u201d.<\/p>\n<p>\u00a0<\/p>\n<p>Ademais, engaden na iniciativa, en Galicia \u201cse queremos fixar poboaci\u00f3n no entorno rural e tendo en conta a dispersi\u00f3n poboacional, resulta imprescindible favorecer o acceso ao carn\u00e9 para facilitar os desprazamentos diarios, non s\u00f3 ao posto de traballo sen\u00f3n ao centro de estudos, ao centro de sa\u00fade ou simplemente a actividades de lecer\u201d.<\/p>\n<p>\u00a0<\/p>\n<p>O carn\u00e9 tam\u00e9n aporta liberdade de movemento para non ter que dependen de terceiras persoas ou horarios dos servizos de transporte e, nese sentido, recordan os populares galegos que a Xunta de Galicia, co obxectivo de mellorar a autonom\u00eda, mobilidade e inserci\u00f3n laboral da xuventude, ven de publicar unha li\u00f1a de axudas, no marco do Plan Estrat\u00e9xico de Xuventude 2021, para pagar o custe do permiso de conducir tipo B ou C por importe de 400 e 600 euros respectivamente, publicada no DOG do 13 de agosto.<\/p>\n","protected":false},"excerpt":{"rendered":"<p>Santiago, 20 de agosto de 2021- O Grupo Parlamentario Popular ven de rexistrar hoxe no Parlamento unha iniciativa encami\u00f1ada a solicitar ao Goberno de Espa\u00f1a que convoque de xeito urxente un proceso selectivo que permita cubrir as prazas de examinadores de Tr\u00e1fico vacantes na Comunidade Aut\u00f3noma de Galicia, para atender as graves carencias de persoal [&hellip;]<\/p>\n","protected":false},"author":38,"featured_media":56131,"comment_status":"open","ping_status":"open","sticky":false,"template":"","format":"standard","meta":{"_acf_changed":false,"footnotes":""},"categories":[1],"tags":[],"class_list":["post-56132","post","type-post","status-publish","format-standard","has-post-thumbnail","hentry","category-pp-de-galicia"],"acf":[],"yoast_head":"<!-- This site is optimized with the Yoast SEO plugin v27.3 - https:\/\/yoast.com\/product\/yoast-seo-wordpress\/ -->\n<title>O PPdeG rexistra a petici\u00f3n de m\u00e1is examinadores de Tr\u00e1fico para que cese o colapso e listas de agarda en Galicia - PP de Galicia<\/title>\n<meta name=\"robots\" content=\"index, follow, max-snippet:-1, max-image-preview:large, max-video-preview:-1\" \/>\n<link rel=\"canonical\" href=\"https:\/\/ppdegalicia.com\/es\/o-ppdeg-rexistra-a-peticion-de-mais-examinadores-de-trafico-para-que-cese-o-colapso-e-listas-de-agarda-en-galicia\/\" \/>\n<meta property=\"og:locale\" content=\"es_ES\" \/>\n<meta property=\"og:type\" content=\"article\" \/>\n<meta property=\"og:title\" content=\"O PPdeG rexistra a petici\u00f3n de m\u00e1is examinadores de Tr\u00e1fico para que cese o colapso e listas de agarda en Galicia - PP de Galicia\" \/>\n<meta property=\"og:description\" content=\"Santiago, 20 de agosto de 2021- O Grupo Parlamentario Popular ven de rexistrar hoxe no Parlamento unha iniciativa encami\u00f1ada a solicitar ao Goberno de Espa\u00f1a que convoque de xeito urxente un proceso selectivo que permita cubrir as prazas de examinadores de Tr\u00e1fico vacantes na Comunidade Aut\u00f3noma de Galicia, para atender as graves carencias de persoal [&hellip;]\" \/>\n<meta property=\"og:url\" content=\"https:\/\/ppdegalicia.com\/es\/o-ppdeg-rexistra-a-peticion-de-mais-examinadores-de-trafico-para-que-cese-o-colapso-e-listas-de-agarda-en-galicia\/\" \/>\n<meta property=\"og:site_name\" content=\"PP de Galicia\" \/>\n<meta property=\"article:publisher\" content=\"https:\/\/www.instagram.com\/ppdegalicia\/\" \/>\n<meta property=\"article:published_time\" content=\"2021-08-20T08:20:51+00:00\" \/>\n<meta property=\"og:image\" content=\"https:\/\/ppdegalicia.com\/wp-content\/uploads\/2021\/08\/b58be3d36b894cec88ab2dc99ddb346a.jpg\" \/>\n\t<meta property=\"og:image:width\" content=\"1900\" \/>\n\t<meta property=\"og:image:height\" content=\"1267\" \/>\n\t<meta property=\"og:image:type\" content=\"image\/jpeg\" \/>\n<meta name=\"author\" content=\"ppdegaliciaredes\" \/>\n<meta name=\"twitter:card\" content=\"summary_large_image\" \/>\n<meta name=\"twitter:creator\" content=\"@ppdegalicia\" \/>\n<meta name=\"twitter:site\" content=\"@ppdegalicia\" \/>\n<meta name=\"twitter:label1\" content=\"Escrito por\" \/>\n\t<meta name=\"twitter:data1\" content=\"ppdegaliciaredes\" \/>\n\t<meta name=\"twitter:label2\" content=\"Tiempo de lectura\" \/>\n\t<meta name=\"twitter:data2\" content=\"3 minutos\" \/>\n<script type=\"application\/ld+json\" class=\"yoast-schema-graph\">{\"@context\":\"https:\\\/\\\/schema.org\",\"@graph\":[{\"@type\":\"Article\",\"@id\":\"https:\\\/\\\/ppdegalicia.com\\\/es\\\/o-ppdeg-rexistra-a-peticion-de-mais-examinadores-de-trafico-para-que-cese-o-colapso-e-listas-de-agarda-en-galicia\\\/#article\",\"isPartOf\":{\"@id\":\"https:\\\/\\\/ppdegalicia.com\\\/es\\\/o-ppdeg-rexistra-a-peticion-de-mais-examinadores-de-trafico-para-que-cese-o-colapso-e-listas-de-agarda-en-galicia\\\/\"},\"author\":{\"name\":\"ppdegaliciaredes\",\"@id\":\"https:\\\/\\\/ppdegalicia.com\\\/es\\\/#\\\/schema\\\/person\\\/5b822c6f59e872ebdd1142f307dbcb59\"},\"headline\":\"O PPdeG rexistra a petici\u00f3n de m\u00e1is examinadores de Tr\u00e1fico para que cese o colapso e listas de agarda en Galicia\",\"datePublished\":\"2021-08-20T08:20:51+00:00\",\"mainEntityOfPage\":{\"@id\":\"https:\\\/\\\/ppdegalicia.com\\\/es\\\/o-ppdeg-rexistra-a-peticion-de-mais-examinadores-de-trafico-para-que-cese-o-colapso-e-listas-de-agarda-en-galicia\\\/\"},\"wordCount\":583,\"commentCount\":0,\"publisher\":{\"@id\":\"https:\\\/\\\/ppdegalicia.com\\\/es\\\/#organization\"},\"image\":{\"@id\":\"https:\\\/\\\/ppdegalicia.com\\\/es\\\/o-ppdeg-rexistra-a-peticion-de-mais-examinadores-de-trafico-para-que-cese-o-colapso-e-listas-de-agarda-en-galicia\\\/#primaryimage\"},\"thumbnailUrl\":\"https:\\\/\\\/ppdegalicia.com\\\/wp-content\\\/uploads\\\/2021\\\/08\\\/b58be3d36b894cec88ab2dc99ddb346a.jpg\",\"articleSection\":[\"PP de Galicia\"],\"inLanguage\":\"es\",\"potentialAction\":[{\"@type\":\"CommentAction\",\"name\":\"Comment\",\"target\":[\"https:\\\/\\\/ppdegalicia.com\\\/es\\\/o-ppdeg-rexistra-a-peticion-de-mais-examinadores-de-trafico-para-que-cese-o-colapso-e-listas-de-agarda-en-galicia\\\/#respond\"]}]},{\"@type\":\"WebPage\",\"@id\":\"https:\\\/\\\/ppdegalicia.com\\\/es\\\/o-ppdeg-rexistra-a-peticion-de-mais-examinadores-de-trafico-para-que-cese-o-colapso-e-listas-de-agarda-en-galicia\\\/\",\"url\":\"https:\\\/\\\/ppdegalicia.com\\\/es\\\/o-ppdeg-rexistra-a-peticion-de-mais-examinadores-de-trafico-para-que-cese-o-colapso-e-listas-de-agarda-en-galicia\\\/\",\"name\":\"O PPdeG rexistra a petici\u00f3n de m\u00e1is examinadores de Tr\u00e1fico para que cese o colapso e listas de agarda en Galicia - PP de Galicia\",\"isPartOf\":{\"@id\":\"https:\\\/\\\/ppdegalicia.com\\\/es\\\/#website\"},\"primaryImageOfPage\":{\"@id\":\"https:\\\/\\\/ppdegalicia.com\\\/es\\\/o-ppdeg-rexistra-a-peticion-de-mais-examinadores-de-trafico-para-que-cese-o-colapso-e-listas-de-agarda-en-galicia\\\/#primaryimage\"},\"image\":{\"@id\":\"https:\\\/\\\/ppdegalicia.com\\\/es\\\/o-ppdeg-rexistra-a-peticion-de-mais-examinadores-de-trafico-para-que-cese-o-colapso-e-listas-de-agarda-en-galicia\\\/#primaryimage\"},\"thumbnailUrl\":\"https:\\\/\\\/ppdegalicia.com\\\/wp-content\\\/uploads\\\/2021\\\/08\\\/b58be3d36b894cec88ab2dc99ddb346a.jpg\",\"datePublished\":\"2021-08-20T08:20:51+00:00\",\"breadcrumb\":{\"@id\":\"https:\\\/\\\/ppdegalicia.com\\\/es\\\/o-ppdeg-rexistra-a-peticion-de-mais-examinadores-de-trafico-para-que-cese-o-colapso-e-listas-de-agarda-en-galicia\\\/#breadcrumb\"},\"inLanguage\":\"es\",\"potentialAction\":[{\"@type\":\"ReadAction\",\"target\":[\"https:\\\/\\\/ppdegalicia.com\\\/es\\\/o-ppdeg-rexistra-a-peticion-de-mais-examinadores-de-trafico-para-que-cese-o-colapso-e-listas-de-agarda-en-galicia\\\/\"]}]},{\"@type\":\"ImageObject\",\"inLanguage\":\"es\",\"@id\":\"https:\\\/\\\/ppdegalicia.com\\\/es\\\/o-ppdeg-rexistra-a-peticion-de-mais-examinadores-de-trafico-para-que-cese-o-colapso-e-listas-de-agarda-en-galicia\\\/#primaryimage\",\"url\":\"https:\\\/\\\/ppdegalicia.com\\\/wp-content\\\/uploads\\\/2021\\\/08\\\/b58be3d36b894cec88ab2dc99ddb346a.jpg\",\"contentUrl\":\"https:\\\/\\\/ppdegalicia.com\\\/wp-content\\\/uploads\\\/2021\\\/08\\\/b58be3d36b894cec88ab2dc99ddb346a.jpg\",\"width\":1900,\"height\":1267},{\"@type\":\"BreadcrumbList\",\"@id\":\"https:\\\/\\\/ppdegalicia.com\\\/es\\\/o-ppdeg-rexistra-a-peticion-de-mais-examinadores-de-trafico-para-que-cese-o-colapso-e-listas-de-agarda-en-galicia\\\/#breadcrumb\",\"itemListElement\":[{\"@type\":\"ListItem\",\"position\":1,\"name\":\"Portada\",\"item\":\"https:\\\/\\\/ppdegalicia.com\\\/es\\\/\"},{\"@type\":\"ListItem\",\"position\":2,\"name\":\"O PPdeG rexistra a petici\u00f3n de m\u00e1is examinadores de Tr\u00e1fico para que cese o colapso e listas de agarda en Galicia\"}]},{\"@type\":\"WebSite\",\"@id\":\"https:\\\/\\\/ppdegalicia.com\\\/es\\\/#website\",\"url\":\"https:\\\/\\\/ppdegalicia.com\\\/es\\\/\",\"name\":\"Partido Popular de Galicia\",\"description\":\"Partido Popular de Galicia\",\"publisher\":{\"@id\":\"https:\\\/\\\/ppdegalicia.com\\\/es\\\/#organization\"},\"alternateName\":\"PP de Galicia\",\"potentialAction\":[{\"@type\":\"SearchAction\",\"target\":{\"@type\":\"EntryPoint\",\"urlTemplate\":\"https:\\\/\\\/ppdegalicia.com\\\/es\\\/?s={search_term_string}\"},\"query-input\":{\"@type\":\"PropertyValueSpecification\",\"valueRequired\":true,\"valueName\":\"search_term_string\"}}],\"inLanguage\":\"es\"},{\"@type\":\"Organization\",\"@id\":\"https:\\\/\\\/ppdegalicia.com\\\/es\\\/#organization\",\"name\":\"Partido Popular de Galicia\",\"alternateName\":\"PP de Galicia\",\"url\":\"https:\\\/\\\/ppdegalicia.com\\\/es\\\/\",\"logo\":{\"@type\":\"ImageObject\",\"inLanguage\":\"es\",\"@id\":\"https:\\\/\\\/ppdegalicia.com\\\/es\\\/#\\\/schema\\\/logo\\\/image\\\/\",\"url\":\"https:\\\/\\\/ppdegalicia.com\\\/wp-content\\\/uploads\\\/2023\\\/04\\\/logoPP512.png\",\"contentUrl\":\"https:\\\/\\\/ppdegalicia.com\\\/wp-content\\\/uploads\\\/2023\\\/04\\\/logoPP512.png\",\"width\":512,\"height\":512,\"caption\":\"Partido Popular de Galicia\"},\"image\":{\"@id\":\"https:\\\/\\\/ppdegalicia.com\\\/es\\\/#\\\/schema\\\/logo\\\/image\\\/\"},\"sameAs\":[\"https:\\\/\\\/www.instagram.com\\\/ppdegalicia\\\/\",\"https:\\\/\\\/x.com\\\/ppdegalicia\",\"https:\\\/\\\/www.tiktok.com\\\/@ppdegalicia\",\"https:\\\/\\\/www.youtube.com\\\/user\\\/ppdegalicia\"]},{\"@type\":\"Person\",\"@id\":\"https:\\\/\\\/ppdegalicia.com\\\/es\\\/#\\\/schema\\\/person\\\/5b822c6f59e872ebdd1142f307dbcb59\",\"name\":\"ppdegaliciaredes\",\"image\":{\"@type\":\"ImageObject\",\"inLanguage\":\"es\",\"@id\":\"https:\\\/\\\/secure.gravatar.com\\\/avatar\\\/3c9179cf0256d00c72a48d1f25783c58b6842cd56e85ef3a572881c8e28ccd59?s=96&d=mm&r=g\",\"url\":\"https:\\\/\\\/secure.gravatar.com\\\/avatar\\\/3c9179cf0256d00c72a48d1f25783c58b6842cd56e85ef3a572881c8e28ccd59?s=96&d=mm&r=g\",\"contentUrl\":\"https:\\\/\\\/secure.gravatar.com\\\/avatar\\\/3c9179cf0256d00c72a48d1f25783c58b6842cd56e85ef3a572881c8e28ccd59?s=96&d=mm&r=g\",\"caption\":\"ppdegaliciaredes\"},\"url\":\"https:\\\/\\\/ppdegalicia.com\\\/es\\\/author\\\/ppdegaliciaredes\\\/\"}]}<\/script>\n<!-- \/ Yoast SEO plugin. -->","yoast_head_json":{"title":"O PPdeG rexistra a petici\u00f3n de m\u00e1is examinadores de Tr\u00e1fico para que cese o colapso e listas de agarda en Galicia - PP de Galicia","robots":{"index":"index","follow":"follow","max-snippet":"max-snippet:-1","max-image-preview":"max-image-preview:large","max-video-preview":"max-video-preview:-1"},"canonical":"https:\/\/ppdegalicia.com\/es\/o-ppdeg-rexistra-a-peticion-de-mais-examinadores-de-trafico-para-que-cese-o-colapso-e-listas-de-agarda-en-galicia\/","og_locale":"es_ES","og_type":"article","og_title":"O PPdeG rexistra a petici\u00f3n de m\u00e1is examinadores de Tr\u00e1fico para que cese o colapso e listas de agarda en Galicia - PP de Galicia","og_description":"Santiago, 20 de agosto de 2021- O Grupo Parlamentario Popular ven de rexistrar hoxe no Parlamento unha iniciativa encami\u00f1ada a solicitar ao Goberno de Espa\u00f1a que convoque de xeito urxente un proceso selectivo que permita cubrir as prazas de examinadores de Tr\u00e1fico vacantes na Comunidade Aut\u00f3noma de Galicia, para atender as graves carencias de persoal [&hellip;]","og_url":"https:\/\/ppdegalicia.com\/es\/o-ppdeg-rexistra-a-peticion-de-mais-examinadores-de-trafico-para-que-cese-o-colapso-e-listas-de-agarda-en-galicia\/","og_site_name":"PP de Galicia","article_publisher":"https:\/\/www.instagram.com\/ppdegalicia\/","article_published_time":"2021-08-20T08:20:51+00:00","og_image":[{"width":1900,"height":1267,"url":"https:\/\/ppdegalicia.com\/wp-content\/uploads\/2021\/08\/b58be3d36b894cec88ab2dc99ddb346a.jpg","type":"image\/jpeg"}],"author":"ppdegaliciaredes","twitter_card":"summary_large_image","twitter_creator":"@ppdegalicia","twitter_site":"@ppdegalicia","twitter_misc":{"Escrito por":"ppdegaliciaredes","Tiempo de lectura":"3 minutos"},"schema":{"@context":"https:\/\/schema.org","@graph":[{"@type":"Article","@id":"https:\/\/ppdegalicia.com\/es\/o-ppdeg-rexistra-a-peticion-de-mais-examinadores-de-trafico-para-que-cese-o-colapso-e-listas-de-agarda-en-galicia\/#article","isPartOf":{"@id":"https:\/\/ppdegalicia.com\/es\/o-ppdeg-rexistra-a-peticion-de-mais-examinadores-de-trafico-para-que-cese-o-colapso-e-listas-de-agarda-en-galicia\/"},"author":{"name":"ppdegaliciaredes","@id":"https:\/\/ppdegalicia.com\/es\/#\/schema\/person\/5b822c6f59e872ebdd1142f307dbcb59"},"headline":"O PPdeG rexistra a petici\u00f3n de m\u00e1is examinadores de Tr\u00e1fico para que cese o colapso e listas de agarda en Galicia","datePublished":"2021-08-20T08:20:51+00:00","mainEntityOfPage":{"@id":"https:\/\/ppdegalicia.com\/es\/o-ppdeg-rexistra-a-peticion-de-mais-examinadores-de-trafico-para-que-cese-o-colapso-e-listas-de-agarda-en-galicia\/"},"wordCount":583,"commentCount":0,"publisher":{"@id":"https:\/\/ppdegalicia.com\/es\/#organization"},"image":{"@id":"https:\/\/ppdegalicia.com\/es\/o-ppdeg-rexistra-a-peticion-de-mais-examinadores-de-trafico-para-que-cese-o-colapso-e-listas-de-agarda-en-galicia\/#primaryimage"},"thumbnailUrl":"https:\/\/ppdegalicia.com\/wp-content\/uploads\/2021\/08\/b58be3d36b894cec88ab2dc99ddb346a.jpg","articleSection":["PP de Galicia"],"inLanguage":"es","potentialAction":[{"@type":"CommentAction","name":"Comment","target":["https:\/\/ppdegalicia.com\/es\/o-ppdeg-rexistra-a-peticion-de-mais-examinadores-de-trafico-para-que-cese-o-colapso-e-listas-de-agarda-en-galicia\/#respond"]}]},{"@type":"WebPage","@id":"https:\/\/ppdegalicia.com\/es\/o-ppdeg-rexistra-a-peticion-de-mais-examinadores-de-trafico-para-que-cese-o-colapso-e-listas-de-agarda-en-galicia\/","url":"https:\/\/ppdegalicia.com\/es\/o-ppdeg-rexistra-a-peticion-de-mais-examinadores-de-trafico-para-que-cese-o-colapso-e-listas-de-agarda-en-galicia\/","name":"O PPdeG rexistra a petici\u00f3n de m\u00e1is examinadores de Tr\u00e1fico para que cese o colapso e listas de agarda en Galicia - PP de Galicia","isPartOf":{"@id":"https:\/\/ppdegalicia.com\/es\/#website"},"primaryImageOfPage":{"@id":"https:\/\/ppdegalicia.com\/es\/o-ppdeg-rexistra-a-peticion-de-mais-examinadores-de-trafico-para-que-cese-o-colapso-e-listas-de-agarda-en-galicia\/#primaryimage"},"image":{"@id":"https:\/\/ppdegalicia.com\/es\/o-ppdeg-rexistra-a-peticion-de-mais-examinadores-de-trafico-para-que-cese-o-colapso-e-listas-de-agarda-en-galicia\/#primaryimage"},"thumbnailUrl":"https:\/\/ppdegalicia.com\/wp-content\/uploads\/2021\/08\/b58be3d36b894cec88ab2dc99ddb346a.jpg","datePublished":"2021-08-20T08:20:51+00:00","breadcrumb":{"@id":"https:\/\/ppdegalicia.com\/es\/o-ppdeg-rexistra-a-peticion-de-mais-examinadores-de-trafico-para-que-cese-o-colapso-e-listas-de-agarda-en-galicia\/#breadcrumb"},"inLanguage":"es","potentialAction":[{"@type":"ReadAction","target":["https:\/\/ppdegalicia.com\/es\/o-ppdeg-rexistra-a-peticion-de-mais-examinadores-de-trafico-para-que-cese-o-colapso-e-listas-de-agarda-en-galicia\/"]}]},{"@type":"ImageObject","inLanguage":"es","@id":"https:\/\/ppdegalicia.com\/es\/o-ppdeg-rexistra-a-peticion-de-mais-examinadores-de-trafico-para-que-cese-o-colapso-e-listas-de-agarda-en-galicia\/#primaryimage","url":"https:\/\/ppdegalicia.com\/wp-content\/uploads\/2021\/08\/b58be3d36b894cec88ab2dc99ddb346a.jpg","contentUrl":"https:\/\/ppdegalicia.com\/wp-content\/uploads\/2021\/08\/b58be3d36b894cec88ab2dc99ddb346a.jpg","width":1900,"height":1267},{"@type":"BreadcrumbList","@id":"https:\/\/ppdegalicia.com\/es\/o-ppdeg-rexistra-a-peticion-de-mais-examinadores-de-trafico-para-que-cese-o-colapso-e-listas-de-agarda-en-galicia\/#breadcrumb","itemListElement":[{"@type":"ListItem","position":1,"name":"Portada","item":"https:\/\/ppdegalicia.com\/es\/"},{"@type":"ListItem","position":2,"name":"O PPdeG rexistra a petici\u00f3n de m\u00e1is examinadores de Tr\u00e1fico para que cese o colapso e listas de agarda en Galicia"}]},{"@type":"WebSite","@id":"https:\/\/ppdegalicia.com\/es\/#website","url":"https:\/\/ppdegalicia.com\/es\/","name":"Partido Popular de Galicia","description":"Partido Popular de Galicia","publisher":{"@id":"https:\/\/ppdegalicia.com\/es\/#organization"},"alternateName":"PP de Galicia","potentialAction":[{"@type":"SearchAction","target":{"@type":"EntryPoint","urlTemplate":"https:\/\/ppdegalicia.com\/es\/?s={search_term_string}"},"query-input":{"@type":"PropertyValueSpecification","valueRequired":true,"valueName":"search_term_string"}}],"inLanguage":"es"},{"@type":"Organization","@id":"https:\/\/ppdegalicia.com\/es\/#organization","name":"Partido Popular de Galicia","alternateName":"PP de Galicia","url":"https:\/\/ppdegalicia.com\/es\/","logo":{"@type":"ImageObject","inLanguage":"es","@id":"https:\/\/ppdegalicia.com\/es\/#\/schema\/logo\/image\/","url":"https:\/\/ppdegalicia.com\/wp-content\/uploads\/2023\/04\/logoPP512.png","contentUrl":"https:\/\/ppdegalicia.com\/wp-content\/uploads\/2023\/04\/logoPP512.png","width":512,"height":512,"caption":"Partido Popular de Galicia"},"image":{"@id":"https:\/\/ppdegalicia.com\/es\/#\/schema\/logo\/image\/"},"sameAs":["https:\/\/www.instagram.com\/ppdegalicia\/","https:\/\/x.com\/ppdegalicia","https:\/\/www.tiktok.com\/@ppdegalicia","https:\/\/www.youtube.com\/user\/ppdegalicia"]},{"@type":"Person","@id":"https:\/\/ppdegalicia.com\/es\/#\/schema\/person\/5b822c6f59e872ebdd1142f307dbcb59","name":"ppdegaliciaredes","image":{"@type":"ImageObject","inLanguage":"es","@id":"https:\/\/secure.gravatar.com\/avatar\/3c9179cf0256d00c72a48d1f25783c58b6842cd56e85ef3a572881c8e28ccd59?s=96&d=mm&r=g","url":"https:\/\/secure.gravatar.com\/avatar\/3c9179cf0256d00c72a48d1f25783c58b6842cd56e85ef3a572881c8e28ccd59?s=96&d=mm&r=g","contentUrl":"https:\/\/secure.gravatar.com\/avatar\/3c9179cf0256d00c72a48d1f25783c58b6842cd56e85ef3a572881c8e28ccd59?s=96&d=mm&r=g","caption":"ppdegaliciaredes"},"url":"https:\/\/ppdegalicia.com\/es\/author\/ppdegaliciaredes\/"}]}},"_links":{"self":[{"href":"https:\/\/ppdegalicia.com\/es\/wp-json\/wp\/v2\/posts\/56132","targetHints":{"allow":["GET"]}}],"collection":[{"href":"https:\/\/ppdegalicia.com\/es\/wp-json\/wp\/v2\/posts"}],"about":[{"href":"https:\/\/ppdegalicia.com\/es\/wp-json\/wp\/v2\/types\/post"}],"author":[{"embeddable":true,"href":"https:\/\/ppdegalicia.com\/es\/wp-json\/wp\/v2\/users\/38"}],"replies":[{"embeddable":true,"href":"https:\/\/ppdegalicia.com\/es\/wp-json\/wp\/v2\/comments?post=56132"}],"version-history":[{"count":0,"href":"https:\/\/ppdegalicia.com\/es\/wp-json\/wp\/v2\/posts\/56132\/revisions"}],"wp:featuredmedia":[{"embeddable":true,"href":"https:\/\/ppdegalicia.com\/es\/wp-json\/wp\/v2\/media\/56131"}],"wp:attachment":[{"href":"https:\/\/ppdegalicia.com\/es\/wp-json\/wp\/v2\/media?parent=56132"}],"wp:term":[{"taxonomy":"category","embeddable":true,"href":"https:\/\/ppdegalicia.com\/es\/wp-json\/wp\/v2\/categories?post=56132"},{"taxonomy":"post_tag","embeddable":true,"href":"https:\/\/ppdegalicia.com\/es\/wp-json\/wp\/v2\/tags?post=56132"}],"curies":[{"name":"wp","href":"https:\/\/api.w.org\/{rel}","templated":true}]}}