{"id":56142,"date":"2021-08-29T14:33:06","date_gmt":"2021-08-29T12:33:06","guid":{"rendered":"https:\/\/ppdegalicia.com\/feijoo-sinala-que-o-pp-sera-garantia-de-crecemento-de-unidade-e-de-certezas-na-galicia-de-despois-da-pandemia\/"},"modified":"2021-08-29T14:33:06","modified_gmt":"2021-08-29T12:33:06","slug":"feijoo-sinala-que-o-pp-sera-garantia-de-crecemento-de-unidade-e-de-certezas-na-galicia-de-despois-da-pandemia","status":"publish","type":"post","link":"https:\/\/ppdegalicia.com\/es\/feijoo-sinala-que-o-pp-sera-garantia-de-crecemento-de-unidade-e-de-certezas-na-galicia-de-despois-da-pandemia\/","title":{"rendered":"Feij\u00f3o sinala que o PP ser\u00e1 garant\u00eda de crecemento, de unidade e de certezas na Galicia de despois da pandemia"},"content":{"rendered":"<p><img fetchpriority=\"high\" decoding=\"async\" class=\" size-full wp-image-56141\" src=\"https:\/\/ppdegalicia.com\/wp-content\/uploads\/2021\/08\/67899e7fd4ecfa2dfbb22dd7dc4be700.jpg\" alt=\"\" width=\"1600\" height=\"1064\" srcset=\"https:\/\/ppdegalicia.com\/wp-content\/uploads\/2021\/08\/67899e7fd4ecfa2dfbb22dd7dc4be700.jpg 1600w, https:\/\/ppdegalicia.com\/wp-content\/uploads\/2021\/08\/67899e7fd4ecfa2dfbb22dd7dc4be700-300x200.jpg 300w, https:\/\/ppdegalicia.com\/wp-content\/uploads\/2021\/08\/67899e7fd4ecfa2dfbb22dd7dc4be700-1024x681.jpg 1024w, https:\/\/ppdegalicia.com\/wp-content\/uploads\/2021\/08\/67899e7fd4ecfa2dfbb22dd7dc4be700-768x511.jpg 768w, https:\/\/ppdegalicia.com\/wp-content\/uploads\/2021\/08\/67899e7fd4ecfa2dfbb22dd7dc4be700-1536x1021.jpg 1536w\" sizes=\"(max-width: 1600px) 100vw, 1600px\" \/><\/p>\n<p style=\"text-align: justify;\">Indica que traballar\u00e1n para que os vindeiros meses sexan de recuperaci\u00f3n econ\u00f3mica, reactivaci\u00f3n social e renovaci\u00f3n org\u00e1nica da organizaci\u00f3n<\/p>\n<p><!--more--><\/p>\n<p style=\"text-align: justify;\">O presidente dos populares galegos, Alberto N\u00fa\u00f1ez Feij\u00f3o, sinalou durante a celebraci\u00f3n do inicio do curso pol\u00edtico do PPdeG que o Partido Popular non ten m\u00e1is obxectivo que acertar para ser garant\u00eda de crecemento, de unidade e de certezas na Galicia de despois da pandemia.<\/p>\n<p style=\"text-align: justify;\">\u00a0<\/p>\n<p style=\"text-align: justify;\">Segundo expresou, estamos ante uns meses clave que definir\u00e1n a evoluci\u00f3n desta lexislatura, polo que a s\u00faa formaci\u00f3n deber\u00e1 po\u00f1er todo o seu esforzo, capacidade e traballo en conseguir que este sexa tempo de recuperaci\u00f3n econ\u00f3mica, reactivaci\u00f3n social e de renovaci\u00f3n org\u00e1nica do partido.<\/p>\n<p style=\"text-align: justify;\">\u00a0<\/p>\n<p style=\"text-align: justify;\"><strong><u>UNHA RECUPERACI\u00d3N S\u00d3LIDA<\/u><\/strong><\/p>\n<p style=\"text-align: justify;\">O l\u00edder do PPdeG recordou que a nosa Comunidade resistiu mellor o impacto da Covid na econom\u00eda que o conxunto de Espa\u00f1a -o noso PIB e as nosas exportaci\u00f3ns caeron menos en 2020 que a media nacional e destru\u00edmos menos emprego- grazas \u00e1 adaptaci\u00f3n das medidas \u00e1 situaci\u00f3n de cada momento, ao apoio brindado aos sectores afectados, a unha pol\u00edtica econ\u00f3mica ben orientada e responsable e a unhas contas p\u00fablicas saneadas.<\/p>\n<p style=\"text-align: justify;\">\u00a0<\/p>\n<p style=\"text-align: justify;\">Sen embargo, aclarou que os populares non se conforman con estar entre os que menos caeron, sen\u00f3n que te\u00f1en como obxectivo que Galicia volva ao cami\u00f1o do crecemento que levaba percorrendo durante seis anos ininterrompidos, a crear m\u00e1is e mellores oportunidades e a captar investimentos e acometer proxectos, incidindo no compromiso do PP cunha econom\u00eda verde.<\/p>\n<p style=\"text-align: justify;\">\u00a0<\/p>\n<p style=\"text-align: justify;\">Neste sentido, insistiu en que a Comunidade quere ser l\u00edder dunha recuperaci\u00f3n s\u00f3lida, protagonista da transformaci\u00f3n da econom\u00eda e unha terra cada vez m\u00e1is atractiva para emprender e investir. Para logralo, contar\u00e1 cuns Orzamentos auton\u00f3micos nos que se volver\u00e1n baixar os impostos, nos que continuar\u00e1 medrando o investimento e a innovaci\u00f3n, e nos que se seguir\u00e1n reforzando os servizos p\u00fablicos, precisamente o que Galicia necesita para aproveitar e consolidar este crecemento.<\/p>\n<p style=\"text-align: justify;\">\u00a0<\/p>\n<p style=\"text-align: justify;\"><strong><u>REFORZO DOS SERVIZOS P\u00daBLICOS<\/u><\/strong><\/p>\n<p style=\"text-align: justify;\">Feij\u00f3o asegurou que os servizos p\u00fablicos mell\u00f3ranse cunha xesti\u00f3n responsable, escoitando aos galegos e aceptando ideas para solucionar os problemas. As\u00ed, fixo fincap\u00e9 en que a Comunidade seguir\u00e1 traballando na Sanidade da pos-pandemia e no reforzo do Servizo Galego de Sa\u00fade. Ademais, apuntou en que se continuar\u00e1 pedindo ao Goberno central convocatorias de MIR extraordinarias e a eliminaci\u00f3n da taxa de reposici\u00f3n, d\u00faas medidas \u00e1s que se nega e que axudar\u00edan a resolver o problema xa a curto e medio prazo.<\/p>\n<p style=\"text-align: justify;\">\u00a0<\/p>\n<p style=\"text-align: justify;\">Doutra banda, precisou que, logo de xestionar o curso escolar m\u00e1is dif\u00edcil da historia, volvemos afrontar o inicio deste cos deberes feitos. De feito, a\u00ednda que o Ministerio non aporte os fondos necesarios, o ensino galego vai dispo\u00f1er de todo o profesorado que faga falta en todas as etapas para que as aulas volvan ser lugares seguros.<\/p>\n<p style=\"text-align: justify;\">\u00a0<\/p>\n<p style=\"text-align: justify;\">Igualmente, e despois de que levar m\u00e1is dunha d\u00e9cada despregando un sistema de atenci\u00f3n social con medidas innovadoras e adaptadas \u00e1 realidade da nosa terra, Feij\u00f3o precisou que a nosa Autonom\u00eda que continuar\u00e1 apostando polos servizos sociais no contexto da recuperaci\u00f3n -mencionando medidas como a Tarxeta B\u00e1sica ou a Tarxeta Benvida-.<\/p>\n<p style=\"text-align: justify;\">\u00a0<\/p>\n<p style=\"text-align: justify;\"><strong><u>REALMENTE POPULARES<\/u><\/strong><\/p>\n<p style=\"text-align: justify;\">O presidente tam\u00e9n se referiu \u00e1 renovaci\u00f3n org\u00e1nica que ten a formaci\u00f3n por diante e que, logo do Conclave auton\u00f3mico, continuar\u00e1 nas catro provincias e nas sete cidades, sen esquecer a convenci\u00f3n nacional do PP en outubro. Sobre isto, manifestou que deben fuxir do exemplo dos socialistas galegos, que xa est\u00e1n en plena campa\u00f1a sucia entre eles antes de convocar o seu Congreso, demostrando que a ese partido s\u00f3 lle importan as s\u00faas disputas e que hai moito que esqueceu Galicia para ser unha sucursal que s\u00f3 defende a S\u00e1nchez.<\/p>\n<p style=\"text-align: justify;\">\u00a0<\/p>\n<p style=\"text-align: justify;\">Pola contra, indicou que os populares viven dos desaf\u00edos futuros e queren ser \u00fatiles \u00e1 xente e os primeiros en escoitar, reflexionar e traballar por Galicia e por Espa\u00f1a; moi lonxe das liortas internas do Goberno central e dos socialistas nas Autonom\u00edas e da radicalizade do BNG, que se al\u00eda co independentismo.<\/p>\n<p style=\"text-align: justify;\">\u00a0<\/p>\n<p style=\"text-align: justify;\">\u201cO apelido do noso Partido, Popular, non \u00e9 nin unha palabra calquera escollida ao azar sen\u00f3n a nosa identidade\u201d, dixo explicando que son populares porque comparten as preocupaci\u00f3ns e prop\u00f3sitos do pobo, aman a nosa terra tal e como \u00e9, traballan polo que nos une e buscan servir a todos os espa\u00f1ois. Como resaltou, ese \u00e9 o ADN da s\u00faa organizaci\u00f3n, unha forza non sectaria que d\u00e1 cabida \u00e1 inmensa maior\u00eda ideol\u00f3xica que inspira ao pobo de Espa\u00f1a.<\/p>\n<p style=\"text-align: justify;\">\u00a0<\/p>\n<p style=\"text-align: justify;\"><strong><u>UN GOBERNO MELLOR <\/u><\/strong><\/p>\n<p style=\"text-align: justify;\">Durante a s\u00faa intervenci\u00f3n, Feij\u00f3o recalcou que a s\u00faa formaci\u00f3n debe aspirar a que todo o mundo saiba que son a mellor opci\u00f3n en cada lugar. De igual modo, deben lograr que todos os que non tiveron ao PP como referencia pol\u00edtica nalg\u00fan momento conf\u00eden nel para volver ter o Goberno que o pa\u00eds merece.<\/p>\n<p style=\"text-align: justify;\">\u00a0<\/p>\n<p style=\"text-align: justify;\">Nese senso, subli\u00f1ou que os populares te\u00f1en a obriga de mandar a Pedro S\u00e1nchez \u201cao mesmo sitio ao que xa se foi Pablo Iglesias\u201d para conseguir ter un Executivo central mellor e moi diferente ao actual, cuxas prioridades sexan as da xente, que asegure a seguridade xur\u00eddica para a xesti\u00f3n da pandemia, capaz de garantir que a luz te\u00f1a un prezo razoable, que faga respectar a Espa\u00f1a no panorama internacional, que po\u00f1a os fondos europeos ao servizo dos espa\u00f1ois e non dos partidos pol\u00edticos e que defenda o tecido produtivo e os postos de traballo.<\/p>\n","protected":false},"excerpt":{"rendered":"<p>Indica que traballar\u00e1n para que os vindeiros meses sexan de recuperaci\u00f3n econ\u00f3mica, reactivaci\u00f3n social e renovaci\u00f3n org\u00e1nica da organizaci\u00f3n<\/p>\n","protected":false},"author":38,"featured_media":56141,"comment_status":"open","ping_status":"open","sticky":false,"template":"","format":"standard","meta":{"_acf_changed":false,"footnotes":""},"categories":[1],"tags":[],"class_list":["post-56142","post","type-post","status-publish","format-standard","has-post-thumbnail","hentry","category-pp-de-galicia"],"acf":[],"yoast_head":"<!-- This site is optimized with the Yoast SEO plugin v27.3 - https:\/\/yoast.com\/product\/yoast-seo-wordpress\/ -->\n<title>Feij\u00f3o sinala que o PP ser\u00e1 garant\u00eda de crecemento, de unidade e de certezas na Galicia de despois da pandemia - PP de Galicia<\/title>\n<meta name=\"robots\" content=\"index, follow, max-snippet:-1, max-image-preview:large, max-video-preview:-1\" \/>\n<link rel=\"canonical\" href=\"https:\/\/ppdegalicia.com\/es\/feijoo-sinala-que-o-pp-sera-garantia-de-crecemento-de-unidade-e-de-certezas-na-galicia-de-despois-da-pandemia\/\" \/>\n<meta property=\"og:locale\" content=\"es_ES\" \/>\n<meta property=\"og:type\" content=\"article\" \/>\n<meta property=\"og:title\" content=\"Feij\u00f3o sinala que o PP ser\u00e1 garant\u00eda de crecemento, de unidade e de certezas na Galicia de despois da pandemia - PP de Galicia\" \/>\n<meta property=\"og:description\" content=\"Indica que traballar\u00e1n para que os vindeiros meses sexan de recuperaci\u00f3n econ\u00f3mica, reactivaci\u00f3n social e renovaci\u00f3n org\u00e1nica da organizaci\u00f3n\" \/>\n<meta property=\"og:url\" content=\"https:\/\/ppdegalicia.com\/es\/feijoo-sinala-que-o-pp-sera-garantia-de-crecemento-de-unidade-e-de-certezas-na-galicia-de-despois-da-pandemia\/\" \/>\n<meta property=\"og:site_name\" content=\"PP de Galicia\" \/>\n<meta property=\"article:publisher\" content=\"https:\/\/www.instagram.com\/ppdegalicia\/\" \/>\n<meta property=\"article:published_time\" content=\"2021-08-29T12:33:06+00:00\" \/>\n<meta property=\"og:image\" content=\"https:\/\/ppdegalicia.com\/wp-content\/uploads\/2021\/08\/67899e7fd4ecfa2dfbb22dd7dc4be700.jpg\" \/>\n\t<meta property=\"og:image:width\" content=\"1600\" \/>\n\t<meta property=\"og:image:height\" content=\"1064\" \/>\n\t<meta property=\"og:image:type\" content=\"image\/jpeg\" \/>\n<meta name=\"author\" content=\"ppdegaliciaredes\" \/>\n<meta name=\"twitter:card\" content=\"summary_large_image\" \/>\n<meta name=\"twitter:creator\" content=\"@ppdegalicia\" \/>\n<meta name=\"twitter:site\" content=\"@ppdegalicia\" \/>\n<meta name=\"twitter:label1\" content=\"Escrito por\" \/>\n\t<meta name=\"twitter:data1\" content=\"ppdegaliciaredes\" \/>\n\t<meta name=\"twitter:label2\" content=\"Tiempo de lectura\" \/>\n\t<meta name=\"twitter:data2\" content=\"5 minutos\" \/>\n<script type=\"application\/ld+json\" class=\"yoast-schema-graph\">{\"@context\":\"https:\\\/\\\/schema.org\",\"@graph\":[{\"@type\":\"Article\",\"@id\":\"https:\\\/\\\/ppdegalicia.com\\\/es\\\/feijoo-sinala-que-o-pp-sera-garantia-de-crecemento-de-unidade-e-de-certezas-na-galicia-de-despois-da-pandemia\\\/#article\",\"isPartOf\":{\"@id\":\"https:\\\/\\\/ppdegalicia.com\\\/es\\\/feijoo-sinala-que-o-pp-sera-garantia-de-crecemento-de-unidade-e-de-certezas-na-galicia-de-despois-da-pandemia\\\/\"},\"author\":{\"name\":\"ppdegaliciaredes\",\"@id\":\"https:\\\/\\\/ppdegalicia.com\\\/es\\\/#\\\/schema\\\/person\\\/5b822c6f59e872ebdd1142f307dbcb59\"},\"headline\":\"Feij\u00f3o sinala que o PP ser\u00e1 garant\u00eda de crecemento, de unidade e de certezas na Galicia de despois da pandemia\",\"datePublished\":\"2021-08-29T12:33:06+00:00\",\"mainEntityOfPage\":{\"@id\":\"https:\\\/\\\/ppdegalicia.com\\\/es\\\/feijoo-sinala-que-o-pp-sera-garantia-de-crecemento-de-unidade-e-de-certezas-na-galicia-de-despois-da-pandemia\\\/\"},\"wordCount\":1004,\"commentCount\":0,\"publisher\":{\"@id\":\"https:\\\/\\\/ppdegalicia.com\\\/es\\\/#organization\"},\"image\":{\"@id\":\"https:\\\/\\\/ppdegalicia.com\\\/es\\\/feijoo-sinala-que-o-pp-sera-garantia-de-crecemento-de-unidade-e-de-certezas-na-galicia-de-despois-da-pandemia\\\/#primaryimage\"},\"thumbnailUrl\":\"https:\\\/\\\/ppdegalicia.com\\\/wp-content\\\/uploads\\\/2021\\\/08\\\/67899e7fd4ecfa2dfbb22dd7dc4be700.jpg\",\"articleSection\":[\"PP de Galicia\"],\"inLanguage\":\"es\",\"potentialAction\":[{\"@type\":\"CommentAction\",\"name\":\"Comment\",\"target\":[\"https:\\\/\\\/ppdegalicia.com\\\/es\\\/feijoo-sinala-que-o-pp-sera-garantia-de-crecemento-de-unidade-e-de-certezas-na-galicia-de-despois-da-pandemia\\\/#respond\"]}]},{\"@type\":\"WebPage\",\"@id\":\"https:\\\/\\\/ppdegalicia.com\\\/es\\\/feijoo-sinala-que-o-pp-sera-garantia-de-crecemento-de-unidade-e-de-certezas-na-galicia-de-despois-da-pandemia\\\/\",\"url\":\"https:\\\/\\\/ppdegalicia.com\\\/es\\\/feijoo-sinala-que-o-pp-sera-garantia-de-crecemento-de-unidade-e-de-certezas-na-galicia-de-despois-da-pandemia\\\/\",\"name\":\"Feij\u00f3o sinala que o PP ser\u00e1 garant\u00eda de crecemento, de unidade e de certezas na Galicia de despois da pandemia - PP de Galicia\",\"isPartOf\":{\"@id\":\"https:\\\/\\\/ppdegalicia.com\\\/es\\\/#website\"},\"primaryImageOfPage\":{\"@id\":\"https:\\\/\\\/ppdegalicia.com\\\/es\\\/feijoo-sinala-que-o-pp-sera-garantia-de-crecemento-de-unidade-e-de-certezas-na-galicia-de-despois-da-pandemia\\\/#primaryimage\"},\"image\":{\"@id\":\"https:\\\/\\\/ppdegalicia.com\\\/es\\\/feijoo-sinala-que-o-pp-sera-garantia-de-crecemento-de-unidade-e-de-certezas-na-galicia-de-despois-da-pandemia\\\/#primaryimage\"},\"thumbnailUrl\":\"https:\\\/\\\/ppdegalicia.com\\\/wp-content\\\/uploads\\\/2021\\\/08\\\/67899e7fd4ecfa2dfbb22dd7dc4be700.jpg\",\"datePublished\":\"2021-08-29T12:33:06+00:00\",\"breadcrumb\":{\"@id\":\"https:\\\/\\\/ppdegalicia.com\\\/es\\\/feijoo-sinala-que-o-pp-sera-garantia-de-crecemento-de-unidade-e-de-certezas-na-galicia-de-despois-da-pandemia\\\/#breadcrumb\"},\"inLanguage\":\"es\",\"potentialAction\":[{\"@type\":\"ReadAction\",\"target\":[\"https:\\\/\\\/ppdegalicia.com\\\/es\\\/feijoo-sinala-que-o-pp-sera-garantia-de-crecemento-de-unidade-e-de-certezas-na-galicia-de-despois-da-pandemia\\\/\"]}]},{\"@type\":\"ImageObject\",\"inLanguage\":\"es\",\"@id\":\"https:\\\/\\\/ppdegalicia.com\\\/es\\\/feijoo-sinala-que-o-pp-sera-garantia-de-crecemento-de-unidade-e-de-certezas-na-galicia-de-despois-da-pandemia\\\/#primaryimage\",\"url\":\"https:\\\/\\\/ppdegalicia.com\\\/wp-content\\\/uploads\\\/2021\\\/08\\\/67899e7fd4ecfa2dfbb22dd7dc4be700.jpg\",\"contentUrl\":\"https:\\\/\\\/ppdegalicia.com\\\/wp-content\\\/uploads\\\/2021\\\/08\\\/67899e7fd4ecfa2dfbb22dd7dc4be700.jpg\",\"width\":1600,\"height\":1064},{\"@type\":\"BreadcrumbList\",\"@id\":\"https:\\\/\\\/ppdegalicia.com\\\/es\\\/feijoo-sinala-que-o-pp-sera-garantia-de-crecemento-de-unidade-e-de-certezas-na-galicia-de-despois-da-pandemia\\\/#breadcrumb\",\"itemListElement\":[{\"@type\":\"ListItem\",\"position\":1,\"name\":\"Portada\",\"item\":\"https:\\\/\\\/ppdegalicia.com\\\/es\\\/\"},{\"@type\":\"ListItem\",\"position\":2,\"name\":\"Feij\u00f3o sinala que o PP ser\u00e1 garant\u00eda de crecemento, de unidade e de certezas na Galicia de despois da pandemia\"}]},{\"@type\":\"WebSite\",\"@id\":\"https:\\\/\\\/ppdegalicia.com\\\/es\\\/#website\",\"url\":\"https:\\\/\\\/ppdegalicia.com\\\/es\\\/\",\"name\":\"Partido Popular de Galicia\",\"description\":\"Partido Popular de Galicia\",\"publisher\":{\"@id\":\"https:\\\/\\\/ppdegalicia.com\\\/es\\\/#organization\"},\"alternateName\":\"PP de Galicia\",\"potentialAction\":[{\"@type\":\"SearchAction\",\"target\":{\"@type\":\"EntryPoint\",\"urlTemplate\":\"https:\\\/\\\/ppdegalicia.com\\\/es\\\/?s={search_term_string}\"},\"query-input\":{\"@type\":\"PropertyValueSpecification\",\"valueRequired\":true,\"valueName\":\"search_term_string\"}}],\"inLanguage\":\"es\"},{\"@type\":\"Organization\",\"@id\":\"https:\\\/\\\/ppdegalicia.com\\\/es\\\/#organization\",\"name\":\"Partido Popular de Galicia\",\"alternateName\":\"PP de Galicia\",\"url\":\"https:\\\/\\\/ppdegalicia.com\\\/es\\\/\",\"logo\":{\"@type\":\"ImageObject\",\"inLanguage\":\"es\",\"@id\":\"https:\\\/\\\/ppdegalicia.com\\\/es\\\/#\\\/schema\\\/logo\\\/image\\\/\",\"url\":\"https:\\\/\\\/ppdegalicia.com\\\/wp-content\\\/uploads\\\/2023\\\/04\\\/logoPP512.png\",\"contentUrl\":\"https:\\\/\\\/ppdegalicia.com\\\/wp-content\\\/uploads\\\/2023\\\/04\\\/logoPP512.png\",\"width\":512,\"height\":512,\"caption\":\"Partido Popular de Galicia\"},\"image\":{\"@id\":\"https:\\\/\\\/ppdegalicia.com\\\/es\\\/#\\\/schema\\\/logo\\\/image\\\/\"},\"sameAs\":[\"https:\\\/\\\/www.instagram.com\\\/ppdegalicia\\\/\",\"https:\\\/\\\/x.com\\\/ppdegalicia\",\"https:\\\/\\\/www.tiktok.com\\\/@ppdegalicia\",\"https:\\\/\\\/www.youtube.com\\\/user\\\/ppdegalicia\"]},{\"@type\":\"Person\",\"@id\":\"https:\\\/\\\/ppdegalicia.com\\\/es\\\/#\\\/schema\\\/person\\\/5b822c6f59e872ebdd1142f307dbcb59\",\"name\":\"ppdegaliciaredes\",\"image\":{\"@type\":\"ImageObject\",\"inLanguage\":\"es\",\"@id\":\"https:\\\/\\\/secure.gravatar.com\\\/avatar\\\/3c9179cf0256d00c72a48d1f25783c58b6842cd56e85ef3a572881c8e28ccd59?s=96&d=mm&r=g\",\"url\":\"https:\\\/\\\/secure.gravatar.com\\\/avatar\\\/3c9179cf0256d00c72a48d1f25783c58b6842cd56e85ef3a572881c8e28ccd59?s=96&d=mm&r=g\",\"contentUrl\":\"https:\\\/\\\/secure.gravatar.com\\\/avatar\\\/3c9179cf0256d00c72a48d1f25783c58b6842cd56e85ef3a572881c8e28ccd59?s=96&d=mm&r=g\",\"caption\":\"ppdegaliciaredes\"},\"url\":\"https:\\\/\\\/ppdegalicia.com\\\/es\\\/author\\\/ppdegaliciaredes\\\/\"}]}<\/script>\n<!-- \/ Yoast SEO plugin. -->","yoast_head_json":{"title":"Feij\u00f3o sinala que o PP ser\u00e1 garant\u00eda de crecemento, de unidade e de certezas na Galicia de despois da pandemia - PP de Galicia","robots":{"index":"index","follow":"follow","max-snippet":"max-snippet:-1","max-image-preview":"max-image-preview:large","max-video-preview":"max-video-preview:-1"},"canonical":"https:\/\/ppdegalicia.com\/es\/feijoo-sinala-que-o-pp-sera-garantia-de-crecemento-de-unidade-e-de-certezas-na-galicia-de-despois-da-pandemia\/","og_locale":"es_ES","og_type":"article","og_title":"Feij\u00f3o sinala que o PP ser\u00e1 garant\u00eda de crecemento, de unidade e de certezas na Galicia de despois da pandemia - PP de Galicia","og_description":"Indica que traballar\u00e1n para que os vindeiros meses sexan de recuperaci\u00f3n econ\u00f3mica, reactivaci\u00f3n social e renovaci\u00f3n org\u00e1nica da organizaci\u00f3n","og_url":"https:\/\/ppdegalicia.com\/es\/feijoo-sinala-que-o-pp-sera-garantia-de-crecemento-de-unidade-e-de-certezas-na-galicia-de-despois-da-pandemia\/","og_site_name":"PP de Galicia","article_publisher":"https:\/\/www.instagram.com\/ppdegalicia\/","article_published_time":"2021-08-29T12:33:06+00:00","og_image":[{"width":1600,"height":1064,"url":"https:\/\/ppdegalicia.com\/wp-content\/uploads\/2021\/08\/67899e7fd4ecfa2dfbb22dd7dc4be700.jpg","type":"image\/jpeg"}],"author":"ppdegaliciaredes","twitter_card":"summary_large_image","twitter_creator":"@ppdegalicia","twitter_site":"@ppdegalicia","twitter_misc":{"Escrito por":"ppdegaliciaredes","Tiempo de lectura":"5 minutos"},"schema":{"@context":"https:\/\/schema.org","@graph":[{"@type":"Article","@id":"https:\/\/ppdegalicia.com\/es\/feijoo-sinala-que-o-pp-sera-garantia-de-crecemento-de-unidade-e-de-certezas-na-galicia-de-despois-da-pandemia\/#article","isPartOf":{"@id":"https:\/\/ppdegalicia.com\/es\/feijoo-sinala-que-o-pp-sera-garantia-de-crecemento-de-unidade-e-de-certezas-na-galicia-de-despois-da-pandemia\/"},"author":{"name":"ppdegaliciaredes","@id":"https:\/\/ppdegalicia.com\/es\/#\/schema\/person\/5b822c6f59e872ebdd1142f307dbcb59"},"headline":"Feij\u00f3o sinala que o PP ser\u00e1 garant\u00eda de crecemento, de unidade e de certezas na Galicia de despois da pandemia","datePublished":"2021-08-29T12:33:06+00:00","mainEntityOfPage":{"@id":"https:\/\/ppdegalicia.com\/es\/feijoo-sinala-que-o-pp-sera-garantia-de-crecemento-de-unidade-e-de-certezas-na-galicia-de-despois-da-pandemia\/"},"wordCount":1004,"commentCount":0,"publisher":{"@id":"https:\/\/ppdegalicia.com\/es\/#organization"},"image":{"@id":"https:\/\/ppdegalicia.com\/es\/feijoo-sinala-que-o-pp-sera-garantia-de-crecemento-de-unidade-e-de-certezas-na-galicia-de-despois-da-pandemia\/#primaryimage"},"thumbnailUrl":"https:\/\/ppdegalicia.com\/wp-content\/uploads\/2021\/08\/67899e7fd4ecfa2dfbb22dd7dc4be700.jpg","articleSection":["PP de Galicia"],"inLanguage":"es","potentialAction":[{"@type":"CommentAction","name":"Comment","target":["https:\/\/ppdegalicia.com\/es\/feijoo-sinala-que-o-pp-sera-garantia-de-crecemento-de-unidade-e-de-certezas-na-galicia-de-despois-da-pandemia\/#respond"]}]},{"@type":"WebPage","@id":"https:\/\/ppdegalicia.com\/es\/feijoo-sinala-que-o-pp-sera-garantia-de-crecemento-de-unidade-e-de-certezas-na-galicia-de-despois-da-pandemia\/","url":"https:\/\/ppdegalicia.com\/es\/feijoo-sinala-que-o-pp-sera-garantia-de-crecemento-de-unidade-e-de-certezas-na-galicia-de-despois-da-pandemia\/","name":"Feij\u00f3o sinala que o PP ser\u00e1 garant\u00eda de crecemento, de unidade e de certezas na Galicia de despois da pandemia - PP de Galicia","isPartOf":{"@id":"https:\/\/ppdegalicia.com\/es\/#website"},"primaryImageOfPage":{"@id":"https:\/\/ppdegalicia.com\/es\/feijoo-sinala-que-o-pp-sera-garantia-de-crecemento-de-unidade-e-de-certezas-na-galicia-de-despois-da-pandemia\/#primaryimage"},"image":{"@id":"https:\/\/ppdegalicia.com\/es\/feijoo-sinala-que-o-pp-sera-garantia-de-crecemento-de-unidade-e-de-certezas-na-galicia-de-despois-da-pandemia\/#primaryimage"},"thumbnailUrl":"https:\/\/ppdegalicia.com\/wp-content\/uploads\/2021\/08\/67899e7fd4ecfa2dfbb22dd7dc4be700.jpg","datePublished":"2021-08-29T12:33:06+00:00","breadcrumb":{"@id":"https:\/\/ppdegalicia.com\/es\/feijoo-sinala-que-o-pp-sera-garantia-de-crecemento-de-unidade-e-de-certezas-na-galicia-de-despois-da-pandemia\/#breadcrumb"},"inLanguage":"es","potentialAction":[{"@type":"ReadAction","target":["https:\/\/ppdegalicia.com\/es\/feijoo-sinala-que-o-pp-sera-garantia-de-crecemento-de-unidade-e-de-certezas-na-galicia-de-despois-da-pandemia\/"]}]},{"@type":"ImageObject","inLanguage":"es","@id":"https:\/\/ppdegalicia.com\/es\/feijoo-sinala-que-o-pp-sera-garantia-de-crecemento-de-unidade-e-de-certezas-na-galicia-de-despois-da-pandemia\/#primaryimage","url":"https:\/\/ppdegalicia.com\/wp-content\/uploads\/2021\/08\/67899e7fd4ecfa2dfbb22dd7dc4be700.jpg","contentUrl":"https:\/\/ppdegalicia.com\/wp-content\/uploads\/2021\/08\/67899e7fd4ecfa2dfbb22dd7dc4be700.jpg","width":1600,"height":1064},{"@type":"BreadcrumbList","@id":"https:\/\/ppdegalicia.com\/es\/feijoo-sinala-que-o-pp-sera-garantia-de-crecemento-de-unidade-e-de-certezas-na-galicia-de-despois-da-pandemia\/#breadcrumb","itemListElement":[{"@type":"ListItem","position":1,"name":"Portada","item":"https:\/\/ppdegalicia.com\/es\/"},{"@type":"ListItem","position":2,"name":"Feij\u00f3o sinala que o PP ser\u00e1 garant\u00eda de crecemento, de unidade e de certezas na Galicia de despois da pandemia"}]},{"@type":"WebSite","@id":"https:\/\/ppdegalicia.com\/es\/#website","url":"https:\/\/ppdegalicia.com\/es\/","name":"Partido Popular de Galicia","description":"Partido Popular de Galicia","publisher":{"@id":"https:\/\/ppdegalicia.com\/es\/#organization"},"alternateName":"PP de Galicia","potentialAction":[{"@type":"SearchAction","target":{"@type":"EntryPoint","urlTemplate":"https:\/\/ppdegalicia.com\/es\/?s={search_term_string}"},"query-input":{"@type":"PropertyValueSpecification","valueRequired":true,"valueName":"search_term_string"}}],"inLanguage":"es"},{"@type":"Organization","@id":"https:\/\/ppdegalicia.com\/es\/#organization","name":"Partido Popular de Galicia","alternateName":"PP de Galicia","url":"https:\/\/ppdegalicia.com\/es\/","logo":{"@type":"ImageObject","inLanguage":"es","@id":"https:\/\/ppdegalicia.com\/es\/#\/schema\/logo\/image\/","url":"https:\/\/ppdegalicia.com\/wp-content\/uploads\/2023\/04\/logoPP512.png","contentUrl":"https:\/\/ppdegalicia.com\/wp-content\/uploads\/2023\/04\/logoPP512.png","width":512,"height":512,"caption":"Partido Popular de Galicia"},"image":{"@id":"https:\/\/ppdegalicia.com\/es\/#\/schema\/logo\/image\/"},"sameAs":["https:\/\/www.instagram.com\/ppdegalicia\/","https:\/\/x.com\/ppdegalicia","https:\/\/www.tiktok.com\/@ppdegalicia","https:\/\/www.youtube.com\/user\/ppdegalicia"]},{"@type":"Person","@id":"https:\/\/ppdegalicia.com\/es\/#\/schema\/person\/5b822c6f59e872ebdd1142f307dbcb59","name":"ppdegaliciaredes","image":{"@type":"ImageObject","inLanguage":"es","@id":"https:\/\/secure.gravatar.com\/avatar\/3c9179cf0256d00c72a48d1f25783c58b6842cd56e85ef3a572881c8e28ccd59?s=96&d=mm&r=g","url":"https:\/\/secure.gravatar.com\/avatar\/3c9179cf0256d00c72a48d1f25783c58b6842cd56e85ef3a572881c8e28ccd59?s=96&d=mm&r=g","contentUrl":"https:\/\/secure.gravatar.com\/avatar\/3c9179cf0256d00c72a48d1f25783c58b6842cd56e85ef3a572881c8e28ccd59?s=96&d=mm&r=g","caption":"ppdegaliciaredes"},"url":"https:\/\/ppdegalicia.com\/es\/author\/ppdegaliciaredes\/"}]}},"_links":{"self":[{"href":"https:\/\/ppdegalicia.com\/es\/wp-json\/wp\/v2\/posts\/56142","targetHints":{"allow":["GET"]}}],"collection":[{"href":"https:\/\/ppdegalicia.com\/es\/wp-json\/wp\/v2\/posts"}],"about":[{"href":"https:\/\/ppdegalicia.com\/es\/wp-json\/wp\/v2\/types\/post"}],"author":[{"embeddable":true,"href":"https:\/\/ppdegalicia.com\/es\/wp-json\/wp\/v2\/users\/38"}],"replies":[{"embeddable":true,"href":"https:\/\/ppdegalicia.com\/es\/wp-json\/wp\/v2\/comments?post=56142"}],"version-history":[{"count":0,"href":"https:\/\/ppdegalicia.com\/es\/wp-json\/wp\/v2\/posts\/56142\/revisions"}],"wp:featuredmedia":[{"embeddable":true,"href":"https:\/\/ppdegalicia.com\/es\/wp-json\/wp\/v2\/media\/56141"}],"wp:attachment":[{"href":"https:\/\/ppdegalicia.com\/es\/wp-json\/wp\/v2\/media?parent=56142"}],"wp:term":[{"taxonomy":"category","embeddable":true,"href":"https:\/\/ppdegalicia.com\/es\/wp-json\/wp\/v2\/categories?post=56142"},{"taxonomy":"post_tag","embeddable":true,"href":"https:\/\/ppdegalicia.com\/es\/wp-json\/wp\/v2\/tags?post=56142"}],"curies":[{"name":"wp","href":"https:\/\/api.w.org\/{rel}","templated":true}]}}