{"id":56160,"date":"2021-09-03T12:25:40","date_gmt":"2021-09-03T10:25:40","guid":{"rendered":"https:\/\/ppdegalicia.com\/o-parlamento-aproba-que-a-nova-pac-mantena-como-minimo-para-os-sectores-de-vacun-de-leite-de-carne-e-ovino-caprino-unha-dotacion-similar-ao-periodo-2014-2020\/"},"modified":"2021-09-03T12:25:40","modified_gmt":"2021-09-03T10:25:40","slug":"o-parlamento-aproba-que-a-nova-pac-mantena-como-minimo-para-os-sectores-de-vacun-de-leite-de-carne-e-ovino-caprino-unha-dotacion-similar-ao-periodo-2014-2020","status":"publish","type":"post","link":"https:\/\/ppdegalicia.com\/es\/o-parlamento-aproba-que-a-nova-pac-mantena-como-minimo-para-os-sectores-de-vacun-de-leite-de-carne-e-ovino-caprino-unha-dotacion-similar-ao-periodo-2014-2020\/","title":{"rendered":"O Parlamento aproba que a nova PAC mante\u00f1a como m\u00ednimo para os sectores de vac\u00fan de leite, de carne e ovino-caprino unha dotaci\u00f3n similar ao per\u00edodo 2014-2020"},"content":{"rendered":"<p><img fetchpriority=\"high\" decoding=\"async\" class=\" size-full wp-image-56159\" src=\"https:\/\/ppdegalicia.com\/wp-content\/uploads\/2021\/09\/685845b9c3ddbc2be07c911c92590f8c.jpg\" alt=\"\" width=\"1900\" height=\"1164\" srcset=\"https:\/\/ppdegalicia.com\/wp-content\/uploads\/2021\/09\/685845b9c3ddbc2be07c911c92590f8c.jpg 1900w, https:\/\/ppdegalicia.com\/wp-content\/uploads\/2021\/09\/685845b9c3ddbc2be07c911c92590f8c-300x184.jpg 300w, https:\/\/ppdegalicia.com\/wp-content\/uploads\/2021\/09\/685845b9c3ddbc2be07c911c92590f8c-1024x627.jpg 1024w, https:\/\/ppdegalicia.com\/wp-content\/uploads\/2021\/09\/685845b9c3ddbc2be07c911c92590f8c-768x471.jpg 768w, https:\/\/ppdegalicia.com\/wp-content\/uploads\/2021\/09\/685845b9c3ddbc2be07c911c92590f8c-1536x941.jpg 1536w\" sizes=\"(max-width: 1900px) 100vw, 1900px\" \/><\/p>\n<p>Santiago, 3 de setembro de 2021- A comisi\u00f3n de Agricultura, Gander\u00eda e Montes do Parlamento de Galicia aprobou na s\u00faa sesi\u00f3n de hoxe por unanimidade de todos os grupos pol\u00edticos unha iniciativa do Grupo Popular encami\u00f1ada a que a Xunta de Galicia se dirixa ao Ministerio de Agricultura, Pesca e Alimentaci\u00f3n e defenda unha postura de Galicia antes as negociaci\u00f3ns da PAC 2023-2027 que mante\u00f1a como m\u00ednimo para os sectores de vac\u00fan de leite, de vac\u00fan de carne e ovino-caprino unha dotaci\u00f3n similar ao per\u00edodo 2014-2020, inclu\u00edndo ademais o casta\u00f1o nas axudas asociadas para froitos de c\u00e1scara.<\/p>\n<p><!--more--><\/p>\n<p>A voceira Elena Candia agradeceu o apoio un\u00e1nime \u00e1 li\u00f1a iniciada e defendida pola Conseller\u00eda do Medio Rural nas negociaci\u00f3ns sobre a PAC na defensa dos intereses de Galicia, que van da m\u00e1n da Cornisa Cant\u00e1brica, \u201co que m\u00e1is aplauden os galegos e galegas \u00e9 que sexamos capaces de destacar os puntos de acordo e que os pol\u00edticos sexamos parte da soluci\u00f3n e esperemos que as negociaci\u00f3ns sexan o mellor posible para os nosos gandeiros\u201d.<\/p>\n<p>Na iniciativa popular, defendida pola voceira Elena Candia, incl\u00fae que a cont\u00eda da axuda b\u00e1sica por hect\u00e1rea nas diferentes \u201crexi\u00f3ns PAC\u201d te\u00f1a en conta as diferentes realidades existentes, no plan agron\u00f3mico e socioecon\u00f3mico, en especial o emprego agrario xerado por unidade de superficie.<\/p>\n<p>No relativo ao debate sobre a superficie con dereito a cobro das axudas, segundo indica a iniciativa popular aprobada, non \u00e9 admisible a apertura a novos cultivos, vi\u00f1edo, froitas e hortalizas, localizados maioritariamente no sueste espa\u00f1ol, sen antes regularizar o d\u00e9ficit de superficie admisible con dereitos que ten Galicia respecto da media nacional.<\/p>\n<p>As\u00ed mesmo, na iniciativa popular proponse que o \u201cagricultor xenu\u00edno\u201d en canto a destinatario das axudas, debe basearse nunha porcentaxe m\u00ednima dos ingresos totais, como m\u00ednimo o 25%, sexan procedentes da actividade agraria, admitindo tam\u00e9n o que se atope dado de alta na seguridade social como traballador por conta propia no r\u00e9xime agrario.<\/p>\n<p>\u00a0<\/p>\n<p>A voceira popular fixo referencia na s\u00faa intervenci\u00f3n a necesidade de que o MAPA traslade \u00e1 Xunta de Galicia todos os datos necesarios para poder determinar a afectaci\u00f3n aos agricultores e gandeiros galegos do modelo que se prop\u00f3n e, en especial, \u201cque nos faga co\u00f1ecedores de todos os datos da s\u00faa proposta sobre a delimitaci\u00f3n, as superficies e os importes da axuda b\u00e1sica nas novas rexi\u00f3ns PAC, en particular daquelas nas que estar\u00edan as explotaci\u00f3ns galegas.<\/p>\n<p>\u00a0<\/p>\n<p>A voceira popular indicou que no referido \u00e1 superficie con dereito a cobro da axuda b\u00e1sica \u00e1 renda dos agricultores, Galicia parte dunha superficie con dereitos de pago moi inferior \u00e1 media espa\u00f1ola e \u201cdemandamos que se corrixa este desequilibrio antes de ampliar esta superficie, como prop\u00f3n o MAPA, a novos cultivos de vi\u00f1edos, froitos e hortalizas, localizados fundamentalmente no sueste espa\u00f1ol e demandamos as\u00ed mesmo que se facilite a entrada de superficies e sistemas produtivos de pastoreo\u201d.<\/p>\n<p>\u00a0<\/p>\n<p>Na iniciativa popular tam\u00e9n se demanda unha aplicaci\u00f3n intensa do pago redistributivo en canto \u00e1 porcentaxe de fondos que deber\u00e1 aplicarse considerando a superficie media por explotaci\u00f3n a nivel nacional e non dentro de cada \u201crexi\u00f3n PAC\u201d e deber\u00e1 haber un maior pago das primeiras hect\u00e1reas co obxecto de beneficiar as pequenas e medianas explotaci\u00f3ns, en especial aquelas de agricultores e gandeiros cunha dependencia significativa dos ingresos agrarios, dando prioridade sobre todo aos de car\u00e1cter profesional.<\/p>\n<p>\u00a0<\/p>\n<p>En canto ao l\u00edmite das axudas por explotaci\u00f3n (capping) e a degresividade, a iniciativa do PPdeG defende a s\u00faa aplicaci\u00f3n nas m\u00e1ximas porcentaxes de reduci\u00f3n das axudas aos maiores perceptores que permita o regulamento europeo e para a aplicaci\u00f3n non deben deducirse os custos laborais, coa \u00fanica excepci\u00f3n das explotaci\u00f3ns asociativas nin tampouco os pagos a empresas externas.<\/p>\n<p>\u00a0<\/p>\n<p>Na iniciativa popular tam\u00e9n se defende a introduci\u00f3n de novos ecoesquemas e a modificaci\u00f3n dos propostos polo MAPA, para que respondan \u00e1 realidade da agricultura e gander\u00eda galegas, de xeito particular os que favorezan a extensificaci\u00f3n da gander\u00eda e a recuperaci\u00f3n dos sistemas agroforestais. Nestes ecoesquemas deben aplicar un complemento vinculado \u00e1 prevenci\u00f3n de incendios, estender o complemento previsto apra as superficies en Rede Natura \u00e1s zonas con limitaci\u00f3ns naturais e introducir en todos eles unha modulaci\u00f3n da axuda por estratos de tama\u00f1o. <\/p>\n","protected":false},"excerpt":{"rendered":"<p>Santiago, 3 de setembro de 2021- A comisi\u00f3n de Agricultura, Gander\u00eda e Montes do Parlamento de Galicia aprobou na s\u00faa sesi\u00f3n de hoxe por unanimidade de todos os grupos pol\u00edticos unha iniciativa do Grupo Popular encami\u00f1ada a que a Xunta de Galicia se dirixa ao Ministerio de Agricultura, Pesca e Alimentaci\u00f3n e defenda unha postura [&hellip;]<\/p>\n","protected":false},"author":38,"featured_media":56159,"comment_status":"open","ping_status":"open","sticky":false,"template":"","format":"standard","meta":{"_acf_changed":false,"footnotes":""},"categories":[1],"tags":[],"class_list":["post-56160","post","type-post","status-publish","format-standard","has-post-thumbnail","hentry","category-pp-de-galicia"],"acf":[],"yoast_head":"<!-- This site is optimized with the Yoast SEO plugin v27.3 - https:\/\/yoast.com\/product\/yoast-seo-wordpress\/ -->\n<title>O Parlamento aproba que a nova PAC mante\u00f1a como m\u00ednimo para os sectores de vac\u00fan de leite, de carne e ovino-caprino unha dotaci\u00f3n similar ao per\u00edodo 2014-2020 - PP de Galicia<\/title>\n<meta name=\"robots\" content=\"index, follow, max-snippet:-1, max-image-preview:large, max-video-preview:-1\" \/>\n<link rel=\"canonical\" href=\"https:\/\/ppdegalicia.com\/es\/o-parlamento-aproba-que-a-nova-pac-mantena-como-minimo-para-os-sectores-de-vacun-de-leite-de-carne-e-ovino-caprino-unha-dotacion-similar-ao-periodo-2014-2020\/\" \/>\n<meta property=\"og:locale\" content=\"es_ES\" \/>\n<meta property=\"og:type\" content=\"article\" \/>\n<meta property=\"og:title\" content=\"O Parlamento aproba que a nova PAC mante\u00f1a como m\u00ednimo para os sectores de vac\u00fan de leite, de carne e ovino-caprino unha dotaci\u00f3n similar ao per\u00edodo 2014-2020 - PP de Galicia\" \/>\n<meta property=\"og:description\" content=\"Santiago, 3 de setembro de 2021- A comisi\u00f3n de Agricultura, Gander\u00eda e Montes do Parlamento de Galicia aprobou na s\u00faa sesi\u00f3n de hoxe por unanimidade de todos os grupos pol\u00edticos unha iniciativa do Grupo Popular encami\u00f1ada a que a Xunta de Galicia se dirixa ao Ministerio de Agricultura, Pesca e Alimentaci\u00f3n e defenda unha postura [&hellip;]\" \/>\n<meta property=\"og:url\" content=\"https:\/\/ppdegalicia.com\/es\/o-parlamento-aproba-que-a-nova-pac-mantena-como-minimo-para-os-sectores-de-vacun-de-leite-de-carne-e-ovino-caprino-unha-dotacion-similar-ao-periodo-2014-2020\/\" \/>\n<meta property=\"og:site_name\" content=\"PP de Galicia\" \/>\n<meta property=\"article:publisher\" content=\"https:\/\/www.instagram.com\/ppdegalicia\/\" \/>\n<meta property=\"article:published_time\" content=\"2021-09-03T10:25:40+00:00\" \/>\n<meta property=\"og:image\" content=\"https:\/\/ppdegalicia.com\/wp-content\/uploads\/2021\/09\/685845b9c3ddbc2be07c911c92590f8c.jpg\" \/>\n\t<meta property=\"og:image:width\" content=\"1900\" \/>\n\t<meta property=\"og:image:height\" content=\"1164\" \/>\n\t<meta property=\"og:image:type\" content=\"image\/jpeg\" \/>\n<meta name=\"author\" content=\"ppdegaliciaredes\" \/>\n<meta name=\"twitter:card\" content=\"summary_large_image\" \/>\n<meta name=\"twitter:creator\" content=\"@ppdegalicia\" \/>\n<meta name=\"twitter:site\" content=\"@ppdegalicia\" \/>\n<meta name=\"twitter:label1\" content=\"Escrito por\" \/>\n\t<meta name=\"twitter:data1\" content=\"ppdegaliciaredes\" \/>\n\t<meta name=\"twitter:label2\" content=\"Tiempo de lectura\" \/>\n\t<meta name=\"twitter:data2\" content=\"4 minutos\" \/>\n<script type=\"application\/ld+json\" class=\"yoast-schema-graph\">{\"@context\":\"https:\\\/\\\/schema.org\",\"@graph\":[{\"@type\":\"Article\",\"@id\":\"https:\\\/\\\/ppdegalicia.com\\\/es\\\/o-parlamento-aproba-que-a-nova-pac-mantena-como-minimo-para-os-sectores-de-vacun-de-leite-de-carne-e-ovino-caprino-unha-dotacion-similar-ao-periodo-2014-2020\\\/#article\",\"isPartOf\":{\"@id\":\"https:\\\/\\\/ppdegalicia.com\\\/es\\\/o-parlamento-aproba-que-a-nova-pac-mantena-como-minimo-para-os-sectores-de-vacun-de-leite-de-carne-e-ovino-caprino-unha-dotacion-similar-ao-periodo-2014-2020\\\/\"},\"author\":{\"name\":\"ppdegaliciaredes\",\"@id\":\"https:\\\/\\\/ppdegalicia.com\\\/es\\\/#\\\/schema\\\/person\\\/5b822c6f59e872ebdd1142f307dbcb59\"},\"headline\":\"O Parlamento aproba que a nova PAC mante\u00f1a como m\u00ednimo para os sectores de vac\u00fan de leite, de carne e ovino-caprino unha dotaci\u00f3n similar ao per\u00edodo 2014-2020\",\"datePublished\":\"2021-09-03T10:25:40+00:00\",\"mainEntityOfPage\":{\"@id\":\"https:\\\/\\\/ppdegalicia.com\\\/es\\\/o-parlamento-aproba-que-a-nova-pac-mantena-como-minimo-para-os-sectores-de-vacun-de-leite-de-carne-e-ovino-caprino-unha-dotacion-similar-ao-periodo-2014-2020\\\/\"},\"wordCount\":798,\"commentCount\":0,\"publisher\":{\"@id\":\"https:\\\/\\\/ppdegalicia.com\\\/es\\\/#organization\"},\"image\":{\"@id\":\"https:\\\/\\\/ppdegalicia.com\\\/es\\\/o-parlamento-aproba-que-a-nova-pac-mantena-como-minimo-para-os-sectores-de-vacun-de-leite-de-carne-e-ovino-caprino-unha-dotacion-similar-ao-periodo-2014-2020\\\/#primaryimage\"},\"thumbnailUrl\":\"https:\\\/\\\/ppdegalicia.com\\\/wp-content\\\/uploads\\\/2021\\\/09\\\/685845b9c3ddbc2be07c911c92590f8c.jpg\",\"articleSection\":[\"PP de Galicia\"],\"inLanguage\":\"es\",\"potentialAction\":[{\"@type\":\"CommentAction\",\"name\":\"Comment\",\"target\":[\"https:\\\/\\\/ppdegalicia.com\\\/es\\\/o-parlamento-aproba-que-a-nova-pac-mantena-como-minimo-para-os-sectores-de-vacun-de-leite-de-carne-e-ovino-caprino-unha-dotacion-similar-ao-periodo-2014-2020\\\/#respond\"]}]},{\"@type\":\"WebPage\",\"@id\":\"https:\\\/\\\/ppdegalicia.com\\\/es\\\/o-parlamento-aproba-que-a-nova-pac-mantena-como-minimo-para-os-sectores-de-vacun-de-leite-de-carne-e-ovino-caprino-unha-dotacion-similar-ao-periodo-2014-2020\\\/\",\"url\":\"https:\\\/\\\/ppdegalicia.com\\\/es\\\/o-parlamento-aproba-que-a-nova-pac-mantena-como-minimo-para-os-sectores-de-vacun-de-leite-de-carne-e-ovino-caprino-unha-dotacion-similar-ao-periodo-2014-2020\\\/\",\"name\":\"O Parlamento aproba que a nova PAC mante\u00f1a como m\u00ednimo para os sectores de vac\u00fan de leite, de carne e ovino-caprino unha dotaci\u00f3n similar ao per\u00edodo 2014-2020 - PP de Galicia\",\"isPartOf\":{\"@id\":\"https:\\\/\\\/ppdegalicia.com\\\/es\\\/#website\"},\"primaryImageOfPage\":{\"@id\":\"https:\\\/\\\/ppdegalicia.com\\\/es\\\/o-parlamento-aproba-que-a-nova-pac-mantena-como-minimo-para-os-sectores-de-vacun-de-leite-de-carne-e-ovino-caprino-unha-dotacion-similar-ao-periodo-2014-2020\\\/#primaryimage\"},\"image\":{\"@id\":\"https:\\\/\\\/ppdegalicia.com\\\/es\\\/o-parlamento-aproba-que-a-nova-pac-mantena-como-minimo-para-os-sectores-de-vacun-de-leite-de-carne-e-ovino-caprino-unha-dotacion-similar-ao-periodo-2014-2020\\\/#primaryimage\"},\"thumbnailUrl\":\"https:\\\/\\\/ppdegalicia.com\\\/wp-content\\\/uploads\\\/2021\\\/09\\\/685845b9c3ddbc2be07c911c92590f8c.jpg\",\"datePublished\":\"2021-09-03T10:25:40+00:00\",\"breadcrumb\":{\"@id\":\"https:\\\/\\\/ppdegalicia.com\\\/es\\\/o-parlamento-aproba-que-a-nova-pac-mantena-como-minimo-para-os-sectores-de-vacun-de-leite-de-carne-e-ovino-caprino-unha-dotacion-similar-ao-periodo-2014-2020\\\/#breadcrumb\"},\"inLanguage\":\"es\",\"potentialAction\":[{\"@type\":\"ReadAction\",\"target\":[\"https:\\\/\\\/ppdegalicia.com\\\/es\\\/o-parlamento-aproba-que-a-nova-pac-mantena-como-minimo-para-os-sectores-de-vacun-de-leite-de-carne-e-ovino-caprino-unha-dotacion-similar-ao-periodo-2014-2020\\\/\"]}]},{\"@type\":\"ImageObject\",\"inLanguage\":\"es\",\"@id\":\"https:\\\/\\\/ppdegalicia.com\\\/es\\\/o-parlamento-aproba-que-a-nova-pac-mantena-como-minimo-para-os-sectores-de-vacun-de-leite-de-carne-e-ovino-caprino-unha-dotacion-similar-ao-periodo-2014-2020\\\/#primaryimage\",\"url\":\"https:\\\/\\\/ppdegalicia.com\\\/wp-content\\\/uploads\\\/2021\\\/09\\\/685845b9c3ddbc2be07c911c92590f8c.jpg\",\"contentUrl\":\"https:\\\/\\\/ppdegalicia.com\\\/wp-content\\\/uploads\\\/2021\\\/09\\\/685845b9c3ddbc2be07c911c92590f8c.jpg\",\"width\":1900,\"height\":1164},{\"@type\":\"BreadcrumbList\",\"@id\":\"https:\\\/\\\/ppdegalicia.com\\\/es\\\/o-parlamento-aproba-que-a-nova-pac-mantena-como-minimo-para-os-sectores-de-vacun-de-leite-de-carne-e-ovino-caprino-unha-dotacion-similar-ao-periodo-2014-2020\\\/#breadcrumb\",\"itemListElement\":[{\"@type\":\"ListItem\",\"position\":1,\"name\":\"Portada\",\"item\":\"https:\\\/\\\/ppdegalicia.com\\\/es\\\/\"},{\"@type\":\"ListItem\",\"position\":2,\"name\":\"O Parlamento aproba que a nova PAC mante\u00f1a como m\u00ednimo para os sectores de vac\u00fan de leite, de carne e ovino-caprino unha dotaci\u00f3n similar ao per\u00edodo 2014-2020\"}]},{\"@type\":\"WebSite\",\"@id\":\"https:\\\/\\\/ppdegalicia.com\\\/es\\\/#website\",\"url\":\"https:\\\/\\\/ppdegalicia.com\\\/es\\\/\",\"name\":\"Partido Popular de Galicia\",\"description\":\"Partido Popular de Galicia\",\"publisher\":{\"@id\":\"https:\\\/\\\/ppdegalicia.com\\\/es\\\/#organization\"},\"alternateName\":\"PP de Galicia\",\"potentialAction\":[{\"@type\":\"SearchAction\",\"target\":{\"@type\":\"EntryPoint\",\"urlTemplate\":\"https:\\\/\\\/ppdegalicia.com\\\/es\\\/?s={search_term_string}\"},\"query-input\":{\"@type\":\"PropertyValueSpecification\",\"valueRequired\":true,\"valueName\":\"search_term_string\"}}],\"inLanguage\":\"es\"},{\"@type\":\"Organization\",\"@id\":\"https:\\\/\\\/ppdegalicia.com\\\/es\\\/#organization\",\"name\":\"Partido Popular de Galicia\",\"alternateName\":\"PP de Galicia\",\"url\":\"https:\\\/\\\/ppdegalicia.com\\\/es\\\/\",\"logo\":{\"@type\":\"ImageObject\",\"inLanguage\":\"es\",\"@id\":\"https:\\\/\\\/ppdegalicia.com\\\/es\\\/#\\\/schema\\\/logo\\\/image\\\/\",\"url\":\"https:\\\/\\\/ppdegalicia.com\\\/wp-content\\\/uploads\\\/2023\\\/04\\\/logoPP512.png\",\"contentUrl\":\"https:\\\/\\\/ppdegalicia.com\\\/wp-content\\\/uploads\\\/2023\\\/04\\\/logoPP512.png\",\"width\":512,\"height\":512,\"caption\":\"Partido Popular de Galicia\"},\"image\":{\"@id\":\"https:\\\/\\\/ppdegalicia.com\\\/es\\\/#\\\/schema\\\/logo\\\/image\\\/\"},\"sameAs\":[\"https:\\\/\\\/www.instagram.com\\\/ppdegalicia\\\/\",\"https:\\\/\\\/x.com\\\/ppdegalicia\",\"https:\\\/\\\/www.tiktok.com\\\/@ppdegalicia\",\"https:\\\/\\\/www.youtube.com\\\/user\\\/ppdegalicia\"]},{\"@type\":\"Person\",\"@id\":\"https:\\\/\\\/ppdegalicia.com\\\/es\\\/#\\\/schema\\\/person\\\/5b822c6f59e872ebdd1142f307dbcb59\",\"name\":\"ppdegaliciaredes\",\"image\":{\"@type\":\"ImageObject\",\"inLanguage\":\"es\",\"@id\":\"https:\\\/\\\/secure.gravatar.com\\\/avatar\\\/3c9179cf0256d00c72a48d1f25783c58b6842cd56e85ef3a572881c8e28ccd59?s=96&d=mm&r=g\",\"url\":\"https:\\\/\\\/secure.gravatar.com\\\/avatar\\\/3c9179cf0256d00c72a48d1f25783c58b6842cd56e85ef3a572881c8e28ccd59?s=96&d=mm&r=g\",\"contentUrl\":\"https:\\\/\\\/secure.gravatar.com\\\/avatar\\\/3c9179cf0256d00c72a48d1f25783c58b6842cd56e85ef3a572881c8e28ccd59?s=96&d=mm&r=g\",\"caption\":\"ppdegaliciaredes\"},\"url\":\"https:\\\/\\\/ppdegalicia.com\\\/es\\\/author\\\/ppdegaliciaredes\\\/\"}]}<\/script>\n<!-- \/ Yoast SEO plugin. -->","yoast_head_json":{"title":"O Parlamento aproba que a nova PAC mante\u00f1a como m\u00ednimo para os sectores de vac\u00fan de leite, de carne e ovino-caprino unha dotaci\u00f3n similar ao per\u00edodo 2014-2020 - PP de Galicia","robots":{"index":"index","follow":"follow","max-snippet":"max-snippet:-1","max-image-preview":"max-image-preview:large","max-video-preview":"max-video-preview:-1"},"canonical":"https:\/\/ppdegalicia.com\/es\/o-parlamento-aproba-que-a-nova-pac-mantena-como-minimo-para-os-sectores-de-vacun-de-leite-de-carne-e-ovino-caprino-unha-dotacion-similar-ao-periodo-2014-2020\/","og_locale":"es_ES","og_type":"article","og_title":"O Parlamento aproba que a nova PAC mante\u00f1a como m\u00ednimo para os sectores de vac\u00fan de leite, de carne e ovino-caprino unha dotaci\u00f3n similar ao per\u00edodo 2014-2020 - PP de Galicia","og_description":"Santiago, 3 de setembro de 2021- A comisi\u00f3n de Agricultura, Gander\u00eda e Montes do Parlamento de Galicia aprobou na s\u00faa sesi\u00f3n de hoxe por unanimidade de todos os grupos pol\u00edticos unha iniciativa do Grupo Popular encami\u00f1ada a que a Xunta de Galicia se dirixa ao Ministerio de Agricultura, Pesca e Alimentaci\u00f3n e defenda unha postura [&hellip;]","og_url":"https:\/\/ppdegalicia.com\/es\/o-parlamento-aproba-que-a-nova-pac-mantena-como-minimo-para-os-sectores-de-vacun-de-leite-de-carne-e-ovino-caprino-unha-dotacion-similar-ao-periodo-2014-2020\/","og_site_name":"PP de Galicia","article_publisher":"https:\/\/www.instagram.com\/ppdegalicia\/","article_published_time":"2021-09-03T10:25:40+00:00","og_image":[{"width":1900,"height":1164,"url":"https:\/\/ppdegalicia.com\/wp-content\/uploads\/2021\/09\/685845b9c3ddbc2be07c911c92590f8c.jpg","type":"image\/jpeg"}],"author":"ppdegaliciaredes","twitter_card":"summary_large_image","twitter_creator":"@ppdegalicia","twitter_site":"@ppdegalicia","twitter_misc":{"Escrito por":"ppdegaliciaredes","Tiempo de lectura":"4 minutos"},"schema":{"@context":"https:\/\/schema.org","@graph":[{"@type":"Article","@id":"https:\/\/ppdegalicia.com\/es\/o-parlamento-aproba-que-a-nova-pac-mantena-como-minimo-para-os-sectores-de-vacun-de-leite-de-carne-e-ovino-caprino-unha-dotacion-similar-ao-periodo-2014-2020\/#article","isPartOf":{"@id":"https:\/\/ppdegalicia.com\/es\/o-parlamento-aproba-que-a-nova-pac-mantena-como-minimo-para-os-sectores-de-vacun-de-leite-de-carne-e-ovino-caprino-unha-dotacion-similar-ao-periodo-2014-2020\/"},"author":{"name":"ppdegaliciaredes","@id":"https:\/\/ppdegalicia.com\/es\/#\/schema\/person\/5b822c6f59e872ebdd1142f307dbcb59"},"headline":"O Parlamento aproba que a nova PAC mante\u00f1a como m\u00ednimo para os sectores de vac\u00fan de leite, de carne e ovino-caprino unha dotaci\u00f3n similar ao per\u00edodo 2014-2020","datePublished":"2021-09-03T10:25:40+00:00","mainEntityOfPage":{"@id":"https:\/\/ppdegalicia.com\/es\/o-parlamento-aproba-que-a-nova-pac-mantena-como-minimo-para-os-sectores-de-vacun-de-leite-de-carne-e-ovino-caprino-unha-dotacion-similar-ao-periodo-2014-2020\/"},"wordCount":798,"commentCount":0,"publisher":{"@id":"https:\/\/ppdegalicia.com\/es\/#organization"},"image":{"@id":"https:\/\/ppdegalicia.com\/es\/o-parlamento-aproba-que-a-nova-pac-mantena-como-minimo-para-os-sectores-de-vacun-de-leite-de-carne-e-ovino-caprino-unha-dotacion-similar-ao-periodo-2014-2020\/#primaryimage"},"thumbnailUrl":"https:\/\/ppdegalicia.com\/wp-content\/uploads\/2021\/09\/685845b9c3ddbc2be07c911c92590f8c.jpg","articleSection":["PP de Galicia"],"inLanguage":"es","potentialAction":[{"@type":"CommentAction","name":"Comment","target":["https:\/\/ppdegalicia.com\/es\/o-parlamento-aproba-que-a-nova-pac-mantena-como-minimo-para-os-sectores-de-vacun-de-leite-de-carne-e-ovino-caprino-unha-dotacion-similar-ao-periodo-2014-2020\/#respond"]}]},{"@type":"WebPage","@id":"https:\/\/ppdegalicia.com\/es\/o-parlamento-aproba-que-a-nova-pac-mantena-como-minimo-para-os-sectores-de-vacun-de-leite-de-carne-e-ovino-caprino-unha-dotacion-similar-ao-periodo-2014-2020\/","url":"https:\/\/ppdegalicia.com\/es\/o-parlamento-aproba-que-a-nova-pac-mantena-como-minimo-para-os-sectores-de-vacun-de-leite-de-carne-e-ovino-caprino-unha-dotacion-similar-ao-periodo-2014-2020\/","name":"O Parlamento aproba que a nova PAC mante\u00f1a como m\u00ednimo para os sectores de vac\u00fan de leite, de carne e ovino-caprino unha dotaci\u00f3n similar ao per\u00edodo 2014-2020 - PP de Galicia","isPartOf":{"@id":"https:\/\/ppdegalicia.com\/es\/#website"},"primaryImageOfPage":{"@id":"https:\/\/ppdegalicia.com\/es\/o-parlamento-aproba-que-a-nova-pac-mantena-como-minimo-para-os-sectores-de-vacun-de-leite-de-carne-e-ovino-caprino-unha-dotacion-similar-ao-periodo-2014-2020\/#primaryimage"},"image":{"@id":"https:\/\/ppdegalicia.com\/es\/o-parlamento-aproba-que-a-nova-pac-mantena-como-minimo-para-os-sectores-de-vacun-de-leite-de-carne-e-ovino-caprino-unha-dotacion-similar-ao-periodo-2014-2020\/#primaryimage"},"thumbnailUrl":"https:\/\/ppdegalicia.com\/wp-content\/uploads\/2021\/09\/685845b9c3ddbc2be07c911c92590f8c.jpg","datePublished":"2021-09-03T10:25:40+00:00","breadcrumb":{"@id":"https:\/\/ppdegalicia.com\/es\/o-parlamento-aproba-que-a-nova-pac-mantena-como-minimo-para-os-sectores-de-vacun-de-leite-de-carne-e-ovino-caprino-unha-dotacion-similar-ao-periodo-2014-2020\/#breadcrumb"},"inLanguage":"es","potentialAction":[{"@type":"ReadAction","target":["https:\/\/ppdegalicia.com\/es\/o-parlamento-aproba-que-a-nova-pac-mantena-como-minimo-para-os-sectores-de-vacun-de-leite-de-carne-e-ovino-caprino-unha-dotacion-similar-ao-periodo-2014-2020\/"]}]},{"@type":"ImageObject","inLanguage":"es","@id":"https:\/\/ppdegalicia.com\/es\/o-parlamento-aproba-que-a-nova-pac-mantena-como-minimo-para-os-sectores-de-vacun-de-leite-de-carne-e-ovino-caprino-unha-dotacion-similar-ao-periodo-2014-2020\/#primaryimage","url":"https:\/\/ppdegalicia.com\/wp-content\/uploads\/2021\/09\/685845b9c3ddbc2be07c911c92590f8c.jpg","contentUrl":"https:\/\/ppdegalicia.com\/wp-content\/uploads\/2021\/09\/685845b9c3ddbc2be07c911c92590f8c.jpg","width":1900,"height":1164},{"@type":"BreadcrumbList","@id":"https:\/\/ppdegalicia.com\/es\/o-parlamento-aproba-que-a-nova-pac-mantena-como-minimo-para-os-sectores-de-vacun-de-leite-de-carne-e-ovino-caprino-unha-dotacion-similar-ao-periodo-2014-2020\/#breadcrumb","itemListElement":[{"@type":"ListItem","position":1,"name":"Portada","item":"https:\/\/ppdegalicia.com\/es\/"},{"@type":"ListItem","position":2,"name":"O Parlamento aproba que a nova PAC mante\u00f1a como m\u00ednimo para os sectores de vac\u00fan de leite, de carne e ovino-caprino unha dotaci\u00f3n similar ao per\u00edodo 2014-2020"}]},{"@type":"WebSite","@id":"https:\/\/ppdegalicia.com\/es\/#website","url":"https:\/\/ppdegalicia.com\/es\/","name":"Partido Popular de Galicia","description":"Partido Popular de Galicia","publisher":{"@id":"https:\/\/ppdegalicia.com\/es\/#organization"},"alternateName":"PP de Galicia","potentialAction":[{"@type":"SearchAction","target":{"@type":"EntryPoint","urlTemplate":"https:\/\/ppdegalicia.com\/es\/?s={search_term_string}"},"query-input":{"@type":"PropertyValueSpecification","valueRequired":true,"valueName":"search_term_string"}}],"inLanguage":"es"},{"@type":"Organization","@id":"https:\/\/ppdegalicia.com\/es\/#organization","name":"Partido Popular de Galicia","alternateName":"PP de Galicia","url":"https:\/\/ppdegalicia.com\/es\/","logo":{"@type":"ImageObject","inLanguage":"es","@id":"https:\/\/ppdegalicia.com\/es\/#\/schema\/logo\/image\/","url":"https:\/\/ppdegalicia.com\/wp-content\/uploads\/2023\/04\/logoPP512.png","contentUrl":"https:\/\/ppdegalicia.com\/wp-content\/uploads\/2023\/04\/logoPP512.png","width":512,"height":512,"caption":"Partido Popular de Galicia"},"image":{"@id":"https:\/\/ppdegalicia.com\/es\/#\/schema\/logo\/image\/"},"sameAs":["https:\/\/www.instagram.com\/ppdegalicia\/","https:\/\/x.com\/ppdegalicia","https:\/\/www.tiktok.com\/@ppdegalicia","https:\/\/www.youtube.com\/user\/ppdegalicia"]},{"@type":"Person","@id":"https:\/\/ppdegalicia.com\/es\/#\/schema\/person\/5b822c6f59e872ebdd1142f307dbcb59","name":"ppdegaliciaredes","image":{"@type":"ImageObject","inLanguage":"es","@id":"https:\/\/secure.gravatar.com\/avatar\/3c9179cf0256d00c72a48d1f25783c58b6842cd56e85ef3a572881c8e28ccd59?s=96&d=mm&r=g","url":"https:\/\/secure.gravatar.com\/avatar\/3c9179cf0256d00c72a48d1f25783c58b6842cd56e85ef3a572881c8e28ccd59?s=96&d=mm&r=g","contentUrl":"https:\/\/secure.gravatar.com\/avatar\/3c9179cf0256d00c72a48d1f25783c58b6842cd56e85ef3a572881c8e28ccd59?s=96&d=mm&r=g","caption":"ppdegaliciaredes"},"url":"https:\/\/ppdegalicia.com\/es\/author\/ppdegaliciaredes\/"}]}},"_links":{"self":[{"href":"https:\/\/ppdegalicia.com\/es\/wp-json\/wp\/v2\/posts\/56160","targetHints":{"allow":["GET"]}}],"collection":[{"href":"https:\/\/ppdegalicia.com\/es\/wp-json\/wp\/v2\/posts"}],"about":[{"href":"https:\/\/ppdegalicia.com\/es\/wp-json\/wp\/v2\/types\/post"}],"author":[{"embeddable":true,"href":"https:\/\/ppdegalicia.com\/es\/wp-json\/wp\/v2\/users\/38"}],"replies":[{"embeddable":true,"href":"https:\/\/ppdegalicia.com\/es\/wp-json\/wp\/v2\/comments?post=56160"}],"version-history":[{"count":0,"href":"https:\/\/ppdegalicia.com\/es\/wp-json\/wp\/v2\/posts\/56160\/revisions"}],"wp:featuredmedia":[{"embeddable":true,"href":"https:\/\/ppdegalicia.com\/es\/wp-json\/wp\/v2\/media\/56159"}],"wp:attachment":[{"href":"https:\/\/ppdegalicia.com\/es\/wp-json\/wp\/v2\/media?parent=56160"}],"wp:term":[{"taxonomy":"category","embeddable":true,"href":"https:\/\/ppdegalicia.com\/es\/wp-json\/wp\/v2\/categories?post=56160"},{"taxonomy":"post_tag","embeddable":true,"href":"https:\/\/ppdegalicia.com\/es\/wp-json\/wp\/v2\/tags?post=56160"}],"curies":[{"name":"wp","href":"https:\/\/api.w.org\/{rel}","templated":true}]}}