{"id":56164,"date":"2021-09-06T12:56:56","date_gmt":"2021-09-06T10:56:56","guid":{"rendered":"https:\/\/ppdegalicia.com\/o-ppdeg-esixe-ao-goberno-explicacions-polo-baleirado-dos-encoros-da-conca-mino-sil-tras-reconecer-ribera-a-sua-responsabilidade\/"},"modified":"2021-09-06T12:56:56","modified_gmt":"2021-09-06T10:56:56","slug":"o-ppdeg-esixe-ao-goberno-explicacions-polo-baleirado-dos-encoros-da-conca-mino-sil-tras-reconecer-ribera-a-sua-responsabilidade","status":"publish","type":"post","link":"https:\/\/ppdegalicia.com\/es\/o-ppdeg-esixe-ao-goberno-explicacions-polo-baleirado-dos-encoros-da-conca-mino-sil-tras-reconecer-ribera-a-sua-responsabilidade\/","title":{"rendered":"O PPdeG esixe ao Goberno explicaci\u00f3ns polo baleirado dos encoros da conca Mi\u00f1o-Sil tras reco\u00f1ecer Ribera a s\u00faa responsabilidade"},"content":{"rendered":"<p><img fetchpriority=\"high\" decoding=\"async\" class=\" size-full wp-image-56163\" src=\"https:\/\/ppdegalicia.com\/wp-content\/uploads\/2021\/09\/9f6ad8a060e8e0fbd4959771b423561e.jpg\" alt=\"\" width=\"1200\" height=\"675\" srcset=\"https:\/\/ppdegalicia.com\/wp-content\/uploads\/2021\/09\/9f6ad8a060e8e0fbd4959771b423561e.jpg 1200w, https:\/\/ppdegalicia.com\/wp-content\/uploads\/2021\/09\/9f6ad8a060e8e0fbd4959771b423561e-300x169.jpg 300w, https:\/\/ppdegalicia.com\/wp-content\/uploads\/2021\/09\/9f6ad8a060e8e0fbd4959771b423561e-1024x576.jpg 1024w, https:\/\/ppdegalicia.com\/wp-content\/uploads\/2021\/09\/9f6ad8a060e8e0fbd4959771b423561e-768x432.jpg 768w\" sizes=\"(max-width: 1200px) 100vw, 1200px\" \/><\/p>\n<p style=\"text-align: justify;\">Os populares galegos presentan na C\u00e1mara Alta cinco preguntas para co\u00f1ecer as raz\u00f3ns da dr\u00e1stica e preocupante baixada de agua embalsada<\/p>\n<p><!--more--><\/p>\n<p style=\"text-align: justify;\">Despois de que a ministra para a Transici\u00f3n Ecol\u00f3xica e o Reto Demogr\u00e1fico, Teresa Ribera, asumise a s\u00faa responsabilidade, a senadora do PPdeG Pilar Rojo presentou na C\u00e1mara Alta cinco preguntas dirixidas ao Executivo central tralo irresponsable baleirado dos encoros de abastecemento e aproveitamento hidroel\u00e9ctrico da Demarcaci\u00f3n Hidrogr\u00e1fica Mi\u00f1o-Sil, competencia do Goberno de Espa\u00f1a.<\/p>\n<p style=\"text-align: justify;\">\u00a0<\/p>\n<p style=\"text-align: justify;\">Nunha entrevista en El Diario, Ribera asegurou que o Estado vai regular de forma inmediata para que non se baleiren os embalses, compromet\u00e9ndose a que non volva ocorrer e reco\u00f1ecendo as\u00ed que o Goberno puido ter tomado medidas con anterioridade que evitasen o que xa aconteceu. De feito, o nivel medio de auga que presentan as presas da conca Mi\u00f1o-Sil nestas \u00faltimas semanas \u00e9 moi preocupante e algunha delas sit\u00faase no 13% ou no 15% da s\u00faa capacidade.<\/p>\n<p style=\"text-align: justify;\">\u00a0<\/p>\n<p style=\"text-align: justify;\">Esta dr\u00e1stica baixada \u00e9 tan alarmante e tan impropia para esta \u00e9poca do ano, m\u00e1is a\u00ednda se se ten en conta o volume de choiva dos \u00faltimos meses, que os populares galegos esixen explicaci\u00f3ns ao Executivo de Pedro S\u00e1nchez.<\/p>\n<p style=\"text-align: justify;\">\u00a0<\/p>\n<p style=\"text-align: justify;\">Entre as cuesti\u00f3ns formuladas preguntan se a Confederaci\u00f3n Hidrogr\u00e1fica autorizou o baleirado dos encoros hidroel\u00e9ctricos da conca estatal do Mi\u00f1o-Sil e cales son as raz\u00f3ns polas que o Executivo central o consentiu en pleno mes de agosto e ante o risco de incendios en setembro e outubro, que se prev\u00e9 maior que nos \u00faltimos anos. Nese senso, inciden en que se aclare quen \u00e9 o responsable ou responsables desta autorizaci\u00f3n, nas portas da campa\u00f1a de incendios, que fai que non se respecte o caudal ecol\u00f3xico m\u00ednimo esixido.<\/p>\n<p style=\"text-align: justify;\">\u00a0<\/p>\n<p style=\"text-align: justify;\">As\u00ed mesmo, o PPdeG quere que se dean a co\u00f1ecer as circunstancias nas que se produciu o baleirado deses encoros e se autorizou a deixalos por debaixo do 20% da s\u00faa capacidade, ademais dos motivos que levaron a esa autorizaci\u00f3n. Por \u00faltimo, os populares reclaman saber os pasos que se dar\u00e1n para resolver esta situaci\u00f3n.<\/p>\n<p style=\"text-align: justify;\">\u00a0<\/p>\n<p style=\"text-align: justify;\">Os populares galegos lamentan que nin sequera a gravidade deste asunto faga cambiar a actitude do PSdeG, que mant\u00e9n a s\u00faa tendencia a exculpar ao Goberno de Pedro S\u00e1nchez faga o que faga, malia que as s\u00faas decisi\u00f3ns prexudiquen os intereses de Galicia. Pola contra, os socialistas galegos prefiren seguir buscando culpables imaxinarios e responsabilizar de todos os problemas \u00e1 Xunta, a\u00ednda que quede demostrado que se trata dunha cuesti\u00f3n de competencia estatal.<\/p>\n","protected":false},"excerpt":{"rendered":"<p>Os populares galegos presentan na C\u00e1mara Alta cinco preguntas para co\u00f1ecer as raz\u00f3ns da dr\u00e1stica e preocupante baixada de agua embalsada<\/p>\n","protected":false},"author":38,"featured_media":56163,"comment_status":"open","ping_status":"open","sticky":false,"template":"","format":"standard","meta":{"_acf_changed":false,"footnotes":""},"categories":[1],"tags":[],"class_list":["post-56164","post","type-post","status-publish","format-standard","has-post-thumbnail","hentry","category-pp-de-galicia"],"acf":[],"yoast_head":"<!-- This site is optimized with the Yoast SEO plugin v27.3 - https:\/\/yoast.com\/product\/yoast-seo-wordpress\/ -->\n<title>O PPdeG esixe ao Goberno explicaci\u00f3ns polo baleirado dos encoros da conca Mi\u00f1o-Sil tras reco\u00f1ecer Ribera a s\u00faa responsabilidade - PP de Galicia<\/title>\n<meta name=\"robots\" content=\"index, follow, max-snippet:-1, max-image-preview:large, max-video-preview:-1\" \/>\n<link rel=\"canonical\" href=\"https:\/\/ppdegalicia.com\/es\/o-ppdeg-esixe-ao-goberno-explicacions-polo-baleirado-dos-encoros-da-conca-mino-sil-tras-reconecer-ribera-a-sua-responsabilidade\/\" \/>\n<meta property=\"og:locale\" content=\"es_ES\" \/>\n<meta property=\"og:type\" content=\"article\" \/>\n<meta property=\"og:title\" content=\"O PPdeG esixe ao Goberno explicaci\u00f3ns polo baleirado dos encoros da conca Mi\u00f1o-Sil tras reco\u00f1ecer Ribera a s\u00faa responsabilidade - PP de Galicia\" \/>\n<meta property=\"og:description\" content=\"Os populares galegos presentan na C\u00e1mara Alta cinco preguntas para co\u00f1ecer as raz\u00f3ns da dr\u00e1stica e preocupante baixada de agua embalsada\" \/>\n<meta property=\"og:url\" content=\"https:\/\/ppdegalicia.com\/es\/o-ppdeg-esixe-ao-goberno-explicacions-polo-baleirado-dos-encoros-da-conca-mino-sil-tras-reconecer-ribera-a-sua-responsabilidade\/\" \/>\n<meta property=\"og:site_name\" content=\"PP de Galicia\" \/>\n<meta property=\"article:publisher\" content=\"https:\/\/www.instagram.com\/ppdegalicia\/\" \/>\n<meta property=\"article:published_time\" content=\"2021-09-06T10:56:56+00:00\" \/>\n<meta property=\"og:image\" content=\"https:\/\/ppdegalicia.com\/wp-content\/uploads\/2021\/09\/9f6ad8a060e8e0fbd4959771b423561e.jpg\" \/>\n\t<meta property=\"og:image:width\" content=\"1200\" \/>\n\t<meta property=\"og:image:height\" content=\"675\" \/>\n\t<meta property=\"og:image:type\" content=\"image\/jpeg\" \/>\n<meta name=\"author\" content=\"ppdegaliciaredes\" \/>\n<meta name=\"twitter:card\" content=\"summary_large_image\" \/>\n<meta name=\"twitter:creator\" content=\"@ppdegalicia\" \/>\n<meta name=\"twitter:site\" content=\"@ppdegalicia\" \/>\n<meta name=\"twitter:label1\" content=\"Escrito por\" \/>\n\t<meta name=\"twitter:data1\" content=\"ppdegaliciaredes\" \/>\n\t<meta name=\"twitter:label2\" content=\"Tiempo de lectura\" \/>\n\t<meta name=\"twitter:data2\" content=\"2 minutos\" \/>\n<script type=\"application\/ld+json\" class=\"yoast-schema-graph\">{\"@context\":\"https:\\\/\\\/schema.org\",\"@graph\":[{\"@type\":\"Article\",\"@id\":\"https:\\\/\\\/ppdegalicia.com\\\/es\\\/o-ppdeg-esixe-ao-goberno-explicacions-polo-baleirado-dos-encoros-da-conca-mino-sil-tras-reconecer-ribera-a-sua-responsabilidade\\\/#article\",\"isPartOf\":{\"@id\":\"https:\\\/\\\/ppdegalicia.com\\\/es\\\/o-ppdeg-esixe-ao-goberno-explicacions-polo-baleirado-dos-encoros-da-conca-mino-sil-tras-reconecer-ribera-a-sua-responsabilidade\\\/\"},\"author\":{\"name\":\"ppdegaliciaredes\",\"@id\":\"https:\\\/\\\/ppdegalicia.com\\\/es\\\/#\\\/schema\\\/person\\\/5b822c6f59e872ebdd1142f307dbcb59\"},\"headline\":\"O PPdeG esixe ao Goberno explicaci\u00f3ns polo baleirado dos encoros da conca Mi\u00f1o-Sil tras reco\u00f1ecer Ribera a s\u00faa responsabilidade\",\"datePublished\":\"2021-09-06T10:56:56+00:00\",\"mainEntityOfPage\":{\"@id\":\"https:\\\/\\\/ppdegalicia.com\\\/es\\\/o-ppdeg-esixe-ao-goberno-explicacions-polo-baleirado-dos-encoros-da-conca-mino-sil-tras-reconecer-ribera-a-sua-responsabilidade\\\/\"},\"wordCount\":469,\"commentCount\":0,\"publisher\":{\"@id\":\"https:\\\/\\\/ppdegalicia.com\\\/es\\\/#organization\"},\"image\":{\"@id\":\"https:\\\/\\\/ppdegalicia.com\\\/es\\\/o-ppdeg-esixe-ao-goberno-explicacions-polo-baleirado-dos-encoros-da-conca-mino-sil-tras-reconecer-ribera-a-sua-responsabilidade\\\/#primaryimage\"},\"thumbnailUrl\":\"https:\\\/\\\/ppdegalicia.com\\\/wp-content\\\/uploads\\\/2021\\\/09\\\/9f6ad8a060e8e0fbd4959771b423561e.jpg\",\"articleSection\":[\"PP de Galicia\"],\"inLanguage\":\"es\",\"potentialAction\":[{\"@type\":\"CommentAction\",\"name\":\"Comment\",\"target\":[\"https:\\\/\\\/ppdegalicia.com\\\/es\\\/o-ppdeg-esixe-ao-goberno-explicacions-polo-baleirado-dos-encoros-da-conca-mino-sil-tras-reconecer-ribera-a-sua-responsabilidade\\\/#respond\"]}]},{\"@type\":\"WebPage\",\"@id\":\"https:\\\/\\\/ppdegalicia.com\\\/es\\\/o-ppdeg-esixe-ao-goberno-explicacions-polo-baleirado-dos-encoros-da-conca-mino-sil-tras-reconecer-ribera-a-sua-responsabilidade\\\/\",\"url\":\"https:\\\/\\\/ppdegalicia.com\\\/es\\\/o-ppdeg-esixe-ao-goberno-explicacions-polo-baleirado-dos-encoros-da-conca-mino-sil-tras-reconecer-ribera-a-sua-responsabilidade\\\/\",\"name\":\"O PPdeG esixe ao Goberno explicaci\u00f3ns polo baleirado dos encoros da conca Mi\u00f1o-Sil tras reco\u00f1ecer Ribera a s\u00faa responsabilidade - PP de Galicia\",\"isPartOf\":{\"@id\":\"https:\\\/\\\/ppdegalicia.com\\\/es\\\/#website\"},\"primaryImageOfPage\":{\"@id\":\"https:\\\/\\\/ppdegalicia.com\\\/es\\\/o-ppdeg-esixe-ao-goberno-explicacions-polo-baleirado-dos-encoros-da-conca-mino-sil-tras-reconecer-ribera-a-sua-responsabilidade\\\/#primaryimage\"},\"image\":{\"@id\":\"https:\\\/\\\/ppdegalicia.com\\\/es\\\/o-ppdeg-esixe-ao-goberno-explicacions-polo-baleirado-dos-encoros-da-conca-mino-sil-tras-reconecer-ribera-a-sua-responsabilidade\\\/#primaryimage\"},\"thumbnailUrl\":\"https:\\\/\\\/ppdegalicia.com\\\/wp-content\\\/uploads\\\/2021\\\/09\\\/9f6ad8a060e8e0fbd4959771b423561e.jpg\",\"datePublished\":\"2021-09-06T10:56:56+00:00\",\"breadcrumb\":{\"@id\":\"https:\\\/\\\/ppdegalicia.com\\\/es\\\/o-ppdeg-esixe-ao-goberno-explicacions-polo-baleirado-dos-encoros-da-conca-mino-sil-tras-reconecer-ribera-a-sua-responsabilidade\\\/#breadcrumb\"},\"inLanguage\":\"es\",\"potentialAction\":[{\"@type\":\"ReadAction\",\"target\":[\"https:\\\/\\\/ppdegalicia.com\\\/es\\\/o-ppdeg-esixe-ao-goberno-explicacions-polo-baleirado-dos-encoros-da-conca-mino-sil-tras-reconecer-ribera-a-sua-responsabilidade\\\/\"]}]},{\"@type\":\"ImageObject\",\"inLanguage\":\"es\",\"@id\":\"https:\\\/\\\/ppdegalicia.com\\\/es\\\/o-ppdeg-esixe-ao-goberno-explicacions-polo-baleirado-dos-encoros-da-conca-mino-sil-tras-reconecer-ribera-a-sua-responsabilidade\\\/#primaryimage\",\"url\":\"https:\\\/\\\/ppdegalicia.com\\\/wp-content\\\/uploads\\\/2021\\\/09\\\/9f6ad8a060e8e0fbd4959771b423561e.jpg\",\"contentUrl\":\"https:\\\/\\\/ppdegalicia.com\\\/wp-content\\\/uploads\\\/2021\\\/09\\\/9f6ad8a060e8e0fbd4959771b423561e.jpg\",\"width\":1200,\"height\":675},{\"@type\":\"BreadcrumbList\",\"@id\":\"https:\\\/\\\/ppdegalicia.com\\\/es\\\/o-ppdeg-esixe-ao-goberno-explicacions-polo-baleirado-dos-encoros-da-conca-mino-sil-tras-reconecer-ribera-a-sua-responsabilidade\\\/#breadcrumb\",\"itemListElement\":[{\"@type\":\"ListItem\",\"position\":1,\"name\":\"Portada\",\"item\":\"https:\\\/\\\/ppdegalicia.com\\\/es\\\/\"},{\"@type\":\"ListItem\",\"position\":2,\"name\":\"O PPdeG esixe ao Goberno explicaci\u00f3ns polo baleirado dos encoros da conca Mi\u00f1o-Sil tras reco\u00f1ecer Ribera a s\u00faa responsabilidade\"}]},{\"@type\":\"WebSite\",\"@id\":\"https:\\\/\\\/ppdegalicia.com\\\/es\\\/#website\",\"url\":\"https:\\\/\\\/ppdegalicia.com\\\/es\\\/\",\"name\":\"Partido Popular de Galicia\",\"description\":\"Partido Popular de Galicia\",\"publisher\":{\"@id\":\"https:\\\/\\\/ppdegalicia.com\\\/es\\\/#organization\"},\"alternateName\":\"PP de Galicia\",\"potentialAction\":[{\"@type\":\"SearchAction\",\"target\":{\"@type\":\"EntryPoint\",\"urlTemplate\":\"https:\\\/\\\/ppdegalicia.com\\\/es\\\/?s={search_term_string}\"},\"query-input\":{\"@type\":\"PropertyValueSpecification\",\"valueRequired\":true,\"valueName\":\"search_term_string\"}}],\"inLanguage\":\"es\"},{\"@type\":\"Organization\",\"@id\":\"https:\\\/\\\/ppdegalicia.com\\\/es\\\/#organization\",\"name\":\"Partido Popular de Galicia\",\"alternateName\":\"PP de Galicia\",\"url\":\"https:\\\/\\\/ppdegalicia.com\\\/es\\\/\",\"logo\":{\"@type\":\"ImageObject\",\"inLanguage\":\"es\",\"@id\":\"https:\\\/\\\/ppdegalicia.com\\\/es\\\/#\\\/schema\\\/logo\\\/image\\\/\",\"url\":\"https:\\\/\\\/ppdegalicia.com\\\/wp-content\\\/uploads\\\/2023\\\/04\\\/logoPP512.png\",\"contentUrl\":\"https:\\\/\\\/ppdegalicia.com\\\/wp-content\\\/uploads\\\/2023\\\/04\\\/logoPP512.png\",\"width\":512,\"height\":512,\"caption\":\"Partido Popular de Galicia\"},\"image\":{\"@id\":\"https:\\\/\\\/ppdegalicia.com\\\/es\\\/#\\\/schema\\\/logo\\\/image\\\/\"},\"sameAs\":[\"https:\\\/\\\/www.instagram.com\\\/ppdegalicia\\\/\",\"https:\\\/\\\/x.com\\\/ppdegalicia\",\"https:\\\/\\\/www.tiktok.com\\\/@ppdegalicia\",\"https:\\\/\\\/www.youtube.com\\\/user\\\/ppdegalicia\"]},{\"@type\":\"Person\",\"@id\":\"https:\\\/\\\/ppdegalicia.com\\\/es\\\/#\\\/schema\\\/person\\\/5b822c6f59e872ebdd1142f307dbcb59\",\"name\":\"ppdegaliciaredes\",\"image\":{\"@type\":\"ImageObject\",\"inLanguage\":\"es\",\"@id\":\"https:\\\/\\\/secure.gravatar.com\\\/avatar\\\/3c9179cf0256d00c72a48d1f25783c58b6842cd56e85ef3a572881c8e28ccd59?s=96&d=mm&r=g\",\"url\":\"https:\\\/\\\/secure.gravatar.com\\\/avatar\\\/3c9179cf0256d00c72a48d1f25783c58b6842cd56e85ef3a572881c8e28ccd59?s=96&d=mm&r=g\",\"contentUrl\":\"https:\\\/\\\/secure.gravatar.com\\\/avatar\\\/3c9179cf0256d00c72a48d1f25783c58b6842cd56e85ef3a572881c8e28ccd59?s=96&d=mm&r=g\",\"caption\":\"ppdegaliciaredes\"},\"url\":\"https:\\\/\\\/ppdegalicia.com\\\/es\\\/author\\\/ppdegaliciaredes\\\/\"}]}<\/script>\n<!-- \/ Yoast SEO plugin. -->","yoast_head_json":{"title":"O PPdeG esixe ao Goberno explicaci\u00f3ns polo baleirado dos encoros da conca Mi\u00f1o-Sil tras reco\u00f1ecer Ribera a s\u00faa responsabilidade - PP de Galicia","robots":{"index":"index","follow":"follow","max-snippet":"max-snippet:-1","max-image-preview":"max-image-preview:large","max-video-preview":"max-video-preview:-1"},"canonical":"https:\/\/ppdegalicia.com\/es\/o-ppdeg-esixe-ao-goberno-explicacions-polo-baleirado-dos-encoros-da-conca-mino-sil-tras-reconecer-ribera-a-sua-responsabilidade\/","og_locale":"es_ES","og_type":"article","og_title":"O PPdeG esixe ao Goberno explicaci\u00f3ns polo baleirado dos encoros da conca Mi\u00f1o-Sil tras reco\u00f1ecer Ribera a s\u00faa responsabilidade - PP de Galicia","og_description":"Os populares galegos presentan na C\u00e1mara Alta cinco preguntas para co\u00f1ecer as raz\u00f3ns da dr\u00e1stica e preocupante baixada de agua embalsada","og_url":"https:\/\/ppdegalicia.com\/es\/o-ppdeg-esixe-ao-goberno-explicacions-polo-baleirado-dos-encoros-da-conca-mino-sil-tras-reconecer-ribera-a-sua-responsabilidade\/","og_site_name":"PP de Galicia","article_publisher":"https:\/\/www.instagram.com\/ppdegalicia\/","article_published_time":"2021-09-06T10:56:56+00:00","og_image":[{"width":1200,"height":675,"url":"https:\/\/ppdegalicia.com\/wp-content\/uploads\/2021\/09\/9f6ad8a060e8e0fbd4959771b423561e.jpg","type":"image\/jpeg"}],"author":"ppdegaliciaredes","twitter_card":"summary_large_image","twitter_creator":"@ppdegalicia","twitter_site":"@ppdegalicia","twitter_misc":{"Escrito por":"ppdegaliciaredes","Tiempo de lectura":"2 minutos"},"schema":{"@context":"https:\/\/schema.org","@graph":[{"@type":"Article","@id":"https:\/\/ppdegalicia.com\/es\/o-ppdeg-esixe-ao-goberno-explicacions-polo-baleirado-dos-encoros-da-conca-mino-sil-tras-reconecer-ribera-a-sua-responsabilidade\/#article","isPartOf":{"@id":"https:\/\/ppdegalicia.com\/es\/o-ppdeg-esixe-ao-goberno-explicacions-polo-baleirado-dos-encoros-da-conca-mino-sil-tras-reconecer-ribera-a-sua-responsabilidade\/"},"author":{"name":"ppdegaliciaredes","@id":"https:\/\/ppdegalicia.com\/es\/#\/schema\/person\/5b822c6f59e872ebdd1142f307dbcb59"},"headline":"O PPdeG esixe ao Goberno explicaci\u00f3ns polo baleirado dos encoros da conca Mi\u00f1o-Sil tras reco\u00f1ecer Ribera a s\u00faa responsabilidade","datePublished":"2021-09-06T10:56:56+00:00","mainEntityOfPage":{"@id":"https:\/\/ppdegalicia.com\/es\/o-ppdeg-esixe-ao-goberno-explicacions-polo-baleirado-dos-encoros-da-conca-mino-sil-tras-reconecer-ribera-a-sua-responsabilidade\/"},"wordCount":469,"commentCount":0,"publisher":{"@id":"https:\/\/ppdegalicia.com\/es\/#organization"},"image":{"@id":"https:\/\/ppdegalicia.com\/es\/o-ppdeg-esixe-ao-goberno-explicacions-polo-baleirado-dos-encoros-da-conca-mino-sil-tras-reconecer-ribera-a-sua-responsabilidade\/#primaryimage"},"thumbnailUrl":"https:\/\/ppdegalicia.com\/wp-content\/uploads\/2021\/09\/9f6ad8a060e8e0fbd4959771b423561e.jpg","articleSection":["PP de Galicia"],"inLanguage":"es","potentialAction":[{"@type":"CommentAction","name":"Comment","target":["https:\/\/ppdegalicia.com\/es\/o-ppdeg-esixe-ao-goberno-explicacions-polo-baleirado-dos-encoros-da-conca-mino-sil-tras-reconecer-ribera-a-sua-responsabilidade\/#respond"]}]},{"@type":"WebPage","@id":"https:\/\/ppdegalicia.com\/es\/o-ppdeg-esixe-ao-goberno-explicacions-polo-baleirado-dos-encoros-da-conca-mino-sil-tras-reconecer-ribera-a-sua-responsabilidade\/","url":"https:\/\/ppdegalicia.com\/es\/o-ppdeg-esixe-ao-goberno-explicacions-polo-baleirado-dos-encoros-da-conca-mino-sil-tras-reconecer-ribera-a-sua-responsabilidade\/","name":"O PPdeG esixe ao Goberno explicaci\u00f3ns polo baleirado dos encoros da conca Mi\u00f1o-Sil tras reco\u00f1ecer Ribera a s\u00faa responsabilidade - PP de Galicia","isPartOf":{"@id":"https:\/\/ppdegalicia.com\/es\/#website"},"primaryImageOfPage":{"@id":"https:\/\/ppdegalicia.com\/es\/o-ppdeg-esixe-ao-goberno-explicacions-polo-baleirado-dos-encoros-da-conca-mino-sil-tras-reconecer-ribera-a-sua-responsabilidade\/#primaryimage"},"image":{"@id":"https:\/\/ppdegalicia.com\/es\/o-ppdeg-esixe-ao-goberno-explicacions-polo-baleirado-dos-encoros-da-conca-mino-sil-tras-reconecer-ribera-a-sua-responsabilidade\/#primaryimage"},"thumbnailUrl":"https:\/\/ppdegalicia.com\/wp-content\/uploads\/2021\/09\/9f6ad8a060e8e0fbd4959771b423561e.jpg","datePublished":"2021-09-06T10:56:56+00:00","breadcrumb":{"@id":"https:\/\/ppdegalicia.com\/es\/o-ppdeg-esixe-ao-goberno-explicacions-polo-baleirado-dos-encoros-da-conca-mino-sil-tras-reconecer-ribera-a-sua-responsabilidade\/#breadcrumb"},"inLanguage":"es","potentialAction":[{"@type":"ReadAction","target":["https:\/\/ppdegalicia.com\/es\/o-ppdeg-esixe-ao-goberno-explicacions-polo-baleirado-dos-encoros-da-conca-mino-sil-tras-reconecer-ribera-a-sua-responsabilidade\/"]}]},{"@type":"ImageObject","inLanguage":"es","@id":"https:\/\/ppdegalicia.com\/es\/o-ppdeg-esixe-ao-goberno-explicacions-polo-baleirado-dos-encoros-da-conca-mino-sil-tras-reconecer-ribera-a-sua-responsabilidade\/#primaryimage","url":"https:\/\/ppdegalicia.com\/wp-content\/uploads\/2021\/09\/9f6ad8a060e8e0fbd4959771b423561e.jpg","contentUrl":"https:\/\/ppdegalicia.com\/wp-content\/uploads\/2021\/09\/9f6ad8a060e8e0fbd4959771b423561e.jpg","width":1200,"height":675},{"@type":"BreadcrumbList","@id":"https:\/\/ppdegalicia.com\/es\/o-ppdeg-esixe-ao-goberno-explicacions-polo-baleirado-dos-encoros-da-conca-mino-sil-tras-reconecer-ribera-a-sua-responsabilidade\/#breadcrumb","itemListElement":[{"@type":"ListItem","position":1,"name":"Portada","item":"https:\/\/ppdegalicia.com\/es\/"},{"@type":"ListItem","position":2,"name":"O PPdeG esixe ao Goberno explicaci\u00f3ns polo baleirado dos encoros da conca Mi\u00f1o-Sil tras reco\u00f1ecer Ribera a s\u00faa responsabilidade"}]},{"@type":"WebSite","@id":"https:\/\/ppdegalicia.com\/es\/#website","url":"https:\/\/ppdegalicia.com\/es\/","name":"Partido Popular de Galicia","description":"Partido Popular de Galicia","publisher":{"@id":"https:\/\/ppdegalicia.com\/es\/#organization"},"alternateName":"PP de Galicia","potentialAction":[{"@type":"SearchAction","target":{"@type":"EntryPoint","urlTemplate":"https:\/\/ppdegalicia.com\/es\/?s={search_term_string}"},"query-input":{"@type":"PropertyValueSpecification","valueRequired":true,"valueName":"search_term_string"}}],"inLanguage":"es"},{"@type":"Organization","@id":"https:\/\/ppdegalicia.com\/es\/#organization","name":"Partido Popular de Galicia","alternateName":"PP de Galicia","url":"https:\/\/ppdegalicia.com\/es\/","logo":{"@type":"ImageObject","inLanguage":"es","@id":"https:\/\/ppdegalicia.com\/es\/#\/schema\/logo\/image\/","url":"https:\/\/ppdegalicia.com\/wp-content\/uploads\/2023\/04\/logoPP512.png","contentUrl":"https:\/\/ppdegalicia.com\/wp-content\/uploads\/2023\/04\/logoPP512.png","width":512,"height":512,"caption":"Partido Popular de Galicia"},"image":{"@id":"https:\/\/ppdegalicia.com\/es\/#\/schema\/logo\/image\/"},"sameAs":["https:\/\/www.instagram.com\/ppdegalicia\/","https:\/\/x.com\/ppdegalicia","https:\/\/www.tiktok.com\/@ppdegalicia","https:\/\/www.youtube.com\/user\/ppdegalicia"]},{"@type":"Person","@id":"https:\/\/ppdegalicia.com\/es\/#\/schema\/person\/5b822c6f59e872ebdd1142f307dbcb59","name":"ppdegaliciaredes","image":{"@type":"ImageObject","inLanguage":"es","@id":"https:\/\/secure.gravatar.com\/avatar\/3c9179cf0256d00c72a48d1f25783c58b6842cd56e85ef3a572881c8e28ccd59?s=96&d=mm&r=g","url":"https:\/\/secure.gravatar.com\/avatar\/3c9179cf0256d00c72a48d1f25783c58b6842cd56e85ef3a572881c8e28ccd59?s=96&d=mm&r=g","contentUrl":"https:\/\/secure.gravatar.com\/avatar\/3c9179cf0256d00c72a48d1f25783c58b6842cd56e85ef3a572881c8e28ccd59?s=96&d=mm&r=g","caption":"ppdegaliciaredes"},"url":"https:\/\/ppdegalicia.com\/es\/author\/ppdegaliciaredes\/"}]}},"_links":{"self":[{"href":"https:\/\/ppdegalicia.com\/es\/wp-json\/wp\/v2\/posts\/56164","targetHints":{"allow":["GET"]}}],"collection":[{"href":"https:\/\/ppdegalicia.com\/es\/wp-json\/wp\/v2\/posts"}],"about":[{"href":"https:\/\/ppdegalicia.com\/es\/wp-json\/wp\/v2\/types\/post"}],"author":[{"embeddable":true,"href":"https:\/\/ppdegalicia.com\/es\/wp-json\/wp\/v2\/users\/38"}],"replies":[{"embeddable":true,"href":"https:\/\/ppdegalicia.com\/es\/wp-json\/wp\/v2\/comments?post=56164"}],"version-history":[{"count":0,"href":"https:\/\/ppdegalicia.com\/es\/wp-json\/wp\/v2\/posts\/56164\/revisions"}],"wp:featuredmedia":[{"embeddable":true,"href":"https:\/\/ppdegalicia.com\/es\/wp-json\/wp\/v2\/media\/56163"}],"wp:attachment":[{"href":"https:\/\/ppdegalicia.com\/es\/wp-json\/wp\/v2\/media?parent=56164"}],"wp:term":[{"taxonomy":"category","embeddable":true,"href":"https:\/\/ppdegalicia.com\/es\/wp-json\/wp\/v2\/categories?post=56164"},{"taxonomy":"post_tag","embeddable":true,"href":"https:\/\/ppdegalicia.com\/es\/wp-json\/wp\/v2\/tags?post=56164"}],"curies":[{"name":"wp","href":"https:\/\/api.w.org\/{rel}","templated":true}]}}