{"id":56182,"date":"2021-09-09T11:06:45","date_gmt":"2021-09-09T09:06:45","guid":{"rendered":"https:\/\/ppdegalicia.com\/o-parlamento-galego-require-ao-ministerio-de-transportes-o-arranxo-da-estrada-n-540-entre-lugo-e-ourense\/"},"modified":"2021-09-09T11:06:45","modified_gmt":"2021-09-09T09:06:45","slug":"o-parlamento-galego-require-ao-ministerio-de-transportes-o-arranxo-da-estrada-n-540-entre-lugo-e-ourense","status":"publish","type":"post","link":"https:\/\/ppdegalicia.com\/es\/o-parlamento-galego-require-ao-ministerio-de-transportes-o-arranxo-da-estrada-n-540-entre-lugo-e-ourense\/","title":{"rendered":"O Parlamento galego require ao Ministerio de Transportes o arranxo da estrada N-540 entre Lugo e Ourense"},"content":{"rendered":"<p><img fetchpriority=\"high\" decoding=\"async\" class=\" size-full wp-image-56181\" src=\"https:\/\/ppdegalicia.com\/wp-content\/uploads\/2021\/09\/fe4c55e44bb1c0de9c6b06947ebdc471.jpg\" alt=\"\" width=\"1900\" height=\"1267\" srcset=\"https:\/\/ppdegalicia.com\/wp-content\/uploads\/2021\/09\/fe4c55e44bb1c0de9c6b06947ebdc471.jpg 1900w, https:\/\/ppdegalicia.com\/wp-content\/uploads\/2021\/09\/fe4c55e44bb1c0de9c6b06947ebdc471-300x200.jpg 300w, https:\/\/ppdegalicia.com\/wp-content\/uploads\/2021\/09\/fe4c55e44bb1c0de9c6b06947ebdc471-1024x683.jpg 1024w, https:\/\/ppdegalicia.com\/wp-content\/uploads\/2021\/09\/fe4c55e44bb1c0de9c6b06947ebdc471-768x512.jpg 768w, https:\/\/ppdegalicia.com\/wp-content\/uploads\/2021\/09\/fe4c55e44bb1c0de9c6b06947ebdc471-1536x1024.jpg 1536w\" sizes=\"(max-width: 1900px) 100vw, 1900px\" \/><\/p>\n<p>Santiago, 9 de setembro de 2021.- O Parlamento de Galicia aprobou hoxe a proposici\u00f3n non de lei do Grupo Popular, sen o apoio do PSdeG, a trav\u00e9s da que se require ao Ministerio de Transportes, Mobilidade e Axenda Urbana o arranxo integral e urxente das estradas da s\u00faa competencia en Galicia, nomeadamente da N-540 que comunica Lugo e Ourense.<\/p>\n<p><!--more--><\/p>\n<blockquote class=\"twitter-tweet\">\n<p dir=\"ltr\" lang=\"es\">?\ufe0fNa N-540 desde 2018 rex\u00edstrase 1 accidente cada 3 d\u00edas, consecuencia directa dos recortes do Goberno central \u00e1s infraestruturas galegas, o Goberno de <a href=\"https:\/\/twitter.com\/sanchezcastejon?ref_src=twsrc%5Etfw\">@sanchezcastejon<\/a> eliminou os 20M\u20ac que o PP ti\u00f1a orzamentados para a reparaci\u00f3n desta v\u00eda <a href=\"https:\/\/twitter.com\/Raquel_Arias_Ro?ref_src=twsrc%5Etfw\">@Raquel_Arias_Ro<\/a> <a href=\"https:\/\/twitter.com\/PPdeLugo?ref_src=twsrc%5Etfw\">@PPdeLugo<\/a> <a href=\"https:\/\/t.co\/iOUwHoPHkj\">pic.twitter.com\/iOUwHoPHkj<\/a><\/p>\n<p>\u2014 GrupoPopularGalicia (@GrupoPopularGal) <a href=\"https:\/\/twitter.com\/GrupoPopularGal\/status\/1435916035627044867?ref_src=twsrc%5Etfw\">September 9, 2021<\/a><\/p><\/blockquote>\n<p>A deputada popular Raquel Arias lamentou que \u201cas intervenci\u00f3ns de mantemento realizadas nos \u00faltimos meses nesta estrada, ademais de escasas, son meros remendos incapaces de eliminar fochancas nin garantir o bo estado do firme\u201d.<\/p>\n<p>Raquel Arias lembrou que a N-540 \u201c\u00e9 a \u00fanica estrada que existe na actualidade para unir as cidades de Lugo e Ourense, as \u00fanicas capitais de provincia galegas sen conexi\u00f3n por autov\u00eda ou autoestrada, e cunha conexi\u00f3n ferroviaria obsoleta e sen frecuencias\u201d.<\/p>\n<p>\u00a0<\/p>\n<p><strong>RECORTES DO GOBERNO CENTRAL<\/strong><\/p>\n<p>\u00a0<\/p>\n<p>\u201cO estado da N-540 \u00e9 preocupante en todo o trazado, pero especialmente calamitoso no tramo que discorre pola provincia de Lugo\u201d, sinalou a deputada popular, quen apuntou que esta situaci\u00f3n \u201c\u00e9 consecuencia directa do recorte aplicado polo Goberno de Espa\u00f1a \u00e1 partida orzamentaria dedicada a infraestruturas en Galicia\u201d. \u201cPero no caso da N-540 \u00e9 dobremente sangrante, xa que o Goberno de Pedro S\u00e1nchez eliminou os 20 mill\u00f3ns de euros que o Goberno do PP ti\u00f1a orzamentados para a reparaci\u00f3n desta estrada\u201d, incidiu.<\/p>\n<p>\u00a0<\/p>\n<p>Arias lembrou que o Goberno central reco\u00f1eceu o pasado mes de xu\u00f1o a situaci\u00f3n l\u00edmite da N-540 no Senado e ten anunciado novos investimentos nesta estrada, \u201cpero sen concretar prazos nin orzamento\u201d. \u201cA d\u00eda de hoxe, non hai un s\u00f3 treito en obras e s\u00f3 est\u00e1 licitado o treito de Gunt\u00edn, pero nin est\u00e1 adxudicado, nin as obras poder\u00e1n estar en marcha ata, como m\u00ednimo, dentro dun ano\u201d, manifestou.<\/p>\n<p>\u00a0<\/p>\n<p>A deputada popular tam\u00e9n se referiu a outras v\u00edas de comunicaci\u00f3n da provincia de Lugo, como a A-56 \u201cque, 18 anos despois da s\u00faa planificaci\u00f3n, s\u00f3 ten en servizo o tramo A Barrela-San Marti\u00f1o\u201d. Ademais, incidiu que o PPdeG \u201cest\u00e1 absolutamente en contra dunha soluci\u00f3n 2+1 para esta estrada, en coincidencia co manifestado polos empresarios, os alcaldes e as asociaci\u00f3ns veci\u00f1ais\u201d.<\/p>\n<p>\u00a0<\/p>\n<p>Raquel Arias tam\u00e9n lamentou o \u201critmo lento de execuci\u00f3n\u201d da A-54 entre Santiago e Lugo, as\u00ed como da A-76 entre Ourense, Monforte e Ponferrada, que \u201cneste momento \u00e9 pouco m\u00e1is que unha li\u00f1a debuxada no mapa\u201d.<\/p>\n<p>\u00a0<\/p>\n<p><strong>CONTRASTE COA XUNTA DE GALICIA<\/strong><\/p>\n<p>\u00a0<\/p>\n<p>Fronte a este abandono por parte do Goberno de Espa\u00f1a, Arias salientou \u201co esforzo que est\u00e1 a facer a Xunta para mellorar a rede viaria da provincia de Lugo\u201d e puxo de exemplo que os orzamentos para o 2021 recollen un investimento de m\u00e1is de 34 mill\u00f3ns de euros para estas actuaci\u00f3ns. En concreto, referiuse \u00e1s obras que se est\u00e1n a realizar na autov\u00eda Lugo-Sarria ou os reforzos do firme en estradas como a CG-2.1 entre Monforte e o Alto do Faro; a LU-533, entre Chantada e EScair\u00f3n; a LU-653, entre A Pobra de Broll\u00f3n e O Incio; a LU-170, entre Xermade e Cabreiros; e outras moitas.<\/p>\n","protected":false},"excerpt":{"rendered":"<p>Santiago, 9 de setembro de 2021.- O Parlamento de Galicia aprobou hoxe a proposici\u00f3n non de lei do Grupo Popular, sen o apoio do PSdeG, a trav\u00e9s da que se require ao Ministerio de Transportes, Mobilidade e Axenda Urbana o arranxo integral e urxente das estradas da s\u00faa competencia en Galicia, nomeadamente da N-540 que [&hellip;]<\/p>\n","protected":false},"author":38,"featured_media":56181,"comment_status":"open","ping_status":"open","sticky":false,"template":"","format":"standard","meta":{"_acf_changed":false,"footnotes":""},"categories":[1],"tags":[],"class_list":["post-56182","post","type-post","status-publish","format-standard","has-post-thumbnail","hentry","category-pp-de-galicia"],"acf":[],"yoast_head":"<!-- This site is optimized with the Yoast SEO plugin v27.3 - https:\/\/yoast.com\/product\/yoast-seo-wordpress\/ -->\n<title>O Parlamento galego require ao Ministerio de Transportes o arranxo da estrada N-540 entre Lugo e Ourense - PP de Galicia<\/title>\n<meta name=\"robots\" content=\"index, follow, max-snippet:-1, max-image-preview:large, max-video-preview:-1\" \/>\n<link rel=\"canonical\" href=\"https:\/\/ppdegalicia.com\/es\/o-parlamento-galego-require-ao-ministerio-de-transportes-o-arranxo-da-estrada-n-540-entre-lugo-e-ourense\/\" \/>\n<meta property=\"og:locale\" content=\"es_ES\" \/>\n<meta property=\"og:type\" content=\"article\" \/>\n<meta property=\"og:title\" content=\"O Parlamento galego require ao Ministerio de Transportes o arranxo da estrada N-540 entre Lugo e Ourense - PP de Galicia\" \/>\n<meta property=\"og:description\" content=\"Santiago, 9 de setembro de 2021.- O Parlamento de Galicia aprobou hoxe a proposici\u00f3n non de lei do Grupo Popular, sen o apoio do PSdeG, a trav\u00e9s da que se require ao Ministerio de Transportes, Mobilidade e Axenda Urbana o arranxo integral e urxente das estradas da s\u00faa competencia en Galicia, nomeadamente da N-540 que [&hellip;]\" \/>\n<meta property=\"og:url\" content=\"https:\/\/ppdegalicia.com\/es\/o-parlamento-galego-require-ao-ministerio-de-transportes-o-arranxo-da-estrada-n-540-entre-lugo-e-ourense\/\" \/>\n<meta property=\"og:site_name\" content=\"PP de Galicia\" \/>\n<meta property=\"article:publisher\" content=\"https:\/\/www.instagram.com\/ppdegalicia\/\" \/>\n<meta property=\"article:published_time\" content=\"2021-09-09T09:06:45+00:00\" \/>\n<meta property=\"og:image\" content=\"https:\/\/ppdegalicia.com\/wp-content\/uploads\/2021\/09\/fe4c55e44bb1c0de9c6b06947ebdc471.jpg\" \/>\n\t<meta property=\"og:image:width\" content=\"1900\" \/>\n\t<meta property=\"og:image:height\" content=\"1267\" \/>\n\t<meta property=\"og:image:type\" content=\"image\/jpeg\" \/>\n<meta name=\"author\" content=\"ppdegaliciaredes\" \/>\n<meta name=\"twitter:card\" content=\"summary_large_image\" \/>\n<meta name=\"twitter:creator\" content=\"@ppdegalicia\" \/>\n<meta name=\"twitter:site\" content=\"@ppdegalicia\" \/>\n<meta name=\"twitter:label1\" content=\"Escrito por\" \/>\n\t<meta name=\"twitter:data1\" content=\"ppdegaliciaredes\" \/>\n\t<meta name=\"twitter:label2\" content=\"Tiempo de lectura\" \/>\n\t<meta name=\"twitter:data2\" content=\"3 minutos\" \/>\n<script type=\"application\/ld+json\" class=\"yoast-schema-graph\">{\"@context\":\"https:\\\/\\\/schema.org\",\"@graph\":[{\"@type\":\"Article\",\"@id\":\"https:\\\/\\\/ppdegalicia.com\\\/es\\\/o-parlamento-galego-require-ao-ministerio-de-transportes-o-arranxo-da-estrada-n-540-entre-lugo-e-ourense\\\/#article\",\"isPartOf\":{\"@id\":\"https:\\\/\\\/ppdegalicia.com\\\/es\\\/o-parlamento-galego-require-ao-ministerio-de-transportes-o-arranxo-da-estrada-n-540-entre-lugo-e-ourense\\\/\"},\"author\":{\"name\":\"ppdegaliciaredes\",\"@id\":\"https:\\\/\\\/ppdegalicia.com\\\/es\\\/#\\\/schema\\\/person\\\/5b822c6f59e872ebdd1142f307dbcb59\"},\"headline\":\"O Parlamento galego require ao Ministerio de Transportes o arranxo da estrada N-540 entre Lugo e Ourense\",\"datePublished\":\"2021-09-09T09:06:45+00:00\",\"mainEntityOfPage\":{\"@id\":\"https:\\\/\\\/ppdegalicia.com\\\/es\\\/o-parlamento-galego-require-ao-ministerio-de-transportes-o-arranxo-da-estrada-n-540-entre-lugo-e-ourense\\\/\"},\"wordCount\":596,\"commentCount\":0,\"publisher\":{\"@id\":\"https:\\\/\\\/ppdegalicia.com\\\/es\\\/#organization\"},\"image\":{\"@id\":\"https:\\\/\\\/ppdegalicia.com\\\/es\\\/o-parlamento-galego-require-ao-ministerio-de-transportes-o-arranxo-da-estrada-n-540-entre-lugo-e-ourense\\\/#primaryimage\"},\"thumbnailUrl\":\"https:\\\/\\\/ppdegalicia.com\\\/wp-content\\\/uploads\\\/2021\\\/09\\\/fe4c55e44bb1c0de9c6b06947ebdc471.jpg\",\"articleSection\":[\"PP de Galicia\"],\"inLanguage\":\"es\",\"potentialAction\":[{\"@type\":\"CommentAction\",\"name\":\"Comment\",\"target\":[\"https:\\\/\\\/ppdegalicia.com\\\/es\\\/o-parlamento-galego-require-ao-ministerio-de-transportes-o-arranxo-da-estrada-n-540-entre-lugo-e-ourense\\\/#respond\"]}]},{\"@type\":\"WebPage\",\"@id\":\"https:\\\/\\\/ppdegalicia.com\\\/es\\\/o-parlamento-galego-require-ao-ministerio-de-transportes-o-arranxo-da-estrada-n-540-entre-lugo-e-ourense\\\/\",\"url\":\"https:\\\/\\\/ppdegalicia.com\\\/es\\\/o-parlamento-galego-require-ao-ministerio-de-transportes-o-arranxo-da-estrada-n-540-entre-lugo-e-ourense\\\/\",\"name\":\"O Parlamento galego require ao Ministerio de Transportes o arranxo da estrada N-540 entre Lugo e Ourense - PP de Galicia\",\"isPartOf\":{\"@id\":\"https:\\\/\\\/ppdegalicia.com\\\/es\\\/#website\"},\"primaryImageOfPage\":{\"@id\":\"https:\\\/\\\/ppdegalicia.com\\\/es\\\/o-parlamento-galego-require-ao-ministerio-de-transportes-o-arranxo-da-estrada-n-540-entre-lugo-e-ourense\\\/#primaryimage\"},\"image\":{\"@id\":\"https:\\\/\\\/ppdegalicia.com\\\/es\\\/o-parlamento-galego-require-ao-ministerio-de-transportes-o-arranxo-da-estrada-n-540-entre-lugo-e-ourense\\\/#primaryimage\"},\"thumbnailUrl\":\"https:\\\/\\\/ppdegalicia.com\\\/wp-content\\\/uploads\\\/2021\\\/09\\\/fe4c55e44bb1c0de9c6b06947ebdc471.jpg\",\"datePublished\":\"2021-09-09T09:06:45+00:00\",\"breadcrumb\":{\"@id\":\"https:\\\/\\\/ppdegalicia.com\\\/es\\\/o-parlamento-galego-require-ao-ministerio-de-transportes-o-arranxo-da-estrada-n-540-entre-lugo-e-ourense\\\/#breadcrumb\"},\"inLanguage\":\"es\",\"potentialAction\":[{\"@type\":\"ReadAction\",\"target\":[\"https:\\\/\\\/ppdegalicia.com\\\/es\\\/o-parlamento-galego-require-ao-ministerio-de-transportes-o-arranxo-da-estrada-n-540-entre-lugo-e-ourense\\\/\"]}]},{\"@type\":\"ImageObject\",\"inLanguage\":\"es\",\"@id\":\"https:\\\/\\\/ppdegalicia.com\\\/es\\\/o-parlamento-galego-require-ao-ministerio-de-transportes-o-arranxo-da-estrada-n-540-entre-lugo-e-ourense\\\/#primaryimage\",\"url\":\"https:\\\/\\\/ppdegalicia.com\\\/wp-content\\\/uploads\\\/2021\\\/09\\\/fe4c55e44bb1c0de9c6b06947ebdc471.jpg\",\"contentUrl\":\"https:\\\/\\\/ppdegalicia.com\\\/wp-content\\\/uploads\\\/2021\\\/09\\\/fe4c55e44bb1c0de9c6b06947ebdc471.jpg\",\"width\":1900,\"height\":1267},{\"@type\":\"BreadcrumbList\",\"@id\":\"https:\\\/\\\/ppdegalicia.com\\\/es\\\/o-parlamento-galego-require-ao-ministerio-de-transportes-o-arranxo-da-estrada-n-540-entre-lugo-e-ourense\\\/#breadcrumb\",\"itemListElement\":[{\"@type\":\"ListItem\",\"position\":1,\"name\":\"Portada\",\"item\":\"https:\\\/\\\/ppdegalicia.com\\\/es\\\/\"},{\"@type\":\"ListItem\",\"position\":2,\"name\":\"O Parlamento galego require ao Ministerio de Transportes o arranxo da estrada N-540 entre Lugo e Ourense\"}]},{\"@type\":\"WebSite\",\"@id\":\"https:\\\/\\\/ppdegalicia.com\\\/es\\\/#website\",\"url\":\"https:\\\/\\\/ppdegalicia.com\\\/es\\\/\",\"name\":\"Partido Popular de Galicia\",\"description\":\"Partido Popular de Galicia\",\"publisher\":{\"@id\":\"https:\\\/\\\/ppdegalicia.com\\\/es\\\/#organization\"},\"alternateName\":\"PP de Galicia\",\"potentialAction\":[{\"@type\":\"SearchAction\",\"target\":{\"@type\":\"EntryPoint\",\"urlTemplate\":\"https:\\\/\\\/ppdegalicia.com\\\/es\\\/?s={search_term_string}\"},\"query-input\":{\"@type\":\"PropertyValueSpecification\",\"valueRequired\":true,\"valueName\":\"search_term_string\"}}],\"inLanguage\":\"es\"},{\"@type\":\"Organization\",\"@id\":\"https:\\\/\\\/ppdegalicia.com\\\/es\\\/#organization\",\"name\":\"Partido Popular de Galicia\",\"alternateName\":\"PP de Galicia\",\"url\":\"https:\\\/\\\/ppdegalicia.com\\\/es\\\/\",\"logo\":{\"@type\":\"ImageObject\",\"inLanguage\":\"es\",\"@id\":\"https:\\\/\\\/ppdegalicia.com\\\/es\\\/#\\\/schema\\\/logo\\\/image\\\/\",\"url\":\"https:\\\/\\\/ppdegalicia.com\\\/wp-content\\\/uploads\\\/2023\\\/04\\\/logoPP512.png\",\"contentUrl\":\"https:\\\/\\\/ppdegalicia.com\\\/wp-content\\\/uploads\\\/2023\\\/04\\\/logoPP512.png\",\"width\":512,\"height\":512,\"caption\":\"Partido Popular de Galicia\"},\"image\":{\"@id\":\"https:\\\/\\\/ppdegalicia.com\\\/es\\\/#\\\/schema\\\/logo\\\/image\\\/\"},\"sameAs\":[\"https:\\\/\\\/www.instagram.com\\\/ppdegalicia\\\/\",\"https:\\\/\\\/x.com\\\/ppdegalicia\",\"https:\\\/\\\/www.tiktok.com\\\/@ppdegalicia\",\"https:\\\/\\\/www.youtube.com\\\/user\\\/ppdegalicia\"]},{\"@type\":\"Person\",\"@id\":\"https:\\\/\\\/ppdegalicia.com\\\/es\\\/#\\\/schema\\\/person\\\/5b822c6f59e872ebdd1142f307dbcb59\",\"name\":\"ppdegaliciaredes\",\"image\":{\"@type\":\"ImageObject\",\"inLanguage\":\"es\",\"@id\":\"https:\\\/\\\/secure.gravatar.com\\\/avatar\\\/3c9179cf0256d00c72a48d1f25783c58b6842cd56e85ef3a572881c8e28ccd59?s=96&d=mm&r=g\",\"url\":\"https:\\\/\\\/secure.gravatar.com\\\/avatar\\\/3c9179cf0256d00c72a48d1f25783c58b6842cd56e85ef3a572881c8e28ccd59?s=96&d=mm&r=g\",\"contentUrl\":\"https:\\\/\\\/secure.gravatar.com\\\/avatar\\\/3c9179cf0256d00c72a48d1f25783c58b6842cd56e85ef3a572881c8e28ccd59?s=96&d=mm&r=g\",\"caption\":\"ppdegaliciaredes\"},\"url\":\"https:\\\/\\\/ppdegalicia.com\\\/es\\\/author\\\/ppdegaliciaredes\\\/\"}]}<\/script>\n<!-- \/ Yoast SEO plugin. -->","yoast_head_json":{"title":"O Parlamento galego require ao Ministerio de Transportes o arranxo da estrada N-540 entre Lugo e Ourense - PP de Galicia","robots":{"index":"index","follow":"follow","max-snippet":"max-snippet:-1","max-image-preview":"max-image-preview:large","max-video-preview":"max-video-preview:-1"},"canonical":"https:\/\/ppdegalicia.com\/es\/o-parlamento-galego-require-ao-ministerio-de-transportes-o-arranxo-da-estrada-n-540-entre-lugo-e-ourense\/","og_locale":"es_ES","og_type":"article","og_title":"O Parlamento galego require ao Ministerio de Transportes o arranxo da estrada N-540 entre Lugo e Ourense - PP de Galicia","og_description":"Santiago, 9 de setembro de 2021.- O Parlamento de Galicia aprobou hoxe a proposici\u00f3n non de lei do Grupo Popular, sen o apoio do PSdeG, a trav\u00e9s da que se require ao Ministerio de Transportes, Mobilidade e Axenda Urbana o arranxo integral e urxente das estradas da s\u00faa competencia en Galicia, nomeadamente da N-540 que [&hellip;]","og_url":"https:\/\/ppdegalicia.com\/es\/o-parlamento-galego-require-ao-ministerio-de-transportes-o-arranxo-da-estrada-n-540-entre-lugo-e-ourense\/","og_site_name":"PP de Galicia","article_publisher":"https:\/\/www.instagram.com\/ppdegalicia\/","article_published_time":"2021-09-09T09:06:45+00:00","og_image":[{"width":1900,"height":1267,"url":"https:\/\/ppdegalicia.com\/wp-content\/uploads\/2021\/09\/fe4c55e44bb1c0de9c6b06947ebdc471.jpg","type":"image\/jpeg"}],"author":"ppdegaliciaredes","twitter_card":"summary_large_image","twitter_creator":"@ppdegalicia","twitter_site":"@ppdegalicia","twitter_misc":{"Escrito por":"ppdegaliciaredes","Tiempo de lectura":"3 minutos"},"schema":{"@context":"https:\/\/schema.org","@graph":[{"@type":"Article","@id":"https:\/\/ppdegalicia.com\/es\/o-parlamento-galego-require-ao-ministerio-de-transportes-o-arranxo-da-estrada-n-540-entre-lugo-e-ourense\/#article","isPartOf":{"@id":"https:\/\/ppdegalicia.com\/es\/o-parlamento-galego-require-ao-ministerio-de-transportes-o-arranxo-da-estrada-n-540-entre-lugo-e-ourense\/"},"author":{"name":"ppdegaliciaredes","@id":"https:\/\/ppdegalicia.com\/es\/#\/schema\/person\/5b822c6f59e872ebdd1142f307dbcb59"},"headline":"O Parlamento galego require ao Ministerio de Transportes o arranxo da estrada N-540 entre Lugo e Ourense","datePublished":"2021-09-09T09:06:45+00:00","mainEntityOfPage":{"@id":"https:\/\/ppdegalicia.com\/es\/o-parlamento-galego-require-ao-ministerio-de-transportes-o-arranxo-da-estrada-n-540-entre-lugo-e-ourense\/"},"wordCount":596,"commentCount":0,"publisher":{"@id":"https:\/\/ppdegalicia.com\/es\/#organization"},"image":{"@id":"https:\/\/ppdegalicia.com\/es\/o-parlamento-galego-require-ao-ministerio-de-transportes-o-arranxo-da-estrada-n-540-entre-lugo-e-ourense\/#primaryimage"},"thumbnailUrl":"https:\/\/ppdegalicia.com\/wp-content\/uploads\/2021\/09\/fe4c55e44bb1c0de9c6b06947ebdc471.jpg","articleSection":["PP de Galicia"],"inLanguage":"es","potentialAction":[{"@type":"CommentAction","name":"Comment","target":["https:\/\/ppdegalicia.com\/es\/o-parlamento-galego-require-ao-ministerio-de-transportes-o-arranxo-da-estrada-n-540-entre-lugo-e-ourense\/#respond"]}]},{"@type":"WebPage","@id":"https:\/\/ppdegalicia.com\/es\/o-parlamento-galego-require-ao-ministerio-de-transportes-o-arranxo-da-estrada-n-540-entre-lugo-e-ourense\/","url":"https:\/\/ppdegalicia.com\/es\/o-parlamento-galego-require-ao-ministerio-de-transportes-o-arranxo-da-estrada-n-540-entre-lugo-e-ourense\/","name":"O Parlamento galego require ao Ministerio de Transportes o arranxo da estrada N-540 entre Lugo e Ourense - PP de Galicia","isPartOf":{"@id":"https:\/\/ppdegalicia.com\/es\/#website"},"primaryImageOfPage":{"@id":"https:\/\/ppdegalicia.com\/es\/o-parlamento-galego-require-ao-ministerio-de-transportes-o-arranxo-da-estrada-n-540-entre-lugo-e-ourense\/#primaryimage"},"image":{"@id":"https:\/\/ppdegalicia.com\/es\/o-parlamento-galego-require-ao-ministerio-de-transportes-o-arranxo-da-estrada-n-540-entre-lugo-e-ourense\/#primaryimage"},"thumbnailUrl":"https:\/\/ppdegalicia.com\/wp-content\/uploads\/2021\/09\/fe4c55e44bb1c0de9c6b06947ebdc471.jpg","datePublished":"2021-09-09T09:06:45+00:00","breadcrumb":{"@id":"https:\/\/ppdegalicia.com\/es\/o-parlamento-galego-require-ao-ministerio-de-transportes-o-arranxo-da-estrada-n-540-entre-lugo-e-ourense\/#breadcrumb"},"inLanguage":"es","potentialAction":[{"@type":"ReadAction","target":["https:\/\/ppdegalicia.com\/es\/o-parlamento-galego-require-ao-ministerio-de-transportes-o-arranxo-da-estrada-n-540-entre-lugo-e-ourense\/"]}]},{"@type":"ImageObject","inLanguage":"es","@id":"https:\/\/ppdegalicia.com\/es\/o-parlamento-galego-require-ao-ministerio-de-transportes-o-arranxo-da-estrada-n-540-entre-lugo-e-ourense\/#primaryimage","url":"https:\/\/ppdegalicia.com\/wp-content\/uploads\/2021\/09\/fe4c55e44bb1c0de9c6b06947ebdc471.jpg","contentUrl":"https:\/\/ppdegalicia.com\/wp-content\/uploads\/2021\/09\/fe4c55e44bb1c0de9c6b06947ebdc471.jpg","width":1900,"height":1267},{"@type":"BreadcrumbList","@id":"https:\/\/ppdegalicia.com\/es\/o-parlamento-galego-require-ao-ministerio-de-transportes-o-arranxo-da-estrada-n-540-entre-lugo-e-ourense\/#breadcrumb","itemListElement":[{"@type":"ListItem","position":1,"name":"Portada","item":"https:\/\/ppdegalicia.com\/es\/"},{"@type":"ListItem","position":2,"name":"O Parlamento galego require ao Ministerio de Transportes o arranxo da estrada N-540 entre Lugo e Ourense"}]},{"@type":"WebSite","@id":"https:\/\/ppdegalicia.com\/es\/#website","url":"https:\/\/ppdegalicia.com\/es\/","name":"Partido Popular de Galicia","description":"Partido Popular de Galicia","publisher":{"@id":"https:\/\/ppdegalicia.com\/es\/#organization"},"alternateName":"PP de Galicia","potentialAction":[{"@type":"SearchAction","target":{"@type":"EntryPoint","urlTemplate":"https:\/\/ppdegalicia.com\/es\/?s={search_term_string}"},"query-input":{"@type":"PropertyValueSpecification","valueRequired":true,"valueName":"search_term_string"}}],"inLanguage":"es"},{"@type":"Organization","@id":"https:\/\/ppdegalicia.com\/es\/#organization","name":"Partido Popular de Galicia","alternateName":"PP de Galicia","url":"https:\/\/ppdegalicia.com\/es\/","logo":{"@type":"ImageObject","inLanguage":"es","@id":"https:\/\/ppdegalicia.com\/es\/#\/schema\/logo\/image\/","url":"https:\/\/ppdegalicia.com\/wp-content\/uploads\/2023\/04\/logoPP512.png","contentUrl":"https:\/\/ppdegalicia.com\/wp-content\/uploads\/2023\/04\/logoPP512.png","width":512,"height":512,"caption":"Partido Popular de Galicia"},"image":{"@id":"https:\/\/ppdegalicia.com\/es\/#\/schema\/logo\/image\/"},"sameAs":["https:\/\/www.instagram.com\/ppdegalicia\/","https:\/\/x.com\/ppdegalicia","https:\/\/www.tiktok.com\/@ppdegalicia","https:\/\/www.youtube.com\/user\/ppdegalicia"]},{"@type":"Person","@id":"https:\/\/ppdegalicia.com\/es\/#\/schema\/person\/5b822c6f59e872ebdd1142f307dbcb59","name":"ppdegaliciaredes","image":{"@type":"ImageObject","inLanguage":"es","@id":"https:\/\/secure.gravatar.com\/avatar\/3c9179cf0256d00c72a48d1f25783c58b6842cd56e85ef3a572881c8e28ccd59?s=96&d=mm&r=g","url":"https:\/\/secure.gravatar.com\/avatar\/3c9179cf0256d00c72a48d1f25783c58b6842cd56e85ef3a572881c8e28ccd59?s=96&d=mm&r=g","contentUrl":"https:\/\/secure.gravatar.com\/avatar\/3c9179cf0256d00c72a48d1f25783c58b6842cd56e85ef3a572881c8e28ccd59?s=96&d=mm&r=g","caption":"ppdegaliciaredes"},"url":"https:\/\/ppdegalicia.com\/es\/author\/ppdegaliciaredes\/"}]}},"_links":{"self":[{"href":"https:\/\/ppdegalicia.com\/es\/wp-json\/wp\/v2\/posts\/56182","targetHints":{"allow":["GET"]}}],"collection":[{"href":"https:\/\/ppdegalicia.com\/es\/wp-json\/wp\/v2\/posts"}],"about":[{"href":"https:\/\/ppdegalicia.com\/es\/wp-json\/wp\/v2\/types\/post"}],"author":[{"embeddable":true,"href":"https:\/\/ppdegalicia.com\/es\/wp-json\/wp\/v2\/users\/38"}],"replies":[{"embeddable":true,"href":"https:\/\/ppdegalicia.com\/es\/wp-json\/wp\/v2\/comments?post=56182"}],"version-history":[{"count":0,"href":"https:\/\/ppdegalicia.com\/es\/wp-json\/wp\/v2\/posts\/56182\/revisions"}],"wp:featuredmedia":[{"embeddable":true,"href":"https:\/\/ppdegalicia.com\/es\/wp-json\/wp\/v2\/media\/56181"}],"wp:attachment":[{"href":"https:\/\/ppdegalicia.com\/es\/wp-json\/wp\/v2\/media?parent=56182"}],"wp:term":[{"taxonomy":"category","embeddable":true,"href":"https:\/\/ppdegalicia.com\/es\/wp-json\/wp\/v2\/categories?post=56182"},{"taxonomy":"post_tag","embeddable":true,"href":"https:\/\/ppdegalicia.com\/es\/wp-json\/wp\/v2\/tags?post=56182"}],"curies":[{"name":"wp","href":"https:\/\/api.w.org\/{rel}","templated":true}]}}