{"id":56186,"date":"2021-09-10T08:25:46","date_gmt":"2021-09-10T06:25:46","guid":{"rendered":"https:\/\/ppdegalicia.com\/o-parlamento-galego-demanda-a-renfe-que-todos-os-trens-entre-vigo-e-madrid-paren-en-vilagarcia\/"},"modified":"2021-09-10T08:25:46","modified_gmt":"2021-09-10T06:25:46","slug":"o-parlamento-galego-demanda-a-renfe-que-todos-os-trens-entre-vigo-e-madrid-paren-en-vilagarcia","status":"publish","type":"post","link":"https:\/\/ppdegalicia.com\/es\/o-parlamento-galego-demanda-a-renfe-que-todos-os-trens-entre-vigo-e-madrid-paren-en-vilagarcia\/","title":{"rendered":"O Parlamento galego demanda a Renfe que todos os trens entre Vigo e Madrid paren en Vilagarc\u00eda"},"content":{"rendered":"<p><img fetchpriority=\"high\" decoding=\"async\" class=\" size-full wp-image-56185\" src=\"https:\/\/ppdegalicia.com\/wp-content\/uploads\/2021\/09\/f3d7547cb8c8aa26350ae8e4c93c120e.jpg\" alt=\"\" width=\"1900\" height=\"1267\" srcset=\"https:\/\/ppdegalicia.com\/wp-content\/uploads\/2021\/09\/f3d7547cb8c8aa26350ae8e4c93c120e.jpg 1900w, https:\/\/ppdegalicia.com\/wp-content\/uploads\/2021\/09\/f3d7547cb8c8aa26350ae8e4c93c120e-300x200.jpg 300w, https:\/\/ppdegalicia.com\/wp-content\/uploads\/2021\/09\/f3d7547cb8c8aa26350ae8e4c93c120e-1024x683.jpg 1024w, https:\/\/ppdegalicia.com\/wp-content\/uploads\/2021\/09\/f3d7547cb8c8aa26350ae8e4c93c120e-768x512.jpg 768w, https:\/\/ppdegalicia.com\/wp-content\/uploads\/2021\/09\/f3d7547cb8c8aa26350ae8e4c93c120e-1536x1024.jpg 1536w\" sizes=\"(max-width: 1900px) 100vw, 1900px\" \/><\/p>\n<p>Santiago, 9 de setembro de 2021.- O Parlamento de Galicia aprobou hoxe, logo dunha transacci\u00f3n entre o Grupo Popular e o BNG, que non contou co apoio do PSdeG, unha proposici\u00f3n non de lei a trav\u00e9s da que se solicita ao Goberno central que dea as instruci\u00f3ns precisas para que Renfe rectifique e no inmediato incl\u00faa a parada de Vilagarc\u00eda no segundo tren Alvia que une Vigo e Madrid, as\u00ed como que progresivamente todos os trens de longo percorrido que comuniquen as cidades de Vigo e Pontevedra con Madrid, tanto no traxecto de ida como no de volta, paren en Vilagarc\u00eda.<\/p>\n<p><!--more--><\/p>\n<blockquote class=\"twitter-tweet\">\n<p dir=\"ltr\" lang=\"es\">?O <a href=\"https:\/\/twitter.com\/ppdegalicia?ref_src=twsrc%5Etfw\">@ppdegalicia<\/a>, o <a href=\"https:\/\/twitter.com\/PPdeVilagarcia?ref_src=twsrc%5Etfw\">@PPdeVilagarcia<\/a> e a <a href=\"https:\/\/twitter.com\/Xunta?ref_src=twsrc%5Etfw\">@Xunta<\/a> apoiamos a denuncia e pedimos soluci\u00f3ns \u00e1 situaci\u00f3n de desprecio a que o Goberno central somete a Vilagarc\u00eda e a s\u00faa contorna no que \u00e1s comunicaci\u00f3ns ferroviarias se refire, <a href=\"https:\/\/twitter.com\/suarezsar?ref_src=twsrc%5Etfw\">@suarezsar<\/a> <a href=\"https:\/\/t.co\/fzwembdqNt\">pic.twitter.com\/fzwembdqNt<\/a><\/p>\n<p>\u2014 GrupoPopularGalicia (@GrupoPopularGal) <a href=\"https:\/\/twitter.com\/GrupoPopularGal\/status\/1435904705545265155?ref_src=twsrc%5Etfw\">September 9, 2021<\/a><\/p><\/blockquote>\n<p>A deputada popular Elena Su\u00e1rez explicou que a estaci\u00f3n de tren de Vilagarc\u00eda \u00e9 a quinta con m\u00e1is viaxeiros de Galicia, cunha media de 2.000 usuarios diarios, e cubre unha \u00e1rea de influencia de m\u00e1is de 150.000 persoas. As\u00ed mesmo, engadiu que \u201cantes da pandemia circulaban un total de 39 trens diarios con parada nesta estaci\u00f3n, mentres que na actualidade s\u00f3 circulan 28\u201d.<\/p>\n<p>\u00a0<\/p>\n<p><strong>OPORTUNIDADE ECON\u00d3MICA<\/strong><\/p>\n<p>\u00a0<\/p>\n<p>Su\u00e1rez criticou \u201ca situaci\u00f3n de precariedade que sofre a estaci\u00f3n de Vilagarc\u00eda, especialmente despois de co\u00f1ecer o menosprezo que supuxo o anuncio por parte de Renfe de que ning\u00fan dos novos trens que desde este ver\u00e1n comunican Vigo e Madrid parar\u00eda en Vilagarc\u00eda, nin \u00e1 ida nin \u00e1 volta\u201d.<\/p>\n<p>\u00a0<\/p>\n<p>\u201cAs conexi\u00f3ns ferroviarias supo\u00f1en unha oportunidade econ\u00f3mica para Galicia, en xeral, e para Vilagarc\u00eda e a comarca do Saln\u00e9s, en particular\u201d, manifestou a deputada popular, quen criticou que \u201csacarnos do mapa dos itinerarios que nos unen co resto da pen\u00ednsula \u00e9 un agravio comparativo do Goberno de Pedro S\u00e1nchez que non se entende, menos neste momento de crise econ\u00f3mica e nestes anos 2021 e 2022 nos que a celebraci\u00f3n do Xacobeo abre unha oportunidade de rexeneraci\u00f3n tan necesaria\u201d.<\/p>\n<p>\u00a0<\/p>\n<p>Por este motivo, lembrou que a Xunta \u201cten solicitado de forma reiterada ao Goberno de Espa\u00f1a unha mellora da situaci\u00f3n na que se atopan os servizos ferroviarios en Galicia, especialmente aqueles que suprimiu ampar\u00e1ndose na pandemia sanitaria, tanto no que atinxe \u00e1s conexi\u00f3ns interiores como \u00e1s conexi\u00f3ns de Galicia con outras comunidades aut\u00f3nomas ou con Portugal\u201d.<\/p>\n","protected":false},"excerpt":{"rendered":"<p>Santiago, 9 de setembro de 2021.- O Parlamento de Galicia aprobou hoxe, logo dunha transacci\u00f3n entre o Grupo Popular e o BNG, que non contou co apoio do PSdeG, unha proposici\u00f3n non de lei a trav\u00e9s da que se solicita ao Goberno central que dea as instruci\u00f3ns precisas para que Renfe rectifique e no inmediato [&hellip;]<\/p>\n","protected":false},"author":38,"featured_media":56185,"comment_status":"open","ping_status":"open","sticky":false,"template":"","format":"standard","meta":{"_acf_changed":false,"footnotes":""},"categories":[1],"tags":[],"class_list":["post-56186","post","type-post","status-publish","format-standard","has-post-thumbnail","hentry","category-pp-de-galicia"],"acf":[],"yoast_head":"<!-- This site is optimized with the Yoast SEO plugin v27.3 - https:\/\/yoast.com\/product\/yoast-seo-wordpress\/ -->\n<title>O Parlamento galego demanda a Renfe que todos os trens entre Vigo e Madrid paren en Vilagarc\u00eda - PP de Galicia<\/title>\n<meta name=\"robots\" content=\"index, follow, max-snippet:-1, max-image-preview:large, max-video-preview:-1\" \/>\n<link rel=\"canonical\" href=\"https:\/\/ppdegalicia.com\/es\/o-parlamento-galego-demanda-a-renfe-que-todos-os-trens-entre-vigo-e-madrid-paren-en-vilagarcia\/\" \/>\n<meta property=\"og:locale\" content=\"es_ES\" \/>\n<meta property=\"og:type\" content=\"article\" \/>\n<meta property=\"og:title\" content=\"O Parlamento galego demanda a Renfe que todos os trens entre Vigo e Madrid paren en Vilagarc\u00eda - PP de Galicia\" \/>\n<meta property=\"og:description\" content=\"Santiago, 9 de setembro de 2021.- O Parlamento de Galicia aprobou hoxe, logo dunha transacci\u00f3n entre o Grupo Popular e o BNG, que non contou co apoio do PSdeG, unha proposici\u00f3n non de lei a trav\u00e9s da que se solicita ao Goberno central que dea as instruci\u00f3ns precisas para que Renfe rectifique e no inmediato [&hellip;]\" \/>\n<meta property=\"og:url\" content=\"https:\/\/ppdegalicia.com\/es\/o-parlamento-galego-demanda-a-renfe-que-todos-os-trens-entre-vigo-e-madrid-paren-en-vilagarcia\/\" \/>\n<meta property=\"og:site_name\" content=\"PP de Galicia\" \/>\n<meta property=\"article:publisher\" content=\"https:\/\/www.instagram.com\/ppdegalicia\/\" \/>\n<meta property=\"article:published_time\" content=\"2021-09-10T06:25:46+00:00\" \/>\n<meta property=\"og:image\" content=\"https:\/\/ppdegalicia.com\/wp-content\/uploads\/2021\/09\/f3d7547cb8c8aa26350ae8e4c93c120e.jpg\" \/>\n\t<meta property=\"og:image:width\" content=\"1900\" \/>\n\t<meta property=\"og:image:height\" content=\"1267\" \/>\n\t<meta property=\"og:image:type\" content=\"image\/jpeg\" \/>\n<meta name=\"author\" content=\"ppdegaliciaredes\" \/>\n<meta name=\"twitter:card\" content=\"summary_large_image\" \/>\n<meta name=\"twitter:creator\" content=\"@ppdegalicia\" \/>\n<meta name=\"twitter:site\" content=\"@ppdegalicia\" \/>\n<meta name=\"twitter:label1\" content=\"Escrito por\" \/>\n\t<meta name=\"twitter:data1\" content=\"ppdegaliciaredes\" \/>\n\t<meta name=\"twitter:label2\" content=\"Tiempo de lectura\" \/>\n\t<meta name=\"twitter:data2\" content=\"2 minutos\" \/>\n<script type=\"application\/ld+json\" class=\"yoast-schema-graph\">{\"@context\":\"https:\\\/\\\/schema.org\",\"@graph\":[{\"@type\":\"Article\",\"@id\":\"https:\\\/\\\/ppdegalicia.com\\\/es\\\/o-parlamento-galego-demanda-a-renfe-que-todos-os-trens-entre-vigo-e-madrid-paren-en-vilagarcia\\\/#article\",\"isPartOf\":{\"@id\":\"https:\\\/\\\/ppdegalicia.com\\\/es\\\/o-parlamento-galego-demanda-a-renfe-que-todos-os-trens-entre-vigo-e-madrid-paren-en-vilagarcia\\\/\"},\"author\":{\"name\":\"ppdegaliciaredes\",\"@id\":\"https:\\\/\\\/ppdegalicia.com\\\/es\\\/#\\\/schema\\\/person\\\/5b822c6f59e872ebdd1142f307dbcb59\"},\"headline\":\"O Parlamento galego demanda a Renfe que todos os trens entre Vigo e Madrid paren en Vilagarc\u00eda\",\"datePublished\":\"2021-09-10T06:25:46+00:00\",\"mainEntityOfPage\":{\"@id\":\"https:\\\/\\\/ppdegalicia.com\\\/es\\\/o-parlamento-galego-demanda-a-renfe-que-todos-os-trens-entre-vigo-e-madrid-paren-en-vilagarcia\\\/\"},\"wordCount\":443,\"commentCount\":0,\"publisher\":{\"@id\":\"https:\\\/\\\/ppdegalicia.com\\\/es\\\/#organization\"},\"image\":{\"@id\":\"https:\\\/\\\/ppdegalicia.com\\\/es\\\/o-parlamento-galego-demanda-a-renfe-que-todos-os-trens-entre-vigo-e-madrid-paren-en-vilagarcia\\\/#primaryimage\"},\"thumbnailUrl\":\"https:\\\/\\\/ppdegalicia.com\\\/wp-content\\\/uploads\\\/2021\\\/09\\\/f3d7547cb8c8aa26350ae8e4c93c120e.jpg\",\"articleSection\":[\"PP de Galicia\"],\"inLanguage\":\"es\",\"potentialAction\":[{\"@type\":\"CommentAction\",\"name\":\"Comment\",\"target\":[\"https:\\\/\\\/ppdegalicia.com\\\/es\\\/o-parlamento-galego-demanda-a-renfe-que-todos-os-trens-entre-vigo-e-madrid-paren-en-vilagarcia\\\/#respond\"]}]},{\"@type\":\"WebPage\",\"@id\":\"https:\\\/\\\/ppdegalicia.com\\\/es\\\/o-parlamento-galego-demanda-a-renfe-que-todos-os-trens-entre-vigo-e-madrid-paren-en-vilagarcia\\\/\",\"url\":\"https:\\\/\\\/ppdegalicia.com\\\/es\\\/o-parlamento-galego-demanda-a-renfe-que-todos-os-trens-entre-vigo-e-madrid-paren-en-vilagarcia\\\/\",\"name\":\"O Parlamento galego demanda a Renfe que todos os trens entre Vigo e Madrid paren en Vilagarc\u00eda - PP de Galicia\",\"isPartOf\":{\"@id\":\"https:\\\/\\\/ppdegalicia.com\\\/es\\\/#website\"},\"primaryImageOfPage\":{\"@id\":\"https:\\\/\\\/ppdegalicia.com\\\/es\\\/o-parlamento-galego-demanda-a-renfe-que-todos-os-trens-entre-vigo-e-madrid-paren-en-vilagarcia\\\/#primaryimage\"},\"image\":{\"@id\":\"https:\\\/\\\/ppdegalicia.com\\\/es\\\/o-parlamento-galego-demanda-a-renfe-que-todos-os-trens-entre-vigo-e-madrid-paren-en-vilagarcia\\\/#primaryimage\"},\"thumbnailUrl\":\"https:\\\/\\\/ppdegalicia.com\\\/wp-content\\\/uploads\\\/2021\\\/09\\\/f3d7547cb8c8aa26350ae8e4c93c120e.jpg\",\"datePublished\":\"2021-09-10T06:25:46+00:00\",\"breadcrumb\":{\"@id\":\"https:\\\/\\\/ppdegalicia.com\\\/es\\\/o-parlamento-galego-demanda-a-renfe-que-todos-os-trens-entre-vigo-e-madrid-paren-en-vilagarcia\\\/#breadcrumb\"},\"inLanguage\":\"es\",\"potentialAction\":[{\"@type\":\"ReadAction\",\"target\":[\"https:\\\/\\\/ppdegalicia.com\\\/es\\\/o-parlamento-galego-demanda-a-renfe-que-todos-os-trens-entre-vigo-e-madrid-paren-en-vilagarcia\\\/\"]}]},{\"@type\":\"ImageObject\",\"inLanguage\":\"es\",\"@id\":\"https:\\\/\\\/ppdegalicia.com\\\/es\\\/o-parlamento-galego-demanda-a-renfe-que-todos-os-trens-entre-vigo-e-madrid-paren-en-vilagarcia\\\/#primaryimage\",\"url\":\"https:\\\/\\\/ppdegalicia.com\\\/wp-content\\\/uploads\\\/2021\\\/09\\\/f3d7547cb8c8aa26350ae8e4c93c120e.jpg\",\"contentUrl\":\"https:\\\/\\\/ppdegalicia.com\\\/wp-content\\\/uploads\\\/2021\\\/09\\\/f3d7547cb8c8aa26350ae8e4c93c120e.jpg\",\"width\":1900,\"height\":1267},{\"@type\":\"BreadcrumbList\",\"@id\":\"https:\\\/\\\/ppdegalicia.com\\\/es\\\/o-parlamento-galego-demanda-a-renfe-que-todos-os-trens-entre-vigo-e-madrid-paren-en-vilagarcia\\\/#breadcrumb\",\"itemListElement\":[{\"@type\":\"ListItem\",\"position\":1,\"name\":\"Portada\",\"item\":\"https:\\\/\\\/ppdegalicia.com\\\/es\\\/\"},{\"@type\":\"ListItem\",\"position\":2,\"name\":\"O Parlamento galego demanda a Renfe que todos os trens entre Vigo e Madrid paren en Vilagarc\u00eda\"}]},{\"@type\":\"WebSite\",\"@id\":\"https:\\\/\\\/ppdegalicia.com\\\/es\\\/#website\",\"url\":\"https:\\\/\\\/ppdegalicia.com\\\/es\\\/\",\"name\":\"Partido Popular de Galicia\",\"description\":\"Partido Popular de Galicia\",\"publisher\":{\"@id\":\"https:\\\/\\\/ppdegalicia.com\\\/es\\\/#organization\"},\"alternateName\":\"PP de Galicia\",\"potentialAction\":[{\"@type\":\"SearchAction\",\"target\":{\"@type\":\"EntryPoint\",\"urlTemplate\":\"https:\\\/\\\/ppdegalicia.com\\\/es\\\/?s={search_term_string}\"},\"query-input\":{\"@type\":\"PropertyValueSpecification\",\"valueRequired\":true,\"valueName\":\"search_term_string\"}}],\"inLanguage\":\"es\"},{\"@type\":\"Organization\",\"@id\":\"https:\\\/\\\/ppdegalicia.com\\\/es\\\/#organization\",\"name\":\"Partido Popular de Galicia\",\"alternateName\":\"PP de Galicia\",\"url\":\"https:\\\/\\\/ppdegalicia.com\\\/es\\\/\",\"logo\":{\"@type\":\"ImageObject\",\"inLanguage\":\"es\",\"@id\":\"https:\\\/\\\/ppdegalicia.com\\\/es\\\/#\\\/schema\\\/logo\\\/image\\\/\",\"url\":\"https:\\\/\\\/ppdegalicia.com\\\/wp-content\\\/uploads\\\/2023\\\/04\\\/logoPP512.png\",\"contentUrl\":\"https:\\\/\\\/ppdegalicia.com\\\/wp-content\\\/uploads\\\/2023\\\/04\\\/logoPP512.png\",\"width\":512,\"height\":512,\"caption\":\"Partido Popular de Galicia\"},\"image\":{\"@id\":\"https:\\\/\\\/ppdegalicia.com\\\/es\\\/#\\\/schema\\\/logo\\\/image\\\/\"},\"sameAs\":[\"https:\\\/\\\/www.instagram.com\\\/ppdegalicia\\\/\",\"https:\\\/\\\/x.com\\\/ppdegalicia\",\"https:\\\/\\\/www.tiktok.com\\\/@ppdegalicia\",\"https:\\\/\\\/www.youtube.com\\\/user\\\/ppdegalicia\"]},{\"@type\":\"Person\",\"@id\":\"https:\\\/\\\/ppdegalicia.com\\\/es\\\/#\\\/schema\\\/person\\\/5b822c6f59e872ebdd1142f307dbcb59\",\"name\":\"ppdegaliciaredes\",\"image\":{\"@type\":\"ImageObject\",\"inLanguage\":\"es\",\"@id\":\"https:\\\/\\\/secure.gravatar.com\\\/avatar\\\/3c9179cf0256d00c72a48d1f25783c58b6842cd56e85ef3a572881c8e28ccd59?s=96&d=mm&r=g\",\"url\":\"https:\\\/\\\/secure.gravatar.com\\\/avatar\\\/3c9179cf0256d00c72a48d1f25783c58b6842cd56e85ef3a572881c8e28ccd59?s=96&d=mm&r=g\",\"contentUrl\":\"https:\\\/\\\/secure.gravatar.com\\\/avatar\\\/3c9179cf0256d00c72a48d1f25783c58b6842cd56e85ef3a572881c8e28ccd59?s=96&d=mm&r=g\",\"caption\":\"ppdegaliciaredes\"},\"url\":\"https:\\\/\\\/ppdegalicia.com\\\/es\\\/author\\\/ppdegaliciaredes\\\/\"}]}<\/script>\n<!-- \/ Yoast SEO plugin. -->","yoast_head_json":{"title":"O Parlamento galego demanda a Renfe que todos os trens entre Vigo e Madrid paren en Vilagarc\u00eda - PP de Galicia","robots":{"index":"index","follow":"follow","max-snippet":"max-snippet:-1","max-image-preview":"max-image-preview:large","max-video-preview":"max-video-preview:-1"},"canonical":"https:\/\/ppdegalicia.com\/es\/o-parlamento-galego-demanda-a-renfe-que-todos-os-trens-entre-vigo-e-madrid-paren-en-vilagarcia\/","og_locale":"es_ES","og_type":"article","og_title":"O Parlamento galego demanda a Renfe que todos os trens entre Vigo e Madrid paren en Vilagarc\u00eda - PP de Galicia","og_description":"Santiago, 9 de setembro de 2021.- O Parlamento de Galicia aprobou hoxe, logo dunha transacci\u00f3n entre o Grupo Popular e o BNG, que non contou co apoio do PSdeG, unha proposici\u00f3n non de lei a trav\u00e9s da que se solicita ao Goberno central que dea as instruci\u00f3ns precisas para que Renfe rectifique e no inmediato [&hellip;]","og_url":"https:\/\/ppdegalicia.com\/es\/o-parlamento-galego-demanda-a-renfe-que-todos-os-trens-entre-vigo-e-madrid-paren-en-vilagarcia\/","og_site_name":"PP de Galicia","article_publisher":"https:\/\/www.instagram.com\/ppdegalicia\/","article_published_time":"2021-09-10T06:25:46+00:00","og_image":[{"width":1900,"height":1267,"url":"https:\/\/ppdegalicia.com\/wp-content\/uploads\/2021\/09\/f3d7547cb8c8aa26350ae8e4c93c120e.jpg","type":"image\/jpeg"}],"author":"ppdegaliciaredes","twitter_card":"summary_large_image","twitter_creator":"@ppdegalicia","twitter_site":"@ppdegalicia","twitter_misc":{"Escrito por":"ppdegaliciaredes","Tiempo de lectura":"2 minutos"},"schema":{"@context":"https:\/\/schema.org","@graph":[{"@type":"Article","@id":"https:\/\/ppdegalicia.com\/es\/o-parlamento-galego-demanda-a-renfe-que-todos-os-trens-entre-vigo-e-madrid-paren-en-vilagarcia\/#article","isPartOf":{"@id":"https:\/\/ppdegalicia.com\/es\/o-parlamento-galego-demanda-a-renfe-que-todos-os-trens-entre-vigo-e-madrid-paren-en-vilagarcia\/"},"author":{"name":"ppdegaliciaredes","@id":"https:\/\/ppdegalicia.com\/es\/#\/schema\/person\/5b822c6f59e872ebdd1142f307dbcb59"},"headline":"O Parlamento galego demanda a Renfe que todos os trens entre Vigo e Madrid paren en Vilagarc\u00eda","datePublished":"2021-09-10T06:25:46+00:00","mainEntityOfPage":{"@id":"https:\/\/ppdegalicia.com\/es\/o-parlamento-galego-demanda-a-renfe-que-todos-os-trens-entre-vigo-e-madrid-paren-en-vilagarcia\/"},"wordCount":443,"commentCount":0,"publisher":{"@id":"https:\/\/ppdegalicia.com\/es\/#organization"},"image":{"@id":"https:\/\/ppdegalicia.com\/es\/o-parlamento-galego-demanda-a-renfe-que-todos-os-trens-entre-vigo-e-madrid-paren-en-vilagarcia\/#primaryimage"},"thumbnailUrl":"https:\/\/ppdegalicia.com\/wp-content\/uploads\/2021\/09\/f3d7547cb8c8aa26350ae8e4c93c120e.jpg","articleSection":["PP de Galicia"],"inLanguage":"es","potentialAction":[{"@type":"CommentAction","name":"Comment","target":["https:\/\/ppdegalicia.com\/es\/o-parlamento-galego-demanda-a-renfe-que-todos-os-trens-entre-vigo-e-madrid-paren-en-vilagarcia\/#respond"]}]},{"@type":"WebPage","@id":"https:\/\/ppdegalicia.com\/es\/o-parlamento-galego-demanda-a-renfe-que-todos-os-trens-entre-vigo-e-madrid-paren-en-vilagarcia\/","url":"https:\/\/ppdegalicia.com\/es\/o-parlamento-galego-demanda-a-renfe-que-todos-os-trens-entre-vigo-e-madrid-paren-en-vilagarcia\/","name":"O Parlamento galego demanda a Renfe que todos os trens entre Vigo e Madrid paren en Vilagarc\u00eda - PP de Galicia","isPartOf":{"@id":"https:\/\/ppdegalicia.com\/es\/#website"},"primaryImageOfPage":{"@id":"https:\/\/ppdegalicia.com\/es\/o-parlamento-galego-demanda-a-renfe-que-todos-os-trens-entre-vigo-e-madrid-paren-en-vilagarcia\/#primaryimage"},"image":{"@id":"https:\/\/ppdegalicia.com\/es\/o-parlamento-galego-demanda-a-renfe-que-todos-os-trens-entre-vigo-e-madrid-paren-en-vilagarcia\/#primaryimage"},"thumbnailUrl":"https:\/\/ppdegalicia.com\/wp-content\/uploads\/2021\/09\/f3d7547cb8c8aa26350ae8e4c93c120e.jpg","datePublished":"2021-09-10T06:25:46+00:00","breadcrumb":{"@id":"https:\/\/ppdegalicia.com\/es\/o-parlamento-galego-demanda-a-renfe-que-todos-os-trens-entre-vigo-e-madrid-paren-en-vilagarcia\/#breadcrumb"},"inLanguage":"es","potentialAction":[{"@type":"ReadAction","target":["https:\/\/ppdegalicia.com\/es\/o-parlamento-galego-demanda-a-renfe-que-todos-os-trens-entre-vigo-e-madrid-paren-en-vilagarcia\/"]}]},{"@type":"ImageObject","inLanguage":"es","@id":"https:\/\/ppdegalicia.com\/es\/o-parlamento-galego-demanda-a-renfe-que-todos-os-trens-entre-vigo-e-madrid-paren-en-vilagarcia\/#primaryimage","url":"https:\/\/ppdegalicia.com\/wp-content\/uploads\/2021\/09\/f3d7547cb8c8aa26350ae8e4c93c120e.jpg","contentUrl":"https:\/\/ppdegalicia.com\/wp-content\/uploads\/2021\/09\/f3d7547cb8c8aa26350ae8e4c93c120e.jpg","width":1900,"height":1267},{"@type":"BreadcrumbList","@id":"https:\/\/ppdegalicia.com\/es\/o-parlamento-galego-demanda-a-renfe-que-todos-os-trens-entre-vigo-e-madrid-paren-en-vilagarcia\/#breadcrumb","itemListElement":[{"@type":"ListItem","position":1,"name":"Portada","item":"https:\/\/ppdegalicia.com\/es\/"},{"@type":"ListItem","position":2,"name":"O Parlamento galego demanda a Renfe que todos os trens entre Vigo e Madrid paren en Vilagarc\u00eda"}]},{"@type":"WebSite","@id":"https:\/\/ppdegalicia.com\/es\/#website","url":"https:\/\/ppdegalicia.com\/es\/","name":"Partido Popular de Galicia","description":"Partido Popular de Galicia","publisher":{"@id":"https:\/\/ppdegalicia.com\/es\/#organization"},"alternateName":"PP de Galicia","potentialAction":[{"@type":"SearchAction","target":{"@type":"EntryPoint","urlTemplate":"https:\/\/ppdegalicia.com\/es\/?s={search_term_string}"},"query-input":{"@type":"PropertyValueSpecification","valueRequired":true,"valueName":"search_term_string"}}],"inLanguage":"es"},{"@type":"Organization","@id":"https:\/\/ppdegalicia.com\/es\/#organization","name":"Partido Popular de Galicia","alternateName":"PP de Galicia","url":"https:\/\/ppdegalicia.com\/es\/","logo":{"@type":"ImageObject","inLanguage":"es","@id":"https:\/\/ppdegalicia.com\/es\/#\/schema\/logo\/image\/","url":"https:\/\/ppdegalicia.com\/wp-content\/uploads\/2023\/04\/logoPP512.png","contentUrl":"https:\/\/ppdegalicia.com\/wp-content\/uploads\/2023\/04\/logoPP512.png","width":512,"height":512,"caption":"Partido Popular de Galicia"},"image":{"@id":"https:\/\/ppdegalicia.com\/es\/#\/schema\/logo\/image\/"},"sameAs":["https:\/\/www.instagram.com\/ppdegalicia\/","https:\/\/x.com\/ppdegalicia","https:\/\/www.tiktok.com\/@ppdegalicia","https:\/\/www.youtube.com\/user\/ppdegalicia"]},{"@type":"Person","@id":"https:\/\/ppdegalicia.com\/es\/#\/schema\/person\/5b822c6f59e872ebdd1142f307dbcb59","name":"ppdegaliciaredes","image":{"@type":"ImageObject","inLanguage":"es","@id":"https:\/\/secure.gravatar.com\/avatar\/3c9179cf0256d00c72a48d1f25783c58b6842cd56e85ef3a572881c8e28ccd59?s=96&d=mm&r=g","url":"https:\/\/secure.gravatar.com\/avatar\/3c9179cf0256d00c72a48d1f25783c58b6842cd56e85ef3a572881c8e28ccd59?s=96&d=mm&r=g","contentUrl":"https:\/\/secure.gravatar.com\/avatar\/3c9179cf0256d00c72a48d1f25783c58b6842cd56e85ef3a572881c8e28ccd59?s=96&d=mm&r=g","caption":"ppdegaliciaredes"},"url":"https:\/\/ppdegalicia.com\/es\/author\/ppdegaliciaredes\/"}]}},"_links":{"self":[{"href":"https:\/\/ppdegalicia.com\/es\/wp-json\/wp\/v2\/posts\/56186","targetHints":{"allow":["GET"]}}],"collection":[{"href":"https:\/\/ppdegalicia.com\/es\/wp-json\/wp\/v2\/posts"}],"about":[{"href":"https:\/\/ppdegalicia.com\/es\/wp-json\/wp\/v2\/types\/post"}],"author":[{"embeddable":true,"href":"https:\/\/ppdegalicia.com\/es\/wp-json\/wp\/v2\/users\/38"}],"replies":[{"embeddable":true,"href":"https:\/\/ppdegalicia.com\/es\/wp-json\/wp\/v2\/comments?post=56186"}],"version-history":[{"count":0,"href":"https:\/\/ppdegalicia.com\/es\/wp-json\/wp\/v2\/posts\/56186\/revisions"}],"wp:featuredmedia":[{"embeddable":true,"href":"https:\/\/ppdegalicia.com\/es\/wp-json\/wp\/v2\/media\/56185"}],"wp:attachment":[{"href":"https:\/\/ppdegalicia.com\/es\/wp-json\/wp\/v2\/media?parent=56186"}],"wp:term":[{"taxonomy":"category","embeddable":true,"href":"https:\/\/ppdegalicia.com\/es\/wp-json\/wp\/v2\/categories?post=56186"},{"taxonomy":"post_tag","embeddable":true,"href":"https:\/\/ppdegalicia.com\/es\/wp-json\/wp\/v2\/tags?post=56186"}],"curies":[{"name":"wp","href":"https:\/\/api.w.org\/{rel}","templated":true}]}}