{"id":56190,"date":"2021-09-12T09:16:54","date_gmt":"2021-09-12T07:16:54","guid":{"rendered":"https:\/\/ppdegalicia.com\/o-ppdeg-ratifica-o-seu-compromiso-coa-igualdade-real-e-efectiva-para-estendela-a-todos-os-niveis-da-sua-accion-politica\/"},"modified":"2021-09-12T09:16:54","modified_gmt":"2021-09-12T07:16:54","slug":"o-ppdeg-ratifica-o-seu-compromiso-coa-igualdade-real-e-efectiva-para-estendela-a-todos-os-niveis-da-sua-accion-politica","status":"publish","type":"post","link":"https:\/\/ppdegalicia.com\/es\/o-ppdeg-ratifica-o-seu-compromiso-coa-igualdade-real-e-efectiva-para-estendela-a-todos-os-niveis-da-sua-accion-politica\/","title":{"rendered":"O PPdeG ratifica o seu compromiso coa igualdade real e efectiva para estendela a todos os niveis da s\u00faa acci\u00f3n pol\u00edtica"},"content":{"rendered":"<p><img fetchpriority=\"high\" decoding=\"async\" class=\" size-full wp-image-56189\" src=\"https:\/\/ppdegalicia.com\/wp-content\/uploads\/2021\/09\/cdcce048da2e5cede7ff5088a7a09331.jpg\" alt=\"\" width=\"1800\" height=\"1200\" srcset=\"https:\/\/ppdegalicia.com\/wp-content\/uploads\/2021\/09\/cdcce048da2e5cede7ff5088a7a09331.jpg 1800w, https:\/\/ppdegalicia.com\/wp-content\/uploads\/2021\/09\/cdcce048da2e5cede7ff5088a7a09331-300x200.jpg 300w, https:\/\/ppdegalicia.com\/wp-content\/uploads\/2021\/09\/cdcce048da2e5cede7ff5088a7a09331-1024x683.jpg 1024w, https:\/\/ppdegalicia.com\/wp-content\/uploads\/2021\/09\/cdcce048da2e5cede7ff5088a7a09331-768x512.jpg 768w, https:\/\/ppdegalicia.com\/wp-content\/uploads\/2021\/09\/cdcce048da2e5cede7ff5088a7a09331-1536x1024.jpg 1536w\" sizes=\"(max-width: 1800px) 100vw, 1800px\" \/><\/p>\n<p style=\"text-align: justify;\">O Partido Popular de Galicia valorar\u00e1 a Raquel Touri\u00f1o como presidenta da Comisi\u00f3n Permanente de Igualdade<\/p>\n<p><!--more--><\/p>\n<p style=\"text-align: justify;\">A direcci\u00f3n do Partido Popular de Galicia prop\u00f3n a Raquel Touri\u00f1o como presidenta da Comisi\u00f3n Permanente de Igualdade da formaci\u00f3n. O Comit\u00e9 Executivo do PPdeG, que se reunir\u00e1 ma\u00f1\u00e1 en Santiago e estar\u00e1 presidido por Alberto N\u00fa\u00f1ez Feij\u00f3o, ser\u00e1 o encargado de valorar a proposta e de aprobar os nomes da lista definitiva.<\/p>\n<p style=\"text-align: justify;\">\u00a0<\/p>\n<p style=\"text-align: justify;\">Esta Comisi\u00f3n adquiriu especial relevancia dende que no \u00faltimo Congreso auton\u00f3mico se converteu nun \u00f3rgano estatutario e a presenza de Raquel Touri\u00f1o, integrante nata da direcci\u00f3n do partido ao ser vicesecretaria, evidencia o compromiso dos populares por integrar e estender a igualdade a todos os niveis da s\u00faa acci\u00f3n pol\u00edtica. \u00a0<\/p>\n<p style=\"text-align: justify;\">\u00a0<\/p>\n<p style=\"text-align: justify;\">As\u00ed mesmo, o proposta sinala como secretarias da Comisi\u00f3n a Paula Mouzo, coordinadora de Movementos Sociais, e a Milagros Dom\u00ednguez, concelleira de Ponte Caldelas, inclu\u00edndo a presenza de Susana L\u00f3pez Abella, secretaria xeral de Igualdade. O listado completo est\u00e1 integrado por diferentes perf\u00eds femininos e masculinos -pois a defensa da igualdade non se reduce \u00e1s mulleres sen\u00f3n ao 100% da nosa sociedade-, x\u00f3venes, pertencentes tanto ao entorno urbano como a concellos m\u00e1is pequenos, e entre os que se atopan alcaldesas, portavoces, concelleiros, deputadas auton\u00f3micas ou representantes nas Cortes Xerais.<\/p>\n<p style=\"text-align: justify;\">\u00a0<\/p>\n<p style=\"text-align: justify;\"><strong><u>UNHA IGUALDADE REAL<\/u><\/strong><\/p>\n<p style=\"text-align: justify;\">O PPdeG \u00e9 consciente de que a igualdade entre homes e mulleres non se pode limitar a s\u00f3 falar dela e da s\u00faa importancia, sen\u00f3n que debe estar presente en todas as decisi\u00f3ns, acci\u00f3ns e medidas que afectan \u00e1 cidadan\u00eda, especialmente \u00e1s relacionadas coa educaci\u00f3n, coa formaci\u00f3n e co emprego.<\/p>\n<p style=\"text-align: justify;\">\u00a0<\/p>\n<p style=\"text-align: justify;\">As\u00ed mesmo, os populares apostan por unha igualdade real e efectiva, afastada das extravagancias doutros partidos, como os que afirman que hai que ensinar matem\u00e1ticas con perspectiva de x\u00e9nero ou empregan esta cuesti\u00f3n para facer pol\u00edticas de propaganda que non van m\u00e1is al\u00e1 da mera an\u00e9cdota para ocupar m\u00e1is espazo nos medios de comunicaci\u00f3n.<\/p>\n<p style=\"text-align: justify;\">\u00a0<\/p>\n<p style=\"text-align: justify;\"><strong><u>UN PARTIDO VIVO E EN MOVEMENTO<\/u><\/strong><\/p>\n<p style=\"text-align: justify;\">O Comit\u00e9 Executivo de ma\u00f1\u00e1, o primeiro do curso pol\u00edtico, re\u00fanese a mesma semana que comeza o calendario congresual a nivel provincial. De feito, o d\u00eda 18 celebrarase o conclave de Pontevedra e o d\u00eda 19 o de Lugo, mentres os congresos da Coru\u00f1a e Ourense ter\u00e1n lugar os d\u00edas 25 e 26 de setembro, respectivamente.<\/p>\n<p style=\"text-align: justify;\">\u00a0<\/p>\n<p style=\"text-align: justify;\">C\u00f3mpre lembrar que o PPdeG deu inicio ao seu curso pol\u00edtico hai d\u00faas semanas en Cerdedo-Cotobade e que, unha semana m\u00e1is tarde, o partido xuntaba ao seu Comit\u00e9 de Cidades, presidido por Alberto N\u00fa\u00f1ez Feij\u00f3o en Santiago. Esta intensa axenda evidencia o interese dos populares galegos por activar e renovar a vida org\u00e1nica da formaci\u00f3n, en constante movemento e actualizaci\u00f3n para seguir conectando coa sociedade, o que lle permite continuar sendo a primeira forza pol\u00edtica de Galicia.<\/p>\n","protected":false},"excerpt":{"rendered":"<p>O Partido Popular de Galicia valorar\u00e1 a Raquel Touri\u00f1o como presidenta da Comisi\u00f3n Permanente de Igualdade<\/p>\n","protected":false},"author":38,"featured_media":56189,"comment_status":"open","ping_status":"open","sticky":false,"template":"","format":"standard","meta":{"_acf_changed":false,"footnotes":""},"categories":[1],"tags":[],"class_list":["post-56190","post","type-post","status-publish","format-standard","has-post-thumbnail","hentry","category-pp-de-galicia"],"acf":[],"yoast_head":"<!-- This site is optimized with the Yoast SEO plugin v27.3 - https:\/\/yoast.com\/product\/yoast-seo-wordpress\/ -->\n<title>O PPdeG ratifica o seu compromiso coa igualdade real e efectiva para estendela a todos os niveis da s\u00faa acci\u00f3n pol\u00edtica - PP de Galicia<\/title>\n<meta name=\"robots\" content=\"index, follow, max-snippet:-1, max-image-preview:large, max-video-preview:-1\" \/>\n<link rel=\"canonical\" href=\"https:\/\/ppdegalicia.com\/es\/o-ppdeg-ratifica-o-seu-compromiso-coa-igualdade-real-e-efectiva-para-estendela-a-todos-os-niveis-da-sua-accion-politica\/\" \/>\n<meta property=\"og:locale\" content=\"es_ES\" \/>\n<meta property=\"og:type\" content=\"article\" \/>\n<meta property=\"og:title\" content=\"O PPdeG ratifica o seu compromiso coa igualdade real e efectiva para estendela a todos os niveis da s\u00faa acci\u00f3n pol\u00edtica - PP de Galicia\" \/>\n<meta property=\"og:description\" content=\"O Partido Popular de Galicia valorar\u00e1 a Raquel Touri\u00f1o como presidenta da Comisi\u00f3n Permanente de Igualdade\" \/>\n<meta property=\"og:url\" content=\"https:\/\/ppdegalicia.com\/es\/o-ppdeg-ratifica-o-seu-compromiso-coa-igualdade-real-e-efectiva-para-estendela-a-todos-os-niveis-da-sua-accion-politica\/\" \/>\n<meta property=\"og:site_name\" content=\"PP de Galicia\" \/>\n<meta property=\"article:publisher\" content=\"https:\/\/www.instagram.com\/ppdegalicia\/\" \/>\n<meta property=\"article:published_time\" content=\"2021-09-12T07:16:54+00:00\" \/>\n<meta property=\"og:image\" content=\"https:\/\/ppdegalicia.com\/wp-content\/uploads\/2021\/09\/cdcce048da2e5cede7ff5088a7a09331.jpg\" \/>\n\t<meta property=\"og:image:width\" content=\"1800\" \/>\n\t<meta property=\"og:image:height\" content=\"1200\" \/>\n\t<meta property=\"og:image:type\" content=\"image\/jpeg\" \/>\n<meta name=\"author\" content=\"ppdegaliciaredes\" \/>\n<meta name=\"twitter:card\" content=\"summary_large_image\" \/>\n<meta name=\"twitter:creator\" content=\"@ppdegalicia\" \/>\n<meta name=\"twitter:site\" content=\"@ppdegalicia\" \/>\n<meta name=\"twitter:label1\" content=\"Escrito por\" \/>\n\t<meta name=\"twitter:data1\" content=\"ppdegaliciaredes\" \/>\n\t<meta name=\"twitter:label2\" content=\"Tiempo de lectura\" \/>\n\t<meta name=\"twitter:data2\" content=\"3 minutos\" \/>\n<script type=\"application\/ld+json\" class=\"yoast-schema-graph\">{\"@context\":\"https:\\\/\\\/schema.org\",\"@graph\":[{\"@type\":\"Article\",\"@id\":\"https:\\\/\\\/ppdegalicia.com\\\/es\\\/o-ppdeg-ratifica-o-seu-compromiso-coa-igualdade-real-e-efectiva-para-estendela-a-todos-os-niveis-da-sua-accion-politica\\\/#article\",\"isPartOf\":{\"@id\":\"https:\\\/\\\/ppdegalicia.com\\\/es\\\/o-ppdeg-ratifica-o-seu-compromiso-coa-igualdade-real-e-efectiva-para-estendela-a-todos-os-niveis-da-sua-accion-politica\\\/\"},\"author\":{\"name\":\"ppdegaliciaredes\",\"@id\":\"https:\\\/\\\/ppdegalicia.com\\\/es\\\/#\\\/schema\\\/person\\\/5b822c6f59e872ebdd1142f307dbcb59\"},\"headline\":\"O PPdeG ratifica o seu compromiso coa igualdade real e efectiva para estendela a todos os niveis da s\u00faa acci\u00f3n pol\u00edtica\",\"datePublished\":\"2021-09-12T07:16:54+00:00\",\"mainEntityOfPage\":{\"@id\":\"https:\\\/\\\/ppdegalicia.com\\\/es\\\/o-ppdeg-ratifica-o-seu-compromiso-coa-igualdade-real-e-efectiva-para-estendela-a-todos-os-niveis-da-sua-accion-politica\\\/\"},\"wordCount\":528,\"commentCount\":0,\"publisher\":{\"@id\":\"https:\\\/\\\/ppdegalicia.com\\\/es\\\/#organization\"},\"image\":{\"@id\":\"https:\\\/\\\/ppdegalicia.com\\\/es\\\/o-ppdeg-ratifica-o-seu-compromiso-coa-igualdade-real-e-efectiva-para-estendela-a-todos-os-niveis-da-sua-accion-politica\\\/#primaryimage\"},\"thumbnailUrl\":\"https:\\\/\\\/ppdegalicia.com\\\/wp-content\\\/uploads\\\/2021\\\/09\\\/cdcce048da2e5cede7ff5088a7a09331.jpg\",\"articleSection\":[\"PP de Galicia\"],\"inLanguage\":\"es\",\"potentialAction\":[{\"@type\":\"CommentAction\",\"name\":\"Comment\",\"target\":[\"https:\\\/\\\/ppdegalicia.com\\\/es\\\/o-ppdeg-ratifica-o-seu-compromiso-coa-igualdade-real-e-efectiva-para-estendela-a-todos-os-niveis-da-sua-accion-politica\\\/#respond\"]}]},{\"@type\":\"WebPage\",\"@id\":\"https:\\\/\\\/ppdegalicia.com\\\/es\\\/o-ppdeg-ratifica-o-seu-compromiso-coa-igualdade-real-e-efectiva-para-estendela-a-todos-os-niveis-da-sua-accion-politica\\\/\",\"url\":\"https:\\\/\\\/ppdegalicia.com\\\/es\\\/o-ppdeg-ratifica-o-seu-compromiso-coa-igualdade-real-e-efectiva-para-estendela-a-todos-os-niveis-da-sua-accion-politica\\\/\",\"name\":\"O PPdeG ratifica o seu compromiso coa igualdade real e efectiva para estendela a todos os niveis da s\u00faa acci\u00f3n pol\u00edtica - PP de Galicia\",\"isPartOf\":{\"@id\":\"https:\\\/\\\/ppdegalicia.com\\\/es\\\/#website\"},\"primaryImageOfPage\":{\"@id\":\"https:\\\/\\\/ppdegalicia.com\\\/es\\\/o-ppdeg-ratifica-o-seu-compromiso-coa-igualdade-real-e-efectiva-para-estendela-a-todos-os-niveis-da-sua-accion-politica\\\/#primaryimage\"},\"image\":{\"@id\":\"https:\\\/\\\/ppdegalicia.com\\\/es\\\/o-ppdeg-ratifica-o-seu-compromiso-coa-igualdade-real-e-efectiva-para-estendela-a-todos-os-niveis-da-sua-accion-politica\\\/#primaryimage\"},\"thumbnailUrl\":\"https:\\\/\\\/ppdegalicia.com\\\/wp-content\\\/uploads\\\/2021\\\/09\\\/cdcce048da2e5cede7ff5088a7a09331.jpg\",\"datePublished\":\"2021-09-12T07:16:54+00:00\",\"breadcrumb\":{\"@id\":\"https:\\\/\\\/ppdegalicia.com\\\/es\\\/o-ppdeg-ratifica-o-seu-compromiso-coa-igualdade-real-e-efectiva-para-estendela-a-todos-os-niveis-da-sua-accion-politica\\\/#breadcrumb\"},\"inLanguage\":\"es\",\"potentialAction\":[{\"@type\":\"ReadAction\",\"target\":[\"https:\\\/\\\/ppdegalicia.com\\\/es\\\/o-ppdeg-ratifica-o-seu-compromiso-coa-igualdade-real-e-efectiva-para-estendela-a-todos-os-niveis-da-sua-accion-politica\\\/\"]}]},{\"@type\":\"ImageObject\",\"inLanguage\":\"es\",\"@id\":\"https:\\\/\\\/ppdegalicia.com\\\/es\\\/o-ppdeg-ratifica-o-seu-compromiso-coa-igualdade-real-e-efectiva-para-estendela-a-todos-os-niveis-da-sua-accion-politica\\\/#primaryimage\",\"url\":\"https:\\\/\\\/ppdegalicia.com\\\/wp-content\\\/uploads\\\/2021\\\/09\\\/cdcce048da2e5cede7ff5088a7a09331.jpg\",\"contentUrl\":\"https:\\\/\\\/ppdegalicia.com\\\/wp-content\\\/uploads\\\/2021\\\/09\\\/cdcce048da2e5cede7ff5088a7a09331.jpg\",\"width\":1800,\"height\":1200},{\"@type\":\"BreadcrumbList\",\"@id\":\"https:\\\/\\\/ppdegalicia.com\\\/es\\\/o-ppdeg-ratifica-o-seu-compromiso-coa-igualdade-real-e-efectiva-para-estendela-a-todos-os-niveis-da-sua-accion-politica\\\/#breadcrumb\",\"itemListElement\":[{\"@type\":\"ListItem\",\"position\":1,\"name\":\"Portada\",\"item\":\"https:\\\/\\\/ppdegalicia.com\\\/es\\\/\"},{\"@type\":\"ListItem\",\"position\":2,\"name\":\"O PPdeG ratifica o seu compromiso coa igualdade real e efectiva para estendela a todos os niveis da s\u00faa acci\u00f3n pol\u00edtica\"}]},{\"@type\":\"WebSite\",\"@id\":\"https:\\\/\\\/ppdegalicia.com\\\/es\\\/#website\",\"url\":\"https:\\\/\\\/ppdegalicia.com\\\/es\\\/\",\"name\":\"Partido Popular de Galicia\",\"description\":\"Partido Popular de Galicia\",\"publisher\":{\"@id\":\"https:\\\/\\\/ppdegalicia.com\\\/es\\\/#organization\"},\"alternateName\":\"PP de Galicia\",\"potentialAction\":[{\"@type\":\"SearchAction\",\"target\":{\"@type\":\"EntryPoint\",\"urlTemplate\":\"https:\\\/\\\/ppdegalicia.com\\\/es\\\/?s={search_term_string}\"},\"query-input\":{\"@type\":\"PropertyValueSpecification\",\"valueRequired\":true,\"valueName\":\"search_term_string\"}}],\"inLanguage\":\"es\"},{\"@type\":\"Organization\",\"@id\":\"https:\\\/\\\/ppdegalicia.com\\\/es\\\/#organization\",\"name\":\"Partido Popular de Galicia\",\"alternateName\":\"PP de Galicia\",\"url\":\"https:\\\/\\\/ppdegalicia.com\\\/es\\\/\",\"logo\":{\"@type\":\"ImageObject\",\"inLanguage\":\"es\",\"@id\":\"https:\\\/\\\/ppdegalicia.com\\\/es\\\/#\\\/schema\\\/logo\\\/image\\\/\",\"url\":\"https:\\\/\\\/ppdegalicia.com\\\/wp-content\\\/uploads\\\/2023\\\/04\\\/logoPP512.png\",\"contentUrl\":\"https:\\\/\\\/ppdegalicia.com\\\/wp-content\\\/uploads\\\/2023\\\/04\\\/logoPP512.png\",\"width\":512,\"height\":512,\"caption\":\"Partido Popular de Galicia\"},\"image\":{\"@id\":\"https:\\\/\\\/ppdegalicia.com\\\/es\\\/#\\\/schema\\\/logo\\\/image\\\/\"},\"sameAs\":[\"https:\\\/\\\/www.instagram.com\\\/ppdegalicia\\\/\",\"https:\\\/\\\/x.com\\\/ppdegalicia\",\"https:\\\/\\\/www.tiktok.com\\\/@ppdegalicia\",\"https:\\\/\\\/www.youtube.com\\\/user\\\/ppdegalicia\"]},{\"@type\":\"Person\",\"@id\":\"https:\\\/\\\/ppdegalicia.com\\\/es\\\/#\\\/schema\\\/person\\\/5b822c6f59e872ebdd1142f307dbcb59\",\"name\":\"ppdegaliciaredes\",\"image\":{\"@type\":\"ImageObject\",\"inLanguage\":\"es\",\"@id\":\"https:\\\/\\\/secure.gravatar.com\\\/avatar\\\/3c9179cf0256d00c72a48d1f25783c58b6842cd56e85ef3a572881c8e28ccd59?s=96&d=mm&r=g\",\"url\":\"https:\\\/\\\/secure.gravatar.com\\\/avatar\\\/3c9179cf0256d00c72a48d1f25783c58b6842cd56e85ef3a572881c8e28ccd59?s=96&d=mm&r=g\",\"contentUrl\":\"https:\\\/\\\/secure.gravatar.com\\\/avatar\\\/3c9179cf0256d00c72a48d1f25783c58b6842cd56e85ef3a572881c8e28ccd59?s=96&d=mm&r=g\",\"caption\":\"ppdegaliciaredes\"},\"url\":\"https:\\\/\\\/ppdegalicia.com\\\/es\\\/author\\\/ppdegaliciaredes\\\/\"}]}<\/script>\n<!-- \/ Yoast SEO plugin. -->","yoast_head_json":{"title":"O PPdeG ratifica o seu compromiso coa igualdade real e efectiva para estendela a todos os niveis da s\u00faa acci\u00f3n pol\u00edtica - PP de Galicia","robots":{"index":"index","follow":"follow","max-snippet":"max-snippet:-1","max-image-preview":"max-image-preview:large","max-video-preview":"max-video-preview:-1"},"canonical":"https:\/\/ppdegalicia.com\/es\/o-ppdeg-ratifica-o-seu-compromiso-coa-igualdade-real-e-efectiva-para-estendela-a-todos-os-niveis-da-sua-accion-politica\/","og_locale":"es_ES","og_type":"article","og_title":"O PPdeG ratifica o seu compromiso coa igualdade real e efectiva para estendela a todos os niveis da s\u00faa acci\u00f3n pol\u00edtica - PP de Galicia","og_description":"O Partido Popular de Galicia valorar\u00e1 a Raquel Touri\u00f1o como presidenta da Comisi\u00f3n Permanente de Igualdade","og_url":"https:\/\/ppdegalicia.com\/es\/o-ppdeg-ratifica-o-seu-compromiso-coa-igualdade-real-e-efectiva-para-estendela-a-todos-os-niveis-da-sua-accion-politica\/","og_site_name":"PP de Galicia","article_publisher":"https:\/\/www.instagram.com\/ppdegalicia\/","article_published_time":"2021-09-12T07:16:54+00:00","og_image":[{"width":1800,"height":1200,"url":"https:\/\/ppdegalicia.com\/wp-content\/uploads\/2021\/09\/cdcce048da2e5cede7ff5088a7a09331.jpg","type":"image\/jpeg"}],"author":"ppdegaliciaredes","twitter_card":"summary_large_image","twitter_creator":"@ppdegalicia","twitter_site":"@ppdegalicia","twitter_misc":{"Escrito por":"ppdegaliciaredes","Tiempo de lectura":"3 minutos"},"schema":{"@context":"https:\/\/schema.org","@graph":[{"@type":"Article","@id":"https:\/\/ppdegalicia.com\/es\/o-ppdeg-ratifica-o-seu-compromiso-coa-igualdade-real-e-efectiva-para-estendela-a-todos-os-niveis-da-sua-accion-politica\/#article","isPartOf":{"@id":"https:\/\/ppdegalicia.com\/es\/o-ppdeg-ratifica-o-seu-compromiso-coa-igualdade-real-e-efectiva-para-estendela-a-todos-os-niveis-da-sua-accion-politica\/"},"author":{"name":"ppdegaliciaredes","@id":"https:\/\/ppdegalicia.com\/es\/#\/schema\/person\/5b822c6f59e872ebdd1142f307dbcb59"},"headline":"O PPdeG ratifica o seu compromiso coa igualdade real e efectiva para estendela a todos os niveis da s\u00faa acci\u00f3n pol\u00edtica","datePublished":"2021-09-12T07:16:54+00:00","mainEntityOfPage":{"@id":"https:\/\/ppdegalicia.com\/es\/o-ppdeg-ratifica-o-seu-compromiso-coa-igualdade-real-e-efectiva-para-estendela-a-todos-os-niveis-da-sua-accion-politica\/"},"wordCount":528,"commentCount":0,"publisher":{"@id":"https:\/\/ppdegalicia.com\/es\/#organization"},"image":{"@id":"https:\/\/ppdegalicia.com\/es\/o-ppdeg-ratifica-o-seu-compromiso-coa-igualdade-real-e-efectiva-para-estendela-a-todos-os-niveis-da-sua-accion-politica\/#primaryimage"},"thumbnailUrl":"https:\/\/ppdegalicia.com\/wp-content\/uploads\/2021\/09\/cdcce048da2e5cede7ff5088a7a09331.jpg","articleSection":["PP de Galicia"],"inLanguage":"es","potentialAction":[{"@type":"CommentAction","name":"Comment","target":["https:\/\/ppdegalicia.com\/es\/o-ppdeg-ratifica-o-seu-compromiso-coa-igualdade-real-e-efectiva-para-estendela-a-todos-os-niveis-da-sua-accion-politica\/#respond"]}]},{"@type":"WebPage","@id":"https:\/\/ppdegalicia.com\/es\/o-ppdeg-ratifica-o-seu-compromiso-coa-igualdade-real-e-efectiva-para-estendela-a-todos-os-niveis-da-sua-accion-politica\/","url":"https:\/\/ppdegalicia.com\/es\/o-ppdeg-ratifica-o-seu-compromiso-coa-igualdade-real-e-efectiva-para-estendela-a-todos-os-niveis-da-sua-accion-politica\/","name":"O PPdeG ratifica o seu compromiso coa igualdade real e efectiva para estendela a todos os niveis da s\u00faa acci\u00f3n pol\u00edtica - PP de Galicia","isPartOf":{"@id":"https:\/\/ppdegalicia.com\/es\/#website"},"primaryImageOfPage":{"@id":"https:\/\/ppdegalicia.com\/es\/o-ppdeg-ratifica-o-seu-compromiso-coa-igualdade-real-e-efectiva-para-estendela-a-todos-os-niveis-da-sua-accion-politica\/#primaryimage"},"image":{"@id":"https:\/\/ppdegalicia.com\/es\/o-ppdeg-ratifica-o-seu-compromiso-coa-igualdade-real-e-efectiva-para-estendela-a-todos-os-niveis-da-sua-accion-politica\/#primaryimage"},"thumbnailUrl":"https:\/\/ppdegalicia.com\/wp-content\/uploads\/2021\/09\/cdcce048da2e5cede7ff5088a7a09331.jpg","datePublished":"2021-09-12T07:16:54+00:00","breadcrumb":{"@id":"https:\/\/ppdegalicia.com\/es\/o-ppdeg-ratifica-o-seu-compromiso-coa-igualdade-real-e-efectiva-para-estendela-a-todos-os-niveis-da-sua-accion-politica\/#breadcrumb"},"inLanguage":"es","potentialAction":[{"@type":"ReadAction","target":["https:\/\/ppdegalicia.com\/es\/o-ppdeg-ratifica-o-seu-compromiso-coa-igualdade-real-e-efectiva-para-estendela-a-todos-os-niveis-da-sua-accion-politica\/"]}]},{"@type":"ImageObject","inLanguage":"es","@id":"https:\/\/ppdegalicia.com\/es\/o-ppdeg-ratifica-o-seu-compromiso-coa-igualdade-real-e-efectiva-para-estendela-a-todos-os-niveis-da-sua-accion-politica\/#primaryimage","url":"https:\/\/ppdegalicia.com\/wp-content\/uploads\/2021\/09\/cdcce048da2e5cede7ff5088a7a09331.jpg","contentUrl":"https:\/\/ppdegalicia.com\/wp-content\/uploads\/2021\/09\/cdcce048da2e5cede7ff5088a7a09331.jpg","width":1800,"height":1200},{"@type":"BreadcrumbList","@id":"https:\/\/ppdegalicia.com\/es\/o-ppdeg-ratifica-o-seu-compromiso-coa-igualdade-real-e-efectiva-para-estendela-a-todos-os-niveis-da-sua-accion-politica\/#breadcrumb","itemListElement":[{"@type":"ListItem","position":1,"name":"Portada","item":"https:\/\/ppdegalicia.com\/es\/"},{"@type":"ListItem","position":2,"name":"O PPdeG ratifica o seu compromiso coa igualdade real e efectiva para estendela a todos os niveis da s\u00faa acci\u00f3n pol\u00edtica"}]},{"@type":"WebSite","@id":"https:\/\/ppdegalicia.com\/es\/#website","url":"https:\/\/ppdegalicia.com\/es\/","name":"Partido Popular de Galicia","description":"Partido Popular de Galicia","publisher":{"@id":"https:\/\/ppdegalicia.com\/es\/#organization"},"alternateName":"PP de Galicia","potentialAction":[{"@type":"SearchAction","target":{"@type":"EntryPoint","urlTemplate":"https:\/\/ppdegalicia.com\/es\/?s={search_term_string}"},"query-input":{"@type":"PropertyValueSpecification","valueRequired":true,"valueName":"search_term_string"}}],"inLanguage":"es"},{"@type":"Organization","@id":"https:\/\/ppdegalicia.com\/es\/#organization","name":"Partido Popular de Galicia","alternateName":"PP de Galicia","url":"https:\/\/ppdegalicia.com\/es\/","logo":{"@type":"ImageObject","inLanguage":"es","@id":"https:\/\/ppdegalicia.com\/es\/#\/schema\/logo\/image\/","url":"https:\/\/ppdegalicia.com\/wp-content\/uploads\/2023\/04\/logoPP512.png","contentUrl":"https:\/\/ppdegalicia.com\/wp-content\/uploads\/2023\/04\/logoPP512.png","width":512,"height":512,"caption":"Partido Popular de Galicia"},"image":{"@id":"https:\/\/ppdegalicia.com\/es\/#\/schema\/logo\/image\/"},"sameAs":["https:\/\/www.instagram.com\/ppdegalicia\/","https:\/\/x.com\/ppdegalicia","https:\/\/www.tiktok.com\/@ppdegalicia","https:\/\/www.youtube.com\/user\/ppdegalicia"]},{"@type":"Person","@id":"https:\/\/ppdegalicia.com\/es\/#\/schema\/person\/5b822c6f59e872ebdd1142f307dbcb59","name":"ppdegaliciaredes","image":{"@type":"ImageObject","inLanguage":"es","@id":"https:\/\/secure.gravatar.com\/avatar\/3c9179cf0256d00c72a48d1f25783c58b6842cd56e85ef3a572881c8e28ccd59?s=96&d=mm&r=g","url":"https:\/\/secure.gravatar.com\/avatar\/3c9179cf0256d00c72a48d1f25783c58b6842cd56e85ef3a572881c8e28ccd59?s=96&d=mm&r=g","contentUrl":"https:\/\/secure.gravatar.com\/avatar\/3c9179cf0256d00c72a48d1f25783c58b6842cd56e85ef3a572881c8e28ccd59?s=96&d=mm&r=g","caption":"ppdegaliciaredes"},"url":"https:\/\/ppdegalicia.com\/es\/author\/ppdegaliciaredes\/"}]}},"_links":{"self":[{"href":"https:\/\/ppdegalicia.com\/es\/wp-json\/wp\/v2\/posts\/56190","targetHints":{"allow":["GET"]}}],"collection":[{"href":"https:\/\/ppdegalicia.com\/es\/wp-json\/wp\/v2\/posts"}],"about":[{"href":"https:\/\/ppdegalicia.com\/es\/wp-json\/wp\/v2\/types\/post"}],"author":[{"embeddable":true,"href":"https:\/\/ppdegalicia.com\/es\/wp-json\/wp\/v2\/users\/38"}],"replies":[{"embeddable":true,"href":"https:\/\/ppdegalicia.com\/es\/wp-json\/wp\/v2\/comments?post=56190"}],"version-history":[{"count":0,"href":"https:\/\/ppdegalicia.com\/es\/wp-json\/wp\/v2\/posts\/56190\/revisions"}],"wp:featuredmedia":[{"embeddable":true,"href":"https:\/\/ppdegalicia.com\/es\/wp-json\/wp\/v2\/media\/56189"}],"wp:attachment":[{"href":"https:\/\/ppdegalicia.com\/es\/wp-json\/wp\/v2\/media?parent=56190"}],"wp:term":[{"taxonomy":"category","embeddable":true,"href":"https:\/\/ppdegalicia.com\/es\/wp-json\/wp\/v2\/categories?post=56190"},{"taxonomy":"post_tag","embeddable":true,"href":"https:\/\/ppdegalicia.com\/es\/wp-json\/wp\/v2\/tags?post=56190"}],"curies":[{"name":"wp","href":"https:\/\/api.w.org\/{rel}","templated":true}]}}