{"id":56212,"date":"2021-09-26T12:42:53","date_gmt":"2021-09-26T10:42:53","guid":{"rendered":"https:\/\/ppdegalicia.com\/feijoo-pide-un-cambio-de-rumbo-ao-goberno-central-para-que-os-intereses-xerais-se-situen-por-riba-de-todo\/"},"modified":"2021-09-26T12:42:53","modified_gmt":"2021-09-26T10:42:53","slug":"feijoo-pide-un-cambio-de-rumbo-ao-goberno-central-para-que-os-intereses-xerais-se-situen-por-riba-de-todo","status":"publish","type":"post","link":"https:\/\/ppdegalicia.com\/es\/feijoo-pide-un-cambio-de-rumbo-ao-goberno-central-para-que-os-intereses-xerais-se-situen-por-riba-de-todo\/","title":{"rendered":"Feij\u00f3o pide un cambio de rumbo ao Goberno central para que os intereses xerais se sit\u00faen por riba de todo"},"content":{"rendered":"<p><img fetchpriority=\"high\" decoding=\"async\" class=\" size-full wp-image-56211\" src=\"https:\/\/ppdegalicia.com\/wp-content\/uploads\/2021\/09\/5c9d1e42e340b51b9a4354b977c5a175-scaled.jpg\" alt=\"\" width=\"2560\" height=\"1781\" srcset=\"https:\/\/ppdegalicia.com\/wp-content\/uploads\/2021\/09\/5c9d1e42e340b51b9a4354b977c5a175-scaled.jpg 2560w, https:\/\/ppdegalicia.com\/wp-content\/uploads\/2021\/09\/5c9d1e42e340b51b9a4354b977c5a175-300x209.jpg 300w, https:\/\/ppdegalicia.com\/wp-content\/uploads\/2021\/09\/5c9d1e42e340b51b9a4354b977c5a175-1024x712.jpg 1024w, https:\/\/ppdegalicia.com\/wp-content\/uploads\/2021\/09\/5c9d1e42e340b51b9a4354b977c5a175-768x534.jpg 768w, https:\/\/ppdegalicia.com\/wp-content\/uploads\/2021\/09\/5c9d1e42e340b51b9a4354b977c5a175-1536x1068.jpg 1536w, https:\/\/ppdegalicia.com\/wp-content\/uploads\/2021\/09\/5c9d1e42e340b51b9a4354b977c5a175-2048x1425.jpg 2048w\" sizes=\"(max-width: 2560px) 100vw, 2560px\" \/><\/p>\n<p style=\"text-align: justify;\">O l\u00edder dos populares galegos, Alberto N\u00fa\u00f1ez Feij\u00f3o, afirmou no Congreso provincial do PP de Ourense que o Executivo central ten que corrixir o rumbo e situar a Espa\u00f1a por riba de todo, pois o presidente do Goberno non pode depender m\u00e1is que de todos os espa\u00f1ois.<\/p>\n<p><!--more--><\/p>\n<p style=\"text-align: justify;\">\u00a0<\/p>\n<p style=\"text-align: justify;\">Sobre isto, explicou que non se debe permitir que un ourens\u00e1n reciba peores servizos que un catal\u00e1n, resaltando que os intereses xerais non se poden pactar entre dous. Nese senso, afeou que, por culpa desta forma de gobernar, agora en Catalu\u00f1a caduquen as vacinas contra a COVID-19 mentres Comunidades como Galicia esgotan o seu stock ou se estean repartindo os Fondos Next Generation de maneira arbitraria e sen criterio.<\/p>\n<p style=\"text-align: justify;\">\u00a0<\/p>\n<p style=\"text-align: justify;\">Pola contra, puxo en valor que o obxectivo dos populares \u00e9 ga\u00f1ar para servir con responsabilidade aos cidad\u00e1ns desde as instituci\u00f3ns, xa que non se pode gobernar a golpe de titulares nin a base de chantaxes. As\u00ed, a diferenza do PSdeG e do BNG, que s\u00f3 atenden ao que diga S\u00e1nchez ou ERC, destacou que o PPdeG \u00e9 o \u00fanico que defender\u00e1 o que merece Galicia.<\/p>\n<p style=\"text-align: justify;\">\u00a0<\/p>\n<p style=\"text-align: justify;\">M\u00e1s polo mi\u00fado, explicou que, no que respecta ao financiamento auton\u00f3mico, o seu partido continuar\u00e1 loitando para que se te\u00f1a en conta a nosa estrutura de poboaci\u00f3n e o custe da prestaci\u00f3n dos servizos.<\/p>\n<p style=\"text-align: justify;\">\u00a0<\/p>\n<p style=\"text-align: justify;\"><strong><u>UN PROCESO EXEMPLAR<\/u><\/strong><\/p>\n<p style=\"text-align: justify;\">Durante a clausura do conclave no que foi proclamado presidente provincial Manuel Baltar, Feij\u00f3o remarcou que os populares pechan un proceso exemplar e que, trala celebraci\u00f3n dos congresos, o partido \u00e9 m\u00e1is aberto e est\u00e1 m\u00e1is forte e mellor preparado.<\/p>\n<p style=\"text-align: justify;\">\u00a0<\/p>\n<p style=\"text-align: justify;\">Igualmente, sostivo que os pol\u00edticos non deben ser noticia polas s\u00faas palabras, sen\u00f3n polos seus feitos, do mesmo xeito que unha formaci\u00f3n s\u00f3 ten que ser acompa\u00f1ante, pois a \u00fanica protagonista \u00e9 a xente. Por este motivo, subli\u00f1ou que un congreso \u00e9 unha ferramenta \u00fanica para facer reflexionar ao partido sobre como ser \u00fatil \u00e1 sociedade, aclarando que, cando se usa como escusa para airear as leas dos organizaci\u00f3ns, para criticar a un compa\u00f1eiro ou para alimentar tensi\u00f3ns internas, non se fai ning\u00fan servizo \u00e1 cidadan\u00eda.<\/p>\n<p style=\"text-align: justify;\">\u00a0<\/p>\n<p style=\"text-align: justify;\">Segundo expuxo, a \u00fanica tensi\u00f3n interna que se pode permitir o PP \u00e9 a das ganas de ga\u00f1ar, a de esixirse m\u00e1is a si mesmos e a de remar todos na mesma direcci\u00f3n. Ademais, amosouse moi orgulloso de que a s\u00faa organizaci\u00f3n se centre en Galicia e deixe os conclaves dos \u201ccodazos, das zancadillas e das cr\u00edticas internas\u201d ao PSdeG e ao BNG, que son especialistas neste tipo de acontecementos.<\/p>\n<p style=\"text-align: justify;\">\u00a0<\/p>\n<p style=\"text-align: justify;\">De feito, puxo como exemplo do que non hai que facer ao PSOE de Ourense, unha formaci\u00f3n dividida por ver quen vai a unha reuni\u00f3n dos socialistas en Madrid, na que os seus militantes s\u00f3 se insultan e na que se lle pide \u00e1 direcci\u00f3n nacional que os compa\u00f1eiros que avalan outra candidatura sexan suspendidos de militancia.<\/p>\n<p style=\"text-align: justify;\"><strong>\u00a0<\/strong><\/p>\n<p style=\"text-align: justify;\"><strong><u>EMPEZAR A GA\u00d1AR AS ELECCI\u00d3NS MUNICIPAIS<\/u><\/strong><\/p>\n<p style=\"text-align: justify;\">O presidente tam\u00e9n se referiu ao importante e ilusionante reto que supo\u00f1en as vindeiras elecci\u00f3ns municipais e explicou que, para conseguilo, os populares te\u00f1en que ser tan ambiciosos como humildes.<\/p>\n<p style=\"text-align: justify;\">\u00a0<\/p>\n<p style=\"text-align: justify;\">Neste sentido, sinalou que ao seu partido ten que esix\u00edrselle volver a gobernar a Deputaci\u00f3n de Ourense con maior\u00eda absoluta, por iso animou a comezar dende hoxe a ga\u00f1ar os comicios de 2023.<\/p>\n<p style=\"text-align: justify;\">\u00a0<\/p>\n","protected":false},"excerpt":{"rendered":"<p>O l\u00edder dos populares galegos, Alberto N\u00fa\u00f1ez Feij\u00f3o, afirmou no Congreso provincial do PP de Ourense que o Executivo central ten que corrixir o rumbo e situar a Espa\u00f1a por riba de todo, pois o presidente do Goberno non pode depender m\u00e1is que de todos os espa\u00f1ois.<\/p>\n","protected":false},"author":38,"featured_media":56211,"comment_status":"open","ping_status":"open","sticky":false,"template":"","format":"standard","meta":{"_acf_changed":false,"footnotes":""},"categories":[1],"tags":[],"class_list":["post-56212","post","type-post","status-publish","format-standard","has-post-thumbnail","hentry","category-pp-de-galicia"],"acf":[],"yoast_head":"<!-- This site is optimized with the Yoast SEO plugin v27.3 - https:\/\/yoast.com\/product\/yoast-seo-wordpress\/ -->\n<title>Feij\u00f3o pide un cambio de rumbo ao Goberno central para que os intereses xerais se sit\u00faen por riba de todo - PP de Galicia<\/title>\n<meta name=\"robots\" content=\"index, follow, max-snippet:-1, max-image-preview:large, max-video-preview:-1\" \/>\n<link rel=\"canonical\" href=\"https:\/\/ppdegalicia.com\/es\/feijoo-pide-un-cambio-de-rumbo-ao-goberno-central-para-que-os-intereses-xerais-se-situen-por-riba-de-todo\/\" \/>\n<meta property=\"og:locale\" content=\"es_ES\" \/>\n<meta property=\"og:type\" content=\"article\" \/>\n<meta property=\"og:title\" content=\"Feij\u00f3o pide un cambio de rumbo ao Goberno central para que os intereses xerais se sit\u00faen por riba de todo - PP de Galicia\" \/>\n<meta property=\"og:description\" content=\"O l\u00edder dos populares galegos, Alberto N\u00fa\u00f1ez Feij\u00f3o, afirmou no Congreso provincial do PP de Ourense que o Executivo central ten que corrixir o rumbo e situar a Espa\u00f1a por riba de todo, pois o presidente do Goberno non pode depender m\u00e1is que de todos os espa\u00f1ois.\" \/>\n<meta property=\"og:url\" content=\"https:\/\/ppdegalicia.com\/es\/feijoo-pide-un-cambio-de-rumbo-ao-goberno-central-para-que-os-intereses-xerais-se-situen-por-riba-de-todo\/\" \/>\n<meta property=\"og:site_name\" content=\"PP de Galicia\" \/>\n<meta property=\"article:publisher\" content=\"https:\/\/www.instagram.com\/ppdegalicia\/\" \/>\n<meta property=\"article:published_time\" content=\"2021-09-26T10:42:53+00:00\" \/>\n<meta property=\"og:image\" content=\"https:\/\/ppdegalicia.com\/wp-content\/uploads\/2021\/09\/5c9d1e42e340b51b9a4354b977c5a175-scaled.jpg\" \/>\n\t<meta property=\"og:image:width\" content=\"2560\" \/>\n\t<meta property=\"og:image:height\" content=\"1781\" \/>\n\t<meta property=\"og:image:type\" content=\"image\/jpeg\" \/>\n<meta name=\"author\" content=\"ppdegaliciaredes\" \/>\n<meta name=\"twitter:card\" content=\"summary_large_image\" \/>\n<meta name=\"twitter:creator\" content=\"@ppdegalicia\" \/>\n<meta name=\"twitter:site\" content=\"@ppdegalicia\" \/>\n<meta name=\"twitter:label1\" content=\"Escrito por\" \/>\n\t<meta name=\"twitter:data1\" content=\"ppdegaliciaredes\" \/>\n\t<meta name=\"twitter:label2\" content=\"Tiempo de lectura\" \/>\n\t<meta name=\"twitter:data2\" content=\"3 minutos\" \/>\n<script type=\"application\/ld+json\" class=\"yoast-schema-graph\">{\"@context\":\"https:\\\/\\\/schema.org\",\"@graph\":[{\"@type\":\"Article\",\"@id\":\"https:\\\/\\\/ppdegalicia.com\\\/es\\\/feijoo-pide-un-cambio-de-rumbo-ao-goberno-central-para-que-os-intereses-xerais-se-situen-por-riba-de-todo\\\/#article\",\"isPartOf\":{\"@id\":\"https:\\\/\\\/ppdegalicia.com\\\/es\\\/feijoo-pide-un-cambio-de-rumbo-ao-goberno-central-para-que-os-intereses-xerais-se-situen-por-riba-de-todo\\\/\"},\"author\":{\"name\":\"ppdegaliciaredes\",\"@id\":\"https:\\\/\\\/ppdegalicia.com\\\/es\\\/#\\\/schema\\\/person\\\/5b822c6f59e872ebdd1142f307dbcb59\"},\"headline\":\"Feij\u00f3o pide un cambio de rumbo ao Goberno central para que os intereses xerais se sit\u00faen por riba de todo\",\"datePublished\":\"2021-09-26T10:42:53+00:00\",\"mainEntityOfPage\":{\"@id\":\"https:\\\/\\\/ppdegalicia.com\\\/es\\\/feijoo-pide-un-cambio-de-rumbo-ao-goberno-central-para-que-os-intereses-xerais-se-situen-por-riba-de-todo\\\/\"},\"wordCount\":608,\"commentCount\":0,\"publisher\":{\"@id\":\"https:\\\/\\\/ppdegalicia.com\\\/es\\\/#organization\"},\"image\":{\"@id\":\"https:\\\/\\\/ppdegalicia.com\\\/es\\\/feijoo-pide-un-cambio-de-rumbo-ao-goberno-central-para-que-os-intereses-xerais-se-situen-por-riba-de-todo\\\/#primaryimage\"},\"thumbnailUrl\":\"https:\\\/\\\/ppdegalicia.com\\\/wp-content\\\/uploads\\\/2021\\\/09\\\/5c9d1e42e340b51b9a4354b977c5a175-scaled.jpg\",\"articleSection\":[\"PP de Galicia\"],\"inLanguage\":\"es\",\"potentialAction\":[{\"@type\":\"CommentAction\",\"name\":\"Comment\",\"target\":[\"https:\\\/\\\/ppdegalicia.com\\\/es\\\/feijoo-pide-un-cambio-de-rumbo-ao-goberno-central-para-que-os-intereses-xerais-se-situen-por-riba-de-todo\\\/#respond\"]}]},{\"@type\":\"WebPage\",\"@id\":\"https:\\\/\\\/ppdegalicia.com\\\/es\\\/feijoo-pide-un-cambio-de-rumbo-ao-goberno-central-para-que-os-intereses-xerais-se-situen-por-riba-de-todo\\\/\",\"url\":\"https:\\\/\\\/ppdegalicia.com\\\/es\\\/feijoo-pide-un-cambio-de-rumbo-ao-goberno-central-para-que-os-intereses-xerais-se-situen-por-riba-de-todo\\\/\",\"name\":\"Feij\u00f3o pide un cambio de rumbo ao Goberno central para que os intereses xerais se sit\u00faen por riba de todo - PP de Galicia\",\"isPartOf\":{\"@id\":\"https:\\\/\\\/ppdegalicia.com\\\/es\\\/#website\"},\"primaryImageOfPage\":{\"@id\":\"https:\\\/\\\/ppdegalicia.com\\\/es\\\/feijoo-pide-un-cambio-de-rumbo-ao-goberno-central-para-que-os-intereses-xerais-se-situen-por-riba-de-todo\\\/#primaryimage\"},\"image\":{\"@id\":\"https:\\\/\\\/ppdegalicia.com\\\/es\\\/feijoo-pide-un-cambio-de-rumbo-ao-goberno-central-para-que-os-intereses-xerais-se-situen-por-riba-de-todo\\\/#primaryimage\"},\"thumbnailUrl\":\"https:\\\/\\\/ppdegalicia.com\\\/wp-content\\\/uploads\\\/2021\\\/09\\\/5c9d1e42e340b51b9a4354b977c5a175-scaled.jpg\",\"datePublished\":\"2021-09-26T10:42:53+00:00\",\"breadcrumb\":{\"@id\":\"https:\\\/\\\/ppdegalicia.com\\\/es\\\/feijoo-pide-un-cambio-de-rumbo-ao-goberno-central-para-que-os-intereses-xerais-se-situen-por-riba-de-todo\\\/#breadcrumb\"},\"inLanguage\":\"es\",\"potentialAction\":[{\"@type\":\"ReadAction\",\"target\":[\"https:\\\/\\\/ppdegalicia.com\\\/es\\\/feijoo-pide-un-cambio-de-rumbo-ao-goberno-central-para-que-os-intereses-xerais-se-situen-por-riba-de-todo\\\/\"]}]},{\"@type\":\"ImageObject\",\"inLanguage\":\"es\",\"@id\":\"https:\\\/\\\/ppdegalicia.com\\\/es\\\/feijoo-pide-un-cambio-de-rumbo-ao-goberno-central-para-que-os-intereses-xerais-se-situen-por-riba-de-todo\\\/#primaryimage\",\"url\":\"https:\\\/\\\/ppdegalicia.com\\\/wp-content\\\/uploads\\\/2021\\\/09\\\/5c9d1e42e340b51b9a4354b977c5a175-scaled.jpg\",\"contentUrl\":\"https:\\\/\\\/ppdegalicia.com\\\/wp-content\\\/uploads\\\/2021\\\/09\\\/5c9d1e42e340b51b9a4354b977c5a175-scaled.jpg\",\"width\":2560,\"height\":1781},{\"@type\":\"BreadcrumbList\",\"@id\":\"https:\\\/\\\/ppdegalicia.com\\\/es\\\/feijoo-pide-un-cambio-de-rumbo-ao-goberno-central-para-que-os-intereses-xerais-se-situen-por-riba-de-todo\\\/#breadcrumb\",\"itemListElement\":[{\"@type\":\"ListItem\",\"position\":1,\"name\":\"Portada\",\"item\":\"https:\\\/\\\/ppdegalicia.com\\\/es\\\/\"},{\"@type\":\"ListItem\",\"position\":2,\"name\":\"Feij\u00f3o pide un cambio de rumbo ao Goberno central para que os intereses xerais se sit\u00faen por riba de todo\"}]},{\"@type\":\"WebSite\",\"@id\":\"https:\\\/\\\/ppdegalicia.com\\\/es\\\/#website\",\"url\":\"https:\\\/\\\/ppdegalicia.com\\\/es\\\/\",\"name\":\"Partido Popular de Galicia\",\"description\":\"Partido Popular de Galicia\",\"publisher\":{\"@id\":\"https:\\\/\\\/ppdegalicia.com\\\/es\\\/#organization\"},\"alternateName\":\"PP de Galicia\",\"potentialAction\":[{\"@type\":\"SearchAction\",\"target\":{\"@type\":\"EntryPoint\",\"urlTemplate\":\"https:\\\/\\\/ppdegalicia.com\\\/es\\\/?s={search_term_string}\"},\"query-input\":{\"@type\":\"PropertyValueSpecification\",\"valueRequired\":true,\"valueName\":\"search_term_string\"}}],\"inLanguage\":\"es\"},{\"@type\":\"Organization\",\"@id\":\"https:\\\/\\\/ppdegalicia.com\\\/es\\\/#organization\",\"name\":\"Partido Popular de Galicia\",\"alternateName\":\"PP de Galicia\",\"url\":\"https:\\\/\\\/ppdegalicia.com\\\/es\\\/\",\"logo\":{\"@type\":\"ImageObject\",\"inLanguage\":\"es\",\"@id\":\"https:\\\/\\\/ppdegalicia.com\\\/es\\\/#\\\/schema\\\/logo\\\/image\\\/\",\"url\":\"https:\\\/\\\/ppdegalicia.com\\\/wp-content\\\/uploads\\\/2023\\\/04\\\/logoPP512.png\",\"contentUrl\":\"https:\\\/\\\/ppdegalicia.com\\\/wp-content\\\/uploads\\\/2023\\\/04\\\/logoPP512.png\",\"width\":512,\"height\":512,\"caption\":\"Partido Popular de Galicia\"},\"image\":{\"@id\":\"https:\\\/\\\/ppdegalicia.com\\\/es\\\/#\\\/schema\\\/logo\\\/image\\\/\"},\"sameAs\":[\"https:\\\/\\\/www.instagram.com\\\/ppdegalicia\\\/\",\"https:\\\/\\\/x.com\\\/ppdegalicia\",\"https:\\\/\\\/www.tiktok.com\\\/@ppdegalicia\",\"https:\\\/\\\/www.youtube.com\\\/user\\\/ppdegalicia\"]},{\"@type\":\"Person\",\"@id\":\"https:\\\/\\\/ppdegalicia.com\\\/es\\\/#\\\/schema\\\/person\\\/5b822c6f59e872ebdd1142f307dbcb59\",\"name\":\"ppdegaliciaredes\",\"image\":{\"@type\":\"ImageObject\",\"inLanguage\":\"es\",\"@id\":\"https:\\\/\\\/secure.gravatar.com\\\/avatar\\\/3c9179cf0256d00c72a48d1f25783c58b6842cd56e85ef3a572881c8e28ccd59?s=96&d=mm&r=g\",\"url\":\"https:\\\/\\\/secure.gravatar.com\\\/avatar\\\/3c9179cf0256d00c72a48d1f25783c58b6842cd56e85ef3a572881c8e28ccd59?s=96&d=mm&r=g\",\"contentUrl\":\"https:\\\/\\\/secure.gravatar.com\\\/avatar\\\/3c9179cf0256d00c72a48d1f25783c58b6842cd56e85ef3a572881c8e28ccd59?s=96&d=mm&r=g\",\"caption\":\"ppdegaliciaredes\"},\"url\":\"https:\\\/\\\/ppdegalicia.com\\\/es\\\/author\\\/ppdegaliciaredes\\\/\"}]}<\/script>\n<!-- \/ Yoast SEO plugin. -->","yoast_head_json":{"title":"Feij\u00f3o pide un cambio de rumbo ao Goberno central para que os intereses xerais se sit\u00faen por riba de todo - PP de Galicia","robots":{"index":"index","follow":"follow","max-snippet":"max-snippet:-1","max-image-preview":"max-image-preview:large","max-video-preview":"max-video-preview:-1"},"canonical":"https:\/\/ppdegalicia.com\/es\/feijoo-pide-un-cambio-de-rumbo-ao-goberno-central-para-que-os-intereses-xerais-se-situen-por-riba-de-todo\/","og_locale":"es_ES","og_type":"article","og_title":"Feij\u00f3o pide un cambio de rumbo ao Goberno central para que os intereses xerais se sit\u00faen por riba de todo - PP de Galicia","og_description":"O l\u00edder dos populares galegos, Alberto N\u00fa\u00f1ez Feij\u00f3o, afirmou no Congreso provincial do PP de Ourense que o Executivo central ten que corrixir o rumbo e situar a Espa\u00f1a por riba de todo, pois o presidente do Goberno non pode depender m\u00e1is que de todos os espa\u00f1ois.","og_url":"https:\/\/ppdegalicia.com\/es\/feijoo-pide-un-cambio-de-rumbo-ao-goberno-central-para-que-os-intereses-xerais-se-situen-por-riba-de-todo\/","og_site_name":"PP de Galicia","article_publisher":"https:\/\/www.instagram.com\/ppdegalicia\/","article_published_time":"2021-09-26T10:42:53+00:00","og_image":[{"width":2560,"height":1781,"url":"https:\/\/ppdegalicia.com\/wp-content\/uploads\/2021\/09\/5c9d1e42e340b51b9a4354b977c5a175-scaled.jpg","type":"image\/jpeg"}],"author":"ppdegaliciaredes","twitter_card":"summary_large_image","twitter_creator":"@ppdegalicia","twitter_site":"@ppdegalicia","twitter_misc":{"Escrito por":"ppdegaliciaredes","Tiempo de lectura":"3 minutos"},"schema":{"@context":"https:\/\/schema.org","@graph":[{"@type":"Article","@id":"https:\/\/ppdegalicia.com\/es\/feijoo-pide-un-cambio-de-rumbo-ao-goberno-central-para-que-os-intereses-xerais-se-situen-por-riba-de-todo\/#article","isPartOf":{"@id":"https:\/\/ppdegalicia.com\/es\/feijoo-pide-un-cambio-de-rumbo-ao-goberno-central-para-que-os-intereses-xerais-se-situen-por-riba-de-todo\/"},"author":{"name":"ppdegaliciaredes","@id":"https:\/\/ppdegalicia.com\/es\/#\/schema\/person\/5b822c6f59e872ebdd1142f307dbcb59"},"headline":"Feij\u00f3o pide un cambio de rumbo ao Goberno central para que os intereses xerais se sit\u00faen por riba de todo","datePublished":"2021-09-26T10:42:53+00:00","mainEntityOfPage":{"@id":"https:\/\/ppdegalicia.com\/es\/feijoo-pide-un-cambio-de-rumbo-ao-goberno-central-para-que-os-intereses-xerais-se-situen-por-riba-de-todo\/"},"wordCount":608,"commentCount":0,"publisher":{"@id":"https:\/\/ppdegalicia.com\/es\/#organization"},"image":{"@id":"https:\/\/ppdegalicia.com\/es\/feijoo-pide-un-cambio-de-rumbo-ao-goberno-central-para-que-os-intereses-xerais-se-situen-por-riba-de-todo\/#primaryimage"},"thumbnailUrl":"https:\/\/ppdegalicia.com\/wp-content\/uploads\/2021\/09\/5c9d1e42e340b51b9a4354b977c5a175-scaled.jpg","articleSection":["PP de Galicia"],"inLanguage":"es","potentialAction":[{"@type":"CommentAction","name":"Comment","target":["https:\/\/ppdegalicia.com\/es\/feijoo-pide-un-cambio-de-rumbo-ao-goberno-central-para-que-os-intereses-xerais-se-situen-por-riba-de-todo\/#respond"]}]},{"@type":"WebPage","@id":"https:\/\/ppdegalicia.com\/es\/feijoo-pide-un-cambio-de-rumbo-ao-goberno-central-para-que-os-intereses-xerais-se-situen-por-riba-de-todo\/","url":"https:\/\/ppdegalicia.com\/es\/feijoo-pide-un-cambio-de-rumbo-ao-goberno-central-para-que-os-intereses-xerais-se-situen-por-riba-de-todo\/","name":"Feij\u00f3o pide un cambio de rumbo ao Goberno central para que os intereses xerais se sit\u00faen por riba de todo - PP de Galicia","isPartOf":{"@id":"https:\/\/ppdegalicia.com\/es\/#website"},"primaryImageOfPage":{"@id":"https:\/\/ppdegalicia.com\/es\/feijoo-pide-un-cambio-de-rumbo-ao-goberno-central-para-que-os-intereses-xerais-se-situen-por-riba-de-todo\/#primaryimage"},"image":{"@id":"https:\/\/ppdegalicia.com\/es\/feijoo-pide-un-cambio-de-rumbo-ao-goberno-central-para-que-os-intereses-xerais-se-situen-por-riba-de-todo\/#primaryimage"},"thumbnailUrl":"https:\/\/ppdegalicia.com\/wp-content\/uploads\/2021\/09\/5c9d1e42e340b51b9a4354b977c5a175-scaled.jpg","datePublished":"2021-09-26T10:42:53+00:00","breadcrumb":{"@id":"https:\/\/ppdegalicia.com\/es\/feijoo-pide-un-cambio-de-rumbo-ao-goberno-central-para-que-os-intereses-xerais-se-situen-por-riba-de-todo\/#breadcrumb"},"inLanguage":"es","potentialAction":[{"@type":"ReadAction","target":["https:\/\/ppdegalicia.com\/es\/feijoo-pide-un-cambio-de-rumbo-ao-goberno-central-para-que-os-intereses-xerais-se-situen-por-riba-de-todo\/"]}]},{"@type":"ImageObject","inLanguage":"es","@id":"https:\/\/ppdegalicia.com\/es\/feijoo-pide-un-cambio-de-rumbo-ao-goberno-central-para-que-os-intereses-xerais-se-situen-por-riba-de-todo\/#primaryimage","url":"https:\/\/ppdegalicia.com\/wp-content\/uploads\/2021\/09\/5c9d1e42e340b51b9a4354b977c5a175-scaled.jpg","contentUrl":"https:\/\/ppdegalicia.com\/wp-content\/uploads\/2021\/09\/5c9d1e42e340b51b9a4354b977c5a175-scaled.jpg","width":2560,"height":1781},{"@type":"BreadcrumbList","@id":"https:\/\/ppdegalicia.com\/es\/feijoo-pide-un-cambio-de-rumbo-ao-goberno-central-para-que-os-intereses-xerais-se-situen-por-riba-de-todo\/#breadcrumb","itemListElement":[{"@type":"ListItem","position":1,"name":"Portada","item":"https:\/\/ppdegalicia.com\/es\/"},{"@type":"ListItem","position":2,"name":"Feij\u00f3o pide un cambio de rumbo ao Goberno central para que os intereses xerais se sit\u00faen por riba de todo"}]},{"@type":"WebSite","@id":"https:\/\/ppdegalicia.com\/es\/#website","url":"https:\/\/ppdegalicia.com\/es\/","name":"Partido Popular de Galicia","description":"Partido Popular de Galicia","publisher":{"@id":"https:\/\/ppdegalicia.com\/es\/#organization"},"alternateName":"PP de Galicia","potentialAction":[{"@type":"SearchAction","target":{"@type":"EntryPoint","urlTemplate":"https:\/\/ppdegalicia.com\/es\/?s={search_term_string}"},"query-input":{"@type":"PropertyValueSpecification","valueRequired":true,"valueName":"search_term_string"}}],"inLanguage":"es"},{"@type":"Organization","@id":"https:\/\/ppdegalicia.com\/es\/#organization","name":"Partido Popular de Galicia","alternateName":"PP de Galicia","url":"https:\/\/ppdegalicia.com\/es\/","logo":{"@type":"ImageObject","inLanguage":"es","@id":"https:\/\/ppdegalicia.com\/es\/#\/schema\/logo\/image\/","url":"https:\/\/ppdegalicia.com\/wp-content\/uploads\/2023\/04\/logoPP512.png","contentUrl":"https:\/\/ppdegalicia.com\/wp-content\/uploads\/2023\/04\/logoPP512.png","width":512,"height":512,"caption":"Partido Popular de Galicia"},"image":{"@id":"https:\/\/ppdegalicia.com\/es\/#\/schema\/logo\/image\/"},"sameAs":["https:\/\/www.instagram.com\/ppdegalicia\/","https:\/\/x.com\/ppdegalicia","https:\/\/www.tiktok.com\/@ppdegalicia","https:\/\/www.youtube.com\/user\/ppdegalicia"]},{"@type":"Person","@id":"https:\/\/ppdegalicia.com\/es\/#\/schema\/person\/5b822c6f59e872ebdd1142f307dbcb59","name":"ppdegaliciaredes","image":{"@type":"ImageObject","inLanguage":"es","@id":"https:\/\/secure.gravatar.com\/avatar\/3c9179cf0256d00c72a48d1f25783c58b6842cd56e85ef3a572881c8e28ccd59?s=96&d=mm&r=g","url":"https:\/\/secure.gravatar.com\/avatar\/3c9179cf0256d00c72a48d1f25783c58b6842cd56e85ef3a572881c8e28ccd59?s=96&d=mm&r=g","contentUrl":"https:\/\/secure.gravatar.com\/avatar\/3c9179cf0256d00c72a48d1f25783c58b6842cd56e85ef3a572881c8e28ccd59?s=96&d=mm&r=g","caption":"ppdegaliciaredes"},"url":"https:\/\/ppdegalicia.com\/es\/author\/ppdegaliciaredes\/"}]}},"_links":{"self":[{"href":"https:\/\/ppdegalicia.com\/es\/wp-json\/wp\/v2\/posts\/56212","targetHints":{"allow":["GET"]}}],"collection":[{"href":"https:\/\/ppdegalicia.com\/es\/wp-json\/wp\/v2\/posts"}],"about":[{"href":"https:\/\/ppdegalicia.com\/es\/wp-json\/wp\/v2\/types\/post"}],"author":[{"embeddable":true,"href":"https:\/\/ppdegalicia.com\/es\/wp-json\/wp\/v2\/users\/38"}],"replies":[{"embeddable":true,"href":"https:\/\/ppdegalicia.com\/es\/wp-json\/wp\/v2\/comments?post=56212"}],"version-history":[{"count":0,"href":"https:\/\/ppdegalicia.com\/es\/wp-json\/wp\/v2\/posts\/56212\/revisions"}],"wp:featuredmedia":[{"embeddable":true,"href":"https:\/\/ppdegalicia.com\/es\/wp-json\/wp\/v2\/media\/56211"}],"wp:attachment":[{"href":"https:\/\/ppdegalicia.com\/es\/wp-json\/wp\/v2\/media?parent=56212"}],"wp:term":[{"taxonomy":"category","embeddable":true,"href":"https:\/\/ppdegalicia.com\/es\/wp-json\/wp\/v2\/categories?post=56212"},{"taxonomy":"post_tag","embeddable":true,"href":"https:\/\/ppdegalicia.com\/es\/wp-json\/wp\/v2\/tags?post=56212"}],"curies":[{"name":"wp","href":"https:\/\/api.w.org\/{rel}","templated":true}]}}