{"id":56224,"date":"2021-09-29T07:36:19","date_gmt":"2021-09-29T05:36:19","guid":{"rendered":"https:\/\/ppdegalicia.com\/o-ppdeg-explica-que-o-novo-modelo-de-pacto-local-pasa-previamente-polo-deseno-do-novo-sistema-de-financiamento-autonomico-e-municipal\/"},"modified":"2021-09-29T07:36:19","modified_gmt":"2021-09-29T05:36:19","slug":"o-ppdeg-explica-que-o-novo-modelo-de-pacto-local-pasa-previamente-polo-deseno-do-novo-sistema-de-financiamento-autonomico-e-municipal","status":"publish","type":"post","link":"https:\/\/ppdegalicia.com\/es\/o-ppdeg-explica-que-o-novo-modelo-de-pacto-local-pasa-previamente-polo-deseno-do-novo-sistema-de-financiamento-autonomico-e-municipal\/","title":{"rendered":"O PPdeG explica que o novo modelo de Pacto Local pasa previamente polo dese\u00f1o do novo sistema de financiamento auton\u00f3mico e municipal"},"content":{"rendered":"<p><img fetchpriority=\"high\" decoding=\"async\" class=\" size-full wp-image-56223\" src=\"https:\/\/ppdegalicia.com\/wp-content\/uploads\/2021\/09\/46e1b32094ac91871f61f19162af77b8.jpg\" alt=\"\" width=\"1900\" height=\"1267\" srcset=\"https:\/\/ppdegalicia.com\/wp-content\/uploads\/2021\/09\/46e1b32094ac91871f61f19162af77b8.jpg 1900w, https:\/\/ppdegalicia.com\/wp-content\/uploads\/2021\/09\/46e1b32094ac91871f61f19162af77b8-300x200.jpg 300w, https:\/\/ppdegalicia.com\/wp-content\/uploads\/2021\/09\/46e1b32094ac91871f61f19162af77b8-1024x683.jpg 1024w, https:\/\/ppdegalicia.com\/wp-content\/uploads\/2021\/09\/46e1b32094ac91871f61f19162af77b8-768x512.jpg 768w, https:\/\/ppdegalicia.com\/wp-content\/uploads\/2021\/09\/46e1b32094ac91871f61f19162af77b8-1536x1024.jpg 1536w\" sizes=\"(max-width: 1900px) 100vw, 1900px\" \/><\/p>\n<p>Santiago, 28 de setembro de 2021.- A viceportavoz do Grupo Popular, Paula Prado, acusou hoxe no Pleno do Parlamento aos socialistas galegos de \u201cintentar lavarlle a cara ao Goberno de Pedro S\u00e1nchez e de xustificar os seus agravios e desprezos a Galicia demandando en Galicia un novo Pacto Local, que pasa previamente polo dese\u00f1o dun novo sistema de financiamento auton\u00f3mico e local\u201d.<\/p>\n<p><!--more--><\/p>\n<p>\u201cDesde o Goberno da Xunta e o PPdeG levamos anos reclamando reiteradamente ao Goberno central a definici\u00f3n dun novo modelo de financiamento auton\u00f3mico e local que dea certeza dos recursos cos que pode contar cada administraci\u00f3n e que te\u00f1a en conta as particularidades dos concellos galegos na s\u00faa distribuci\u00f3n, os factores demogr\u00e1ficos e a dispersi\u00f3n xeogr\u00e1fica\u201d, sinalou.<\/p>\n<p>\u00a0<\/p>\n<p><strong>CLARIFICAR O FINANCIAMENTO<\/strong><\/p>\n<p>\u00a0<\/p>\n<p>Deste xeito, Prado apuntou que \u201c\u00e9 o Estado o que debe de clarificar o sistema de financiamento das administraci\u00f3ns auton\u00f3mica e local, e, unha vez se clarifiquen os sistemas de financiamento e exista certeza dos recursos cos que conta cada administraci\u00f3n para desenvolver as s\u00faas competencias, poderemos dese\u00f1ar o futuro das relaci\u00f3ns financeiras entre a Xunta e as entidades locais\u201d.<\/p>\n<p>\u00a0<\/p>\n<p>A viceportavoz popular criticou que o PSdeG \u201cvolva traer hoxe ao Pleno unha proposici\u00f3n non de lei xa debatida no mes de xu\u00f1o\u201d e lembrou que \u201co Goberno galego segue traballando en delimitar as competencias impropias que asumen as diferentes administraci\u00f3ns\u201d. En concreto, afirmou que \u201cxa est\u00e1 en marcha o convenio de colaboraci\u00f3n asinado entre a Xunta e a Universidade de Santiago no mes de decembro de 2020, que tam\u00e9n contar\u00e1 coa colaboraci\u00f3n da Fegamp, para a realizaci\u00f3n dunha auditor\u00eda que identifique as posibles duplicidades funcionais e, sobre todo, as competencias impropias que est\u00e1 asumindo cada administraci\u00f3n e os custos econ\u00f3micos respectivos\u201d.<\/p>\n<p>\u00a0<\/p>\n<p>\u201cGalicia foi unha comunidade aut\u00f3noma pioneira en fixar en 2011 un modelo de participaci\u00f3n estable das entidades locais nos tributos auton\u00f3micos, cunha garant\u00eda de m\u00ednimos e unha verdadeira participaci\u00f3n nos ingresos\u201d, destacou Paula Prado. As\u00ed, a Xunta distrib\u00fae cada ano entre os concellos m\u00e1is de 120 mill\u00f3ns de euros a trav\u00e9s do Fondo de Cooperaci\u00f3n Local, pero as transferencias \u00e1s entidades locais que figuran recollidas nos orzamentos da Xunta para 2021 superan os 400 mill\u00f3ns de euros. <\/p>\n","protected":false},"excerpt":{"rendered":"<p>Santiago, 28 de setembro de 2021.- A viceportavoz do Grupo Popular, Paula Prado, acusou hoxe no Pleno do Parlamento aos socialistas galegos de \u201cintentar lavarlle a cara ao Goberno de Pedro S\u00e1nchez e de xustificar os seus agravios e desprezos a Galicia demandando en Galicia un novo Pacto Local, que pasa previamente polo dese\u00f1o dun [&hellip;]<\/p>\n","protected":false},"author":38,"featured_media":56223,"comment_status":"open","ping_status":"open","sticky":false,"template":"","format":"standard","meta":{"_acf_changed":false,"footnotes":""},"categories":[1],"tags":[],"class_list":["post-56224","post","type-post","status-publish","format-standard","has-post-thumbnail","hentry","category-pp-de-galicia"],"acf":[],"yoast_head":"<!-- This site is optimized with the Yoast SEO plugin v27.3 - https:\/\/yoast.com\/product\/yoast-seo-wordpress\/ -->\n<title>O PPdeG explica que o novo modelo de Pacto Local pasa previamente polo dese\u00f1o do novo sistema de financiamento auton\u00f3mico e municipal - PP de Galicia<\/title>\n<meta name=\"robots\" content=\"index, follow, max-snippet:-1, max-image-preview:large, max-video-preview:-1\" \/>\n<link rel=\"canonical\" href=\"https:\/\/ppdegalicia.com\/es\/o-ppdeg-explica-que-o-novo-modelo-de-pacto-local-pasa-previamente-polo-deseno-do-novo-sistema-de-financiamento-autonomico-e-municipal\/\" \/>\n<meta property=\"og:locale\" content=\"es_ES\" \/>\n<meta property=\"og:type\" content=\"article\" \/>\n<meta property=\"og:title\" content=\"O PPdeG explica que o novo modelo de Pacto Local pasa previamente polo dese\u00f1o do novo sistema de financiamento auton\u00f3mico e municipal - PP de Galicia\" \/>\n<meta property=\"og:description\" content=\"Santiago, 28 de setembro de 2021.- A viceportavoz do Grupo Popular, Paula Prado, acusou hoxe no Pleno do Parlamento aos socialistas galegos de \u201cintentar lavarlle a cara ao Goberno de Pedro S\u00e1nchez e de xustificar os seus agravios e desprezos a Galicia demandando en Galicia un novo Pacto Local, que pasa previamente polo dese\u00f1o dun [&hellip;]\" \/>\n<meta property=\"og:url\" content=\"https:\/\/ppdegalicia.com\/es\/o-ppdeg-explica-que-o-novo-modelo-de-pacto-local-pasa-previamente-polo-deseno-do-novo-sistema-de-financiamento-autonomico-e-municipal\/\" \/>\n<meta property=\"og:site_name\" content=\"PP de Galicia\" \/>\n<meta property=\"article:publisher\" content=\"https:\/\/www.instagram.com\/ppdegalicia\/\" \/>\n<meta property=\"article:published_time\" content=\"2021-09-29T05:36:19+00:00\" \/>\n<meta property=\"og:image\" content=\"https:\/\/ppdegalicia.com\/wp-content\/uploads\/2021\/09\/46e1b32094ac91871f61f19162af77b8.jpg\" \/>\n\t<meta property=\"og:image:width\" content=\"1900\" \/>\n\t<meta property=\"og:image:height\" content=\"1267\" \/>\n\t<meta property=\"og:image:type\" content=\"image\/jpeg\" \/>\n<meta name=\"author\" content=\"ppdegaliciaredes\" \/>\n<meta name=\"twitter:card\" content=\"summary_large_image\" \/>\n<meta name=\"twitter:creator\" content=\"@ppdegalicia\" \/>\n<meta name=\"twitter:site\" content=\"@ppdegalicia\" \/>\n<meta name=\"twitter:label1\" content=\"Escrito por\" \/>\n\t<meta name=\"twitter:data1\" content=\"ppdegaliciaredes\" \/>\n\t<meta name=\"twitter:label2\" content=\"Tiempo de lectura\" \/>\n\t<meta name=\"twitter:data2\" content=\"2 minutos\" \/>\n<script type=\"application\/ld+json\" class=\"yoast-schema-graph\">{\"@context\":\"https:\\\/\\\/schema.org\",\"@graph\":[{\"@type\":\"Article\",\"@id\":\"https:\\\/\\\/ppdegalicia.com\\\/es\\\/o-ppdeg-explica-que-o-novo-modelo-de-pacto-local-pasa-previamente-polo-deseno-do-novo-sistema-de-financiamento-autonomico-e-municipal\\\/#article\",\"isPartOf\":{\"@id\":\"https:\\\/\\\/ppdegalicia.com\\\/es\\\/o-ppdeg-explica-que-o-novo-modelo-de-pacto-local-pasa-previamente-polo-deseno-do-novo-sistema-de-financiamento-autonomico-e-municipal\\\/\"},\"author\":{\"name\":\"ppdegaliciaredes\",\"@id\":\"https:\\\/\\\/ppdegalicia.com\\\/es\\\/#\\\/schema\\\/person\\\/5b822c6f59e872ebdd1142f307dbcb59\"},\"headline\":\"O PPdeG explica que o novo modelo de Pacto Local pasa previamente polo dese\u00f1o do novo sistema de financiamento auton\u00f3mico e municipal\",\"datePublished\":\"2021-09-29T05:36:19+00:00\",\"mainEntityOfPage\":{\"@id\":\"https:\\\/\\\/ppdegalicia.com\\\/es\\\/o-ppdeg-explica-que-o-novo-modelo-de-pacto-local-pasa-previamente-polo-deseno-do-novo-sistema-de-financiamento-autonomico-e-municipal\\\/\"},\"wordCount\":418,\"commentCount\":0,\"publisher\":{\"@id\":\"https:\\\/\\\/ppdegalicia.com\\\/es\\\/#organization\"},\"image\":{\"@id\":\"https:\\\/\\\/ppdegalicia.com\\\/es\\\/o-ppdeg-explica-que-o-novo-modelo-de-pacto-local-pasa-previamente-polo-deseno-do-novo-sistema-de-financiamento-autonomico-e-municipal\\\/#primaryimage\"},\"thumbnailUrl\":\"https:\\\/\\\/ppdegalicia.com\\\/wp-content\\\/uploads\\\/2021\\\/09\\\/46e1b32094ac91871f61f19162af77b8.jpg\",\"articleSection\":[\"PP de Galicia\"],\"inLanguage\":\"es\",\"potentialAction\":[{\"@type\":\"CommentAction\",\"name\":\"Comment\",\"target\":[\"https:\\\/\\\/ppdegalicia.com\\\/es\\\/o-ppdeg-explica-que-o-novo-modelo-de-pacto-local-pasa-previamente-polo-deseno-do-novo-sistema-de-financiamento-autonomico-e-municipal\\\/#respond\"]}]},{\"@type\":\"WebPage\",\"@id\":\"https:\\\/\\\/ppdegalicia.com\\\/es\\\/o-ppdeg-explica-que-o-novo-modelo-de-pacto-local-pasa-previamente-polo-deseno-do-novo-sistema-de-financiamento-autonomico-e-municipal\\\/\",\"url\":\"https:\\\/\\\/ppdegalicia.com\\\/es\\\/o-ppdeg-explica-que-o-novo-modelo-de-pacto-local-pasa-previamente-polo-deseno-do-novo-sistema-de-financiamento-autonomico-e-municipal\\\/\",\"name\":\"O PPdeG explica que o novo modelo de Pacto Local pasa previamente polo dese\u00f1o do novo sistema de financiamento auton\u00f3mico e municipal - PP de Galicia\",\"isPartOf\":{\"@id\":\"https:\\\/\\\/ppdegalicia.com\\\/es\\\/#website\"},\"primaryImageOfPage\":{\"@id\":\"https:\\\/\\\/ppdegalicia.com\\\/es\\\/o-ppdeg-explica-que-o-novo-modelo-de-pacto-local-pasa-previamente-polo-deseno-do-novo-sistema-de-financiamento-autonomico-e-municipal\\\/#primaryimage\"},\"image\":{\"@id\":\"https:\\\/\\\/ppdegalicia.com\\\/es\\\/o-ppdeg-explica-que-o-novo-modelo-de-pacto-local-pasa-previamente-polo-deseno-do-novo-sistema-de-financiamento-autonomico-e-municipal\\\/#primaryimage\"},\"thumbnailUrl\":\"https:\\\/\\\/ppdegalicia.com\\\/wp-content\\\/uploads\\\/2021\\\/09\\\/46e1b32094ac91871f61f19162af77b8.jpg\",\"datePublished\":\"2021-09-29T05:36:19+00:00\",\"breadcrumb\":{\"@id\":\"https:\\\/\\\/ppdegalicia.com\\\/es\\\/o-ppdeg-explica-que-o-novo-modelo-de-pacto-local-pasa-previamente-polo-deseno-do-novo-sistema-de-financiamento-autonomico-e-municipal\\\/#breadcrumb\"},\"inLanguage\":\"es\",\"potentialAction\":[{\"@type\":\"ReadAction\",\"target\":[\"https:\\\/\\\/ppdegalicia.com\\\/es\\\/o-ppdeg-explica-que-o-novo-modelo-de-pacto-local-pasa-previamente-polo-deseno-do-novo-sistema-de-financiamento-autonomico-e-municipal\\\/\"]}]},{\"@type\":\"ImageObject\",\"inLanguage\":\"es\",\"@id\":\"https:\\\/\\\/ppdegalicia.com\\\/es\\\/o-ppdeg-explica-que-o-novo-modelo-de-pacto-local-pasa-previamente-polo-deseno-do-novo-sistema-de-financiamento-autonomico-e-municipal\\\/#primaryimage\",\"url\":\"https:\\\/\\\/ppdegalicia.com\\\/wp-content\\\/uploads\\\/2021\\\/09\\\/46e1b32094ac91871f61f19162af77b8.jpg\",\"contentUrl\":\"https:\\\/\\\/ppdegalicia.com\\\/wp-content\\\/uploads\\\/2021\\\/09\\\/46e1b32094ac91871f61f19162af77b8.jpg\",\"width\":1900,\"height\":1267},{\"@type\":\"BreadcrumbList\",\"@id\":\"https:\\\/\\\/ppdegalicia.com\\\/es\\\/o-ppdeg-explica-que-o-novo-modelo-de-pacto-local-pasa-previamente-polo-deseno-do-novo-sistema-de-financiamento-autonomico-e-municipal\\\/#breadcrumb\",\"itemListElement\":[{\"@type\":\"ListItem\",\"position\":1,\"name\":\"Portada\",\"item\":\"https:\\\/\\\/ppdegalicia.com\\\/es\\\/\"},{\"@type\":\"ListItem\",\"position\":2,\"name\":\"O PPdeG explica que o novo modelo de Pacto Local pasa previamente polo dese\u00f1o do novo sistema de financiamento auton\u00f3mico e municipal\"}]},{\"@type\":\"WebSite\",\"@id\":\"https:\\\/\\\/ppdegalicia.com\\\/es\\\/#website\",\"url\":\"https:\\\/\\\/ppdegalicia.com\\\/es\\\/\",\"name\":\"Partido Popular de Galicia\",\"description\":\"Partido Popular de Galicia\",\"publisher\":{\"@id\":\"https:\\\/\\\/ppdegalicia.com\\\/es\\\/#organization\"},\"alternateName\":\"PP de Galicia\",\"potentialAction\":[{\"@type\":\"SearchAction\",\"target\":{\"@type\":\"EntryPoint\",\"urlTemplate\":\"https:\\\/\\\/ppdegalicia.com\\\/es\\\/?s={search_term_string}\"},\"query-input\":{\"@type\":\"PropertyValueSpecification\",\"valueRequired\":true,\"valueName\":\"search_term_string\"}}],\"inLanguage\":\"es\"},{\"@type\":\"Organization\",\"@id\":\"https:\\\/\\\/ppdegalicia.com\\\/es\\\/#organization\",\"name\":\"Partido Popular de Galicia\",\"alternateName\":\"PP de Galicia\",\"url\":\"https:\\\/\\\/ppdegalicia.com\\\/es\\\/\",\"logo\":{\"@type\":\"ImageObject\",\"inLanguage\":\"es\",\"@id\":\"https:\\\/\\\/ppdegalicia.com\\\/es\\\/#\\\/schema\\\/logo\\\/image\\\/\",\"url\":\"https:\\\/\\\/ppdegalicia.com\\\/wp-content\\\/uploads\\\/2023\\\/04\\\/logoPP512.png\",\"contentUrl\":\"https:\\\/\\\/ppdegalicia.com\\\/wp-content\\\/uploads\\\/2023\\\/04\\\/logoPP512.png\",\"width\":512,\"height\":512,\"caption\":\"Partido Popular de Galicia\"},\"image\":{\"@id\":\"https:\\\/\\\/ppdegalicia.com\\\/es\\\/#\\\/schema\\\/logo\\\/image\\\/\"},\"sameAs\":[\"https:\\\/\\\/www.instagram.com\\\/ppdegalicia\\\/\",\"https:\\\/\\\/x.com\\\/ppdegalicia\",\"https:\\\/\\\/www.tiktok.com\\\/@ppdegalicia\",\"https:\\\/\\\/www.youtube.com\\\/user\\\/ppdegalicia\"]},{\"@type\":\"Person\",\"@id\":\"https:\\\/\\\/ppdegalicia.com\\\/es\\\/#\\\/schema\\\/person\\\/5b822c6f59e872ebdd1142f307dbcb59\",\"name\":\"ppdegaliciaredes\",\"image\":{\"@type\":\"ImageObject\",\"inLanguage\":\"es\",\"@id\":\"https:\\\/\\\/secure.gravatar.com\\\/avatar\\\/3c9179cf0256d00c72a48d1f25783c58b6842cd56e85ef3a572881c8e28ccd59?s=96&d=mm&r=g\",\"url\":\"https:\\\/\\\/secure.gravatar.com\\\/avatar\\\/3c9179cf0256d00c72a48d1f25783c58b6842cd56e85ef3a572881c8e28ccd59?s=96&d=mm&r=g\",\"contentUrl\":\"https:\\\/\\\/secure.gravatar.com\\\/avatar\\\/3c9179cf0256d00c72a48d1f25783c58b6842cd56e85ef3a572881c8e28ccd59?s=96&d=mm&r=g\",\"caption\":\"ppdegaliciaredes\"},\"url\":\"https:\\\/\\\/ppdegalicia.com\\\/es\\\/author\\\/ppdegaliciaredes\\\/\"}]}<\/script>\n<!-- \/ Yoast SEO plugin. -->","yoast_head_json":{"title":"O PPdeG explica que o novo modelo de Pacto Local pasa previamente polo dese\u00f1o do novo sistema de financiamento auton\u00f3mico e municipal - PP de Galicia","robots":{"index":"index","follow":"follow","max-snippet":"max-snippet:-1","max-image-preview":"max-image-preview:large","max-video-preview":"max-video-preview:-1"},"canonical":"https:\/\/ppdegalicia.com\/es\/o-ppdeg-explica-que-o-novo-modelo-de-pacto-local-pasa-previamente-polo-deseno-do-novo-sistema-de-financiamento-autonomico-e-municipal\/","og_locale":"es_ES","og_type":"article","og_title":"O PPdeG explica que o novo modelo de Pacto Local pasa previamente polo dese\u00f1o do novo sistema de financiamento auton\u00f3mico e municipal - PP de Galicia","og_description":"Santiago, 28 de setembro de 2021.- A viceportavoz do Grupo Popular, Paula Prado, acusou hoxe no Pleno do Parlamento aos socialistas galegos de \u201cintentar lavarlle a cara ao Goberno de Pedro S\u00e1nchez e de xustificar os seus agravios e desprezos a Galicia demandando en Galicia un novo Pacto Local, que pasa previamente polo dese\u00f1o dun [&hellip;]","og_url":"https:\/\/ppdegalicia.com\/es\/o-ppdeg-explica-que-o-novo-modelo-de-pacto-local-pasa-previamente-polo-deseno-do-novo-sistema-de-financiamento-autonomico-e-municipal\/","og_site_name":"PP de Galicia","article_publisher":"https:\/\/www.instagram.com\/ppdegalicia\/","article_published_time":"2021-09-29T05:36:19+00:00","og_image":[{"width":1900,"height":1267,"url":"https:\/\/ppdegalicia.com\/wp-content\/uploads\/2021\/09\/46e1b32094ac91871f61f19162af77b8.jpg","type":"image\/jpeg"}],"author":"ppdegaliciaredes","twitter_card":"summary_large_image","twitter_creator":"@ppdegalicia","twitter_site":"@ppdegalicia","twitter_misc":{"Escrito por":"ppdegaliciaredes","Tiempo de lectura":"2 minutos"},"schema":{"@context":"https:\/\/schema.org","@graph":[{"@type":"Article","@id":"https:\/\/ppdegalicia.com\/es\/o-ppdeg-explica-que-o-novo-modelo-de-pacto-local-pasa-previamente-polo-deseno-do-novo-sistema-de-financiamento-autonomico-e-municipal\/#article","isPartOf":{"@id":"https:\/\/ppdegalicia.com\/es\/o-ppdeg-explica-que-o-novo-modelo-de-pacto-local-pasa-previamente-polo-deseno-do-novo-sistema-de-financiamento-autonomico-e-municipal\/"},"author":{"name":"ppdegaliciaredes","@id":"https:\/\/ppdegalicia.com\/es\/#\/schema\/person\/5b822c6f59e872ebdd1142f307dbcb59"},"headline":"O PPdeG explica que o novo modelo de Pacto Local pasa previamente polo dese\u00f1o do novo sistema de financiamento auton\u00f3mico e municipal","datePublished":"2021-09-29T05:36:19+00:00","mainEntityOfPage":{"@id":"https:\/\/ppdegalicia.com\/es\/o-ppdeg-explica-que-o-novo-modelo-de-pacto-local-pasa-previamente-polo-deseno-do-novo-sistema-de-financiamento-autonomico-e-municipal\/"},"wordCount":418,"commentCount":0,"publisher":{"@id":"https:\/\/ppdegalicia.com\/es\/#organization"},"image":{"@id":"https:\/\/ppdegalicia.com\/es\/o-ppdeg-explica-que-o-novo-modelo-de-pacto-local-pasa-previamente-polo-deseno-do-novo-sistema-de-financiamento-autonomico-e-municipal\/#primaryimage"},"thumbnailUrl":"https:\/\/ppdegalicia.com\/wp-content\/uploads\/2021\/09\/46e1b32094ac91871f61f19162af77b8.jpg","articleSection":["PP de Galicia"],"inLanguage":"es","potentialAction":[{"@type":"CommentAction","name":"Comment","target":["https:\/\/ppdegalicia.com\/es\/o-ppdeg-explica-que-o-novo-modelo-de-pacto-local-pasa-previamente-polo-deseno-do-novo-sistema-de-financiamento-autonomico-e-municipal\/#respond"]}]},{"@type":"WebPage","@id":"https:\/\/ppdegalicia.com\/es\/o-ppdeg-explica-que-o-novo-modelo-de-pacto-local-pasa-previamente-polo-deseno-do-novo-sistema-de-financiamento-autonomico-e-municipal\/","url":"https:\/\/ppdegalicia.com\/es\/o-ppdeg-explica-que-o-novo-modelo-de-pacto-local-pasa-previamente-polo-deseno-do-novo-sistema-de-financiamento-autonomico-e-municipal\/","name":"O PPdeG explica que o novo modelo de Pacto Local pasa previamente polo dese\u00f1o do novo sistema de financiamento auton\u00f3mico e municipal - PP de Galicia","isPartOf":{"@id":"https:\/\/ppdegalicia.com\/es\/#website"},"primaryImageOfPage":{"@id":"https:\/\/ppdegalicia.com\/es\/o-ppdeg-explica-que-o-novo-modelo-de-pacto-local-pasa-previamente-polo-deseno-do-novo-sistema-de-financiamento-autonomico-e-municipal\/#primaryimage"},"image":{"@id":"https:\/\/ppdegalicia.com\/es\/o-ppdeg-explica-que-o-novo-modelo-de-pacto-local-pasa-previamente-polo-deseno-do-novo-sistema-de-financiamento-autonomico-e-municipal\/#primaryimage"},"thumbnailUrl":"https:\/\/ppdegalicia.com\/wp-content\/uploads\/2021\/09\/46e1b32094ac91871f61f19162af77b8.jpg","datePublished":"2021-09-29T05:36:19+00:00","breadcrumb":{"@id":"https:\/\/ppdegalicia.com\/es\/o-ppdeg-explica-que-o-novo-modelo-de-pacto-local-pasa-previamente-polo-deseno-do-novo-sistema-de-financiamento-autonomico-e-municipal\/#breadcrumb"},"inLanguage":"es","potentialAction":[{"@type":"ReadAction","target":["https:\/\/ppdegalicia.com\/es\/o-ppdeg-explica-que-o-novo-modelo-de-pacto-local-pasa-previamente-polo-deseno-do-novo-sistema-de-financiamento-autonomico-e-municipal\/"]}]},{"@type":"ImageObject","inLanguage":"es","@id":"https:\/\/ppdegalicia.com\/es\/o-ppdeg-explica-que-o-novo-modelo-de-pacto-local-pasa-previamente-polo-deseno-do-novo-sistema-de-financiamento-autonomico-e-municipal\/#primaryimage","url":"https:\/\/ppdegalicia.com\/wp-content\/uploads\/2021\/09\/46e1b32094ac91871f61f19162af77b8.jpg","contentUrl":"https:\/\/ppdegalicia.com\/wp-content\/uploads\/2021\/09\/46e1b32094ac91871f61f19162af77b8.jpg","width":1900,"height":1267},{"@type":"BreadcrumbList","@id":"https:\/\/ppdegalicia.com\/es\/o-ppdeg-explica-que-o-novo-modelo-de-pacto-local-pasa-previamente-polo-deseno-do-novo-sistema-de-financiamento-autonomico-e-municipal\/#breadcrumb","itemListElement":[{"@type":"ListItem","position":1,"name":"Portada","item":"https:\/\/ppdegalicia.com\/es\/"},{"@type":"ListItem","position":2,"name":"O PPdeG explica que o novo modelo de Pacto Local pasa previamente polo dese\u00f1o do novo sistema de financiamento auton\u00f3mico e municipal"}]},{"@type":"WebSite","@id":"https:\/\/ppdegalicia.com\/es\/#website","url":"https:\/\/ppdegalicia.com\/es\/","name":"Partido Popular de Galicia","description":"Partido Popular de Galicia","publisher":{"@id":"https:\/\/ppdegalicia.com\/es\/#organization"},"alternateName":"PP de Galicia","potentialAction":[{"@type":"SearchAction","target":{"@type":"EntryPoint","urlTemplate":"https:\/\/ppdegalicia.com\/es\/?s={search_term_string}"},"query-input":{"@type":"PropertyValueSpecification","valueRequired":true,"valueName":"search_term_string"}}],"inLanguage":"es"},{"@type":"Organization","@id":"https:\/\/ppdegalicia.com\/es\/#organization","name":"Partido Popular de Galicia","alternateName":"PP de Galicia","url":"https:\/\/ppdegalicia.com\/es\/","logo":{"@type":"ImageObject","inLanguage":"es","@id":"https:\/\/ppdegalicia.com\/es\/#\/schema\/logo\/image\/","url":"https:\/\/ppdegalicia.com\/wp-content\/uploads\/2023\/04\/logoPP512.png","contentUrl":"https:\/\/ppdegalicia.com\/wp-content\/uploads\/2023\/04\/logoPP512.png","width":512,"height":512,"caption":"Partido Popular de Galicia"},"image":{"@id":"https:\/\/ppdegalicia.com\/es\/#\/schema\/logo\/image\/"},"sameAs":["https:\/\/www.instagram.com\/ppdegalicia\/","https:\/\/x.com\/ppdegalicia","https:\/\/www.tiktok.com\/@ppdegalicia","https:\/\/www.youtube.com\/user\/ppdegalicia"]},{"@type":"Person","@id":"https:\/\/ppdegalicia.com\/es\/#\/schema\/person\/5b822c6f59e872ebdd1142f307dbcb59","name":"ppdegaliciaredes","image":{"@type":"ImageObject","inLanguage":"es","@id":"https:\/\/secure.gravatar.com\/avatar\/3c9179cf0256d00c72a48d1f25783c58b6842cd56e85ef3a572881c8e28ccd59?s=96&d=mm&r=g","url":"https:\/\/secure.gravatar.com\/avatar\/3c9179cf0256d00c72a48d1f25783c58b6842cd56e85ef3a572881c8e28ccd59?s=96&d=mm&r=g","contentUrl":"https:\/\/secure.gravatar.com\/avatar\/3c9179cf0256d00c72a48d1f25783c58b6842cd56e85ef3a572881c8e28ccd59?s=96&d=mm&r=g","caption":"ppdegaliciaredes"},"url":"https:\/\/ppdegalicia.com\/es\/author\/ppdegaliciaredes\/"}]}},"_links":{"self":[{"href":"https:\/\/ppdegalicia.com\/es\/wp-json\/wp\/v2\/posts\/56224","targetHints":{"allow":["GET"]}}],"collection":[{"href":"https:\/\/ppdegalicia.com\/es\/wp-json\/wp\/v2\/posts"}],"about":[{"href":"https:\/\/ppdegalicia.com\/es\/wp-json\/wp\/v2\/types\/post"}],"author":[{"embeddable":true,"href":"https:\/\/ppdegalicia.com\/es\/wp-json\/wp\/v2\/users\/38"}],"replies":[{"embeddable":true,"href":"https:\/\/ppdegalicia.com\/es\/wp-json\/wp\/v2\/comments?post=56224"}],"version-history":[{"count":0,"href":"https:\/\/ppdegalicia.com\/es\/wp-json\/wp\/v2\/posts\/56224\/revisions"}],"wp:featuredmedia":[{"embeddable":true,"href":"https:\/\/ppdegalicia.com\/es\/wp-json\/wp\/v2\/media\/56223"}],"wp:attachment":[{"href":"https:\/\/ppdegalicia.com\/es\/wp-json\/wp\/v2\/media?parent=56224"}],"wp:term":[{"taxonomy":"category","embeddable":true,"href":"https:\/\/ppdegalicia.com\/es\/wp-json\/wp\/v2\/categories?post=56224"},{"taxonomy":"post_tag","embeddable":true,"href":"https:\/\/ppdegalicia.com\/es\/wp-json\/wp\/v2\/tags?post=56224"}],"curies":[{"name":"wp","href":"https:\/\/api.w.org\/{rel}","templated":true}]}}