{"id":56226,"date":"2021-09-29T10:38:49","date_gmt":"2021-09-29T08:38:49","guid":{"rendered":"https:\/\/ppdegalicia.com\/o-parlamento-demanda-un-plan-estatal-contra-a-exclusion-financeira-con-especial-atencion-a-zona-rural\/"},"modified":"2021-09-29T10:38:49","modified_gmt":"2021-09-29T08:38:49","slug":"o-parlamento-demanda-un-plan-estatal-contra-a-exclusion-financeira-con-especial-atencion-a-zona-rural","status":"publish","type":"post","link":"https:\/\/ppdegalicia.com\/es\/o-parlamento-demanda-un-plan-estatal-contra-a-exclusion-financeira-con-especial-atencion-a-zona-rural\/","title":{"rendered":"O Parlamento demanda un plan estatal contra a exclusi\u00f3n financeira, con especial atenci\u00f3n \u00e1 zona rural"},"content":{"rendered":"<p><img fetchpriority=\"high\" decoding=\"async\" class=\" size-full wp-image-56225\" src=\"https:\/\/ppdegalicia.com\/wp-content\/uploads\/2021\/09\/5043c092c025673c100aac9dc0c02a89.jpg\" alt=\"\" width=\"1900\" height=\"826\" srcset=\"https:\/\/ppdegalicia.com\/wp-content\/uploads\/2021\/09\/5043c092c025673c100aac9dc0c02a89.jpg 1900w, https:\/\/ppdegalicia.com\/wp-content\/uploads\/2021\/09\/5043c092c025673c100aac9dc0c02a89-300x130.jpg 300w, https:\/\/ppdegalicia.com\/wp-content\/uploads\/2021\/09\/5043c092c025673c100aac9dc0c02a89-1024x445.jpg 1024w, https:\/\/ppdegalicia.com\/wp-content\/uploads\/2021\/09\/5043c092c025673c100aac9dc0c02a89-768x334.jpg 768w, https:\/\/ppdegalicia.com\/wp-content\/uploads\/2021\/09\/5043c092c025673c100aac9dc0c02a89-1536x668.jpg 1536w\" sizes=\"(max-width: 1900px) 100vw, 1900px\" \/><\/p>\n<p>Santiago, 29 de setembro de 2021.- O Parlamento de Galicia aprobou hoxe a proposici\u00f3n non de lei do Grupo Popular a trav\u00e9s da que se demanda ao Goberno de Espa\u00f1a, en coordinaci\u00f3n coas administraci\u00f3ns auton\u00f3micas e locais, a posta en marcha dun plan estatal contra a exclusi\u00f3n financeira, con medidas que faciliten o acceso \u00e1 poboaci\u00f3n aos servizos financeiros, especialmente na zona rural.<\/p>\n<p><!--more--><\/p>\n<p>A deputada popular Sandra V\u00e1zquez criticou que \u201ctanto o BNG como o PSdeG non apoiaran esta proposici\u00f3n non de lei e se descolgaran tam\u00e9n da moci\u00f3n aprobada no Senado que instaba ao Goberno de Espa\u00f1a a elaborar un estudo e acordar un paquete de medidas globais para abordar este problema\u201d.<\/p>\n<p>\u00a0<\/p>\n<p>A proposici\u00f3n non de lei incl\u00fae, ademais, a solicitude para que o Goberno central, en colaboraci\u00f3n co Banco de Espa\u00f1a e a Comisi\u00f3n Nacional do Mercado da Competencia (CNMC), elabore un estudo sobre a situaci\u00f3n do mercado financeiro en Espa\u00f1a desde o punto de vista da concentraci\u00f3n bancaria, da competencia e do acceso aos servizos financeiros, especialmente na zona rural, e as consecuencias no seu desenvolvemento econ\u00f3mico e social.<\/p>\n<p>\u00a0<\/p>\n<p>\u201cMentres non se aprobe esta estratexia estatal de loita contra a exclusi\u00f3n financeira, consideramos necesario que a Xunta contin\u00fae impulsando, xunto coas administraci\u00f3ns locais galegas e en colaboraci\u00f3n coas entidades financeiras que operan en Galicia, medidas que faciliten o acceso da poboaci\u00f3n aos servizos financeiros\u201d, sinalou a deputada popular.<\/p>\n<p>\u00a0<\/p>\n<p><strong>CONSECUENCIAS PARA OS CONCELLOS<\/strong><\/p>\n<p>\u00a0<\/p>\n<p>Sandra V\u00e1zquez afirmou que \u201cobstaculizar o acceso aos servizos financeiros aos habitantes dos concellos ten consecuencias directas no seu desenvolvemento econ\u00f3mico e social, e, por suposto, na despoboaci\u00f3n do seu territorio, que agr\u00e1vase polas restrici\u00f3ns nos servizos de atenci\u00f3n presencial e outras medidas afectadas ante a situaci\u00f3n actual da pandemia\u201d.<\/p>\n<p>\u00a0<\/p>\n<p>\u201cO noso obxectivo \u00e9 garantir que toda a poboaci\u00f3n galega, con independencia do seu lugar de residencia, te\u00f1a acceso aos servizos bancarios e financeiros, evitando a s\u00faa exclusi\u00f3n financeira e prestando especial atenci\u00f3n no \u00e1mbito rural\u201d, subli\u00f1ou Sandra V\u00e1zquez, quen lamentou que BNG e PSdeG non apoiaran esta proposta \u201ce decidiran po\u00f1erse de lado ante os problemas que poden ter os galegos do rural para acceder aos servizos financeiros de xeito pr\u00f3ximo e c\u00f3modo\u201d.<\/p>\n<p>\u00a0<\/p>\n<p>A deputada popular lembrou que o proceso de concentraci\u00f3n bancaria vivida en Espa\u00f1a a ra\u00edz da crise financeira de 2008 \u201cpermitiu reforzar a solvencia das entidades e recuperar a confianza e a estabilidade do sistema financeiro, que ga\u00f1ou en capacidade para resistir novas crises pero tam\u00e9n trouxo alteraci\u00f3ns negativas, como unha importante diminuci\u00f3n do n\u00famero de sucursais e oficinas bancarias abertas ao p\u00fablico\u201d.<\/p>\n<p>\u00a0<\/p>\n<p>\u201cO pasado ano pech\u00e1ronse en Espa\u00f1a m\u00e1is de 1.600 oficinas bancarias e este ano contin\u00faan os axustes\u201d, concretou Sandra V\u00e1zquez, quen engadiu que \u201cestes peches non s\u00f3 corresponden a Abanca, sen\u00f3n que se estenden por outras entidades financeiras como o Banco Santander, o BBVA, Caixabank, Unicaja, Ibercaja ou Banco Sabadell\u201d.<\/p>\n","protected":false},"excerpt":{"rendered":"<p>Santiago, 29 de setembro de 2021.- O Parlamento de Galicia aprobou hoxe a proposici\u00f3n non de lei do Grupo Popular a trav\u00e9s da que se demanda ao Goberno de Espa\u00f1a, en coordinaci\u00f3n coas administraci\u00f3ns auton\u00f3micas e locais, a posta en marcha dun plan estatal contra a exclusi\u00f3n financeira, con medidas que faciliten o acceso \u00e1 [&hellip;]<\/p>\n","protected":false},"author":38,"featured_media":56225,"comment_status":"open","ping_status":"open","sticky":false,"template":"","format":"standard","meta":{"_acf_changed":false,"footnotes":""},"categories":[1],"tags":[],"class_list":["post-56226","post","type-post","status-publish","format-standard","has-post-thumbnail","hentry","category-pp-de-galicia"],"acf":[],"yoast_head":"<!-- This site is optimized with the Yoast SEO plugin v27.3 - https:\/\/yoast.com\/product\/yoast-seo-wordpress\/ -->\n<title>O Parlamento demanda un plan estatal contra a exclusi\u00f3n financeira, con especial atenci\u00f3n \u00e1 zona rural - PP de Galicia<\/title>\n<meta name=\"robots\" content=\"index, follow, max-snippet:-1, max-image-preview:large, max-video-preview:-1\" \/>\n<link rel=\"canonical\" href=\"https:\/\/ppdegalicia.com\/es\/o-parlamento-demanda-un-plan-estatal-contra-a-exclusion-financeira-con-especial-atencion-a-zona-rural\/\" \/>\n<meta property=\"og:locale\" content=\"es_ES\" \/>\n<meta property=\"og:type\" content=\"article\" \/>\n<meta property=\"og:title\" content=\"O Parlamento demanda un plan estatal contra a exclusi\u00f3n financeira, con especial atenci\u00f3n \u00e1 zona rural - PP de Galicia\" \/>\n<meta property=\"og:description\" content=\"Santiago, 29 de setembro de 2021.- O Parlamento de Galicia aprobou hoxe a proposici\u00f3n non de lei do Grupo Popular a trav\u00e9s da que se demanda ao Goberno de Espa\u00f1a, en coordinaci\u00f3n coas administraci\u00f3ns auton\u00f3micas e locais, a posta en marcha dun plan estatal contra a exclusi\u00f3n financeira, con medidas que faciliten o acceso \u00e1 [&hellip;]\" \/>\n<meta property=\"og:url\" content=\"https:\/\/ppdegalicia.com\/es\/o-parlamento-demanda-un-plan-estatal-contra-a-exclusion-financeira-con-especial-atencion-a-zona-rural\/\" \/>\n<meta property=\"og:site_name\" content=\"PP de Galicia\" \/>\n<meta property=\"article:publisher\" content=\"https:\/\/www.instagram.com\/ppdegalicia\/\" \/>\n<meta property=\"article:published_time\" content=\"2021-09-29T08:38:49+00:00\" \/>\n<meta property=\"og:image\" content=\"https:\/\/ppdegalicia.com\/wp-content\/uploads\/2021\/09\/5043c092c025673c100aac9dc0c02a89.jpg\" \/>\n\t<meta property=\"og:image:width\" content=\"1900\" \/>\n\t<meta property=\"og:image:height\" content=\"826\" \/>\n\t<meta property=\"og:image:type\" content=\"image\/jpeg\" \/>\n<meta name=\"author\" content=\"ppdegaliciaredes\" \/>\n<meta name=\"twitter:card\" content=\"summary_large_image\" \/>\n<meta name=\"twitter:creator\" content=\"@ppdegalicia\" \/>\n<meta name=\"twitter:site\" content=\"@ppdegalicia\" \/>\n<meta name=\"twitter:label1\" content=\"Escrito por\" \/>\n\t<meta name=\"twitter:data1\" content=\"ppdegaliciaredes\" \/>\n\t<meta name=\"twitter:label2\" content=\"Tiempo de lectura\" \/>\n\t<meta name=\"twitter:data2\" content=\"3 minutos\" \/>\n<script type=\"application\/ld+json\" class=\"yoast-schema-graph\">{\"@context\":\"https:\\\/\\\/schema.org\",\"@graph\":[{\"@type\":\"Article\",\"@id\":\"https:\\\/\\\/ppdegalicia.com\\\/es\\\/o-parlamento-demanda-un-plan-estatal-contra-a-exclusion-financeira-con-especial-atencion-a-zona-rural\\\/#article\",\"isPartOf\":{\"@id\":\"https:\\\/\\\/ppdegalicia.com\\\/es\\\/o-parlamento-demanda-un-plan-estatal-contra-a-exclusion-financeira-con-especial-atencion-a-zona-rural\\\/\"},\"author\":{\"name\":\"ppdegaliciaredes\",\"@id\":\"https:\\\/\\\/ppdegalicia.com\\\/es\\\/#\\\/schema\\\/person\\\/5b822c6f59e872ebdd1142f307dbcb59\"},\"headline\":\"O Parlamento demanda un plan estatal contra a exclusi\u00f3n financeira, con especial atenci\u00f3n \u00e1 zona rural\",\"datePublished\":\"2021-09-29T08:38:49+00:00\",\"mainEntityOfPage\":{\"@id\":\"https:\\\/\\\/ppdegalicia.com\\\/es\\\/o-parlamento-demanda-un-plan-estatal-contra-a-exclusion-financeira-con-especial-atencion-a-zona-rural\\\/\"},\"wordCount\":543,\"commentCount\":0,\"publisher\":{\"@id\":\"https:\\\/\\\/ppdegalicia.com\\\/es\\\/#organization\"},\"image\":{\"@id\":\"https:\\\/\\\/ppdegalicia.com\\\/es\\\/o-parlamento-demanda-un-plan-estatal-contra-a-exclusion-financeira-con-especial-atencion-a-zona-rural\\\/#primaryimage\"},\"thumbnailUrl\":\"https:\\\/\\\/ppdegalicia.com\\\/wp-content\\\/uploads\\\/2021\\\/09\\\/5043c092c025673c100aac9dc0c02a89.jpg\",\"articleSection\":[\"PP de Galicia\"],\"inLanguage\":\"es\",\"potentialAction\":[{\"@type\":\"CommentAction\",\"name\":\"Comment\",\"target\":[\"https:\\\/\\\/ppdegalicia.com\\\/es\\\/o-parlamento-demanda-un-plan-estatal-contra-a-exclusion-financeira-con-especial-atencion-a-zona-rural\\\/#respond\"]}]},{\"@type\":\"WebPage\",\"@id\":\"https:\\\/\\\/ppdegalicia.com\\\/es\\\/o-parlamento-demanda-un-plan-estatal-contra-a-exclusion-financeira-con-especial-atencion-a-zona-rural\\\/\",\"url\":\"https:\\\/\\\/ppdegalicia.com\\\/es\\\/o-parlamento-demanda-un-plan-estatal-contra-a-exclusion-financeira-con-especial-atencion-a-zona-rural\\\/\",\"name\":\"O Parlamento demanda un plan estatal contra a exclusi\u00f3n financeira, con especial atenci\u00f3n \u00e1 zona rural - PP de Galicia\",\"isPartOf\":{\"@id\":\"https:\\\/\\\/ppdegalicia.com\\\/es\\\/#website\"},\"primaryImageOfPage\":{\"@id\":\"https:\\\/\\\/ppdegalicia.com\\\/es\\\/o-parlamento-demanda-un-plan-estatal-contra-a-exclusion-financeira-con-especial-atencion-a-zona-rural\\\/#primaryimage\"},\"image\":{\"@id\":\"https:\\\/\\\/ppdegalicia.com\\\/es\\\/o-parlamento-demanda-un-plan-estatal-contra-a-exclusion-financeira-con-especial-atencion-a-zona-rural\\\/#primaryimage\"},\"thumbnailUrl\":\"https:\\\/\\\/ppdegalicia.com\\\/wp-content\\\/uploads\\\/2021\\\/09\\\/5043c092c025673c100aac9dc0c02a89.jpg\",\"datePublished\":\"2021-09-29T08:38:49+00:00\",\"breadcrumb\":{\"@id\":\"https:\\\/\\\/ppdegalicia.com\\\/es\\\/o-parlamento-demanda-un-plan-estatal-contra-a-exclusion-financeira-con-especial-atencion-a-zona-rural\\\/#breadcrumb\"},\"inLanguage\":\"es\",\"potentialAction\":[{\"@type\":\"ReadAction\",\"target\":[\"https:\\\/\\\/ppdegalicia.com\\\/es\\\/o-parlamento-demanda-un-plan-estatal-contra-a-exclusion-financeira-con-especial-atencion-a-zona-rural\\\/\"]}]},{\"@type\":\"ImageObject\",\"inLanguage\":\"es\",\"@id\":\"https:\\\/\\\/ppdegalicia.com\\\/es\\\/o-parlamento-demanda-un-plan-estatal-contra-a-exclusion-financeira-con-especial-atencion-a-zona-rural\\\/#primaryimage\",\"url\":\"https:\\\/\\\/ppdegalicia.com\\\/wp-content\\\/uploads\\\/2021\\\/09\\\/5043c092c025673c100aac9dc0c02a89.jpg\",\"contentUrl\":\"https:\\\/\\\/ppdegalicia.com\\\/wp-content\\\/uploads\\\/2021\\\/09\\\/5043c092c025673c100aac9dc0c02a89.jpg\",\"width\":1900,\"height\":826},{\"@type\":\"BreadcrumbList\",\"@id\":\"https:\\\/\\\/ppdegalicia.com\\\/es\\\/o-parlamento-demanda-un-plan-estatal-contra-a-exclusion-financeira-con-especial-atencion-a-zona-rural\\\/#breadcrumb\",\"itemListElement\":[{\"@type\":\"ListItem\",\"position\":1,\"name\":\"Portada\",\"item\":\"https:\\\/\\\/ppdegalicia.com\\\/es\\\/\"},{\"@type\":\"ListItem\",\"position\":2,\"name\":\"O Parlamento demanda un plan estatal contra a exclusi\u00f3n financeira, con especial atenci\u00f3n \u00e1 zona rural\"}]},{\"@type\":\"WebSite\",\"@id\":\"https:\\\/\\\/ppdegalicia.com\\\/es\\\/#website\",\"url\":\"https:\\\/\\\/ppdegalicia.com\\\/es\\\/\",\"name\":\"Partido Popular de Galicia\",\"description\":\"Partido Popular de Galicia\",\"publisher\":{\"@id\":\"https:\\\/\\\/ppdegalicia.com\\\/es\\\/#organization\"},\"alternateName\":\"PP de Galicia\",\"potentialAction\":[{\"@type\":\"SearchAction\",\"target\":{\"@type\":\"EntryPoint\",\"urlTemplate\":\"https:\\\/\\\/ppdegalicia.com\\\/es\\\/?s={search_term_string}\"},\"query-input\":{\"@type\":\"PropertyValueSpecification\",\"valueRequired\":true,\"valueName\":\"search_term_string\"}}],\"inLanguage\":\"es\"},{\"@type\":\"Organization\",\"@id\":\"https:\\\/\\\/ppdegalicia.com\\\/es\\\/#organization\",\"name\":\"Partido Popular de Galicia\",\"alternateName\":\"PP de Galicia\",\"url\":\"https:\\\/\\\/ppdegalicia.com\\\/es\\\/\",\"logo\":{\"@type\":\"ImageObject\",\"inLanguage\":\"es\",\"@id\":\"https:\\\/\\\/ppdegalicia.com\\\/es\\\/#\\\/schema\\\/logo\\\/image\\\/\",\"url\":\"https:\\\/\\\/ppdegalicia.com\\\/wp-content\\\/uploads\\\/2023\\\/04\\\/logoPP512.png\",\"contentUrl\":\"https:\\\/\\\/ppdegalicia.com\\\/wp-content\\\/uploads\\\/2023\\\/04\\\/logoPP512.png\",\"width\":512,\"height\":512,\"caption\":\"Partido Popular de Galicia\"},\"image\":{\"@id\":\"https:\\\/\\\/ppdegalicia.com\\\/es\\\/#\\\/schema\\\/logo\\\/image\\\/\"},\"sameAs\":[\"https:\\\/\\\/www.instagram.com\\\/ppdegalicia\\\/\",\"https:\\\/\\\/x.com\\\/ppdegalicia\",\"https:\\\/\\\/www.tiktok.com\\\/@ppdegalicia\",\"https:\\\/\\\/www.youtube.com\\\/user\\\/ppdegalicia\"]},{\"@type\":\"Person\",\"@id\":\"https:\\\/\\\/ppdegalicia.com\\\/es\\\/#\\\/schema\\\/person\\\/5b822c6f59e872ebdd1142f307dbcb59\",\"name\":\"ppdegaliciaredes\",\"image\":{\"@type\":\"ImageObject\",\"inLanguage\":\"es\",\"@id\":\"https:\\\/\\\/secure.gravatar.com\\\/avatar\\\/3c9179cf0256d00c72a48d1f25783c58b6842cd56e85ef3a572881c8e28ccd59?s=96&d=mm&r=g\",\"url\":\"https:\\\/\\\/secure.gravatar.com\\\/avatar\\\/3c9179cf0256d00c72a48d1f25783c58b6842cd56e85ef3a572881c8e28ccd59?s=96&d=mm&r=g\",\"contentUrl\":\"https:\\\/\\\/secure.gravatar.com\\\/avatar\\\/3c9179cf0256d00c72a48d1f25783c58b6842cd56e85ef3a572881c8e28ccd59?s=96&d=mm&r=g\",\"caption\":\"ppdegaliciaredes\"},\"url\":\"https:\\\/\\\/ppdegalicia.com\\\/es\\\/author\\\/ppdegaliciaredes\\\/\"}]}<\/script>\n<!-- \/ Yoast SEO plugin. -->","yoast_head_json":{"title":"O Parlamento demanda un plan estatal contra a exclusi\u00f3n financeira, con especial atenci\u00f3n \u00e1 zona rural - PP de Galicia","robots":{"index":"index","follow":"follow","max-snippet":"max-snippet:-1","max-image-preview":"max-image-preview:large","max-video-preview":"max-video-preview:-1"},"canonical":"https:\/\/ppdegalicia.com\/es\/o-parlamento-demanda-un-plan-estatal-contra-a-exclusion-financeira-con-especial-atencion-a-zona-rural\/","og_locale":"es_ES","og_type":"article","og_title":"O Parlamento demanda un plan estatal contra a exclusi\u00f3n financeira, con especial atenci\u00f3n \u00e1 zona rural - PP de Galicia","og_description":"Santiago, 29 de setembro de 2021.- O Parlamento de Galicia aprobou hoxe a proposici\u00f3n non de lei do Grupo Popular a trav\u00e9s da que se demanda ao Goberno de Espa\u00f1a, en coordinaci\u00f3n coas administraci\u00f3ns auton\u00f3micas e locais, a posta en marcha dun plan estatal contra a exclusi\u00f3n financeira, con medidas que faciliten o acceso \u00e1 [&hellip;]","og_url":"https:\/\/ppdegalicia.com\/es\/o-parlamento-demanda-un-plan-estatal-contra-a-exclusion-financeira-con-especial-atencion-a-zona-rural\/","og_site_name":"PP de Galicia","article_publisher":"https:\/\/www.instagram.com\/ppdegalicia\/","article_published_time":"2021-09-29T08:38:49+00:00","og_image":[{"width":1900,"height":826,"url":"https:\/\/ppdegalicia.com\/wp-content\/uploads\/2021\/09\/5043c092c025673c100aac9dc0c02a89.jpg","type":"image\/jpeg"}],"author":"ppdegaliciaredes","twitter_card":"summary_large_image","twitter_creator":"@ppdegalicia","twitter_site":"@ppdegalicia","twitter_misc":{"Escrito por":"ppdegaliciaredes","Tiempo de lectura":"3 minutos"},"schema":{"@context":"https:\/\/schema.org","@graph":[{"@type":"Article","@id":"https:\/\/ppdegalicia.com\/es\/o-parlamento-demanda-un-plan-estatal-contra-a-exclusion-financeira-con-especial-atencion-a-zona-rural\/#article","isPartOf":{"@id":"https:\/\/ppdegalicia.com\/es\/o-parlamento-demanda-un-plan-estatal-contra-a-exclusion-financeira-con-especial-atencion-a-zona-rural\/"},"author":{"name":"ppdegaliciaredes","@id":"https:\/\/ppdegalicia.com\/es\/#\/schema\/person\/5b822c6f59e872ebdd1142f307dbcb59"},"headline":"O Parlamento demanda un plan estatal contra a exclusi\u00f3n financeira, con especial atenci\u00f3n \u00e1 zona rural","datePublished":"2021-09-29T08:38:49+00:00","mainEntityOfPage":{"@id":"https:\/\/ppdegalicia.com\/es\/o-parlamento-demanda-un-plan-estatal-contra-a-exclusion-financeira-con-especial-atencion-a-zona-rural\/"},"wordCount":543,"commentCount":0,"publisher":{"@id":"https:\/\/ppdegalicia.com\/es\/#organization"},"image":{"@id":"https:\/\/ppdegalicia.com\/es\/o-parlamento-demanda-un-plan-estatal-contra-a-exclusion-financeira-con-especial-atencion-a-zona-rural\/#primaryimage"},"thumbnailUrl":"https:\/\/ppdegalicia.com\/wp-content\/uploads\/2021\/09\/5043c092c025673c100aac9dc0c02a89.jpg","articleSection":["PP de Galicia"],"inLanguage":"es","potentialAction":[{"@type":"CommentAction","name":"Comment","target":["https:\/\/ppdegalicia.com\/es\/o-parlamento-demanda-un-plan-estatal-contra-a-exclusion-financeira-con-especial-atencion-a-zona-rural\/#respond"]}]},{"@type":"WebPage","@id":"https:\/\/ppdegalicia.com\/es\/o-parlamento-demanda-un-plan-estatal-contra-a-exclusion-financeira-con-especial-atencion-a-zona-rural\/","url":"https:\/\/ppdegalicia.com\/es\/o-parlamento-demanda-un-plan-estatal-contra-a-exclusion-financeira-con-especial-atencion-a-zona-rural\/","name":"O Parlamento demanda un plan estatal contra a exclusi\u00f3n financeira, con especial atenci\u00f3n \u00e1 zona rural - PP de Galicia","isPartOf":{"@id":"https:\/\/ppdegalicia.com\/es\/#website"},"primaryImageOfPage":{"@id":"https:\/\/ppdegalicia.com\/es\/o-parlamento-demanda-un-plan-estatal-contra-a-exclusion-financeira-con-especial-atencion-a-zona-rural\/#primaryimage"},"image":{"@id":"https:\/\/ppdegalicia.com\/es\/o-parlamento-demanda-un-plan-estatal-contra-a-exclusion-financeira-con-especial-atencion-a-zona-rural\/#primaryimage"},"thumbnailUrl":"https:\/\/ppdegalicia.com\/wp-content\/uploads\/2021\/09\/5043c092c025673c100aac9dc0c02a89.jpg","datePublished":"2021-09-29T08:38:49+00:00","breadcrumb":{"@id":"https:\/\/ppdegalicia.com\/es\/o-parlamento-demanda-un-plan-estatal-contra-a-exclusion-financeira-con-especial-atencion-a-zona-rural\/#breadcrumb"},"inLanguage":"es","potentialAction":[{"@type":"ReadAction","target":["https:\/\/ppdegalicia.com\/es\/o-parlamento-demanda-un-plan-estatal-contra-a-exclusion-financeira-con-especial-atencion-a-zona-rural\/"]}]},{"@type":"ImageObject","inLanguage":"es","@id":"https:\/\/ppdegalicia.com\/es\/o-parlamento-demanda-un-plan-estatal-contra-a-exclusion-financeira-con-especial-atencion-a-zona-rural\/#primaryimage","url":"https:\/\/ppdegalicia.com\/wp-content\/uploads\/2021\/09\/5043c092c025673c100aac9dc0c02a89.jpg","contentUrl":"https:\/\/ppdegalicia.com\/wp-content\/uploads\/2021\/09\/5043c092c025673c100aac9dc0c02a89.jpg","width":1900,"height":826},{"@type":"BreadcrumbList","@id":"https:\/\/ppdegalicia.com\/es\/o-parlamento-demanda-un-plan-estatal-contra-a-exclusion-financeira-con-especial-atencion-a-zona-rural\/#breadcrumb","itemListElement":[{"@type":"ListItem","position":1,"name":"Portada","item":"https:\/\/ppdegalicia.com\/es\/"},{"@type":"ListItem","position":2,"name":"O Parlamento demanda un plan estatal contra a exclusi\u00f3n financeira, con especial atenci\u00f3n \u00e1 zona rural"}]},{"@type":"WebSite","@id":"https:\/\/ppdegalicia.com\/es\/#website","url":"https:\/\/ppdegalicia.com\/es\/","name":"Partido Popular de Galicia","description":"Partido Popular de Galicia","publisher":{"@id":"https:\/\/ppdegalicia.com\/es\/#organization"},"alternateName":"PP de Galicia","potentialAction":[{"@type":"SearchAction","target":{"@type":"EntryPoint","urlTemplate":"https:\/\/ppdegalicia.com\/es\/?s={search_term_string}"},"query-input":{"@type":"PropertyValueSpecification","valueRequired":true,"valueName":"search_term_string"}}],"inLanguage":"es"},{"@type":"Organization","@id":"https:\/\/ppdegalicia.com\/es\/#organization","name":"Partido Popular de Galicia","alternateName":"PP de Galicia","url":"https:\/\/ppdegalicia.com\/es\/","logo":{"@type":"ImageObject","inLanguage":"es","@id":"https:\/\/ppdegalicia.com\/es\/#\/schema\/logo\/image\/","url":"https:\/\/ppdegalicia.com\/wp-content\/uploads\/2023\/04\/logoPP512.png","contentUrl":"https:\/\/ppdegalicia.com\/wp-content\/uploads\/2023\/04\/logoPP512.png","width":512,"height":512,"caption":"Partido Popular de Galicia"},"image":{"@id":"https:\/\/ppdegalicia.com\/es\/#\/schema\/logo\/image\/"},"sameAs":["https:\/\/www.instagram.com\/ppdegalicia\/","https:\/\/x.com\/ppdegalicia","https:\/\/www.tiktok.com\/@ppdegalicia","https:\/\/www.youtube.com\/user\/ppdegalicia"]},{"@type":"Person","@id":"https:\/\/ppdegalicia.com\/es\/#\/schema\/person\/5b822c6f59e872ebdd1142f307dbcb59","name":"ppdegaliciaredes","image":{"@type":"ImageObject","inLanguage":"es","@id":"https:\/\/secure.gravatar.com\/avatar\/3c9179cf0256d00c72a48d1f25783c58b6842cd56e85ef3a572881c8e28ccd59?s=96&d=mm&r=g","url":"https:\/\/secure.gravatar.com\/avatar\/3c9179cf0256d00c72a48d1f25783c58b6842cd56e85ef3a572881c8e28ccd59?s=96&d=mm&r=g","contentUrl":"https:\/\/secure.gravatar.com\/avatar\/3c9179cf0256d00c72a48d1f25783c58b6842cd56e85ef3a572881c8e28ccd59?s=96&d=mm&r=g","caption":"ppdegaliciaredes"},"url":"https:\/\/ppdegalicia.com\/es\/author\/ppdegaliciaredes\/"}]}},"_links":{"self":[{"href":"https:\/\/ppdegalicia.com\/es\/wp-json\/wp\/v2\/posts\/56226","targetHints":{"allow":["GET"]}}],"collection":[{"href":"https:\/\/ppdegalicia.com\/es\/wp-json\/wp\/v2\/posts"}],"about":[{"href":"https:\/\/ppdegalicia.com\/es\/wp-json\/wp\/v2\/types\/post"}],"author":[{"embeddable":true,"href":"https:\/\/ppdegalicia.com\/es\/wp-json\/wp\/v2\/users\/38"}],"replies":[{"embeddable":true,"href":"https:\/\/ppdegalicia.com\/es\/wp-json\/wp\/v2\/comments?post=56226"}],"version-history":[{"count":0,"href":"https:\/\/ppdegalicia.com\/es\/wp-json\/wp\/v2\/posts\/56226\/revisions"}],"wp:featuredmedia":[{"embeddable":true,"href":"https:\/\/ppdegalicia.com\/es\/wp-json\/wp\/v2\/media\/56225"}],"wp:attachment":[{"href":"https:\/\/ppdegalicia.com\/es\/wp-json\/wp\/v2\/media?parent=56226"}],"wp:term":[{"taxonomy":"category","embeddable":true,"href":"https:\/\/ppdegalicia.com\/es\/wp-json\/wp\/v2\/categories?post=56226"},{"taxonomy":"post_tag","embeddable":true,"href":"https:\/\/ppdegalicia.com\/es\/wp-json\/wp\/v2\/tags?post=56226"}],"curies":[{"name":"wp","href":"https:\/\/api.w.org\/{rel}","templated":true}]}}