{"id":56246,"date":"2021-10-01T11:25:49","date_gmt":"2021-10-01T09:25:49","guid":{"rendered":"https:\/\/ppdegalicia.com\/tellado-asegura-que-o-bng-perde-a-sua-combatividade-no-tunel-de-guadarrama-e-rupturista-en-twitter-e-adorable-no-congreso\/"},"modified":"2021-10-01T11:25:49","modified_gmt":"2021-10-01T09:25:49","slug":"tellado-asegura-que-o-bng-perde-a-sua-combatividade-no-tunel-de-guadarrama-e-rupturista-en-twitter-e-adorable-no-congreso","status":"publish","type":"post","link":"https:\/\/ppdegalicia.com\/es\/tellado-asegura-que-o-bng-perde-a-sua-combatividade-no-tunel-de-guadarrama-e-rupturista-en-twitter-e-adorable-no-congreso\/","title":{"rendered":"Tellado asegura que o BNG perde a s\u00faa combatividade no t\u00fanel de Guadarrama: \u201c\u00c9 rupturista en Twitter e adorable no Congreso\u201d"},"content":{"rendered":"<p><img fetchpriority=\"high\" decoding=\"async\" class=\" size-full wp-image-56245\" src=\"https:\/\/ppdegalicia.com\/wp-content\/uploads\/2021\/10\/560ecba164f0e63e86e531615031d4c5-scaled.jpg\" alt=\"\" width=\"2560\" height=\"1748\" srcset=\"https:\/\/ppdegalicia.com\/wp-content\/uploads\/2021\/10\/560ecba164f0e63e86e531615031d4c5-scaled.jpg 2560w, https:\/\/ppdegalicia.com\/wp-content\/uploads\/2021\/10\/560ecba164f0e63e86e531615031d4c5-300x205.jpg 300w, https:\/\/ppdegalicia.com\/wp-content\/uploads\/2021\/10\/560ecba164f0e63e86e531615031d4c5-1024x699.jpg 1024w, https:\/\/ppdegalicia.com\/wp-content\/uploads\/2021\/10\/560ecba164f0e63e86e531615031d4c5-768x524.jpg 768w, https:\/\/ppdegalicia.com\/wp-content\/uploads\/2021\/10\/560ecba164f0e63e86e531615031d4c5-1536x1049.jpg 1536w, https:\/\/ppdegalicia.com\/wp-content\/uploads\/2021\/10\/560ecba164f0e63e86e531615031d4c5-2048x1399.jpg 2048w\" sizes=\"(max-width: 2560px) 100vw, 2560px\" \/><\/p>\n<p style=\"text-align: justify;\">Indica que o Bloque d\u00e9belle obediencia a ese PSOE que lle firma as n\u00f3minas, ao que ten que servir en silencio pola conta \u201ccorrente\u201d que lle trae<\/p>\n<p><!--more--><\/p>\n<p style=\"text-align: justify;\">O secretario xeral dos populares galegos, Miguel Tellado, afirmou que o Bloque perde a s\u00faa combatividade no t\u00fanel de Guadarrama, sendo rupturista en Twitter, pero adorable na tribuna do Congreso: \u201cDo que din ao que fan vai o mesmo traxecto que hai entre as fotos dalg\u00fans produtos que se venden Internet e o que finalmente recibimos nas nosas casas. O BNG ten obediencia a ese PSOE que lle firma as n\u00f3minas e ao que ten que servir en silencio pola conta corrente que lle trae\u201d.<\/p>\n<p style=\"text-align: justify;\">\u00a0<\/p>\n<p style=\"text-align: justify;\">Deste modo, cuestionou o feito de que Podemos sexa moito m\u00e1is esixente con Pedro S\u00e1nchez do que o son os nacionalistas galegos e o PSdeG, aos que lles serven os Presupostos Xerais do Estado que presente Moncloa \u201csexan cales sexan e aos que lles falta tempo para aplaudir todas e cada unha das medidas do Goberno socialista, por moi lesivas que sexan para Galicia\u201d.<\/p>\n<p style=\"text-align: justify;\">Sobre isto, manifestou que, trala petici\u00f3n do Bloque para que se destinen m\u00e1is de 1.000 mill\u00f3ns de euros \u00e1 Comunidade nos Orzamentos de 2022, haber\u00e1 que agardar a comprobar o que sucede se o PSOE non cumpre. Ante isto, preguntou se os nacionalistas estar\u00e1n dispostos a romper os seus acordos cos socialistas ou se, coma sempre, \u201cbaixar\u00e1n a cabeza e tragar\u00e1n con todo\u201d.<\/p>\n<p style=\"text-align: justify;\"><strong><u>AS DISCREPANCIAS DO GOBERNO CENTRAL<\/u><\/strong><\/p>\n<p style=\"text-align: justify;\">Na s\u00faa comparecencia en rolda de prensa, o n\u00famero dous do PPdeG afeou que, malia as reiteradas promesas de S\u00e1nchez, os Presupostos de 2022 xa non ser\u00e1n aprobados en tempo e forma, nin se cumprir\u00e1n os prazos que marca a Constituci\u00f3n. \u201cPor desgraza estamos empezando a ver normal o que deber\u00eda ser excepcional porque as Contas deber\u00edan estar xa aprobadas en Consello de Ministros e entregadas no Congreso\u201d, dixo contrapo\u00f1endo esta situaci\u00f3n coa de Galicia, que si contar\u00e1 cos seus Orzamentos nos prazos establecidos.<\/p>\n<p style=\"text-align: justify;\">Tellado criticou que, na recta final dunha das peores crises da historia do pa\u00eds, Podemos e o PSOE mante\u00f1an as s\u00faas permanentes discrepancias sen lograr acordar unha Lei de Presupostos que impulse a recuperaci\u00f3n econ\u00f3mica. \u201cParece que s\u00f3 se po\u00f1en de acordo nunha cousa: manterse no poder a calquera prezo\u201d, engadiu.<\/p>\n<p style=\"text-align: justify;\">Neste sentido, explicou que presentar a Lei de Presupostos en tempo e forma, non s\u00f3 \u00e9 unha garant\u00eda para que os Orzamentos poidan entrar en vigor o 1 de xaneiro de 2022, sen\u00f3n que tam\u00e9n asegura que sexan debatidos con normalidade democr\u00e1tica nas Cortes e permite aos diferentes partidos estudalos e enriquecelos coas s\u00faas aportaci\u00f3ns. \u201cPero o cumprimento da Constituci\u00f3n e as garant\u00edas democr\u00e1ticas non foron nunca as prioridades do Goberno de S\u00e1nchez\u201d, insistiu.<\/p>\n<p style=\"text-align: justify;\"><strong><u>UNHAS CONTAS XUSTAS PARA GALICIA<\/u><\/strong><\/p>\n<p style=\"text-align: justify;\">As\u00ed mesmo, o secretario xeral lembrou que nas anteriores Contas Xerais fomos unha das Comunidades m\u00e1is maltratadas, mencionando a reduci\u00f3n do 11% do Orzamento, sendo os peores Presupostos en 15 anos; a baixada ata o 6.6% do investimento territorializado, o reparto desigual entre Autonom\u00edas, premiando os apoios parlamentarios do Goberno; ou o abandono das principais infraestruturas.<\/p>\n<p style=\"text-align: justify;\">\u00a0<\/p>\n<p style=\"text-align: justify;\">Por todo isto, admitiu que a esperanza de que o Executivo central presente uns Orzamentos xustos con Galicia \u00e9 m\u00ednima. \u201cSaber\u00e9molo nas pr\u00f3ximas semanas pero xa lles anuncio que o PSdeG, ese bipartito en si mesmo que \u00e9 o partido dos socialistas galegos, estar\u00e1 encantado\u201d, recalcou mentres indicaba que, pola s\u00faa parte, o BNG far\u00e1 moitos aspaventos en rolda de prensa pero despois acabar\u00e1 axudando a S\u00e1nchez a seguir o seu Manual de Resistencia.<\/p>\n<p style=\"text-align: justify;\"><strong><u>A IMPORTANCIA DO PPdeG<\/u><\/strong><\/p>\n<p style=\"text-align: justify;\">Por outra banda, Miguel Tellado tam\u00e9n se referiu \u00e1 Convenci\u00f3n Nacional do Partido Popular, amos\u00e1ndose orgulloso de que comezara en Santiago: \u201cPara n\u00f3s amosa a importancia que ten o PPdeG para o partido nacional, e iso \u00e9 un motivo de honra. O PP sabe valorar o papel que xogamos na estabilidade institucional de Galicia pero tam\u00e9n como actores da pol\u00edtica no conxunto do Estado\u201d.<\/p>\n<p style=\"text-align: justify;\">\u00a0<\/p>\n<p style=\"text-align: justify;\">Sobre a clausura deste evento, que ter\u00e1 lugar esta fin de semana en Valencia, apuntou que os populares galegos estar\u00e1n representados por unha ampla delegaci\u00f3n encabezada por Alberto N\u00fa\u00f1ez Feij\u00f3o.<\/p>\n","protected":false},"excerpt":{"rendered":"<p>Indica que o Bloque d\u00e9belle obediencia a ese PSOE que lle firma as n\u00f3minas, ao que ten que servir en silencio pola conta \u201ccorrente\u201d que lle trae<\/p>\n","protected":false},"author":38,"featured_media":56245,"comment_status":"open","ping_status":"open","sticky":false,"template":"","format":"standard","meta":{"_acf_changed":false,"footnotes":""},"categories":[1],"tags":[],"class_list":["post-56246","post","type-post","status-publish","format-standard","has-post-thumbnail","hentry","category-pp-de-galicia"],"acf":[],"yoast_head":"<!-- This site is optimized with the Yoast SEO plugin v27.3 - https:\/\/yoast.com\/product\/yoast-seo-wordpress\/ -->\n<title>Tellado asegura que o BNG perde a s\u00faa combatividade no t\u00fanel de Guadarrama: \u201c\u00c9 rupturista en Twitter e adorable no Congreso\u201d - PP de Galicia<\/title>\n<meta name=\"robots\" content=\"index, follow, max-snippet:-1, max-image-preview:large, max-video-preview:-1\" \/>\n<link rel=\"canonical\" href=\"https:\/\/ppdegalicia.com\/es\/tellado-asegura-que-o-bng-perde-a-sua-combatividade-no-tunel-de-guadarrama-e-rupturista-en-twitter-e-adorable-no-congreso\/\" \/>\n<meta property=\"og:locale\" content=\"es_ES\" \/>\n<meta property=\"og:type\" content=\"article\" \/>\n<meta property=\"og:title\" content=\"Tellado asegura que o BNG perde a s\u00faa combatividade no t\u00fanel de Guadarrama: \u201c\u00c9 rupturista en Twitter e adorable no Congreso\u201d - PP de Galicia\" \/>\n<meta property=\"og:description\" content=\"Indica que o Bloque d\u00e9belle obediencia a ese PSOE que lle firma as n\u00f3minas, ao que ten que servir en silencio pola conta \u201ccorrente\u201d que lle trae\" \/>\n<meta property=\"og:url\" content=\"https:\/\/ppdegalicia.com\/es\/tellado-asegura-que-o-bng-perde-a-sua-combatividade-no-tunel-de-guadarrama-e-rupturista-en-twitter-e-adorable-no-congreso\/\" \/>\n<meta property=\"og:site_name\" content=\"PP de Galicia\" \/>\n<meta property=\"article:publisher\" content=\"https:\/\/www.instagram.com\/ppdegalicia\/\" \/>\n<meta property=\"article:published_time\" content=\"2021-10-01T09:25:49+00:00\" \/>\n<meta property=\"og:image\" content=\"https:\/\/ppdegalicia.com\/wp-content\/uploads\/2021\/10\/560ecba164f0e63e86e531615031d4c5-scaled.jpg\" \/>\n\t<meta property=\"og:image:width\" content=\"2560\" \/>\n\t<meta property=\"og:image:height\" content=\"1748\" \/>\n\t<meta property=\"og:image:type\" content=\"image\/jpeg\" \/>\n<meta name=\"author\" content=\"ppdegaliciaredes\" \/>\n<meta name=\"twitter:card\" content=\"summary_large_image\" \/>\n<meta name=\"twitter:creator\" content=\"@ppdegalicia\" \/>\n<meta name=\"twitter:site\" content=\"@ppdegalicia\" \/>\n<meta name=\"twitter:label1\" content=\"Escrito por\" \/>\n\t<meta name=\"twitter:data1\" content=\"ppdegaliciaredes\" \/>\n\t<meta name=\"twitter:label2\" content=\"Tiempo de lectura\" \/>\n\t<meta name=\"twitter:data2\" content=\"4 minutos\" \/>\n<script type=\"application\/ld+json\" class=\"yoast-schema-graph\">{\"@context\":\"https:\\\/\\\/schema.org\",\"@graph\":[{\"@type\":\"Article\",\"@id\":\"https:\\\/\\\/ppdegalicia.com\\\/es\\\/tellado-asegura-que-o-bng-perde-a-sua-combatividade-no-tunel-de-guadarrama-e-rupturista-en-twitter-e-adorable-no-congreso\\\/#article\",\"isPartOf\":{\"@id\":\"https:\\\/\\\/ppdegalicia.com\\\/es\\\/tellado-asegura-que-o-bng-perde-a-sua-combatividade-no-tunel-de-guadarrama-e-rupturista-en-twitter-e-adorable-no-congreso\\\/\"},\"author\":{\"name\":\"ppdegaliciaredes\",\"@id\":\"https:\\\/\\\/ppdegalicia.com\\\/es\\\/#\\\/schema\\\/person\\\/5b822c6f59e872ebdd1142f307dbcb59\"},\"headline\":\"Tellado asegura que o BNG perde a s\u00faa combatividade no t\u00fanel de Guadarrama: \u201c\u00c9 rupturista en Twitter e adorable no Congreso\u201d\",\"datePublished\":\"2021-10-01T09:25:49+00:00\",\"mainEntityOfPage\":{\"@id\":\"https:\\\/\\\/ppdegalicia.com\\\/es\\\/tellado-asegura-que-o-bng-perde-a-sua-combatividade-no-tunel-de-guadarrama-e-rupturista-en-twitter-e-adorable-no-congreso\\\/\"},\"wordCount\":752,\"commentCount\":0,\"publisher\":{\"@id\":\"https:\\\/\\\/ppdegalicia.com\\\/es\\\/#organization\"},\"image\":{\"@id\":\"https:\\\/\\\/ppdegalicia.com\\\/es\\\/tellado-asegura-que-o-bng-perde-a-sua-combatividade-no-tunel-de-guadarrama-e-rupturista-en-twitter-e-adorable-no-congreso\\\/#primaryimage\"},\"thumbnailUrl\":\"https:\\\/\\\/ppdegalicia.com\\\/wp-content\\\/uploads\\\/2021\\\/10\\\/560ecba164f0e63e86e531615031d4c5-scaled.jpg\",\"articleSection\":[\"PP de Galicia\"],\"inLanguage\":\"es\",\"potentialAction\":[{\"@type\":\"CommentAction\",\"name\":\"Comment\",\"target\":[\"https:\\\/\\\/ppdegalicia.com\\\/es\\\/tellado-asegura-que-o-bng-perde-a-sua-combatividade-no-tunel-de-guadarrama-e-rupturista-en-twitter-e-adorable-no-congreso\\\/#respond\"]}]},{\"@type\":\"WebPage\",\"@id\":\"https:\\\/\\\/ppdegalicia.com\\\/es\\\/tellado-asegura-que-o-bng-perde-a-sua-combatividade-no-tunel-de-guadarrama-e-rupturista-en-twitter-e-adorable-no-congreso\\\/\",\"url\":\"https:\\\/\\\/ppdegalicia.com\\\/es\\\/tellado-asegura-que-o-bng-perde-a-sua-combatividade-no-tunel-de-guadarrama-e-rupturista-en-twitter-e-adorable-no-congreso\\\/\",\"name\":\"Tellado asegura que o BNG perde a s\u00faa combatividade no t\u00fanel de Guadarrama: \u201c\u00c9 rupturista en Twitter e adorable no Congreso\u201d - PP de Galicia\",\"isPartOf\":{\"@id\":\"https:\\\/\\\/ppdegalicia.com\\\/es\\\/#website\"},\"primaryImageOfPage\":{\"@id\":\"https:\\\/\\\/ppdegalicia.com\\\/es\\\/tellado-asegura-que-o-bng-perde-a-sua-combatividade-no-tunel-de-guadarrama-e-rupturista-en-twitter-e-adorable-no-congreso\\\/#primaryimage\"},\"image\":{\"@id\":\"https:\\\/\\\/ppdegalicia.com\\\/es\\\/tellado-asegura-que-o-bng-perde-a-sua-combatividade-no-tunel-de-guadarrama-e-rupturista-en-twitter-e-adorable-no-congreso\\\/#primaryimage\"},\"thumbnailUrl\":\"https:\\\/\\\/ppdegalicia.com\\\/wp-content\\\/uploads\\\/2021\\\/10\\\/560ecba164f0e63e86e531615031d4c5-scaled.jpg\",\"datePublished\":\"2021-10-01T09:25:49+00:00\",\"breadcrumb\":{\"@id\":\"https:\\\/\\\/ppdegalicia.com\\\/es\\\/tellado-asegura-que-o-bng-perde-a-sua-combatividade-no-tunel-de-guadarrama-e-rupturista-en-twitter-e-adorable-no-congreso\\\/#breadcrumb\"},\"inLanguage\":\"es\",\"potentialAction\":[{\"@type\":\"ReadAction\",\"target\":[\"https:\\\/\\\/ppdegalicia.com\\\/es\\\/tellado-asegura-que-o-bng-perde-a-sua-combatividade-no-tunel-de-guadarrama-e-rupturista-en-twitter-e-adorable-no-congreso\\\/\"]}]},{\"@type\":\"ImageObject\",\"inLanguage\":\"es\",\"@id\":\"https:\\\/\\\/ppdegalicia.com\\\/es\\\/tellado-asegura-que-o-bng-perde-a-sua-combatividade-no-tunel-de-guadarrama-e-rupturista-en-twitter-e-adorable-no-congreso\\\/#primaryimage\",\"url\":\"https:\\\/\\\/ppdegalicia.com\\\/wp-content\\\/uploads\\\/2021\\\/10\\\/560ecba164f0e63e86e531615031d4c5-scaled.jpg\",\"contentUrl\":\"https:\\\/\\\/ppdegalicia.com\\\/wp-content\\\/uploads\\\/2021\\\/10\\\/560ecba164f0e63e86e531615031d4c5-scaled.jpg\",\"width\":2560,\"height\":1748},{\"@type\":\"BreadcrumbList\",\"@id\":\"https:\\\/\\\/ppdegalicia.com\\\/es\\\/tellado-asegura-que-o-bng-perde-a-sua-combatividade-no-tunel-de-guadarrama-e-rupturista-en-twitter-e-adorable-no-congreso\\\/#breadcrumb\",\"itemListElement\":[{\"@type\":\"ListItem\",\"position\":1,\"name\":\"Portada\",\"item\":\"https:\\\/\\\/ppdegalicia.com\\\/es\\\/\"},{\"@type\":\"ListItem\",\"position\":2,\"name\":\"Tellado asegura que o BNG perde a s\u00faa combatividade no t\u00fanel de Guadarrama: \u201c\u00c9 rupturista en Twitter e adorable no Congreso\u201d\"}]},{\"@type\":\"WebSite\",\"@id\":\"https:\\\/\\\/ppdegalicia.com\\\/es\\\/#website\",\"url\":\"https:\\\/\\\/ppdegalicia.com\\\/es\\\/\",\"name\":\"Partido Popular de Galicia\",\"description\":\"Partido Popular de Galicia\",\"publisher\":{\"@id\":\"https:\\\/\\\/ppdegalicia.com\\\/es\\\/#organization\"},\"alternateName\":\"PP de Galicia\",\"potentialAction\":[{\"@type\":\"SearchAction\",\"target\":{\"@type\":\"EntryPoint\",\"urlTemplate\":\"https:\\\/\\\/ppdegalicia.com\\\/es\\\/?s={search_term_string}\"},\"query-input\":{\"@type\":\"PropertyValueSpecification\",\"valueRequired\":true,\"valueName\":\"search_term_string\"}}],\"inLanguage\":\"es\"},{\"@type\":\"Organization\",\"@id\":\"https:\\\/\\\/ppdegalicia.com\\\/es\\\/#organization\",\"name\":\"Partido Popular de Galicia\",\"alternateName\":\"PP de Galicia\",\"url\":\"https:\\\/\\\/ppdegalicia.com\\\/es\\\/\",\"logo\":{\"@type\":\"ImageObject\",\"inLanguage\":\"es\",\"@id\":\"https:\\\/\\\/ppdegalicia.com\\\/es\\\/#\\\/schema\\\/logo\\\/image\\\/\",\"url\":\"https:\\\/\\\/ppdegalicia.com\\\/wp-content\\\/uploads\\\/2023\\\/04\\\/logoPP512.png\",\"contentUrl\":\"https:\\\/\\\/ppdegalicia.com\\\/wp-content\\\/uploads\\\/2023\\\/04\\\/logoPP512.png\",\"width\":512,\"height\":512,\"caption\":\"Partido Popular de Galicia\"},\"image\":{\"@id\":\"https:\\\/\\\/ppdegalicia.com\\\/es\\\/#\\\/schema\\\/logo\\\/image\\\/\"},\"sameAs\":[\"https:\\\/\\\/www.instagram.com\\\/ppdegalicia\\\/\",\"https:\\\/\\\/x.com\\\/ppdegalicia\",\"https:\\\/\\\/www.tiktok.com\\\/@ppdegalicia\",\"https:\\\/\\\/www.youtube.com\\\/user\\\/ppdegalicia\"]},{\"@type\":\"Person\",\"@id\":\"https:\\\/\\\/ppdegalicia.com\\\/es\\\/#\\\/schema\\\/person\\\/5b822c6f59e872ebdd1142f307dbcb59\",\"name\":\"ppdegaliciaredes\",\"image\":{\"@type\":\"ImageObject\",\"inLanguage\":\"es\",\"@id\":\"https:\\\/\\\/secure.gravatar.com\\\/avatar\\\/3c9179cf0256d00c72a48d1f25783c58b6842cd56e85ef3a572881c8e28ccd59?s=96&d=mm&r=g\",\"url\":\"https:\\\/\\\/secure.gravatar.com\\\/avatar\\\/3c9179cf0256d00c72a48d1f25783c58b6842cd56e85ef3a572881c8e28ccd59?s=96&d=mm&r=g\",\"contentUrl\":\"https:\\\/\\\/secure.gravatar.com\\\/avatar\\\/3c9179cf0256d00c72a48d1f25783c58b6842cd56e85ef3a572881c8e28ccd59?s=96&d=mm&r=g\",\"caption\":\"ppdegaliciaredes\"},\"url\":\"https:\\\/\\\/ppdegalicia.com\\\/es\\\/author\\\/ppdegaliciaredes\\\/\"}]}<\/script>\n<!-- \/ Yoast SEO plugin. -->","yoast_head_json":{"title":"Tellado asegura que o BNG perde a s\u00faa combatividade no t\u00fanel de Guadarrama: \u201c\u00c9 rupturista en Twitter e adorable no Congreso\u201d - PP de Galicia","robots":{"index":"index","follow":"follow","max-snippet":"max-snippet:-1","max-image-preview":"max-image-preview:large","max-video-preview":"max-video-preview:-1"},"canonical":"https:\/\/ppdegalicia.com\/es\/tellado-asegura-que-o-bng-perde-a-sua-combatividade-no-tunel-de-guadarrama-e-rupturista-en-twitter-e-adorable-no-congreso\/","og_locale":"es_ES","og_type":"article","og_title":"Tellado asegura que o BNG perde a s\u00faa combatividade no t\u00fanel de Guadarrama: \u201c\u00c9 rupturista en Twitter e adorable no Congreso\u201d - PP de Galicia","og_description":"Indica que o Bloque d\u00e9belle obediencia a ese PSOE que lle firma as n\u00f3minas, ao que ten que servir en silencio pola conta \u201ccorrente\u201d que lle trae","og_url":"https:\/\/ppdegalicia.com\/es\/tellado-asegura-que-o-bng-perde-a-sua-combatividade-no-tunel-de-guadarrama-e-rupturista-en-twitter-e-adorable-no-congreso\/","og_site_name":"PP de Galicia","article_publisher":"https:\/\/www.instagram.com\/ppdegalicia\/","article_published_time":"2021-10-01T09:25:49+00:00","og_image":[{"width":2560,"height":1748,"url":"https:\/\/ppdegalicia.com\/wp-content\/uploads\/2021\/10\/560ecba164f0e63e86e531615031d4c5-scaled.jpg","type":"image\/jpeg"}],"author":"ppdegaliciaredes","twitter_card":"summary_large_image","twitter_creator":"@ppdegalicia","twitter_site":"@ppdegalicia","twitter_misc":{"Escrito por":"ppdegaliciaredes","Tiempo de lectura":"4 minutos"},"schema":{"@context":"https:\/\/schema.org","@graph":[{"@type":"Article","@id":"https:\/\/ppdegalicia.com\/es\/tellado-asegura-que-o-bng-perde-a-sua-combatividade-no-tunel-de-guadarrama-e-rupturista-en-twitter-e-adorable-no-congreso\/#article","isPartOf":{"@id":"https:\/\/ppdegalicia.com\/es\/tellado-asegura-que-o-bng-perde-a-sua-combatividade-no-tunel-de-guadarrama-e-rupturista-en-twitter-e-adorable-no-congreso\/"},"author":{"name":"ppdegaliciaredes","@id":"https:\/\/ppdegalicia.com\/es\/#\/schema\/person\/5b822c6f59e872ebdd1142f307dbcb59"},"headline":"Tellado asegura que o BNG perde a s\u00faa combatividade no t\u00fanel de Guadarrama: \u201c\u00c9 rupturista en Twitter e adorable no Congreso\u201d","datePublished":"2021-10-01T09:25:49+00:00","mainEntityOfPage":{"@id":"https:\/\/ppdegalicia.com\/es\/tellado-asegura-que-o-bng-perde-a-sua-combatividade-no-tunel-de-guadarrama-e-rupturista-en-twitter-e-adorable-no-congreso\/"},"wordCount":752,"commentCount":0,"publisher":{"@id":"https:\/\/ppdegalicia.com\/es\/#organization"},"image":{"@id":"https:\/\/ppdegalicia.com\/es\/tellado-asegura-que-o-bng-perde-a-sua-combatividade-no-tunel-de-guadarrama-e-rupturista-en-twitter-e-adorable-no-congreso\/#primaryimage"},"thumbnailUrl":"https:\/\/ppdegalicia.com\/wp-content\/uploads\/2021\/10\/560ecba164f0e63e86e531615031d4c5-scaled.jpg","articleSection":["PP de Galicia"],"inLanguage":"es","potentialAction":[{"@type":"CommentAction","name":"Comment","target":["https:\/\/ppdegalicia.com\/es\/tellado-asegura-que-o-bng-perde-a-sua-combatividade-no-tunel-de-guadarrama-e-rupturista-en-twitter-e-adorable-no-congreso\/#respond"]}]},{"@type":"WebPage","@id":"https:\/\/ppdegalicia.com\/es\/tellado-asegura-que-o-bng-perde-a-sua-combatividade-no-tunel-de-guadarrama-e-rupturista-en-twitter-e-adorable-no-congreso\/","url":"https:\/\/ppdegalicia.com\/es\/tellado-asegura-que-o-bng-perde-a-sua-combatividade-no-tunel-de-guadarrama-e-rupturista-en-twitter-e-adorable-no-congreso\/","name":"Tellado asegura que o BNG perde a s\u00faa combatividade no t\u00fanel de Guadarrama: \u201c\u00c9 rupturista en Twitter e adorable no Congreso\u201d - PP de Galicia","isPartOf":{"@id":"https:\/\/ppdegalicia.com\/es\/#website"},"primaryImageOfPage":{"@id":"https:\/\/ppdegalicia.com\/es\/tellado-asegura-que-o-bng-perde-a-sua-combatividade-no-tunel-de-guadarrama-e-rupturista-en-twitter-e-adorable-no-congreso\/#primaryimage"},"image":{"@id":"https:\/\/ppdegalicia.com\/es\/tellado-asegura-que-o-bng-perde-a-sua-combatividade-no-tunel-de-guadarrama-e-rupturista-en-twitter-e-adorable-no-congreso\/#primaryimage"},"thumbnailUrl":"https:\/\/ppdegalicia.com\/wp-content\/uploads\/2021\/10\/560ecba164f0e63e86e531615031d4c5-scaled.jpg","datePublished":"2021-10-01T09:25:49+00:00","breadcrumb":{"@id":"https:\/\/ppdegalicia.com\/es\/tellado-asegura-que-o-bng-perde-a-sua-combatividade-no-tunel-de-guadarrama-e-rupturista-en-twitter-e-adorable-no-congreso\/#breadcrumb"},"inLanguage":"es","potentialAction":[{"@type":"ReadAction","target":["https:\/\/ppdegalicia.com\/es\/tellado-asegura-que-o-bng-perde-a-sua-combatividade-no-tunel-de-guadarrama-e-rupturista-en-twitter-e-adorable-no-congreso\/"]}]},{"@type":"ImageObject","inLanguage":"es","@id":"https:\/\/ppdegalicia.com\/es\/tellado-asegura-que-o-bng-perde-a-sua-combatividade-no-tunel-de-guadarrama-e-rupturista-en-twitter-e-adorable-no-congreso\/#primaryimage","url":"https:\/\/ppdegalicia.com\/wp-content\/uploads\/2021\/10\/560ecba164f0e63e86e531615031d4c5-scaled.jpg","contentUrl":"https:\/\/ppdegalicia.com\/wp-content\/uploads\/2021\/10\/560ecba164f0e63e86e531615031d4c5-scaled.jpg","width":2560,"height":1748},{"@type":"BreadcrumbList","@id":"https:\/\/ppdegalicia.com\/es\/tellado-asegura-que-o-bng-perde-a-sua-combatividade-no-tunel-de-guadarrama-e-rupturista-en-twitter-e-adorable-no-congreso\/#breadcrumb","itemListElement":[{"@type":"ListItem","position":1,"name":"Portada","item":"https:\/\/ppdegalicia.com\/es\/"},{"@type":"ListItem","position":2,"name":"Tellado asegura que o BNG perde a s\u00faa combatividade no t\u00fanel de Guadarrama: \u201c\u00c9 rupturista en Twitter e adorable no Congreso\u201d"}]},{"@type":"WebSite","@id":"https:\/\/ppdegalicia.com\/es\/#website","url":"https:\/\/ppdegalicia.com\/es\/","name":"Partido Popular de Galicia","description":"Partido Popular de Galicia","publisher":{"@id":"https:\/\/ppdegalicia.com\/es\/#organization"},"alternateName":"PP de Galicia","potentialAction":[{"@type":"SearchAction","target":{"@type":"EntryPoint","urlTemplate":"https:\/\/ppdegalicia.com\/es\/?s={search_term_string}"},"query-input":{"@type":"PropertyValueSpecification","valueRequired":true,"valueName":"search_term_string"}}],"inLanguage":"es"},{"@type":"Organization","@id":"https:\/\/ppdegalicia.com\/es\/#organization","name":"Partido Popular de Galicia","alternateName":"PP de Galicia","url":"https:\/\/ppdegalicia.com\/es\/","logo":{"@type":"ImageObject","inLanguage":"es","@id":"https:\/\/ppdegalicia.com\/es\/#\/schema\/logo\/image\/","url":"https:\/\/ppdegalicia.com\/wp-content\/uploads\/2023\/04\/logoPP512.png","contentUrl":"https:\/\/ppdegalicia.com\/wp-content\/uploads\/2023\/04\/logoPP512.png","width":512,"height":512,"caption":"Partido Popular de Galicia"},"image":{"@id":"https:\/\/ppdegalicia.com\/es\/#\/schema\/logo\/image\/"},"sameAs":["https:\/\/www.instagram.com\/ppdegalicia\/","https:\/\/x.com\/ppdegalicia","https:\/\/www.tiktok.com\/@ppdegalicia","https:\/\/www.youtube.com\/user\/ppdegalicia"]},{"@type":"Person","@id":"https:\/\/ppdegalicia.com\/es\/#\/schema\/person\/5b822c6f59e872ebdd1142f307dbcb59","name":"ppdegaliciaredes","image":{"@type":"ImageObject","inLanguage":"es","@id":"https:\/\/secure.gravatar.com\/avatar\/3c9179cf0256d00c72a48d1f25783c58b6842cd56e85ef3a572881c8e28ccd59?s=96&d=mm&r=g","url":"https:\/\/secure.gravatar.com\/avatar\/3c9179cf0256d00c72a48d1f25783c58b6842cd56e85ef3a572881c8e28ccd59?s=96&d=mm&r=g","contentUrl":"https:\/\/secure.gravatar.com\/avatar\/3c9179cf0256d00c72a48d1f25783c58b6842cd56e85ef3a572881c8e28ccd59?s=96&d=mm&r=g","caption":"ppdegaliciaredes"},"url":"https:\/\/ppdegalicia.com\/es\/author\/ppdegaliciaredes\/"}]}},"_links":{"self":[{"href":"https:\/\/ppdegalicia.com\/es\/wp-json\/wp\/v2\/posts\/56246","targetHints":{"allow":["GET"]}}],"collection":[{"href":"https:\/\/ppdegalicia.com\/es\/wp-json\/wp\/v2\/posts"}],"about":[{"href":"https:\/\/ppdegalicia.com\/es\/wp-json\/wp\/v2\/types\/post"}],"author":[{"embeddable":true,"href":"https:\/\/ppdegalicia.com\/es\/wp-json\/wp\/v2\/users\/38"}],"replies":[{"embeddable":true,"href":"https:\/\/ppdegalicia.com\/es\/wp-json\/wp\/v2\/comments?post=56246"}],"version-history":[{"count":0,"href":"https:\/\/ppdegalicia.com\/es\/wp-json\/wp\/v2\/posts\/56246\/revisions"}],"wp:featuredmedia":[{"embeddable":true,"href":"https:\/\/ppdegalicia.com\/es\/wp-json\/wp\/v2\/media\/56245"}],"wp:attachment":[{"href":"https:\/\/ppdegalicia.com\/es\/wp-json\/wp\/v2\/media?parent=56246"}],"wp:term":[{"taxonomy":"category","embeddable":true,"href":"https:\/\/ppdegalicia.com\/es\/wp-json\/wp\/v2\/categories?post=56246"},{"taxonomy":"post_tag","embeddable":true,"href":"https:\/\/ppdegalicia.com\/es\/wp-json\/wp\/v2\/tags?post=56246"}],"curies":[{"name":"wp","href":"https:\/\/api.w.org\/{rel}","templated":true}]}}