{"id":56258,"date":"2021-10-04T17:26:32","date_gmt":"2021-10-04T15:26:32","guid":{"rendered":"https:\/\/ppdegalicia.com\/tellado-apostar-polo-emprego-do-futuro-e-manter-o-apoio-aos-sectores-afectados-e-clave-para-a-reactivacion-economica\/"},"modified":"2021-10-04T17:26:32","modified_gmt":"2021-10-04T15:26:32","slug":"tellado-apostar-polo-emprego-do-futuro-e-manter-o-apoio-aos-sectores-afectados-e-clave-para-a-reactivacion-economica","status":"publish","type":"post","link":"https:\/\/ppdegalicia.com\/es\/tellado-apostar-polo-emprego-do-futuro-e-manter-o-apoio-aos-sectores-afectados-e-clave-para-a-reactivacion-economica\/","title":{"rendered":"Tellado: \u201cApostar polo emprego do futuro e manter o apoio aos sectores afectados \u00e9 clave para a reactivaci\u00f3n econ\u00f3mica\u201d"},"content":{"rendered":"<p><img fetchpriority=\"high\" decoding=\"async\" class=\" size-full wp-image-56257\" src=\"https:\/\/ppdegalicia.com\/wp-content\/uploads\/2021\/10\/097a1395fdc1f53771f2f0d5a9ffbf74.jpg\" alt=\"\" width=\"962\" height=\"645\" srcset=\"https:\/\/ppdegalicia.com\/wp-content\/uploads\/2021\/10\/097a1395fdc1f53771f2f0d5a9ffbf74.jpg 962w, https:\/\/ppdegalicia.com\/wp-content\/uploads\/2021\/10\/097a1395fdc1f53771f2f0d5a9ffbf74-300x201.jpg 300w, https:\/\/ppdegalicia.com\/wp-content\/uploads\/2021\/10\/097a1395fdc1f53771f2f0d5a9ffbf74-768x515.jpg 768w\" sizes=\"(max-width: 962px) 100vw, 962px\" \/><\/p>\n<p style=\"text-align: justify;\">Destaca que, nos \u00faltimos nove meses, o desemprego baixa en Galicia nun 19,27%, cunha vantaxe de case tres puntos con respecto ao Estado<\/p>\n<p><!--more--><\/p>\n<p style=\"text-align: justify;\">O secretario xeral do PPdeG, Miguel Tellado, puxo en valor que Galicia est\u00e1 no cami\u00f1o da recuperaci\u00f3n e da reactivaci\u00f3n econ\u00f3mica con menos paro que en setembro de 2019. Para seguir nesta senda, manifestou que \u00e9 preciso continuar apoiando aos sectores econ\u00f3micos m\u00e1is afectados pola covid-19 e, ao mesmo tempo, avaliar as novas oportunidades laborais para adiantarnos \u00e1s necesidades formativas cara aos empregos do futuro.<\/p>\n<p style=\"text-align: justify;\">\u00a0<\/p>\n<p style=\"text-align: justify;\">Segundo sinalou, os datos de desemprego de setembro indican que a Comunidade \u00a0segue a resistir os efectos provocados polo coronavirus con menos parados que antes da pandemia. De feito, o paro baixa na evoluci\u00f3n anual, acumulando seis meses consecutivos de ca\u00edda, o que indica a recuperaci\u00f3n do mercado de traballo, e o descenso do 13,32% \u00e9 o maior da serie hist\u00f3rica.<\/p>\n<p style=\"text-align: justify;\">\u00a0<\/p>\n<p style=\"text-align: justify;\">Igualmente, o desemprego descende nas catro provincias galegas e nas sete grandes cidades, en todos os sectores econ\u00f3micos, nas mulleres, nos maiores de 45, nos menores de 30 e nos parados de longa duraci\u00f3n, ademais de aumentar as afiliaci\u00f3ns e a contrataci\u00f3n indefinida e a tempo completo. As\u00ed mesmo, remarcou que, nos \u00faltimos nove meses, o desemprego baixa en Galicia nun 19,27%, cunha vantaxe de case tres puntos con respecto ao Estado (16,21%).<\/p>\n<p style=\"text-align: justify;\">\u00a0<\/p>\n<p style=\"text-align: justify;\">Por outra parte, en setembro produciuse un descenso con respecto a agosto de 968 persoas protexidas por Erte, o que sup\u00f3n unha ca\u00edda do 8,95%. Deste modo, a evoluci\u00f3n durante os meses que est\u00e1 a durar a pandemia resulta favorable, xa que neste per\u00edodo sa\u00edron dun Erte un total de 155.196 traballadores, o que sup\u00f3n o 94,04%, mentres a proporci\u00f3n de sa\u00eddas no Estado \u00e9 do 92,94%.<\/p>\n<p style=\"text-align: justify;\">\u00a0<\/p>\n<p style=\"text-align: justify;\"><strong><u>APOSTAR POLO FUTURO SEN DEIXAR A NINGU\u00c9N ATR\u00c1S<\/u><\/strong><\/p>\n<p style=\"text-align: justify;\">O n\u00famero dous dos populares galegos fixo fincap\u00e9 na importancia de facilitar ao noso tecido produtivo unha transformaci\u00f3n dixital, pois o escenario de cambio que se est\u00e1 a vivir -e que a pandemia acelerou- require que as organizaci\u00f3ns se adapten \u00e1s novas tecnolox\u00edas para manter a competitividade no mercado e xerar un valor de diferenciaci\u00f3n moi relevante.\u00a0<\/p>\n<p style=\"text-align: justify;\">\u00a0<\/p>\n<p style=\"text-align: justify;\">Segundo destacou, o Goberno galego traballa para identificar o antes posible os empregos de futuro neste momento de oportunidades para o que \u00e9 necesario orientar a formaci\u00f3n cara \u00e1 demanda do mercado laboral e, por iso, Galicia contar\u00e1 cunha Axenda Galega de Capacidades que permitir\u00e1 cruzar as necesidades do mercado laboral coa formaci\u00f3n.<\/p>\n<p style=\"text-align: justify;\">\u00a0<\/p>\n<p style=\"text-align: justify;\">\u201cAtender \u00e1s necesidades reais do mercado de traballo e facilitar o acceso das persoas sen emprego ao mundo laboral son obxectivos principais para a Xunta\u201d, apuntou Tellado explicando que a oferta formativa do Goberno galego est\u00e1 acorde coa demanda do tecido produtivo. Nese senso, engadiu que Galicia est\u00e1 a investir 53,7 mill\u00f3ns de euros ata 2022 para formar a 37.100 persoas desempregadas e ocupadas a trav\u00e9s de 2.200 cursos dirixidos a cubrir a demanda do mercado de traballo.<\/p>\n<p style=\"text-align: justify;\">\u00a0<\/p>\n<p style=\"text-align: justify;\">\u201cMirar cara o futuro tam\u00e9n significa non deixar a ningu\u00e9n atr\u00e1s\u201d, subli\u00f1ou aclarando que os populares contin\u00faan comprometidos cos que peor o est\u00e1n pasando e mante\u00f1en o seu apoio aos sectores econ\u00f3micos m\u00e1is afectados pola crise do coronavirus. Sobre isto, recalcou que a Xunta lanzar\u00e1, a mediados de outubro, unha nova convocatoria do Plan de rescate co obxectivo de chegar a m\u00e1is persoas beneficiarias: \u201cPor moito que o Goberno de S\u00e1nchez insista nos seus restritivos requisitos para acceder \u00e1s axudas do terceiro Plan, n\u00f3s queremos esgotar os cartos para que o di\u00f1eiro se quede na nosa Comunidade\u201d.<\/p>\n<p style=\"text-align: justify;\">\u00a0<\/p>\n<p style=\"text-align: justify;\"><strong><u>REPARTO XUSTO DOS NEXT GENERATION <\/u><\/strong><\/p>\n<p style=\"text-align: justify;\">O secretario xeral referiuse tam\u00e9n \u00e1 oportunidade que supo\u00f1en os Fondos Next Generation para transformar a nosa econom\u00eda, lembrando que a nosa Comunidade puxo todos os medios para aproveitala presentando unha candidatura s\u00f3lida e traballando en proxectos tractores e transformadores.<\/p>\n<p style=\"text-align: justify;\">\u00a0<\/p>\n<p style=\"text-align: justify;\">Por todo isto, insistiu en demandar ao Goberno central un reparto claro e xusto destes fondos, baseado na calidade das candidaturas e non nas cores pol\u00edticas: \u201cGalicia non pode perder esta ocasi\u00f3n por erros na xesti\u00f3n, pola indefinici\u00f3n nos criterios de repartici\u00f3n nin porque se pense antes en consolidar aritm\u00e9ticas parlamentarias que en modernizar o noso tecido produtivo\u201d.<\/p>\n","protected":false},"excerpt":{"rendered":"<p>Destaca que, nos \u00faltimos nove meses, o desemprego baixa en Galicia nun 19,27%, cunha vantaxe de case tres puntos con respecto ao Estado<\/p>\n","protected":false},"author":38,"featured_media":56257,"comment_status":"open","ping_status":"open","sticky":false,"template":"","format":"standard","meta":{"_acf_changed":false,"footnotes":""},"categories":[1],"tags":[],"class_list":["post-56258","post","type-post","status-publish","format-standard","has-post-thumbnail","hentry","category-pp-de-galicia"],"acf":[],"yoast_head":"<!-- This site is optimized with the Yoast SEO plugin v27.3 - https:\/\/yoast.com\/product\/yoast-seo-wordpress\/ -->\n<title>Tellado: \u201cApostar polo emprego do futuro e manter o apoio aos sectores afectados \u00e9 clave para a reactivaci\u00f3n econ\u00f3mica\u201d - PP de Galicia<\/title>\n<meta name=\"robots\" content=\"index, follow, max-snippet:-1, max-image-preview:large, max-video-preview:-1\" \/>\n<link rel=\"canonical\" href=\"https:\/\/ppdegalicia.com\/es\/tellado-apostar-polo-emprego-do-futuro-e-manter-o-apoio-aos-sectores-afectados-e-clave-para-a-reactivacion-economica\/\" \/>\n<meta property=\"og:locale\" content=\"es_ES\" \/>\n<meta property=\"og:type\" content=\"article\" \/>\n<meta property=\"og:title\" content=\"Tellado: \u201cApostar polo emprego do futuro e manter o apoio aos sectores afectados \u00e9 clave para a reactivaci\u00f3n econ\u00f3mica\u201d - PP de Galicia\" \/>\n<meta property=\"og:description\" content=\"Destaca que, nos \u00faltimos nove meses, o desemprego baixa en Galicia nun 19,27%, cunha vantaxe de case tres puntos con respecto ao Estado\" \/>\n<meta property=\"og:url\" content=\"https:\/\/ppdegalicia.com\/es\/tellado-apostar-polo-emprego-do-futuro-e-manter-o-apoio-aos-sectores-afectados-e-clave-para-a-reactivacion-economica\/\" \/>\n<meta property=\"og:site_name\" content=\"PP de Galicia\" \/>\n<meta property=\"article:publisher\" content=\"https:\/\/www.instagram.com\/ppdegalicia\/\" \/>\n<meta property=\"article:published_time\" content=\"2021-10-04T15:26:32+00:00\" \/>\n<meta property=\"og:image\" content=\"https:\/\/ppdegalicia.com\/wp-content\/uploads\/2021\/10\/097a1395fdc1f53771f2f0d5a9ffbf74.jpg\" \/>\n\t<meta property=\"og:image:width\" content=\"962\" \/>\n\t<meta property=\"og:image:height\" content=\"645\" \/>\n\t<meta property=\"og:image:type\" content=\"image\/jpeg\" \/>\n<meta name=\"author\" content=\"ppdegaliciaredes\" \/>\n<meta name=\"twitter:card\" content=\"summary_large_image\" \/>\n<meta name=\"twitter:creator\" content=\"@ppdegalicia\" \/>\n<meta name=\"twitter:site\" content=\"@ppdegalicia\" \/>\n<meta name=\"twitter:label1\" content=\"Escrito por\" \/>\n\t<meta name=\"twitter:data1\" content=\"ppdegaliciaredes\" \/>\n\t<meta name=\"twitter:label2\" content=\"Tiempo de lectura\" \/>\n\t<meta name=\"twitter:data2\" content=\"4 minutos\" \/>\n<script type=\"application\/ld+json\" class=\"yoast-schema-graph\">{\"@context\":\"https:\\\/\\\/schema.org\",\"@graph\":[{\"@type\":\"Article\",\"@id\":\"https:\\\/\\\/ppdegalicia.com\\\/es\\\/tellado-apostar-polo-emprego-do-futuro-e-manter-o-apoio-aos-sectores-afectados-e-clave-para-a-reactivacion-economica\\\/#article\",\"isPartOf\":{\"@id\":\"https:\\\/\\\/ppdegalicia.com\\\/es\\\/tellado-apostar-polo-emprego-do-futuro-e-manter-o-apoio-aos-sectores-afectados-e-clave-para-a-reactivacion-economica\\\/\"},\"author\":{\"name\":\"ppdegaliciaredes\",\"@id\":\"https:\\\/\\\/ppdegalicia.com\\\/es\\\/#\\\/schema\\\/person\\\/5b822c6f59e872ebdd1142f307dbcb59\"},\"headline\":\"Tellado: \u201cApostar polo emprego do futuro e manter o apoio aos sectores afectados \u00e9 clave para a reactivaci\u00f3n econ\u00f3mica\u201d\",\"datePublished\":\"2021-10-04T15:26:32+00:00\",\"mainEntityOfPage\":{\"@id\":\"https:\\\/\\\/ppdegalicia.com\\\/es\\\/tellado-apostar-polo-emprego-do-futuro-e-manter-o-apoio-aos-sectores-afectados-e-clave-para-a-reactivacion-economica\\\/\"},\"wordCount\":739,\"commentCount\":0,\"publisher\":{\"@id\":\"https:\\\/\\\/ppdegalicia.com\\\/es\\\/#organization\"},\"image\":{\"@id\":\"https:\\\/\\\/ppdegalicia.com\\\/es\\\/tellado-apostar-polo-emprego-do-futuro-e-manter-o-apoio-aos-sectores-afectados-e-clave-para-a-reactivacion-economica\\\/#primaryimage\"},\"thumbnailUrl\":\"https:\\\/\\\/ppdegalicia.com\\\/wp-content\\\/uploads\\\/2021\\\/10\\\/097a1395fdc1f53771f2f0d5a9ffbf74.jpg\",\"articleSection\":[\"PP de Galicia\"],\"inLanguage\":\"es\",\"potentialAction\":[{\"@type\":\"CommentAction\",\"name\":\"Comment\",\"target\":[\"https:\\\/\\\/ppdegalicia.com\\\/es\\\/tellado-apostar-polo-emprego-do-futuro-e-manter-o-apoio-aos-sectores-afectados-e-clave-para-a-reactivacion-economica\\\/#respond\"]}]},{\"@type\":\"WebPage\",\"@id\":\"https:\\\/\\\/ppdegalicia.com\\\/es\\\/tellado-apostar-polo-emprego-do-futuro-e-manter-o-apoio-aos-sectores-afectados-e-clave-para-a-reactivacion-economica\\\/\",\"url\":\"https:\\\/\\\/ppdegalicia.com\\\/es\\\/tellado-apostar-polo-emprego-do-futuro-e-manter-o-apoio-aos-sectores-afectados-e-clave-para-a-reactivacion-economica\\\/\",\"name\":\"Tellado: \u201cApostar polo emprego do futuro e manter o apoio aos sectores afectados \u00e9 clave para a reactivaci\u00f3n econ\u00f3mica\u201d - PP de Galicia\",\"isPartOf\":{\"@id\":\"https:\\\/\\\/ppdegalicia.com\\\/es\\\/#website\"},\"primaryImageOfPage\":{\"@id\":\"https:\\\/\\\/ppdegalicia.com\\\/es\\\/tellado-apostar-polo-emprego-do-futuro-e-manter-o-apoio-aos-sectores-afectados-e-clave-para-a-reactivacion-economica\\\/#primaryimage\"},\"image\":{\"@id\":\"https:\\\/\\\/ppdegalicia.com\\\/es\\\/tellado-apostar-polo-emprego-do-futuro-e-manter-o-apoio-aos-sectores-afectados-e-clave-para-a-reactivacion-economica\\\/#primaryimage\"},\"thumbnailUrl\":\"https:\\\/\\\/ppdegalicia.com\\\/wp-content\\\/uploads\\\/2021\\\/10\\\/097a1395fdc1f53771f2f0d5a9ffbf74.jpg\",\"datePublished\":\"2021-10-04T15:26:32+00:00\",\"breadcrumb\":{\"@id\":\"https:\\\/\\\/ppdegalicia.com\\\/es\\\/tellado-apostar-polo-emprego-do-futuro-e-manter-o-apoio-aos-sectores-afectados-e-clave-para-a-reactivacion-economica\\\/#breadcrumb\"},\"inLanguage\":\"es\",\"potentialAction\":[{\"@type\":\"ReadAction\",\"target\":[\"https:\\\/\\\/ppdegalicia.com\\\/es\\\/tellado-apostar-polo-emprego-do-futuro-e-manter-o-apoio-aos-sectores-afectados-e-clave-para-a-reactivacion-economica\\\/\"]}]},{\"@type\":\"ImageObject\",\"inLanguage\":\"es\",\"@id\":\"https:\\\/\\\/ppdegalicia.com\\\/es\\\/tellado-apostar-polo-emprego-do-futuro-e-manter-o-apoio-aos-sectores-afectados-e-clave-para-a-reactivacion-economica\\\/#primaryimage\",\"url\":\"https:\\\/\\\/ppdegalicia.com\\\/wp-content\\\/uploads\\\/2021\\\/10\\\/097a1395fdc1f53771f2f0d5a9ffbf74.jpg\",\"contentUrl\":\"https:\\\/\\\/ppdegalicia.com\\\/wp-content\\\/uploads\\\/2021\\\/10\\\/097a1395fdc1f53771f2f0d5a9ffbf74.jpg\",\"width\":962,\"height\":645},{\"@type\":\"BreadcrumbList\",\"@id\":\"https:\\\/\\\/ppdegalicia.com\\\/es\\\/tellado-apostar-polo-emprego-do-futuro-e-manter-o-apoio-aos-sectores-afectados-e-clave-para-a-reactivacion-economica\\\/#breadcrumb\",\"itemListElement\":[{\"@type\":\"ListItem\",\"position\":1,\"name\":\"Portada\",\"item\":\"https:\\\/\\\/ppdegalicia.com\\\/es\\\/\"},{\"@type\":\"ListItem\",\"position\":2,\"name\":\"Tellado: \u201cApostar polo emprego do futuro e manter o apoio aos sectores afectados \u00e9 clave para a reactivaci\u00f3n econ\u00f3mica\u201d\"}]},{\"@type\":\"WebSite\",\"@id\":\"https:\\\/\\\/ppdegalicia.com\\\/es\\\/#website\",\"url\":\"https:\\\/\\\/ppdegalicia.com\\\/es\\\/\",\"name\":\"Partido Popular de Galicia\",\"description\":\"Partido Popular de Galicia\",\"publisher\":{\"@id\":\"https:\\\/\\\/ppdegalicia.com\\\/es\\\/#organization\"},\"alternateName\":\"PP de Galicia\",\"potentialAction\":[{\"@type\":\"SearchAction\",\"target\":{\"@type\":\"EntryPoint\",\"urlTemplate\":\"https:\\\/\\\/ppdegalicia.com\\\/es\\\/?s={search_term_string}\"},\"query-input\":{\"@type\":\"PropertyValueSpecification\",\"valueRequired\":true,\"valueName\":\"search_term_string\"}}],\"inLanguage\":\"es\"},{\"@type\":\"Organization\",\"@id\":\"https:\\\/\\\/ppdegalicia.com\\\/es\\\/#organization\",\"name\":\"Partido Popular de Galicia\",\"alternateName\":\"PP de Galicia\",\"url\":\"https:\\\/\\\/ppdegalicia.com\\\/es\\\/\",\"logo\":{\"@type\":\"ImageObject\",\"inLanguage\":\"es\",\"@id\":\"https:\\\/\\\/ppdegalicia.com\\\/es\\\/#\\\/schema\\\/logo\\\/image\\\/\",\"url\":\"https:\\\/\\\/ppdegalicia.com\\\/wp-content\\\/uploads\\\/2023\\\/04\\\/logoPP512.png\",\"contentUrl\":\"https:\\\/\\\/ppdegalicia.com\\\/wp-content\\\/uploads\\\/2023\\\/04\\\/logoPP512.png\",\"width\":512,\"height\":512,\"caption\":\"Partido Popular de Galicia\"},\"image\":{\"@id\":\"https:\\\/\\\/ppdegalicia.com\\\/es\\\/#\\\/schema\\\/logo\\\/image\\\/\"},\"sameAs\":[\"https:\\\/\\\/www.instagram.com\\\/ppdegalicia\\\/\",\"https:\\\/\\\/x.com\\\/ppdegalicia\",\"https:\\\/\\\/www.tiktok.com\\\/@ppdegalicia\",\"https:\\\/\\\/www.youtube.com\\\/user\\\/ppdegalicia\"]},{\"@type\":\"Person\",\"@id\":\"https:\\\/\\\/ppdegalicia.com\\\/es\\\/#\\\/schema\\\/person\\\/5b822c6f59e872ebdd1142f307dbcb59\",\"name\":\"ppdegaliciaredes\",\"image\":{\"@type\":\"ImageObject\",\"inLanguage\":\"es\",\"@id\":\"https:\\\/\\\/secure.gravatar.com\\\/avatar\\\/3c9179cf0256d00c72a48d1f25783c58b6842cd56e85ef3a572881c8e28ccd59?s=96&d=mm&r=g\",\"url\":\"https:\\\/\\\/secure.gravatar.com\\\/avatar\\\/3c9179cf0256d00c72a48d1f25783c58b6842cd56e85ef3a572881c8e28ccd59?s=96&d=mm&r=g\",\"contentUrl\":\"https:\\\/\\\/secure.gravatar.com\\\/avatar\\\/3c9179cf0256d00c72a48d1f25783c58b6842cd56e85ef3a572881c8e28ccd59?s=96&d=mm&r=g\",\"caption\":\"ppdegaliciaredes\"},\"url\":\"https:\\\/\\\/ppdegalicia.com\\\/es\\\/author\\\/ppdegaliciaredes\\\/\"}]}<\/script>\n<!-- \/ Yoast SEO plugin. -->","yoast_head_json":{"title":"Tellado: \u201cApostar polo emprego do futuro e manter o apoio aos sectores afectados \u00e9 clave para a reactivaci\u00f3n econ\u00f3mica\u201d - PP de Galicia","robots":{"index":"index","follow":"follow","max-snippet":"max-snippet:-1","max-image-preview":"max-image-preview:large","max-video-preview":"max-video-preview:-1"},"canonical":"https:\/\/ppdegalicia.com\/es\/tellado-apostar-polo-emprego-do-futuro-e-manter-o-apoio-aos-sectores-afectados-e-clave-para-a-reactivacion-economica\/","og_locale":"es_ES","og_type":"article","og_title":"Tellado: \u201cApostar polo emprego do futuro e manter o apoio aos sectores afectados \u00e9 clave para a reactivaci\u00f3n econ\u00f3mica\u201d - PP de Galicia","og_description":"Destaca que, nos \u00faltimos nove meses, o desemprego baixa en Galicia nun 19,27%, cunha vantaxe de case tres puntos con respecto ao Estado","og_url":"https:\/\/ppdegalicia.com\/es\/tellado-apostar-polo-emprego-do-futuro-e-manter-o-apoio-aos-sectores-afectados-e-clave-para-a-reactivacion-economica\/","og_site_name":"PP de Galicia","article_publisher":"https:\/\/www.instagram.com\/ppdegalicia\/","article_published_time":"2021-10-04T15:26:32+00:00","og_image":[{"width":962,"height":645,"url":"https:\/\/ppdegalicia.com\/wp-content\/uploads\/2021\/10\/097a1395fdc1f53771f2f0d5a9ffbf74.jpg","type":"image\/jpeg"}],"author":"ppdegaliciaredes","twitter_card":"summary_large_image","twitter_creator":"@ppdegalicia","twitter_site":"@ppdegalicia","twitter_misc":{"Escrito por":"ppdegaliciaredes","Tiempo de lectura":"4 minutos"},"schema":{"@context":"https:\/\/schema.org","@graph":[{"@type":"Article","@id":"https:\/\/ppdegalicia.com\/es\/tellado-apostar-polo-emprego-do-futuro-e-manter-o-apoio-aos-sectores-afectados-e-clave-para-a-reactivacion-economica\/#article","isPartOf":{"@id":"https:\/\/ppdegalicia.com\/es\/tellado-apostar-polo-emprego-do-futuro-e-manter-o-apoio-aos-sectores-afectados-e-clave-para-a-reactivacion-economica\/"},"author":{"name":"ppdegaliciaredes","@id":"https:\/\/ppdegalicia.com\/es\/#\/schema\/person\/5b822c6f59e872ebdd1142f307dbcb59"},"headline":"Tellado: \u201cApostar polo emprego do futuro e manter o apoio aos sectores afectados \u00e9 clave para a reactivaci\u00f3n econ\u00f3mica\u201d","datePublished":"2021-10-04T15:26:32+00:00","mainEntityOfPage":{"@id":"https:\/\/ppdegalicia.com\/es\/tellado-apostar-polo-emprego-do-futuro-e-manter-o-apoio-aos-sectores-afectados-e-clave-para-a-reactivacion-economica\/"},"wordCount":739,"commentCount":0,"publisher":{"@id":"https:\/\/ppdegalicia.com\/es\/#organization"},"image":{"@id":"https:\/\/ppdegalicia.com\/es\/tellado-apostar-polo-emprego-do-futuro-e-manter-o-apoio-aos-sectores-afectados-e-clave-para-a-reactivacion-economica\/#primaryimage"},"thumbnailUrl":"https:\/\/ppdegalicia.com\/wp-content\/uploads\/2021\/10\/097a1395fdc1f53771f2f0d5a9ffbf74.jpg","articleSection":["PP de Galicia"],"inLanguage":"es","potentialAction":[{"@type":"CommentAction","name":"Comment","target":["https:\/\/ppdegalicia.com\/es\/tellado-apostar-polo-emprego-do-futuro-e-manter-o-apoio-aos-sectores-afectados-e-clave-para-a-reactivacion-economica\/#respond"]}]},{"@type":"WebPage","@id":"https:\/\/ppdegalicia.com\/es\/tellado-apostar-polo-emprego-do-futuro-e-manter-o-apoio-aos-sectores-afectados-e-clave-para-a-reactivacion-economica\/","url":"https:\/\/ppdegalicia.com\/es\/tellado-apostar-polo-emprego-do-futuro-e-manter-o-apoio-aos-sectores-afectados-e-clave-para-a-reactivacion-economica\/","name":"Tellado: \u201cApostar polo emprego do futuro e manter o apoio aos sectores afectados \u00e9 clave para a reactivaci\u00f3n econ\u00f3mica\u201d - PP de Galicia","isPartOf":{"@id":"https:\/\/ppdegalicia.com\/es\/#website"},"primaryImageOfPage":{"@id":"https:\/\/ppdegalicia.com\/es\/tellado-apostar-polo-emprego-do-futuro-e-manter-o-apoio-aos-sectores-afectados-e-clave-para-a-reactivacion-economica\/#primaryimage"},"image":{"@id":"https:\/\/ppdegalicia.com\/es\/tellado-apostar-polo-emprego-do-futuro-e-manter-o-apoio-aos-sectores-afectados-e-clave-para-a-reactivacion-economica\/#primaryimage"},"thumbnailUrl":"https:\/\/ppdegalicia.com\/wp-content\/uploads\/2021\/10\/097a1395fdc1f53771f2f0d5a9ffbf74.jpg","datePublished":"2021-10-04T15:26:32+00:00","breadcrumb":{"@id":"https:\/\/ppdegalicia.com\/es\/tellado-apostar-polo-emprego-do-futuro-e-manter-o-apoio-aos-sectores-afectados-e-clave-para-a-reactivacion-economica\/#breadcrumb"},"inLanguage":"es","potentialAction":[{"@type":"ReadAction","target":["https:\/\/ppdegalicia.com\/es\/tellado-apostar-polo-emprego-do-futuro-e-manter-o-apoio-aos-sectores-afectados-e-clave-para-a-reactivacion-economica\/"]}]},{"@type":"ImageObject","inLanguage":"es","@id":"https:\/\/ppdegalicia.com\/es\/tellado-apostar-polo-emprego-do-futuro-e-manter-o-apoio-aos-sectores-afectados-e-clave-para-a-reactivacion-economica\/#primaryimage","url":"https:\/\/ppdegalicia.com\/wp-content\/uploads\/2021\/10\/097a1395fdc1f53771f2f0d5a9ffbf74.jpg","contentUrl":"https:\/\/ppdegalicia.com\/wp-content\/uploads\/2021\/10\/097a1395fdc1f53771f2f0d5a9ffbf74.jpg","width":962,"height":645},{"@type":"BreadcrumbList","@id":"https:\/\/ppdegalicia.com\/es\/tellado-apostar-polo-emprego-do-futuro-e-manter-o-apoio-aos-sectores-afectados-e-clave-para-a-reactivacion-economica\/#breadcrumb","itemListElement":[{"@type":"ListItem","position":1,"name":"Portada","item":"https:\/\/ppdegalicia.com\/es\/"},{"@type":"ListItem","position":2,"name":"Tellado: \u201cApostar polo emprego do futuro e manter o apoio aos sectores afectados \u00e9 clave para a reactivaci\u00f3n econ\u00f3mica\u201d"}]},{"@type":"WebSite","@id":"https:\/\/ppdegalicia.com\/es\/#website","url":"https:\/\/ppdegalicia.com\/es\/","name":"Partido Popular de Galicia","description":"Partido Popular de Galicia","publisher":{"@id":"https:\/\/ppdegalicia.com\/es\/#organization"},"alternateName":"PP de Galicia","potentialAction":[{"@type":"SearchAction","target":{"@type":"EntryPoint","urlTemplate":"https:\/\/ppdegalicia.com\/es\/?s={search_term_string}"},"query-input":{"@type":"PropertyValueSpecification","valueRequired":true,"valueName":"search_term_string"}}],"inLanguage":"es"},{"@type":"Organization","@id":"https:\/\/ppdegalicia.com\/es\/#organization","name":"Partido Popular de Galicia","alternateName":"PP de Galicia","url":"https:\/\/ppdegalicia.com\/es\/","logo":{"@type":"ImageObject","inLanguage":"es","@id":"https:\/\/ppdegalicia.com\/es\/#\/schema\/logo\/image\/","url":"https:\/\/ppdegalicia.com\/wp-content\/uploads\/2023\/04\/logoPP512.png","contentUrl":"https:\/\/ppdegalicia.com\/wp-content\/uploads\/2023\/04\/logoPP512.png","width":512,"height":512,"caption":"Partido Popular de Galicia"},"image":{"@id":"https:\/\/ppdegalicia.com\/es\/#\/schema\/logo\/image\/"},"sameAs":["https:\/\/www.instagram.com\/ppdegalicia\/","https:\/\/x.com\/ppdegalicia","https:\/\/www.tiktok.com\/@ppdegalicia","https:\/\/www.youtube.com\/user\/ppdegalicia"]},{"@type":"Person","@id":"https:\/\/ppdegalicia.com\/es\/#\/schema\/person\/5b822c6f59e872ebdd1142f307dbcb59","name":"ppdegaliciaredes","image":{"@type":"ImageObject","inLanguage":"es","@id":"https:\/\/secure.gravatar.com\/avatar\/3c9179cf0256d00c72a48d1f25783c58b6842cd56e85ef3a572881c8e28ccd59?s=96&d=mm&r=g","url":"https:\/\/secure.gravatar.com\/avatar\/3c9179cf0256d00c72a48d1f25783c58b6842cd56e85ef3a572881c8e28ccd59?s=96&d=mm&r=g","contentUrl":"https:\/\/secure.gravatar.com\/avatar\/3c9179cf0256d00c72a48d1f25783c58b6842cd56e85ef3a572881c8e28ccd59?s=96&d=mm&r=g","caption":"ppdegaliciaredes"},"url":"https:\/\/ppdegalicia.com\/es\/author\/ppdegaliciaredes\/"}]}},"_links":{"self":[{"href":"https:\/\/ppdegalicia.com\/es\/wp-json\/wp\/v2\/posts\/56258","targetHints":{"allow":["GET"]}}],"collection":[{"href":"https:\/\/ppdegalicia.com\/es\/wp-json\/wp\/v2\/posts"}],"about":[{"href":"https:\/\/ppdegalicia.com\/es\/wp-json\/wp\/v2\/types\/post"}],"author":[{"embeddable":true,"href":"https:\/\/ppdegalicia.com\/es\/wp-json\/wp\/v2\/users\/38"}],"replies":[{"embeddable":true,"href":"https:\/\/ppdegalicia.com\/es\/wp-json\/wp\/v2\/comments?post=56258"}],"version-history":[{"count":0,"href":"https:\/\/ppdegalicia.com\/es\/wp-json\/wp\/v2\/posts\/56258\/revisions"}],"wp:featuredmedia":[{"embeddable":true,"href":"https:\/\/ppdegalicia.com\/es\/wp-json\/wp\/v2\/media\/56257"}],"wp:attachment":[{"href":"https:\/\/ppdegalicia.com\/es\/wp-json\/wp\/v2\/media?parent=56258"}],"wp:term":[{"taxonomy":"category","embeddable":true,"href":"https:\/\/ppdegalicia.com\/es\/wp-json\/wp\/v2\/categories?post=56258"},{"taxonomy":"post_tag","embeddable":true,"href":"https:\/\/ppdegalicia.com\/es\/wp-json\/wp\/v2\/tags?post=56258"}],"curies":[{"name":"wp","href":"https:\/\/api.w.org\/{rel}","templated":true}]}}