{"id":56272,"date":"2021-10-06T10:50:56","date_gmt":"2021-10-06T08:50:56","guid":{"rendered":"https:\/\/ppdegalicia.com\/reactivacion-de-unidades-mobiles-que-levan-ata-a-porta-das-persoas-maiores-que-viven-no-rural-servizos-gratuitos\/"},"modified":"2021-10-06T10:50:56","modified_gmt":"2021-10-06T08:50:56","slug":"reactivacion-de-unidades-mobiles-que-levan-ata-a-porta-das-persoas-maiores-que-viven-no-rural-servizos-gratuitos","status":"publish","type":"post","link":"https:\/\/ppdegalicia.com\/es\/reactivacion-de-unidades-mobiles-que-levan-ata-a-porta-das-persoas-maiores-que-viven-no-rural-servizos-gratuitos\/","title":{"rendered":"Reactivaci\u00f3n de unidades m\u00f3biles que levan ata a porta das persoas maiores que viven no rural servizos gratu\u00edtos"},"content":{"rendered":"<p><img fetchpriority=\"high\" decoding=\"async\" class=\" size-full wp-image-56271\" src=\"https:\/\/ppdegalicia.com\/wp-content\/uploads\/2021\/10\/1cd5f587a803a8373dc46225a1926124-scaled.jpg\" alt=\"\" width=\"2560\" height=\"1740\" srcset=\"https:\/\/ppdegalicia.com\/wp-content\/uploads\/2021\/10\/1cd5f587a803a8373dc46225a1926124-scaled.jpg 2560w, https:\/\/ppdegalicia.com\/wp-content\/uploads\/2021\/10\/1cd5f587a803a8373dc46225a1926124-300x204.jpg 300w, https:\/\/ppdegalicia.com\/wp-content\/uploads\/2021\/10\/1cd5f587a803a8373dc46225a1926124-1024x696.jpg 1024w, https:\/\/ppdegalicia.com\/wp-content\/uploads\/2021\/10\/1cd5f587a803a8373dc46225a1926124-768x522.jpg 768w, https:\/\/ppdegalicia.com\/wp-content\/uploads\/2021\/10\/1cd5f587a803a8373dc46225a1926124-1536x1044.jpg 1536w, https:\/\/ppdegalicia.com\/wp-content\/uploads\/2021\/10\/1cd5f587a803a8373dc46225a1926124-2048x1392.jpg 2048w\" sizes=\"(max-width: 2560px) 100vw, 2560px\" \/><\/p>\n<p>Iniciativa sobre\u00a0\u00a0as medidas que debe levar a cabo a Xunta de Galicia para reactivar determinadas unidades m\u00f3biles que levan ata a porta das persoas maiores que viven no rural servizos gratu\u00edtos, como o de oftalmolox\u00eda, podolox\u00eda ou atenci\u00f3n ao Alzheimer, sanitarios e de apoio<\/p>\n<p><!--more--><\/p>\n<p>\u00a0<\/p>\n<p>O Goberno galego centra os seus esforzos en aumentar os servizos que pon a disposici\u00f3n das persoas maiores, para que sexan elas as que escollan cal \u00e9 o m\u00e1is convinte.<\/p>\n<p>Porque cando lles preguntamos aos nosos maiores como e onde queren pasar esta etapa das s\u00faas vidas a resposta m\u00e1is com\u00fan \u00e9 que prefiren quedarse nas s\u00faas casas, ao car\u00f3n da s\u00faa xente e na s\u00faa contorna de sempre.<\/p>\n<p>Neste sentido, a Xunta de Galicia puxo en marcha un programa que leva a domicilio servizos gratu\u00edtos e de apoio \u00e1s persoas maiores que viven en parroquias rurais.<\/p>\n<p>\u00a0<\/p>\n<p>Unidades m\u00f3biles que levaron ata a porta das persoas maiores de 55 anos do rural galego servizos para os que era necesario desprazarse: servizo de oftalmolox\u00eda, como poden ser gradaci\u00f3n e revisi\u00f3n da vista; de podolox\u00eda; de prevenci\u00f3n do alzh\u00e9imer e<br \/>servizos de apoio persoal e asesoramento en diversos temas, como por exemplo as facturas de servizos da auga ou da luz, no tema das receitas m\u00e9dicas ou servizos bancarios.<\/p>\n<p>Este programa votou a andar en xu\u00f1o de 2019 e atendeu a m\u00e1is de 2.100 persoas de 20 concellos do rural galego, que manifestaron a boa acollida que tivo este proxecto.<\/p>\n<p>Cada servizo m\u00f3bil constaba de dous profesionais polo menos, especializados na atenci\u00f3n de persoas con Alzh\u00e9imer e outras enfermidades neurodexenerativas, con servizos prestados por profesionais especializados para a realizaci\u00f3n de probas de valoraci\u00f3n cognitiva, exercicios e fichas de estimulaci\u00f3n cognitiva e actividades de estimulaci\u00f3n funcional.<\/p>\n<p>Con este programa, a Xunta de Galicia deu un paso m\u00e1is no seu compromiso de facer realidade o desexo maioritario dos nosos maiores de permanecer preto das s\u00faas casas; ben atendidos, con todos os servizos ao seu alcance e nas mellores condici\u00f3ns.<\/p>\n<p>E tam\u00e9n avanzouse no obxectivo de ter un rural amigable e coidadoso coas galegas e galegos de m\u00e1is idade, as\u00ed como o de ter un rural vivo, din\u00e1mico e con futuro.<\/p>\n<p>Por todo o exposto, o Grupo Parlamentario Popular presenta a seguinte proposici\u00f3n non de lei en Comisi\u00f3n:<\/p>\n<p><strong>\u201cO Parlamento de Galicia insta \u00e1 Xunta de Galicia a reactivar, a medida que se normalice a situaci\u00f3n sanitaria, as unidades m\u00f3biles que levan ata a porta das persoas maiores que viven no rural galego, servizos gratu\u00edtos como o de oftalmolox\u00eda, podolox\u00eda ou atenci\u00f3n ao alzh\u00e9imer, e servizos de apoio, c\u00f3 fin de facerlles a vida m\u00e1is doada sen ter que desprazarse f\u00f3ra da contorna\u201d.<\/strong><\/p>\n<p>\u00a0<\/p>\n<p><strong>Rexistro:\u00a0<a href=\"https:\/\/www.parlamentodegalicia.es\/Expedientes\/11\/PNC-001659\">https:\/\/www.parlamentodegalicia.es\/Expedientes\/11\/PNC-001659<\/a><\/strong><\/p>\n<p>\u00a0<\/p>\n","protected":false},"excerpt":{"rendered":"<p>Iniciativa sobre\u00a0\u00a0as medidas que debe levar a cabo a Xunta de Galicia para reactivar determinadas unidades m\u00f3biles que levan ata a porta das persoas maiores que viven no rural servizos gratu\u00edtos, como o de oftalmolox\u00eda, podolox\u00eda ou atenci\u00f3n ao Alzheimer, sanitarios e de apoio<\/p>\n","protected":false},"author":38,"featured_media":56271,"comment_status":"open","ping_status":"open","sticky":false,"template":"","format":"standard","meta":{"_acf_changed":false,"footnotes":""},"categories":[1128,1],"tags":[],"class_list":["post-56272","post","type-post","status-publish","format-standard","has-post-thumbnail","hentry","category-actualidad-parlamento-de-galicia","category-pp-de-galicia"],"acf":[],"yoast_head":"<!-- This site is optimized with the Yoast SEO plugin v27.3 - https:\/\/yoast.com\/product\/yoast-seo-wordpress\/ -->\n<title>Reactivaci\u00f3n de unidades m\u00f3biles que levan ata a porta das persoas maiores que viven no rural servizos gratu\u00edtos - PP de Galicia<\/title>\n<meta name=\"robots\" content=\"index, follow, max-snippet:-1, max-image-preview:large, max-video-preview:-1\" \/>\n<link rel=\"canonical\" href=\"https:\/\/ppdegalicia.com\/es\/reactivacion-de-unidades-mobiles-que-levan-ata-a-porta-das-persoas-maiores-que-viven-no-rural-servizos-gratuitos\/\" \/>\n<meta property=\"og:locale\" content=\"es_ES\" \/>\n<meta property=\"og:type\" content=\"article\" \/>\n<meta property=\"og:title\" content=\"Reactivaci\u00f3n de unidades m\u00f3biles que levan ata a porta das persoas maiores que viven no rural servizos gratu\u00edtos - PP de Galicia\" \/>\n<meta property=\"og:description\" content=\"Iniciativa sobre\u00a0\u00a0as medidas que debe levar a cabo a Xunta de Galicia para reactivar determinadas unidades m\u00f3biles que levan ata a porta das persoas maiores que viven no rural servizos gratu\u00edtos, como o de oftalmolox\u00eda, podolox\u00eda ou atenci\u00f3n ao Alzheimer, sanitarios e de apoio\" \/>\n<meta property=\"og:url\" content=\"https:\/\/ppdegalicia.com\/es\/reactivacion-de-unidades-mobiles-que-levan-ata-a-porta-das-persoas-maiores-que-viven-no-rural-servizos-gratuitos\/\" \/>\n<meta property=\"og:site_name\" content=\"PP de Galicia\" \/>\n<meta property=\"article:publisher\" content=\"https:\/\/www.instagram.com\/ppdegalicia\/\" \/>\n<meta property=\"article:published_time\" content=\"2021-10-06T08:50:56+00:00\" \/>\n<meta property=\"og:image\" content=\"https:\/\/ppdegalicia.com\/wp-content\/uploads\/2021\/10\/1cd5f587a803a8373dc46225a1926124-scaled.jpg\" \/>\n\t<meta property=\"og:image:width\" content=\"2560\" \/>\n\t<meta property=\"og:image:height\" content=\"1740\" \/>\n\t<meta property=\"og:image:type\" content=\"image\/jpeg\" \/>\n<meta name=\"author\" content=\"ppdegaliciaredes\" \/>\n<meta name=\"twitter:card\" content=\"summary_large_image\" \/>\n<meta name=\"twitter:creator\" content=\"@ppdegalicia\" \/>\n<meta name=\"twitter:site\" content=\"@ppdegalicia\" \/>\n<meta name=\"twitter:label1\" content=\"Escrito por\" \/>\n\t<meta name=\"twitter:data1\" content=\"ppdegaliciaredes\" \/>\n\t<meta name=\"twitter:label2\" content=\"Tiempo de lectura\" \/>\n\t<meta name=\"twitter:data2\" content=\"2 minutos\" \/>\n<script type=\"application\/ld+json\" class=\"yoast-schema-graph\">{\"@context\":\"https:\\\/\\\/schema.org\",\"@graph\":[{\"@type\":\"Article\",\"@id\":\"https:\\\/\\\/ppdegalicia.com\\\/es\\\/reactivacion-de-unidades-mobiles-que-levan-ata-a-porta-das-persoas-maiores-que-viven-no-rural-servizos-gratuitos\\\/#article\",\"isPartOf\":{\"@id\":\"https:\\\/\\\/ppdegalicia.com\\\/es\\\/reactivacion-de-unidades-mobiles-que-levan-ata-a-porta-das-persoas-maiores-que-viven-no-rural-servizos-gratuitos\\\/\"},\"author\":{\"name\":\"ppdegaliciaredes\",\"@id\":\"https:\\\/\\\/ppdegalicia.com\\\/es\\\/#\\\/schema\\\/person\\\/5b822c6f59e872ebdd1142f307dbcb59\"},\"headline\":\"Reactivaci\u00f3n de unidades m\u00f3biles que levan ata a porta das persoas maiores que viven no rural servizos gratu\u00edtos\",\"datePublished\":\"2021-10-06T08:50:56+00:00\",\"mainEntityOfPage\":{\"@id\":\"https:\\\/\\\/ppdegalicia.com\\\/es\\\/reactivacion-de-unidades-mobiles-que-levan-ata-a-porta-das-persoas-maiores-que-viven-no-rural-servizos-gratuitos\\\/\"},\"wordCount\":512,\"commentCount\":0,\"publisher\":{\"@id\":\"https:\\\/\\\/ppdegalicia.com\\\/es\\\/#organization\"},\"image\":{\"@id\":\"https:\\\/\\\/ppdegalicia.com\\\/es\\\/reactivacion-de-unidades-mobiles-que-levan-ata-a-porta-das-persoas-maiores-que-viven-no-rural-servizos-gratuitos\\\/#primaryimage\"},\"thumbnailUrl\":\"https:\\\/\\\/ppdegalicia.com\\\/wp-content\\\/uploads\\\/2021\\\/10\\\/1cd5f587a803a8373dc46225a1926124-scaled.jpg\",\"articleSection\":[\"Parlamento de Galicia\",\"PP de Galicia\"],\"inLanguage\":\"es\",\"potentialAction\":[{\"@type\":\"CommentAction\",\"name\":\"Comment\",\"target\":[\"https:\\\/\\\/ppdegalicia.com\\\/es\\\/reactivacion-de-unidades-mobiles-que-levan-ata-a-porta-das-persoas-maiores-que-viven-no-rural-servizos-gratuitos\\\/#respond\"]}]},{\"@type\":\"WebPage\",\"@id\":\"https:\\\/\\\/ppdegalicia.com\\\/es\\\/reactivacion-de-unidades-mobiles-que-levan-ata-a-porta-das-persoas-maiores-que-viven-no-rural-servizos-gratuitos\\\/\",\"url\":\"https:\\\/\\\/ppdegalicia.com\\\/es\\\/reactivacion-de-unidades-mobiles-que-levan-ata-a-porta-das-persoas-maiores-que-viven-no-rural-servizos-gratuitos\\\/\",\"name\":\"Reactivaci\u00f3n de unidades m\u00f3biles que levan ata a porta das persoas maiores que viven no rural servizos gratu\u00edtos - PP de Galicia\",\"isPartOf\":{\"@id\":\"https:\\\/\\\/ppdegalicia.com\\\/es\\\/#website\"},\"primaryImageOfPage\":{\"@id\":\"https:\\\/\\\/ppdegalicia.com\\\/es\\\/reactivacion-de-unidades-mobiles-que-levan-ata-a-porta-das-persoas-maiores-que-viven-no-rural-servizos-gratuitos\\\/#primaryimage\"},\"image\":{\"@id\":\"https:\\\/\\\/ppdegalicia.com\\\/es\\\/reactivacion-de-unidades-mobiles-que-levan-ata-a-porta-das-persoas-maiores-que-viven-no-rural-servizos-gratuitos\\\/#primaryimage\"},\"thumbnailUrl\":\"https:\\\/\\\/ppdegalicia.com\\\/wp-content\\\/uploads\\\/2021\\\/10\\\/1cd5f587a803a8373dc46225a1926124-scaled.jpg\",\"datePublished\":\"2021-10-06T08:50:56+00:00\",\"breadcrumb\":{\"@id\":\"https:\\\/\\\/ppdegalicia.com\\\/es\\\/reactivacion-de-unidades-mobiles-que-levan-ata-a-porta-das-persoas-maiores-que-viven-no-rural-servizos-gratuitos\\\/#breadcrumb\"},\"inLanguage\":\"es\",\"potentialAction\":[{\"@type\":\"ReadAction\",\"target\":[\"https:\\\/\\\/ppdegalicia.com\\\/es\\\/reactivacion-de-unidades-mobiles-que-levan-ata-a-porta-das-persoas-maiores-que-viven-no-rural-servizos-gratuitos\\\/\"]}]},{\"@type\":\"ImageObject\",\"inLanguage\":\"es\",\"@id\":\"https:\\\/\\\/ppdegalicia.com\\\/es\\\/reactivacion-de-unidades-mobiles-que-levan-ata-a-porta-das-persoas-maiores-que-viven-no-rural-servizos-gratuitos\\\/#primaryimage\",\"url\":\"https:\\\/\\\/ppdegalicia.com\\\/wp-content\\\/uploads\\\/2021\\\/10\\\/1cd5f587a803a8373dc46225a1926124-scaled.jpg\",\"contentUrl\":\"https:\\\/\\\/ppdegalicia.com\\\/wp-content\\\/uploads\\\/2021\\\/10\\\/1cd5f587a803a8373dc46225a1926124-scaled.jpg\",\"width\":2560,\"height\":1740},{\"@type\":\"BreadcrumbList\",\"@id\":\"https:\\\/\\\/ppdegalicia.com\\\/es\\\/reactivacion-de-unidades-mobiles-que-levan-ata-a-porta-das-persoas-maiores-que-viven-no-rural-servizos-gratuitos\\\/#breadcrumb\",\"itemListElement\":[{\"@type\":\"ListItem\",\"position\":1,\"name\":\"Portada\",\"item\":\"https:\\\/\\\/ppdegalicia.com\\\/es\\\/\"},{\"@type\":\"ListItem\",\"position\":2,\"name\":\"Reactivaci\u00f3n de unidades m\u00f3biles que levan ata a porta das persoas maiores que viven no rural servizos gratu\u00edtos\"}]},{\"@type\":\"WebSite\",\"@id\":\"https:\\\/\\\/ppdegalicia.com\\\/es\\\/#website\",\"url\":\"https:\\\/\\\/ppdegalicia.com\\\/es\\\/\",\"name\":\"Partido Popular de Galicia\",\"description\":\"Partido Popular de Galicia\",\"publisher\":{\"@id\":\"https:\\\/\\\/ppdegalicia.com\\\/es\\\/#organization\"},\"alternateName\":\"PP de Galicia\",\"potentialAction\":[{\"@type\":\"SearchAction\",\"target\":{\"@type\":\"EntryPoint\",\"urlTemplate\":\"https:\\\/\\\/ppdegalicia.com\\\/es\\\/?s={search_term_string}\"},\"query-input\":{\"@type\":\"PropertyValueSpecification\",\"valueRequired\":true,\"valueName\":\"search_term_string\"}}],\"inLanguage\":\"es\"},{\"@type\":\"Organization\",\"@id\":\"https:\\\/\\\/ppdegalicia.com\\\/es\\\/#organization\",\"name\":\"Partido Popular de Galicia\",\"alternateName\":\"PP de Galicia\",\"url\":\"https:\\\/\\\/ppdegalicia.com\\\/es\\\/\",\"logo\":{\"@type\":\"ImageObject\",\"inLanguage\":\"es\",\"@id\":\"https:\\\/\\\/ppdegalicia.com\\\/es\\\/#\\\/schema\\\/logo\\\/image\\\/\",\"url\":\"https:\\\/\\\/ppdegalicia.com\\\/wp-content\\\/uploads\\\/2023\\\/04\\\/logoPP512.png\",\"contentUrl\":\"https:\\\/\\\/ppdegalicia.com\\\/wp-content\\\/uploads\\\/2023\\\/04\\\/logoPP512.png\",\"width\":512,\"height\":512,\"caption\":\"Partido Popular de Galicia\"},\"image\":{\"@id\":\"https:\\\/\\\/ppdegalicia.com\\\/es\\\/#\\\/schema\\\/logo\\\/image\\\/\"},\"sameAs\":[\"https:\\\/\\\/www.instagram.com\\\/ppdegalicia\\\/\",\"https:\\\/\\\/x.com\\\/ppdegalicia\",\"https:\\\/\\\/www.tiktok.com\\\/@ppdegalicia\",\"https:\\\/\\\/www.youtube.com\\\/user\\\/ppdegalicia\"]},{\"@type\":\"Person\",\"@id\":\"https:\\\/\\\/ppdegalicia.com\\\/es\\\/#\\\/schema\\\/person\\\/5b822c6f59e872ebdd1142f307dbcb59\",\"name\":\"ppdegaliciaredes\",\"image\":{\"@type\":\"ImageObject\",\"inLanguage\":\"es\",\"@id\":\"https:\\\/\\\/secure.gravatar.com\\\/avatar\\\/3c9179cf0256d00c72a48d1f25783c58b6842cd56e85ef3a572881c8e28ccd59?s=96&d=mm&r=g\",\"url\":\"https:\\\/\\\/secure.gravatar.com\\\/avatar\\\/3c9179cf0256d00c72a48d1f25783c58b6842cd56e85ef3a572881c8e28ccd59?s=96&d=mm&r=g\",\"contentUrl\":\"https:\\\/\\\/secure.gravatar.com\\\/avatar\\\/3c9179cf0256d00c72a48d1f25783c58b6842cd56e85ef3a572881c8e28ccd59?s=96&d=mm&r=g\",\"caption\":\"ppdegaliciaredes\"},\"url\":\"https:\\\/\\\/ppdegalicia.com\\\/es\\\/author\\\/ppdegaliciaredes\\\/\"}]}<\/script>\n<!-- \/ Yoast SEO plugin. -->","yoast_head_json":{"title":"Reactivaci\u00f3n de unidades m\u00f3biles que levan ata a porta das persoas maiores que viven no rural servizos gratu\u00edtos - PP de Galicia","robots":{"index":"index","follow":"follow","max-snippet":"max-snippet:-1","max-image-preview":"max-image-preview:large","max-video-preview":"max-video-preview:-1"},"canonical":"https:\/\/ppdegalicia.com\/es\/reactivacion-de-unidades-mobiles-que-levan-ata-a-porta-das-persoas-maiores-que-viven-no-rural-servizos-gratuitos\/","og_locale":"es_ES","og_type":"article","og_title":"Reactivaci\u00f3n de unidades m\u00f3biles que levan ata a porta das persoas maiores que viven no rural servizos gratu\u00edtos - PP de Galicia","og_description":"Iniciativa sobre\u00a0\u00a0as medidas que debe levar a cabo a Xunta de Galicia para reactivar determinadas unidades m\u00f3biles que levan ata a porta das persoas maiores que viven no rural servizos gratu\u00edtos, como o de oftalmolox\u00eda, podolox\u00eda ou atenci\u00f3n ao Alzheimer, sanitarios e de apoio","og_url":"https:\/\/ppdegalicia.com\/es\/reactivacion-de-unidades-mobiles-que-levan-ata-a-porta-das-persoas-maiores-que-viven-no-rural-servizos-gratuitos\/","og_site_name":"PP de Galicia","article_publisher":"https:\/\/www.instagram.com\/ppdegalicia\/","article_published_time":"2021-10-06T08:50:56+00:00","og_image":[{"width":2560,"height":1740,"url":"https:\/\/ppdegalicia.com\/wp-content\/uploads\/2021\/10\/1cd5f587a803a8373dc46225a1926124-scaled.jpg","type":"image\/jpeg"}],"author":"ppdegaliciaredes","twitter_card":"summary_large_image","twitter_creator":"@ppdegalicia","twitter_site":"@ppdegalicia","twitter_misc":{"Escrito por":"ppdegaliciaredes","Tiempo de lectura":"2 minutos"},"schema":{"@context":"https:\/\/schema.org","@graph":[{"@type":"Article","@id":"https:\/\/ppdegalicia.com\/es\/reactivacion-de-unidades-mobiles-que-levan-ata-a-porta-das-persoas-maiores-que-viven-no-rural-servizos-gratuitos\/#article","isPartOf":{"@id":"https:\/\/ppdegalicia.com\/es\/reactivacion-de-unidades-mobiles-que-levan-ata-a-porta-das-persoas-maiores-que-viven-no-rural-servizos-gratuitos\/"},"author":{"name":"ppdegaliciaredes","@id":"https:\/\/ppdegalicia.com\/es\/#\/schema\/person\/5b822c6f59e872ebdd1142f307dbcb59"},"headline":"Reactivaci\u00f3n de unidades m\u00f3biles que levan ata a porta das persoas maiores que viven no rural servizos gratu\u00edtos","datePublished":"2021-10-06T08:50:56+00:00","mainEntityOfPage":{"@id":"https:\/\/ppdegalicia.com\/es\/reactivacion-de-unidades-mobiles-que-levan-ata-a-porta-das-persoas-maiores-que-viven-no-rural-servizos-gratuitos\/"},"wordCount":512,"commentCount":0,"publisher":{"@id":"https:\/\/ppdegalicia.com\/es\/#organization"},"image":{"@id":"https:\/\/ppdegalicia.com\/es\/reactivacion-de-unidades-mobiles-que-levan-ata-a-porta-das-persoas-maiores-que-viven-no-rural-servizos-gratuitos\/#primaryimage"},"thumbnailUrl":"https:\/\/ppdegalicia.com\/wp-content\/uploads\/2021\/10\/1cd5f587a803a8373dc46225a1926124-scaled.jpg","articleSection":["Parlamento de Galicia","PP de Galicia"],"inLanguage":"es","potentialAction":[{"@type":"CommentAction","name":"Comment","target":["https:\/\/ppdegalicia.com\/es\/reactivacion-de-unidades-mobiles-que-levan-ata-a-porta-das-persoas-maiores-que-viven-no-rural-servizos-gratuitos\/#respond"]}]},{"@type":"WebPage","@id":"https:\/\/ppdegalicia.com\/es\/reactivacion-de-unidades-mobiles-que-levan-ata-a-porta-das-persoas-maiores-que-viven-no-rural-servizos-gratuitos\/","url":"https:\/\/ppdegalicia.com\/es\/reactivacion-de-unidades-mobiles-que-levan-ata-a-porta-das-persoas-maiores-que-viven-no-rural-servizos-gratuitos\/","name":"Reactivaci\u00f3n de unidades m\u00f3biles que levan ata a porta das persoas maiores que viven no rural servizos gratu\u00edtos - PP de Galicia","isPartOf":{"@id":"https:\/\/ppdegalicia.com\/es\/#website"},"primaryImageOfPage":{"@id":"https:\/\/ppdegalicia.com\/es\/reactivacion-de-unidades-mobiles-que-levan-ata-a-porta-das-persoas-maiores-que-viven-no-rural-servizos-gratuitos\/#primaryimage"},"image":{"@id":"https:\/\/ppdegalicia.com\/es\/reactivacion-de-unidades-mobiles-que-levan-ata-a-porta-das-persoas-maiores-que-viven-no-rural-servizos-gratuitos\/#primaryimage"},"thumbnailUrl":"https:\/\/ppdegalicia.com\/wp-content\/uploads\/2021\/10\/1cd5f587a803a8373dc46225a1926124-scaled.jpg","datePublished":"2021-10-06T08:50:56+00:00","breadcrumb":{"@id":"https:\/\/ppdegalicia.com\/es\/reactivacion-de-unidades-mobiles-que-levan-ata-a-porta-das-persoas-maiores-que-viven-no-rural-servizos-gratuitos\/#breadcrumb"},"inLanguage":"es","potentialAction":[{"@type":"ReadAction","target":["https:\/\/ppdegalicia.com\/es\/reactivacion-de-unidades-mobiles-que-levan-ata-a-porta-das-persoas-maiores-que-viven-no-rural-servizos-gratuitos\/"]}]},{"@type":"ImageObject","inLanguage":"es","@id":"https:\/\/ppdegalicia.com\/es\/reactivacion-de-unidades-mobiles-que-levan-ata-a-porta-das-persoas-maiores-que-viven-no-rural-servizos-gratuitos\/#primaryimage","url":"https:\/\/ppdegalicia.com\/wp-content\/uploads\/2021\/10\/1cd5f587a803a8373dc46225a1926124-scaled.jpg","contentUrl":"https:\/\/ppdegalicia.com\/wp-content\/uploads\/2021\/10\/1cd5f587a803a8373dc46225a1926124-scaled.jpg","width":2560,"height":1740},{"@type":"BreadcrumbList","@id":"https:\/\/ppdegalicia.com\/es\/reactivacion-de-unidades-mobiles-que-levan-ata-a-porta-das-persoas-maiores-que-viven-no-rural-servizos-gratuitos\/#breadcrumb","itemListElement":[{"@type":"ListItem","position":1,"name":"Portada","item":"https:\/\/ppdegalicia.com\/es\/"},{"@type":"ListItem","position":2,"name":"Reactivaci\u00f3n de unidades m\u00f3biles que levan ata a porta das persoas maiores que viven no rural servizos gratu\u00edtos"}]},{"@type":"WebSite","@id":"https:\/\/ppdegalicia.com\/es\/#website","url":"https:\/\/ppdegalicia.com\/es\/","name":"Partido Popular de Galicia","description":"Partido Popular de Galicia","publisher":{"@id":"https:\/\/ppdegalicia.com\/es\/#organization"},"alternateName":"PP de Galicia","potentialAction":[{"@type":"SearchAction","target":{"@type":"EntryPoint","urlTemplate":"https:\/\/ppdegalicia.com\/es\/?s={search_term_string}"},"query-input":{"@type":"PropertyValueSpecification","valueRequired":true,"valueName":"search_term_string"}}],"inLanguage":"es"},{"@type":"Organization","@id":"https:\/\/ppdegalicia.com\/es\/#organization","name":"Partido Popular de Galicia","alternateName":"PP de Galicia","url":"https:\/\/ppdegalicia.com\/es\/","logo":{"@type":"ImageObject","inLanguage":"es","@id":"https:\/\/ppdegalicia.com\/es\/#\/schema\/logo\/image\/","url":"https:\/\/ppdegalicia.com\/wp-content\/uploads\/2023\/04\/logoPP512.png","contentUrl":"https:\/\/ppdegalicia.com\/wp-content\/uploads\/2023\/04\/logoPP512.png","width":512,"height":512,"caption":"Partido Popular de Galicia"},"image":{"@id":"https:\/\/ppdegalicia.com\/es\/#\/schema\/logo\/image\/"},"sameAs":["https:\/\/www.instagram.com\/ppdegalicia\/","https:\/\/x.com\/ppdegalicia","https:\/\/www.tiktok.com\/@ppdegalicia","https:\/\/www.youtube.com\/user\/ppdegalicia"]},{"@type":"Person","@id":"https:\/\/ppdegalicia.com\/es\/#\/schema\/person\/5b822c6f59e872ebdd1142f307dbcb59","name":"ppdegaliciaredes","image":{"@type":"ImageObject","inLanguage":"es","@id":"https:\/\/secure.gravatar.com\/avatar\/3c9179cf0256d00c72a48d1f25783c58b6842cd56e85ef3a572881c8e28ccd59?s=96&d=mm&r=g","url":"https:\/\/secure.gravatar.com\/avatar\/3c9179cf0256d00c72a48d1f25783c58b6842cd56e85ef3a572881c8e28ccd59?s=96&d=mm&r=g","contentUrl":"https:\/\/secure.gravatar.com\/avatar\/3c9179cf0256d00c72a48d1f25783c58b6842cd56e85ef3a572881c8e28ccd59?s=96&d=mm&r=g","caption":"ppdegaliciaredes"},"url":"https:\/\/ppdegalicia.com\/es\/author\/ppdegaliciaredes\/"}]}},"_links":{"self":[{"href":"https:\/\/ppdegalicia.com\/es\/wp-json\/wp\/v2\/posts\/56272","targetHints":{"allow":["GET"]}}],"collection":[{"href":"https:\/\/ppdegalicia.com\/es\/wp-json\/wp\/v2\/posts"}],"about":[{"href":"https:\/\/ppdegalicia.com\/es\/wp-json\/wp\/v2\/types\/post"}],"author":[{"embeddable":true,"href":"https:\/\/ppdegalicia.com\/es\/wp-json\/wp\/v2\/users\/38"}],"replies":[{"embeddable":true,"href":"https:\/\/ppdegalicia.com\/es\/wp-json\/wp\/v2\/comments?post=56272"}],"version-history":[{"count":0,"href":"https:\/\/ppdegalicia.com\/es\/wp-json\/wp\/v2\/posts\/56272\/revisions"}],"wp:featuredmedia":[{"embeddable":true,"href":"https:\/\/ppdegalicia.com\/es\/wp-json\/wp\/v2\/media\/56271"}],"wp:attachment":[{"href":"https:\/\/ppdegalicia.com\/es\/wp-json\/wp\/v2\/media?parent=56272"}],"wp:term":[{"taxonomy":"category","embeddable":true,"href":"https:\/\/ppdegalicia.com\/es\/wp-json\/wp\/v2\/categories?post=56272"},{"taxonomy":"post_tag","embeddable":true,"href":"https:\/\/ppdegalicia.com\/es\/wp-json\/wp\/v2\/tags?post=56272"}],"curies":[{"name":"wp","href":"https:\/\/api.w.org\/{rel}","templated":true}]}}