{"id":56280,"date":"2021-10-06T12:00:34","date_gmt":"2021-10-06T10:00:34","guid":{"rendered":"https:\/\/ppdegalicia.com\/o-parlamento-solicita-a-retirada-da-proposta-de-reducion-das-areas-beneficiarias-do-programa-europeo-de-cooperacion-poptep-21-27\/"},"modified":"2021-10-06T12:00:34","modified_gmt":"2021-10-06T10:00:34","slug":"o-parlamento-solicita-a-retirada-da-proposta-de-reducion-das-areas-beneficiarias-do-programa-europeo-de-cooperacion-poptep-21-27","status":"publish","type":"post","link":"https:\/\/ppdegalicia.com\/es\/o-parlamento-solicita-a-retirada-da-proposta-de-reducion-das-areas-beneficiarias-do-programa-europeo-de-cooperacion-poptep-21-27\/","title":{"rendered":"O Parlamento solicita a retirada da proposta de reduci\u00f3n das \u00e1reas beneficiarias do programa europeo de cooperaci\u00f3n POPTEP 21-27"},"content":{"rendered":"<p><img fetchpriority=\"high\" decoding=\"async\" class=\" size-full wp-image-56279\" src=\"https:\/\/ppdegalicia.com\/wp-content\/uploads\/2021\/10\/06f79940f87ab724816dbf7aab842963.jpg\" alt=\"\" width=\"1900\" height=\"1267\" srcset=\"https:\/\/ppdegalicia.com\/wp-content\/uploads\/2021\/10\/06f79940f87ab724816dbf7aab842963.jpg 1900w, https:\/\/ppdegalicia.com\/wp-content\/uploads\/2021\/10\/06f79940f87ab724816dbf7aab842963-300x200.jpg 300w, https:\/\/ppdegalicia.com\/wp-content\/uploads\/2021\/10\/06f79940f87ab724816dbf7aab842963-1024x683.jpg 1024w, https:\/\/ppdegalicia.com\/wp-content\/uploads\/2021\/10\/06f79940f87ab724816dbf7aab842963-768x512.jpg 768w, https:\/\/ppdegalicia.com\/wp-content\/uploads\/2021\/10\/06f79940f87ab724816dbf7aab842963-1536x1024.jpg 1536w\" sizes=\"(max-width: 1900px) 100vw, 1900px\" \/><\/p>\n<p>Santiago, 6 de outubro de 2021.- O Parlamento de Galicia aprobou hoxe a proposici\u00f3n non de lei do Grupo Popular, sen o apoio do Grupo Socialista, a trav\u00e9s da que se solicita ao Goberno de Espa\u00f1a que manifeste ante a Comisi\u00f3n Europea o rexeitamento e solicite a retirada da proposta de reduci\u00f3n da \u00e1rea xeogr\u00e1fica beneficiaria inclu\u00edda no espazo de cooperaci\u00f3n do Programa POCTEP 21-27.<\/p>\n<p><!--more--><\/p>\n<p>\u201cEsta decisi\u00f3n deixar\u00eda f\u00f3ra destes fondos europeos \u00e1s NUT-3, as \u00e1reas elixibles non estritamente fronteirizas, afectando directamente a organismos como a Xunta de Galicia ou as universidades de A Coru\u00f1a ou Lugo\u201d, concretou o deputado popular Jos\u00e9 Antonio Armada.<\/p>\n<p>\u00a0<\/p>\n<p>As\u00ed mesmo, Armada aceptou incorporar \u00e1 proposta do Grupo Popular a emenda presentada polo BNG a trav\u00e9s da que se solicita que todo o territorio galego poida ser beneficiario do programa POCTEP 21-27 e que se primen os proxectos que te\u00f1an unha incidencia positiva no territorio e nas relaci\u00f3ns transfronteirizas. Ademais, p\u00eddese a creaci\u00f3n dun fondo extraordinario, dotado cos orzamentos sobrantes das convocatorias do POCTEP 2014-2020, para compensar os territorios m\u00e1is directamente afectados polo feches da fronteira como consecuencia da emerxencia sanitaria da COVID 19, que en Galicia tivo un grande impacto polo maior fluxo e integraci\u00f3n das \u00e1reas fronteirizas.<\/p>\n<p>\u00a0<\/p>\n<p>O deputado popular cualificou de \u201csorprendente\u201d o cambio de criterio da Comisi\u00f3n Europea, \u201cao pasar dun xustificado crecemento da \u00e1rea abarcada polo Programa POCTEP a unha diminuci\u00f3n dr\u00e1stica\u201d. \u201cCon esta iniciativa, moitas iniciativas e proxectos que se puxeron en marcha a trav\u00e9s da Eurorrexi\u00f3n Galicia-Norte de Portugal, que est\u00e1n a resultar moi exitosas, non poder\u00edan ser financiadas porque te\u00f1en unha dimensi\u00f3n superior ao reco\u00f1ecido pola Comisi\u00f3n Europea para acceder ao programa\u201d, lamentou.<\/p>\n<p>\u00a0<\/p>\n<p>Jos\u00e9 Antonio Armada explicou que a Xunta \u201cxa ten remitido ao Goberno central unha solicitude para reafirmar, ante a Comisi\u00f3n Europea, o mantemento do territorio elixible do anterior per\u00edodo do Programa de Cooperaci\u00f3n Transfronteiriza Espa\u00f1a Portugal 2014-2020\u201d, pero lamentou que \u201ca d\u00eda de hoxe non hai comunicaci\u00f3n oficial algunha sobre cal ser\u00e1 o \u00e1mbito xeogr\u00e1fico definitivo, e non se espera ata os primeiros meses de 2022\u201d. <\/p>\n","protected":false},"excerpt":{"rendered":"<p>Santiago, 6 de outubro de 2021.- O Parlamento de Galicia aprobou hoxe a proposici\u00f3n non de lei do Grupo Popular, sen o apoio do Grupo Socialista, a trav\u00e9s da que se solicita ao Goberno de Espa\u00f1a que manifeste ante a Comisi\u00f3n Europea o rexeitamento e solicite a retirada da proposta de reduci\u00f3n da \u00e1rea xeogr\u00e1fica [&hellip;]<\/p>\n","protected":false},"author":38,"featured_media":56279,"comment_status":"open","ping_status":"open","sticky":false,"template":"","format":"standard","meta":{"_acf_changed":false,"footnotes":""},"categories":[1],"tags":[],"class_list":["post-56280","post","type-post","status-publish","format-standard","has-post-thumbnail","hentry","category-pp-de-galicia"],"acf":[],"yoast_head":"<!-- This site is optimized with the Yoast SEO plugin v27.3 - https:\/\/yoast.com\/product\/yoast-seo-wordpress\/ -->\n<title>O Parlamento solicita a retirada da proposta de reduci\u00f3n das \u00e1reas beneficiarias do programa europeo de cooperaci\u00f3n POPTEP 21-27 - PP de Galicia<\/title>\n<meta name=\"robots\" content=\"index, follow, max-snippet:-1, max-image-preview:large, max-video-preview:-1\" \/>\n<link rel=\"canonical\" href=\"https:\/\/ppdegalicia.com\/es\/o-parlamento-solicita-a-retirada-da-proposta-de-reducion-das-areas-beneficiarias-do-programa-europeo-de-cooperacion-poptep-21-27\/\" \/>\n<meta property=\"og:locale\" content=\"es_ES\" \/>\n<meta property=\"og:type\" content=\"article\" \/>\n<meta property=\"og:title\" content=\"O Parlamento solicita a retirada da proposta de reduci\u00f3n das \u00e1reas beneficiarias do programa europeo de cooperaci\u00f3n POPTEP 21-27 - PP de Galicia\" \/>\n<meta property=\"og:description\" content=\"Santiago, 6 de outubro de 2021.- O Parlamento de Galicia aprobou hoxe a proposici\u00f3n non de lei do Grupo Popular, sen o apoio do Grupo Socialista, a trav\u00e9s da que se solicita ao Goberno de Espa\u00f1a que manifeste ante a Comisi\u00f3n Europea o rexeitamento e solicite a retirada da proposta de reduci\u00f3n da \u00e1rea xeogr\u00e1fica [&hellip;]\" \/>\n<meta property=\"og:url\" content=\"https:\/\/ppdegalicia.com\/es\/o-parlamento-solicita-a-retirada-da-proposta-de-reducion-das-areas-beneficiarias-do-programa-europeo-de-cooperacion-poptep-21-27\/\" \/>\n<meta property=\"og:site_name\" content=\"PP de Galicia\" \/>\n<meta property=\"article:publisher\" content=\"https:\/\/www.instagram.com\/ppdegalicia\/\" \/>\n<meta property=\"article:published_time\" content=\"2021-10-06T10:00:34+00:00\" \/>\n<meta property=\"og:image\" content=\"https:\/\/ppdegalicia.com\/wp-content\/uploads\/2021\/10\/06f79940f87ab724816dbf7aab842963.jpg\" \/>\n\t<meta property=\"og:image:width\" content=\"1900\" \/>\n\t<meta property=\"og:image:height\" content=\"1267\" \/>\n\t<meta property=\"og:image:type\" content=\"image\/jpeg\" \/>\n<meta name=\"author\" content=\"ppdegaliciaredes\" \/>\n<meta name=\"twitter:card\" content=\"summary_large_image\" \/>\n<meta name=\"twitter:creator\" content=\"@ppdegalicia\" \/>\n<meta name=\"twitter:site\" content=\"@ppdegalicia\" \/>\n<meta name=\"twitter:label1\" content=\"Escrito por\" \/>\n\t<meta name=\"twitter:data1\" content=\"ppdegaliciaredes\" \/>\n\t<meta name=\"twitter:label2\" content=\"Tiempo de lectura\" \/>\n\t<meta name=\"twitter:data2\" content=\"2 minutos\" \/>\n<script type=\"application\/ld+json\" class=\"yoast-schema-graph\">{\"@context\":\"https:\\\/\\\/schema.org\",\"@graph\":[{\"@type\":\"Article\",\"@id\":\"https:\\\/\\\/ppdegalicia.com\\\/es\\\/o-parlamento-solicita-a-retirada-da-proposta-de-reducion-das-areas-beneficiarias-do-programa-europeo-de-cooperacion-poptep-21-27\\\/#article\",\"isPartOf\":{\"@id\":\"https:\\\/\\\/ppdegalicia.com\\\/es\\\/o-parlamento-solicita-a-retirada-da-proposta-de-reducion-das-areas-beneficiarias-do-programa-europeo-de-cooperacion-poptep-21-27\\\/\"},\"author\":{\"name\":\"ppdegaliciaredes\",\"@id\":\"https:\\\/\\\/ppdegalicia.com\\\/es\\\/#\\\/schema\\\/person\\\/5b822c6f59e872ebdd1142f307dbcb59\"},\"headline\":\"O Parlamento solicita a retirada da proposta de reduci\u00f3n das \u00e1reas beneficiarias do programa europeo de cooperaci\u00f3n POPTEP 21-27\",\"datePublished\":\"2021-10-06T10:00:34+00:00\",\"mainEntityOfPage\":{\"@id\":\"https:\\\/\\\/ppdegalicia.com\\\/es\\\/o-parlamento-solicita-a-retirada-da-proposta-de-reducion-das-areas-beneficiarias-do-programa-europeo-de-cooperacion-poptep-21-27\\\/\"},\"wordCount\":396,\"commentCount\":0,\"publisher\":{\"@id\":\"https:\\\/\\\/ppdegalicia.com\\\/es\\\/#organization\"},\"image\":{\"@id\":\"https:\\\/\\\/ppdegalicia.com\\\/es\\\/o-parlamento-solicita-a-retirada-da-proposta-de-reducion-das-areas-beneficiarias-do-programa-europeo-de-cooperacion-poptep-21-27\\\/#primaryimage\"},\"thumbnailUrl\":\"https:\\\/\\\/ppdegalicia.com\\\/wp-content\\\/uploads\\\/2021\\\/10\\\/06f79940f87ab724816dbf7aab842963.jpg\",\"articleSection\":[\"PP de Galicia\"],\"inLanguage\":\"es\",\"potentialAction\":[{\"@type\":\"CommentAction\",\"name\":\"Comment\",\"target\":[\"https:\\\/\\\/ppdegalicia.com\\\/es\\\/o-parlamento-solicita-a-retirada-da-proposta-de-reducion-das-areas-beneficiarias-do-programa-europeo-de-cooperacion-poptep-21-27\\\/#respond\"]}]},{\"@type\":\"WebPage\",\"@id\":\"https:\\\/\\\/ppdegalicia.com\\\/es\\\/o-parlamento-solicita-a-retirada-da-proposta-de-reducion-das-areas-beneficiarias-do-programa-europeo-de-cooperacion-poptep-21-27\\\/\",\"url\":\"https:\\\/\\\/ppdegalicia.com\\\/es\\\/o-parlamento-solicita-a-retirada-da-proposta-de-reducion-das-areas-beneficiarias-do-programa-europeo-de-cooperacion-poptep-21-27\\\/\",\"name\":\"O Parlamento solicita a retirada da proposta de reduci\u00f3n das \u00e1reas beneficiarias do programa europeo de cooperaci\u00f3n POPTEP 21-27 - PP de Galicia\",\"isPartOf\":{\"@id\":\"https:\\\/\\\/ppdegalicia.com\\\/es\\\/#website\"},\"primaryImageOfPage\":{\"@id\":\"https:\\\/\\\/ppdegalicia.com\\\/es\\\/o-parlamento-solicita-a-retirada-da-proposta-de-reducion-das-areas-beneficiarias-do-programa-europeo-de-cooperacion-poptep-21-27\\\/#primaryimage\"},\"image\":{\"@id\":\"https:\\\/\\\/ppdegalicia.com\\\/es\\\/o-parlamento-solicita-a-retirada-da-proposta-de-reducion-das-areas-beneficiarias-do-programa-europeo-de-cooperacion-poptep-21-27\\\/#primaryimage\"},\"thumbnailUrl\":\"https:\\\/\\\/ppdegalicia.com\\\/wp-content\\\/uploads\\\/2021\\\/10\\\/06f79940f87ab724816dbf7aab842963.jpg\",\"datePublished\":\"2021-10-06T10:00:34+00:00\",\"breadcrumb\":{\"@id\":\"https:\\\/\\\/ppdegalicia.com\\\/es\\\/o-parlamento-solicita-a-retirada-da-proposta-de-reducion-das-areas-beneficiarias-do-programa-europeo-de-cooperacion-poptep-21-27\\\/#breadcrumb\"},\"inLanguage\":\"es\",\"potentialAction\":[{\"@type\":\"ReadAction\",\"target\":[\"https:\\\/\\\/ppdegalicia.com\\\/es\\\/o-parlamento-solicita-a-retirada-da-proposta-de-reducion-das-areas-beneficiarias-do-programa-europeo-de-cooperacion-poptep-21-27\\\/\"]}]},{\"@type\":\"ImageObject\",\"inLanguage\":\"es\",\"@id\":\"https:\\\/\\\/ppdegalicia.com\\\/es\\\/o-parlamento-solicita-a-retirada-da-proposta-de-reducion-das-areas-beneficiarias-do-programa-europeo-de-cooperacion-poptep-21-27\\\/#primaryimage\",\"url\":\"https:\\\/\\\/ppdegalicia.com\\\/wp-content\\\/uploads\\\/2021\\\/10\\\/06f79940f87ab724816dbf7aab842963.jpg\",\"contentUrl\":\"https:\\\/\\\/ppdegalicia.com\\\/wp-content\\\/uploads\\\/2021\\\/10\\\/06f79940f87ab724816dbf7aab842963.jpg\",\"width\":1900,\"height\":1267},{\"@type\":\"BreadcrumbList\",\"@id\":\"https:\\\/\\\/ppdegalicia.com\\\/es\\\/o-parlamento-solicita-a-retirada-da-proposta-de-reducion-das-areas-beneficiarias-do-programa-europeo-de-cooperacion-poptep-21-27\\\/#breadcrumb\",\"itemListElement\":[{\"@type\":\"ListItem\",\"position\":1,\"name\":\"Portada\",\"item\":\"https:\\\/\\\/ppdegalicia.com\\\/es\\\/\"},{\"@type\":\"ListItem\",\"position\":2,\"name\":\"O Parlamento solicita a retirada da proposta de reduci\u00f3n das \u00e1reas beneficiarias do programa europeo de cooperaci\u00f3n POPTEP 21-27\"}]},{\"@type\":\"WebSite\",\"@id\":\"https:\\\/\\\/ppdegalicia.com\\\/es\\\/#website\",\"url\":\"https:\\\/\\\/ppdegalicia.com\\\/es\\\/\",\"name\":\"Partido Popular de Galicia\",\"description\":\"Partido Popular de Galicia\",\"publisher\":{\"@id\":\"https:\\\/\\\/ppdegalicia.com\\\/es\\\/#organization\"},\"alternateName\":\"PP de Galicia\",\"potentialAction\":[{\"@type\":\"SearchAction\",\"target\":{\"@type\":\"EntryPoint\",\"urlTemplate\":\"https:\\\/\\\/ppdegalicia.com\\\/es\\\/?s={search_term_string}\"},\"query-input\":{\"@type\":\"PropertyValueSpecification\",\"valueRequired\":true,\"valueName\":\"search_term_string\"}}],\"inLanguage\":\"es\"},{\"@type\":\"Organization\",\"@id\":\"https:\\\/\\\/ppdegalicia.com\\\/es\\\/#organization\",\"name\":\"Partido Popular de Galicia\",\"alternateName\":\"PP de Galicia\",\"url\":\"https:\\\/\\\/ppdegalicia.com\\\/es\\\/\",\"logo\":{\"@type\":\"ImageObject\",\"inLanguage\":\"es\",\"@id\":\"https:\\\/\\\/ppdegalicia.com\\\/es\\\/#\\\/schema\\\/logo\\\/image\\\/\",\"url\":\"https:\\\/\\\/ppdegalicia.com\\\/wp-content\\\/uploads\\\/2023\\\/04\\\/logoPP512.png\",\"contentUrl\":\"https:\\\/\\\/ppdegalicia.com\\\/wp-content\\\/uploads\\\/2023\\\/04\\\/logoPP512.png\",\"width\":512,\"height\":512,\"caption\":\"Partido Popular de Galicia\"},\"image\":{\"@id\":\"https:\\\/\\\/ppdegalicia.com\\\/es\\\/#\\\/schema\\\/logo\\\/image\\\/\"},\"sameAs\":[\"https:\\\/\\\/www.instagram.com\\\/ppdegalicia\\\/\",\"https:\\\/\\\/x.com\\\/ppdegalicia\",\"https:\\\/\\\/www.tiktok.com\\\/@ppdegalicia\",\"https:\\\/\\\/www.youtube.com\\\/user\\\/ppdegalicia\"]},{\"@type\":\"Person\",\"@id\":\"https:\\\/\\\/ppdegalicia.com\\\/es\\\/#\\\/schema\\\/person\\\/5b822c6f59e872ebdd1142f307dbcb59\",\"name\":\"ppdegaliciaredes\",\"image\":{\"@type\":\"ImageObject\",\"inLanguage\":\"es\",\"@id\":\"https:\\\/\\\/secure.gravatar.com\\\/avatar\\\/3c9179cf0256d00c72a48d1f25783c58b6842cd56e85ef3a572881c8e28ccd59?s=96&d=mm&r=g\",\"url\":\"https:\\\/\\\/secure.gravatar.com\\\/avatar\\\/3c9179cf0256d00c72a48d1f25783c58b6842cd56e85ef3a572881c8e28ccd59?s=96&d=mm&r=g\",\"contentUrl\":\"https:\\\/\\\/secure.gravatar.com\\\/avatar\\\/3c9179cf0256d00c72a48d1f25783c58b6842cd56e85ef3a572881c8e28ccd59?s=96&d=mm&r=g\",\"caption\":\"ppdegaliciaredes\"},\"url\":\"https:\\\/\\\/ppdegalicia.com\\\/es\\\/author\\\/ppdegaliciaredes\\\/\"}]}<\/script>\n<!-- \/ Yoast SEO plugin. -->","yoast_head_json":{"title":"O Parlamento solicita a retirada da proposta de reduci\u00f3n das \u00e1reas beneficiarias do programa europeo de cooperaci\u00f3n POPTEP 21-27 - PP de Galicia","robots":{"index":"index","follow":"follow","max-snippet":"max-snippet:-1","max-image-preview":"max-image-preview:large","max-video-preview":"max-video-preview:-1"},"canonical":"https:\/\/ppdegalicia.com\/es\/o-parlamento-solicita-a-retirada-da-proposta-de-reducion-das-areas-beneficiarias-do-programa-europeo-de-cooperacion-poptep-21-27\/","og_locale":"es_ES","og_type":"article","og_title":"O Parlamento solicita a retirada da proposta de reduci\u00f3n das \u00e1reas beneficiarias do programa europeo de cooperaci\u00f3n POPTEP 21-27 - PP de Galicia","og_description":"Santiago, 6 de outubro de 2021.- O Parlamento de Galicia aprobou hoxe a proposici\u00f3n non de lei do Grupo Popular, sen o apoio do Grupo Socialista, a trav\u00e9s da que se solicita ao Goberno de Espa\u00f1a que manifeste ante a Comisi\u00f3n Europea o rexeitamento e solicite a retirada da proposta de reduci\u00f3n da \u00e1rea xeogr\u00e1fica [&hellip;]","og_url":"https:\/\/ppdegalicia.com\/es\/o-parlamento-solicita-a-retirada-da-proposta-de-reducion-das-areas-beneficiarias-do-programa-europeo-de-cooperacion-poptep-21-27\/","og_site_name":"PP de Galicia","article_publisher":"https:\/\/www.instagram.com\/ppdegalicia\/","article_published_time":"2021-10-06T10:00:34+00:00","og_image":[{"width":1900,"height":1267,"url":"https:\/\/ppdegalicia.com\/wp-content\/uploads\/2021\/10\/06f79940f87ab724816dbf7aab842963.jpg","type":"image\/jpeg"}],"author":"ppdegaliciaredes","twitter_card":"summary_large_image","twitter_creator":"@ppdegalicia","twitter_site":"@ppdegalicia","twitter_misc":{"Escrito por":"ppdegaliciaredes","Tiempo de lectura":"2 minutos"},"schema":{"@context":"https:\/\/schema.org","@graph":[{"@type":"Article","@id":"https:\/\/ppdegalicia.com\/es\/o-parlamento-solicita-a-retirada-da-proposta-de-reducion-das-areas-beneficiarias-do-programa-europeo-de-cooperacion-poptep-21-27\/#article","isPartOf":{"@id":"https:\/\/ppdegalicia.com\/es\/o-parlamento-solicita-a-retirada-da-proposta-de-reducion-das-areas-beneficiarias-do-programa-europeo-de-cooperacion-poptep-21-27\/"},"author":{"name":"ppdegaliciaredes","@id":"https:\/\/ppdegalicia.com\/es\/#\/schema\/person\/5b822c6f59e872ebdd1142f307dbcb59"},"headline":"O Parlamento solicita a retirada da proposta de reduci\u00f3n das \u00e1reas beneficiarias do programa europeo de cooperaci\u00f3n POPTEP 21-27","datePublished":"2021-10-06T10:00:34+00:00","mainEntityOfPage":{"@id":"https:\/\/ppdegalicia.com\/es\/o-parlamento-solicita-a-retirada-da-proposta-de-reducion-das-areas-beneficiarias-do-programa-europeo-de-cooperacion-poptep-21-27\/"},"wordCount":396,"commentCount":0,"publisher":{"@id":"https:\/\/ppdegalicia.com\/es\/#organization"},"image":{"@id":"https:\/\/ppdegalicia.com\/es\/o-parlamento-solicita-a-retirada-da-proposta-de-reducion-das-areas-beneficiarias-do-programa-europeo-de-cooperacion-poptep-21-27\/#primaryimage"},"thumbnailUrl":"https:\/\/ppdegalicia.com\/wp-content\/uploads\/2021\/10\/06f79940f87ab724816dbf7aab842963.jpg","articleSection":["PP de Galicia"],"inLanguage":"es","potentialAction":[{"@type":"CommentAction","name":"Comment","target":["https:\/\/ppdegalicia.com\/es\/o-parlamento-solicita-a-retirada-da-proposta-de-reducion-das-areas-beneficiarias-do-programa-europeo-de-cooperacion-poptep-21-27\/#respond"]}]},{"@type":"WebPage","@id":"https:\/\/ppdegalicia.com\/es\/o-parlamento-solicita-a-retirada-da-proposta-de-reducion-das-areas-beneficiarias-do-programa-europeo-de-cooperacion-poptep-21-27\/","url":"https:\/\/ppdegalicia.com\/es\/o-parlamento-solicita-a-retirada-da-proposta-de-reducion-das-areas-beneficiarias-do-programa-europeo-de-cooperacion-poptep-21-27\/","name":"O Parlamento solicita a retirada da proposta de reduci\u00f3n das \u00e1reas beneficiarias do programa europeo de cooperaci\u00f3n POPTEP 21-27 - PP de Galicia","isPartOf":{"@id":"https:\/\/ppdegalicia.com\/es\/#website"},"primaryImageOfPage":{"@id":"https:\/\/ppdegalicia.com\/es\/o-parlamento-solicita-a-retirada-da-proposta-de-reducion-das-areas-beneficiarias-do-programa-europeo-de-cooperacion-poptep-21-27\/#primaryimage"},"image":{"@id":"https:\/\/ppdegalicia.com\/es\/o-parlamento-solicita-a-retirada-da-proposta-de-reducion-das-areas-beneficiarias-do-programa-europeo-de-cooperacion-poptep-21-27\/#primaryimage"},"thumbnailUrl":"https:\/\/ppdegalicia.com\/wp-content\/uploads\/2021\/10\/06f79940f87ab724816dbf7aab842963.jpg","datePublished":"2021-10-06T10:00:34+00:00","breadcrumb":{"@id":"https:\/\/ppdegalicia.com\/es\/o-parlamento-solicita-a-retirada-da-proposta-de-reducion-das-areas-beneficiarias-do-programa-europeo-de-cooperacion-poptep-21-27\/#breadcrumb"},"inLanguage":"es","potentialAction":[{"@type":"ReadAction","target":["https:\/\/ppdegalicia.com\/es\/o-parlamento-solicita-a-retirada-da-proposta-de-reducion-das-areas-beneficiarias-do-programa-europeo-de-cooperacion-poptep-21-27\/"]}]},{"@type":"ImageObject","inLanguage":"es","@id":"https:\/\/ppdegalicia.com\/es\/o-parlamento-solicita-a-retirada-da-proposta-de-reducion-das-areas-beneficiarias-do-programa-europeo-de-cooperacion-poptep-21-27\/#primaryimage","url":"https:\/\/ppdegalicia.com\/wp-content\/uploads\/2021\/10\/06f79940f87ab724816dbf7aab842963.jpg","contentUrl":"https:\/\/ppdegalicia.com\/wp-content\/uploads\/2021\/10\/06f79940f87ab724816dbf7aab842963.jpg","width":1900,"height":1267},{"@type":"BreadcrumbList","@id":"https:\/\/ppdegalicia.com\/es\/o-parlamento-solicita-a-retirada-da-proposta-de-reducion-das-areas-beneficiarias-do-programa-europeo-de-cooperacion-poptep-21-27\/#breadcrumb","itemListElement":[{"@type":"ListItem","position":1,"name":"Portada","item":"https:\/\/ppdegalicia.com\/es\/"},{"@type":"ListItem","position":2,"name":"O Parlamento solicita a retirada da proposta de reduci\u00f3n das \u00e1reas beneficiarias do programa europeo de cooperaci\u00f3n POPTEP 21-27"}]},{"@type":"WebSite","@id":"https:\/\/ppdegalicia.com\/es\/#website","url":"https:\/\/ppdegalicia.com\/es\/","name":"Partido Popular de Galicia","description":"Partido Popular de Galicia","publisher":{"@id":"https:\/\/ppdegalicia.com\/es\/#organization"},"alternateName":"PP de Galicia","potentialAction":[{"@type":"SearchAction","target":{"@type":"EntryPoint","urlTemplate":"https:\/\/ppdegalicia.com\/es\/?s={search_term_string}"},"query-input":{"@type":"PropertyValueSpecification","valueRequired":true,"valueName":"search_term_string"}}],"inLanguage":"es"},{"@type":"Organization","@id":"https:\/\/ppdegalicia.com\/es\/#organization","name":"Partido Popular de Galicia","alternateName":"PP de Galicia","url":"https:\/\/ppdegalicia.com\/es\/","logo":{"@type":"ImageObject","inLanguage":"es","@id":"https:\/\/ppdegalicia.com\/es\/#\/schema\/logo\/image\/","url":"https:\/\/ppdegalicia.com\/wp-content\/uploads\/2023\/04\/logoPP512.png","contentUrl":"https:\/\/ppdegalicia.com\/wp-content\/uploads\/2023\/04\/logoPP512.png","width":512,"height":512,"caption":"Partido Popular de Galicia"},"image":{"@id":"https:\/\/ppdegalicia.com\/es\/#\/schema\/logo\/image\/"},"sameAs":["https:\/\/www.instagram.com\/ppdegalicia\/","https:\/\/x.com\/ppdegalicia","https:\/\/www.tiktok.com\/@ppdegalicia","https:\/\/www.youtube.com\/user\/ppdegalicia"]},{"@type":"Person","@id":"https:\/\/ppdegalicia.com\/es\/#\/schema\/person\/5b822c6f59e872ebdd1142f307dbcb59","name":"ppdegaliciaredes","image":{"@type":"ImageObject","inLanguage":"es","@id":"https:\/\/secure.gravatar.com\/avatar\/3c9179cf0256d00c72a48d1f25783c58b6842cd56e85ef3a572881c8e28ccd59?s=96&d=mm&r=g","url":"https:\/\/secure.gravatar.com\/avatar\/3c9179cf0256d00c72a48d1f25783c58b6842cd56e85ef3a572881c8e28ccd59?s=96&d=mm&r=g","contentUrl":"https:\/\/secure.gravatar.com\/avatar\/3c9179cf0256d00c72a48d1f25783c58b6842cd56e85ef3a572881c8e28ccd59?s=96&d=mm&r=g","caption":"ppdegaliciaredes"},"url":"https:\/\/ppdegalicia.com\/es\/author\/ppdegaliciaredes\/"}]}},"_links":{"self":[{"href":"https:\/\/ppdegalicia.com\/es\/wp-json\/wp\/v2\/posts\/56280","targetHints":{"allow":["GET"]}}],"collection":[{"href":"https:\/\/ppdegalicia.com\/es\/wp-json\/wp\/v2\/posts"}],"about":[{"href":"https:\/\/ppdegalicia.com\/es\/wp-json\/wp\/v2\/types\/post"}],"author":[{"embeddable":true,"href":"https:\/\/ppdegalicia.com\/es\/wp-json\/wp\/v2\/users\/38"}],"replies":[{"embeddable":true,"href":"https:\/\/ppdegalicia.com\/es\/wp-json\/wp\/v2\/comments?post=56280"}],"version-history":[{"count":0,"href":"https:\/\/ppdegalicia.com\/es\/wp-json\/wp\/v2\/posts\/56280\/revisions"}],"wp:featuredmedia":[{"embeddable":true,"href":"https:\/\/ppdegalicia.com\/es\/wp-json\/wp\/v2\/media\/56279"}],"wp:attachment":[{"href":"https:\/\/ppdegalicia.com\/es\/wp-json\/wp\/v2\/media?parent=56280"}],"wp:term":[{"taxonomy":"category","embeddable":true,"href":"https:\/\/ppdegalicia.com\/es\/wp-json\/wp\/v2\/categories?post=56280"},{"taxonomy":"post_tag","embeddable":true,"href":"https:\/\/ppdegalicia.com\/es\/wp-json\/wp\/v2\/tags?post=56280"}],"curies":[{"name":"wp","href":"https:\/\/api.w.org\/{rel}","templated":true}]}}