{"id":56333,"date":"2021-10-25T10:21:55","date_gmt":"2021-10-25T08:21:55","guid":{"rendered":"https:\/\/ppdegalicia.com\/defensa-ante-a-ue-e-a-omc-do-freo-a-proposta-de-prohibir-determinadas-subvencions-a-pesca\/"},"modified":"2021-10-25T10:21:55","modified_gmt":"2021-10-25T08:21:55","slug":"defensa-ante-a-ue-e-a-omc-do-freo-a-proposta-de-prohibir-determinadas-subvencions-a-pesca","status":"publish","type":"post","link":"https:\/\/ppdegalicia.com\/es\/defensa-ante-a-ue-e-a-omc-do-freo-a-proposta-de-prohibir-determinadas-subvencions-a-pesca\/","title":{"rendered":"Defensa ante a UE e a OMC do freo a proposta de prohibir determinadas subvenci\u00f3ns \u00e1 pesca"},"content":{"rendered":"<p><img fetchpriority=\"high\" decoding=\"async\" class=\" size-full wp-image-56332\" src=\"https:\/\/ppdegalicia.com\/wp-content\/uploads\/2021\/10\/7c1360ba6521f8ae8b74fcf4888a7845-scaled.jpg\" alt=\"\" width=\"2560\" height=\"1706\" srcset=\"https:\/\/ppdegalicia.com\/wp-content\/uploads\/2021\/10\/7c1360ba6521f8ae8b74fcf4888a7845-scaled.jpg 2560w, https:\/\/ppdegalicia.com\/wp-content\/uploads\/2021\/10\/7c1360ba6521f8ae8b74fcf4888a7845-300x200.jpg 300w, https:\/\/ppdegalicia.com\/wp-content\/uploads\/2021\/10\/7c1360ba6521f8ae8b74fcf4888a7845-1024x682.jpg 1024w, https:\/\/ppdegalicia.com\/wp-content\/uploads\/2021\/10\/7c1360ba6521f8ae8b74fcf4888a7845-768x512.jpg 768w, https:\/\/ppdegalicia.com\/wp-content\/uploads\/2021\/10\/7c1360ba6521f8ae8b74fcf4888a7845-1536x1024.jpg 1536w, https:\/\/ppdegalicia.com\/wp-content\/uploads\/2021\/10\/7c1360ba6521f8ae8b74fcf4888a7845-2048x1365.jpg 2048w\" sizes=\"(max-width: 2560px) 100vw, 2560px\" \/><\/p>\n<p>Galicia asiste con preocupaci\u00f3n ao desenvolvemento das negociaci\u00f3ns que, no marco da Organizaci\u00f3n Mundial do Comercio (OMC) est\u00e1n a darse sobre medidas para a eliminaci\u00f3n de subvenci\u00f3ns \u00e1 pesca ilegal, non declarada e non regulamentada (INDNR) e \u00e1 prohibici\u00f3n de determinadas formas de subvenci\u00f3ns \u00e1 pesca que supostamente contrib\u00faen \u00e1 sobrecapacidade e \u00e1 sobrepesca.<\/p>\n<p>O 11 de maio de 2021, o Presidente das negociaci\u00f3ns sobre as subvenci\u00f3ns \u00e1 pesca, Embaixador Santiago Wills (Colombia), presentou un novo proxecto de texto destinado a achegar aos Membros a un acordo antes da reuni\u00f3n de Ministros do 15 de xullo.<\/p>\n<p>Neste sentido, a tenor do artigo 5 do borrador presentado, considerar\u00edase que contrib\u00faen \u00e1 sobrecapacidade ou sobrepesca, por tanto estar\u00edan prohibidas, as subvenci\u00f3ns \u201c\u00e1 compra ou a cubrir os custos de combustible, xeo ou cebos\u201d.<\/p>\n<p>Galicia rexeita a eliminaci\u00f3n xeneralizada do combustible bonificado para a frota pesqueira que prop\u00f3n este borrador da OMC, debido a que pon en risco a sustentabilidade e o futuro do sector pesqueiro galego. Entendemos que se trata dunha medida cando menos inxusta, xa que cargar\u00eda de novo un esforzo sobre a frota da UE e da galega, que est\u00e1n demostrado practicar unha pesca responsable e sustentable en todos os mares nos que desenvolve a s\u00faa actividade sobre un equilibrio dos termos ambientais, sociais e econ\u00f3micos e cun alto est\u00e1ndar de aplicaci\u00f3n de requisitos nestes terreos, tal e como lle establece a normativa europea, a m\u00e1is esixente en materia de sustentabilidade a nivel global.<\/p>\n<p>Desde o convencemento de que poden adoptarse outras medidas para mellorar a eficiencia enerx\u00e9tica e atallar a sobrepesca, a sobrecapacidad e as pr\u00e1cticas<br \/>irresponsables de determinadas frotas sen prexudicar a aquelas que act\u00faan de forma<br \/>responsable, Galicia est\u00e1 a promover outras acci\u00f3ns para a mellora da eficiencia enerx\u00e9tica e a descarbonizaci\u00f3n do sector, tales como a inclusi\u00f3n do sector mar\u00edtimo-pesqueiro na v\u00eda do uso do hidr\u00f3xeno.<\/p>\n<p>\u00a0<\/p>\n<p><strong>Por todo o exposto, o Grupo Parlamentario Popular presenta a seguinte proposici\u00f3n non de lei en Pleno:<\/strong><\/p>\n<p><strong>\u201cO Parlamento de Galicia insta \u00e1 Xunta de Galicia a dirixirse ao Goberno de Espa\u00f1a para demandar diante da UE e da OMC unha defensa pechada para frear a proposta de prohibir as subvenci\u00f3ns \u00e1 compra ou a cubrir os custos de combustible, cuxo obxectivo \u00e9 a defensa da igualdade global da actividade mar\u00edtimo-pesqueira e da competitividade e sustentabilidade da nosa frota\u201d.<\/strong><\/p>\n<p>\u00a0<\/p>\n<p><strong>Rexistro:\u00a0<a href=\"https:\/\/www.parlamentodegalicia.es\/Expedientes\/11\/PNP-001663\">https:\/\/www.parlamentodegalicia.es\/Expedientes\/11\/PNP-001663<\/a><\/strong><\/p>\n<p>\u00a0<\/p>\n<p>\u00a0<\/p>\n","protected":false},"excerpt":{"rendered":"<p>Galicia asiste con preocupaci\u00f3n ao desenvolvemento das negociaci\u00f3ns que, no marco da Organizaci\u00f3n Mundial do Comercio (OMC) est\u00e1n a darse sobre medidas para a eliminaci\u00f3n de subvenci\u00f3ns \u00e1 pesca ilegal, non declarada e non regulamentada (INDNR) e \u00e1 prohibici\u00f3n de determinadas formas de subvenci\u00f3ns \u00e1 pesca que supostamente contrib\u00faen \u00e1 sobrecapacidade e \u00e1 sobrepesca. O [&hellip;]<\/p>\n","protected":false},"author":38,"featured_media":56332,"comment_status":"open","ping_status":"open","sticky":false,"template":"","format":"standard","meta":{"_acf_changed":false,"footnotes":""},"categories":[1128,1],"tags":[],"class_list":["post-56333","post","type-post","status-publish","format-standard","has-post-thumbnail","hentry","category-actualidad-parlamento-de-galicia","category-pp-de-galicia"],"acf":[],"yoast_head":"<!-- This site is optimized with the Yoast SEO plugin v27.3 - https:\/\/yoast.com\/product\/yoast-seo-wordpress\/ -->\n<title>Defensa ante a UE e a OMC do freo a proposta de prohibir determinadas subvenci\u00f3ns \u00e1 pesca - PP de Galicia<\/title>\n<meta name=\"robots\" content=\"index, follow, max-snippet:-1, max-image-preview:large, max-video-preview:-1\" \/>\n<link rel=\"canonical\" href=\"https:\/\/ppdegalicia.com\/es\/defensa-ante-a-ue-e-a-omc-do-freo-a-proposta-de-prohibir-determinadas-subvencions-a-pesca\/\" \/>\n<meta property=\"og:locale\" content=\"es_ES\" \/>\n<meta property=\"og:type\" content=\"article\" \/>\n<meta property=\"og:title\" content=\"Defensa ante a UE e a OMC do freo a proposta de prohibir determinadas subvenci\u00f3ns \u00e1 pesca - PP de Galicia\" \/>\n<meta property=\"og:description\" content=\"Galicia asiste con preocupaci\u00f3n ao desenvolvemento das negociaci\u00f3ns que, no marco da Organizaci\u00f3n Mundial do Comercio (OMC) est\u00e1n a darse sobre medidas para a eliminaci\u00f3n de subvenci\u00f3ns \u00e1 pesca ilegal, non declarada e non regulamentada (INDNR) e \u00e1 prohibici\u00f3n de determinadas formas de subvenci\u00f3ns \u00e1 pesca que supostamente contrib\u00faen \u00e1 sobrecapacidade e \u00e1 sobrepesca. O [&hellip;]\" \/>\n<meta property=\"og:url\" content=\"https:\/\/ppdegalicia.com\/es\/defensa-ante-a-ue-e-a-omc-do-freo-a-proposta-de-prohibir-determinadas-subvencions-a-pesca\/\" \/>\n<meta property=\"og:site_name\" content=\"PP de Galicia\" \/>\n<meta property=\"article:publisher\" content=\"https:\/\/www.instagram.com\/ppdegalicia\/\" \/>\n<meta property=\"article:published_time\" content=\"2021-10-25T08:21:55+00:00\" \/>\n<meta property=\"og:image\" content=\"https:\/\/ppdegalicia.com\/wp-content\/uploads\/2021\/10\/7c1360ba6521f8ae8b74fcf4888a7845-scaled.jpg\" \/>\n\t<meta property=\"og:image:width\" content=\"2560\" \/>\n\t<meta property=\"og:image:height\" content=\"1706\" \/>\n\t<meta property=\"og:image:type\" content=\"image\/jpeg\" \/>\n<meta name=\"author\" content=\"ppdegaliciaredes\" \/>\n<meta name=\"twitter:card\" content=\"summary_large_image\" \/>\n<meta name=\"twitter:creator\" content=\"@ppdegalicia\" \/>\n<meta name=\"twitter:site\" content=\"@ppdegalicia\" \/>\n<meta name=\"twitter:label1\" content=\"Escrito por\" \/>\n\t<meta name=\"twitter:data1\" content=\"ppdegaliciaredes\" \/>\n\t<meta name=\"twitter:label2\" content=\"Tiempo de lectura\" \/>\n\t<meta name=\"twitter:data2\" content=\"2 minutos\" \/>\n<script type=\"application\/ld+json\" class=\"yoast-schema-graph\">{\"@context\":\"https:\\\/\\\/schema.org\",\"@graph\":[{\"@type\":\"Article\",\"@id\":\"https:\\\/\\\/ppdegalicia.com\\\/es\\\/defensa-ante-a-ue-e-a-omc-do-freo-a-proposta-de-prohibir-determinadas-subvencions-a-pesca\\\/#article\",\"isPartOf\":{\"@id\":\"https:\\\/\\\/ppdegalicia.com\\\/es\\\/defensa-ante-a-ue-e-a-omc-do-freo-a-proposta-de-prohibir-determinadas-subvencions-a-pesca\\\/\"},\"author\":{\"name\":\"ppdegaliciaredes\",\"@id\":\"https:\\\/\\\/ppdegalicia.com\\\/es\\\/#\\\/schema\\\/person\\\/5b822c6f59e872ebdd1142f307dbcb59\"},\"headline\":\"Defensa ante a UE e a OMC do freo a proposta de prohibir determinadas subvenci\u00f3ns \u00e1 pesca\",\"datePublished\":\"2021-10-25T08:21:55+00:00\",\"mainEntityOfPage\":{\"@id\":\"https:\\\/\\\/ppdegalicia.com\\\/es\\\/defensa-ante-a-ue-e-a-omc-do-freo-a-proposta-de-prohibir-determinadas-subvencions-a-pesca\\\/\"},\"wordCount\":435,\"commentCount\":0,\"publisher\":{\"@id\":\"https:\\\/\\\/ppdegalicia.com\\\/es\\\/#organization\"},\"image\":{\"@id\":\"https:\\\/\\\/ppdegalicia.com\\\/es\\\/defensa-ante-a-ue-e-a-omc-do-freo-a-proposta-de-prohibir-determinadas-subvencions-a-pesca\\\/#primaryimage\"},\"thumbnailUrl\":\"https:\\\/\\\/ppdegalicia.com\\\/wp-content\\\/uploads\\\/2021\\\/10\\\/7c1360ba6521f8ae8b74fcf4888a7845-scaled.jpg\",\"articleSection\":[\"Parlamento de Galicia\",\"PP de Galicia\"],\"inLanguage\":\"es\",\"potentialAction\":[{\"@type\":\"CommentAction\",\"name\":\"Comment\",\"target\":[\"https:\\\/\\\/ppdegalicia.com\\\/es\\\/defensa-ante-a-ue-e-a-omc-do-freo-a-proposta-de-prohibir-determinadas-subvencions-a-pesca\\\/#respond\"]}]},{\"@type\":\"WebPage\",\"@id\":\"https:\\\/\\\/ppdegalicia.com\\\/es\\\/defensa-ante-a-ue-e-a-omc-do-freo-a-proposta-de-prohibir-determinadas-subvencions-a-pesca\\\/\",\"url\":\"https:\\\/\\\/ppdegalicia.com\\\/es\\\/defensa-ante-a-ue-e-a-omc-do-freo-a-proposta-de-prohibir-determinadas-subvencions-a-pesca\\\/\",\"name\":\"Defensa ante a UE e a OMC do freo a proposta de prohibir determinadas subvenci\u00f3ns \u00e1 pesca - PP de Galicia\",\"isPartOf\":{\"@id\":\"https:\\\/\\\/ppdegalicia.com\\\/es\\\/#website\"},\"primaryImageOfPage\":{\"@id\":\"https:\\\/\\\/ppdegalicia.com\\\/es\\\/defensa-ante-a-ue-e-a-omc-do-freo-a-proposta-de-prohibir-determinadas-subvencions-a-pesca\\\/#primaryimage\"},\"image\":{\"@id\":\"https:\\\/\\\/ppdegalicia.com\\\/es\\\/defensa-ante-a-ue-e-a-omc-do-freo-a-proposta-de-prohibir-determinadas-subvencions-a-pesca\\\/#primaryimage\"},\"thumbnailUrl\":\"https:\\\/\\\/ppdegalicia.com\\\/wp-content\\\/uploads\\\/2021\\\/10\\\/7c1360ba6521f8ae8b74fcf4888a7845-scaled.jpg\",\"datePublished\":\"2021-10-25T08:21:55+00:00\",\"breadcrumb\":{\"@id\":\"https:\\\/\\\/ppdegalicia.com\\\/es\\\/defensa-ante-a-ue-e-a-omc-do-freo-a-proposta-de-prohibir-determinadas-subvencions-a-pesca\\\/#breadcrumb\"},\"inLanguage\":\"es\",\"potentialAction\":[{\"@type\":\"ReadAction\",\"target\":[\"https:\\\/\\\/ppdegalicia.com\\\/es\\\/defensa-ante-a-ue-e-a-omc-do-freo-a-proposta-de-prohibir-determinadas-subvencions-a-pesca\\\/\"]}]},{\"@type\":\"ImageObject\",\"inLanguage\":\"es\",\"@id\":\"https:\\\/\\\/ppdegalicia.com\\\/es\\\/defensa-ante-a-ue-e-a-omc-do-freo-a-proposta-de-prohibir-determinadas-subvencions-a-pesca\\\/#primaryimage\",\"url\":\"https:\\\/\\\/ppdegalicia.com\\\/wp-content\\\/uploads\\\/2021\\\/10\\\/7c1360ba6521f8ae8b74fcf4888a7845-scaled.jpg\",\"contentUrl\":\"https:\\\/\\\/ppdegalicia.com\\\/wp-content\\\/uploads\\\/2021\\\/10\\\/7c1360ba6521f8ae8b74fcf4888a7845-scaled.jpg\",\"width\":2560,\"height\":1706},{\"@type\":\"BreadcrumbList\",\"@id\":\"https:\\\/\\\/ppdegalicia.com\\\/es\\\/defensa-ante-a-ue-e-a-omc-do-freo-a-proposta-de-prohibir-determinadas-subvencions-a-pesca\\\/#breadcrumb\",\"itemListElement\":[{\"@type\":\"ListItem\",\"position\":1,\"name\":\"Portada\",\"item\":\"https:\\\/\\\/ppdegalicia.com\\\/es\\\/\"},{\"@type\":\"ListItem\",\"position\":2,\"name\":\"Defensa ante a UE e a OMC do freo a proposta de prohibir determinadas subvenci\u00f3ns \u00e1 pesca\"}]},{\"@type\":\"WebSite\",\"@id\":\"https:\\\/\\\/ppdegalicia.com\\\/es\\\/#website\",\"url\":\"https:\\\/\\\/ppdegalicia.com\\\/es\\\/\",\"name\":\"Partido Popular de Galicia\",\"description\":\"Partido Popular de Galicia\",\"publisher\":{\"@id\":\"https:\\\/\\\/ppdegalicia.com\\\/es\\\/#organization\"},\"alternateName\":\"PP de Galicia\",\"potentialAction\":[{\"@type\":\"SearchAction\",\"target\":{\"@type\":\"EntryPoint\",\"urlTemplate\":\"https:\\\/\\\/ppdegalicia.com\\\/es\\\/?s={search_term_string}\"},\"query-input\":{\"@type\":\"PropertyValueSpecification\",\"valueRequired\":true,\"valueName\":\"search_term_string\"}}],\"inLanguage\":\"es\"},{\"@type\":\"Organization\",\"@id\":\"https:\\\/\\\/ppdegalicia.com\\\/es\\\/#organization\",\"name\":\"Partido Popular de Galicia\",\"alternateName\":\"PP de Galicia\",\"url\":\"https:\\\/\\\/ppdegalicia.com\\\/es\\\/\",\"logo\":{\"@type\":\"ImageObject\",\"inLanguage\":\"es\",\"@id\":\"https:\\\/\\\/ppdegalicia.com\\\/es\\\/#\\\/schema\\\/logo\\\/image\\\/\",\"url\":\"https:\\\/\\\/ppdegalicia.com\\\/wp-content\\\/uploads\\\/2023\\\/04\\\/logoPP512.png\",\"contentUrl\":\"https:\\\/\\\/ppdegalicia.com\\\/wp-content\\\/uploads\\\/2023\\\/04\\\/logoPP512.png\",\"width\":512,\"height\":512,\"caption\":\"Partido Popular de Galicia\"},\"image\":{\"@id\":\"https:\\\/\\\/ppdegalicia.com\\\/es\\\/#\\\/schema\\\/logo\\\/image\\\/\"},\"sameAs\":[\"https:\\\/\\\/www.instagram.com\\\/ppdegalicia\\\/\",\"https:\\\/\\\/x.com\\\/ppdegalicia\",\"https:\\\/\\\/www.tiktok.com\\\/@ppdegalicia\",\"https:\\\/\\\/www.youtube.com\\\/user\\\/ppdegalicia\"]},{\"@type\":\"Person\",\"@id\":\"https:\\\/\\\/ppdegalicia.com\\\/es\\\/#\\\/schema\\\/person\\\/5b822c6f59e872ebdd1142f307dbcb59\",\"name\":\"ppdegaliciaredes\",\"image\":{\"@type\":\"ImageObject\",\"inLanguage\":\"es\",\"@id\":\"https:\\\/\\\/secure.gravatar.com\\\/avatar\\\/3c9179cf0256d00c72a48d1f25783c58b6842cd56e85ef3a572881c8e28ccd59?s=96&d=mm&r=g\",\"url\":\"https:\\\/\\\/secure.gravatar.com\\\/avatar\\\/3c9179cf0256d00c72a48d1f25783c58b6842cd56e85ef3a572881c8e28ccd59?s=96&d=mm&r=g\",\"contentUrl\":\"https:\\\/\\\/secure.gravatar.com\\\/avatar\\\/3c9179cf0256d00c72a48d1f25783c58b6842cd56e85ef3a572881c8e28ccd59?s=96&d=mm&r=g\",\"caption\":\"ppdegaliciaredes\"},\"url\":\"https:\\\/\\\/ppdegalicia.com\\\/es\\\/author\\\/ppdegaliciaredes\\\/\"}]}<\/script>\n<!-- \/ Yoast SEO plugin. -->","yoast_head_json":{"title":"Defensa ante a UE e a OMC do freo a proposta de prohibir determinadas subvenci\u00f3ns \u00e1 pesca - PP de Galicia","robots":{"index":"index","follow":"follow","max-snippet":"max-snippet:-1","max-image-preview":"max-image-preview:large","max-video-preview":"max-video-preview:-1"},"canonical":"https:\/\/ppdegalicia.com\/es\/defensa-ante-a-ue-e-a-omc-do-freo-a-proposta-de-prohibir-determinadas-subvencions-a-pesca\/","og_locale":"es_ES","og_type":"article","og_title":"Defensa ante a UE e a OMC do freo a proposta de prohibir determinadas subvenci\u00f3ns \u00e1 pesca - PP de Galicia","og_description":"Galicia asiste con preocupaci\u00f3n ao desenvolvemento das negociaci\u00f3ns que, no marco da Organizaci\u00f3n Mundial do Comercio (OMC) est\u00e1n a darse sobre medidas para a eliminaci\u00f3n de subvenci\u00f3ns \u00e1 pesca ilegal, non declarada e non regulamentada (INDNR) e \u00e1 prohibici\u00f3n de determinadas formas de subvenci\u00f3ns \u00e1 pesca que supostamente contrib\u00faen \u00e1 sobrecapacidade e \u00e1 sobrepesca. O [&hellip;]","og_url":"https:\/\/ppdegalicia.com\/es\/defensa-ante-a-ue-e-a-omc-do-freo-a-proposta-de-prohibir-determinadas-subvencions-a-pesca\/","og_site_name":"PP de Galicia","article_publisher":"https:\/\/www.instagram.com\/ppdegalicia\/","article_published_time":"2021-10-25T08:21:55+00:00","og_image":[{"width":2560,"height":1706,"url":"https:\/\/ppdegalicia.com\/wp-content\/uploads\/2021\/10\/7c1360ba6521f8ae8b74fcf4888a7845-scaled.jpg","type":"image\/jpeg"}],"author":"ppdegaliciaredes","twitter_card":"summary_large_image","twitter_creator":"@ppdegalicia","twitter_site":"@ppdegalicia","twitter_misc":{"Escrito por":"ppdegaliciaredes","Tiempo de lectura":"2 minutos"},"schema":{"@context":"https:\/\/schema.org","@graph":[{"@type":"Article","@id":"https:\/\/ppdegalicia.com\/es\/defensa-ante-a-ue-e-a-omc-do-freo-a-proposta-de-prohibir-determinadas-subvencions-a-pesca\/#article","isPartOf":{"@id":"https:\/\/ppdegalicia.com\/es\/defensa-ante-a-ue-e-a-omc-do-freo-a-proposta-de-prohibir-determinadas-subvencions-a-pesca\/"},"author":{"name":"ppdegaliciaredes","@id":"https:\/\/ppdegalicia.com\/es\/#\/schema\/person\/5b822c6f59e872ebdd1142f307dbcb59"},"headline":"Defensa ante a UE e a OMC do freo a proposta de prohibir determinadas subvenci\u00f3ns \u00e1 pesca","datePublished":"2021-10-25T08:21:55+00:00","mainEntityOfPage":{"@id":"https:\/\/ppdegalicia.com\/es\/defensa-ante-a-ue-e-a-omc-do-freo-a-proposta-de-prohibir-determinadas-subvencions-a-pesca\/"},"wordCount":435,"commentCount":0,"publisher":{"@id":"https:\/\/ppdegalicia.com\/es\/#organization"},"image":{"@id":"https:\/\/ppdegalicia.com\/es\/defensa-ante-a-ue-e-a-omc-do-freo-a-proposta-de-prohibir-determinadas-subvencions-a-pesca\/#primaryimage"},"thumbnailUrl":"https:\/\/ppdegalicia.com\/wp-content\/uploads\/2021\/10\/7c1360ba6521f8ae8b74fcf4888a7845-scaled.jpg","articleSection":["Parlamento de Galicia","PP de Galicia"],"inLanguage":"es","potentialAction":[{"@type":"CommentAction","name":"Comment","target":["https:\/\/ppdegalicia.com\/es\/defensa-ante-a-ue-e-a-omc-do-freo-a-proposta-de-prohibir-determinadas-subvencions-a-pesca\/#respond"]}]},{"@type":"WebPage","@id":"https:\/\/ppdegalicia.com\/es\/defensa-ante-a-ue-e-a-omc-do-freo-a-proposta-de-prohibir-determinadas-subvencions-a-pesca\/","url":"https:\/\/ppdegalicia.com\/es\/defensa-ante-a-ue-e-a-omc-do-freo-a-proposta-de-prohibir-determinadas-subvencions-a-pesca\/","name":"Defensa ante a UE e a OMC do freo a proposta de prohibir determinadas subvenci\u00f3ns \u00e1 pesca - PP de Galicia","isPartOf":{"@id":"https:\/\/ppdegalicia.com\/es\/#website"},"primaryImageOfPage":{"@id":"https:\/\/ppdegalicia.com\/es\/defensa-ante-a-ue-e-a-omc-do-freo-a-proposta-de-prohibir-determinadas-subvencions-a-pesca\/#primaryimage"},"image":{"@id":"https:\/\/ppdegalicia.com\/es\/defensa-ante-a-ue-e-a-omc-do-freo-a-proposta-de-prohibir-determinadas-subvencions-a-pesca\/#primaryimage"},"thumbnailUrl":"https:\/\/ppdegalicia.com\/wp-content\/uploads\/2021\/10\/7c1360ba6521f8ae8b74fcf4888a7845-scaled.jpg","datePublished":"2021-10-25T08:21:55+00:00","breadcrumb":{"@id":"https:\/\/ppdegalicia.com\/es\/defensa-ante-a-ue-e-a-omc-do-freo-a-proposta-de-prohibir-determinadas-subvencions-a-pesca\/#breadcrumb"},"inLanguage":"es","potentialAction":[{"@type":"ReadAction","target":["https:\/\/ppdegalicia.com\/es\/defensa-ante-a-ue-e-a-omc-do-freo-a-proposta-de-prohibir-determinadas-subvencions-a-pesca\/"]}]},{"@type":"ImageObject","inLanguage":"es","@id":"https:\/\/ppdegalicia.com\/es\/defensa-ante-a-ue-e-a-omc-do-freo-a-proposta-de-prohibir-determinadas-subvencions-a-pesca\/#primaryimage","url":"https:\/\/ppdegalicia.com\/wp-content\/uploads\/2021\/10\/7c1360ba6521f8ae8b74fcf4888a7845-scaled.jpg","contentUrl":"https:\/\/ppdegalicia.com\/wp-content\/uploads\/2021\/10\/7c1360ba6521f8ae8b74fcf4888a7845-scaled.jpg","width":2560,"height":1706},{"@type":"BreadcrumbList","@id":"https:\/\/ppdegalicia.com\/es\/defensa-ante-a-ue-e-a-omc-do-freo-a-proposta-de-prohibir-determinadas-subvencions-a-pesca\/#breadcrumb","itemListElement":[{"@type":"ListItem","position":1,"name":"Portada","item":"https:\/\/ppdegalicia.com\/es\/"},{"@type":"ListItem","position":2,"name":"Defensa ante a UE e a OMC do freo a proposta de prohibir determinadas subvenci\u00f3ns \u00e1 pesca"}]},{"@type":"WebSite","@id":"https:\/\/ppdegalicia.com\/es\/#website","url":"https:\/\/ppdegalicia.com\/es\/","name":"Partido Popular de Galicia","description":"Partido Popular de Galicia","publisher":{"@id":"https:\/\/ppdegalicia.com\/es\/#organization"},"alternateName":"PP de Galicia","potentialAction":[{"@type":"SearchAction","target":{"@type":"EntryPoint","urlTemplate":"https:\/\/ppdegalicia.com\/es\/?s={search_term_string}"},"query-input":{"@type":"PropertyValueSpecification","valueRequired":true,"valueName":"search_term_string"}}],"inLanguage":"es"},{"@type":"Organization","@id":"https:\/\/ppdegalicia.com\/es\/#organization","name":"Partido Popular de Galicia","alternateName":"PP de Galicia","url":"https:\/\/ppdegalicia.com\/es\/","logo":{"@type":"ImageObject","inLanguage":"es","@id":"https:\/\/ppdegalicia.com\/es\/#\/schema\/logo\/image\/","url":"https:\/\/ppdegalicia.com\/wp-content\/uploads\/2023\/04\/logoPP512.png","contentUrl":"https:\/\/ppdegalicia.com\/wp-content\/uploads\/2023\/04\/logoPP512.png","width":512,"height":512,"caption":"Partido Popular de Galicia"},"image":{"@id":"https:\/\/ppdegalicia.com\/es\/#\/schema\/logo\/image\/"},"sameAs":["https:\/\/www.instagram.com\/ppdegalicia\/","https:\/\/x.com\/ppdegalicia","https:\/\/www.tiktok.com\/@ppdegalicia","https:\/\/www.youtube.com\/user\/ppdegalicia"]},{"@type":"Person","@id":"https:\/\/ppdegalicia.com\/es\/#\/schema\/person\/5b822c6f59e872ebdd1142f307dbcb59","name":"ppdegaliciaredes","image":{"@type":"ImageObject","inLanguage":"es","@id":"https:\/\/secure.gravatar.com\/avatar\/3c9179cf0256d00c72a48d1f25783c58b6842cd56e85ef3a572881c8e28ccd59?s=96&d=mm&r=g","url":"https:\/\/secure.gravatar.com\/avatar\/3c9179cf0256d00c72a48d1f25783c58b6842cd56e85ef3a572881c8e28ccd59?s=96&d=mm&r=g","contentUrl":"https:\/\/secure.gravatar.com\/avatar\/3c9179cf0256d00c72a48d1f25783c58b6842cd56e85ef3a572881c8e28ccd59?s=96&d=mm&r=g","caption":"ppdegaliciaredes"},"url":"https:\/\/ppdegalicia.com\/es\/author\/ppdegaliciaredes\/"}]}},"_links":{"self":[{"href":"https:\/\/ppdegalicia.com\/es\/wp-json\/wp\/v2\/posts\/56333","targetHints":{"allow":["GET"]}}],"collection":[{"href":"https:\/\/ppdegalicia.com\/es\/wp-json\/wp\/v2\/posts"}],"about":[{"href":"https:\/\/ppdegalicia.com\/es\/wp-json\/wp\/v2\/types\/post"}],"author":[{"embeddable":true,"href":"https:\/\/ppdegalicia.com\/es\/wp-json\/wp\/v2\/users\/38"}],"replies":[{"embeddable":true,"href":"https:\/\/ppdegalicia.com\/es\/wp-json\/wp\/v2\/comments?post=56333"}],"version-history":[{"count":0,"href":"https:\/\/ppdegalicia.com\/es\/wp-json\/wp\/v2\/posts\/56333\/revisions"}],"wp:featuredmedia":[{"embeddable":true,"href":"https:\/\/ppdegalicia.com\/es\/wp-json\/wp\/v2\/media\/56332"}],"wp:attachment":[{"href":"https:\/\/ppdegalicia.com\/es\/wp-json\/wp\/v2\/media?parent=56333"}],"wp:term":[{"taxonomy":"category","embeddable":true,"href":"https:\/\/ppdegalicia.com\/es\/wp-json\/wp\/v2\/categories?post=56333"},{"taxonomy":"post_tag","embeddable":true,"href":"https:\/\/ppdegalicia.com\/es\/wp-json\/wp\/v2\/tags?post=56333"}],"curies":[{"name":"wp","href":"https:\/\/api.w.org\/{rel}","templated":true}]}}