{"id":56341,"date":"2021-10-26T12:12:41","date_gmt":"2021-10-26T10:12:41","guid":{"rendered":"https:\/\/ppdegalicia.com\/o-grupo-popular-afirma-que-o-pacto-social-pola-vivenda-2021-2025-mobilizara-arredor-de-1-100-millons-de-euros-e-beneficiara-a-70-000-familias\/"},"modified":"2021-10-26T12:12:41","modified_gmt":"2021-10-26T10:12:41","slug":"o-grupo-popular-afirma-que-o-pacto-social-pola-vivenda-2021-2025-mobilizara-arredor-de-1-100-millons-de-euros-e-beneficiara-a-70-000-familias","status":"publish","type":"post","link":"https:\/\/ppdegalicia.com\/es\/o-grupo-popular-afirma-que-o-pacto-social-pola-vivenda-2021-2025-mobilizara-arredor-de-1-100-millons-de-euros-e-beneficiara-a-70-000-familias\/","title":{"rendered":"O Grupo Popular afirma que o Pacto Social pola Vivenda 2021-2025 mobilizar\u00e1 arredor de 1.100 mill\u00f3ns de euros e beneficiar\u00e1 a 70.000 familias"},"content":{"rendered":"<p><img fetchpriority=\"high\" decoding=\"async\" class=\" size-full wp-image-56340\" src=\"https:\/\/ppdegalicia.com\/wp-content\/uploads\/2021\/10\/27ac37d8a9d38a54726d8342f3362aab.jpg\" alt=\"\" width=\"1900\" height=\"1267\" srcset=\"https:\/\/ppdegalicia.com\/wp-content\/uploads\/2021\/10\/27ac37d8a9d38a54726d8342f3362aab.jpg 1900w, https:\/\/ppdegalicia.com\/wp-content\/uploads\/2021\/10\/27ac37d8a9d38a54726d8342f3362aab-300x200.jpg 300w, https:\/\/ppdegalicia.com\/wp-content\/uploads\/2021\/10\/27ac37d8a9d38a54726d8342f3362aab-1024x683.jpg 1024w, https:\/\/ppdegalicia.com\/wp-content\/uploads\/2021\/10\/27ac37d8a9d38a54726d8342f3362aab-768x512.jpg 768w, https:\/\/ppdegalicia.com\/wp-content\/uploads\/2021\/10\/27ac37d8a9d38a54726d8342f3362aab-1536x1024.jpg 1536w\" sizes=\"(max-width: 1900px) 100vw, 1900px\" \/><\/p>\n<p>Santiago, 26 de outubro de 2021.- A deputada do Grupo Popular Bego\u00f1a Freire afirmou hoxe no Parlamento galego que o Pacto Social pola Vivenda 2021-2025, consensuado con todos os axentes implicados, prev\u00e9 mobilizar nos vindeiros anos arredor de 1.100 mill\u00f3ns de euros en Galicia e beneficiar a m\u00e1is de 70.000 familias galegas.<\/p>\n<p><!--more--><\/p>\n<p>\u201cA pol\u00edtica de vivenda ten que ser transversal e por iso a Xunta conta cunha completa planificaci\u00f3n, cun modelo axustado \u00e1s necesidades reais de Galicia e centrada nun obxectivo: apoiar \u00e1s familias galegas na consecuci\u00f3n dunha vivenda digna\u201d, dixo.<\/p>\n<p>\u00a0<\/p>\n<p>Bego\u00f1a Freire explicou que a Xunta adxudicou, a trav\u00e9s do Rexistro de demandantes de vivenda, m\u00e1is de 3.500 vivendas de promoci\u00f3n p\u00fablica e conta na actualidade cun parque p\u00fablico de 3.700 vivendas para alugueiro, cifra que se incrementa con cada nova promoci\u00f3n.<\/p>\n<p>\u00a0<\/p>\n<p><strong>AMPLO ABANICO DE MEDIDAS<\/strong><\/p>\n<p>\u00a0<\/p>\n<p>En concreto, a deputada popular manifestou que a Xunta disp\u00f3n \u201cdun amplo abanico de medidas que permite desenvolver unha pol\u00edtica que est\u00e1 ao p\u00e9 da r\u00faa, dando resposta \u00e1s demandas e \u00e1s necesidades da xente\u201d. As\u00ed, referiuse aos programas de vivendas de promoci\u00f3n p\u00fablica de nova construci\u00f3n ou rehabilitada ou as li\u00f1as de axuda para alugueiro e adquisici\u00f3n de vivenda.<\/p>\n<p>\u00a0<\/p>\n<p>\u201cA pol\u00edtica de vivenda da Xunta c\u00e9ntrase en traballar para que todos os galegos dispo\u00f1an dunha vivenda digna e a prezos asequibles, constru\u00edndo vivenda p\u00fablica e apostando tam\u00e9n pola rehabilitaci\u00f3n\u201d, sinalou Bego\u00f1a Freire, quen apuntou a existencia de diversos programas de axuda para que mozos galegos dispo\u00f1an de m\u00e1is oportunidades para acceder \u00e1 s\u00faa primeira vivenda.<\/p>\n<p>\u00a0<\/p>\n<p><strong>PLAN CONSENSUADO<\/strong><\/p>\n<p>\u00a0<\/p>\n<p>As\u00ed mesmo, Freire lembrou que o Plan Rehavita 2015-2020 \u201cdeu os seus froitos e agora est\u00e1 en marcha o Pacto Social pola Vivenda 2021-2025, impulsado polo Goberno galego e que naceu do consenso e a implicaci\u00f3n de todas as partes afectadas: promotores, construtores, cooperativas, os concellos, os arquitectos e arquitectos t\u00e9cnicos, e, por suposto, os consumidores e usuarios\u201d.<\/p>\n<p>\u00a0<\/p>\n<p>Por \u00faltimo, a deputada popular salientou que os orzamentos da Xunta recollen unha partida de m\u00e1is de 123,5 mill\u00f3ns de euros para o Instituto Galego de Vivenda e Solo, o que sup\u00f3n un incremento dun 28,6 por cento respecto a 2021 para continuar apoiando \u00e1s familias que m\u00e1is o necesitan, favorecer a emancipaci\u00f3n dos mozos e mozas menores de 35 anos, dar un impulso \u00e1 rehabilitaci\u00f3n de vivendas ou a construci\u00f3n de novas vivendas p\u00fablicas en cidades como A Coru\u00f1a, Vigo ou Santiago.<\/p>\n","protected":false},"excerpt":{"rendered":"<p>Santiago, 26 de outubro de 2021.- A deputada do Grupo Popular Bego\u00f1a Freire afirmou hoxe no Parlamento galego que o Pacto Social pola Vivenda 2021-2025, consensuado con todos os axentes implicados, prev\u00e9 mobilizar nos vindeiros anos arredor de 1.100 mill\u00f3ns de euros en Galicia e beneficiar a m\u00e1is de 70.000 familias galegas.<\/p>\n","protected":false},"author":38,"featured_media":56340,"comment_status":"open","ping_status":"open","sticky":false,"template":"","format":"standard","meta":{"_acf_changed":false,"footnotes":""},"categories":[1],"tags":[],"class_list":["post-56341","post","type-post","status-publish","format-standard","has-post-thumbnail","hentry","category-pp-de-galicia"],"acf":[],"yoast_head":"<!-- This site is optimized with the Yoast SEO plugin v27.3 - https:\/\/yoast.com\/product\/yoast-seo-wordpress\/ -->\n<title>O Grupo Popular afirma que o Pacto Social pola Vivenda 2021-2025 mobilizar\u00e1 arredor de 1.100 mill\u00f3ns de euros e beneficiar\u00e1 a 70.000 familias - PP de Galicia<\/title>\n<meta name=\"robots\" content=\"index, follow, max-snippet:-1, max-image-preview:large, max-video-preview:-1\" \/>\n<link rel=\"canonical\" href=\"https:\/\/ppdegalicia.com\/es\/o-grupo-popular-afirma-que-o-pacto-social-pola-vivenda-2021-2025-mobilizara-arredor-de-1-100-millons-de-euros-e-beneficiara-a-70-000-familias\/\" \/>\n<meta property=\"og:locale\" content=\"es_ES\" \/>\n<meta property=\"og:type\" content=\"article\" \/>\n<meta property=\"og:title\" content=\"O Grupo Popular afirma que o Pacto Social pola Vivenda 2021-2025 mobilizar\u00e1 arredor de 1.100 mill\u00f3ns de euros e beneficiar\u00e1 a 70.000 familias - PP de Galicia\" \/>\n<meta property=\"og:description\" content=\"Santiago, 26 de outubro de 2021.- A deputada do Grupo Popular Bego\u00f1a Freire afirmou hoxe no Parlamento galego que o Pacto Social pola Vivenda 2021-2025, consensuado con todos os axentes implicados, prev\u00e9 mobilizar nos vindeiros anos arredor de 1.100 mill\u00f3ns de euros en Galicia e beneficiar a m\u00e1is de 70.000 familias galegas.\" \/>\n<meta property=\"og:url\" content=\"https:\/\/ppdegalicia.com\/es\/o-grupo-popular-afirma-que-o-pacto-social-pola-vivenda-2021-2025-mobilizara-arredor-de-1-100-millons-de-euros-e-beneficiara-a-70-000-familias\/\" \/>\n<meta property=\"og:site_name\" content=\"PP de Galicia\" \/>\n<meta property=\"article:publisher\" content=\"https:\/\/www.instagram.com\/ppdegalicia\/\" \/>\n<meta property=\"article:published_time\" content=\"2021-10-26T10:12:41+00:00\" \/>\n<meta property=\"og:image\" content=\"https:\/\/ppdegalicia.com\/wp-content\/uploads\/2021\/10\/27ac37d8a9d38a54726d8342f3362aab.jpg\" \/>\n\t<meta property=\"og:image:width\" content=\"1900\" \/>\n\t<meta property=\"og:image:height\" content=\"1267\" \/>\n\t<meta property=\"og:image:type\" content=\"image\/jpeg\" \/>\n<meta name=\"author\" content=\"ppdegaliciaredes\" \/>\n<meta name=\"twitter:card\" content=\"summary_large_image\" \/>\n<meta name=\"twitter:creator\" content=\"@ppdegalicia\" \/>\n<meta name=\"twitter:site\" content=\"@ppdegalicia\" \/>\n<meta name=\"twitter:label1\" content=\"Escrito por\" \/>\n\t<meta name=\"twitter:data1\" content=\"ppdegaliciaredes\" \/>\n\t<meta name=\"twitter:label2\" content=\"Tiempo de lectura\" \/>\n\t<meta name=\"twitter:data2\" content=\"2 minutos\" \/>\n<script type=\"application\/ld+json\" class=\"yoast-schema-graph\">{\"@context\":\"https:\\\/\\\/schema.org\",\"@graph\":[{\"@type\":\"Article\",\"@id\":\"https:\\\/\\\/ppdegalicia.com\\\/es\\\/o-grupo-popular-afirma-que-o-pacto-social-pola-vivenda-2021-2025-mobilizara-arredor-de-1-100-millons-de-euros-e-beneficiara-a-70-000-familias\\\/#article\",\"isPartOf\":{\"@id\":\"https:\\\/\\\/ppdegalicia.com\\\/es\\\/o-grupo-popular-afirma-que-o-pacto-social-pola-vivenda-2021-2025-mobilizara-arredor-de-1-100-millons-de-euros-e-beneficiara-a-70-000-familias\\\/\"},\"author\":{\"name\":\"ppdegaliciaredes\",\"@id\":\"https:\\\/\\\/ppdegalicia.com\\\/es\\\/#\\\/schema\\\/person\\\/5b822c6f59e872ebdd1142f307dbcb59\"},\"headline\":\"O Grupo Popular afirma que o Pacto Social pola Vivenda 2021-2025 mobilizar\u00e1 arredor de 1.100 mill\u00f3ns de euros e beneficiar\u00e1 a 70.000 familias\",\"datePublished\":\"2021-10-26T10:12:41+00:00\",\"mainEntityOfPage\":{\"@id\":\"https:\\\/\\\/ppdegalicia.com\\\/es\\\/o-grupo-popular-afirma-que-o-pacto-social-pola-vivenda-2021-2025-mobilizara-arredor-de-1-100-millons-de-euros-e-beneficiara-a-70-000-familias\\\/\"},\"wordCount\":450,\"commentCount\":0,\"publisher\":{\"@id\":\"https:\\\/\\\/ppdegalicia.com\\\/es\\\/#organization\"},\"image\":{\"@id\":\"https:\\\/\\\/ppdegalicia.com\\\/es\\\/o-grupo-popular-afirma-que-o-pacto-social-pola-vivenda-2021-2025-mobilizara-arredor-de-1-100-millons-de-euros-e-beneficiara-a-70-000-familias\\\/#primaryimage\"},\"thumbnailUrl\":\"https:\\\/\\\/ppdegalicia.com\\\/wp-content\\\/uploads\\\/2021\\\/10\\\/27ac37d8a9d38a54726d8342f3362aab.jpg\",\"articleSection\":[\"PP de Galicia\"],\"inLanguage\":\"es\",\"potentialAction\":[{\"@type\":\"CommentAction\",\"name\":\"Comment\",\"target\":[\"https:\\\/\\\/ppdegalicia.com\\\/es\\\/o-grupo-popular-afirma-que-o-pacto-social-pola-vivenda-2021-2025-mobilizara-arredor-de-1-100-millons-de-euros-e-beneficiara-a-70-000-familias\\\/#respond\"]}]},{\"@type\":\"WebPage\",\"@id\":\"https:\\\/\\\/ppdegalicia.com\\\/es\\\/o-grupo-popular-afirma-que-o-pacto-social-pola-vivenda-2021-2025-mobilizara-arredor-de-1-100-millons-de-euros-e-beneficiara-a-70-000-familias\\\/\",\"url\":\"https:\\\/\\\/ppdegalicia.com\\\/es\\\/o-grupo-popular-afirma-que-o-pacto-social-pola-vivenda-2021-2025-mobilizara-arredor-de-1-100-millons-de-euros-e-beneficiara-a-70-000-familias\\\/\",\"name\":\"O Grupo Popular afirma que o Pacto Social pola Vivenda 2021-2025 mobilizar\u00e1 arredor de 1.100 mill\u00f3ns de euros e beneficiar\u00e1 a 70.000 familias - PP de Galicia\",\"isPartOf\":{\"@id\":\"https:\\\/\\\/ppdegalicia.com\\\/es\\\/#website\"},\"primaryImageOfPage\":{\"@id\":\"https:\\\/\\\/ppdegalicia.com\\\/es\\\/o-grupo-popular-afirma-que-o-pacto-social-pola-vivenda-2021-2025-mobilizara-arredor-de-1-100-millons-de-euros-e-beneficiara-a-70-000-familias\\\/#primaryimage\"},\"image\":{\"@id\":\"https:\\\/\\\/ppdegalicia.com\\\/es\\\/o-grupo-popular-afirma-que-o-pacto-social-pola-vivenda-2021-2025-mobilizara-arredor-de-1-100-millons-de-euros-e-beneficiara-a-70-000-familias\\\/#primaryimage\"},\"thumbnailUrl\":\"https:\\\/\\\/ppdegalicia.com\\\/wp-content\\\/uploads\\\/2021\\\/10\\\/27ac37d8a9d38a54726d8342f3362aab.jpg\",\"datePublished\":\"2021-10-26T10:12:41+00:00\",\"breadcrumb\":{\"@id\":\"https:\\\/\\\/ppdegalicia.com\\\/es\\\/o-grupo-popular-afirma-que-o-pacto-social-pola-vivenda-2021-2025-mobilizara-arredor-de-1-100-millons-de-euros-e-beneficiara-a-70-000-familias\\\/#breadcrumb\"},\"inLanguage\":\"es\",\"potentialAction\":[{\"@type\":\"ReadAction\",\"target\":[\"https:\\\/\\\/ppdegalicia.com\\\/es\\\/o-grupo-popular-afirma-que-o-pacto-social-pola-vivenda-2021-2025-mobilizara-arredor-de-1-100-millons-de-euros-e-beneficiara-a-70-000-familias\\\/\"]}]},{\"@type\":\"ImageObject\",\"inLanguage\":\"es\",\"@id\":\"https:\\\/\\\/ppdegalicia.com\\\/es\\\/o-grupo-popular-afirma-que-o-pacto-social-pola-vivenda-2021-2025-mobilizara-arredor-de-1-100-millons-de-euros-e-beneficiara-a-70-000-familias\\\/#primaryimage\",\"url\":\"https:\\\/\\\/ppdegalicia.com\\\/wp-content\\\/uploads\\\/2021\\\/10\\\/27ac37d8a9d38a54726d8342f3362aab.jpg\",\"contentUrl\":\"https:\\\/\\\/ppdegalicia.com\\\/wp-content\\\/uploads\\\/2021\\\/10\\\/27ac37d8a9d38a54726d8342f3362aab.jpg\",\"width\":1900,\"height\":1267},{\"@type\":\"BreadcrumbList\",\"@id\":\"https:\\\/\\\/ppdegalicia.com\\\/es\\\/o-grupo-popular-afirma-que-o-pacto-social-pola-vivenda-2021-2025-mobilizara-arredor-de-1-100-millons-de-euros-e-beneficiara-a-70-000-familias\\\/#breadcrumb\",\"itemListElement\":[{\"@type\":\"ListItem\",\"position\":1,\"name\":\"Portada\",\"item\":\"https:\\\/\\\/ppdegalicia.com\\\/es\\\/\"},{\"@type\":\"ListItem\",\"position\":2,\"name\":\"O Grupo Popular afirma que o Pacto Social pola Vivenda 2021-2025 mobilizar\u00e1 arredor de 1.100 mill\u00f3ns de euros e beneficiar\u00e1 a 70.000 familias\"}]},{\"@type\":\"WebSite\",\"@id\":\"https:\\\/\\\/ppdegalicia.com\\\/es\\\/#website\",\"url\":\"https:\\\/\\\/ppdegalicia.com\\\/es\\\/\",\"name\":\"Partido Popular de Galicia\",\"description\":\"Partido Popular de Galicia\",\"publisher\":{\"@id\":\"https:\\\/\\\/ppdegalicia.com\\\/es\\\/#organization\"},\"alternateName\":\"PP de Galicia\",\"potentialAction\":[{\"@type\":\"SearchAction\",\"target\":{\"@type\":\"EntryPoint\",\"urlTemplate\":\"https:\\\/\\\/ppdegalicia.com\\\/es\\\/?s={search_term_string}\"},\"query-input\":{\"@type\":\"PropertyValueSpecification\",\"valueRequired\":true,\"valueName\":\"search_term_string\"}}],\"inLanguage\":\"es\"},{\"@type\":\"Organization\",\"@id\":\"https:\\\/\\\/ppdegalicia.com\\\/es\\\/#organization\",\"name\":\"Partido Popular de Galicia\",\"alternateName\":\"PP de Galicia\",\"url\":\"https:\\\/\\\/ppdegalicia.com\\\/es\\\/\",\"logo\":{\"@type\":\"ImageObject\",\"inLanguage\":\"es\",\"@id\":\"https:\\\/\\\/ppdegalicia.com\\\/es\\\/#\\\/schema\\\/logo\\\/image\\\/\",\"url\":\"https:\\\/\\\/ppdegalicia.com\\\/wp-content\\\/uploads\\\/2023\\\/04\\\/logoPP512.png\",\"contentUrl\":\"https:\\\/\\\/ppdegalicia.com\\\/wp-content\\\/uploads\\\/2023\\\/04\\\/logoPP512.png\",\"width\":512,\"height\":512,\"caption\":\"Partido Popular de Galicia\"},\"image\":{\"@id\":\"https:\\\/\\\/ppdegalicia.com\\\/es\\\/#\\\/schema\\\/logo\\\/image\\\/\"},\"sameAs\":[\"https:\\\/\\\/www.instagram.com\\\/ppdegalicia\\\/\",\"https:\\\/\\\/x.com\\\/ppdegalicia\",\"https:\\\/\\\/www.tiktok.com\\\/@ppdegalicia\",\"https:\\\/\\\/www.youtube.com\\\/user\\\/ppdegalicia\"]},{\"@type\":\"Person\",\"@id\":\"https:\\\/\\\/ppdegalicia.com\\\/es\\\/#\\\/schema\\\/person\\\/5b822c6f59e872ebdd1142f307dbcb59\",\"name\":\"ppdegaliciaredes\",\"image\":{\"@type\":\"ImageObject\",\"inLanguage\":\"es\",\"@id\":\"https:\\\/\\\/secure.gravatar.com\\\/avatar\\\/3c9179cf0256d00c72a48d1f25783c58b6842cd56e85ef3a572881c8e28ccd59?s=96&d=mm&r=g\",\"url\":\"https:\\\/\\\/secure.gravatar.com\\\/avatar\\\/3c9179cf0256d00c72a48d1f25783c58b6842cd56e85ef3a572881c8e28ccd59?s=96&d=mm&r=g\",\"contentUrl\":\"https:\\\/\\\/secure.gravatar.com\\\/avatar\\\/3c9179cf0256d00c72a48d1f25783c58b6842cd56e85ef3a572881c8e28ccd59?s=96&d=mm&r=g\",\"caption\":\"ppdegaliciaredes\"},\"url\":\"https:\\\/\\\/ppdegalicia.com\\\/es\\\/author\\\/ppdegaliciaredes\\\/\"}]}<\/script>\n<!-- \/ Yoast SEO plugin. -->","yoast_head_json":{"title":"O Grupo Popular afirma que o Pacto Social pola Vivenda 2021-2025 mobilizar\u00e1 arredor de 1.100 mill\u00f3ns de euros e beneficiar\u00e1 a 70.000 familias - PP de Galicia","robots":{"index":"index","follow":"follow","max-snippet":"max-snippet:-1","max-image-preview":"max-image-preview:large","max-video-preview":"max-video-preview:-1"},"canonical":"https:\/\/ppdegalicia.com\/es\/o-grupo-popular-afirma-que-o-pacto-social-pola-vivenda-2021-2025-mobilizara-arredor-de-1-100-millons-de-euros-e-beneficiara-a-70-000-familias\/","og_locale":"es_ES","og_type":"article","og_title":"O Grupo Popular afirma que o Pacto Social pola Vivenda 2021-2025 mobilizar\u00e1 arredor de 1.100 mill\u00f3ns de euros e beneficiar\u00e1 a 70.000 familias - PP de Galicia","og_description":"Santiago, 26 de outubro de 2021.- A deputada do Grupo Popular Bego\u00f1a Freire afirmou hoxe no Parlamento galego que o Pacto Social pola Vivenda 2021-2025, consensuado con todos os axentes implicados, prev\u00e9 mobilizar nos vindeiros anos arredor de 1.100 mill\u00f3ns de euros en Galicia e beneficiar a m\u00e1is de 70.000 familias galegas.","og_url":"https:\/\/ppdegalicia.com\/es\/o-grupo-popular-afirma-que-o-pacto-social-pola-vivenda-2021-2025-mobilizara-arredor-de-1-100-millons-de-euros-e-beneficiara-a-70-000-familias\/","og_site_name":"PP de Galicia","article_publisher":"https:\/\/www.instagram.com\/ppdegalicia\/","article_published_time":"2021-10-26T10:12:41+00:00","og_image":[{"width":1900,"height":1267,"url":"https:\/\/ppdegalicia.com\/wp-content\/uploads\/2021\/10\/27ac37d8a9d38a54726d8342f3362aab.jpg","type":"image\/jpeg"}],"author":"ppdegaliciaredes","twitter_card":"summary_large_image","twitter_creator":"@ppdegalicia","twitter_site":"@ppdegalicia","twitter_misc":{"Escrito por":"ppdegaliciaredes","Tiempo de lectura":"2 minutos"},"schema":{"@context":"https:\/\/schema.org","@graph":[{"@type":"Article","@id":"https:\/\/ppdegalicia.com\/es\/o-grupo-popular-afirma-que-o-pacto-social-pola-vivenda-2021-2025-mobilizara-arredor-de-1-100-millons-de-euros-e-beneficiara-a-70-000-familias\/#article","isPartOf":{"@id":"https:\/\/ppdegalicia.com\/es\/o-grupo-popular-afirma-que-o-pacto-social-pola-vivenda-2021-2025-mobilizara-arredor-de-1-100-millons-de-euros-e-beneficiara-a-70-000-familias\/"},"author":{"name":"ppdegaliciaredes","@id":"https:\/\/ppdegalicia.com\/es\/#\/schema\/person\/5b822c6f59e872ebdd1142f307dbcb59"},"headline":"O Grupo Popular afirma que o Pacto Social pola Vivenda 2021-2025 mobilizar\u00e1 arredor de 1.100 mill\u00f3ns de euros e beneficiar\u00e1 a 70.000 familias","datePublished":"2021-10-26T10:12:41+00:00","mainEntityOfPage":{"@id":"https:\/\/ppdegalicia.com\/es\/o-grupo-popular-afirma-que-o-pacto-social-pola-vivenda-2021-2025-mobilizara-arredor-de-1-100-millons-de-euros-e-beneficiara-a-70-000-familias\/"},"wordCount":450,"commentCount":0,"publisher":{"@id":"https:\/\/ppdegalicia.com\/es\/#organization"},"image":{"@id":"https:\/\/ppdegalicia.com\/es\/o-grupo-popular-afirma-que-o-pacto-social-pola-vivenda-2021-2025-mobilizara-arredor-de-1-100-millons-de-euros-e-beneficiara-a-70-000-familias\/#primaryimage"},"thumbnailUrl":"https:\/\/ppdegalicia.com\/wp-content\/uploads\/2021\/10\/27ac37d8a9d38a54726d8342f3362aab.jpg","articleSection":["PP de Galicia"],"inLanguage":"es","potentialAction":[{"@type":"CommentAction","name":"Comment","target":["https:\/\/ppdegalicia.com\/es\/o-grupo-popular-afirma-que-o-pacto-social-pola-vivenda-2021-2025-mobilizara-arredor-de-1-100-millons-de-euros-e-beneficiara-a-70-000-familias\/#respond"]}]},{"@type":"WebPage","@id":"https:\/\/ppdegalicia.com\/es\/o-grupo-popular-afirma-que-o-pacto-social-pola-vivenda-2021-2025-mobilizara-arredor-de-1-100-millons-de-euros-e-beneficiara-a-70-000-familias\/","url":"https:\/\/ppdegalicia.com\/es\/o-grupo-popular-afirma-que-o-pacto-social-pola-vivenda-2021-2025-mobilizara-arredor-de-1-100-millons-de-euros-e-beneficiara-a-70-000-familias\/","name":"O Grupo Popular afirma que o Pacto Social pola Vivenda 2021-2025 mobilizar\u00e1 arredor de 1.100 mill\u00f3ns de euros e beneficiar\u00e1 a 70.000 familias - PP de Galicia","isPartOf":{"@id":"https:\/\/ppdegalicia.com\/es\/#website"},"primaryImageOfPage":{"@id":"https:\/\/ppdegalicia.com\/es\/o-grupo-popular-afirma-que-o-pacto-social-pola-vivenda-2021-2025-mobilizara-arredor-de-1-100-millons-de-euros-e-beneficiara-a-70-000-familias\/#primaryimage"},"image":{"@id":"https:\/\/ppdegalicia.com\/es\/o-grupo-popular-afirma-que-o-pacto-social-pola-vivenda-2021-2025-mobilizara-arredor-de-1-100-millons-de-euros-e-beneficiara-a-70-000-familias\/#primaryimage"},"thumbnailUrl":"https:\/\/ppdegalicia.com\/wp-content\/uploads\/2021\/10\/27ac37d8a9d38a54726d8342f3362aab.jpg","datePublished":"2021-10-26T10:12:41+00:00","breadcrumb":{"@id":"https:\/\/ppdegalicia.com\/es\/o-grupo-popular-afirma-que-o-pacto-social-pola-vivenda-2021-2025-mobilizara-arredor-de-1-100-millons-de-euros-e-beneficiara-a-70-000-familias\/#breadcrumb"},"inLanguage":"es","potentialAction":[{"@type":"ReadAction","target":["https:\/\/ppdegalicia.com\/es\/o-grupo-popular-afirma-que-o-pacto-social-pola-vivenda-2021-2025-mobilizara-arredor-de-1-100-millons-de-euros-e-beneficiara-a-70-000-familias\/"]}]},{"@type":"ImageObject","inLanguage":"es","@id":"https:\/\/ppdegalicia.com\/es\/o-grupo-popular-afirma-que-o-pacto-social-pola-vivenda-2021-2025-mobilizara-arredor-de-1-100-millons-de-euros-e-beneficiara-a-70-000-familias\/#primaryimage","url":"https:\/\/ppdegalicia.com\/wp-content\/uploads\/2021\/10\/27ac37d8a9d38a54726d8342f3362aab.jpg","contentUrl":"https:\/\/ppdegalicia.com\/wp-content\/uploads\/2021\/10\/27ac37d8a9d38a54726d8342f3362aab.jpg","width":1900,"height":1267},{"@type":"BreadcrumbList","@id":"https:\/\/ppdegalicia.com\/es\/o-grupo-popular-afirma-que-o-pacto-social-pola-vivenda-2021-2025-mobilizara-arredor-de-1-100-millons-de-euros-e-beneficiara-a-70-000-familias\/#breadcrumb","itemListElement":[{"@type":"ListItem","position":1,"name":"Portada","item":"https:\/\/ppdegalicia.com\/es\/"},{"@type":"ListItem","position":2,"name":"O Grupo Popular afirma que o Pacto Social pola Vivenda 2021-2025 mobilizar\u00e1 arredor de 1.100 mill\u00f3ns de euros e beneficiar\u00e1 a 70.000 familias"}]},{"@type":"WebSite","@id":"https:\/\/ppdegalicia.com\/es\/#website","url":"https:\/\/ppdegalicia.com\/es\/","name":"Partido Popular de Galicia","description":"Partido Popular de Galicia","publisher":{"@id":"https:\/\/ppdegalicia.com\/es\/#organization"},"alternateName":"PP de Galicia","potentialAction":[{"@type":"SearchAction","target":{"@type":"EntryPoint","urlTemplate":"https:\/\/ppdegalicia.com\/es\/?s={search_term_string}"},"query-input":{"@type":"PropertyValueSpecification","valueRequired":true,"valueName":"search_term_string"}}],"inLanguage":"es"},{"@type":"Organization","@id":"https:\/\/ppdegalicia.com\/es\/#organization","name":"Partido Popular de Galicia","alternateName":"PP de Galicia","url":"https:\/\/ppdegalicia.com\/es\/","logo":{"@type":"ImageObject","inLanguage":"es","@id":"https:\/\/ppdegalicia.com\/es\/#\/schema\/logo\/image\/","url":"https:\/\/ppdegalicia.com\/wp-content\/uploads\/2023\/04\/logoPP512.png","contentUrl":"https:\/\/ppdegalicia.com\/wp-content\/uploads\/2023\/04\/logoPP512.png","width":512,"height":512,"caption":"Partido Popular de Galicia"},"image":{"@id":"https:\/\/ppdegalicia.com\/es\/#\/schema\/logo\/image\/"},"sameAs":["https:\/\/www.instagram.com\/ppdegalicia\/","https:\/\/x.com\/ppdegalicia","https:\/\/www.tiktok.com\/@ppdegalicia","https:\/\/www.youtube.com\/user\/ppdegalicia"]},{"@type":"Person","@id":"https:\/\/ppdegalicia.com\/es\/#\/schema\/person\/5b822c6f59e872ebdd1142f307dbcb59","name":"ppdegaliciaredes","image":{"@type":"ImageObject","inLanguage":"es","@id":"https:\/\/secure.gravatar.com\/avatar\/3c9179cf0256d00c72a48d1f25783c58b6842cd56e85ef3a572881c8e28ccd59?s=96&d=mm&r=g","url":"https:\/\/secure.gravatar.com\/avatar\/3c9179cf0256d00c72a48d1f25783c58b6842cd56e85ef3a572881c8e28ccd59?s=96&d=mm&r=g","contentUrl":"https:\/\/secure.gravatar.com\/avatar\/3c9179cf0256d00c72a48d1f25783c58b6842cd56e85ef3a572881c8e28ccd59?s=96&d=mm&r=g","caption":"ppdegaliciaredes"},"url":"https:\/\/ppdegalicia.com\/es\/author\/ppdegaliciaredes\/"}]}},"_links":{"self":[{"href":"https:\/\/ppdegalicia.com\/es\/wp-json\/wp\/v2\/posts\/56341","targetHints":{"allow":["GET"]}}],"collection":[{"href":"https:\/\/ppdegalicia.com\/es\/wp-json\/wp\/v2\/posts"}],"about":[{"href":"https:\/\/ppdegalicia.com\/es\/wp-json\/wp\/v2\/types\/post"}],"author":[{"embeddable":true,"href":"https:\/\/ppdegalicia.com\/es\/wp-json\/wp\/v2\/users\/38"}],"replies":[{"embeddable":true,"href":"https:\/\/ppdegalicia.com\/es\/wp-json\/wp\/v2\/comments?post=56341"}],"version-history":[{"count":0,"href":"https:\/\/ppdegalicia.com\/es\/wp-json\/wp\/v2\/posts\/56341\/revisions"}],"wp:featuredmedia":[{"embeddable":true,"href":"https:\/\/ppdegalicia.com\/es\/wp-json\/wp\/v2\/media\/56340"}],"wp:attachment":[{"href":"https:\/\/ppdegalicia.com\/es\/wp-json\/wp\/v2\/media?parent=56341"}],"wp:term":[{"taxonomy":"category","embeddable":true,"href":"https:\/\/ppdegalicia.com\/es\/wp-json\/wp\/v2\/categories?post=56341"},{"taxonomy":"post_tag","embeddable":true,"href":"https:\/\/ppdegalicia.com\/es\/wp-json\/wp\/v2\/tags?post=56341"}],"curies":[{"name":"wp","href":"https:\/\/api.w.org\/{rel}","templated":true}]}}