{"id":56372,"date":"2021-11-05T09:03:21","date_gmt":"2021-11-05T07:03:21","guid":{"rendered":"https:\/\/ppdegalicia.com\/o-grupo-popular-acusa-a-bng-e-psdeg-de-amparar-a-actitude-antidemocratica-da-presidenta-da-deputacion-de-pontevedra-de-non-comparecer-no-parlamento\/"},"modified":"2021-11-05T09:03:21","modified_gmt":"2021-11-05T07:03:21","slug":"o-grupo-popular-acusa-a-bng-e-psdeg-de-amparar-a-actitude-antidemocratica-da-presidenta-da-deputacion-de-pontevedra-de-non-comparecer-no-parlamento","status":"publish","type":"post","link":"https:\/\/ppdegalicia.com\/es\/o-grupo-popular-acusa-a-bng-e-psdeg-de-amparar-a-actitude-antidemocratica-da-presidenta-da-deputacion-de-pontevedra-de-non-comparecer-no-parlamento\/","title":{"rendered":"O Grupo Popular acusa a BNG e PSdeG de amparar a actitude antidemocr\u00e1tica da presidenta da Deputaci\u00f3n de Pontevedra de non comparecer no Parlamento"},"content":{"rendered":"<p><img fetchpriority=\"high\" decoding=\"async\" class=\" size-full wp-image-56371\" src=\"https:\/\/ppdegalicia.com\/wp-content\/uploads\/2021\/11\/b1b8d69192895ff26bfb90b0828f5700.jpg\" alt=\"\" width=\"1900\" height=\"1267\" srcset=\"https:\/\/ppdegalicia.com\/wp-content\/uploads\/2021\/11\/b1b8d69192895ff26bfb90b0828f5700.jpg 1900w, https:\/\/ppdegalicia.com\/wp-content\/uploads\/2021\/11\/b1b8d69192895ff26bfb90b0828f5700-300x200.jpg 300w, https:\/\/ppdegalicia.com\/wp-content\/uploads\/2021\/11\/b1b8d69192895ff26bfb90b0828f5700-1024x683.jpg 1024w, https:\/\/ppdegalicia.com\/wp-content\/uploads\/2021\/11\/b1b8d69192895ff26bfb90b0828f5700-768x512.jpg 768w, https:\/\/ppdegalicia.com\/wp-content\/uploads\/2021\/11\/b1b8d69192895ff26bfb90b0828f5700-1536x1024.jpg 1536w\" sizes=\"(max-width: 1900px) 100vw, 1900px\" \/><\/p>\n<p>Santiago, 4 de novembro de 2021.- O deputado do Grupo Popular Alberto Pazos acusou hoxe ao BNG e PSdeG de \u201camparar a actitude antidemocr\u00e1tica da presidenta da Deputaci\u00f3n de Pontevedra\u201d ao non comparecer no Parlamento galego para informar dos orzamentos desta instituci\u00f3n provincial, xa que \u201cest\u00e1 no caciqueo, na corruptela e tapando as vergo\u00f1as baixo a mullida alfombra da deputaci\u00f3n\u201d.<\/p>\n<p><!--more--><\/p>\n<p>Alberto Pazos lembrou que \u201c\u00e9 o quinto ano consecutivo que a se\u00f1ora Silva nin est\u00e1 nin se lle espera no Parlamento de Galicia, incumprindo a s\u00faa obriga legal e institucional de comparecer para dar conta dos orzamentos da Deputaci\u00f3n de Pontevedra\u201d.<\/p>\n<p>\u00a0<\/p>\n<p><strong>TRATO DISCRIMINATORIO E SEXISTA<\/strong><\/p>\n<p>\u00a0<\/p>\n<p>\u201cEsta ausencia describe perfectamente a pol\u00edtica da se\u00f1ora Silva \u00e1 fronte da Deputaci\u00f3n, xa que tampouco est\u00e1 nin se lle espera na axuda aos pequenos concellos, ao comercio ou a hostaler\u00eda; no di\u00e1logo cos sindicatos; no apoio \u00e1 extensi\u00f3n dos GES; nin sequera nos debates provinciais, xa que tanto BNG como o PSdeG se negan a debater na deputaci\u00f3n aquelas moci\u00f3ns do PPdeG que lles resultan molestas\u201d, indicou.<\/p>\n<p>\u00a0<\/p>\n<p>O deputado popular lamentou que a presidenta da Deputaci\u00f3n pontevedresa \u201cnon acuda a este Parlamento para comprobar, de primeira man, como este grupo parlamentario condena as expresi\u00f3ns machistas que ten recibido, ao tempo que poder\u00eda explicar como \u00e9 posible reclamar respecto como muller e tolerar o trato discriminatorio e sexista que reciben na Deputaci\u00f3n Provincial as deputadas do PPdeG\u201d.<\/p>\n<p>\u00a0<\/p>\n<p>\u201cEsperamos que, m\u00e1is pronto que tarde, te\u00f1amos un goberno provincial que axude por igual aos concellos goberne quen goberne, e que practique un feminismo que defenda a igualdade de todas as mulleres te\u00f1an o carn\u00e9 pol\u00edtico que te\u00f1an\u201d, rematou Pazos.<\/p>\n","protected":false},"excerpt":{"rendered":"<p>Santiago, 4 de novembro de 2021.- O deputado do Grupo Popular Alberto Pazos acusou hoxe ao BNG e PSdeG de \u201camparar a actitude antidemocr\u00e1tica da presidenta da Deputaci\u00f3n de Pontevedra\u201d ao non comparecer no Parlamento galego para informar dos orzamentos desta instituci\u00f3n provincial, xa que \u201cest\u00e1 no caciqueo, na corruptela e tapando as vergo\u00f1as baixo [&hellip;]<\/p>\n","protected":false},"author":38,"featured_media":56371,"comment_status":"open","ping_status":"open","sticky":false,"template":"","format":"standard","meta":{"_acf_changed":false,"footnotes":""},"categories":[1],"tags":[],"class_list":["post-56372","post","type-post","status-publish","format-standard","has-post-thumbnail","hentry","category-pp-de-galicia"],"acf":[],"yoast_head":"<!-- This site is optimized with the Yoast SEO plugin v27.3 - https:\/\/yoast.com\/product\/yoast-seo-wordpress\/ -->\n<title>O Grupo Popular acusa a BNG e PSdeG de amparar a actitude antidemocr\u00e1tica da presidenta da Deputaci\u00f3n de Pontevedra de non comparecer no Parlamento - PP de Galicia<\/title>\n<meta name=\"robots\" content=\"index, follow, max-snippet:-1, max-image-preview:large, max-video-preview:-1\" \/>\n<link rel=\"canonical\" href=\"https:\/\/ppdegalicia.com\/es\/o-grupo-popular-acusa-a-bng-e-psdeg-de-amparar-a-actitude-antidemocratica-da-presidenta-da-deputacion-de-pontevedra-de-non-comparecer-no-parlamento\/\" \/>\n<meta property=\"og:locale\" content=\"es_ES\" \/>\n<meta property=\"og:type\" content=\"article\" \/>\n<meta property=\"og:title\" content=\"O Grupo Popular acusa a BNG e PSdeG de amparar a actitude antidemocr\u00e1tica da presidenta da Deputaci\u00f3n de Pontevedra de non comparecer no Parlamento - PP de Galicia\" \/>\n<meta property=\"og:description\" content=\"Santiago, 4 de novembro de 2021.- O deputado do Grupo Popular Alberto Pazos acusou hoxe ao BNG e PSdeG de \u201camparar a actitude antidemocr\u00e1tica da presidenta da Deputaci\u00f3n de Pontevedra\u201d ao non comparecer no Parlamento galego para informar dos orzamentos desta instituci\u00f3n provincial, xa que \u201cest\u00e1 no caciqueo, na corruptela e tapando as vergo\u00f1as baixo [&hellip;]\" \/>\n<meta property=\"og:url\" content=\"https:\/\/ppdegalicia.com\/es\/o-grupo-popular-acusa-a-bng-e-psdeg-de-amparar-a-actitude-antidemocratica-da-presidenta-da-deputacion-de-pontevedra-de-non-comparecer-no-parlamento\/\" \/>\n<meta property=\"og:site_name\" content=\"PP de Galicia\" \/>\n<meta property=\"article:publisher\" content=\"https:\/\/www.instagram.com\/ppdegalicia\/\" \/>\n<meta property=\"article:published_time\" content=\"2021-11-05T07:03:21+00:00\" \/>\n<meta property=\"og:image\" content=\"https:\/\/ppdegalicia.com\/wp-content\/uploads\/2021\/11\/b1b8d69192895ff26bfb90b0828f5700.jpg\" \/>\n\t<meta property=\"og:image:width\" content=\"1900\" \/>\n\t<meta property=\"og:image:height\" content=\"1267\" \/>\n\t<meta property=\"og:image:type\" content=\"image\/jpeg\" \/>\n<meta name=\"author\" content=\"ppdegaliciaredes\" \/>\n<meta name=\"twitter:card\" content=\"summary_large_image\" \/>\n<meta name=\"twitter:creator\" content=\"@ppdegalicia\" \/>\n<meta name=\"twitter:site\" content=\"@ppdegalicia\" \/>\n<meta name=\"twitter:label1\" content=\"Escrito por\" \/>\n\t<meta name=\"twitter:data1\" content=\"ppdegaliciaredes\" \/>\n\t<meta name=\"twitter:label2\" content=\"Tiempo de lectura\" \/>\n\t<meta name=\"twitter:data2\" content=\"1 minuto\" \/>\n<script type=\"application\/ld+json\" class=\"yoast-schema-graph\">{\"@context\":\"https:\\\/\\\/schema.org\",\"@graph\":[{\"@type\":\"Article\",\"@id\":\"https:\\\/\\\/ppdegalicia.com\\\/es\\\/o-grupo-popular-acusa-a-bng-e-psdeg-de-amparar-a-actitude-antidemocratica-da-presidenta-da-deputacion-de-pontevedra-de-non-comparecer-no-parlamento\\\/#article\",\"isPartOf\":{\"@id\":\"https:\\\/\\\/ppdegalicia.com\\\/es\\\/o-grupo-popular-acusa-a-bng-e-psdeg-de-amparar-a-actitude-antidemocratica-da-presidenta-da-deputacion-de-pontevedra-de-non-comparecer-no-parlamento\\\/\"},\"author\":{\"name\":\"ppdegaliciaredes\",\"@id\":\"https:\\\/\\\/ppdegalicia.com\\\/es\\\/#\\\/schema\\\/person\\\/5b822c6f59e872ebdd1142f307dbcb59\"},\"headline\":\"O Grupo Popular acusa a BNG e PSdeG de amparar a actitude antidemocr\u00e1tica da presidenta da Deputaci\u00f3n de Pontevedra de non comparecer no Parlamento\",\"datePublished\":\"2021-11-05T07:03:21+00:00\",\"mainEntityOfPage\":{\"@id\":\"https:\\\/\\\/ppdegalicia.com\\\/es\\\/o-grupo-popular-acusa-a-bng-e-psdeg-de-amparar-a-actitude-antidemocratica-da-presidenta-da-deputacion-de-pontevedra-de-non-comparecer-no-parlamento\\\/\"},\"wordCount\":318,\"commentCount\":0,\"publisher\":{\"@id\":\"https:\\\/\\\/ppdegalicia.com\\\/es\\\/#organization\"},\"image\":{\"@id\":\"https:\\\/\\\/ppdegalicia.com\\\/es\\\/o-grupo-popular-acusa-a-bng-e-psdeg-de-amparar-a-actitude-antidemocratica-da-presidenta-da-deputacion-de-pontevedra-de-non-comparecer-no-parlamento\\\/#primaryimage\"},\"thumbnailUrl\":\"https:\\\/\\\/ppdegalicia.com\\\/wp-content\\\/uploads\\\/2021\\\/11\\\/b1b8d69192895ff26bfb90b0828f5700.jpg\",\"articleSection\":[\"PP de Galicia\"],\"inLanguage\":\"es\",\"potentialAction\":[{\"@type\":\"CommentAction\",\"name\":\"Comment\",\"target\":[\"https:\\\/\\\/ppdegalicia.com\\\/es\\\/o-grupo-popular-acusa-a-bng-e-psdeg-de-amparar-a-actitude-antidemocratica-da-presidenta-da-deputacion-de-pontevedra-de-non-comparecer-no-parlamento\\\/#respond\"]}]},{\"@type\":\"WebPage\",\"@id\":\"https:\\\/\\\/ppdegalicia.com\\\/es\\\/o-grupo-popular-acusa-a-bng-e-psdeg-de-amparar-a-actitude-antidemocratica-da-presidenta-da-deputacion-de-pontevedra-de-non-comparecer-no-parlamento\\\/\",\"url\":\"https:\\\/\\\/ppdegalicia.com\\\/es\\\/o-grupo-popular-acusa-a-bng-e-psdeg-de-amparar-a-actitude-antidemocratica-da-presidenta-da-deputacion-de-pontevedra-de-non-comparecer-no-parlamento\\\/\",\"name\":\"O Grupo Popular acusa a BNG e PSdeG de amparar a actitude antidemocr\u00e1tica da presidenta da Deputaci\u00f3n de Pontevedra de non comparecer no Parlamento - PP de Galicia\",\"isPartOf\":{\"@id\":\"https:\\\/\\\/ppdegalicia.com\\\/es\\\/#website\"},\"primaryImageOfPage\":{\"@id\":\"https:\\\/\\\/ppdegalicia.com\\\/es\\\/o-grupo-popular-acusa-a-bng-e-psdeg-de-amparar-a-actitude-antidemocratica-da-presidenta-da-deputacion-de-pontevedra-de-non-comparecer-no-parlamento\\\/#primaryimage\"},\"image\":{\"@id\":\"https:\\\/\\\/ppdegalicia.com\\\/es\\\/o-grupo-popular-acusa-a-bng-e-psdeg-de-amparar-a-actitude-antidemocratica-da-presidenta-da-deputacion-de-pontevedra-de-non-comparecer-no-parlamento\\\/#primaryimage\"},\"thumbnailUrl\":\"https:\\\/\\\/ppdegalicia.com\\\/wp-content\\\/uploads\\\/2021\\\/11\\\/b1b8d69192895ff26bfb90b0828f5700.jpg\",\"datePublished\":\"2021-11-05T07:03:21+00:00\",\"breadcrumb\":{\"@id\":\"https:\\\/\\\/ppdegalicia.com\\\/es\\\/o-grupo-popular-acusa-a-bng-e-psdeg-de-amparar-a-actitude-antidemocratica-da-presidenta-da-deputacion-de-pontevedra-de-non-comparecer-no-parlamento\\\/#breadcrumb\"},\"inLanguage\":\"es\",\"potentialAction\":[{\"@type\":\"ReadAction\",\"target\":[\"https:\\\/\\\/ppdegalicia.com\\\/es\\\/o-grupo-popular-acusa-a-bng-e-psdeg-de-amparar-a-actitude-antidemocratica-da-presidenta-da-deputacion-de-pontevedra-de-non-comparecer-no-parlamento\\\/\"]}]},{\"@type\":\"ImageObject\",\"inLanguage\":\"es\",\"@id\":\"https:\\\/\\\/ppdegalicia.com\\\/es\\\/o-grupo-popular-acusa-a-bng-e-psdeg-de-amparar-a-actitude-antidemocratica-da-presidenta-da-deputacion-de-pontevedra-de-non-comparecer-no-parlamento\\\/#primaryimage\",\"url\":\"https:\\\/\\\/ppdegalicia.com\\\/wp-content\\\/uploads\\\/2021\\\/11\\\/b1b8d69192895ff26bfb90b0828f5700.jpg\",\"contentUrl\":\"https:\\\/\\\/ppdegalicia.com\\\/wp-content\\\/uploads\\\/2021\\\/11\\\/b1b8d69192895ff26bfb90b0828f5700.jpg\",\"width\":1900,\"height\":1267},{\"@type\":\"BreadcrumbList\",\"@id\":\"https:\\\/\\\/ppdegalicia.com\\\/es\\\/o-grupo-popular-acusa-a-bng-e-psdeg-de-amparar-a-actitude-antidemocratica-da-presidenta-da-deputacion-de-pontevedra-de-non-comparecer-no-parlamento\\\/#breadcrumb\",\"itemListElement\":[{\"@type\":\"ListItem\",\"position\":1,\"name\":\"Portada\",\"item\":\"https:\\\/\\\/ppdegalicia.com\\\/es\\\/\"},{\"@type\":\"ListItem\",\"position\":2,\"name\":\"O Grupo Popular acusa a BNG e PSdeG de amparar a actitude antidemocr\u00e1tica da presidenta da Deputaci\u00f3n de Pontevedra de non comparecer no Parlamento\"}]},{\"@type\":\"WebSite\",\"@id\":\"https:\\\/\\\/ppdegalicia.com\\\/es\\\/#website\",\"url\":\"https:\\\/\\\/ppdegalicia.com\\\/es\\\/\",\"name\":\"Partido Popular de Galicia\",\"description\":\"Partido Popular de Galicia\",\"publisher\":{\"@id\":\"https:\\\/\\\/ppdegalicia.com\\\/es\\\/#organization\"},\"alternateName\":\"PP de Galicia\",\"potentialAction\":[{\"@type\":\"SearchAction\",\"target\":{\"@type\":\"EntryPoint\",\"urlTemplate\":\"https:\\\/\\\/ppdegalicia.com\\\/es\\\/?s={search_term_string}\"},\"query-input\":{\"@type\":\"PropertyValueSpecification\",\"valueRequired\":true,\"valueName\":\"search_term_string\"}}],\"inLanguage\":\"es\"},{\"@type\":\"Organization\",\"@id\":\"https:\\\/\\\/ppdegalicia.com\\\/es\\\/#organization\",\"name\":\"Partido Popular de Galicia\",\"alternateName\":\"PP de Galicia\",\"url\":\"https:\\\/\\\/ppdegalicia.com\\\/es\\\/\",\"logo\":{\"@type\":\"ImageObject\",\"inLanguage\":\"es\",\"@id\":\"https:\\\/\\\/ppdegalicia.com\\\/es\\\/#\\\/schema\\\/logo\\\/image\\\/\",\"url\":\"https:\\\/\\\/ppdegalicia.com\\\/wp-content\\\/uploads\\\/2023\\\/04\\\/logoPP512.png\",\"contentUrl\":\"https:\\\/\\\/ppdegalicia.com\\\/wp-content\\\/uploads\\\/2023\\\/04\\\/logoPP512.png\",\"width\":512,\"height\":512,\"caption\":\"Partido Popular de Galicia\"},\"image\":{\"@id\":\"https:\\\/\\\/ppdegalicia.com\\\/es\\\/#\\\/schema\\\/logo\\\/image\\\/\"},\"sameAs\":[\"https:\\\/\\\/www.instagram.com\\\/ppdegalicia\\\/\",\"https:\\\/\\\/x.com\\\/ppdegalicia\",\"https:\\\/\\\/www.tiktok.com\\\/@ppdegalicia\",\"https:\\\/\\\/www.youtube.com\\\/user\\\/ppdegalicia\"]},{\"@type\":\"Person\",\"@id\":\"https:\\\/\\\/ppdegalicia.com\\\/es\\\/#\\\/schema\\\/person\\\/5b822c6f59e872ebdd1142f307dbcb59\",\"name\":\"ppdegaliciaredes\",\"image\":{\"@type\":\"ImageObject\",\"inLanguage\":\"es\",\"@id\":\"https:\\\/\\\/secure.gravatar.com\\\/avatar\\\/3c9179cf0256d00c72a48d1f25783c58b6842cd56e85ef3a572881c8e28ccd59?s=96&d=mm&r=g\",\"url\":\"https:\\\/\\\/secure.gravatar.com\\\/avatar\\\/3c9179cf0256d00c72a48d1f25783c58b6842cd56e85ef3a572881c8e28ccd59?s=96&d=mm&r=g\",\"contentUrl\":\"https:\\\/\\\/secure.gravatar.com\\\/avatar\\\/3c9179cf0256d00c72a48d1f25783c58b6842cd56e85ef3a572881c8e28ccd59?s=96&d=mm&r=g\",\"caption\":\"ppdegaliciaredes\"},\"url\":\"https:\\\/\\\/ppdegalicia.com\\\/es\\\/author\\\/ppdegaliciaredes\\\/\"}]}<\/script>\n<!-- \/ Yoast SEO plugin. -->","yoast_head_json":{"title":"O Grupo Popular acusa a BNG e PSdeG de amparar a actitude antidemocr\u00e1tica da presidenta da Deputaci\u00f3n de Pontevedra de non comparecer no Parlamento - PP de Galicia","robots":{"index":"index","follow":"follow","max-snippet":"max-snippet:-1","max-image-preview":"max-image-preview:large","max-video-preview":"max-video-preview:-1"},"canonical":"https:\/\/ppdegalicia.com\/es\/o-grupo-popular-acusa-a-bng-e-psdeg-de-amparar-a-actitude-antidemocratica-da-presidenta-da-deputacion-de-pontevedra-de-non-comparecer-no-parlamento\/","og_locale":"es_ES","og_type":"article","og_title":"O Grupo Popular acusa a BNG e PSdeG de amparar a actitude antidemocr\u00e1tica da presidenta da Deputaci\u00f3n de Pontevedra de non comparecer no Parlamento - PP de Galicia","og_description":"Santiago, 4 de novembro de 2021.- O deputado do Grupo Popular Alberto Pazos acusou hoxe ao BNG e PSdeG de \u201camparar a actitude antidemocr\u00e1tica da presidenta da Deputaci\u00f3n de Pontevedra\u201d ao non comparecer no Parlamento galego para informar dos orzamentos desta instituci\u00f3n provincial, xa que \u201cest\u00e1 no caciqueo, na corruptela e tapando as vergo\u00f1as baixo [&hellip;]","og_url":"https:\/\/ppdegalicia.com\/es\/o-grupo-popular-acusa-a-bng-e-psdeg-de-amparar-a-actitude-antidemocratica-da-presidenta-da-deputacion-de-pontevedra-de-non-comparecer-no-parlamento\/","og_site_name":"PP de Galicia","article_publisher":"https:\/\/www.instagram.com\/ppdegalicia\/","article_published_time":"2021-11-05T07:03:21+00:00","og_image":[{"width":1900,"height":1267,"url":"https:\/\/ppdegalicia.com\/wp-content\/uploads\/2021\/11\/b1b8d69192895ff26bfb90b0828f5700.jpg","type":"image\/jpeg"}],"author":"ppdegaliciaredes","twitter_card":"summary_large_image","twitter_creator":"@ppdegalicia","twitter_site":"@ppdegalicia","twitter_misc":{"Escrito por":"ppdegaliciaredes","Tiempo de lectura":"1 minuto"},"schema":{"@context":"https:\/\/schema.org","@graph":[{"@type":"Article","@id":"https:\/\/ppdegalicia.com\/es\/o-grupo-popular-acusa-a-bng-e-psdeg-de-amparar-a-actitude-antidemocratica-da-presidenta-da-deputacion-de-pontevedra-de-non-comparecer-no-parlamento\/#article","isPartOf":{"@id":"https:\/\/ppdegalicia.com\/es\/o-grupo-popular-acusa-a-bng-e-psdeg-de-amparar-a-actitude-antidemocratica-da-presidenta-da-deputacion-de-pontevedra-de-non-comparecer-no-parlamento\/"},"author":{"name":"ppdegaliciaredes","@id":"https:\/\/ppdegalicia.com\/es\/#\/schema\/person\/5b822c6f59e872ebdd1142f307dbcb59"},"headline":"O Grupo Popular acusa a BNG e PSdeG de amparar a actitude antidemocr\u00e1tica da presidenta da Deputaci\u00f3n de Pontevedra de non comparecer no Parlamento","datePublished":"2021-11-05T07:03:21+00:00","mainEntityOfPage":{"@id":"https:\/\/ppdegalicia.com\/es\/o-grupo-popular-acusa-a-bng-e-psdeg-de-amparar-a-actitude-antidemocratica-da-presidenta-da-deputacion-de-pontevedra-de-non-comparecer-no-parlamento\/"},"wordCount":318,"commentCount":0,"publisher":{"@id":"https:\/\/ppdegalicia.com\/es\/#organization"},"image":{"@id":"https:\/\/ppdegalicia.com\/es\/o-grupo-popular-acusa-a-bng-e-psdeg-de-amparar-a-actitude-antidemocratica-da-presidenta-da-deputacion-de-pontevedra-de-non-comparecer-no-parlamento\/#primaryimage"},"thumbnailUrl":"https:\/\/ppdegalicia.com\/wp-content\/uploads\/2021\/11\/b1b8d69192895ff26bfb90b0828f5700.jpg","articleSection":["PP de Galicia"],"inLanguage":"es","potentialAction":[{"@type":"CommentAction","name":"Comment","target":["https:\/\/ppdegalicia.com\/es\/o-grupo-popular-acusa-a-bng-e-psdeg-de-amparar-a-actitude-antidemocratica-da-presidenta-da-deputacion-de-pontevedra-de-non-comparecer-no-parlamento\/#respond"]}]},{"@type":"WebPage","@id":"https:\/\/ppdegalicia.com\/es\/o-grupo-popular-acusa-a-bng-e-psdeg-de-amparar-a-actitude-antidemocratica-da-presidenta-da-deputacion-de-pontevedra-de-non-comparecer-no-parlamento\/","url":"https:\/\/ppdegalicia.com\/es\/o-grupo-popular-acusa-a-bng-e-psdeg-de-amparar-a-actitude-antidemocratica-da-presidenta-da-deputacion-de-pontevedra-de-non-comparecer-no-parlamento\/","name":"O Grupo Popular acusa a BNG e PSdeG de amparar a actitude antidemocr\u00e1tica da presidenta da Deputaci\u00f3n de Pontevedra de non comparecer no Parlamento - PP de Galicia","isPartOf":{"@id":"https:\/\/ppdegalicia.com\/es\/#website"},"primaryImageOfPage":{"@id":"https:\/\/ppdegalicia.com\/es\/o-grupo-popular-acusa-a-bng-e-psdeg-de-amparar-a-actitude-antidemocratica-da-presidenta-da-deputacion-de-pontevedra-de-non-comparecer-no-parlamento\/#primaryimage"},"image":{"@id":"https:\/\/ppdegalicia.com\/es\/o-grupo-popular-acusa-a-bng-e-psdeg-de-amparar-a-actitude-antidemocratica-da-presidenta-da-deputacion-de-pontevedra-de-non-comparecer-no-parlamento\/#primaryimage"},"thumbnailUrl":"https:\/\/ppdegalicia.com\/wp-content\/uploads\/2021\/11\/b1b8d69192895ff26bfb90b0828f5700.jpg","datePublished":"2021-11-05T07:03:21+00:00","breadcrumb":{"@id":"https:\/\/ppdegalicia.com\/es\/o-grupo-popular-acusa-a-bng-e-psdeg-de-amparar-a-actitude-antidemocratica-da-presidenta-da-deputacion-de-pontevedra-de-non-comparecer-no-parlamento\/#breadcrumb"},"inLanguage":"es","potentialAction":[{"@type":"ReadAction","target":["https:\/\/ppdegalicia.com\/es\/o-grupo-popular-acusa-a-bng-e-psdeg-de-amparar-a-actitude-antidemocratica-da-presidenta-da-deputacion-de-pontevedra-de-non-comparecer-no-parlamento\/"]}]},{"@type":"ImageObject","inLanguage":"es","@id":"https:\/\/ppdegalicia.com\/es\/o-grupo-popular-acusa-a-bng-e-psdeg-de-amparar-a-actitude-antidemocratica-da-presidenta-da-deputacion-de-pontevedra-de-non-comparecer-no-parlamento\/#primaryimage","url":"https:\/\/ppdegalicia.com\/wp-content\/uploads\/2021\/11\/b1b8d69192895ff26bfb90b0828f5700.jpg","contentUrl":"https:\/\/ppdegalicia.com\/wp-content\/uploads\/2021\/11\/b1b8d69192895ff26bfb90b0828f5700.jpg","width":1900,"height":1267},{"@type":"BreadcrumbList","@id":"https:\/\/ppdegalicia.com\/es\/o-grupo-popular-acusa-a-bng-e-psdeg-de-amparar-a-actitude-antidemocratica-da-presidenta-da-deputacion-de-pontevedra-de-non-comparecer-no-parlamento\/#breadcrumb","itemListElement":[{"@type":"ListItem","position":1,"name":"Portada","item":"https:\/\/ppdegalicia.com\/es\/"},{"@type":"ListItem","position":2,"name":"O Grupo Popular acusa a BNG e PSdeG de amparar a actitude antidemocr\u00e1tica da presidenta da Deputaci\u00f3n de Pontevedra de non comparecer no Parlamento"}]},{"@type":"WebSite","@id":"https:\/\/ppdegalicia.com\/es\/#website","url":"https:\/\/ppdegalicia.com\/es\/","name":"Partido Popular de Galicia","description":"Partido Popular de Galicia","publisher":{"@id":"https:\/\/ppdegalicia.com\/es\/#organization"},"alternateName":"PP de Galicia","potentialAction":[{"@type":"SearchAction","target":{"@type":"EntryPoint","urlTemplate":"https:\/\/ppdegalicia.com\/es\/?s={search_term_string}"},"query-input":{"@type":"PropertyValueSpecification","valueRequired":true,"valueName":"search_term_string"}}],"inLanguage":"es"},{"@type":"Organization","@id":"https:\/\/ppdegalicia.com\/es\/#organization","name":"Partido Popular de Galicia","alternateName":"PP de Galicia","url":"https:\/\/ppdegalicia.com\/es\/","logo":{"@type":"ImageObject","inLanguage":"es","@id":"https:\/\/ppdegalicia.com\/es\/#\/schema\/logo\/image\/","url":"https:\/\/ppdegalicia.com\/wp-content\/uploads\/2023\/04\/logoPP512.png","contentUrl":"https:\/\/ppdegalicia.com\/wp-content\/uploads\/2023\/04\/logoPP512.png","width":512,"height":512,"caption":"Partido Popular de Galicia"},"image":{"@id":"https:\/\/ppdegalicia.com\/es\/#\/schema\/logo\/image\/"},"sameAs":["https:\/\/www.instagram.com\/ppdegalicia\/","https:\/\/x.com\/ppdegalicia","https:\/\/www.tiktok.com\/@ppdegalicia","https:\/\/www.youtube.com\/user\/ppdegalicia"]},{"@type":"Person","@id":"https:\/\/ppdegalicia.com\/es\/#\/schema\/person\/5b822c6f59e872ebdd1142f307dbcb59","name":"ppdegaliciaredes","image":{"@type":"ImageObject","inLanguage":"es","@id":"https:\/\/secure.gravatar.com\/avatar\/3c9179cf0256d00c72a48d1f25783c58b6842cd56e85ef3a572881c8e28ccd59?s=96&d=mm&r=g","url":"https:\/\/secure.gravatar.com\/avatar\/3c9179cf0256d00c72a48d1f25783c58b6842cd56e85ef3a572881c8e28ccd59?s=96&d=mm&r=g","contentUrl":"https:\/\/secure.gravatar.com\/avatar\/3c9179cf0256d00c72a48d1f25783c58b6842cd56e85ef3a572881c8e28ccd59?s=96&d=mm&r=g","caption":"ppdegaliciaredes"},"url":"https:\/\/ppdegalicia.com\/es\/author\/ppdegaliciaredes\/"}]}},"_links":{"self":[{"href":"https:\/\/ppdegalicia.com\/es\/wp-json\/wp\/v2\/posts\/56372","targetHints":{"allow":["GET"]}}],"collection":[{"href":"https:\/\/ppdegalicia.com\/es\/wp-json\/wp\/v2\/posts"}],"about":[{"href":"https:\/\/ppdegalicia.com\/es\/wp-json\/wp\/v2\/types\/post"}],"author":[{"embeddable":true,"href":"https:\/\/ppdegalicia.com\/es\/wp-json\/wp\/v2\/users\/38"}],"replies":[{"embeddable":true,"href":"https:\/\/ppdegalicia.com\/es\/wp-json\/wp\/v2\/comments?post=56372"}],"version-history":[{"count":0,"href":"https:\/\/ppdegalicia.com\/es\/wp-json\/wp\/v2\/posts\/56372\/revisions"}],"wp:featuredmedia":[{"embeddable":true,"href":"https:\/\/ppdegalicia.com\/es\/wp-json\/wp\/v2\/media\/56371"}],"wp:attachment":[{"href":"https:\/\/ppdegalicia.com\/es\/wp-json\/wp\/v2\/media?parent=56372"}],"wp:term":[{"taxonomy":"category","embeddable":true,"href":"https:\/\/ppdegalicia.com\/es\/wp-json\/wp\/v2\/categories?post=56372"},{"taxonomy":"post_tag","embeddable":true,"href":"https:\/\/ppdegalicia.com\/es\/wp-json\/wp\/v2\/tags?post=56372"}],"curies":[{"name":"wp","href":"https:\/\/api.w.org\/{rel}","templated":true}]}}