{"id":56400,"date":"2021-11-11T10:49:24","date_gmt":"2021-11-11T08:49:24","guid":{"rendered":"https:\/\/ppdegalicia.com\/aprobado-en-comision-do-ditame-da-reforma-da-lei-que-reconece-a-violencia-dixital-como-unha-nova-forma-de-violencia-de-xenero\/"},"modified":"2021-11-11T10:49:24","modified_gmt":"2021-11-11T08:49:24","slug":"aprobado-en-comision-do-ditame-da-reforma-da-lei-que-reconece-a-violencia-dixital-como-unha-nova-forma-de-violencia-de-xenero","status":"publish","type":"post","link":"https:\/\/ppdegalicia.com\/es\/aprobado-en-comision-do-ditame-da-reforma-da-lei-que-reconece-a-violencia-dixital-como-unha-nova-forma-de-violencia-de-xenero\/","title":{"rendered":"Aprobado en Comisi\u00f3n do ditame da reforma da lei que reco\u00f1ece a violencia dixital como unha nova forma de violencia de x\u00e9nero"},"content":{"rendered":"<p><img fetchpriority=\"high\" decoding=\"async\" class=\" size-full wp-image-56399\" src=\"https:\/\/ppdegalicia.com\/wp-content\/uploads\/2021\/11\/277695b089d4ce56664361ad7eb0405f.jpg\" alt=\"\" width=\"1900\" height=\"1267\" srcset=\"https:\/\/ppdegalicia.com\/wp-content\/uploads\/2021\/11\/277695b089d4ce56664361ad7eb0405f.jpg 1900w, https:\/\/ppdegalicia.com\/wp-content\/uploads\/2021\/11\/277695b089d4ce56664361ad7eb0405f-300x200.jpg 300w, https:\/\/ppdegalicia.com\/wp-content\/uploads\/2021\/11\/277695b089d4ce56664361ad7eb0405f-1024x683.jpg 1024w, https:\/\/ppdegalicia.com\/wp-content\/uploads\/2021\/11\/277695b089d4ce56664361ad7eb0405f-768x512.jpg 768w, https:\/\/ppdegalicia.com\/wp-content\/uploads\/2021\/11\/277695b089d4ce56664361ad7eb0405f-1536x1024.jpg 1536w\" sizes=\"(max-width: 1900px) 100vw, 1900px\" \/><\/p>\n<p>Santiago, 11 de novembro de 2021.- A Comisi\u00f3n 5\u00aa do Parlamento galego aprobou hoxe por unanimidade o ditame da proposici\u00f3n de lei de reforma da Lei para a prevenci\u00f3n e o tratamento integral da violencia de x\u00e9nero, impulsada polo Grupo Popular e a trav\u00e9s da que se incorpora a violencia dixital como unha nova forma de violencia de x\u00e9nero.<\/p>\n<p><!--more--><\/p>\n<p>\u201cHoxe damos un paso importante na loita contra a violencia de x\u00e9nero no \u00e1mbito lexislativo en Galicia, e agardamos que tome nota o Goberno de Espa\u00f1a e po\u00f1a en marcha os mecanismos que permitan modificar o C\u00f3digo Penal co fin de perseguir axeitadamente estes delitos que van en aumento\u201d, manifestou a viceportavoz popular, Paula Prado.<\/p>\n<p>\u00a0<\/p>\n<p>Na s\u00faa intervenci\u00f3n, Prado referiuse \u00e1 Memoria anual da Fiscal\u00eda Superior de Galicia para destacar que \u201cos delitos sexuais a trav\u00e9s das novas tecnolox\u00edas se incrementan ano tras ano, especialmente os realizados contra menores de 16 anos\u201d.<\/p>\n<p>\u00a0<\/p>\n<p><strong>DELITOS CADA VEZ M\u00c1IS FRECUENTES<\/strong><\/p>\n<p>\u00a0<\/p>\n<p>Esta modificaci\u00f3n da Lei integral de violencia de x\u00e9nero ten como obxectivo facer fronte aos cada vez m\u00e1is frecuentes delitos como ciberbullying, sextorsion; gooming; usurpaci\u00f3n de identidade, chaves ou contrasinais; sexting, revenge porn ou pornovenganza. \u201cSon acci\u00f3ns todas elas moi frecuentes entre as persoas m\u00e1is novas, onde maioritariamente as v\u00edtimas son mulleres e, fundamentalmente, adolescentes, o que incrementa a s\u00faa vulnerabilidade\u201d, apuntou.<\/p>\n<p>\u00a0<\/p>\n<p>Paula Prado lembrou que o Grupo Popular incorporou \u00e1 proposici\u00f3n non de lei unha emenda \u201ca trav\u00e9s da que inclu\u00edmos como condutas de violencia de x\u00e9nero dixital non s\u00f3 as que se exercen a trav\u00e9s das novas tecnolox\u00edas, sen\u00f3n todo acto cometido, instigado ou agravado, reco\u00f1ecendo como medio para cometer o delito a utilizaci\u00f3n de servizos de xeolocalizaci\u00f3n\u201d.<\/p>\n<p>\u00a0<\/p>\n<p>Ademais, mellorouse a redacci\u00f3n do artigo introducindo como finalidade a de discriminar, humillar, chantaxear, acosar ou exercer dominio, control ou intromisi\u00f3n sen consentimento na privacidade da v\u00edtima.<\/p>\n<p>\u00a0<\/p>\n<p>Para rematar, a viceportavoz popular agradeceu \u201ca vontade de consenso amosada por todos os grupos parlamentarios e o debate construtivo levado a cabo no seo da ponencia, porque deste xeito estamos mandando unha mensaxe de unidade fundamental para concienciar \u00e1 sociedade de que a loita contra a violencia de x\u00e9nero \u00e9 cousa de todos\u201d.<\/p>\n","protected":false},"excerpt":{"rendered":"<p>Santiago, 11 de novembro de 2021.- A Comisi\u00f3n 5\u00aa do Parlamento galego aprobou hoxe por unanimidade o ditame da proposici\u00f3n de lei de reforma da Lei para a prevenci\u00f3n e o tratamento integral da violencia de x\u00e9nero, impulsada polo Grupo Popular e a trav\u00e9s da que se incorpora a violencia dixital como unha nova forma [&hellip;]<\/p>\n","protected":false},"author":38,"featured_media":56399,"comment_status":"open","ping_status":"open","sticky":false,"template":"","format":"standard","meta":{"_acf_changed":false,"footnotes":""},"categories":[1],"tags":[],"class_list":["post-56400","post","type-post","status-publish","format-standard","has-post-thumbnail","hentry","category-pp-de-galicia"],"acf":[],"yoast_head":"<!-- This site is optimized with the Yoast SEO plugin v27.3 - https:\/\/yoast.com\/product\/yoast-seo-wordpress\/ -->\n<title>Aprobado en Comisi\u00f3n do ditame da reforma da lei que reco\u00f1ece a violencia dixital como unha nova forma de violencia de x\u00e9nero - PP de Galicia<\/title>\n<meta name=\"robots\" content=\"index, follow, max-snippet:-1, max-image-preview:large, max-video-preview:-1\" \/>\n<link rel=\"canonical\" href=\"https:\/\/ppdegalicia.com\/es\/aprobado-en-comision-do-ditame-da-reforma-da-lei-que-reconece-a-violencia-dixital-como-unha-nova-forma-de-violencia-de-xenero\/\" \/>\n<meta property=\"og:locale\" content=\"es_ES\" \/>\n<meta property=\"og:type\" content=\"article\" \/>\n<meta property=\"og:title\" content=\"Aprobado en Comisi\u00f3n do ditame da reforma da lei que reco\u00f1ece a violencia dixital como unha nova forma de violencia de x\u00e9nero - PP de Galicia\" \/>\n<meta property=\"og:description\" content=\"Santiago, 11 de novembro de 2021.- A Comisi\u00f3n 5\u00aa do Parlamento galego aprobou hoxe por unanimidade o ditame da proposici\u00f3n de lei de reforma da Lei para a prevenci\u00f3n e o tratamento integral da violencia de x\u00e9nero, impulsada polo Grupo Popular e a trav\u00e9s da que se incorpora a violencia dixital como unha nova forma [&hellip;]\" \/>\n<meta property=\"og:url\" content=\"https:\/\/ppdegalicia.com\/es\/aprobado-en-comision-do-ditame-da-reforma-da-lei-que-reconece-a-violencia-dixital-como-unha-nova-forma-de-violencia-de-xenero\/\" \/>\n<meta property=\"og:site_name\" content=\"PP de Galicia\" \/>\n<meta property=\"article:publisher\" content=\"https:\/\/www.instagram.com\/ppdegalicia\/\" \/>\n<meta property=\"article:published_time\" content=\"2021-11-11T08:49:24+00:00\" \/>\n<meta property=\"og:image\" content=\"https:\/\/ppdegalicia.com\/wp-content\/uploads\/2021\/11\/277695b089d4ce56664361ad7eb0405f.jpg\" \/>\n\t<meta property=\"og:image:width\" content=\"1900\" \/>\n\t<meta property=\"og:image:height\" content=\"1267\" \/>\n\t<meta property=\"og:image:type\" content=\"image\/jpeg\" \/>\n<meta name=\"author\" content=\"ppdegaliciaredes\" \/>\n<meta name=\"twitter:card\" content=\"summary_large_image\" \/>\n<meta name=\"twitter:creator\" content=\"@ppdegalicia\" \/>\n<meta name=\"twitter:site\" content=\"@ppdegalicia\" \/>\n<meta name=\"twitter:label1\" content=\"Escrito por\" \/>\n\t<meta name=\"twitter:data1\" content=\"ppdegaliciaredes\" \/>\n\t<meta name=\"twitter:label2\" content=\"Tiempo de lectura\" \/>\n\t<meta name=\"twitter:data2\" content=\"2 minutos\" \/>\n<script type=\"application\/ld+json\" class=\"yoast-schema-graph\">{\"@context\":\"https:\\\/\\\/schema.org\",\"@graph\":[{\"@type\":\"Article\",\"@id\":\"https:\\\/\\\/ppdegalicia.com\\\/es\\\/aprobado-en-comision-do-ditame-da-reforma-da-lei-que-reconece-a-violencia-dixital-como-unha-nova-forma-de-violencia-de-xenero\\\/#article\",\"isPartOf\":{\"@id\":\"https:\\\/\\\/ppdegalicia.com\\\/es\\\/aprobado-en-comision-do-ditame-da-reforma-da-lei-que-reconece-a-violencia-dixital-como-unha-nova-forma-de-violencia-de-xenero\\\/\"},\"author\":{\"name\":\"ppdegaliciaredes\",\"@id\":\"https:\\\/\\\/ppdegalicia.com\\\/es\\\/#\\\/schema\\\/person\\\/5b822c6f59e872ebdd1142f307dbcb59\"},\"headline\":\"Aprobado en Comisi\u00f3n do ditame da reforma da lei que reco\u00f1ece a violencia dixital como unha nova forma de violencia de x\u00e9nero\",\"datePublished\":\"2021-11-11T08:49:24+00:00\",\"mainEntityOfPage\":{\"@id\":\"https:\\\/\\\/ppdegalicia.com\\\/es\\\/aprobado-en-comision-do-ditame-da-reforma-da-lei-que-reconece-a-violencia-dixital-como-unha-nova-forma-de-violencia-de-xenero\\\/\"},\"wordCount\":413,\"commentCount\":0,\"publisher\":{\"@id\":\"https:\\\/\\\/ppdegalicia.com\\\/es\\\/#organization\"},\"image\":{\"@id\":\"https:\\\/\\\/ppdegalicia.com\\\/es\\\/aprobado-en-comision-do-ditame-da-reforma-da-lei-que-reconece-a-violencia-dixital-como-unha-nova-forma-de-violencia-de-xenero\\\/#primaryimage\"},\"thumbnailUrl\":\"https:\\\/\\\/ppdegalicia.com\\\/wp-content\\\/uploads\\\/2021\\\/11\\\/277695b089d4ce56664361ad7eb0405f.jpg\",\"articleSection\":[\"PP de Galicia\"],\"inLanguage\":\"es\",\"potentialAction\":[{\"@type\":\"CommentAction\",\"name\":\"Comment\",\"target\":[\"https:\\\/\\\/ppdegalicia.com\\\/es\\\/aprobado-en-comision-do-ditame-da-reforma-da-lei-que-reconece-a-violencia-dixital-como-unha-nova-forma-de-violencia-de-xenero\\\/#respond\"]}]},{\"@type\":\"WebPage\",\"@id\":\"https:\\\/\\\/ppdegalicia.com\\\/es\\\/aprobado-en-comision-do-ditame-da-reforma-da-lei-que-reconece-a-violencia-dixital-como-unha-nova-forma-de-violencia-de-xenero\\\/\",\"url\":\"https:\\\/\\\/ppdegalicia.com\\\/es\\\/aprobado-en-comision-do-ditame-da-reforma-da-lei-que-reconece-a-violencia-dixital-como-unha-nova-forma-de-violencia-de-xenero\\\/\",\"name\":\"Aprobado en Comisi\u00f3n do ditame da reforma da lei que reco\u00f1ece a violencia dixital como unha nova forma de violencia de x\u00e9nero - PP de Galicia\",\"isPartOf\":{\"@id\":\"https:\\\/\\\/ppdegalicia.com\\\/es\\\/#website\"},\"primaryImageOfPage\":{\"@id\":\"https:\\\/\\\/ppdegalicia.com\\\/es\\\/aprobado-en-comision-do-ditame-da-reforma-da-lei-que-reconece-a-violencia-dixital-como-unha-nova-forma-de-violencia-de-xenero\\\/#primaryimage\"},\"image\":{\"@id\":\"https:\\\/\\\/ppdegalicia.com\\\/es\\\/aprobado-en-comision-do-ditame-da-reforma-da-lei-que-reconece-a-violencia-dixital-como-unha-nova-forma-de-violencia-de-xenero\\\/#primaryimage\"},\"thumbnailUrl\":\"https:\\\/\\\/ppdegalicia.com\\\/wp-content\\\/uploads\\\/2021\\\/11\\\/277695b089d4ce56664361ad7eb0405f.jpg\",\"datePublished\":\"2021-11-11T08:49:24+00:00\",\"breadcrumb\":{\"@id\":\"https:\\\/\\\/ppdegalicia.com\\\/es\\\/aprobado-en-comision-do-ditame-da-reforma-da-lei-que-reconece-a-violencia-dixital-como-unha-nova-forma-de-violencia-de-xenero\\\/#breadcrumb\"},\"inLanguage\":\"es\",\"potentialAction\":[{\"@type\":\"ReadAction\",\"target\":[\"https:\\\/\\\/ppdegalicia.com\\\/es\\\/aprobado-en-comision-do-ditame-da-reforma-da-lei-que-reconece-a-violencia-dixital-como-unha-nova-forma-de-violencia-de-xenero\\\/\"]}]},{\"@type\":\"ImageObject\",\"inLanguage\":\"es\",\"@id\":\"https:\\\/\\\/ppdegalicia.com\\\/es\\\/aprobado-en-comision-do-ditame-da-reforma-da-lei-que-reconece-a-violencia-dixital-como-unha-nova-forma-de-violencia-de-xenero\\\/#primaryimage\",\"url\":\"https:\\\/\\\/ppdegalicia.com\\\/wp-content\\\/uploads\\\/2021\\\/11\\\/277695b089d4ce56664361ad7eb0405f.jpg\",\"contentUrl\":\"https:\\\/\\\/ppdegalicia.com\\\/wp-content\\\/uploads\\\/2021\\\/11\\\/277695b089d4ce56664361ad7eb0405f.jpg\",\"width\":1900,\"height\":1267},{\"@type\":\"BreadcrumbList\",\"@id\":\"https:\\\/\\\/ppdegalicia.com\\\/es\\\/aprobado-en-comision-do-ditame-da-reforma-da-lei-que-reconece-a-violencia-dixital-como-unha-nova-forma-de-violencia-de-xenero\\\/#breadcrumb\",\"itemListElement\":[{\"@type\":\"ListItem\",\"position\":1,\"name\":\"Portada\",\"item\":\"https:\\\/\\\/ppdegalicia.com\\\/es\\\/\"},{\"@type\":\"ListItem\",\"position\":2,\"name\":\"Aprobado en Comisi\u00f3n do ditame da reforma da lei que reco\u00f1ece a violencia dixital como unha nova forma de violencia de x\u00e9nero\"}]},{\"@type\":\"WebSite\",\"@id\":\"https:\\\/\\\/ppdegalicia.com\\\/es\\\/#website\",\"url\":\"https:\\\/\\\/ppdegalicia.com\\\/es\\\/\",\"name\":\"Partido Popular de Galicia\",\"description\":\"Partido Popular de Galicia\",\"publisher\":{\"@id\":\"https:\\\/\\\/ppdegalicia.com\\\/es\\\/#organization\"},\"alternateName\":\"PP de Galicia\",\"potentialAction\":[{\"@type\":\"SearchAction\",\"target\":{\"@type\":\"EntryPoint\",\"urlTemplate\":\"https:\\\/\\\/ppdegalicia.com\\\/es\\\/?s={search_term_string}\"},\"query-input\":{\"@type\":\"PropertyValueSpecification\",\"valueRequired\":true,\"valueName\":\"search_term_string\"}}],\"inLanguage\":\"es\"},{\"@type\":\"Organization\",\"@id\":\"https:\\\/\\\/ppdegalicia.com\\\/es\\\/#organization\",\"name\":\"Partido Popular de Galicia\",\"alternateName\":\"PP de Galicia\",\"url\":\"https:\\\/\\\/ppdegalicia.com\\\/es\\\/\",\"logo\":{\"@type\":\"ImageObject\",\"inLanguage\":\"es\",\"@id\":\"https:\\\/\\\/ppdegalicia.com\\\/es\\\/#\\\/schema\\\/logo\\\/image\\\/\",\"url\":\"https:\\\/\\\/ppdegalicia.com\\\/wp-content\\\/uploads\\\/2023\\\/04\\\/logoPP512.png\",\"contentUrl\":\"https:\\\/\\\/ppdegalicia.com\\\/wp-content\\\/uploads\\\/2023\\\/04\\\/logoPP512.png\",\"width\":512,\"height\":512,\"caption\":\"Partido Popular de Galicia\"},\"image\":{\"@id\":\"https:\\\/\\\/ppdegalicia.com\\\/es\\\/#\\\/schema\\\/logo\\\/image\\\/\"},\"sameAs\":[\"https:\\\/\\\/www.instagram.com\\\/ppdegalicia\\\/\",\"https:\\\/\\\/x.com\\\/ppdegalicia\",\"https:\\\/\\\/www.tiktok.com\\\/@ppdegalicia\",\"https:\\\/\\\/www.youtube.com\\\/user\\\/ppdegalicia\"]},{\"@type\":\"Person\",\"@id\":\"https:\\\/\\\/ppdegalicia.com\\\/es\\\/#\\\/schema\\\/person\\\/5b822c6f59e872ebdd1142f307dbcb59\",\"name\":\"ppdegaliciaredes\",\"image\":{\"@type\":\"ImageObject\",\"inLanguage\":\"es\",\"@id\":\"https:\\\/\\\/secure.gravatar.com\\\/avatar\\\/3c9179cf0256d00c72a48d1f25783c58b6842cd56e85ef3a572881c8e28ccd59?s=96&d=mm&r=g\",\"url\":\"https:\\\/\\\/secure.gravatar.com\\\/avatar\\\/3c9179cf0256d00c72a48d1f25783c58b6842cd56e85ef3a572881c8e28ccd59?s=96&d=mm&r=g\",\"contentUrl\":\"https:\\\/\\\/secure.gravatar.com\\\/avatar\\\/3c9179cf0256d00c72a48d1f25783c58b6842cd56e85ef3a572881c8e28ccd59?s=96&d=mm&r=g\",\"caption\":\"ppdegaliciaredes\"},\"url\":\"https:\\\/\\\/ppdegalicia.com\\\/es\\\/author\\\/ppdegaliciaredes\\\/\"}]}<\/script>\n<!-- \/ Yoast SEO plugin. -->","yoast_head_json":{"title":"Aprobado en Comisi\u00f3n do ditame da reforma da lei que reco\u00f1ece a violencia dixital como unha nova forma de violencia de x\u00e9nero - PP de Galicia","robots":{"index":"index","follow":"follow","max-snippet":"max-snippet:-1","max-image-preview":"max-image-preview:large","max-video-preview":"max-video-preview:-1"},"canonical":"https:\/\/ppdegalicia.com\/es\/aprobado-en-comision-do-ditame-da-reforma-da-lei-que-reconece-a-violencia-dixital-como-unha-nova-forma-de-violencia-de-xenero\/","og_locale":"es_ES","og_type":"article","og_title":"Aprobado en Comisi\u00f3n do ditame da reforma da lei que reco\u00f1ece a violencia dixital como unha nova forma de violencia de x\u00e9nero - PP de Galicia","og_description":"Santiago, 11 de novembro de 2021.- A Comisi\u00f3n 5\u00aa do Parlamento galego aprobou hoxe por unanimidade o ditame da proposici\u00f3n de lei de reforma da Lei para a prevenci\u00f3n e o tratamento integral da violencia de x\u00e9nero, impulsada polo Grupo Popular e a trav\u00e9s da que se incorpora a violencia dixital como unha nova forma [&hellip;]","og_url":"https:\/\/ppdegalicia.com\/es\/aprobado-en-comision-do-ditame-da-reforma-da-lei-que-reconece-a-violencia-dixital-como-unha-nova-forma-de-violencia-de-xenero\/","og_site_name":"PP de Galicia","article_publisher":"https:\/\/www.instagram.com\/ppdegalicia\/","article_published_time":"2021-11-11T08:49:24+00:00","og_image":[{"width":1900,"height":1267,"url":"https:\/\/ppdegalicia.com\/wp-content\/uploads\/2021\/11\/277695b089d4ce56664361ad7eb0405f.jpg","type":"image\/jpeg"}],"author":"ppdegaliciaredes","twitter_card":"summary_large_image","twitter_creator":"@ppdegalicia","twitter_site":"@ppdegalicia","twitter_misc":{"Escrito por":"ppdegaliciaredes","Tiempo de lectura":"2 minutos"},"schema":{"@context":"https:\/\/schema.org","@graph":[{"@type":"Article","@id":"https:\/\/ppdegalicia.com\/es\/aprobado-en-comision-do-ditame-da-reforma-da-lei-que-reconece-a-violencia-dixital-como-unha-nova-forma-de-violencia-de-xenero\/#article","isPartOf":{"@id":"https:\/\/ppdegalicia.com\/es\/aprobado-en-comision-do-ditame-da-reforma-da-lei-que-reconece-a-violencia-dixital-como-unha-nova-forma-de-violencia-de-xenero\/"},"author":{"name":"ppdegaliciaredes","@id":"https:\/\/ppdegalicia.com\/es\/#\/schema\/person\/5b822c6f59e872ebdd1142f307dbcb59"},"headline":"Aprobado en Comisi\u00f3n do ditame da reforma da lei que reco\u00f1ece a violencia dixital como unha nova forma de violencia de x\u00e9nero","datePublished":"2021-11-11T08:49:24+00:00","mainEntityOfPage":{"@id":"https:\/\/ppdegalicia.com\/es\/aprobado-en-comision-do-ditame-da-reforma-da-lei-que-reconece-a-violencia-dixital-como-unha-nova-forma-de-violencia-de-xenero\/"},"wordCount":413,"commentCount":0,"publisher":{"@id":"https:\/\/ppdegalicia.com\/es\/#organization"},"image":{"@id":"https:\/\/ppdegalicia.com\/es\/aprobado-en-comision-do-ditame-da-reforma-da-lei-que-reconece-a-violencia-dixital-como-unha-nova-forma-de-violencia-de-xenero\/#primaryimage"},"thumbnailUrl":"https:\/\/ppdegalicia.com\/wp-content\/uploads\/2021\/11\/277695b089d4ce56664361ad7eb0405f.jpg","articleSection":["PP de Galicia"],"inLanguage":"es","potentialAction":[{"@type":"CommentAction","name":"Comment","target":["https:\/\/ppdegalicia.com\/es\/aprobado-en-comision-do-ditame-da-reforma-da-lei-que-reconece-a-violencia-dixital-como-unha-nova-forma-de-violencia-de-xenero\/#respond"]}]},{"@type":"WebPage","@id":"https:\/\/ppdegalicia.com\/es\/aprobado-en-comision-do-ditame-da-reforma-da-lei-que-reconece-a-violencia-dixital-como-unha-nova-forma-de-violencia-de-xenero\/","url":"https:\/\/ppdegalicia.com\/es\/aprobado-en-comision-do-ditame-da-reforma-da-lei-que-reconece-a-violencia-dixital-como-unha-nova-forma-de-violencia-de-xenero\/","name":"Aprobado en Comisi\u00f3n do ditame da reforma da lei que reco\u00f1ece a violencia dixital como unha nova forma de violencia de x\u00e9nero - PP de Galicia","isPartOf":{"@id":"https:\/\/ppdegalicia.com\/es\/#website"},"primaryImageOfPage":{"@id":"https:\/\/ppdegalicia.com\/es\/aprobado-en-comision-do-ditame-da-reforma-da-lei-que-reconece-a-violencia-dixital-como-unha-nova-forma-de-violencia-de-xenero\/#primaryimage"},"image":{"@id":"https:\/\/ppdegalicia.com\/es\/aprobado-en-comision-do-ditame-da-reforma-da-lei-que-reconece-a-violencia-dixital-como-unha-nova-forma-de-violencia-de-xenero\/#primaryimage"},"thumbnailUrl":"https:\/\/ppdegalicia.com\/wp-content\/uploads\/2021\/11\/277695b089d4ce56664361ad7eb0405f.jpg","datePublished":"2021-11-11T08:49:24+00:00","breadcrumb":{"@id":"https:\/\/ppdegalicia.com\/es\/aprobado-en-comision-do-ditame-da-reforma-da-lei-que-reconece-a-violencia-dixital-como-unha-nova-forma-de-violencia-de-xenero\/#breadcrumb"},"inLanguage":"es","potentialAction":[{"@type":"ReadAction","target":["https:\/\/ppdegalicia.com\/es\/aprobado-en-comision-do-ditame-da-reforma-da-lei-que-reconece-a-violencia-dixital-como-unha-nova-forma-de-violencia-de-xenero\/"]}]},{"@type":"ImageObject","inLanguage":"es","@id":"https:\/\/ppdegalicia.com\/es\/aprobado-en-comision-do-ditame-da-reforma-da-lei-que-reconece-a-violencia-dixital-como-unha-nova-forma-de-violencia-de-xenero\/#primaryimage","url":"https:\/\/ppdegalicia.com\/wp-content\/uploads\/2021\/11\/277695b089d4ce56664361ad7eb0405f.jpg","contentUrl":"https:\/\/ppdegalicia.com\/wp-content\/uploads\/2021\/11\/277695b089d4ce56664361ad7eb0405f.jpg","width":1900,"height":1267},{"@type":"BreadcrumbList","@id":"https:\/\/ppdegalicia.com\/es\/aprobado-en-comision-do-ditame-da-reforma-da-lei-que-reconece-a-violencia-dixital-como-unha-nova-forma-de-violencia-de-xenero\/#breadcrumb","itemListElement":[{"@type":"ListItem","position":1,"name":"Portada","item":"https:\/\/ppdegalicia.com\/es\/"},{"@type":"ListItem","position":2,"name":"Aprobado en Comisi\u00f3n do ditame da reforma da lei que reco\u00f1ece a violencia dixital como unha nova forma de violencia de x\u00e9nero"}]},{"@type":"WebSite","@id":"https:\/\/ppdegalicia.com\/es\/#website","url":"https:\/\/ppdegalicia.com\/es\/","name":"Partido Popular de Galicia","description":"Partido Popular de Galicia","publisher":{"@id":"https:\/\/ppdegalicia.com\/es\/#organization"},"alternateName":"PP de Galicia","potentialAction":[{"@type":"SearchAction","target":{"@type":"EntryPoint","urlTemplate":"https:\/\/ppdegalicia.com\/es\/?s={search_term_string}"},"query-input":{"@type":"PropertyValueSpecification","valueRequired":true,"valueName":"search_term_string"}}],"inLanguage":"es"},{"@type":"Organization","@id":"https:\/\/ppdegalicia.com\/es\/#organization","name":"Partido Popular de Galicia","alternateName":"PP de Galicia","url":"https:\/\/ppdegalicia.com\/es\/","logo":{"@type":"ImageObject","inLanguage":"es","@id":"https:\/\/ppdegalicia.com\/es\/#\/schema\/logo\/image\/","url":"https:\/\/ppdegalicia.com\/wp-content\/uploads\/2023\/04\/logoPP512.png","contentUrl":"https:\/\/ppdegalicia.com\/wp-content\/uploads\/2023\/04\/logoPP512.png","width":512,"height":512,"caption":"Partido Popular de Galicia"},"image":{"@id":"https:\/\/ppdegalicia.com\/es\/#\/schema\/logo\/image\/"},"sameAs":["https:\/\/www.instagram.com\/ppdegalicia\/","https:\/\/x.com\/ppdegalicia","https:\/\/www.tiktok.com\/@ppdegalicia","https:\/\/www.youtube.com\/user\/ppdegalicia"]},{"@type":"Person","@id":"https:\/\/ppdegalicia.com\/es\/#\/schema\/person\/5b822c6f59e872ebdd1142f307dbcb59","name":"ppdegaliciaredes","image":{"@type":"ImageObject","inLanguage":"es","@id":"https:\/\/secure.gravatar.com\/avatar\/3c9179cf0256d00c72a48d1f25783c58b6842cd56e85ef3a572881c8e28ccd59?s=96&d=mm&r=g","url":"https:\/\/secure.gravatar.com\/avatar\/3c9179cf0256d00c72a48d1f25783c58b6842cd56e85ef3a572881c8e28ccd59?s=96&d=mm&r=g","contentUrl":"https:\/\/secure.gravatar.com\/avatar\/3c9179cf0256d00c72a48d1f25783c58b6842cd56e85ef3a572881c8e28ccd59?s=96&d=mm&r=g","caption":"ppdegaliciaredes"},"url":"https:\/\/ppdegalicia.com\/es\/author\/ppdegaliciaredes\/"}]}},"_links":{"self":[{"href":"https:\/\/ppdegalicia.com\/es\/wp-json\/wp\/v2\/posts\/56400","targetHints":{"allow":["GET"]}}],"collection":[{"href":"https:\/\/ppdegalicia.com\/es\/wp-json\/wp\/v2\/posts"}],"about":[{"href":"https:\/\/ppdegalicia.com\/es\/wp-json\/wp\/v2\/types\/post"}],"author":[{"embeddable":true,"href":"https:\/\/ppdegalicia.com\/es\/wp-json\/wp\/v2\/users\/38"}],"replies":[{"embeddable":true,"href":"https:\/\/ppdegalicia.com\/es\/wp-json\/wp\/v2\/comments?post=56400"}],"version-history":[{"count":0,"href":"https:\/\/ppdegalicia.com\/es\/wp-json\/wp\/v2\/posts\/56400\/revisions"}],"wp:featuredmedia":[{"embeddable":true,"href":"https:\/\/ppdegalicia.com\/es\/wp-json\/wp\/v2\/media\/56399"}],"wp:attachment":[{"href":"https:\/\/ppdegalicia.com\/es\/wp-json\/wp\/v2\/media?parent=56400"}],"wp:term":[{"taxonomy":"category","embeddable":true,"href":"https:\/\/ppdegalicia.com\/es\/wp-json\/wp\/v2\/categories?post=56400"},{"taxonomy":"post_tag","embeddable":true,"href":"https:\/\/ppdegalicia.com\/es\/wp-json\/wp\/v2\/tags?post=56400"}],"curies":[{"name":"wp","href":"https:\/\/api.w.org\/{rel}","templated":true}]}}