{"id":56406,"date":"2021-11-11T12:49:48","date_gmt":"2021-11-11T10:49:48","guid":{"rendered":"https:\/\/ppdegalicia.com\/o-parlamento-demanda-a-posta-en-marcha-de-servizos-de-conciliacion-laboral-e-familiar-en-contornas-laborais\/"},"modified":"2021-11-11T12:49:48","modified_gmt":"2021-11-11T10:49:48","slug":"o-parlamento-demanda-a-posta-en-marcha-de-servizos-de-conciliacion-laboral-e-familiar-en-contornas-laborais","status":"publish","type":"post","link":"https:\/\/ppdegalicia.com\/es\/o-parlamento-demanda-a-posta-en-marcha-de-servizos-de-conciliacion-laboral-e-familiar-en-contornas-laborais\/","title":{"rendered":"O Parlamento demanda a posta en marcha de servizos de conciliaci\u00f3n laboral e familiar en contornas laborais"},"content":{"rendered":"<p><img fetchpriority=\"high\" decoding=\"async\" class=\" size-full wp-image-56405\" src=\"https:\/\/ppdegalicia.com\/wp-content\/uploads\/2021\/11\/d3e0f80ed0c034c85f9c34a17503d925.jpg\" alt=\"\" width=\"1900\" height=\"1267\" srcset=\"https:\/\/ppdegalicia.com\/wp-content\/uploads\/2021\/11\/d3e0f80ed0c034c85f9c34a17503d925.jpg 1900w, https:\/\/ppdegalicia.com\/wp-content\/uploads\/2021\/11\/d3e0f80ed0c034c85f9c34a17503d925-300x200.jpg 300w, https:\/\/ppdegalicia.com\/wp-content\/uploads\/2021\/11\/d3e0f80ed0c034c85f9c34a17503d925-1024x683.jpg 1024w, https:\/\/ppdegalicia.com\/wp-content\/uploads\/2021\/11\/d3e0f80ed0c034c85f9c34a17503d925-768x512.jpg 768w, https:\/\/ppdegalicia.com\/wp-content\/uploads\/2021\/11\/d3e0f80ed0c034c85f9c34a17503d925-1536x1024.jpg 1536w\" sizes=\"(max-width: 1900px) 100vw, 1900px\" \/><\/p>\n<p>Santiago, 11 de novembro de 2021.- O Parlamento de Galicia aprobou hoxe a proposici\u00f3n non de lei do Grupo Popular, sen o voto favorable de BNG e PSdeG, a trav\u00e9s da que se solicita que a Xunta po\u00f1a en marcha servizos de conciliaci\u00f3n en contornas laborais, contando coa implicaci\u00f3n do tecido empresarial e cos concellos, co fin de facilitar a conciliaci\u00f3n familiar e laboral.<\/p>\n<p><!--more--><\/p>\n<p>O deputado popular Alberto Pazos lembrou que \u201cun dos obxectivos clave do Goberno galego para afrontar o reto demogr\u00e1fico \u00e9 converter a Galicia no mellor lugar para nacer, para ser neno e para formar unha familia\u201d, polo que \u201cun elemento clave para acadar ese obxectivo pasa por mellorar de maneira significativa os recursos dedicados \u00e1 conciliaci\u00f3n familiar\u201d.<\/p>\n<p>\u00a0<\/p>\n<p>SEN AUTOCOMPLACENCIA<\/p>\n<p>\u00a0<\/p>\n<p>Deste xeito, destacou que Galicia foi a primeira comunidade aut\u00f3noma en aprobar unha Lei de impulso demogr\u00e1fico ou de implementar a gratuidade da escola infantil para a totalidade dos nenos galegos; e se implementou a Tarxeta Benvida, o Bono concilia ou o Bono coidado.<\/p>\n<p>\u00a0<\/p>\n<p>\u201cPero na loita contra o problema demogr\u00e1fico non cabe a autocomplacencia nin a conformidade, e por iso o Goberno galego traballa de maneira constante para mellorar as medidas de conciliaci\u00f3n, tanto nas contornas urbanas como no rural\u201d, sinalou o deputado popular, quen salientou que nos orzamentos da Xunta para 2022 se prev\u00e9 un investimento m\u00ednimo de 168,3 mill\u00f3ns de euros para pol\u00edticas de apoio \u00e1 familia, a infancia e a dinamizaci\u00f3n demogr\u00e1fica.<\/p>\n","protected":false},"excerpt":{"rendered":"<p>Santiago, 11 de novembro de 2021.- O Parlamento de Galicia aprobou hoxe a proposici\u00f3n non de lei do Grupo Popular, sen o voto favorable de BNG e PSdeG, a trav\u00e9s da que se solicita que a Xunta po\u00f1a en marcha servizos de conciliaci\u00f3n en contornas laborais, contando coa implicaci\u00f3n do tecido empresarial e cos concellos, [&hellip;]<\/p>\n","protected":false},"author":38,"featured_media":56405,"comment_status":"open","ping_status":"open","sticky":false,"template":"","format":"standard","meta":{"_acf_changed":false,"footnotes":""},"categories":[1],"tags":[],"class_list":["post-56406","post","type-post","status-publish","format-standard","has-post-thumbnail","hentry","category-pp-de-galicia"],"acf":[],"yoast_head":"<!-- This site is optimized with the Yoast SEO plugin v27.3 - https:\/\/yoast.com\/product\/yoast-seo-wordpress\/ -->\n<title>O Parlamento demanda a posta en marcha de servizos de conciliaci\u00f3n laboral e familiar en contornas laborais - PP de Galicia<\/title>\n<meta name=\"robots\" content=\"index, follow, max-snippet:-1, max-image-preview:large, max-video-preview:-1\" \/>\n<link rel=\"canonical\" href=\"https:\/\/ppdegalicia.com\/es\/o-parlamento-demanda-a-posta-en-marcha-de-servizos-de-conciliacion-laboral-e-familiar-en-contornas-laborais\/\" \/>\n<meta property=\"og:locale\" content=\"es_ES\" \/>\n<meta property=\"og:type\" content=\"article\" \/>\n<meta property=\"og:title\" content=\"O Parlamento demanda a posta en marcha de servizos de conciliaci\u00f3n laboral e familiar en contornas laborais - PP de Galicia\" \/>\n<meta property=\"og:description\" content=\"Santiago, 11 de novembro de 2021.- O Parlamento de Galicia aprobou hoxe a proposici\u00f3n non de lei do Grupo Popular, sen o voto favorable de BNG e PSdeG, a trav\u00e9s da que se solicita que a Xunta po\u00f1a en marcha servizos de conciliaci\u00f3n en contornas laborais, contando coa implicaci\u00f3n do tecido empresarial e cos concellos, [&hellip;]\" \/>\n<meta property=\"og:url\" content=\"https:\/\/ppdegalicia.com\/es\/o-parlamento-demanda-a-posta-en-marcha-de-servizos-de-conciliacion-laboral-e-familiar-en-contornas-laborais\/\" \/>\n<meta property=\"og:site_name\" content=\"PP de Galicia\" \/>\n<meta property=\"article:publisher\" content=\"https:\/\/www.instagram.com\/ppdegalicia\/\" \/>\n<meta property=\"article:published_time\" content=\"2021-11-11T10:49:48+00:00\" \/>\n<meta property=\"og:image\" content=\"https:\/\/ppdegalicia.com\/wp-content\/uploads\/2021\/11\/d3e0f80ed0c034c85f9c34a17503d925.jpg\" \/>\n\t<meta property=\"og:image:width\" content=\"1900\" \/>\n\t<meta property=\"og:image:height\" content=\"1267\" \/>\n\t<meta property=\"og:image:type\" content=\"image\/jpeg\" \/>\n<meta name=\"author\" content=\"ppdegaliciaredes\" \/>\n<meta name=\"twitter:card\" content=\"summary_large_image\" \/>\n<meta name=\"twitter:creator\" content=\"@ppdegalicia\" \/>\n<meta name=\"twitter:site\" content=\"@ppdegalicia\" \/>\n<meta name=\"twitter:label1\" content=\"Escrito por\" \/>\n\t<meta name=\"twitter:data1\" content=\"ppdegaliciaredes\" \/>\n\t<meta name=\"twitter:label2\" content=\"Tiempo de lectura\" \/>\n\t<meta name=\"twitter:data2\" content=\"1 minuto\" \/>\n<script type=\"application\/ld+json\" class=\"yoast-schema-graph\">{\"@context\":\"https:\\\/\\\/schema.org\",\"@graph\":[{\"@type\":\"Article\",\"@id\":\"https:\\\/\\\/ppdegalicia.com\\\/es\\\/o-parlamento-demanda-a-posta-en-marcha-de-servizos-de-conciliacion-laboral-e-familiar-en-contornas-laborais\\\/#article\",\"isPartOf\":{\"@id\":\"https:\\\/\\\/ppdegalicia.com\\\/es\\\/o-parlamento-demanda-a-posta-en-marcha-de-servizos-de-conciliacion-laboral-e-familiar-en-contornas-laborais\\\/\"},\"author\":{\"name\":\"ppdegaliciaredes\",\"@id\":\"https:\\\/\\\/ppdegalicia.com\\\/es\\\/#\\\/schema\\\/person\\\/5b822c6f59e872ebdd1142f307dbcb59\"},\"headline\":\"O Parlamento demanda a posta en marcha de servizos de conciliaci\u00f3n laboral e familiar en contornas laborais\",\"datePublished\":\"2021-11-11T10:49:48+00:00\",\"mainEntityOfPage\":{\"@id\":\"https:\\\/\\\/ppdegalicia.com\\\/es\\\/o-parlamento-demanda-a-posta-en-marcha-de-servizos-de-conciliacion-laboral-e-familiar-en-contornas-laborais\\\/\"},\"wordCount\":268,\"commentCount\":0,\"publisher\":{\"@id\":\"https:\\\/\\\/ppdegalicia.com\\\/es\\\/#organization\"},\"image\":{\"@id\":\"https:\\\/\\\/ppdegalicia.com\\\/es\\\/o-parlamento-demanda-a-posta-en-marcha-de-servizos-de-conciliacion-laboral-e-familiar-en-contornas-laborais\\\/#primaryimage\"},\"thumbnailUrl\":\"https:\\\/\\\/ppdegalicia.com\\\/wp-content\\\/uploads\\\/2021\\\/11\\\/d3e0f80ed0c034c85f9c34a17503d925.jpg\",\"articleSection\":[\"PP de Galicia\"],\"inLanguage\":\"es\",\"potentialAction\":[{\"@type\":\"CommentAction\",\"name\":\"Comment\",\"target\":[\"https:\\\/\\\/ppdegalicia.com\\\/es\\\/o-parlamento-demanda-a-posta-en-marcha-de-servizos-de-conciliacion-laboral-e-familiar-en-contornas-laborais\\\/#respond\"]}]},{\"@type\":\"WebPage\",\"@id\":\"https:\\\/\\\/ppdegalicia.com\\\/es\\\/o-parlamento-demanda-a-posta-en-marcha-de-servizos-de-conciliacion-laboral-e-familiar-en-contornas-laborais\\\/\",\"url\":\"https:\\\/\\\/ppdegalicia.com\\\/es\\\/o-parlamento-demanda-a-posta-en-marcha-de-servizos-de-conciliacion-laboral-e-familiar-en-contornas-laborais\\\/\",\"name\":\"O Parlamento demanda a posta en marcha de servizos de conciliaci\u00f3n laboral e familiar en contornas laborais - PP de Galicia\",\"isPartOf\":{\"@id\":\"https:\\\/\\\/ppdegalicia.com\\\/es\\\/#website\"},\"primaryImageOfPage\":{\"@id\":\"https:\\\/\\\/ppdegalicia.com\\\/es\\\/o-parlamento-demanda-a-posta-en-marcha-de-servizos-de-conciliacion-laboral-e-familiar-en-contornas-laborais\\\/#primaryimage\"},\"image\":{\"@id\":\"https:\\\/\\\/ppdegalicia.com\\\/es\\\/o-parlamento-demanda-a-posta-en-marcha-de-servizos-de-conciliacion-laboral-e-familiar-en-contornas-laborais\\\/#primaryimage\"},\"thumbnailUrl\":\"https:\\\/\\\/ppdegalicia.com\\\/wp-content\\\/uploads\\\/2021\\\/11\\\/d3e0f80ed0c034c85f9c34a17503d925.jpg\",\"datePublished\":\"2021-11-11T10:49:48+00:00\",\"breadcrumb\":{\"@id\":\"https:\\\/\\\/ppdegalicia.com\\\/es\\\/o-parlamento-demanda-a-posta-en-marcha-de-servizos-de-conciliacion-laboral-e-familiar-en-contornas-laborais\\\/#breadcrumb\"},\"inLanguage\":\"es\",\"potentialAction\":[{\"@type\":\"ReadAction\",\"target\":[\"https:\\\/\\\/ppdegalicia.com\\\/es\\\/o-parlamento-demanda-a-posta-en-marcha-de-servizos-de-conciliacion-laboral-e-familiar-en-contornas-laborais\\\/\"]}]},{\"@type\":\"ImageObject\",\"inLanguage\":\"es\",\"@id\":\"https:\\\/\\\/ppdegalicia.com\\\/es\\\/o-parlamento-demanda-a-posta-en-marcha-de-servizos-de-conciliacion-laboral-e-familiar-en-contornas-laborais\\\/#primaryimage\",\"url\":\"https:\\\/\\\/ppdegalicia.com\\\/wp-content\\\/uploads\\\/2021\\\/11\\\/d3e0f80ed0c034c85f9c34a17503d925.jpg\",\"contentUrl\":\"https:\\\/\\\/ppdegalicia.com\\\/wp-content\\\/uploads\\\/2021\\\/11\\\/d3e0f80ed0c034c85f9c34a17503d925.jpg\",\"width\":1900,\"height\":1267},{\"@type\":\"BreadcrumbList\",\"@id\":\"https:\\\/\\\/ppdegalicia.com\\\/es\\\/o-parlamento-demanda-a-posta-en-marcha-de-servizos-de-conciliacion-laboral-e-familiar-en-contornas-laborais\\\/#breadcrumb\",\"itemListElement\":[{\"@type\":\"ListItem\",\"position\":1,\"name\":\"Portada\",\"item\":\"https:\\\/\\\/ppdegalicia.com\\\/es\\\/\"},{\"@type\":\"ListItem\",\"position\":2,\"name\":\"O Parlamento demanda a posta en marcha de servizos de conciliaci\u00f3n laboral e familiar en contornas laborais\"}]},{\"@type\":\"WebSite\",\"@id\":\"https:\\\/\\\/ppdegalicia.com\\\/es\\\/#website\",\"url\":\"https:\\\/\\\/ppdegalicia.com\\\/es\\\/\",\"name\":\"Partido Popular de Galicia\",\"description\":\"Partido Popular de Galicia\",\"publisher\":{\"@id\":\"https:\\\/\\\/ppdegalicia.com\\\/es\\\/#organization\"},\"alternateName\":\"PP de Galicia\",\"potentialAction\":[{\"@type\":\"SearchAction\",\"target\":{\"@type\":\"EntryPoint\",\"urlTemplate\":\"https:\\\/\\\/ppdegalicia.com\\\/es\\\/?s={search_term_string}\"},\"query-input\":{\"@type\":\"PropertyValueSpecification\",\"valueRequired\":true,\"valueName\":\"search_term_string\"}}],\"inLanguage\":\"es\"},{\"@type\":\"Organization\",\"@id\":\"https:\\\/\\\/ppdegalicia.com\\\/es\\\/#organization\",\"name\":\"Partido Popular de Galicia\",\"alternateName\":\"PP de Galicia\",\"url\":\"https:\\\/\\\/ppdegalicia.com\\\/es\\\/\",\"logo\":{\"@type\":\"ImageObject\",\"inLanguage\":\"es\",\"@id\":\"https:\\\/\\\/ppdegalicia.com\\\/es\\\/#\\\/schema\\\/logo\\\/image\\\/\",\"url\":\"https:\\\/\\\/ppdegalicia.com\\\/wp-content\\\/uploads\\\/2023\\\/04\\\/logoPP512.png\",\"contentUrl\":\"https:\\\/\\\/ppdegalicia.com\\\/wp-content\\\/uploads\\\/2023\\\/04\\\/logoPP512.png\",\"width\":512,\"height\":512,\"caption\":\"Partido Popular de Galicia\"},\"image\":{\"@id\":\"https:\\\/\\\/ppdegalicia.com\\\/es\\\/#\\\/schema\\\/logo\\\/image\\\/\"},\"sameAs\":[\"https:\\\/\\\/www.instagram.com\\\/ppdegalicia\\\/\",\"https:\\\/\\\/x.com\\\/ppdegalicia\",\"https:\\\/\\\/www.tiktok.com\\\/@ppdegalicia\",\"https:\\\/\\\/www.youtube.com\\\/user\\\/ppdegalicia\"]},{\"@type\":\"Person\",\"@id\":\"https:\\\/\\\/ppdegalicia.com\\\/es\\\/#\\\/schema\\\/person\\\/5b822c6f59e872ebdd1142f307dbcb59\",\"name\":\"ppdegaliciaredes\",\"image\":{\"@type\":\"ImageObject\",\"inLanguage\":\"es\",\"@id\":\"https:\\\/\\\/secure.gravatar.com\\\/avatar\\\/3c9179cf0256d00c72a48d1f25783c58b6842cd56e85ef3a572881c8e28ccd59?s=96&d=mm&r=g\",\"url\":\"https:\\\/\\\/secure.gravatar.com\\\/avatar\\\/3c9179cf0256d00c72a48d1f25783c58b6842cd56e85ef3a572881c8e28ccd59?s=96&d=mm&r=g\",\"contentUrl\":\"https:\\\/\\\/secure.gravatar.com\\\/avatar\\\/3c9179cf0256d00c72a48d1f25783c58b6842cd56e85ef3a572881c8e28ccd59?s=96&d=mm&r=g\",\"caption\":\"ppdegaliciaredes\"},\"url\":\"https:\\\/\\\/ppdegalicia.com\\\/es\\\/author\\\/ppdegaliciaredes\\\/\"}]}<\/script>\n<!-- \/ Yoast SEO plugin. -->","yoast_head_json":{"title":"O Parlamento demanda a posta en marcha de servizos de conciliaci\u00f3n laboral e familiar en contornas laborais - PP de Galicia","robots":{"index":"index","follow":"follow","max-snippet":"max-snippet:-1","max-image-preview":"max-image-preview:large","max-video-preview":"max-video-preview:-1"},"canonical":"https:\/\/ppdegalicia.com\/es\/o-parlamento-demanda-a-posta-en-marcha-de-servizos-de-conciliacion-laboral-e-familiar-en-contornas-laborais\/","og_locale":"es_ES","og_type":"article","og_title":"O Parlamento demanda a posta en marcha de servizos de conciliaci\u00f3n laboral e familiar en contornas laborais - PP de Galicia","og_description":"Santiago, 11 de novembro de 2021.- O Parlamento de Galicia aprobou hoxe a proposici\u00f3n non de lei do Grupo Popular, sen o voto favorable de BNG e PSdeG, a trav\u00e9s da que se solicita que a Xunta po\u00f1a en marcha servizos de conciliaci\u00f3n en contornas laborais, contando coa implicaci\u00f3n do tecido empresarial e cos concellos, [&hellip;]","og_url":"https:\/\/ppdegalicia.com\/es\/o-parlamento-demanda-a-posta-en-marcha-de-servizos-de-conciliacion-laboral-e-familiar-en-contornas-laborais\/","og_site_name":"PP de Galicia","article_publisher":"https:\/\/www.instagram.com\/ppdegalicia\/","article_published_time":"2021-11-11T10:49:48+00:00","og_image":[{"width":1900,"height":1267,"url":"https:\/\/ppdegalicia.com\/wp-content\/uploads\/2021\/11\/d3e0f80ed0c034c85f9c34a17503d925.jpg","type":"image\/jpeg"}],"author":"ppdegaliciaredes","twitter_card":"summary_large_image","twitter_creator":"@ppdegalicia","twitter_site":"@ppdegalicia","twitter_misc":{"Escrito por":"ppdegaliciaredes","Tiempo de lectura":"1 minuto"},"schema":{"@context":"https:\/\/schema.org","@graph":[{"@type":"Article","@id":"https:\/\/ppdegalicia.com\/es\/o-parlamento-demanda-a-posta-en-marcha-de-servizos-de-conciliacion-laboral-e-familiar-en-contornas-laborais\/#article","isPartOf":{"@id":"https:\/\/ppdegalicia.com\/es\/o-parlamento-demanda-a-posta-en-marcha-de-servizos-de-conciliacion-laboral-e-familiar-en-contornas-laborais\/"},"author":{"name":"ppdegaliciaredes","@id":"https:\/\/ppdegalicia.com\/es\/#\/schema\/person\/5b822c6f59e872ebdd1142f307dbcb59"},"headline":"O Parlamento demanda a posta en marcha de servizos de conciliaci\u00f3n laboral e familiar en contornas laborais","datePublished":"2021-11-11T10:49:48+00:00","mainEntityOfPage":{"@id":"https:\/\/ppdegalicia.com\/es\/o-parlamento-demanda-a-posta-en-marcha-de-servizos-de-conciliacion-laboral-e-familiar-en-contornas-laborais\/"},"wordCount":268,"commentCount":0,"publisher":{"@id":"https:\/\/ppdegalicia.com\/es\/#organization"},"image":{"@id":"https:\/\/ppdegalicia.com\/es\/o-parlamento-demanda-a-posta-en-marcha-de-servizos-de-conciliacion-laboral-e-familiar-en-contornas-laborais\/#primaryimage"},"thumbnailUrl":"https:\/\/ppdegalicia.com\/wp-content\/uploads\/2021\/11\/d3e0f80ed0c034c85f9c34a17503d925.jpg","articleSection":["PP de Galicia"],"inLanguage":"es","potentialAction":[{"@type":"CommentAction","name":"Comment","target":["https:\/\/ppdegalicia.com\/es\/o-parlamento-demanda-a-posta-en-marcha-de-servizos-de-conciliacion-laboral-e-familiar-en-contornas-laborais\/#respond"]}]},{"@type":"WebPage","@id":"https:\/\/ppdegalicia.com\/es\/o-parlamento-demanda-a-posta-en-marcha-de-servizos-de-conciliacion-laboral-e-familiar-en-contornas-laborais\/","url":"https:\/\/ppdegalicia.com\/es\/o-parlamento-demanda-a-posta-en-marcha-de-servizos-de-conciliacion-laboral-e-familiar-en-contornas-laborais\/","name":"O Parlamento demanda a posta en marcha de servizos de conciliaci\u00f3n laboral e familiar en contornas laborais - PP de Galicia","isPartOf":{"@id":"https:\/\/ppdegalicia.com\/es\/#website"},"primaryImageOfPage":{"@id":"https:\/\/ppdegalicia.com\/es\/o-parlamento-demanda-a-posta-en-marcha-de-servizos-de-conciliacion-laboral-e-familiar-en-contornas-laborais\/#primaryimage"},"image":{"@id":"https:\/\/ppdegalicia.com\/es\/o-parlamento-demanda-a-posta-en-marcha-de-servizos-de-conciliacion-laboral-e-familiar-en-contornas-laborais\/#primaryimage"},"thumbnailUrl":"https:\/\/ppdegalicia.com\/wp-content\/uploads\/2021\/11\/d3e0f80ed0c034c85f9c34a17503d925.jpg","datePublished":"2021-11-11T10:49:48+00:00","breadcrumb":{"@id":"https:\/\/ppdegalicia.com\/es\/o-parlamento-demanda-a-posta-en-marcha-de-servizos-de-conciliacion-laboral-e-familiar-en-contornas-laborais\/#breadcrumb"},"inLanguage":"es","potentialAction":[{"@type":"ReadAction","target":["https:\/\/ppdegalicia.com\/es\/o-parlamento-demanda-a-posta-en-marcha-de-servizos-de-conciliacion-laboral-e-familiar-en-contornas-laborais\/"]}]},{"@type":"ImageObject","inLanguage":"es","@id":"https:\/\/ppdegalicia.com\/es\/o-parlamento-demanda-a-posta-en-marcha-de-servizos-de-conciliacion-laboral-e-familiar-en-contornas-laborais\/#primaryimage","url":"https:\/\/ppdegalicia.com\/wp-content\/uploads\/2021\/11\/d3e0f80ed0c034c85f9c34a17503d925.jpg","contentUrl":"https:\/\/ppdegalicia.com\/wp-content\/uploads\/2021\/11\/d3e0f80ed0c034c85f9c34a17503d925.jpg","width":1900,"height":1267},{"@type":"BreadcrumbList","@id":"https:\/\/ppdegalicia.com\/es\/o-parlamento-demanda-a-posta-en-marcha-de-servizos-de-conciliacion-laboral-e-familiar-en-contornas-laborais\/#breadcrumb","itemListElement":[{"@type":"ListItem","position":1,"name":"Portada","item":"https:\/\/ppdegalicia.com\/es\/"},{"@type":"ListItem","position":2,"name":"O Parlamento demanda a posta en marcha de servizos de conciliaci\u00f3n laboral e familiar en contornas laborais"}]},{"@type":"WebSite","@id":"https:\/\/ppdegalicia.com\/es\/#website","url":"https:\/\/ppdegalicia.com\/es\/","name":"Partido Popular de Galicia","description":"Partido Popular de Galicia","publisher":{"@id":"https:\/\/ppdegalicia.com\/es\/#organization"},"alternateName":"PP de Galicia","potentialAction":[{"@type":"SearchAction","target":{"@type":"EntryPoint","urlTemplate":"https:\/\/ppdegalicia.com\/es\/?s={search_term_string}"},"query-input":{"@type":"PropertyValueSpecification","valueRequired":true,"valueName":"search_term_string"}}],"inLanguage":"es"},{"@type":"Organization","@id":"https:\/\/ppdegalicia.com\/es\/#organization","name":"Partido Popular de Galicia","alternateName":"PP de Galicia","url":"https:\/\/ppdegalicia.com\/es\/","logo":{"@type":"ImageObject","inLanguage":"es","@id":"https:\/\/ppdegalicia.com\/es\/#\/schema\/logo\/image\/","url":"https:\/\/ppdegalicia.com\/wp-content\/uploads\/2023\/04\/logoPP512.png","contentUrl":"https:\/\/ppdegalicia.com\/wp-content\/uploads\/2023\/04\/logoPP512.png","width":512,"height":512,"caption":"Partido Popular de Galicia"},"image":{"@id":"https:\/\/ppdegalicia.com\/es\/#\/schema\/logo\/image\/"},"sameAs":["https:\/\/www.instagram.com\/ppdegalicia\/","https:\/\/x.com\/ppdegalicia","https:\/\/www.tiktok.com\/@ppdegalicia","https:\/\/www.youtube.com\/user\/ppdegalicia"]},{"@type":"Person","@id":"https:\/\/ppdegalicia.com\/es\/#\/schema\/person\/5b822c6f59e872ebdd1142f307dbcb59","name":"ppdegaliciaredes","image":{"@type":"ImageObject","inLanguage":"es","@id":"https:\/\/secure.gravatar.com\/avatar\/3c9179cf0256d00c72a48d1f25783c58b6842cd56e85ef3a572881c8e28ccd59?s=96&d=mm&r=g","url":"https:\/\/secure.gravatar.com\/avatar\/3c9179cf0256d00c72a48d1f25783c58b6842cd56e85ef3a572881c8e28ccd59?s=96&d=mm&r=g","contentUrl":"https:\/\/secure.gravatar.com\/avatar\/3c9179cf0256d00c72a48d1f25783c58b6842cd56e85ef3a572881c8e28ccd59?s=96&d=mm&r=g","caption":"ppdegaliciaredes"},"url":"https:\/\/ppdegalicia.com\/es\/author\/ppdegaliciaredes\/"}]}},"_links":{"self":[{"href":"https:\/\/ppdegalicia.com\/es\/wp-json\/wp\/v2\/posts\/56406","targetHints":{"allow":["GET"]}}],"collection":[{"href":"https:\/\/ppdegalicia.com\/es\/wp-json\/wp\/v2\/posts"}],"about":[{"href":"https:\/\/ppdegalicia.com\/es\/wp-json\/wp\/v2\/types\/post"}],"author":[{"embeddable":true,"href":"https:\/\/ppdegalicia.com\/es\/wp-json\/wp\/v2\/users\/38"}],"replies":[{"embeddable":true,"href":"https:\/\/ppdegalicia.com\/es\/wp-json\/wp\/v2\/comments?post=56406"}],"version-history":[{"count":0,"href":"https:\/\/ppdegalicia.com\/es\/wp-json\/wp\/v2\/posts\/56406\/revisions"}],"wp:featuredmedia":[{"embeddable":true,"href":"https:\/\/ppdegalicia.com\/es\/wp-json\/wp\/v2\/media\/56405"}],"wp:attachment":[{"href":"https:\/\/ppdegalicia.com\/es\/wp-json\/wp\/v2\/media?parent=56406"}],"wp:term":[{"taxonomy":"category","embeddable":true,"href":"https:\/\/ppdegalicia.com\/es\/wp-json\/wp\/v2\/categories?post=56406"},{"taxonomy":"post_tag","embeddable":true,"href":"https:\/\/ppdegalicia.com\/es\/wp-json\/wp\/v2\/tags?post=56406"}],"curies":[{"name":"wp","href":"https:\/\/api.w.org\/{rel}","templated":true}]}}