{"id":56414,"date":"2021-11-16T17:45:25","date_gmt":"2021-11-16T15:45:25","guid":{"rendered":"https:\/\/ppdegalicia.com\/o-grupo-popular-demandara-no-pleno-da-vindeira-semana-medidas-que-beneficien-ao-sector-lacteo-galego\/"},"modified":"2021-11-16T17:45:25","modified_gmt":"2021-11-16T15:45:25","slug":"o-grupo-popular-demandara-no-pleno-da-vindeira-semana-medidas-que-beneficien-ao-sector-lacteo-galego","status":"publish","type":"post","link":"https:\/\/ppdegalicia.com\/es\/o-grupo-popular-demandara-no-pleno-da-vindeira-semana-medidas-que-beneficien-ao-sector-lacteo-galego\/","title":{"rendered":"O Grupo Popular demandar\u00e1 no Pleno da vindeira semana medidas que beneficien ao sector l\u00e1cteo galego"},"content":{"rendered":"<p><img fetchpriority=\"high\" decoding=\"async\" class=\" size-full wp-image-56413\" src=\"https:\/\/ppdegalicia.com\/wp-content\/uploads\/2021\/11\/4cae34d9361ac3fbd6d9956772b87ca8.jpg\" alt=\"\" width=\"1900\" height=\"1267\" srcset=\"https:\/\/ppdegalicia.com\/wp-content\/uploads\/2021\/11\/4cae34d9361ac3fbd6d9956772b87ca8.jpg 1900w, https:\/\/ppdegalicia.com\/wp-content\/uploads\/2021\/11\/4cae34d9361ac3fbd6d9956772b87ca8-300x200.jpg 300w, https:\/\/ppdegalicia.com\/wp-content\/uploads\/2021\/11\/4cae34d9361ac3fbd6d9956772b87ca8-1024x683.jpg 1024w, https:\/\/ppdegalicia.com\/wp-content\/uploads\/2021\/11\/4cae34d9361ac3fbd6d9956772b87ca8-768x512.jpg 768w, https:\/\/ppdegalicia.com\/wp-content\/uploads\/2021\/11\/4cae34d9361ac3fbd6d9956772b87ca8-1536x1024.jpg 1536w\" sizes=\"(max-width: 1900px) 100vw, 1900px\" \/><\/p>\n<p>Santiago, 16 de novembro de 2021.- O Grupo Popular demandar\u00e1 no vindeiro Pleno ordinario do Parlamento galego que Goberno central e Xunta de Galicia po\u00f1an en marcha iniciativas que beneficien ao sector l\u00e1cteo galego e pal\u00eden os incremento dos custes de produci\u00f3n que est\u00e1 a sufrir, como o cumprimento da Lei da cadea alimentaria para que os prezos de venta cubran os custos de produci\u00f3n, a promoci\u00f3n do consumo de produtos galegos, o incremento da base territorial ou a constituci\u00f3n do Observatorio L\u00e1cteo Galego.<\/p>\n<p><!--more--><\/p>\n<p>Ademais, pedirase que o Goberno galego proceda \u00e1 apertura dun centro residencial que cubra as necesidades de atenci\u00f3n que requiren os menores en situaci\u00f3ns de dificultade social e con problemas de conduta.<\/p>\n<p>\u00a0<\/p>\n<p>Ao remate da Xunta de Portavoces, o portavoz popular, Pedro Puy, informou que a vindeira semana parlamentaria dar\u00e1 comezo coa celebraci\u00f3n do Pleno espec\u00edfico para o debate de totalidade dos orzamentos da Xunta de Galicia para 2022 e do proxecto de Lei de medidas fiscais e administrativas. \u201cCumprimos as datas establecidas legalmente e volvemos a cumprir coas obrigas de tramitar os presupostos para que entren en vigor o vindeiro 1 de xaneiro\u201d, salientou.<\/p>\n<p>\u00a0<\/p>\n<p>Respecto do Pleno ordinario, Pedro Puy lembrou que dar\u00e1 comezo co debate para a aprobaci\u00f3n da modificaci\u00f3n do proxecto de Lei galega para a prevenci\u00f3n e o tratamento integral da violencia de x\u00e9nero, de xeito que se incl\u00faa a violencia dixital como unha nova forma de violencia de x\u00e9nero.<\/p>\n<p>\u00a0<\/p>\n<p>A continuaci\u00f3n, a conselleira de Emprego e Igualdade comparecer\u00e1 para facer balance das medidas e acci\u00f3ns levadas a cabo en materia de emprego e igualdade durante este ano e as previsi\u00f3ns para o 2022.<\/p>\n<p>\u00a0<\/p>\n<p>DEFENSA DO SECTOR L\u00c1CTEO GALEGO<\/p>\n<p>\u00a0<\/p>\n<p>Dentro do apartado de proposici\u00f3ns non de lei, o Grupo Popular demandar\u00e1 ao Goberno de Espa\u00f1a e \u00e1 Xunta acci\u00f3ns en beneficio do sector l\u00e1cteo galego. En concreto, ao Goberno central solic\u00edtase que na Lei da cadea alimentaria se habiliten mecanismos que garantan que os produtores cobren un prezo que cubra, alo menos, os custos de produci\u00f3n; se reco\u00f1eza os resultados econ\u00f3micos da Conta L\u00e1ctea e outras aplicaci\u00f3ns oficiais para acreditar o custo efectivo da produci\u00f3n; e se facilite a constituci\u00f3n de organizaci\u00f3ns de produtores l\u00e1cteos axeitadas ao tama\u00f1o das explotaci\u00f3ns galegas.<\/p>\n<p>\u00a0<\/p>\n<p>Respecto da Xunta, a proposici\u00f3n non de lei do Grupo Popular solicita impulsar unha campa\u00f1a de concienciaci\u00f3n ao consumidor sobre o papel esencial do sector primario; reforzar a promoci\u00f3n dos produtos l\u00e1cteos galegos, incidindo en aspectos como a seguridade alimentaria, o benestar animal e a diversificaci\u00f3n da produci\u00f3n; apoiar a demanda de base territorial, como mecanismo de reduci\u00f3n dos custos de alimentaci\u00f3n; e axilizar a tramitaci\u00f3n da constituci\u00f3n do Observatorio L\u00e1cteo Galego.<\/p>\n<p>\u00a0<\/p>\n<p>Unha segunda proposici\u00f3n non de lei do Grupo Popular ten como obxectivo que a Xunta proceda \u00e1 apertura dun centro residencial que cubra as necesidades de atenci\u00f3n que requiren os menores en situaci\u00f3ns de dificultade social e con problemas de conduta. Neste sentido, Pedro Puy explicou que \u201co acollemento residencial config\u00farase como un \u00e1mbito seguro e que responde \u00e1s necesidades de sa\u00fade, educativas e sociais dos menores, ao tempo que se consigue a s\u00faa adecuada rehabilitaci\u00f3n\u201d.<\/p>\n<p>\u00a0<\/p>\n<p>Por \u00faltimo, o Grupo Popular preguntar\u00e1 ao Goberno galego pola s\u00faa valoraci\u00f3n respecto da pretensi\u00f3n do Goberno central de establecer o pago por uso das autov\u00edas; as\u00ed como pola situaci\u00f3n da formaci\u00f3n profesional en Galicia, para afondar no cami\u00f1o de pulo destas ensinanzas nos vindeiros cursos; e polos traballos e programas se est\u00e1n a desenvolver nas bibliotecas escolares galegas<\/p>\n","protected":false},"excerpt":{"rendered":"<p>Santiago, 16 de novembro de 2021.- O Grupo Popular demandar\u00e1 no vindeiro Pleno ordinario do Parlamento galego que Goberno central e Xunta de Galicia po\u00f1an en marcha iniciativas que beneficien ao sector l\u00e1cteo galego e pal\u00eden os incremento dos custes de produci\u00f3n que est\u00e1 a sufrir, como o cumprimento da Lei da cadea alimentaria para [&hellip;]<\/p>\n","protected":false},"author":38,"featured_media":56413,"comment_status":"open","ping_status":"open","sticky":false,"template":"","format":"standard","meta":{"_acf_changed":false,"footnotes":""},"categories":[1],"tags":[],"class_list":["post-56414","post","type-post","status-publish","format-standard","has-post-thumbnail","hentry","category-pp-de-galicia"],"acf":[],"yoast_head":"<!-- This site is optimized with the Yoast SEO plugin v27.3 - https:\/\/yoast.com\/product\/yoast-seo-wordpress\/ -->\n<title>O Grupo Popular demandar\u00e1 no Pleno da vindeira semana medidas que beneficien ao sector l\u00e1cteo galego - PP de Galicia<\/title>\n<meta name=\"robots\" content=\"index, follow, max-snippet:-1, max-image-preview:large, max-video-preview:-1\" \/>\n<link rel=\"canonical\" href=\"https:\/\/ppdegalicia.com\/es\/o-grupo-popular-demandara-no-pleno-da-vindeira-semana-medidas-que-beneficien-ao-sector-lacteo-galego\/\" \/>\n<meta property=\"og:locale\" content=\"es_ES\" \/>\n<meta property=\"og:type\" content=\"article\" \/>\n<meta property=\"og:title\" content=\"O Grupo Popular demandar\u00e1 no Pleno da vindeira semana medidas que beneficien ao sector l\u00e1cteo galego - PP de Galicia\" \/>\n<meta property=\"og:description\" content=\"Santiago, 16 de novembro de 2021.- O Grupo Popular demandar\u00e1 no vindeiro Pleno ordinario do Parlamento galego que Goberno central e Xunta de Galicia po\u00f1an en marcha iniciativas que beneficien ao sector l\u00e1cteo galego e pal\u00eden os incremento dos custes de produci\u00f3n que est\u00e1 a sufrir, como o cumprimento da Lei da cadea alimentaria para [&hellip;]\" \/>\n<meta property=\"og:url\" content=\"https:\/\/ppdegalicia.com\/es\/o-grupo-popular-demandara-no-pleno-da-vindeira-semana-medidas-que-beneficien-ao-sector-lacteo-galego\/\" \/>\n<meta property=\"og:site_name\" content=\"PP de Galicia\" \/>\n<meta property=\"article:publisher\" content=\"https:\/\/www.instagram.com\/ppdegalicia\/\" \/>\n<meta property=\"article:published_time\" content=\"2021-11-16T15:45:25+00:00\" \/>\n<meta property=\"og:image\" content=\"https:\/\/ppdegalicia.com\/wp-content\/uploads\/2021\/11\/4cae34d9361ac3fbd6d9956772b87ca8.jpg\" \/>\n\t<meta property=\"og:image:width\" content=\"1900\" \/>\n\t<meta property=\"og:image:height\" content=\"1267\" \/>\n\t<meta property=\"og:image:type\" content=\"image\/jpeg\" \/>\n<meta name=\"author\" content=\"ppdegaliciaredes\" \/>\n<meta name=\"twitter:card\" content=\"summary_large_image\" \/>\n<meta name=\"twitter:creator\" content=\"@ppdegalicia\" \/>\n<meta name=\"twitter:site\" content=\"@ppdegalicia\" \/>\n<meta name=\"twitter:label1\" content=\"Escrito por\" \/>\n\t<meta name=\"twitter:data1\" content=\"ppdegaliciaredes\" \/>\n\t<meta name=\"twitter:label2\" content=\"Tiempo de lectura\" \/>\n\t<meta name=\"twitter:data2\" content=\"3 minutos\" \/>\n<script type=\"application\/ld+json\" class=\"yoast-schema-graph\">{\"@context\":\"https:\\\/\\\/schema.org\",\"@graph\":[{\"@type\":\"Article\",\"@id\":\"https:\\\/\\\/ppdegalicia.com\\\/es\\\/o-grupo-popular-demandara-no-pleno-da-vindeira-semana-medidas-que-beneficien-ao-sector-lacteo-galego\\\/#article\",\"isPartOf\":{\"@id\":\"https:\\\/\\\/ppdegalicia.com\\\/es\\\/o-grupo-popular-demandara-no-pleno-da-vindeira-semana-medidas-que-beneficien-ao-sector-lacteo-galego\\\/\"},\"author\":{\"name\":\"ppdegaliciaredes\",\"@id\":\"https:\\\/\\\/ppdegalicia.com\\\/es\\\/#\\\/schema\\\/person\\\/5b822c6f59e872ebdd1142f307dbcb59\"},\"headline\":\"O Grupo Popular demandar\u00e1 no Pleno da vindeira semana medidas que beneficien ao sector l\u00e1cteo galego\",\"datePublished\":\"2021-11-16T15:45:25+00:00\",\"mainEntityOfPage\":{\"@id\":\"https:\\\/\\\/ppdegalicia.com\\\/es\\\/o-grupo-popular-demandara-no-pleno-da-vindeira-semana-medidas-que-beneficien-ao-sector-lacteo-galego\\\/\"},\"wordCount\":651,\"commentCount\":0,\"publisher\":{\"@id\":\"https:\\\/\\\/ppdegalicia.com\\\/es\\\/#organization\"},\"image\":{\"@id\":\"https:\\\/\\\/ppdegalicia.com\\\/es\\\/o-grupo-popular-demandara-no-pleno-da-vindeira-semana-medidas-que-beneficien-ao-sector-lacteo-galego\\\/#primaryimage\"},\"thumbnailUrl\":\"https:\\\/\\\/ppdegalicia.com\\\/wp-content\\\/uploads\\\/2021\\\/11\\\/4cae34d9361ac3fbd6d9956772b87ca8.jpg\",\"articleSection\":[\"PP de Galicia\"],\"inLanguage\":\"es\",\"potentialAction\":[{\"@type\":\"CommentAction\",\"name\":\"Comment\",\"target\":[\"https:\\\/\\\/ppdegalicia.com\\\/es\\\/o-grupo-popular-demandara-no-pleno-da-vindeira-semana-medidas-que-beneficien-ao-sector-lacteo-galego\\\/#respond\"]}]},{\"@type\":\"WebPage\",\"@id\":\"https:\\\/\\\/ppdegalicia.com\\\/es\\\/o-grupo-popular-demandara-no-pleno-da-vindeira-semana-medidas-que-beneficien-ao-sector-lacteo-galego\\\/\",\"url\":\"https:\\\/\\\/ppdegalicia.com\\\/es\\\/o-grupo-popular-demandara-no-pleno-da-vindeira-semana-medidas-que-beneficien-ao-sector-lacteo-galego\\\/\",\"name\":\"O Grupo Popular demandar\u00e1 no Pleno da vindeira semana medidas que beneficien ao sector l\u00e1cteo galego - PP de Galicia\",\"isPartOf\":{\"@id\":\"https:\\\/\\\/ppdegalicia.com\\\/es\\\/#website\"},\"primaryImageOfPage\":{\"@id\":\"https:\\\/\\\/ppdegalicia.com\\\/es\\\/o-grupo-popular-demandara-no-pleno-da-vindeira-semana-medidas-que-beneficien-ao-sector-lacteo-galego\\\/#primaryimage\"},\"image\":{\"@id\":\"https:\\\/\\\/ppdegalicia.com\\\/es\\\/o-grupo-popular-demandara-no-pleno-da-vindeira-semana-medidas-que-beneficien-ao-sector-lacteo-galego\\\/#primaryimage\"},\"thumbnailUrl\":\"https:\\\/\\\/ppdegalicia.com\\\/wp-content\\\/uploads\\\/2021\\\/11\\\/4cae34d9361ac3fbd6d9956772b87ca8.jpg\",\"datePublished\":\"2021-11-16T15:45:25+00:00\",\"breadcrumb\":{\"@id\":\"https:\\\/\\\/ppdegalicia.com\\\/es\\\/o-grupo-popular-demandara-no-pleno-da-vindeira-semana-medidas-que-beneficien-ao-sector-lacteo-galego\\\/#breadcrumb\"},\"inLanguage\":\"es\",\"potentialAction\":[{\"@type\":\"ReadAction\",\"target\":[\"https:\\\/\\\/ppdegalicia.com\\\/es\\\/o-grupo-popular-demandara-no-pleno-da-vindeira-semana-medidas-que-beneficien-ao-sector-lacteo-galego\\\/\"]}]},{\"@type\":\"ImageObject\",\"inLanguage\":\"es\",\"@id\":\"https:\\\/\\\/ppdegalicia.com\\\/es\\\/o-grupo-popular-demandara-no-pleno-da-vindeira-semana-medidas-que-beneficien-ao-sector-lacteo-galego\\\/#primaryimage\",\"url\":\"https:\\\/\\\/ppdegalicia.com\\\/wp-content\\\/uploads\\\/2021\\\/11\\\/4cae34d9361ac3fbd6d9956772b87ca8.jpg\",\"contentUrl\":\"https:\\\/\\\/ppdegalicia.com\\\/wp-content\\\/uploads\\\/2021\\\/11\\\/4cae34d9361ac3fbd6d9956772b87ca8.jpg\",\"width\":1900,\"height\":1267},{\"@type\":\"BreadcrumbList\",\"@id\":\"https:\\\/\\\/ppdegalicia.com\\\/es\\\/o-grupo-popular-demandara-no-pleno-da-vindeira-semana-medidas-que-beneficien-ao-sector-lacteo-galego\\\/#breadcrumb\",\"itemListElement\":[{\"@type\":\"ListItem\",\"position\":1,\"name\":\"Portada\",\"item\":\"https:\\\/\\\/ppdegalicia.com\\\/es\\\/\"},{\"@type\":\"ListItem\",\"position\":2,\"name\":\"O Grupo Popular demandar\u00e1 no Pleno da vindeira semana medidas que beneficien ao sector l\u00e1cteo galego\"}]},{\"@type\":\"WebSite\",\"@id\":\"https:\\\/\\\/ppdegalicia.com\\\/es\\\/#website\",\"url\":\"https:\\\/\\\/ppdegalicia.com\\\/es\\\/\",\"name\":\"Partido Popular de Galicia\",\"description\":\"Partido Popular de Galicia\",\"publisher\":{\"@id\":\"https:\\\/\\\/ppdegalicia.com\\\/es\\\/#organization\"},\"alternateName\":\"PP de Galicia\",\"potentialAction\":[{\"@type\":\"SearchAction\",\"target\":{\"@type\":\"EntryPoint\",\"urlTemplate\":\"https:\\\/\\\/ppdegalicia.com\\\/es\\\/?s={search_term_string}\"},\"query-input\":{\"@type\":\"PropertyValueSpecification\",\"valueRequired\":true,\"valueName\":\"search_term_string\"}}],\"inLanguage\":\"es\"},{\"@type\":\"Organization\",\"@id\":\"https:\\\/\\\/ppdegalicia.com\\\/es\\\/#organization\",\"name\":\"Partido Popular de Galicia\",\"alternateName\":\"PP de Galicia\",\"url\":\"https:\\\/\\\/ppdegalicia.com\\\/es\\\/\",\"logo\":{\"@type\":\"ImageObject\",\"inLanguage\":\"es\",\"@id\":\"https:\\\/\\\/ppdegalicia.com\\\/es\\\/#\\\/schema\\\/logo\\\/image\\\/\",\"url\":\"https:\\\/\\\/ppdegalicia.com\\\/wp-content\\\/uploads\\\/2023\\\/04\\\/logoPP512.png\",\"contentUrl\":\"https:\\\/\\\/ppdegalicia.com\\\/wp-content\\\/uploads\\\/2023\\\/04\\\/logoPP512.png\",\"width\":512,\"height\":512,\"caption\":\"Partido Popular de Galicia\"},\"image\":{\"@id\":\"https:\\\/\\\/ppdegalicia.com\\\/es\\\/#\\\/schema\\\/logo\\\/image\\\/\"},\"sameAs\":[\"https:\\\/\\\/www.instagram.com\\\/ppdegalicia\\\/\",\"https:\\\/\\\/x.com\\\/ppdegalicia\",\"https:\\\/\\\/www.tiktok.com\\\/@ppdegalicia\",\"https:\\\/\\\/www.youtube.com\\\/user\\\/ppdegalicia\"]},{\"@type\":\"Person\",\"@id\":\"https:\\\/\\\/ppdegalicia.com\\\/es\\\/#\\\/schema\\\/person\\\/5b822c6f59e872ebdd1142f307dbcb59\",\"name\":\"ppdegaliciaredes\",\"image\":{\"@type\":\"ImageObject\",\"inLanguage\":\"es\",\"@id\":\"https:\\\/\\\/secure.gravatar.com\\\/avatar\\\/3c9179cf0256d00c72a48d1f25783c58b6842cd56e85ef3a572881c8e28ccd59?s=96&d=mm&r=g\",\"url\":\"https:\\\/\\\/secure.gravatar.com\\\/avatar\\\/3c9179cf0256d00c72a48d1f25783c58b6842cd56e85ef3a572881c8e28ccd59?s=96&d=mm&r=g\",\"contentUrl\":\"https:\\\/\\\/secure.gravatar.com\\\/avatar\\\/3c9179cf0256d00c72a48d1f25783c58b6842cd56e85ef3a572881c8e28ccd59?s=96&d=mm&r=g\",\"caption\":\"ppdegaliciaredes\"},\"url\":\"https:\\\/\\\/ppdegalicia.com\\\/es\\\/author\\\/ppdegaliciaredes\\\/\"}]}<\/script>\n<!-- \/ Yoast SEO plugin. -->","yoast_head_json":{"title":"O Grupo Popular demandar\u00e1 no Pleno da vindeira semana medidas que beneficien ao sector l\u00e1cteo galego - PP de Galicia","robots":{"index":"index","follow":"follow","max-snippet":"max-snippet:-1","max-image-preview":"max-image-preview:large","max-video-preview":"max-video-preview:-1"},"canonical":"https:\/\/ppdegalicia.com\/es\/o-grupo-popular-demandara-no-pleno-da-vindeira-semana-medidas-que-beneficien-ao-sector-lacteo-galego\/","og_locale":"es_ES","og_type":"article","og_title":"O Grupo Popular demandar\u00e1 no Pleno da vindeira semana medidas que beneficien ao sector l\u00e1cteo galego - PP de Galicia","og_description":"Santiago, 16 de novembro de 2021.- O Grupo Popular demandar\u00e1 no vindeiro Pleno ordinario do Parlamento galego que Goberno central e Xunta de Galicia po\u00f1an en marcha iniciativas que beneficien ao sector l\u00e1cteo galego e pal\u00eden os incremento dos custes de produci\u00f3n que est\u00e1 a sufrir, como o cumprimento da Lei da cadea alimentaria para [&hellip;]","og_url":"https:\/\/ppdegalicia.com\/es\/o-grupo-popular-demandara-no-pleno-da-vindeira-semana-medidas-que-beneficien-ao-sector-lacteo-galego\/","og_site_name":"PP de Galicia","article_publisher":"https:\/\/www.instagram.com\/ppdegalicia\/","article_published_time":"2021-11-16T15:45:25+00:00","og_image":[{"width":1900,"height":1267,"url":"https:\/\/ppdegalicia.com\/wp-content\/uploads\/2021\/11\/4cae34d9361ac3fbd6d9956772b87ca8.jpg","type":"image\/jpeg"}],"author":"ppdegaliciaredes","twitter_card":"summary_large_image","twitter_creator":"@ppdegalicia","twitter_site":"@ppdegalicia","twitter_misc":{"Escrito por":"ppdegaliciaredes","Tiempo de lectura":"3 minutos"},"schema":{"@context":"https:\/\/schema.org","@graph":[{"@type":"Article","@id":"https:\/\/ppdegalicia.com\/es\/o-grupo-popular-demandara-no-pleno-da-vindeira-semana-medidas-que-beneficien-ao-sector-lacteo-galego\/#article","isPartOf":{"@id":"https:\/\/ppdegalicia.com\/es\/o-grupo-popular-demandara-no-pleno-da-vindeira-semana-medidas-que-beneficien-ao-sector-lacteo-galego\/"},"author":{"name":"ppdegaliciaredes","@id":"https:\/\/ppdegalicia.com\/es\/#\/schema\/person\/5b822c6f59e872ebdd1142f307dbcb59"},"headline":"O Grupo Popular demandar\u00e1 no Pleno da vindeira semana medidas que beneficien ao sector l\u00e1cteo galego","datePublished":"2021-11-16T15:45:25+00:00","mainEntityOfPage":{"@id":"https:\/\/ppdegalicia.com\/es\/o-grupo-popular-demandara-no-pleno-da-vindeira-semana-medidas-que-beneficien-ao-sector-lacteo-galego\/"},"wordCount":651,"commentCount":0,"publisher":{"@id":"https:\/\/ppdegalicia.com\/es\/#organization"},"image":{"@id":"https:\/\/ppdegalicia.com\/es\/o-grupo-popular-demandara-no-pleno-da-vindeira-semana-medidas-que-beneficien-ao-sector-lacteo-galego\/#primaryimage"},"thumbnailUrl":"https:\/\/ppdegalicia.com\/wp-content\/uploads\/2021\/11\/4cae34d9361ac3fbd6d9956772b87ca8.jpg","articleSection":["PP de Galicia"],"inLanguage":"es","potentialAction":[{"@type":"CommentAction","name":"Comment","target":["https:\/\/ppdegalicia.com\/es\/o-grupo-popular-demandara-no-pleno-da-vindeira-semana-medidas-que-beneficien-ao-sector-lacteo-galego\/#respond"]}]},{"@type":"WebPage","@id":"https:\/\/ppdegalicia.com\/es\/o-grupo-popular-demandara-no-pleno-da-vindeira-semana-medidas-que-beneficien-ao-sector-lacteo-galego\/","url":"https:\/\/ppdegalicia.com\/es\/o-grupo-popular-demandara-no-pleno-da-vindeira-semana-medidas-que-beneficien-ao-sector-lacteo-galego\/","name":"O Grupo Popular demandar\u00e1 no Pleno da vindeira semana medidas que beneficien ao sector l\u00e1cteo galego - PP de Galicia","isPartOf":{"@id":"https:\/\/ppdegalicia.com\/es\/#website"},"primaryImageOfPage":{"@id":"https:\/\/ppdegalicia.com\/es\/o-grupo-popular-demandara-no-pleno-da-vindeira-semana-medidas-que-beneficien-ao-sector-lacteo-galego\/#primaryimage"},"image":{"@id":"https:\/\/ppdegalicia.com\/es\/o-grupo-popular-demandara-no-pleno-da-vindeira-semana-medidas-que-beneficien-ao-sector-lacteo-galego\/#primaryimage"},"thumbnailUrl":"https:\/\/ppdegalicia.com\/wp-content\/uploads\/2021\/11\/4cae34d9361ac3fbd6d9956772b87ca8.jpg","datePublished":"2021-11-16T15:45:25+00:00","breadcrumb":{"@id":"https:\/\/ppdegalicia.com\/es\/o-grupo-popular-demandara-no-pleno-da-vindeira-semana-medidas-que-beneficien-ao-sector-lacteo-galego\/#breadcrumb"},"inLanguage":"es","potentialAction":[{"@type":"ReadAction","target":["https:\/\/ppdegalicia.com\/es\/o-grupo-popular-demandara-no-pleno-da-vindeira-semana-medidas-que-beneficien-ao-sector-lacteo-galego\/"]}]},{"@type":"ImageObject","inLanguage":"es","@id":"https:\/\/ppdegalicia.com\/es\/o-grupo-popular-demandara-no-pleno-da-vindeira-semana-medidas-que-beneficien-ao-sector-lacteo-galego\/#primaryimage","url":"https:\/\/ppdegalicia.com\/wp-content\/uploads\/2021\/11\/4cae34d9361ac3fbd6d9956772b87ca8.jpg","contentUrl":"https:\/\/ppdegalicia.com\/wp-content\/uploads\/2021\/11\/4cae34d9361ac3fbd6d9956772b87ca8.jpg","width":1900,"height":1267},{"@type":"BreadcrumbList","@id":"https:\/\/ppdegalicia.com\/es\/o-grupo-popular-demandara-no-pleno-da-vindeira-semana-medidas-que-beneficien-ao-sector-lacteo-galego\/#breadcrumb","itemListElement":[{"@type":"ListItem","position":1,"name":"Portada","item":"https:\/\/ppdegalicia.com\/es\/"},{"@type":"ListItem","position":2,"name":"O Grupo Popular demandar\u00e1 no Pleno da vindeira semana medidas que beneficien ao sector l\u00e1cteo galego"}]},{"@type":"WebSite","@id":"https:\/\/ppdegalicia.com\/es\/#website","url":"https:\/\/ppdegalicia.com\/es\/","name":"Partido Popular de Galicia","description":"Partido Popular de Galicia","publisher":{"@id":"https:\/\/ppdegalicia.com\/es\/#organization"},"alternateName":"PP de Galicia","potentialAction":[{"@type":"SearchAction","target":{"@type":"EntryPoint","urlTemplate":"https:\/\/ppdegalicia.com\/es\/?s={search_term_string}"},"query-input":{"@type":"PropertyValueSpecification","valueRequired":true,"valueName":"search_term_string"}}],"inLanguage":"es"},{"@type":"Organization","@id":"https:\/\/ppdegalicia.com\/es\/#organization","name":"Partido Popular de Galicia","alternateName":"PP de Galicia","url":"https:\/\/ppdegalicia.com\/es\/","logo":{"@type":"ImageObject","inLanguage":"es","@id":"https:\/\/ppdegalicia.com\/es\/#\/schema\/logo\/image\/","url":"https:\/\/ppdegalicia.com\/wp-content\/uploads\/2023\/04\/logoPP512.png","contentUrl":"https:\/\/ppdegalicia.com\/wp-content\/uploads\/2023\/04\/logoPP512.png","width":512,"height":512,"caption":"Partido Popular de Galicia"},"image":{"@id":"https:\/\/ppdegalicia.com\/es\/#\/schema\/logo\/image\/"},"sameAs":["https:\/\/www.instagram.com\/ppdegalicia\/","https:\/\/x.com\/ppdegalicia","https:\/\/www.tiktok.com\/@ppdegalicia","https:\/\/www.youtube.com\/user\/ppdegalicia"]},{"@type":"Person","@id":"https:\/\/ppdegalicia.com\/es\/#\/schema\/person\/5b822c6f59e872ebdd1142f307dbcb59","name":"ppdegaliciaredes","image":{"@type":"ImageObject","inLanguage":"es","@id":"https:\/\/secure.gravatar.com\/avatar\/3c9179cf0256d00c72a48d1f25783c58b6842cd56e85ef3a572881c8e28ccd59?s=96&d=mm&r=g","url":"https:\/\/secure.gravatar.com\/avatar\/3c9179cf0256d00c72a48d1f25783c58b6842cd56e85ef3a572881c8e28ccd59?s=96&d=mm&r=g","contentUrl":"https:\/\/secure.gravatar.com\/avatar\/3c9179cf0256d00c72a48d1f25783c58b6842cd56e85ef3a572881c8e28ccd59?s=96&d=mm&r=g","caption":"ppdegaliciaredes"},"url":"https:\/\/ppdegalicia.com\/es\/author\/ppdegaliciaredes\/"}]}},"_links":{"self":[{"href":"https:\/\/ppdegalicia.com\/es\/wp-json\/wp\/v2\/posts\/56414","targetHints":{"allow":["GET"]}}],"collection":[{"href":"https:\/\/ppdegalicia.com\/es\/wp-json\/wp\/v2\/posts"}],"about":[{"href":"https:\/\/ppdegalicia.com\/es\/wp-json\/wp\/v2\/types\/post"}],"author":[{"embeddable":true,"href":"https:\/\/ppdegalicia.com\/es\/wp-json\/wp\/v2\/users\/38"}],"replies":[{"embeddable":true,"href":"https:\/\/ppdegalicia.com\/es\/wp-json\/wp\/v2\/comments?post=56414"}],"version-history":[{"count":0,"href":"https:\/\/ppdegalicia.com\/es\/wp-json\/wp\/v2\/posts\/56414\/revisions"}],"wp:featuredmedia":[{"embeddable":true,"href":"https:\/\/ppdegalicia.com\/es\/wp-json\/wp\/v2\/media\/56413"}],"wp:attachment":[{"href":"https:\/\/ppdegalicia.com\/es\/wp-json\/wp\/v2\/media?parent=56414"}],"wp:term":[{"taxonomy":"category","embeddable":true,"href":"https:\/\/ppdegalicia.com\/es\/wp-json\/wp\/v2\/categories?post=56414"},{"taxonomy":"post_tag","embeddable":true,"href":"https:\/\/ppdegalicia.com\/es\/wp-json\/wp\/v2\/tags?post=56414"}],"curies":[{"name":"wp","href":"https:\/\/api.w.org\/{rel}","templated":true}]}}