{"id":56422,"date":"2021-11-17T13:22:01","date_gmt":"2021-11-17T11:22:01","guid":{"rendered":"https:\/\/ppdegalicia.com\/o-grupo-popular-demanda-ao-goberno-de-espana-reformas-penais-urxentes-que-os-datos-de-criminalidade-estan-a-demandar\/"},"modified":"2021-11-17T13:22:01","modified_gmt":"2021-11-17T11:22:01","slug":"o-grupo-popular-demanda-ao-goberno-de-espana-reformas-penais-urxentes-que-os-datos-de-criminalidade-estan-a-demandar","status":"publish","type":"post","link":"https:\/\/ppdegalicia.com\/es\/o-grupo-popular-demanda-ao-goberno-de-espana-reformas-penais-urxentes-que-os-datos-de-criminalidade-estan-a-demandar\/","title":{"rendered":"O Grupo Popular demanda ao Goberno de Espa\u00f1a reformas penais urxentes que os datos de criminalidade est\u00e1n a demandar"},"content":{"rendered":"<p><img fetchpriority=\"high\" decoding=\"async\" class=\" size-full wp-image-56421\" src=\"https:\/\/ppdegalicia.com\/wp-content\/uploads\/2021\/11\/11e40433eb584f0623efd321141476c1.jpg\" alt=\"\" width=\"1900\" height=\"1267\" srcset=\"https:\/\/ppdegalicia.com\/wp-content\/uploads\/2021\/11\/11e40433eb584f0623efd321141476c1.jpg 1900w, https:\/\/ppdegalicia.com\/wp-content\/uploads\/2021\/11\/11e40433eb584f0623efd321141476c1-300x200.jpg 300w, https:\/\/ppdegalicia.com\/wp-content\/uploads\/2021\/11\/11e40433eb584f0623efd321141476c1-1024x683.jpg 1024w, https:\/\/ppdegalicia.com\/wp-content\/uploads\/2021\/11\/11e40433eb584f0623efd321141476c1-768x512.jpg 768w, https:\/\/ppdegalicia.com\/wp-content\/uploads\/2021\/11\/11e40433eb584f0623efd321141476c1-1536x1024.jpg 1536w\" sizes=\"(max-width: 1900px) 100vw, 1900px\" \/><\/p>\n<p>Santiago, 17 de novembro de 2021.- A viceportavoz do Grupo Popular, Paula Prado, considerou \u201cunha prioridade que o Goberno de Espa\u00f1a po\u00f1a na axenda lexislativa as reformas penais urxentes que os datos de criminalidade est\u00e1n a demandar\u201d.<\/p>\n<p><!--more--><\/p>\n<p>En concreto, manifestou que \u201cten que abordar canto antes a reforma do C\u00f3digo Penal, porque a delincuencia, nestes momentos, vai por diante da normativa, o que xera en moitos casos dificultades para perseguir o delito e, o que \u00e9 peor, situaci\u00f3ns de impunidade indesexables\u201d.<\/p>\n<p>\u00a0<\/p>\n<p>Na r\u00e9plica \u00e1 comparecencia do fiscal superior de Galicia no Parlamento galego para presentar a Memoria da Fiscal\u00eda de 2020, Paula Prado concretou que \u201cnon podemos estar m\u00e1is de acordo co fiscal na urxencia dunha reforma da lexislaci\u00f3n para garantir a propiedade e para devolvela ao seu lex\u00edtimo dono no menor tempo posible\u201d. Neste sentido, lamentou que \u201cen Espa\u00f1a, neste momento, a lexislaci\u00f3n protexe m\u00e1is ao delincuente que ao lex\u00edtimo propietario, e iso non \u00e9 nin xusto nin propio dun pa\u00eds democr\u00e1tico que ten a obriga de defender os dereitos da cidadan\u00eda\u201d.<\/p>\n<p>\u00a0<\/p>\n<p><strong>MEDIDAS CONTRA A OKUPACI\u00d3N<\/strong><\/p>\n<p>\u00a0<\/p>\n<p>A Fiscal\u00eda prop\u00f3n sobre os delitos de usurpaci\u00f3ns de bens inmobles ou okupaci\u00f3ns un incremento da pena; o establecemento atenuado ou traballos en beneficio da comunidade cando a persoa restit\u00faa o inmoble en 48 horas; a previsi\u00f3n dun tipo agravado cando a okupaci\u00f3n se prolongue m\u00e1is al\u00f3 de 15 d\u00edas, cando se desenvolva no inmoble okupado unha actividade delituosa e cando o autor ou autores formen parte dun grupo ou organizaci\u00f3n criminal; e a tramitaci\u00f3n destes delitos por xu\u00edzo r\u00e1pido e a posible adopci\u00f3n de medidas cautelares na instruci\u00f3n sobre a base dunha pena privativa de liberdade.<\/p>\n<p>\u00a0<\/p>\n<p>Paula Prado tam\u00e9n afirmou coincidir coa Fiscal\u00eda \u201cna necesidade de impulsar unha modificaci\u00f3n lexislativa en relaci\u00f3n aos delitos de quebrantamento de condena continuados, coa gravidade de perigo que sup\u00f3n para as v\u00edtimas; as\u00ed como reformar a tipificaci\u00f3n dos delitos contra a liberdade sexual baixo os efectos das chamadas drogas de submisi\u00f3n qu\u00edmica, co fin de que sexan considerados agresi\u00f3ns sexuais e non meros abusos sexuais\u201d.<\/p>\n<p>\u00a0<\/p>\n<p><strong>TECNOLOX\u00cdAS DA INFORMACI\u00d3N<\/strong><\/p>\n<p>\u00a0<\/p>\n<p>A viceportavoz popular fixo referencia \u201ca un novo espazo para a actividade delitiva: as tecnolox\u00edas da informaci\u00f3n\u201d. As\u00ed, afirmou que as TIC \u201cprovocaron un dobre impacto no \u00e1mbito das tipolox\u00edas delituosas: por unha banda, constit\u00faen un medio para executar novas formas de delitos cl\u00e1sicos, como estafas, ameazas, inxurias ou calumnias; e, por outra banda, provocaron o xurdimento de novas figuras delituosas, como os ataques a sistemas inform\u00e1ticos, danos inform\u00e1ticos ou interceptaci\u00f3n de transmisi\u00f3n de datos\u201d.<\/p>\n<p>\u00a0<\/p>\n<p>Respecto do incremento de delitos contra a liberdade sexual cometidos a trav\u00e9s de internet, Prado avogou por \u201cabordar sen demora a gran reforma do proceso penal en Espa\u00f1a\u201d e salientou que \u201cen Galicia non temos competencia para modificar nin o C\u00f3digo Penal nin a Lei integral de violencia de x\u00e9nero estatal, pero si imos introducir unha nova forma de violencia de x\u00e9nero na nosa normativa auton\u00f3mica: a violencia dixital\u201d, que se aprobar\u00e1 no Pleno da vindeira semana.V<\/p>\n","protected":false},"excerpt":{"rendered":"<p>Santiago, 17 de novembro de 2021.- A viceportavoz do Grupo Popular, Paula Prado, considerou \u201cunha prioridade que o Goberno de Espa\u00f1a po\u00f1a na axenda lexislativa as reformas penais urxentes que os datos de criminalidade est\u00e1n a demandar\u201d.<\/p>\n","protected":false},"author":38,"featured_media":56421,"comment_status":"open","ping_status":"open","sticky":false,"template":"","format":"standard","meta":{"_acf_changed":false,"footnotes":""},"categories":[1],"tags":[],"class_list":["post-56422","post","type-post","status-publish","format-standard","has-post-thumbnail","hentry","category-pp-de-galicia"],"acf":[],"yoast_head":"<!-- This site is optimized with the Yoast SEO plugin v27.3 - https:\/\/yoast.com\/product\/yoast-seo-wordpress\/ -->\n<title>O Grupo Popular demanda ao Goberno de Espa\u00f1a reformas penais urxentes que os datos de criminalidade est\u00e1n a demandar - PP de Galicia<\/title>\n<meta name=\"robots\" content=\"index, follow, max-snippet:-1, max-image-preview:large, max-video-preview:-1\" \/>\n<link rel=\"canonical\" href=\"https:\/\/ppdegalicia.com\/es\/o-grupo-popular-demanda-ao-goberno-de-espana-reformas-penais-urxentes-que-os-datos-de-criminalidade-estan-a-demandar\/\" \/>\n<meta property=\"og:locale\" content=\"es_ES\" \/>\n<meta property=\"og:type\" content=\"article\" \/>\n<meta property=\"og:title\" content=\"O Grupo Popular demanda ao Goberno de Espa\u00f1a reformas penais urxentes que os datos de criminalidade est\u00e1n a demandar - PP de Galicia\" \/>\n<meta property=\"og:description\" content=\"Santiago, 17 de novembro de 2021.- A viceportavoz do Grupo Popular, Paula Prado, considerou \u201cunha prioridade que o Goberno de Espa\u00f1a po\u00f1a na axenda lexislativa as reformas penais urxentes que os datos de criminalidade est\u00e1n a demandar\u201d.\" \/>\n<meta property=\"og:url\" content=\"https:\/\/ppdegalicia.com\/es\/o-grupo-popular-demanda-ao-goberno-de-espana-reformas-penais-urxentes-que-os-datos-de-criminalidade-estan-a-demandar\/\" \/>\n<meta property=\"og:site_name\" content=\"PP de Galicia\" \/>\n<meta property=\"article:publisher\" content=\"https:\/\/www.instagram.com\/ppdegalicia\/\" \/>\n<meta property=\"article:published_time\" content=\"2021-11-17T11:22:01+00:00\" \/>\n<meta property=\"og:image\" content=\"https:\/\/ppdegalicia.com\/wp-content\/uploads\/2021\/11\/11e40433eb584f0623efd321141476c1.jpg\" \/>\n\t<meta property=\"og:image:width\" content=\"1900\" \/>\n\t<meta property=\"og:image:height\" content=\"1267\" \/>\n\t<meta property=\"og:image:type\" content=\"image\/jpeg\" \/>\n<meta name=\"author\" content=\"ppdegaliciaredes\" \/>\n<meta name=\"twitter:card\" content=\"summary_large_image\" \/>\n<meta name=\"twitter:creator\" content=\"@ppdegalicia\" \/>\n<meta name=\"twitter:site\" content=\"@ppdegalicia\" \/>\n<meta name=\"twitter:label1\" content=\"Escrito por\" \/>\n\t<meta name=\"twitter:data1\" content=\"ppdegaliciaredes\" \/>\n\t<meta name=\"twitter:label2\" content=\"Tiempo de lectura\" \/>\n\t<meta name=\"twitter:data2\" content=\"3 minutos\" \/>\n<script type=\"application\/ld+json\" class=\"yoast-schema-graph\">{\"@context\":\"https:\\\/\\\/schema.org\",\"@graph\":[{\"@type\":\"Article\",\"@id\":\"https:\\\/\\\/ppdegalicia.com\\\/es\\\/o-grupo-popular-demanda-ao-goberno-de-espana-reformas-penais-urxentes-que-os-datos-de-criminalidade-estan-a-demandar\\\/#article\",\"isPartOf\":{\"@id\":\"https:\\\/\\\/ppdegalicia.com\\\/es\\\/o-grupo-popular-demanda-ao-goberno-de-espana-reformas-penais-urxentes-que-os-datos-de-criminalidade-estan-a-demandar\\\/\"},\"author\":{\"name\":\"ppdegaliciaredes\",\"@id\":\"https:\\\/\\\/ppdegalicia.com\\\/es\\\/#\\\/schema\\\/person\\\/5b822c6f59e872ebdd1142f307dbcb59\"},\"headline\":\"O Grupo Popular demanda ao Goberno de Espa\u00f1a reformas penais urxentes que os datos de criminalidade est\u00e1n a demandar\",\"datePublished\":\"2021-11-17T11:22:01+00:00\",\"mainEntityOfPage\":{\"@id\":\"https:\\\/\\\/ppdegalicia.com\\\/es\\\/o-grupo-popular-demanda-ao-goberno-de-espana-reformas-penais-urxentes-que-os-datos-de-criminalidade-estan-a-demandar\\\/\"},\"wordCount\":569,\"commentCount\":0,\"publisher\":{\"@id\":\"https:\\\/\\\/ppdegalicia.com\\\/es\\\/#organization\"},\"image\":{\"@id\":\"https:\\\/\\\/ppdegalicia.com\\\/es\\\/o-grupo-popular-demanda-ao-goberno-de-espana-reformas-penais-urxentes-que-os-datos-de-criminalidade-estan-a-demandar\\\/#primaryimage\"},\"thumbnailUrl\":\"https:\\\/\\\/ppdegalicia.com\\\/wp-content\\\/uploads\\\/2021\\\/11\\\/11e40433eb584f0623efd321141476c1.jpg\",\"articleSection\":[\"PP de Galicia\"],\"inLanguage\":\"es\",\"potentialAction\":[{\"@type\":\"CommentAction\",\"name\":\"Comment\",\"target\":[\"https:\\\/\\\/ppdegalicia.com\\\/es\\\/o-grupo-popular-demanda-ao-goberno-de-espana-reformas-penais-urxentes-que-os-datos-de-criminalidade-estan-a-demandar\\\/#respond\"]}]},{\"@type\":\"WebPage\",\"@id\":\"https:\\\/\\\/ppdegalicia.com\\\/es\\\/o-grupo-popular-demanda-ao-goberno-de-espana-reformas-penais-urxentes-que-os-datos-de-criminalidade-estan-a-demandar\\\/\",\"url\":\"https:\\\/\\\/ppdegalicia.com\\\/es\\\/o-grupo-popular-demanda-ao-goberno-de-espana-reformas-penais-urxentes-que-os-datos-de-criminalidade-estan-a-demandar\\\/\",\"name\":\"O Grupo Popular demanda ao Goberno de Espa\u00f1a reformas penais urxentes que os datos de criminalidade est\u00e1n a demandar - PP de Galicia\",\"isPartOf\":{\"@id\":\"https:\\\/\\\/ppdegalicia.com\\\/es\\\/#website\"},\"primaryImageOfPage\":{\"@id\":\"https:\\\/\\\/ppdegalicia.com\\\/es\\\/o-grupo-popular-demanda-ao-goberno-de-espana-reformas-penais-urxentes-que-os-datos-de-criminalidade-estan-a-demandar\\\/#primaryimage\"},\"image\":{\"@id\":\"https:\\\/\\\/ppdegalicia.com\\\/es\\\/o-grupo-popular-demanda-ao-goberno-de-espana-reformas-penais-urxentes-que-os-datos-de-criminalidade-estan-a-demandar\\\/#primaryimage\"},\"thumbnailUrl\":\"https:\\\/\\\/ppdegalicia.com\\\/wp-content\\\/uploads\\\/2021\\\/11\\\/11e40433eb584f0623efd321141476c1.jpg\",\"datePublished\":\"2021-11-17T11:22:01+00:00\",\"breadcrumb\":{\"@id\":\"https:\\\/\\\/ppdegalicia.com\\\/es\\\/o-grupo-popular-demanda-ao-goberno-de-espana-reformas-penais-urxentes-que-os-datos-de-criminalidade-estan-a-demandar\\\/#breadcrumb\"},\"inLanguage\":\"es\",\"potentialAction\":[{\"@type\":\"ReadAction\",\"target\":[\"https:\\\/\\\/ppdegalicia.com\\\/es\\\/o-grupo-popular-demanda-ao-goberno-de-espana-reformas-penais-urxentes-que-os-datos-de-criminalidade-estan-a-demandar\\\/\"]}]},{\"@type\":\"ImageObject\",\"inLanguage\":\"es\",\"@id\":\"https:\\\/\\\/ppdegalicia.com\\\/es\\\/o-grupo-popular-demanda-ao-goberno-de-espana-reformas-penais-urxentes-que-os-datos-de-criminalidade-estan-a-demandar\\\/#primaryimage\",\"url\":\"https:\\\/\\\/ppdegalicia.com\\\/wp-content\\\/uploads\\\/2021\\\/11\\\/11e40433eb584f0623efd321141476c1.jpg\",\"contentUrl\":\"https:\\\/\\\/ppdegalicia.com\\\/wp-content\\\/uploads\\\/2021\\\/11\\\/11e40433eb584f0623efd321141476c1.jpg\",\"width\":1900,\"height\":1267},{\"@type\":\"BreadcrumbList\",\"@id\":\"https:\\\/\\\/ppdegalicia.com\\\/es\\\/o-grupo-popular-demanda-ao-goberno-de-espana-reformas-penais-urxentes-que-os-datos-de-criminalidade-estan-a-demandar\\\/#breadcrumb\",\"itemListElement\":[{\"@type\":\"ListItem\",\"position\":1,\"name\":\"Portada\",\"item\":\"https:\\\/\\\/ppdegalicia.com\\\/es\\\/\"},{\"@type\":\"ListItem\",\"position\":2,\"name\":\"O Grupo Popular demanda ao Goberno de Espa\u00f1a reformas penais urxentes que os datos de criminalidade est\u00e1n a demandar\"}]},{\"@type\":\"WebSite\",\"@id\":\"https:\\\/\\\/ppdegalicia.com\\\/es\\\/#website\",\"url\":\"https:\\\/\\\/ppdegalicia.com\\\/es\\\/\",\"name\":\"Partido Popular de Galicia\",\"description\":\"Partido Popular de Galicia\",\"publisher\":{\"@id\":\"https:\\\/\\\/ppdegalicia.com\\\/es\\\/#organization\"},\"alternateName\":\"PP de Galicia\",\"potentialAction\":[{\"@type\":\"SearchAction\",\"target\":{\"@type\":\"EntryPoint\",\"urlTemplate\":\"https:\\\/\\\/ppdegalicia.com\\\/es\\\/?s={search_term_string}\"},\"query-input\":{\"@type\":\"PropertyValueSpecification\",\"valueRequired\":true,\"valueName\":\"search_term_string\"}}],\"inLanguage\":\"es\"},{\"@type\":\"Organization\",\"@id\":\"https:\\\/\\\/ppdegalicia.com\\\/es\\\/#organization\",\"name\":\"Partido Popular de Galicia\",\"alternateName\":\"PP de Galicia\",\"url\":\"https:\\\/\\\/ppdegalicia.com\\\/es\\\/\",\"logo\":{\"@type\":\"ImageObject\",\"inLanguage\":\"es\",\"@id\":\"https:\\\/\\\/ppdegalicia.com\\\/es\\\/#\\\/schema\\\/logo\\\/image\\\/\",\"url\":\"https:\\\/\\\/ppdegalicia.com\\\/wp-content\\\/uploads\\\/2023\\\/04\\\/logoPP512.png\",\"contentUrl\":\"https:\\\/\\\/ppdegalicia.com\\\/wp-content\\\/uploads\\\/2023\\\/04\\\/logoPP512.png\",\"width\":512,\"height\":512,\"caption\":\"Partido Popular de Galicia\"},\"image\":{\"@id\":\"https:\\\/\\\/ppdegalicia.com\\\/es\\\/#\\\/schema\\\/logo\\\/image\\\/\"},\"sameAs\":[\"https:\\\/\\\/www.instagram.com\\\/ppdegalicia\\\/\",\"https:\\\/\\\/x.com\\\/ppdegalicia\",\"https:\\\/\\\/www.tiktok.com\\\/@ppdegalicia\",\"https:\\\/\\\/www.youtube.com\\\/user\\\/ppdegalicia\"]},{\"@type\":\"Person\",\"@id\":\"https:\\\/\\\/ppdegalicia.com\\\/es\\\/#\\\/schema\\\/person\\\/5b822c6f59e872ebdd1142f307dbcb59\",\"name\":\"ppdegaliciaredes\",\"image\":{\"@type\":\"ImageObject\",\"inLanguage\":\"es\",\"@id\":\"https:\\\/\\\/secure.gravatar.com\\\/avatar\\\/3c9179cf0256d00c72a48d1f25783c58b6842cd56e85ef3a572881c8e28ccd59?s=96&d=mm&r=g\",\"url\":\"https:\\\/\\\/secure.gravatar.com\\\/avatar\\\/3c9179cf0256d00c72a48d1f25783c58b6842cd56e85ef3a572881c8e28ccd59?s=96&d=mm&r=g\",\"contentUrl\":\"https:\\\/\\\/secure.gravatar.com\\\/avatar\\\/3c9179cf0256d00c72a48d1f25783c58b6842cd56e85ef3a572881c8e28ccd59?s=96&d=mm&r=g\",\"caption\":\"ppdegaliciaredes\"},\"url\":\"https:\\\/\\\/ppdegalicia.com\\\/es\\\/author\\\/ppdegaliciaredes\\\/\"}]}<\/script>\n<!-- \/ Yoast SEO plugin. -->","yoast_head_json":{"title":"O Grupo Popular demanda ao Goberno de Espa\u00f1a reformas penais urxentes que os datos de criminalidade est\u00e1n a demandar - PP de Galicia","robots":{"index":"index","follow":"follow","max-snippet":"max-snippet:-1","max-image-preview":"max-image-preview:large","max-video-preview":"max-video-preview:-1"},"canonical":"https:\/\/ppdegalicia.com\/es\/o-grupo-popular-demanda-ao-goberno-de-espana-reformas-penais-urxentes-que-os-datos-de-criminalidade-estan-a-demandar\/","og_locale":"es_ES","og_type":"article","og_title":"O Grupo Popular demanda ao Goberno de Espa\u00f1a reformas penais urxentes que os datos de criminalidade est\u00e1n a demandar - PP de Galicia","og_description":"Santiago, 17 de novembro de 2021.- A viceportavoz do Grupo Popular, Paula Prado, considerou \u201cunha prioridade que o Goberno de Espa\u00f1a po\u00f1a na axenda lexislativa as reformas penais urxentes que os datos de criminalidade est\u00e1n a demandar\u201d.","og_url":"https:\/\/ppdegalicia.com\/es\/o-grupo-popular-demanda-ao-goberno-de-espana-reformas-penais-urxentes-que-os-datos-de-criminalidade-estan-a-demandar\/","og_site_name":"PP de Galicia","article_publisher":"https:\/\/www.instagram.com\/ppdegalicia\/","article_published_time":"2021-11-17T11:22:01+00:00","og_image":[{"width":1900,"height":1267,"url":"https:\/\/ppdegalicia.com\/wp-content\/uploads\/2021\/11\/11e40433eb584f0623efd321141476c1.jpg","type":"image\/jpeg"}],"author":"ppdegaliciaredes","twitter_card":"summary_large_image","twitter_creator":"@ppdegalicia","twitter_site":"@ppdegalicia","twitter_misc":{"Escrito por":"ppdegaliciaredes","Tiempo de lectura":"3 minutos"},"schema":{"@context":"https:\/\/schema.org","@graph":[{"@type":"Article","@id":"https:\/\/ppdegalicia.com\/es\/o-grupo-popular-demanda-ao-goberno-de-espana-reformas-penais-urxentes-que-os-datos-de-criminalidade-estan-a-demandar\/#article","isPartOf":{"@id":"https:\/\/ppdegalicia.com\/es\/o-grupo-popular-demanda-ao-goberno-de-espana-reformas-penais-urxentes-que-os-datos-de-criminalidade-estan-a-demandar\/"},"author":{"name":"ppdegaliciaredes","@id":"https:\/\/ppdegalicia.com\/es\/#\/schema\/person\/5b822c6f59e872ebdd1142f307dbcb59"},"headline":"O Grupo Popular demanda ao Goberno de Espa\u00f1a reformas penais urxentes que os datos de criminalidade est\u00e1n a demandar","datePublished":"2021-11-17T11:22:01+00:00","mainEntityOfPage":{"@id":"https:\/\/ppdegalicia.com\/es\/o-grupo-popular-demanda-ao-goberno-de-espana-reformas-penais-urxentes-que-os-datos-de-criminalidade-estan-a-demandar\/"},"wordCount":569,"commentCount":0,"publisher":{"@id":"https:\/\/ppdegalicia.com\/es\/#organization"},"image":{"@id":"https:\/\/ppdegalicia.com\/es\/o-grupo-popular-demanda-ao-goberno-de-espana-reformas-penais-urxentes-que-os-datos-de-criminalidade-estan-a-demandar\/#primaryimage"},"thumbnailUrl":"https:\/\/ppdegalicia.com\/wp-content\/uploads\/2021\/11\/11e40433eb584f0623efd321141476c1.jpg","articleSection":["PP de Galicia"],"inLanguage":"es","potentialAction":[{"@type":"CommentAction","name":"Comment","target":["https:\/\/ppdegalicia.com\/es\/o-grupo-popular-demanda-ao-goberno-de-espana-reformas-penais-urxentes-que-os-datos-de-criminalidade-estan-a-demandar\/#respond"]}]},{"@type":"WebPage","@id":"https:\/\/ppdegalicia.com\/es\/o-grupo-popular-demanda-ao-goberno-de-espana-reformas-penais-urxentes-que-os-datos-de-criminalidade-estan-a-demandar\/","url":"https:\/\/ppdegalicia.com\/es\/o-grupo-popular-demanda-ao-goberno-de-espana-reformas-penais-urxentes-que-os-datos-de-criminalidade-estan-a-demandar\/","name":"O Grupo Popular demanda ao Goberno de Espa\u00f1a reformas penais urxentes que os datos de criminalidade est\u00e1n a demandar - PP de Galicia","isPartOf":{"@id":"https:\/\/ppdegalicia.com\/es\/#website"},"primaryImageOfPage":{"@id":"https:\/\/ppdegalicia.com\/es\/o-grupo-popular-demanda-ao-goberno-de-espana-reformas-penais-urxentes-que-os-datos-de-criminalidade-estan-a-demandar\/#primaryimage"},"image":{"@id":"https:\/\/ppdegalicia.com\/es\/o-grupo-popular-demanda-ao-goberno-de-espana-reformas-penais-urxentes-que-os-datos-de-criminalidade-estan-a-demandar\/#primaryimage"},"thumbnailUrl":"https:\/\/ppdegalicia.com\/wp-content\/uploads\/2021\/11\/11e40433eb584f0623efd321141476c1.jpg","datePublished":"2021-11-17T11:22:01+00:00","breadcrumb":{"@id":"https:\/\/ppdegalicia.com\/es\/o-grupo-popular-demanda-ao-goberno-de-espana-reformas-penais-urxentes-que-os-datos-de-criminalidade-estan-a-demandar\/#breadcrumb"},"inLanguage":"es","potentialAction":[{"@type":"ReadAction","target":["https:\/\/ppdegalicia.com\/es\/o-grupo-popular-demanda-ao-goberno-de-espana-reformas-penais-urxentes-que-os-datos-de-criminalidade-estan-a-demandar\/"]}]},{"@type":"ImageObject","inLanguage":"es","@id":"https:\/\/ppdegalicia.com\/es\/o-grupo-popular-demanda-ao-goberno-de-espana-reformas-penais-urxentes-que-os-datos-de-criminalidade-estan-a-demandar\/#primaryimage","url":"https:\/\/ppdegalicia.com\/wp-content\/uploads\/2021\/11\/11e40433eb584f0623efd321141476c1.jpg","contentUrl":"https:\/\/ppdegalicia.com\/wp-content\/uploads\/2021\/11\/11e40433eb584f0623efd321141476c1.jpg","width":1900,"height":1267},{"@type":"BreadcrumbList","@id":"https:\/\/ppdegalicia.com\/es\/o-grupo-popular-demanda-ao-goberno-de-espana-reformas-penais-urxentes-que-os-datos-de-criminalidade-estan-a-demandar\/#breadcrumb","itemListElement":[{"@type":"ListItem","position":1,"name":"Portada","item":"https:\/\/ppdegalicia.com\/es\/"},{"@type":"ListItem","position":2,"name":"O Grupo Popular demanda ao Goberno de Espa\u00f1a reformas penais urxentes que os datos de criminalidade est\u00e1n a demandar"}]},{"@type":"WebSite","@id":"https:\/\/ppdegalicia.com\/es\/#website","url":"https:\/\/ppdegalicia.com\/es\/","name":"Partido Popular de Galicia","description":"Partido Popular de Galicia","publisher":{"@id":"https:\/\/ppdegalicia.com\/es\/#organization"},"alternateName":"PP de Galicia","potentialAction":[{"@type":"SearchAction","target":{"@type":"EntryPoint","urlTemplate":"https:\/\/ppdegalicia.com\/es\/?s={search_term_string}"},"query-input":{"@type":"PropertyValueSpecification","valueRequired":true,"valueName":"search_term_string"}}],"inLanguage":"es"},{"@type":"Organization","@id":"https:\/\/ppdegalicia.com\/es\/#organization","name":"Partido Popular de Galicia","alternateName":"PP de Galicia","url":"https:\/\/ppdegalicia.com\/es\/","logo":{"@type":"ImageObject","inLanguage":"es","@id":"https:\/\/ppdegalicia.com\/es\/#\/schema\/logo\/image\/","url":"https:\/\/ppdegalicia.com\/wp-content\/uploads\/2023\/04\/logoPP512.png","contentUrl":"https:\/\/ppdegalicia.com\/wp-content\/uploads\/2023\/04\/logoPP512.png","width":512,"height":512,"caption":"Partido Popular de Galicia"},"image":{"@id":"https:\/\/ppdegalicia.com\/es\/#\/schema\/logo\/image\/"},"sameAs":["https:\/\/www.instagram.com\/ppdegalicia\/","https:\/\/x.com\/ppdegalicia","https:\/\/www.tiktok.com\/@ppdegalicia","https:\/\/www.youtube.com\/user\/ppdegalicia"]},{"@type":"Person","@id":"https:\/\/ppdegalicia.com\/es\/#\/schema\/person\/5b822c6f59e872ebdd1142f307dbcb59","name":"ppdegaliciaredes","image":{"@type":"ImageObject","inLanguage":"es","@id":"https:\/\/secure.gravatar.com\/avatar\/3c9179cf0256d00c72a48d1f25783c58b6842cd56e85ef3a572881c8e28ccd59?s=96&d=mm&r=g","url":"https:\/\/secure.gravatar.com\/avatar\/3c9179cf0256d00c72a48d1f25783c58b6842cd56e85ef3a572881c8e28ccd59?s=96&d=mm&r=g","contentUrl":"https:\/\/secure.gravatar.com\/avatar\/3c9179cf0256d00c72a48d1f25783c58b6842cd56e85ef3a572881c8e28ccd59?s=96&d=mm&r=g","caption":"ppdegaliciaredes"},"url":"https:\/\/ppdegalicia.com\/es\/author\/ppdegaliciaredes\/"}]}},"_links":{"self":[{"href":"https:\/\/ppdegalicia.com\/es\/wp-json\/wp\/v2\/posts\/56422","targetHints":{"allow":["GET"]}}],"collection":[{"href":"https:\/\/ppdegalicia.com\/es\/wp-json\/wp\/v2\/posts"}],"about":[{"href":"https:\/\/ppdegalicia.com\/es\/wp-json\/wp\/v2\/types\/post"}],"author":[{"embeddable":true,"href":"https:\/\/ppdegalicia.com\/es\/wp-json\/wp\/v2\/users\/38"}],"replies":[{"embeddable":true,"href":"https:\/\/ppdegalicia.com\/es\/wp-json\/wp\/v2\/comments?post=56422"}],"version-history":[{"count":0,"href":"https:\/\/ppdegalicia.com\/es\/wp-json\/wp\/v2\/posts\/56422\/revisions"}],"wp:featuredmedia":[{"embeddable":true,"href":"https:\/\/ppdegalicia.com\/es\/wp-json\/wp\/v2\/media\/56421"}],"wp:attachment":[{"href":"https:\/\/ppdegalicia.com\/es\/wp-json\/wp\/v2\/media?parent=56422"}],"wp:term":[{"taxonomy":"category","embeddable":true,"href":"https:\/\/ppdegalicia.com\/es\/wp-json\/wp\/v2\/categories?post=56422"},{"taxonomy":"post_tag","embeddable":true,"href":"https:\/\/ppdegalicia.com\/es\/wp-json\/wp\/v2\/tags?post=56422"}],"curies":[{"name":"wp","href":"https:\/\/api.w.org\/{rel}","templated":true}]}}