{"id":56424,"date":"2021-11-18T10:19:22","date_gmt":"2021-11-18T08:19:22","guid":{"rendered":"https:\/\/ppdegalicia.com\/peticion-de-permiso-ao-ministerio-de-agricultura-pesca-e-alimentacion-para-a-plantacion-de-patacas-nos-concellos-cun-numero-insignificante-de-couza-guatemalteca\/"},"modified":"2021-11-18T10:19:22","modified_gmt":"2021-11-18T08:19:22","slug":"peticion-de-permiso-ao-ministerio-de-agricultura-pesca-e-alimentacion-para-a-plantacion-de-patacas-nos-concellos-cun-numero-insignificante-de-couza-guatemalteca","status":"publish","type":"post","link":"https:\/\/ppdegalicia.com\/es\/peticion-de-permiso-ao-ministerio-de-agricultura-pesca-e-alimentacion-para-a-plantacion-de-patacas-nos-concellos-cun-numero-insignificante-de-couza-guatemalteca\/","title":{"rendered":"Petici\u00f3n de permiso ao Ministerio de Agricultura,Pesca e Alimentaci\u00f3n  para a plantaci\u00f3n de patacas nos concellos cun n\u00famero insignificante de couza guatemalteca"},"content":{"rendered":"<p><img fetchpriority=\"high\" decoding=\"async\" class=\" size-full wp-image-56423\" src=\"https:\/\/ppdegalicia.com\/wp-content\/uploads\/2021\/11\/b793d0ccf0d5d1b43986b9d265e85ae6-scaled.jpg\" alt=\"\" width=\"2560\" height=\"1707\" srcset=\"https:\/\/ppdegalicia.com\/wp-content\/uploads\/2021\/11\/b793d0ccf0d5d1b43986b9d265e85ae6-scaled.jpg 2560w, https:\/\/ppdegalicia.com\/wp-content\/uploads\/2021\/11\/b793d0ccf0d5d1b43986b9d265e85ae6-300x200.jpg 300w, https:\/\/ppdegalicia.com\/wp-content\/uploads\/2021\/11\/b793d0ccf0d5d1b43986b9d265e85ae6-1024x683.jpg 1024w, https:\/\/ppdegalicia.com\/wp-content\/uploads\/2021\/11\/b793d0ccf0d5d1b43986b9d265e85ae6-768x512.jpg 768w, https:\/\/ppdegalicia.com\/wp-content\/uploads\/2021\/11\/b793d0ccf0d5d1b43986b9d265e85ae6-1536x1024.jpg 1536w, https:\/\/ppdegalicia.com\/wp-content\/uploads\/2021\/11\/b793d0ccf0d5d1b43986b9d265e85ae6-2048x1365.jpg 2048w\" sizes=\"(max-width: 2560px) 100vw, 2560px\" \/><\/p>\n<p>\u00a0<\/p>\n<p>\u00a0<\/p>\n<p>Iniciativa sobre o traslado por parte da Xunta de Galicia ao Ministerio de Agricultura, Pesca e Alimentaci\u00f3n da petici\u00f3n de permiso para a plantaci\u00f3n de patacas nos concellos cun n\u00famero insignificante de couza guatemalteca<\/p>\n<p><!--more--><\/p>\n<p>Galicia \u00e9 unha das principais comunidades produtoras de pataca, incluso baixo unha certificaci\u00f3n de calidade: o selo da Indicaci\u00f3n Xeogr\u00e1fica Protexida \u201cPataca de Galicia\u201d, que supera os 70 produtores, 10 almacenistas e case que 300 hect\u00e1reas de superficie cunha produci\u00f3n controlada de m\u00e1is de 9.000 toneladas e case 6.000 toneladas de produci\u00f3n comercializada, cun valor econ\u00f3mico estimado preto aos 6 mill\u00f3ns de euros.<\/p>\n<p>\u00a0<\/p>\n<p>Neste sentido, a co\u00f1ecida coloquialmente como \u201ccouza guatemalteca\u201d, nome cient\u00edfico Tecia solanivora, \u00e9 un organismo nocivo de corentena cuxa afectaci\u00f3n \u00e9 exclusiva dos tub\u00e9rculos da pataca, representando unha problem\u00e1tica para este tipo de produci\u00f3ns.<\/p>\n<p>\u00a0<\/p>\n<p>Este organismo xorde arredor de 1970, como o seu propio nome indica, en Guatemala, sendo estendido a trav\u00e9s de Am\u00e9rica Central ata Am\u00e9rica do Sur, de forma que se atopa presente en gran parte de Am\u00e9rica Latina.<\/p>\n<p>\u00a0<\/p>\n<p>A estes efectos, a contenci\u00f3n e erradicaci\u00f3n deste organismo v\u00e9n regulada pola Directiva 2000\/9 do Consello, establece as medidas de protecci\u00f3n contra a introduci\u00f3n e propagaci\u00f3n da Tecia solanivora ao longo do territorio europeo.<br \/>Regulamento adaptado \u00e1 lexislaci\u00f3n estatal a trav\u00e9s do Real Decreto 58\/2005 e posteriormente 197\/2917, de 3 de marzo, polo que se establece o Programa nacional de control e erradicaci\u00f3n deste organismo.<\/p>\n<p>\u00a0<\/p>\n<p>Este Programa foi calcado \u00e1 realidade da nosa Comunidade coa finalidade de controlar \u00e1 couza ata a s\u00faa completa erradicaci\u00f3n. Neste sentido, coa evoluci\u00f3n do organismo desde a s\u00faa aparici\u00f3n na provincia de A Coru\u00f1a, f\u00f3ronse redefinindo as zonas infestadas para adaptalas ao territorio, ampli\u00e1ndoas, se fose o caso, a todo o termo municipal.<\/p>\n<p>\u00a0<\/p>\n<p>Ao respecto, os datos do seguimento deste organismo amosan como a s\u00faa presenza foi reducida, rexistr\u00e1ndose un avance significativo na s\u00faa contenci\u00f3n, previa \u00e1 erradicaci\u00f3n.<\/p>\n<p>\u00a0<\/p>\n<p>Neste sentido, o Grupo Parlamentario Popular, presenta a seguinte proposici\u00f3n non de lei en Comisi\u00f3n:<\/p>\n<p>\u00a0<\/p>\n<p><strong>\u201cO Parlamento de Galicia insta \u00e1 Xunta de Galicia a que traslade ao Ministerio de Agricultura, Pesca y Alimentaci\u00f3n a petici\u00f3n para que permita a plantaci\u00f3n de patacas en aqueles concellos cun n\u00famero insignificante de positivos e delimitar as zonas de prohibici\u00f3n \u00e1 parroquia ou parroquias afectadas pola couza guatemalteca.\u201d<\/strong><\/p>\n","protected":false},"excerpt":{"rendered":"<p>\u00a0 \u00a0 Iniciativa sobre o traslado por parte da Xunta de Galicia ao Ministerio de Agricultura, Pesca e Alimentaci\u00f3n da petici\u00f3n de permiso para a plantaci\u00f3n de patacas nos concellos cun n\u00famero insignificante de couza guatemalteca<\/p>\n","protected":false},"author":38,"featured_media":56423,"comment_status":"open","ping_status":"open","sticky":false,"template":"","format":"standard","meta":{"_acf_changed":false,"footnotes":""},"categories":[1128,1],"tags":[],"class_list":["post-56424","post","type-post","status-publish","format-standard","has-post-thumbnail","hentry","category-actualidad-parlamento-de-galicia","category-pp-de-galicia"],"acf":[],"yoast_head":"<!-- This site is optimized with the Yoast SEO plugin v27.3 - https:\/\/yoast.com\/product\/yoast-seo-wordpress\/ -->\n<title>Petici\u00f3n de permiso ao Ministerio de Agricultura,Pesca e Alimentaci\u00f3n para a plantaci\u00f3n de patacas nos concellos cun n\u00famero insignificante de couza guatemalteca - PP de Galicia<\/title>\n<meta name=\"robots\" content=\"index, follow, max-snippet:-1, max-image-preview:large, max-video-preview:-1\" \/>\n<link rel=\"canonical\" href=\"https:\/\/ppdegalicia.com\/es\/peticion-de-permiso-ao-ministerio-de-agricultura-pesca-e-alimentacion-para-a-plantacion-de-patacas-nos-concellos-cun-numero-insignificante-de-couza-guatemalteca\/\" \/>\n<meta property=\"og:locale\" content=\"es_ES\" \/>\n<meta property=\"og:type\" content=\"article\" \/>\n<meta property=\"og:title\" content=\"Petici\u00f3n de permiso ao Ministerio de Agricultura,Pesca e Alimentaci\u00f3n para a plantaci\u00f3n de patacas nos concellos cun n\u00famero insignificante de couza guatemalteca - PP de Galicia\" \/>\n<meta property=\"og:description\" content=\"\u00a0 \u00a0 Iniciativa sobre o traslado por parte da Xunta de Galicia ao Ministerio de Agricultura, Pesca e Alimentaci\u00f3n da petici\u00f3n de permiso para a plantaci\u00f3n de patacas nos concellos cun n\u00famero insignificante de couza guatemalteca\" \/>\n<meta property=\"og:url\" content=\"https:\/\/ppdegalicia.com\/es\/peticion-de-permiso-ao-ministerio-de-agricultura-pesca-e-alimentacion-para-a-plantacion-de-patacas-nos-concellos-cun-numero-insignificante-de-couza-guatemalteca\/\" \/>\n<meta property=\"og:site_name\" content=\"PP de Galicia\" \/>\n<meta property=\"article:publisher\" content=\"https:\/\/www.instagram.com\/ppdegalicia\/\" \/>\n<meta property=\"article:published_time\" content=\"2021-11-18T08:19:22+00:00\" \/>\n<meta property=\"og:image\" content=\"https:\/\/ppdegalicia.com\/wp-content\/uploads\/2021\/11\/b793d0ccf0d5d1b43986b9d265e85ae6-scaled.jpg\" \/>\n\t<meta property=\"og:image:width\" content=\"2560\" \/>\n\t<meta property=\"og:image:height\" content=\"1707\" \/>\n\t<meta property=\"og:image:type\" content=\"image\/jpeg\" \/>\n<meta name=\"author\" content=\"ppdegaliciaredes\" \/>\n<meta name=\"twitter:card\" content=\"summary_large_image\" \/>\n<meta name=\"twitter:creator\" content=\"@ppdegalicia\" \/>\n<meta name=\"twitter:site\" content=\"@ppdegalicia\" \/>\n<meta name=\"twitter:label1\" content=\"Escrito por\" \/>\n\t<meta name=\"twitter:data1\" content=\"ppdegaliciaredes\" \/>\n\t<meta name=\"twitter:label2\" content=\"Tiempo de lectura\" \/>\n\t<meta name=\"twitter:data2\" content=\"2 minutos\" \/>\n<script type=\"application\/ld+json\" class=\"yoast-schema-graph\">{\"@context\":\"https:\\\/\\\/schema.org\",\"@graph\":[{\"@type\":\"Article\",\"@id\":\"https:\\\/\\\/ppdegalicia.com\\\/es\\\/peticion-de-permiso-ao-ministerio-de-agricultura-pesca-e-alimentacion-para-a-plantacion-de-patacas-nos-concellos-cun-numero-insignificante-de-couza-guatemalteca\\\/#article\",\"isPartOf\":{\"@id\":\"https:\\\/\\\/ppdegalicia.com\\\/es\\\/peticion-de-permiso-ao-ministerio-de-agricultura-pesca-e-alimentacion-para-a-plantacion-de-patacas-nos-concellos-cun-numero-insignificante-de-couza-guatemalteca\\\/\"},\"author\":{\"name\":\"ppdegaliciaredes\",\"@id\":\"https:\\\/\\\/ppdegalicia.com\\\/es\\\/#\\\/schema\\\/person\\\/5b822c6f59e872ebdd1142f307dbcb59\"},\"headline\":\"Petici\u00f3n de permiso ao Ministerio de Agricultura,Pesca e Alimentaci\u00f3n para a plantaci\u00f3n de patacas nos concellos cun n\u00famero insignificante de couza guatemalteca\",\"datePublished\":\"2021-11-18T08:19:22+00:00\",\"mainEntityOfPage\":{\"@id\":\"https:\\\/\\\/ppdegalicia.com\\\/es\\\/peticion-de-permiso-ao-ministerio-de-agricultura-pesca-e-alimentacion-para-a-plantacion-de-patacas-nos-concellos-cun-numero-insignificante-de-couza-guatemalteca\\\/\"},\"wordCount\":436,\"commentCount\":0,\"publisher\":{\"@id\":\"https:\\\/\\\/ppdegalicia.com\\\/es\\\/#organization\"},\"image\":{\"@id\":\"https:\\\/\\\/ppdegalicia.com\\\/es\\\/peticion-de-permiso-ao-ministerio-de-agricultura-pesca-e-alimentacion-para-a-plantacion-de-patacas-nos-concellos-cun-numero-insignificante-de-couza-guatemalteca\\\/#primaryimage\"},\"thumbnailUrl\":\"https:\\\/\\\/ppdegalicia.com\\\/wp-content\\\/uploads\\\/2021\\\/11\\\/b793d0ccf0d5d1b43986b9d265e85ae6-scaled.jpg\",\"articleSection\":[\"Parlamento de Galicia\",\"PP de Galicia\"],\"inLanguage\":\"es\",\"potentialAction\":[{\"@type\":\"CommentAction\",\"name\":\"Comment\",\"target\":[\"https:\\\/\\\/ppdegalicia.com\\\/es\\\/peticion-de-permiso-ao-ministerio-de-agricultura-pesca-e-alimentacion-para-a-plantacion-de-patacas-nos-concellos-cun-numero-insignificante-de-couza-guatemalteca\\\/#respond\"]}]},{\"@type\":\"WebPage\",\"@id\":\"https:\\\/\\\/ppdegalicia.com\\\/es\\\/peticion-de-permiso-ao-ministerio-de-agricultura-pesca-e-alimentacion-para-a-plantacion-de-patacas-nos-concellos-cun-numero-insignificante-de-couza-guatemalteca\\\/\",\"url\":\"https:\\\/\\\/ppdegalicia.com\\\/es\\\/peticion-de-permiso-ao-ministerio-de-agricultura-pesca-e-alimentacion-para-a-plantacion-de-patacas-nos-concellos-cun-numero-insignificante-de-couza-guatemalteca\\\/\",\"name\":\"Petici\u00f3n de permiso ao Ministerio de Agricultura,Pesca e Alimentaci\u00f3n para a plantaci\u00f3n de patacas nos concellos cun n\u00famero insignificante de couza guatemalteca - PP de Galicia\",\"isPartOf\":{\"@id\":\"https:\\\/\\\/ppdegalicia.com\\\/es\\\/#website\"},\"primaryImageOfPage\":{\"@id\":\"https:\\\/\\\/ppdegalicia.com\\\/es\\\/peticion-de-permiso-ao-ministerio-de-agricultura-pesca-e-alimentacion-para-a-plantacion-de-patacas-nos-concellos-cun-numero-insignificante-de-couza-guatemalteca\\\/#primaryimage\"},\"image\":{\"@id\":\"https:\\\/\\\/ppdegalicia.com\\\/es\\\/peticion-de-permiso-ao-ministerio-de-agricultura-pesca-e-alimentacion-para-a-plantacion-de-patacas-nos-concellos-cun-numero-insignificante-de-couza-guatemalteca\\\/#primaryimage\"},\"thumbnailUrl\":\"https:\\\/\\\/ppdegalicia.com\\\/wp-content\\\/uploads\\\/2021\\\/11\\\/b793d0ccf0d5d1b43986b9d265e85ae6-scaled.jpg\",\"datePublished\":\"2021-11-18T08:19:22+00:00\",\"breadcrumb\":{\"@id\":\"https:\\\/\\\/ppdegalicia.com\\\/es\\\/peticion-de-permiso-ao-ministerio-de-agricultura-pesca-e-alimentacion-para-a-plantacion-de-patacas-nos-concellos-cun-numero-insignificante-de-couza-guatemalteca\\\/#breadcrumb\"},\"inLanguage\":\"es\",\"potentialAction\":[{\"@type\":\"ReadAction\",\"target\":[\"https:\\\/\\\/ppdegalicia.com\\\/es\\\/peticion-de-permiso-ao-ministerio-de-agricultura-pesca-e-alimentacion-para-a-plantacion-de-patacas-nos-concellos-cun-numero-insignificante-de-couza-guatemalteca\\\/\"]}]},{\"@type\":\"ImageObject\",\"inLanguage\":\"es\",\"@id\":\"https:\\\/\\\/ppdegalicia.com\\\/es\\\/peticion-de-permiso-ao-ministerio-de-agricultura-pesca-e-alimentacion-para-a-plantacion-de-patacas-nos-concellos-cun-numero-insignificante-de-couza-guatemalteca\\\/#primaryimage\",\"url\":\"https:\\\/\\\/ppdegalicia.com\\\/wp-content\\\/uploads\\\/2021\\\/11\\\/b793d0ccf0d5d1b43986b9d265e85ae6-scaled.jpg\",\"contentUrl\":\"https:\\\/\\\/ppdegalicia.com\\\/wp-content\\\/uploads\\\/2021\\\/11\\\/b793d0ccf0d5d1b43986b9d265e85ae6-scaled.jpg\",\"width\":2560,\"height\":1707},{\"@type\":\"BreadcrumbList\",\"@id\":\"https:\\\/\\\/ppdegalicia.com\\\/es\\\/peticion-de-permiso-ao-ministerio-de-agricultura-pesca-e-alimentacion-para-a-plantacion-de-patacas-nos-concellos-cun-numero-insignificante-de-couza-guatemalteca\\\/#breadcrumb\",\"itemListElement\":[{\"@type\":\"ListItem\",\"position\":1,\"name\":\"Portada\",\"item\":\"https:\\\/\\\/ppdegalicia.com\\\/es\\\/\"},{\"@type\":\"ListItem\",\"position\":2,\"name\":\"Petici\u00f3n de permiso ao Ministerio de Agricultura,Pesca e Alimentaci\u00f3n para a plantaci\u00f3n de patacas nos concellos cun n\u00famero insignificante de couza guatemalteca\"}]},{\"@type\":\"WebSite\",\"@id\":\"https:\\\/\\\/ppdegalicia.com\\\/es\\\/#website\",\"url\":\"https:\\\/\\\/ppdegalicia.com\\\/es\\\/\",\"name\":\"Partido Popular de Galicia\",\"description\":\"Partido Popular de Galicia\",\"publisher\":{\"@id\":\"https:\\\/\\\/ppdegalicia.com\\\/es\\\/#organization\"},\"alternateName\":\"PP de Galicia\",\"potentialAction\":[{\"@type\":\"SearchAction\",\"target\":{\"@type\":\"EntryPoint\",\"urlTemplate\":\"https:\\\/\\\/ppdegalicia.com\\\/es\\\/?s={search_term_string}\"},\"query-input\":{\"@type\":\"PropertyValueSpecification\",\"valueRequired\":true,\"valueName\":\"search_term_string\"}}],\"inLanguage\":\"es\"},{\"@type\":\"Organization\",\"@id\":\"https:\\\/\\\/ppdegalicia.com\\\/es\\\/#organization\",\"name\":\"Partido Popular de Galicia\",\"alternateName\":\"PP de Galicia\",\"url\":\"https:\\\/\\\/ppdegalicia.com\\\/es\\\/\",\"logo\":{\"@type\":\"ImageObject\",\"inLanguage\":\"es\",\"@id\":\"https:\\\/\\\/ppdegalicia.com\\\/es\\\/#\\\/schema\\\/logo\\\/image\\\/\",\"url\":\"https:\\\/\\\/ppdegalicia.com\\\/wp-content\\\/uploads\\\/2023\\\/04\\\/logoPP512.png\",\"contentUrl\":\"https:\\\/\\\/ppdegalicia.com\\\/wp-content\\\/uploads\\\/2023\\\/04\\\/logoPP512.png\",\"width\":512,\"height\":512,\"caption\":\"Partido Popular de Galicia\"},\"image\":{\"@id\":\"https:\\\/\\\/ppdegalicia.com\\\/es\\\/#\\\/schema\\\/logo\\\/image\\\/\"},\"sameAs\":[\"https:\\\/\\\/www.instagram.com\\\/ppdegalicia\\\/\",\"https:\\\/\\\/x.com\\\/ppdegalicia\",\"https:\\\/\\\/www.tiktok.com\\\/@ppdegalicia\",\"https:\\\/\\\/www.youtube.com\\\/user\\\/ppdegalicia\"]},{\"@type\":\"Person\",\"@id\":\"https:\\\/\\\/ppdegalicia.com\\\/es\\\/#\\\/schema\\\/person\\\/5b822c6f59e872ebdd1142f307dbcb59\",\"name\":\"ppdegaliciaredes\",\"image\":{\"@type\":\"ImageObject\",\"inLanguage\":\"es\",\"@id\":\"https:\\\/\\\/secure.gravatar.com\\\/avatar\\\/3c9179cf0256d00c72a48d1f25783c58b6842cd56e85ef3a572881c8e28ccd59?s=96&d=mm&r=g\",\"url\":\"https:\\\/\\\/secure.gravatar.com\\\/avatar\\\/3c9179cf0256d00c72a48d1f25783c58b6842cd56e85ef3a572881c8e28ccd59?s=96&d=mm&r=g\",\"contentUrl\":\"https:\\\/\\\/secure.gravatar.com\\\/avatar\\\/3c9179cf0256d00c72a48d1f25783c58b6842cd56e85ef3a572881c8e28ccd59?s=96&d=mm&r=g\",\"caption\":\"ppdegaliciaredes\"},\"url\":\"https:\\\/\\\/ppdegalicia.com\\\/es\\\/author\\\/ppdegaliciaredes\\\/\"}]}<\/script>\n<!-- \/ Yoast SEO plugin. -->","yoast_head_json":{"title":"Petici\u00f3n de permiso ao Ministerio de Agricultura,Pesca e Alimentaci\u00f3n para a plantaci\u00f3n de patacas nos concellos cun n\u00famero insignificante de couza guatemalteca - PP de Galicia","robots":{"index":"index","follow":"follow","max-snippet":"max-snippet:-1","max-image-preview":"max-image-preview:large","max-video-preview":"max-video-preview:-1"},"canonical":"https:\/\/ppdegalicia.com\/es\/peticion-de-permiso-ao-ministerio-de-agricultura-pesca-e-alimentacion-para-a-plantacion-de-patacas-nos-concellos-cun-numero-insignificante-de-couza-guatemalteca\/","og_locale":"es_ES","og_type":"article","og_title":"Petici\u00f3n de permiso ao Ministerio de Agricultura,Pesca e Alimentaci\u00f3n para a plantaci\u00f3n de patacas nos concellos cun n\u00famero insignificante de couza guatemalteca - PP de Galicia","og_description":"\u00a0 \u00a0 Iniciativa sobre o traslado por parte da Xunta de Galicia ao Ministerio de Agricultura, Pesca e Alimentaci\u00f3n da petici\u00f3n de permiso para a plantaci\u00f3n de patacas nos concellos cun n\u00famero insignificante de couza guatemalteca","og_url":"https:\/\/ppdegalicia.com\/es\/peticion-de-permiso-ao-ministerio-de-agricultura-pesca-e-alimentacion-para-a-plantacion-de-patacas-nos-concellos-cun-numero-insignificante-de-couza-guatemalteca\/","og_site_name":"PP de Galicia","article_publisher":"https:\/\/www.instagram.com\/ppdegalicia\/","article_published_time":"2021-11-18T08:19:22+00:00","og_image":[{"width":2560,"height":1707,"url":"https:\/\/ppdegalicia.com\/wp-content\/uploads\/2021\/11\/b793d0ccf0d5d1b43986b9d265e85ae6-scaled.jpg","type":"image\/jpeg"}],"author":"ppdegaliciaredes","twitter_card":"summary_large_image","twitter_creator":"@ppdegalicia","twitter_site":"@ppdegalicia","twitter_misc":{"Escrito por":"ppdegaliciaredes","Tiempo de lectura":"2 minutos"},"schema":{"@context":"https:\/\/schema.org","@graph":[{"@type":"Article","@id":"https:\/\/ppdegalicia.com\/es\/peticion-de-permiso-ao-ministerio-de-agricultura-pesca-e-alimentacion-para-a-plantacion-de-patacas-nos-concellos-cun-numero-insignificante-de-couza-guatemalteca\/#article","isPartOf":{"@id":"https:\/\/ppdegalicia.com\/es\/peticion-de-permiso-ao-ministerio-de-agricultura-pesca-e-alimentacion-para-a-plantacion-de-patacas-nos-concellos-cun-numero-insignificante-de-couza-guatemalteca\/"},"author":{"name":"ppdegaliciaredes","@id":"https:\/\/ppdegalicia.com\/es\/#\/schema\/person\/5b822c6f59e872ebdd1142f307dbcb59"},"headline":"Petici\u00f3n de permiso ao Ministerio de Agricultura,Pesca e Alimentaci\u00f3n para a plantaci\u00f3n de patacas nos concellos cun n\u00famero insignificante de couza guatemalteca","datePublished":"2021-11-18T08:19:22+00:00","mainEntityOfPage":{"@id":"https:\/\/ppdegalicia.com\/es\/peticion-de-permiso-ao-ministerio-de-agricultura-pesca-e-alimentacion-para-a-plantacion-de-patacas-nos-concellos-cun-numero-insignificante-de-couza-guatemalteca\/"},"wordCount":436,"commentCount":0,"publisher":{"@id":"https:\/\/ppdegalicia.com\/es\/#organization"},"image":{"@id":"https:\/\/ppdegalicia.com\/es\/peticion-de-permiso-ao-ministerio-de-agricultura-pesca-e-alimentacion-para-a-plantacion-de-patacas-nos-concellos-cun-numero-insignificante-de-couza-guatemalteca\/#primaryimage"},"thumbnailUrl":"https:\/\/ppdegalicia.com\/wp-content\/uploads\/2021\/11\/b793d0ccf0d5d1b43986b9d265e85ae6-scaled.jpg","articleSection":["Parlamento de Galicia","PP de Galicia"],"inLanguage":"es","potentialAction":[{"@type":"CommentAction","name":"Comment","target":["https:\/\/ppdegalicia.com\/es\/peticion-de-permiso-ao-ministerio-de-agricultura-pesca-e-alimentacion-para-a-plantacion-de-patacas-nos-concellos-cun-numero-insignificante-de-couza-guatemalteca\/#respond"]}]},{"@type":"WebPage","@id":"https:\/\/ppdegalicia.com\/es\/peticion-de-permiso-ao-ministerio-de-agricultura-pesca-e-alimentacion-para-a-plantacion-de-patacas-nos-concellos-cun-numero-insignificante-de-couza-guatemalteca\/","url":"https:\/\/ppdegalicia.com\/es\/peticion-de-permiso-ao-ministerio-de-agricultura-pesca-e-alimentacion-para-a-plantacion-de-patacas-nos-concellos-cun-numero-insignificante-de-couza-guatemalteca\/","name":"Petici\u00f3n de permiso ao Ministerio de Agricultura,Pesca e Alimentaci\u00f3n para a plantaci\u00f3n de patacas nos concellos cun n\u00famero insignificante de couza guatemalteca - PP de Galicia","isPartOf":{"@id":"https:\/\/ppdegalicia.com\/es\/#website"},"primaryImageOfPage":{"@id":"https:\/\/ppdegalicia.com\/es\/peticion-de-permiso-ao-ministerio-de-agricultura-pesca-e-alimentacion-para-a-plantacion-de-patacas-nos-concellos-cun-numero-insignificante-de-couza-guatemalteca\/#primaryimage"},"image":{"@id":"https:\/\/ppdegalicia.com\/es\/peticion-de-permiso-ao-ministerio-de-agricultura-pesca-e-alimentacion-para-a-plantacion-de-patacas-nos-concellos-cun-numero-insignificante-de-couza-guatemalteca\/#primaryimage"},"thumbnailUrl":"https:\/\/ppdegalicia.com\/wp-content\/uploads\/2021\/11\/b793d0ccf0d5d1b43986b9d265e85ae6-scaled.jpg","datePublished":"2021-11-18T08:19:22+00:00","breadcrumb":{"@id":"https:\/\/ppdegalicia.com\/es\/peticion-de-permiso-ao-ministerio-de-agricultura-pesca-e-alimentacion-para-a-plantacion-de-patacas-nos-concellos-cun-numero-insignificante-de-couza-guatemalteca\/#breadcrumb"},"inLanguage":"es","potentialAction":[{"@type":"ReadAction","target":["https:\/\/ppdegalicia.com\/es\/peticion-de-permiso-ao-ministerio-de-agricultura-pesca-e-alimentacion-para-a-plantacion-de-patacas-nos-concellos-cun-numero-insignificante-de-couza-guatemalteca\/"]}]},{"@type":"ImageObject","inLanguage":"es","@id":"https:\/\/ppdegalicia.com\/es\/peticion-de-permiso-ao-ministerio-de-agricultura-pesca-e-alimentacion-para-a-plantacion-de-patacas-nos-concellos-cun-numero-insignificante-de-couza-guatemalteca\/#primaryimage","url":"https:\/\/ppdegalicia.com\/wp-content\/uploads\/2021\/11\/b793d0ccf0d5d1b43986b9d265e85ae6-scaled.jpg","contentUrl":"https:\/\/ppdegalicia.com\/wp-content\/uploads\/2021\/11\/b793d0ccf0d5d1b43986b9d265e85ae6-scaled.jpg","width":2560,"height":1707},{"@type":"BreadcrumbList","@id":"https:\/\/ppdegalicia.com\/es\/peticion-de-permiso-ao-ministerio-de-agricultura-pesca-e-alimentacion-para-a-plantacion-de-patacas-nos-concellos-cun-numero-insignificante-de-couza-guatemalteca\/#breadcrumb","itemListElement":[{"@type":"ListItem","position":1,"name":"Portada","item":"https:\/\/ppdegalicia.com\/es\/"},{"@type":"ListItem","position":2,"name":"Petici\u00f3n de permiso ao Ministerio de Agricultura,Pesca e Alimentaci\u00f3n para a plantaci\u00f3n de patacas nos concellos cun n\u00famero insignificante de couza guatemalteca"}]},{"@type":"WebSite","@id":"https:\/\/ppdegalicia.com\/es\/#website","url":"https:\/\/ppdegalicia.com\/es\/","name":"Partido Popular de Galicia","description":"Partido Popular de Galicia","publisher":{"@id":"https:\/\/ppdegalicia.com\/es\/#organization"},"alternateName":"PP de Galicia","potentialAction":[{"@type":"SearchAction","target":{"@type":"EntryPoint","urlTemplate":"https:\/\/ppdegalicia.com\/es\/?s={search_term_string}"},"query-input":{"@type":"PropertyValueSpecification","valueRequired":true,"valueName":"search_term_string"}}],"inLanguage":"es"},{"@type":"Organization","@id":"https:\/\/ppdegalicia.com\/es\/#organization","name":"Partido Popular de Galicia","alternateName":"PP de Galicia","url":"https:\/\/ppdegalicia.com\/es\/","logo":{"@type":"ImageObject","inLanguage":"es","@id":"https:\/\/ppdegalicia.com\/es\/#\/schema\/logo\/image\/","url":"https:\/\/ppdegalicia.com\/wp-content\/uploads\/2023\/04\/logoPP512.png","contentUrl":"https:\/\/ppdegalicia.com\/wp-content\/uploads\/2023\/04\/logoPP512.png","width":512,"height":512,"caption":"Partido Popular de Galicia"},"image":{"@id":"https:\/\/ppdegalicia.com\/es\/#\/schema\/logo\/image\/"},"sameAs":["https:\/\/www.instagram.com\/ppdegalicia\/","https:\/\/x.com\/ppdegalicia","https:\/\/www.tiktok.com\/@ppdegalicia","https:\/\/www.youtube.com\/user\/ppdegalicia"]},{"@type":"Person","@id":"https:\/\/ppdegalicia.com\/es\/#\/schema\/person\/5b822c6f59e872ebdd1142f307dbcb59","name":"ppdegaliciaredes","image":{"@type":"ImageObject","inLanguage":"es","@id":"https:\/\/secure.gravatar.com\/avatar\/3c9179cf0256d00c72a48d1f25783c58b6842cd56e85ef3a572881c8e28ccd59?s=96&d=mm&r=g","url":"https:\/\/secure.gravatar.com\/avatar\/3c9179cf0256d00c72a48d1f25783c58b6842cd56e85ef3a572881c8e28ccd59?s=96&d=mm&r=g","contentUrl":"https:\/\/secure.gravatar.com\/avatar\/3c9179cf0256d00c72a48d1f25783c58b6842cd56e85ef3a572881c8e28ccd59?s=96&d=mm&r=g","caption":"ppdegaliciaredes"},"url":"https:\/\/ppdegalicia.com\/es\/author\/ppdegaliciaredes\/"}]}},"_links":{"self":[{"href":"https:\/\/ppdegalicia.com\/es\/wp-json\/wp\/v2\/posts\/56424","targetHints":{"allow":["GET"]}}],"collection":[{"href":"https:\/\/ppdegalicia.com\/es\/wp-json\/wp\/v2\/posts"}],"about":[{"href":"https:\/\/ppdegalicia.com\/es\/wp-json\/wp\/v2\/types\/post"}],"author":[{"embeddable":true,"href":"https:\/\/ppdegalicia.com\/es\/wp-json\/wp\/v2\/users\/38"}],"replies":[{"embeddable":true,"href":"https:\/\/ppdegalicia.com\/es\/wp-json\/wp\/v2\/comments?post=56424"}],"version-history":[{"count":0,"href":"https:\/\/ppdegalicia.com\/es\/wp-json\/wp\/v2\/posts\/56424\/revisions"}],"wp:featuredmedia":[{"embeddable":true,"href":"https:\/\/ppdegalicia.com\/es\/wp-json\/wp\/v2\/media\/56423"}],"wp:attachment":[{"href":"https:\/\/ppdegalicia.com\/es\/wp-json\/wp\/v2\/media?parent=56424"}],"wp:term":[{"taxonomy":"category","embeddable":true,"href":"https:\/\/ppdegalicia.com\/es\/wp-json\/wp\/v2\/categories?post=56424"},{"taxonomy":"post_tag","embeddable":true,"href":"https:\/\/ppdegalicia.com\/es\/wp-json\/wp\/v2\/tags?post=56424"}],"curies":[{"name":"wp","href":"https:\/\/api.w.org\/{rel}","templated":true}]}}