{"id":56426,"date":"2021-11-18T10:28:20","date_gmt":"2021-11-18T08:28:20","guid":{"rendered":"https:\/\/ppdegalicia.com\/o-grupo-popular-incorpora-axudas-para-a-compra-de-vivenda-polos-mozos-nas-suas-emendas-as-leis-de-orzamentos-e-de-medidas-para-2022\/"},"modified":"2021-11-18T10:28:20","modified_gmt":"2021-11-18T08:28:20","slug":"o-grupo-popular-incorpora-axudas-para-a-compra-de-vivenda-polos-mozos-nas-suas-emendas-as-leis-de-orzamentos-e-de-medidas-para-2022","status":"publish","type":"post","link":"https:\/\/ppdegalicia.com\/es\/o-grupo-popular-incorpora-axudas-para-a-compra-de-vivenda-polos-mozos-nas-suas-emendas-as-leis-de-orzamentos-e-de-medidas-para-2022\/","title":{"rendered":"O Grupo Popular incorpora axudas para a compra de vivenda polos mozos nas s\u00faas emendas \u00e1s leis de orzamentos e de medidas para 2022"},"content":{"rendered":"<p><img fetchpriority=\"high\" decoding=\"async\" class=\" size-full wp-image-56425\" src=\"https:\/\/ppdegalicia.com\/wp-content\/uploads\/2021\/11\/752528f7e473d94587257358fa6aedac.jpg\" alt=\"\" width=\"1900\" height=\"718\" srcset=\"https:\/\/ppdegalicia.com\/wp-content\/uploads\/2021\/11\/752528f7e473d94587257358fa6aedac.jpg 1900w, https:\/\/ppdegalicia.com\/wp-content\/uploads\/2021\/11\/752528f7e473d94587257358fa6aedac-300x113.jpg 300w, https:\/\/ppdegalicia.com\/wp-content\/uploads\/2021\/11\/752528f7e473d94587257358fa6aedac-1024x387.jpg 1024w, https:\/\/ppdegalicia.com\/wp-content\/uploads\/2021\/11\/752528f7e473d94587257358fa6aedac-768x290.jpg 768w, https:\/\/ppdegalicia.com\/wp-content\/uploads\/2021\/11\/752528f7e473d94587257358fa6aedac-1536x580.jpg 1536w\" sizes=\"(max-width: 1900px) 100vw, 1900px\" \/><\/p>\n<p>Santiago, 18 de novembro de 2021.- O Grupo Popular incorpora nas s\u00faas emendas ao proxecto de orzamentos da Xunta para 2022 e ao proxecto de Lei de medidas fiscais e administrativas unha li\u00f1a de axudas para a adquisici\u00f3n de vivendas por parte da xuventude e posibilitar unha actualizaci\u00f3n dos contratos de obras p\u00fablicas para paliar o impacto da falta de abastecemento e incremento do prezo dos materiais.<\/p>\n<p><!--more--><\/p>\n<p>A recuperaci\u00f3n da actividade econ\u00f3mica en Galicia \u00e9 un dos principais obxectivos das emendas aos orzamentos da Xunta rexistradas polo Grupo Popular. As\u00ed, en primeiro lugar imp\u00falsase unha nova li\u00f1a de axudas por parte da Xunta para que os mozos menores de 35 anos adquiran a s\u00faa primeira vivenda, garantindo con avais ata o 15 por cento do seu prezo. Deste xeito, a mocidade galega dispor\u00e1 de hipotecas polo 95 por cento do prezo da vivenda: ao 80 por cento que outorga a entidade financeira sumarase o 15 por cento cuberto por este aval da Administraci\u00f3n galega.<\/p>\n<p>\u00a0<\/p>\n<p><strong>COMPENSACI\u00d3NS PARA A OBRA P\u00daBLICA<\/strong><\/p>\n<p>\u00a0<\/p>\n<p>Outra das emendas vai dirixida a dar resposta \u00e1 situaci\u00f3n xerada pola crise de materiais que est\u00e1 a po\u00f1er en risco a viabilidade da obra p\u00fablica, xerando incumprimento de prazos, incremento da posibilidade de paralizaci\u00f3n dos traballos e, mesmo, o abandono da s\u00faa execuci\u00f3n. Para iso, o Grupo Popular prop\u00f3n, para aquelas obras que estean en execuci\u00f3n a partir do 1 de xaneiro de 2021 e sempre que a variaci\u00f3n do prezo dos materiais sexa superior a un 20 por cento respecto do recollido nos contratos e supo\u00f1an unha perda para o contratista superior ao 6 por cento, que a Xunta poida realizar, previa solicitude por parte do contratista, unha compensaci\u00f3n econ\u00f3mica ou unha modificaci\u00f3n dos materiais tidos en conta para a elaboraci\u00f3n do proxecto de licitaci\u00f3n, que permita un abaratamento dos custos e non implique unha minoraci\u00f3n na funcionalidade da obra.<\/p>\n<p>\u00a0<\/p>\n<p>As emendas do Grupo Popular tam\u00e9n prev\u00e9n unha rebaixa nas peaxes das autoestradas de titularidade da Xunta, deixando a suba para o 2022 no 2 por cento en lugar do que conlevar\u00eda aplicar o incremento do IPC \u00e1s tarifas, estimado en m\u00e1is dun 5 por cento. A Administraci\u00f3n galega asumir\u00e1 nos orzamentos ese 3 por cento restante, de xeito que se iguala o incremento que pagar\u00e1n os usuarios polas peaxes nas autoestradas auton\u00f3micas co que se aplicar\u00e1 por parte do Goberno central na autoestrada AP-9.<\/p>\n<p>\u00a0<\/p>\n<p><strong>VEH\u00cdCULOS EL\u00c9CTRICOS, INVESTIGACI\u00d3N E RESIDUOS<\/strong><\/p>\n<p>\u00a0<\/p>\n<p>Ademais, entre as emendas do Grupo Popular tam\u00e9n se recollen partidas para a compra de veh\u00edculos el\u00e9ctricos por parte da Xunta (156.000 euros), para a contrataci\u00f3n de mozos e mozas investigadores por parte das universidades galegas (4.800.000 euros) ou para a reutilizaci\u00f3n e reciclado de residuos t\u00e9xtiles polas familias e instituci\u00f3ns (m\u00e1is de un mill\u00f3n de euros).<\/p>\n<p>\u00a0<\/p>\n<p>O Grupo Popular incide tam\u00e9n na rebaixa do IRPF a todos os galegos para incrementar a renda dispo\u00f1ible en mans das familias, fomentar o consumo e o investimento, e mellorando a competitividade das empresas.<\/p>\n<p>\u00a0<\/p>\n<p>No \u00e1mbito da sanidade, incl\u00faese a creaci\u00f3n da nova categor\u00eda de facultativo especialista de atenci\u00f3n primaria, co fin de captar profesionais para atender as carencias de persoal existentes neste \u00e1mbito da sanidade p\u00fablica galega. Esta categor\u00eda cr\u00e9ase ante unha situaci\u00f3n excepcional e non impide que se contin\u00fae incorporando persoal coas condici\u00f3ns actualmente vixentes nin afectar\u00e1 aos m\u00e9dicos que xa prestan os seus servizos no Sergas.<\/p>\n","protected":false},"excerpt":{"rendered":"<p>Santiago, 18 de novembro de 2021.- O Grupo Popular incorpora nas s\u00faas emendas ao proxecto de orzamentos da Xunta para 2022 e ao proxecto de Lei de medidas fiscais e administrativas unha li\u00f1a de axudas para a adquisici\u00f3n de vivendas por parte da xuventude e posibilitar unha actualizaci\u00f3n dos contratos de obras p\u00fablicas para paliar [&hellip;]<\/p>\n","protected":false},"author":38,"featured_media":56425,"comment_status":"open","ping_status":"open","sticky":false,"template":"","format":"standard","meta":{"_acf_changed":false,"footnotes":""},"categories":[1],"tags":[],"class_list":["post-56426","post","type-post","status-publish","format-standard","has-post-thumbnail","hentry","category-pp-de-galicia"],"acf":[],"yoast_head":"<!-- This site is optimized with the Yoast SEO plugin v27.3 - https:\/\/yoast.com\/product\/yoast-seo-wordpress\/ -->\n<title>O Grupo Popular incorpora axudas para a compra de vivenda polos mozos nas s\u00faas emendas \u00e1s leis de orzamentos e de medidas para 2022 - PP de Galicia<\/title>\n<meta name=\"robots\" content=\"index, follow, max-snippet:-1, max-image-preview:large, max-video-preview:-1\" \/>\n<link rel=\"canonical\" href=\"https:\/\/ppdegalicia.com\/es\/o-grupo-popular-incorpora-axudas-para-a-compra-de-vivenda-polos-mozos-nas-suas-emendas-as-leis-de-orzamentos-e-de-medidas-para-2022\/\" \/>\n<meta property=\"og:locale\" content=\"es_ES\" \/>\n<meta property=\"og:type\" content=\"article\" \/>\n<meta property=\"og:title\" content=\"O Grupo Popular incorpora axudas para a compra de vivenda polos mozos nas s\u00faas emendas \u00e1s leis de orzamentos e de medidas para 2022 - PP de Galicia\" \/>\n<meta property=\"og:description\" content=\"Santiago, 18 de novembro de 2021.- O Grupo Popular incorpora nas s\u00faas emendas ao proxecto de orzamentos da Xunta para 2022 e ao proxecto de Lei de medidas fiscais e administrativas unha li\u00f1a de axudas para a adquisici\u00f3n de vivendas por parte da xuventude e posibilitar unha actualizaci\u00f3n dos contratos de obras p\u00fablicas para paliar [&hellip;]\" \/>\n<meta property=\"og:url\" content=\"https:\/\/ppdegalicia.com\/es\/o-grupo-popular-incorpora-axudas-para-a-compra-de-vivenda-polos-mozos-nas-suas-emendas-as-leis-de-orzamentos-e-de-medidas-para-2022\/\" \/>\n<meta property=\"og:site_name\" content=\"PP de Galicia\" \/>\n<meta property=\"article:publisher\" content=\"https:\/\/www.instagram.com\/ppdegalicia\/\" \/>\n<meta property=\"article:published_time\" content=\"2021-11-18T08:28:20+00:00\" \/>\n<meta property=\"og:image\" content=\"https:\/\/ppdegalicia.com\/wp-content\/uploads\/2021\/11\/752528f7e473d94587257358fa6aedac.jpg\" \/>\n\t<meta property=\"og:image:width\" content=\"1900\" \/>\n\t<meta property=\"og:image:height\" content=\"718\" \/>\n\t<meta property=\"og:image:type\" content=\"image\/jpeg\" \/>\n<meta name=\"author\" content=\"ppdegaliciaredes\" \/>\n<meta name=\"twitter:card\" content=\"summary_large_image\" \/>\n<meta name=\"twitter:creator\" content=\"@ppdegalicia\" \/>\n<meta name=\"twitter:site\" content=\"@ppdegalicia\" \/>\n<meta name=\"twitter:label1\" content=\"Escrito por\" \/>\n\t<meta name=\"twitter:data1\" content=\"ppdegaliciaredes\" \/>\n\t<meta name=\"twitter:label2\" content=\"Tiempo de lectura\" \/>\n\t<meta name=\"twitter:data2\" content=\"3 minutos\" \/>\n<script type=\"application\/ld+json\" class=\"yoast-schema-graph\">{\"@context\":\"https:\\\/\\\/schema.org\",\"@graph\":[{\"@type\":\"Article\",\"@id\":\"https:\\\/\\\/ppdegalicia.com\\\/es\\\/o-grupo-popular-incorpora-axudas-para-a-compra-de-vivenda-polos-mozos-nas-suas-emendas-as-leis-de-orzamentos-e-de-medidas-para-2022\\\/#article\",\"isPartOf\":{\"@id\":\"https:\\\/\\\/ppdegalicia.com\\\/es\\\/o-grupo-popular-incorpora-axudas-para-a-compra-de-vivenda-polos-mozos-nas-suas-emendas-as-leis-de-orzamentos-e-de-medidas-para-2022\\\/\"},\"author\":{\"name\":\"ppdegaliciaredes\",\"@id\":\"https:\\\/\\\/ppdegalicia.com\\\/es\\\/#\\\/schema\\\/person\\\/5b822c6f59e872ebdd1142f307dbcb59\"},\"headline\":\"O Grupo Popular incorpora axudas para a compra de vivenda polos mozos nas s\u00faas emendas \u00e1s leis de orzamentos e de medidas para 2022\",\"datePublished\":\"2021-11-18T08:28:20+00:00\",\"mainEntityOfPage\":{\"@id\":\"https:\\\/\\\/ppdegalicia.com\\\/es\\\/o-grupo-popular-incorpora-axudas-para-a-compra-de-vivenda-polos-mozos-nas-suas-emendas-as-leis-de-orzamentos-e-de-medidas-para-2022\\\/\"},\"wordCount\":623,\"commentCount\":0,\"publisher\":{\"@id\":\"https:\\\/\\\/ppdegalicia.com\\\/es\\\/#organization\"},\"image\":{\"@id\":\"https:\\\/\\\/ppdegalicia.com\\\/es\\\/o-grupo-popular-incorpora-axudas-para-a-compra-de-vivenda-polos-mozos-nas-suas-emendas-as-leis-de-orzamentos-e-de-medidas-para-2022\\\/#primaryimage\"},\"thumbnailUrl\":\"https:\\\/\\\/ppdegalicia.com\\\/wp-content\\\/uploads\\\/2021\\\/11\\\/752528f7e473d94587257358fa6aedac.jpg\",\"articleSection\":[\"PP de Galicia\"],\"inLanguage\":\"es\",\"potentialAction\":[{\"@type\":\"CommentAction\",\"name\":\"Comment\",\"target\":[\"https:\\\/\\\/ppdegalicia.com\\\/es\\\/o-grupo-popular-incorpora-axudas-para-a-compra-de-vivenda-polos-mozos-nas-suas-emendas-as-leis-de-orzamentos-e-de-medidas-para-2022\\\/#respond\"]}]},{\"@type\":\"WebPage\",\"@id\":\"https:\\\/\\\/ppdegalicia.com\\\/es\\\/o-grupo-popular-incorpora-axudas-para-a-compra-de-vivenda-polos-mozos-nas-suas-emendas-as-leis-de-orzamentos-e-de-medidas-para-2022\\\/\",\"url\":\"https:\\\/\\\/ppdegalicia.com\\\/es\\\/o-grupo-popular-incorpora-axudas-para-a-compra-de-vivenda-polos-mozos-nas-suas-emendas-as-leis-de-orzamentos-e-de-medidas-para-2022\\\/\",\"name\":\"O Grupo Popular incorpora axudas para a compra de vivenda polos mozos nas s\u00faas emendas \u00e1s leis de orzamentos e de medidas para 2022 - PP de Galicia\",\"isPartOf\":{\"@id\":\"https:\\\/\\\/ppdegalicia.com\\\/es\\\/#website\"},\"primaryImageOfPage\":{\"@id\":\"https:\\\/\\\/ppdegalicia.com\\\/es\\\/o-grupo-popular-incorpora-axudas-para-a-compra-de-vivenda-polos-mozos-nas-suas-emendas-as-leis-de-orzamentos-e-de-medidas-para-2022\\\/#primaryimage\"},\"image\":{\"@id\":\"https:\\\/\\\/ppdegalicia.com\\\/es\\\/o-grupo-popular-incorpora-axudas-para-a-compra-de-vivenda-polos-mozos-nas-suas-emendas-as-leis-de-orzamentos-e-de-medidas-para-2022\\\/#primaryimage\"},\"thumbnailUrl\":\"https:\\\/\\\/ppdegalicia.com\\\/wp-content\\\/uploads\\\/2021\\\/11\\\/752528f7e473d94587257358fa6aedac.jpg\",\"datePublished\":\"2021-11-18T08:28:20+00:00\",\"breadcrumb\":{\"@id\":\"https:\\\/\\\/ppdegalicia.com\\\/es\\\/o-grupo-popular-incorpora-axudas-para-a-compra-de-vivenda-polos-mozos-nas-suas-emendas-as-leis-de-orzamentos-e-de-medidas-para-2022\\\/#breadcrumb\"},\"inLanguage\":\"es\",\"potentialAction\":[{\"@type\":\"ReadAction\",\"target\":[\"https:\\\/\\\/ppdegalicia.com\\\/es\\\/o-grupo-popular-incorpora-axudas-para-a-compra-de-vivenda-polos-mozos-nas-suas-emendas-as-leis-de-orzamentos-e-de-medidas-para-2022\\\/\"]}]},{\"@type\":\"ImageObject\",\"inLanguage\":\"es\",\"@id\":\"https:\\\/\\\/ppdegalicia.com\\\/es\\\/o-grupo-popular-incorpora-axudas-para-a-compra-de-vivenda-polos-mozos-nas-suas-emendas-as-leis-de-orzamentos-e-de-medidas-para-2022\\\/#primaryimage\",\"url\":\"https:\\\/\\\/ppdegalicia.com\\\/wp-content\\\/uploads\\\/2021\\\/11\\\/752528f7e473d94587257358fa6aedac.jpg\",\"contentUrl\":\"https:\\\/\\\/ppdegalicia.com\\\/wp-content\\\/uploads\\\/2021\\\/11\\\/752528f7e473d94587257358fa6aedac.jpg\",\"width\":1900,\"height\":718},{\"@type\":\"BreadcrumbList\",\"@id\":\"https:\\\/\\\/ppdegalicia.com\\\/es\\\/o-grupo-popular-incorpora-axudas-para-a-compra-de-vivenda-polos-mozos-nas-suas-emendas-as-leis-de-orzamentos-e-de-medidas-para-2022\\\/#breadcrumb\",\"itemListElement\":[{\"@type\":\"ListItem\",\"position\":1,\"name\":\"Portada\",\"item\":\"https:\\\/\\\/ppdegalicia.com\\\/es\\\/\"},{\"@type\":\"ListItem\",\"position\":2,\"name\":\"O Grupo Popular incorpora axudas para a compra de vivenda polos mozos nas s\u00faas emendas \u00e1s leis de orzamentos e de medidas para 2022\"}]},{\"@type\":\"WebSite\",\"@id\":\"https:\\\/\\\/ppdegalicia.com\\\/es\\\/#website\",\"url\":\"https:\\\/\\\/ppdegalicia.com\\\/es\\\/\",\"name\":\"Partido Popular de Galicia\",\"description\":\"Partido Popular de Galicia\",\"publisher\":{\"@id\":\"https:\\\/\\\/ppdegalicia.com\\\/es\\\/#organization\"},\"alternateName\":\"PP de Galicia\",\"potentialAction\":[{\"@type\":\"SearchAction\",\"target\":{\"@type\":\"EntryPoint\",\"urlTemplate\":\"https:\\\/\\\/ppdegalicia.com\\\/es\\\/?s={search_term_string}\"},\"query-input\":{\"@type\":\"PropertyValueSpecification\",\"valueRequired\":true,\"valueName\":\"search_term_string\"}}],\"inLanguage\":\"es\"},{\"@type\":\"Organization\",\"@id\":\"https:\\\/\\\/ppdegalicia.com\\\/es\\\/#organization\",\"name\":\"Partido Popular de Galicia\",\"alternateName\":\"PP de Galicia\",\"url\":\"https:\\\/\\\/ppdegalicia.com\\\/es\\\/\",\"logo\":{\"@type\":\"ImageObject\",\"inLanguage\":\"es\",\"@id\":\"https:\\\/\\\/ppdegalicia.com\\\/es\\\/#\\\/schema\\\/logo\\\/image\\\/\",\"url\":\"https:\\\/\\\/ppdegalicia.com\\\/wp-content\\\/uploads\\\/2023\\\/04\\\/logoPP512.png\",\"contentUrl\":\"https:\\\/\\\/ppdegalicia.com\\\/wp-content\\\/uploads\\\/2023\\\/04\\\/logoPP512.png\",\"width\":512,\"height\":512,\"caption\":\"Partido Popular de Galicia\"},\"image\":{\"@id\":\"https:\\\/\\\/ppdegalicia.com\\\/es\\\/#\\\/schema\\\/logo\\\/image\\\/\"},\"sameAs\":[\"https:\\\/\\\/www.instagram.com\\\/ppdegalicia\\\/\",\"https:\\\/\\\/x.com\\\/ppdegalicia\",\"https:\\\/\\\/www.tiktok.com\\\/@ppdegalicia\",\"https:\\\/\\\/www.youtube.com\\\/user\\\/ppdegalicia\"]},{\"@type\":\"Person\",\"@id\":\"https:\\\/\\\/ppdegalicia.com\\\/es\\\/#\\\/schema\\\/person\\\/5b822c6f59e872ebdd1142f307dbcb59\",\"name\":\"ppdegaliciaredes\",\"image\":{\"@type\":\"ImageObject\",\"inLanguage\":\"es\",\"@id\":\"https:\\\/\\\/secure.gravatar.com\\\/avatar\\\/3c9179cf0256d00c72a48d1f25783c58b6842cd56e85ef3a572881c8e28ccd59?s=96&d=mm&r=g\",\"url\":\"https:\\\/\\\/secure.gravatar.com\\\/avatar\\\/3c9179cf0256d00c72a48d1f25783c58b6842cd56e85ef3a572881c8e28ccd59?s=96&d=mm&r=g\",\"contentUrl\":\"https:\\\/\\\/secure.gravatar.com\\\/avatar\\\/3c9179cf0256d00c72a48d1f25783c58b6842cd56e85ef3a572881c8e28ccd59?s=96&d=mm&r=g\",\"caption\":\"ppdegaliciaredes\"},\"url\":\"https:\\\/\\\/ppdegalicia.com\\\/es\\\/author\\\/ppdegaliciaredes\\\/\"}]}<\/script>\n<!-- \/ Yoast SEO plugin. -->","yoast_head_json":{"title":"O Grupo Popular incorpora axudas para a compra de vivenda polos mozos nas s\u00faas emendas \u00e1s leis de orzamentos e de medidas para 2022 - PP de Galicia","robots":{"index":"index","follow":"follow","max-snippet":"max-snippet:-1","max-image-preview":"max-image-preview:large","max-video-preview":"max-video-preview:-1"},"canonical":"https:\/\/ppdegalicia.com\/es\/o-grupo-popular-incorpora-axudas-para-a-compra-de-vivenda-polos-mozos-nas-suas-emendas-as-leis-de-orzamentos-e-de-medidas-para-2022\/","og_locale":"es_ES","og_type":"article","og_title":"O Grupo Popular incorpora axudas para a compra de vivenda polos mozos nas s\u00faas emendas \u00e1s leis de orzamentos e de medidas para 2022 - PP de Galicia","og_description":"Santiago, 18 de novembro de 2021.- O Grupo Popular incorpora nas s\u00faas emendas ao proxecto de orzamentos da Xunta para 2022 e ao proxecto de Lei de medidas fiscais e administrativas unha li\u00f1a de axudas para a adquisici\u00f3n de vivendas por parte da xuventude e posibilitar unha actualizaci\u00f3n dos contratos de obras p\u00fablicas para paliar [&hellip;]","og_url":"https:\/\/ppdegalicia.com\/es\/o-grupo-popular-incorpora-axudas-para-a-compra-de-vivenda-polos-mozos-nas-suas-emendas-as-leis-de-orzamentos-e-de-medidas-para-2022\/","og_site_name":"PP de Galicia","article_publisher":"https:\/\/www.instagram.com\/ppdegalicia\/","article_published_time":"2021-11-18T08:28:20+00:00","og_image":[{"width":1900,"height":718,"url":"https:\/\/ppdegalicia.com\/wp-content\/uploads\/2021\/11\/752528f7e473d94587257358fa6aedac.jpg","type":"image\/jpeg"}],"author":"ppdegaliciaredes","twitter_card":"summary_large_image","twitter_creator":"@ppdegalicia","twitter_site":"@ppdegalicia","twitter_misc":{"Escrito por":"ppdegaliciaredes","Tiempo de lectura":"3 minutos"},"schema":{"@context":"https:\/\/schema.org","@graph":[{"@type":"Article","@id":"https:\/\/ppdegalicia.com\/es\/o-grupo-popular-incorpora-axudas-para-a-compra-de-vivenda-polos-mozos-nas-suas-emendas-as-leis-de-orzamentos-e-de-medidas-para-2022\/#article","isPartOf":{"@id":"https:\/\/ppdegalicia.com\/es\/o-grupo-popular-incorpora-axudas-para-a-compra-de-vivenda-polos-mozos-nas-suas-emendas-as-leis-de-orzamentos-e-de-medidas-para-2022\/"},"author":{"name":"ppdegaliciaredes","@id":"https:\/\/ppdegalicia.com\/es\/#\/schema\/person\/5b822c6f59e872ebdd1142f307dbcb59"},"headline":"O Grupo Popular incorpora axudas para a compra de vivenda polos mozos nas s\u00faas emendas \u00e1s leis de orzamentos e de medidas para 2022","datePublished":"2021-11-18T08:28:20+00:00","mainEntityOfPage":{"@id":"https:\/\/ppdegalicia.com\/es\/o-grupo-popular-incorpora-axudas-para-a-compra-de-vivenda-polos-mozos-nas-suas-emendas-as-leis-de-orzamentos-e-de-medidas-para-2022\/"},"wordCount":623,"commentCount":0,"publisher":{"@id":"https:\/\/ppdegalicia.com\/es\/#organization"},"image":{"@id":"https:\/\/ppdegalicia.com\/es\/o-grupo-popular-incorpora-axudas-para-a-compra-de-vivenda-polos-mozos-nas-suas-emendas-as-leis-de-orzamentos-e-de-medidas-para-2022\/#primaryimage"},"thumbnailUrl":"https:\/\/ppdegalicia.com\/wp-content\/uploads\/2021\/11\/752528f7e473d94587257358fa6aedac.jpg","articleSection":["PP de Galicia"],"inLanguage":"es","potentialAction":[{"@type":"CommentAction","name":"Comment","target":["https:\/\/ppdegalicia.com\/es\/o-grupo-popular-incorpora-axudas-para-a-compra-de-vivenda-polos-mozos-nas-suas-emendas-as-leis-de-orzamentos-e-de-medidas-para-2022\/#respond"]}]},{"@type":"WebPage","@id":"https:\/\/ppdegalicia.com\/es\/o-grupo-popular-incorpora-axudas-para-a-compra-de-vivenda-polos-mozos-nas-suas-emendas-as-leis-de-orzamentos-e-de-medidas-para-2022\/","url":"https:\/\/ppdegalicia.com\/es\/o-grupo-popular-incorpora-axudas-para-a-compra-de-vivenda-polos-mozos-nas-suas-emendas-as-leis-de-orzamentos-e-de-medidas-para-2022\/","name":"O Grupo Popular incorpora axudas para a compra de vivenda polos mozos nas s\u00faas emendas \u00e1s leis de orzamentos e de medidas para 2022 - PP de Galicia","isPartOf":{"@id":"https:\/\/ppdegalicia.com\/es\/#website"},"primaryImageOfPage":{"@id":"https:\/\/ppdegalicia.com\/es\/o-grupo-popular-incorpora-axudas-para-a-compra-de-vivenda-polos-mozos-nas-suas-emendas-as-leis-de-orzamentos-e-de-medidas-para-2022\/#primaryimage"},"image":{"@id":"https:\/\/ppdegalicia.com\/es\/o-grupo-popular-incorpora-axudas-para-a-compra-de-vivenda-polos-mozos-nas-suas-emendas-as-leis-de-orzamentos-e-de-medidas-para-2022\/#primaryimage"},"thumbnailUrl":"https:\/\/ppdegalicia.com\/wp-content\/uploads\/2021\/11\/752528f7e473d94587257358fa6aedac.jpg","datePublished":"2021-11-18T08:28:20+00:00","breadcrumb":{"@id":"https:\/\/ppdegalicia.com\/es\/o-grupo-popular-incorpora-axudas-para-a-compra-de-vivenda-polos-mozos-nas-suas-emendas-as-leis-de-orzamentos-e-de-medidas-para-2022\/#breadcrumb"},"inLanguage":"es","potentialAction":[{"@type":"ReadAction","target":["https:\/\/ppdegalicia.com\/es\/o-grupo-popular-incorpora-axudas-para-a-compra-de-vivenda-polos-mozos-nas-suas-emendas-as-leis-de-orzamentos-e-de-medidas-para-2022\/"]}]},{"@type":"ImageObject","inLanguage":"es","@id":"https:\/\/ppdegalicia.com\/es\/o-grupo-popular-incorpora-axudas-para-a-compra-de-vivenda-polos-mozos-nas-suas-emendas-as-leis-de-orzamentos-e-de-medidas-para-2022\/#primaryimage","url":"https:\/\/ppdegalicia.com\/wp-content\/uploads\/2021\/11\/752528f7e473d94587257358fa6aedac.jpg","contentUrl":"https:\/\/ppdegalicia.com\/wp-content\/uploads\/2021\/11\/752528f7e473d94587257358fa6aedac.jpg","width":1900,"height":718},{"@type":"BreadcrumbList","@id":"https:\/\/ppdegalicia.com\/es\/o-grupo-popular-incorpora-axudas-para-a-compra-de-vivenda-polos-mozos-nas-suas-emendas-as-leis-de-orzamentos-e-de-medidas-para-2022\/#breadcrumb","itemListElement":[{"@type":"ListItem","position":1,"name":"Portada","item":"https:\/\/ppdegalicia.com\/es\/"},{"@type":"ListItem","position":2,"name":"O Grupo Popular incorpora axudas para a compra de vivenda polos mozos nas s\u00faas emendas \u00e1s leis de orzamentos e de medidas para 2022"}]},{"@type":"WebSite","@id":"https:\/\/ppdegalicia.com\/es\/#website","url":"https:\/\/ppdegalicia.com\/es\/","name":"Partido Popular de Galicia","description":"Partido Popular de Galicia","publisher":{"@id":"https:\/\/ppdegalicia.com\/es\/#organization"},"alternateName":"PP de Galicia","potentialAction":[{"@type":"SearchAction","target":{"@type":"EntryPoint","urlTemplate":"https:\/\/ppdegalicia.com\/es\/?s={search_term_string}"},"query-input":{"@type":"PropertyValueSpecification","valueRequired":true,"valueName":"search_term_string"}}],"inLanguage":"es"},{"@type":"Organization","@id":"https:\/\/ppdegalicia.com\/es\/#organization","name":"Partido Popular de Galicia","alternateName":"PP de Galicia","url":"https:\/\/ppdegalicia.com\/es\/","logo":{"@type":"ImageObject","inLanguage":"es","@id":"https:\/\/ppdegalicia.com\/es\/#\/schema\/logo\/image\/","url":"https:\/\/ppdegalicia.com\/wp-content\/uploads\/2023\/04\/logoPP512.png","contentUrl":"https:\/\/ppdegalicia.com\/wp-content\/uploads\/2023\/04\/logoPP512.png","width":512,"height":512,"caption":"Partido Popular de Galicia"},"image":{"@id":"https:\/\/ppdegalicia.com\/es\/#\/schema\/logo\/image\/"},"sameAs":["https:\/\/www.instagram.com\/ppdegalicia\/","https:\/\/x.com\/ppdegalicia","https:\/\/www.tiktok.com\/@ppdegalicia","https:\/\/www.youtube.com\/user\/ppdegalicia"]},{"@type":"Person","@id":"https:\/\/ppdegalicia.com\/es\/#\/schema\/person\/5b822c6f59e872ebdd1142f307dbcb59","name":"ppdegaliciaredes","image":{"@type":"ImageObject","inLanguage":"es","@id":"https:\/\/secure.gravatar.com\/avatar\/3c9179cf0256d00c72a48d1f25783c58b6842cd56e85ef3a572881c8e28ccd59?s=96&d=mm&r=g","url":"https:\/\/secure.gravatar.com\/avatar\/3c9179cf0256d00c72a48d1f25783c58b6842cd56e85ef3a572881c8e28ccd59?s=96&d=mm&r=g","contentUrl":"https:\/\/secure.gravatar.com\/avatar\/3c9179cf0256d00c72a48d1f25783c58b6842cd56e85ef3a572881c8e28ccd59?s=96&d=mm&r=g","caption":"ppdegaliciaredes"},"url":"https:\/\/ppdegalicia.com\/es\/author\/ppdegaliciaredes\/"}]}},"_links":{"self":[{"href":"https:\/\/ppdegalicia.com\/es\/wp-json\/wp\/v2\/posts\/56426","targetHints":{"allow":["GET"]}}],"collection":[{"href":"https:\/\/ppdegalicia.com\/es\/wp-json\/wp\/v2\/posts"}],"about":[{"href":"https:\/\/ppdegalicia.com\/es\/wp-json\/wp\/v2\/types\/post"}],"author":[{"embeddable":true,"href":"https:\/\/ppdegalicia.com\/es\/wp-json\/wp\/v2\/users\/38"}],"replies":[{"embeddable":true,"href":"https:\/\/ppdegalicia.com\/es\/wp-json\/wp\/v2\/comments?post=56426"}],"version-history":[{"count":0,"href":"https:\/\/ppdegalicia.com\/es\/wp-json\/wp\/v2\/posts\/56426\/revisions"}],"wp:featuredmedia":[{"embeddable":true,"href":"https:\/\/ppdegalicia.com\/es\/wp-json\/wp\/v2\/media\/56425"}],"wp:attachment":[{"href":"https:\/\/ppdegalicia.com\/es\/wp-json\/wp\/v2\/media?parent=56426"}],"wp:term":[{"taxonomy":"category","embeddable":true,"href":"https:\/\/ppdegalicia.com\/es\/wp-json\/wp\/v2\/categories?post=56426"},{"taxonomy":"post_tag","embeddable":true,"href":"https:\/\/ppdegalicia.com\/es\/wp-json\/wp\/v2\/tags?post=56426"}],"curies":[{"name":"wp","href":"https:\/\/api.w.org\/{rel}","templated":true}]}}