{"id":56428,"date":"2021-11-19T12:41:33","date_gmt":"2021-11-19T10:41:33","guid":{"rendered":"https:\/\/ppdegalicia.com\/tellado-reivindica-o-poder-da-sociedade-civil-na-loita-contra-a-violencia-de-xenero\/"},"modified":"2021-11-19T12:41:33","modified_gmt":"2021-11-19T10:41:33","slug":"tellado-reivindica-o-poder-da-sociedade-civil-na-loita-contra-a-violencia-de-xenero","status":"publish","type":"post","link":"https:\/\/ppdegalicia.com\/es\/tellado-reivindica-o-poder-da-sociedade-civil-na-loita-contra-a-violencia-de-xenero\/","title":{"rendered":"Tellado reivindica o poder da sociedade civil na loita contra a violencia de x\u00e9nero"},"content":{"rendered":"<p><img fetchpriority=\"high\" decoding=\"async\" class=\" size-full wp-image-56427\" src=\"https:\/\/ppdegalicia.com\/wp-content\/uploads\/2021\/11\/18118dd1a552b7e0d813f6d4dce5b90d-scaled.jpg\" alt=\"\" width=\"2560\" height=\"1746\" srcset=\"https:\/\/ppdegalicia.com\/wp-content\/uploads\/2021\/11\/18118dd1a552b7e0d813f6d4dce5b90d-scaled.jpg 2560w, https:\/\/ppdegalicia.com\/wp-content\/uploads\/2021\/11\/18118dd1a552b7e0d813f6d4dce5b90d-300x205.jpg 300w, https:\/\/ppdegalicia.com\/wp-content\/uploads\/2021\/11\/18118dd1a552b7e0d813f6d4dce5b90d-1024x698.jpg 1024w, https:\/\/ppdegalicia.com\/wp-content\/uploads\/2021\/11\/18118dd1a552b7e0d813f6d4dce5b90d-768x524.jpg 768w, https:\/\/ppdegalicia.com\/wp-content\/uploads\/2021\/11\/18118dd1a552b7e0d813f6d4dce5b90d-1536x1048.jpg 1536w, https:\/\/ppdegalicia.com\/wp-content\/uploads\/2021\/11\/18118dd1a552b7e0d813f6d4dce5b90d-2048x1397.jpg 2048w\" sizes=\"(max-width: 2560px) 100vw, 2560px\" \/><\/p>\n<p style=\"text-align: justify;\">Lembra a importancia do emprego para abrir as portas da liberdade \u00e1s mulleres e resalta que contra este tipo de violencia \u201cnon valen as siglas, as bandeiras, nin as pancartas\u201d<\/p>\n<p><!--more--><\/p>\n<p style=\"text-align: justify;\">O secretario xeral do PPdeG, Miguel Tellado, reivindicou o poder da sociedade civil na loita contra a violencia de x\u00e9nero, po\u00f1endo como como exemplo o compromiso coa igualdade, o esforzo e a sensibilidade social da empresa Rosa de Los Vientos que, da man do Concello de Mar\u00edn, forma parte dun programa para empregar a persoas v\u00edtimas desta lacra.<\/p>\n<p style=\"text-align: justify;\">\u00a0<\/p>\n<p style=\"text-align: justify;\">Na visita \u00e1s instalaci\u00f3ns da planta, pertencente ao sector da transformaci\u00f3n de produtos do mar, manifestou que \u201ca loita contra a violencia de x\u00e9nero \u00e9 un compromiso de todas as administraci\u00f3n p\u00fablicas pero ten que ser, sobre todo, un compromiso do conxunto da sociedade\u201d, incidindo en que cada un de n\u00f3s pode aportar dende as s\u00faas posibilidades.<\/p>\n<p style=\"text-align: justify;\">\u00a0<\/p>\n<p style=\"text-align: justify;\">Acompa\u00f1ado pola vicesecretaria de Igualdade do PPdeG, Raquel Touri\u00f1o, o n\u00famero dous dos populares galegos lembrou que o emprego abre as portas da liberdade \u00e1s mulleres, un acceso que permiten empresas como Rosa de los Vientos, que exerce un labor social \u201ctremendamente importante\u201d nunha loita onde \u201cnon valen as siglas, as bandeiras, nin as pancartas\u201d.<\/p>\n<p style=\"text-align: justify;\">\u00a0<\/p>\n<p style=\"text-align: justify;\">Segundo reco\u00f1eceu, actuaci\u00f3ns como as desta f\u00e1brica, fundada pola \u00a0familia Otero na d\u00e9cada dos 90, permiten constru\u00edr unha sociedade m\u00e1is xusta, igualitaria e con tolerancia cero ante a violencia de x\u00e9nero.<\/p>\n<p style=\"text-align: justify;\">\u00a0<\/p>\n<p style=\"text-align: justify;\">As\u00ed mesmo, agradeceu tam\u00e9n o compromiso da alcaldesa de Mar\u00edn, Mar\u00eda Ramallo, e do seu executivo municipal, que fan posible que programas \u00a0para a contrataci\u00f3n de persoas que padeceron os efectos deste tipo de violencia se poidan levar a cabo.\u00a0<\/p>\n","protected":false},"excerpt":{"rendered":"<p>Lembra a importancia do emprego para abrir as portas da liberdade \u00e1s mulleres e resalta que contra este tipo de violencia \u201cnon valen as siglas, as bandeiras, nin as pancartas\u201d<\/p>\n","protected":false},"author":38,"featured_media":56427,"comment_status":"open","ping_status":"open","sticky":false,"template":"","format":"standard","meta":{"_acf_changed":false,"footnotes":""},"categories":[1],"tags":[],"class_list":["post-56428","post","type-post","status-publish","format-standard","has-post-thumbnail","hentry","category-pp-de-galicia"],"acf":[],"yoast_head":"<!-- This site is optimized with the Yoast SEO plugin v27.3 - https:\/\/yoast.com\/product\/yoast-seo-wordpress\/ -->\n<title>Tellado reivindica o poder da sociedade civil na loita contra a violencia de x\u00e9nero - PP de Galicia<\/title>\n<meta name=\"robots\" content=\"index, follow, max-snippet:-1, max-image-preview:large, max-video-preview:-1\" \/>\n<link rel=\"canonical\" href=\"https:\/\/ppdegalicia.com\/es\/tellado-reivindica-o-poder-da-sociedade-civil-na-loita-contra-a-violencia-de-xenero\/\" \/>\n<meta property=\"og:locale\" content=\"es_ES\" \/>\n<meta property=\"og:type\" content=\"article\" \/>\n<meta property=\"og:title\" content=\"Tellado reivindica o poder da sociedade civil na loita contra a violencia de x\u00e9nero - PP de Galicia\" \/>\n<meta property=\"og:description\" content=\"Lembra a importancia do emprego para abrir as portas da liberdade \u00e1s mulleres e resalta que contra este tipo de violencia \u201cnon valen as siglas, as bandeiras, nin as pancartas\u201d\" \/>\n<meta property=\"og:url\" content=\"https:\/\/ppdegalicia.com\/es\/tellado-reivindica-o-poder-da-sociedade-civil-na-loita-contra-a-violencia-de-xenero\/\" \/>\n<meta property=\"og:site_name\" content=\"PP de Galicia\" \/>\n<meta property=\"article:publisher\" content=\"https:\/\/www.instagram.com\/ppdegalicia\/\" \/>\n<meta property=\"article:published_time\" content=\"2021-11-19T10:41:33+00:00\" \/>\n<meta property=\"og:image\" content=\"https:\/\/ppdegalicia.com\/wp-content\/uploads\/2021\/11\/18118dd1a552b7e0d813f6d4dce5b90d-scaled.jpg\" \/>\n\t<meta property=\"og:image:width\" content=\"2560\" \/>\n\t<meta property=\"og:image:height\" content=\"1746\" \/>\n\t<meta property=\"og:image:type\" content=\"image\/jpeg\" \/>\n<meta name=\"author\" content=\"ppdegaliciaredes\" \/>\n<meta name=\"twitter:card\" content=\"summary_large_image\" \/>\n<meta name=\"twitter:creator\" content=\"@ppdegalicia\" \/>\n<meta name=\"twitter:site\" content=\"@ppdegalicia\" \/>\n<meta name=\"twitter:label1\" content=\"Escrito por\" \/>\n\t<meta name=\"twitter:data1\" content=\"ppdegaliciaredes\" \/>\n\t<meta name=\"twitter:label2\" content=\"Tiempo de lectura\" \/>\n\t<meta name=\"twitter:data2\" content=\"1 minuto\" \/>\n<script type=\"application\/ld+json\" class=\"yoast-schema-graph\">{\"@context\":\"https:\\\/\\\/schema.org\",\"@graph\":[{\"@type\":\"Article\",\"@id\":\"https:\\\/\\\/ppdegalicia.com\\\/es\\\/tellado-reivindica-o-poder-da-sociedade-civil-na-loita-contra-a-violencia-de-xenero\\\/#article\",\"isPartOf\":{\"@id\":\"https:\\\/\\\/ppdegalicia.com\\\/es\\\/tellado-reivindica-o-poder-da-sociedade-civil-na-loita-contra-a-violencia-de-xenero\\\/\"},\"author\":{\"name\":\"ppdegaliciaredes\",\"@id\":\"https:\\\/\\\/ppdegalicia.com\\\/es\\\/#\\\/schema\\\/person\\\/5b822c6f59e872ebdd1142f307dbcb59\"},\"headline\":\"Tellado reivindica o poder da sociedade civil na loita contra a violencia de x\u00e9nero\",\"datePublished\":\"2021-11-19T10:41:33+00:00\",\"mainEntityOfPage\":{\"@id\":\"https:\\\/\\\/ppdegalicia.com\\\/es\\\/tellado-reivindica-o-poder-da-sociedade-civil-na-loita-contra-a-violencia-de-xenero\\\/\"},\"wordCount\":309,\"commentCount\":0,\"publisher\":{\"@id\":\"https:\\\/\\\/ppdegalicia.com\\\/es\\\/#organization\"},\"image\":{\"@id\":\"https:\\\/\\\/ppdegalicia.com\\\/es\\\/tellado-reivindica-o-poder-da-sociedade-civil-na-loita-contra-a-violencia-de-xenero\\\/#primaryimage\"},\"thumbnailUrl\":\"https:\\\/\\\/ppdegalicia.com\\\/wp-content\\\/uploads\\\/2021\\\/11\\\/18118dd1a552b7e0d813f6d4dce5b90d-scaled.jpg\",\"articleSection\":[\"PP de Galicia\"],\"inLanguage\":\"es\",\"potentialAction\":[{\"@type\":\"CommentAction\",\"name\":\"Comment\",\"target\":[\"https:\\\/\\\/ppdegalicia.com\\\/es\\\/tellado-reivindica-o-poder-da-sociedade-civil-na-loita-contra-a-violencia-de-xenero\\\/#respond\"]}]},{\"@type\":\"WebPage\",\"@id\":\"https:\\\/\\\/ppdegalicia.com\\\/es\\\/tellado-reivindica-o-poder-da-sociedade-civil-na-loita-contra-a-violencia-de-xenero\\\/\",\"url\":\"https:\\\/\\\/ppdegalicia.com\\\/es\\\/tellado-reivindica-o-poder-da-sociedade-civil-na-loita-contra-a-violencia-de-xenero\\\/\",\"name\":\"Tellado reivindica o poder da sociedade civil na loita contra a violencia de x\u00e9nero - PP de Galicia\",\"isPartOf\":{\"@id\":\"https:\\\/\\\/ppdegalicia.com\\\/es\\\/#website\"},\"primaryImageOfPage\":{\"@id\":\"https:\\\/\\\/ppdegalicia.com\\\/es\\\/tellado-reivindica-o-poder-da-sociedade-civil-na-loita-contra-a-violencia-de-xenero\\\/#primaryimage\"},\"image\":{\"@id\":\"https:\\\/\\\/ppdegalicia.com\\\/es\\\/tellado-reivindica-o-poder-da-sociedade-civil-na-loita-contra-a-violencia-de-xenero\\\/#primaryimage\"},\"thumbnailUrl\":\"https:\\\/\\\/ppdegalicia.com\\\/wp-content\\\/uploads\\\/2021\\\/11\\\/18118dd1a552b7e0d813f6d4dce5b90d-scaled.jpg\",\"datePublished\":\"2021-11-19T10:41:33+00:00\",\"breadcrumb\":{\"@id\":\"https:\\\/\\\/ppdegalicia.com\\\/es\\\/tellado-reivindica-o-poder-da-sociedade-civil-na-loita-contra-a-violencia-de-xenero\\\/#breadcrumb\"},\"inLanguage\":\"es\",\"potentialAction\":[{\"@type\":\"ReadAction\",\"target\":[\"https:\\\/\\\/ppdegalicia.com\\\/es\\\/tellado-reivindica-o-poder-da-sociedade-civil-na-loita-contra-a-violencia-de-xenero\\\/\"]}]},{\"@type\":\"ImageObject\",\"inLanguage\":\"es\",\"@id\":\"https:\\\/\\\/ppdegalicia.com\\\/es\\\/tellado-reivindica-o-poder-da-sociedade-civil-na-loita-contra-a-violencia-de-xenero\\\/#primaryimage\",\"url\":\"https:\\\/\\\/ppdegalicia.com\\\/wp-content\\\/uploads\\\/2021\\\/11\\\/18118dd1a552b7e0d813f6d4dce5b90d-scaled.jpg\",\"contentUrl\":\"https:\\\/\\\/ppdegalicia.com\\\/wp-content\\\/uploads\\\/2021\\\/11\\\/18118dd1a552b7e0d813f6d4dce5b90d-scaled.jpg\",\"width\":2560,\"height\":1746},{\"@type\":\"BreadcrumbList\",\"@id\":\"https:\\\/\\\/ppdegalicia.com\\\/es\\\/tellado-reivindica-o-poder-da-sociedade-civil-na-loita-contra-a-violencia-de-xenero\\\/#breadcrumb\",\"itemListElement\":[{\"@type\":\"ListItem\",\"position\":1,\"name\":\"Portada\",\"item\":\"https:\\\/\\\/ppdegalicia.com\\\/es\\\/\"},{\"@type\":\"ListItem\",\"position\":2,\"name\":\"Tellado reivindica o poder da sociedade civil na loita contra a violencia de x\u00e9nero\"}]},{\"@type\":\"WebSite\",\"@id\":\"https:\\\/\\\/ppdegalicia.com\\\/es\\\/#website\",\"url\":\"https:\\\/\\\/ppdegalicia.com\\\/es\\\/\",\"name\":\"Partido Popular de Galicia\",\"description\":\"Partido Popular de Galicia\",\"publisher\":{\"@id\":\"https:\\\/\\\/ppdegalicia.com\\\/es\\\/#organization\"},\"alternateName\":\"PP de Galicia\",\"potentialAction\":[{\"@type\":\"SearchAction\",\"target\":{\"@type\":\"EntryPoint\",\"urlTemplate\":\"https:\\\/\\\/ppdegalicia.com\\\/es\\\/?s={search_term_string}\"},\"query-input\":{\"@type\":\"PropertyValueSpecification\",\"valueRequired\":true,\"valueName\":\"search_term_string\"}}],\"inLanguage\":\"es\"},{\"@type\":\"Organization\",\"@id\":\"https:\\\/\\\/ppdegalicia.com\\\/es\\\/#organization\",\"name\":\"Partido Popular de Galicia\",\"alternateName\":\"PP de Galicia\",\"url\":\"https:\\\/\\\/ppdegalicia.com\\\/es\\\/\",\"logo\":{\"@type\":\"ImageObject\",\"inLanguage\":\"es\",\"@id\":\"https:\\\/\\\/ppdegalicia.com\\\/es\\\/#\\\/schema\\\/logo\\\/image\\\/\",\"url\":\"https:\\\/\\\/ppdegalicia.com\\\/wp-content\\\/uploads\\\/2023\\\/04\\\/logoPP512.png\",\"contentUrl\":\"https:\\\/\\\/ppdegalicia.com\\\/wp-content\\\/uploads\\\/2023\\\/04\\\/logoPP512.png\",\"width\":512,\"height\":512,\"caption\":\"Partido Popular de Galicia\"},\"image\":{\"@id\":\"https:\\\/\\\/ppdegalicia.com\\\/es\\\/#\\\/schema\\\/logo\\\/image\\\/\"},\"sameAs\":[\"https:\\\/\\\/www.instagram.com\\\/ppdegalicia\\\/\",\"https:\\\/\\\/x.com\\\/ppdegalicia\",\"https:\\\/\\\/www.tiktok.com\\\/@ppdegalicia\",\"https:\\\/\\\/www.youtube.com\\\/user\\\/ppdegalicia\"]},{\"@type\":\"Person\",\"@id\":\"https:\\\/\\\/ppdegalicia.com\\\/es\\\/#\\\/schema\\\/person\\\/5b822c6f59e872ebdd1142f307dbcb59\",\"name\":\"ppdegaliciaredes\",\"image\":{\"@type\":\"ImageObject\",\"inLanguage\":\"es\",\"@id\":\"https:\\\/\\\/secure.gravatar.com\\\/avatar\\\/3c9179cf0256d00c72a48d1f25783c58b6842cd56e85ef3a572881c8e28ccd59?s=96&d=mm&r=g\",\"url\":\"https:\\\/\\\/secure.gravatar.com\\\/avatar\\\/3c9179cf0256d00c72a48d1f25783c58b6842cd56e85ef3a572881c8e28ccd59?s=96&d=mm&r=g\",\"contentUrl\":\"https:\\\/\\\/secure.gravatar.com\\\/avatar\\\/3c9179cf0256d00c72a48d1f25783c58b6842cd56e85ef3a572881c8e28ccd59?s=96&d=mm&r=g\",\"caption\":\"ppdegaliciaredes\"},\"url\":\"https:\\\/\\\/ppdegalicia.com\\\/es\\\/author\\\/ppdegaliciaredes\\\/\"}]}<\/script>\n<!-- \/ Yoast SEO plugin. -->","yoast_head_json":{"title":"Tellado reivindica o poder da sociedade civil na loita contra a violencia de x\u00e9nero - PP de Galicia","robots":{"index":"index","follow":"follow","max-snippet":"max-snippet:-1","max-image-preview":"max-image-preview:large","max-video-preview":"max-video-preview:-1"},"canonical":"https:\/\/ppdegalicia.com\/es\/tellado-reivindica-o-poder-da-sociedade-civil-na-loita-contra-a-violencia-de-xenero\/","og_locale":"es_ES","og_type":"article","og_title":"Tellado reivindica o poder da sociedade civil na loita contra a violencia de x\u00e9nero - PP de Galicia","og_description":"Lembra a importancia do emprego para abrir as portas da liberdade \u00e1s mulleres e resalta que contra este tipo de violencia \u201cnon valen as siglas, as bandeiras, nin as pancartas\u201d","og_url":"https:\/\/ppdegalicia.com\/es\/tellado-reivindica-o-poder-da-sociedade-civil-na-loita-contra-a-violencia-de-xenero\/","og_site_name":"PP de Galicia","article_publisher":"https:\/\/www.instagram.com\/ppdegalicia\/","article_published_time":"2021-11-19T10:41:33+00:00","og_image":[{"width":2560,"height":1746,"url":"https:\/\/ppdegalicia.com\/wp-content\/uploads\/2021\/11\/18118dd1a552b7e0d813f6d4dce5b90d-scaled.jpg","type":"image\/jpeg"}],"author":"ppdegaliciaredes","twitter_card":"summary_large_image","twitter_creator":"@ppdegalicia","twitter_site":"@ppdegalicia","twitter_misc":{"Escrito por":"ppdegaliciaredes","Tiempo de lectura":"1 minuto"},"schema":{"@context":"https:\/\/schema.org","@graph":[{"@type":"Article","@id":"https:\/\/ppdegalicia.com\/es\/tellado-reivindica-o-poder-da-sociedade-civil-na-loita-contra-a-violencia-de-xenero\/#article","isPartOf":{"@id":"https:\/\/ppdegalicia.com\/es\/tellado-reivindica-o-poder-da-sociedade-civil-na-loita-contra-a-violencia-de-xenero\/"},"author":{"name":"ppdegaliciaredes","@id":"https:\/\/ppdegalicia.com\/es\/#\/schema\/person\/5b822c6f59e872ebdd1142f307dbcb59"},"headline":"Tellado reivindica o poder da sociedade civil na loita contra a violencia de x\u00e9nero","datePublished":"2021-11-19T10:41:33+00:00","mainEntityOfPage":{"@id":"https:\/\/ppdegalicia.com\/es\/tellado-reivindica-o-poder-da-sociedade-civil-na-loita-contra-a-violencia-de-xenero\/"},"wordCount":309,"commentCount":0,"publisher":{"@id":"https:\/\/ppdegalicia.com\/es\/#organization"},"image":{"@id":"https:\/\/ppdegalicia.com\/es\/tellado-reivindica-o-poder-da-sociedade-civil-na-loita-contra-a-violencia-de-xenero\/#primaryimage"},"thumbnailUrl":"https:\/\/ppdegalicia.com\/wp-content\/uploads\/2021\/11\/18118dd1a552b7e0d813f6d4dce5b90d-scaled.jpg","articleSection":["PP de Galicia"],"inLanguage":"es","potentialAction":[{"@type":"CommentAction","name":"Comment","target":["https:\/\/ppdegalicia.com\/es\/tellado-reivindica-o-poder-da-sociedade-civil-na-loita-contra-a-violencia-de-xenero\/#respond"]}]},{"@type":"WebPage","@id":"https:\/\/ppdegalicia.com\/es\/tellado-reivindica-o-poder-da-sociedade-civil-na-loita-contra-a-violencia-de-xenero\/","url":"https:\/\/ppdegalicia.com\/es\/tellado-reivindica-o-poder-da-sociedade-civil-na-loita-contra-a-violencia-de-xenero\/","name":"Tellado reivindica o poder da sociedade civil na loita contra a violencia de x\u00e9nero - PP de Galicia","isPartOf":{"@id":"https:\/\/ppdegalicia.com\/es\/#website"},"primaryImageOfPage":{"@id":"https:\/\/ppdegalicia.com\/es\/tellado-reivindica-o-poder-da-sociedade-civil-na-loita-contra-a-violencia-de-xenero\/#primaryimage"},"image":{"@id":"https:\/\/ppdegalicia.com\/es\/tellado-reivindica-o-poder-da-sociedade-civil-na-loita-contra-a-violencia-de-xenero\/#primaryimage"},"thumbnailUrl":"https:\/\/ppdegalicia.com\/wp-content\/uploads\/2021\/11\/18118dd1a552b7e0d813f6d4dce5b90d-scaled.jpg","datePublished":"2021-11-19T10:41:33+00:00","breadcrumb":{"@id":"https:\/\/ppdegalicia.com\/es\/tellado-reivindica-o-poder-da-sociedade-civil-na-loita-contra-a-violencia-de-xenero\/#breadcrumb"},"inLanguage":"es","potentialAction":[{"@type":"ReadAction","target":["https:\/\/ppdegalicia.com\/es\/tellado-reivindica-o-poder-da-sociedade-civil-na-loita-contra-a-violencia-de-xenero\/"]}]},{"@type":"ImageObject","inLanguage":"es","@id":"https:\/\/ppdegalicia.com\/es\/tellado-reivindica-o-poder-da-sociedade-civil-na-loita-contra-a-violencia-de-xenero\/#primaryimage","url":"https:\/\/ppdegalicia.com\/wp-content\/uploads\/2021\/11\/18118dd1a552b7e0d813f6d4dce5b90d-scaled.jpg","contentUrl":"https:\/\/ppdegalicia.com\/wp-content\/uploads\/2021\/11\/18118dd1a552b7e0d813f6d4dce5b90d-scaled.jpg","width":2560,"height":1746},{"@type":"BreadcrumbList","@id":"https:\/\/ppdegalicia.com\/es\/tellado-reivindica-o-poder-da-sociedade-civil-na-loita-contra-a-violencia-de-xenero\/#breadcrumb","itemListElement":[{"@type":"ListItem","position":1,"name":"Portada","item":"https:\/\/ppdegalicia.com\/es\/"},{"@type":"ListItem","position":2,"name":"Tellado reivindica o poder da sociedade civil na loita contra a violencia de x\u00e9nero"}]},{"@type":"WebSite","@id":"https:\/\/ppdegalicia.com\/es\/#website","url":"https:\/\/ppdegalicia.com\/es\/","name":"Partido Popular de Galicia","description":"Partido Popular de Galicia","publisher":{"@id":"https:\/\/ppdegalicia.com\/es\/#organization"},"alternateName":"PP de Galicia","potentialAction":[{"@type":"SearchAction","target":{"@type":"EntryPoint","urlTemplate":"https:\/\/ppdegalicia.com\/es\/?s={search_term_string}"},"query-input":{"@type":"PropertyValueSpecification","valueRequired":true,"valueName":"search_term_string"}}],"inLanguage":"es"},{"@type":"Organization","@id":"https:\/\/ppdegalicia.com\/es\/#organization","name":"Partido Popular de Galicia","alternateName":"PP de Galicia","url":"https:\/\/ppdegalicia.com\/es\/","logo":{"@type":"ImageObject","inLanguage":"es","@id":"https:\/\/ppdegalicia.com\/es\/#\/schema\/logo\/image\/","url":"https:\/\/ppdegalicia.com\/wp-content\/uploads\/2023\/04\/logoPP512.png","contentUrl":"https:\/\/ppdegalicia.com\/wp-content\/uploads\/2023\/04\/logoPP512.png","width":512,"height":512,"caption":"Partido Popular de Galicia"},"image":{"@id":"https:\/\/ppdegalicia.com\/es\/#\/schema\/logo\/image\/"},"sameAs":["https:\/\/www.instagram.com\/ppdegalicia\/","https:\/\/x.com\/ppdegalicia","https:\/\/www.tiktok.com\/@ppdegalicia","https:\/\/www.youtube.com\/user\/ppdegalicia"]},{"@type":"Person","@id":"https:\/\/ppdegalicia.com\/es\/#\/schema\/person\/5b822c6f59e872ebdd1142f307dbcb59","name":"ppdegaliciaredes","image":{"@type":"ImageObject","inLanguage":"es","@id":"https:\/\/secure.gravatar.com\/avatar\/3c9179cf0256d00c72a48d1f25783c58b6842cd56e85ef3a572881c8e28ccd59?s=96&d=mm&r=g","url":"https:\/\/secure.gravatar.com\/avatar\/3c9179cf0256d00c72a48d1f25783c58b6842cd56e85ef3a572881c8e28ccd59?s=96&d=mm&r=g","contentUrl":"https:\/\/secure.gravatar.com\/avatar\/3c9179cf0256d00c72a48d1f25783c58b6842cd56e85ef3a572881c8e28ccd59?s=96&d=mm&r=g","caption":"ppdegaliciaredes"},"url":"https:\/\/ppdegalicia.com\/es\/author\/ppdegaliciaredes\/"}]}},"_links":{"self":[{"href":"https:\/\/ppdegalicia.com\/es\/wp-json\/wp\/v2\/posts\/56428","targetHints":{"allow":["GET"]}}],"collection":[{"href":"https:\/\/ppdegalicia.com\/es\/wp-json\/wp\/v2\/posts"}],"about":[{"href":"https:\/\/ppdegalicia.com\/es\/wp-json\/wp\/v2\/types\/post"}],"author":[{"embeddable":true,"href":"https:\/\/ppdegalicia.com\/es\/wp-json\/wp\/v2\/users\/38"}],"replies":[{"embeddable":true,"href":"https:\/\/ppdegalicia.com\/es\/wp-json\/wp\/v2\/comments?post=56428"}],"version-history":[{"count":0,"href":"https:\/\/ppdegalicia.com\/es\/wp-json\/wp\/v2\/posts\/56428\/revisions"}],"wp:featuredmedia":[{"embeddable":true,"href":"https:\/\/ppdegalicia.com\/es\/wp-json\/wp\/v2\/media\/56427"}],"wp:attachment":[{"href":"https:\/\/ppdegalicia.com\/es\/wp-json\/wp\/v2\/media?parent=56428"}],"wp:term":[{"taxonomy":"category","embeddable":true,"href":"https:\/\/ppdegalicia.com\/es\/wp-json\/wp\/v2\/categories?post=56428"},{"taxonomy":"post_tag","embeddable":true,"href":"https:\/\/ppdegalicia.com\/es\/wp-json\/wp\/v2\/tags?post=56428"}],"curies":[{"name":"wp","href":"https:\/\/api.w.org\/{rel}","templated":true}]}}