{"id":56466,"date":"2021-11-30T10:11:11","date_gmt":"2021-11-30T08:11:11","guid":{"rendered":"https:\/\/ppdegalicia.com\/pedro-puy-avoga-porque-a-comision-sobre-o-financiamento-autonomico-celebre-en-xaneiro-as-comparecencias-e-elabore-as-recomendacions\/"},"modified":"2021-11-30T10:11:11","modified_gmt":"2021-11-30T08:11:11","slug":"pedro-puy-avoga-porque-a-comision-sobre-o-financiamento-autonomico-celebre-en-xaneiro-as-comparecencias-e-elabore-as-recomendacions","status":"publish","type":"post","link":"https:\/\/ppdegalicia.com\/es\/pedro-puy-avoga-porque-a-comision-sobre-o-financiamento-autonomico-celebre-en-xaneiro-as-comparecencias-e-elabore-as-recomendacions\/","title":{"rendered":"Pedro Puy avoga porque a Comisi\u00f3n sobre o financiamento auton\u00f3mico celebre en xaneiro as comparecencias e elabore as recomendaci\u00f3ns"},"content":{"rendered":"<p><img fetchpriority=\"high\" decoding=\"async\" class=\" size-full wp-image-56465\" src=\"https:\/\/ppdegalicia.com\/wp-content\/uploads\/2021\/11\/26721f00a000f13ef6ef85a71eeed4c1.jpg\" alt=\"\" width=\"1900\" height=\"1267\" srcset=\"https:\/\/ppdegalicia.com\/wp-content\/uploads\/2021\/11\/26721f00a000f13ef6ef85a71eeed4c1.jpg 1900w, https:\/\/ppdegalicia.com\/wp-content\/uploads\/2021\/11\/26721f00a000f13ef6ef85a71eeed4c1-300x200.jpg 300w, https:\/\/ppdegalicia.com\/wp-content\/uploads\/2021\/11\/26721f00a000f13ef6ef85a71eeed4c1-1024x683.jpg 1024w, https:\/\/ppdegalicia.com\/wp-content\/uploads\/2021\/11\/26721f00a000f13ef6ef85a71eeed4c1-768x512.jpg 768w, https:\/\/ppdegalicia.com\/wp-content\/uploads\/2021\/11\/26721f00a000f13ef6ef85a71eeed4c1-1536x1024.jpg 1536w\" sizes=\"(max-width: 1900px) 100vw, 1900px\" \/><\/p>\n<p>Santiago, 29 de novembro de 2021.- O portavoz do Grupo Popular, Pedro Puy, avogou hoxe por axilizar os traballos da Comisi\u00f3n de Estudo sobre a reforma do financiamento auton\u00f3mico, que ma\u00f1\u00e1 celebrar\u00e1 a s\u00faa primeira reuni\u00f3n, co obxectivo de que nas primeiras semanas do vindeiro mes de xaneiro se celebren as comparecencias e se elaboren as recomendaci\u00f3ns.<\/p>\n<p><!--more--><\/p>\n<p>\u201cTemos que ser capaces de conciliar a capacidade de ter autonom\u00eda fiscal polo lado do ingreso co mantemento por parte do Estado da capacidade de financiar o estado de benestar, que \u00e9 o principal elemento de redistribuci\u00f3n que ten o noso pa\u00eds\u201d, manifestou.<\/p>\n<p>\u00a0<\/p>\n<p>Pedro Puy informou que na sesi\u00f3n da Comisi\u00f3n 3\u00aa do Parlamento galego celebrada esta ma\u00f1\u00e1 aprobouse o ditame do proxecto de Lei do Plan galego de estat\u00edstica 2022-2026, unha norma \u201cde car\u00e1cter t\u00e9cnico que afonda na transparencia, calidade e accesibilidade da informaci\u00f3n que manexa o Instituto Galego de Estat\u00edstica\u201d. Neste sentido, salientou que o IGE \u201c\u00e9 unha das instituci\u00f3ns auton\u00f3micas que temos m\u00e1is consolidada\u201d e apuntou que \u201ctratamos de reforzalo mantendo a s\u00faa independencia profesional e imparcialidade, a obxectividade da informaci\u00f3n e a calidade dos seus traballos\u201d.<\/p>\n<p>\u00a0<\/p>\n<p>Respecto da Comisi\u00f3n de estudo para abordar a proposta de Galicia diante da modificaci\u00f3n do sistema de financiamento, Puy avogou por axilizar os seus traballos xa que \u201c\u00e9 algo no que xa se leva tempo traballando e parece que o Goberno central vai facer p\u00fablica unha proposta de financiamento auton\u00f3mico sen ter convocado previamente o Consello de Pol\u00edtica Fiscal e Financeira\u201d.<\/p>\n<p>\u00a0<\/p>\n<p><strong>CLARIDADE E CONCRECI\u00d3N<\/strong><\/p>\n<p>\u00a0<\/p>\n<p>O portavoz popular lembrou os traballos parlamentarios xa realizados sobre financiamento, aos que se engade a \u201creuni\u00f3n celebrada a pasada semana en Santiago coa presenza de oito presidentes auton\u00f3micos con problemas semellantes respecto do financiamento auton\u00f3mico, como a baixa din\u00e1mica demogr\u00e1fica, o despoboamento ou o custo diferencial dos servizos p\u00fablicos que se prestan\u201d.<\/p>\n<p>\u00a0<\/p>\n<p>Sobre o reparto dos fondos europeos, Pedro Puy recordou que \u201clevamos meses pedindo claridade e concreci\u00f3n por parte do Goberno de Espa\u00f1a\u201d porque a s\u00faa aplicaci\u00f3n da mellor forma posible \u201creforzar\u00e1 o proxecto de construci\u00f3n europea\u201d. Deste xeito, indicou que \u201co fracaso con estes fondos ser\u00eda unha desgraza para n\u00f3s, como receptores deses fondos, e para a Uni\u00f3n Europea, que perder\u00eda unha oportunidade de dar un paso adiante cara unha maior perfecci\u00f3n nos procesos de decisi\u00f3n no \u00e1mbito econ\u00f3mico\u201d.<\/p>\n<p>\u00a0<\/p>\n<p>\u00a0<\/p>\n<p>Cuestionado sobre o modelo de financiamento proposto polo BNG, o portavoz popular descartou \u201cun sistema de cupo, porque \u00e9 unha ru\u00edna para Galicia e os expertos din que ser\u00eda moi prexudicial para a nosa comunidade aut\u00f3noma\u201d.<\/p>\n<p>\u00a0<\/p>\n<p><strong>AVANCES NA AUTONOM\u00cdA FISCAL<\/strong><\/p>\n<p>\u00a0<\/p>\n<p>Puy explicou que \u201cse ten avanzado moito no \u00e1mbito da autonom\u00eda fiscal, con impostos que xa est\u00e1n cedidos, e temos unha capacidade normativa importante que afecta \u00e1 metade da tarifa do imposto sobre a renda das persoas f\u00edsicas soportada polos contribu\u00edntes\u201d<\/p>\n<p>\u00a0<\/p>\n<p>\u201cEstamos abertos a suxesti\u00f3ns, sempre tendo en conta que o que xenera desigualdade \u00e9 o propio funcionamento dos mercados\u201d, manifestou o portavoz popular, quen manifestou que \u201crachar eses procesos que permiten que a riqueza que se distrib\u00fae desigualmente polos mercados te\u00f1a unha redistribuci\u00f3n m\u00e1is xusta a trav\u00e9s dos poderes p\u00fablicos \u00e9 ir en contra de todo o que a ciencia da facenda p\u00fablica ten avanzado nas \u00faltimas d\u00e9cadas, as\u00ed como quebrar un principio de igualdade b\u00e1sica que se traduce nun sistema fiscal progresivo e nun estado de benestar que debemos de manter\u201d. Deste xeito, afirmou que \u201co interese de Galicia \u00e9 que se mante\u00f1a a capacidade de redistribuci\u00f3n tanto do Estado como da Uni\u00f3n Europea\u201d.<\/p>\n","protected":false},"excerpt":{"rendered":"<p>Santiago, 29 de novembro de 2021.- O portavoz do Grupo Popular, Pedro Puy, avogou hoxe por axilizar os traballos da Comisi\u00f3n de Estudo sobre a reforma do financiamento auton\u00f3mico, que ma\u00f1\u00e1 celebrar\u00e1 a s\u00faa primeira reuni\u00f3n, co obxectivo de que nas primeiras semanas do vindeiro mes de xaneiro se celebren as comparecencias e se elaboren [&hellip;]<\/p>\n","protected":false},"author":38,"featured_media":56465,"comment_status":"open","ping_status":"open","sticky":false,"template":"","format":"standard","meta":{"_acf_changed":false,"footnotes":""},"categories":[1],"tags":[],"class_list":["post-56466","post","type-post","status-publish","format-standard","has-post-thumbnail","hentry","category-pp-de-galicia"],"acf":[],"yoast_head":"<!-- This site is optimized with the Yoast SEO plugin v27.3 - https:\/\/yoast.com\/product\/yoast-seo-wordpress\/ -->\n<title>Pedro Puy avoga porque a Comisi\u00f3n sobre o financiamento auton\u00f3mico celebre en xaneiro as comparecencias e elabore as recomendaci\u00f3ns - PP de Galicia<\/title>\n<meta name=\"robots\" content=\"index, follow, max-snippet:-1, max-image-preview:large, max-video-preview:-1\" \/>\n<link rel=\"canonical\" href=\"https:\/\/ppdegalicia.com\/es\/pedro-puy-avoga-porque-a-comision-sobre-o-financiamento-autonomico-celebre-en-xaneiro-as-comparecencias-e-elabore-as-recomendacions\/\" \/>\n<meta property=\"og:locale\" content=\"es_ES\" \/>\n<meta property=\"og:type\" content=\"article\" \/>\n<meta property=\"og:title\" content=\"Pedro Puy avoga porque a Comisi\u00f3n sobre o financiamento auton\u00f3mico celebre en xaneiro as comparecencias e elabore as recomendaci\u00f3ns - PP de Galicia\" \/>\n<meta property=\"og:description\" content=\"Santiago, 29 de novembro de 2021.- O portavoz do Grupo Popular, Pedro Puy, avogou hoxe por axilizar os traballos da Comisi\u00f3n de Estudo sobre a reforma do financiamento auton\u00f3mico, que ma\u00f1\u00e1 celebrar\u00e1 a s\u00faa primeira reuni\u00f3n, co obxectivo de que nas primeiras semanas do vindeiro mes de xaneiro se celebren as comparecencias e se elaboren [&hellip;]\" \/>\n<meta property=\"og:url\" content=\"https:\/\/ppdegalicia.com\/es\/pedro-puy-avoga-porque-a-comision-sobre-o-financiamento-autonomico-celebre-en-xaneiro-as-comparecencias-e-elabore-as-recomendacions\/\" \/>\n<meta property=\"og:site_name\" content=\"PP de Galicia\" \/>\n<meta property=\"article:publisher\" content=\"https:\/\/www.instagram.com\/ppdegalicia\/\" \/>\n<meta property=\"article:published_time\" content=\"2021-11-30T08:11:11+00:00\" \/>\n<meta property=\"og:image\" content=\"https:\/\/ppdegalicia.com\/wp-content\/uploads\/2021\/11\/26721f00a000f13ef6ef85a71eeed4c1.jpg\" \/>\n\t<meta property=\"og:image:width\" content=\"1900\" \/>\n\t<meta property=\"og:image:height\" content=\"1267\" \/>\n\t<meta property=\"og:image:type\" content=\"image\/jpeg\" \/>\n<meta name=\"author\" content=\"ppdegaliciaredes\" \/>\n<meta name=\"twitter:card\" content=\"summary_large_image\" \/>\n<meta name=\"twitter:creator\" content=\"@ppdegalicia\" \/>\n<meta name=\"twitter:site\" content=\"@ppdegalicia\" \/>\n<meta name=\"twitter:label1\" content=\"Escrito por\" \/>\n\t<meta name=\"twitter:data1\" content=\"ppdegaliciaredes\" \/>\n\t<meta name=\"twitter:label2\" content=\"Tiempo de lectura\" \/>\n\t<meta name=\"twitter:data2\" content=\"3 minutos\" \/>\n<script type=\"application\/ld+json\" class=\"yoast-schema-graph\">{\"@context\":\"https:\\\/\\\/schema.org\",\"@graph\":[{\"@type\":\"Article\",\"@id\":\"https:\\\/\\\/ppdegalicia.com\\\/es\\\/pedro-puy-avoga-porque-a-comision-sobre-o-financiamento-autonomico-celebre-en-xaneiro-as-comparecencias-e-elabore-as-recomendacions\\\/#article\",\"isPartOf\":{\"@id\":\"https:\\\/\\\/ppdegalicia.com\\\/es\\\/pedro-puy-avoga-porque-a-comision-sobre-o-financiamento-autonomico-celebre-en-xaneiro-as-comparecencias-e-elabore-as-recomendacions\\\/\"},\"author\":{\"name\":\"ppdegaliciaredes\",\"@id\":\"https:\\\/\\\/ppdegalicia.com\\\/es\\\/#\\\/schema\\\/person\\\/5b822c6f59e872ebdd1142f307dbcb59\"},\"headline\":\"Pedro Puy avoga porque a Comisi\u00f3n sobre o financiamento auton\u00f3mico celebre en xaneiro as comparecencias e elabore as recomendaci\u00f3ns\",\"datePublished\":\"2021-11-30T08:11:11+00:00\",\"mainEntityOfPage\":{\"@id\":\"https:\\\/\\\/ppdegalicia.com\\\/es\\\/pedro-puy-avoga-porque-a-comision-sobre-o-financiamento-autonomico-celebre-en-xaneiro-as-comparecencias-e-elabore-as-recomendacions\\\/\"},\"wordCount\":656,\"commentCount\":0,\"publisher\":{\"@id\":\"https:\\\/\\\/ppdegalicia.com\\\/es\\\/#organization\"},\"image\":{\"@id\":\"https:\\\/\\\/ppdegalicia.com\\\/es\\\/pedro-puy-avoga-porque-a-comision-sobre-o-financiamento-autonomico-celebre-en-xaneiro-as-comparecencias-e-elabore-as-recomendacions\\\/#primaryimage\"},\"thumbnailUrl\":\"https:\\\/\\\/ppdegalicia.com\\\/wp-content\\\/uploads\\\/2021\\\/11\\\/26721f00a000f13ef6ef85a71eeed4c1.jpg\",\"articleSection\":[\"PP de Galicia\"],\"inLanguage\":\"es\",\"potentialAction\":[{\"@type\":\"CommentAction\",\"name\":\"Comment\",\"target\":[\"https:\\\/\\\/ppdegalicia.com\\\/es\\\/pedro-puy-avoga-porque-a-comision-sobre-o-financiamento-autonomico-celebre-en-xaneiro-as-comparecencias-e-elabore-as-recomendacions\\\/#respond\"]}]},{\"@type\":\"WebPage\",\"@id\":\"https:\\\/\\\/ppdegalicia.com\\\/es\\\/pedro-puy-avoga-porque-a-comision-sobre-o-financiamento-autonomico-celebre-en-xaneiro-as-comparecencias-e-elabore-as-recomendacions\\\/\",\"url\":\"https:\\\/\\\/ppdegalicia.com\\\/es\\\/pedro-puy-avoga-porque-a-comision-sobre-o-financiamento-autonomico-celebre-en-xaneiro-as-comparecencias-e-elabore-as-recomendacions\\\/\",\"name\":\"Pedro Puy avoga porque a Comisi\u00f3n sobre o financiamento auton\u00f3mico celebre en xaneiro as comparecencias e elabore as recomendaci\u00f3ns - PP de Galicia\",\"isPartOf\":{\"@id\":\"https:\\\/\\\/ppdegalicia.com\\\/es\\\/#website\"},\"primaryImageOfPage\":{\"@id\":\"https:\\\/\\\/ppdegalicia.com\\\/es\\\/pedro-puy-avoga-porque-a-comision-sobre-o-financiamento-autonomico-celebre-en-xaneiro-as-comparecencias-e-elabore-as-recomendacions\\\/#primaryimage\"},\"image\":{\"@id\":\"https:\\\/\\\/ppdegalicia.com\\\/es\\\/pedro-puy-avoga-porque-a-comision-sobre-o-financiamento-autonomico-celebre-en-xaneiro-as-comparecencias-e-elabore-as-recomendacions\\\/#primaryimage\"},\"thumbnailUrl\":\"https:\\\/\\\/ppdegalicia.com\\\/wp-content\\\/uploads\\\/2021\\\/11\\\/26721f00a000f13ef6ef85a71eeed4c1.jpg\",\"datePublished\":\"2021-11-30T08:11:11+00:00\",\"breadcrumb\":{\"@id\":\"https:\\\/\\\/ppdegalicia.com\\\/es\\\/pedro-puy-avoga-porque-a-comision-sobre-o-financiamento-autonomico-celebre-en-xaneiro-as-comparecencias-e-elabore-as-recomendacions\\\/#breadcrumb\"},\"inLanguage\":\"es\",\"potentialAction\":[{\"@type\":\"ReadAction\",\"target\":[\"https:\\\/\\\/ppdegalicia.com\\\/es\\\/pedro-puy-avoga-porque-a-comision-sobre-o-financiamento-autonomico-celebre-en-xaneiro-as-comparecencias-e-elabore-as-recomendacions\\\/\"]}]},{\"@type\":\"ImageObject\",\"inLanguage\":\"es\",\"@id\":\"https:\\\/\\\/ppdegalicia.com\\\/es\\\/pedro-puy-avoga-porque-a-comision-sobre-o-financiamento-autonomico-celebre-en-xaneiro-as-comparecencias-e-elabore-as-recomendacions\\\/#primaryimage\",\"url\":\"https:\\\/\\\/ppdegalicia.com\\\/wp-content\\\/uploads\\\/2021\\\/11\\\/26721f00a000f13ef6ef85a71eeed4c1.jpg\",\"contentUrl\":\"https:\\\/\\\/ppdegalicia.com\\\/wp-content\\\/uploads\\\/2021\\\/11\\\/26721f00a000f13ef6ef85a71eeed4c1.jpg\",\"width\":1900,\"height\":1267},{\"@type\":\"BreadcrumbList\",\"@id\":\"https:\\\/\\\/ppdegalicia.com\\\/es\\\/pedro-puy-avoga-porque-a-comision-sobre-o-financiamento-autonomico-celebre-en-xaneiro-as-comparecencias-e-elabore-as-recomendacions\\\/#breadcrumb\",\"itemListElement\":[{\"@type\":\"ListItem\",\"position\":1,\"name\":\"Portada\",\"item\":\"https:\\\/\\\/ppdegalicia.com\\\/es\\\/\"},{\"@type\":\"ListItem\",\"position\":2,\"name\":\"Pedro Puy avoga porque a Comisi\u00f3n sobre o financiamento auton\u00f3mico celebre en xaneiro as comparecencias e elabore as recomendaci\u00f3ns\"}]},{\"@type\":\"WebSite\",\"@id\":\"https:\\\/\\\/ppdegalicia.com\\\/es\\\/#website\",\"url\":\"https:\\\/\\\/ppdegalicia.com\\\/es\\\/\",\"name\":\"Partido Popular de Galicia\",\"description\":\"Partido Popular de Galicia\",\"publisher\":{\"@id\":\"https:\\\/\\\/ppdegalicia.com\\\/es\\\/#organization\"},\"alternateName\":\"PP de Galicia\",\"potentialAction\":[{\"@type\":\"SearchAction\",\"target\":{\"@type\":\"EntryPoint\",\"urlTemplate\":\"https:\\\/\\\/ppdegalicia.com\\\/es\\\/?s={search_term_string}\"},\"query-input\":{\"@type\":\"PropertyValueSpecification\",\"valueRequired\":true,\"valueName\":\"search_term_string\"}}],\"inLanguage\":\"es\"},{\"@type\":\"Organization\",\"@id\":\"https:\\\/\\\/ppdegalicia.com\\\/es\\\/#organization\",\"name\":\"Partido Popular de Galicia\",\"alternateName\":\"PP de Galicia\",\"url\":\"https:\\\/\\\/ppdegalicia.com\\\/es\\\/\",\"logo\":{\"@type\":\"ImageObject\",\"inLanguage\":\"es\",\"@id\":\"https:\\\/\\\/ppdegalicia.com\\\/es\\\/#\\\/schema\\\/logo\\\/image\\\/\",\"url\":\"https:\\\/\\\/ppdegalicia.com\\\/wp-content\\\/uploads\\\/2023\\\/04\\\/logoPP512.png\",\"contentUrl\":\"https:\\\/\\\/ppdegalicia.com\\\/wp-content\\\/uploads\\\/2023\\\/04\\\/logoPP512.png\",\"width\":512,\"height\":512,\"caption\":\"Partido Popular de Galicia\"},\"image\":{\"@id\":\"https:\\\/\\\/ppdegalicia.com\\\/es\\\/#\\\/schema\\\/logo\\\/image\\\/\"},\"sameAs\":[\"https:\\\/\\\/www.instagram.com\\\/ppdegalicia\\\/\",\"https:\\\/\\\/x.com\\\/ppdegalicia\",\"https:\\\/\\\/www.tiktok.com\\\/@ppdegalicia\",\"https:\\\/\\\/www.youtube.com\\\/user\\\/ppdegalicia\"]},{\"@type\":\"Person\",\"@id\":\"https:\\\/\\\/ppdegalicia.com\\\/es\\\/#\\\/schema\\\/person\\\/5b822c6f59e872ebdd1142f307dbcb59\",\"name\":\"ppdegaliciaredes\",\"image\":{\"@type\":\"ImageObject\",\"inLanguage\":\"es\",\"@id\":\"https:\\\/\\\/secure.gravatar.com\\\/avatar\\\/3c9179cf0256d00c72a48d1f25783c58b6842cd56e85ef3a572881c8e28ccd59?s=96&d=mm&r=g\",\"url\":\"https:\\\/\\\/secure.gravatar.com\\\/avatar\\\/3c9179cf0256d00c72a48d1f25783c58b6842cd56e85ef3a572881c8e28ccd59?s=96&d=mm&r=g\",\"contentUrl\":\"https:\\\/\\\/secure.gravatar.com\\\/avatar\\\/3c9179cf0256d00c72a48d1f25783c58b6842cd56e85ef3a572881c8e28ccd59?s=96&d=mm&r=g\",\"caption\":\"ppdegaliciaredes\"},\"url\":\"https:\\\/\\\/ppdegalicia.com\\\/es\\\/author\\\/ppdegaliciaredes\\\/\"}]}<\/script>\n<!-- \/ Yoast SEO plugin. -->","yoast_head_json":{"title":"Pedro Puy avoga porque a Comisi\u00f3n sobre o financiamento auton\u00f3mico celebre en xaneiro as comparecencias e elabore as recomendaci\u00f3ns - PP de Galicia","robots":{"index":"index","follow":"follow","max-snippet":"max-snippet:-1","max-image-preview":"max-image-preview:large","max-video-preview":"max-video-preview:-1"},"canonical":"https:\/\/ppdegalicia.com\/es\/pedro-puy-avoga-porque-a-comision-sobre-o-financiamento-autonomico-celebre-en-xaneiro-as-comparecencias-e-elabore-as-recomendacions\/","og_locale":"es_ES","og_type":"article","og_title":"Pedro Puy avoga porque a Comisi\u00f3n sobre o financiamento auton\u00f3mico celebre en xaneiro as comparecencias e elabore as recomendaci\u00f3ns - PP de Galicia","og_description":"Santiago, 29 de novembro de 2021.- O portavoz do Grupo Popular, Pedro Puy, avogou hoxe por axilizar os traballos da Comisi\u00f3n de Estudo sobre a reforma do financiamento auton\u00f3mico, que ma\u00f1\u00e1 celebrar\u00e1 a s\u00faa primeira reuni\u00f3n, co obxectivo de que nas primeiras semanas do vindeiro mes de xaneiro se celebren as comparecencias e se elaboren [&hellip;]","og_url":"https:\/\/ppdegalicia.com\/es\/pedro-puy-avoga-porque-a-comision-sobre-o-financiamento-autonomico-celebre-en-xaneiro-as-comparecencias-e-elabore-as-recomendacions\/","og_site_name":"PP de Galicia","article_publisher":"https:\/\/www.instagram.com\/ppdegalicia\/","article_published_time":"2021-11-30T08:11:11+00:00","og_image":[{"width":1900,"height":1267,"url":"https:\/\/ppdegalicia.com\/wp-content\/uploads\/2021\/11\/26721f00a000f13ef6ef85a71eeed4c1.jpg","type":"image\/jpeg"}],"author":"ppdegaliciaredes","twitter_card":"summary_large_image","twitter_creator":"@ppdegalicia","twitter_site":"@ppdegalicia","twitter_misc":{"Escrito por":"ppdegaliciaredes","Tiempo de lectura":"3 minutos"},"schema":{"@context":"https:\/\/schema.org","@graph":[{"@type":"Article","@id":"https:\/\/ppdegalicia.com\/es\/pedro-puy-avoga-porque-a-comision-sobre-o-financiamento-autonomico-celebre-en-xaneiro-as-comparecencias-e-elabore-as-recomendacions\/#article","isPartOf":{"@id":"https:\/\/ppdegalicia.com\/es\/pedro-puy-avoga-porque-a-comision-sobre-o-financiamento-autonomico-celebre-en-xaneiro-as-comparecencias-e-elabore-as-recomendacions\/"},"author":{"name":"ppdegaliciaredes","@id":"https:\/\/ppdegalicia.com\/es\/#\/schema\/person\/5b822c6f59e872ebdd1142f307dbcb59"},"headline":"Pedro Puy avoga porque a Comisi\u00f3n sobre o financiamento auton\u00f3mico celebre en xaneiro as comparecencias e elabore as recomendaci\u00f3ns","datePublished":"2021-11-30T08:11:11+00:00","mainEntityOfPage":{"@id":"https:\/\/ppdegalicia.com\/es\/pedro-puy-avoga-porque-a-comision-sobre-o-financiamento-autonomico-celebre-en-xaneiro-as-comparecencias-e-elabore-as-recomendacions\/"},"wordCount":656,"commentCount":0,"publisher":{"@id":"https:\/\/ppdegalicia.com\/es\/#organization"},"image":{"@id":"https:\/\/ppdegalicia.com\/es\/pedro-puy-avoga-porque-a-comision-sobre-o-financiamento-autonomico-celebre-en-xaneiro-as-comparecencias-e-elabore-as-recomendacions\/#primaryimage"},"thumbnailUrl":"https:\/\/ppdegalicia.com\/wp-content\/uploads\/2021\/11\/26721f00a000f13ef6ef85a71eeed4c1.jpg","articleSection":["PP de Galicia"],"inLanguage":"es","potentialAction":[{"@type":"CommentAction","name":"Comment","target":["https:\/\/ppdegalicia.com\/es\/pedro-puy-avoga-porque-a-comision-sobre-o-financiamento-autonomico-celebre-en-xaneiro-as-comparecencias-e-elabore-as-recomendacions\/#respond"]}]},{"@type":"WebPage","@id":"https:\/\/ppdegalicia.com\/es\/pedro-puy-avoga-porque-a-comision-sobre-o-financiamento-autonomico-celebre-en-xaneiro-as-comparecencias-e-elabore-as-recomendacions\/","url":"https:\/\/ppdegalicia.com\/es\/pedro-puy-avoga-porque-a-comision-sobre-o-financiamento-autonomico-celebre-en-xaneiro-as-comparecencias-e-elabore-as-recomendacions\/","name":"Pedro Puy avoga porque a Comisi\u00f3n sobre o financiamento auton\u00f3mico celebre en xaneiro as comparecencias e elabore as recomendaci\u00f3ns - PP de Galicia","isPartOf":{"@id":"https:\/\/ppdegalicia.com\/es\/#website"},"primaryImageOfPage":{"@id":"https:\/\/ppdegalicia.com\/es\/pedro-puy-avoga-porque-a-comision-sobre-o-financiamento-autonomico-celebre-en-xaneiro-as-comparecencias-e-elabore-as-recomendacions\/#primaryimage"},"image":{"@id":"https:\/\/ppdegalicia.com\/es\/pedro-puy-avoga-porque-a-comision-sobre-o-financiamento-autonomico-celebre-en-xaneiro-as-comparecencias-e-elabore-as-recomendacions\/#primaryimage"},"thumbnailUrl":"https:\/\/ppdegalicia.com\/wp-content\/uploads\/2021\/11\/26721f00a000f13ef6ef85a71eeed4c1.jpg","datePublished":"2021-11-30T08:11:11+00:00","breadcrumb":{"@id":"https:\/\/ppdegalicia.com\/es\/pedro-puy-avoga-porque-a-comision-sobre-o-financiamento-autonomico-celebre-en-xaneiro-as-comparecencias-e-elabore-as-recomendacions\/#breadcrumb"},"inLanguage":"es","potentialAction":[{"@type":"ReadAction","target":["https:\/\/ppdegalicia.com\/es\/pedro-puy-avoga-porque-a-comision-sobre-o-financiamento-autonomico-celebre-en-xaneiro-as-comparecencias-e-elabore-as-recomendacions\/"]}]},{"@type":"ImageObject","inLanguage":"es","@id":"https:\/\/ppdegalicia.com\/es\/pedro-puy-avoga-porque-a-comision-sobre-o-financiamento-autonomico-celebre-en-xaneiro-as-comparecencias-e-elabore-as-recomendacions\/#primaryimage","url":"https:\/\/ppdegalicia.com\/wp-content\/uploads\/2021\/11\/26721f00a000f13ef6ef85a71eeed4c1.jpg","contentUrl":"https:\/\/ppdegalicia.com\/wp-content\/uploads\/2021\/11\/26721f00a000f13ef6ef85a71eeed4c1.jpg","width":1900,"height":1267},{"@type":"BreadcrumbList","@id":"https:\/\/ppdegalicia.com\/es\/pedro-puy-avoga-porque-a-comision-sobre-o-financiamento-autonomico-celebre-en-xaneiro-as-comparecencias-e-elabore-as-recomendacions\/#breadcrumb","itemListElement":[{"@type":"ListItem","position":1,"name":"Portada","item":"https:\/\/ppdegalicia.com\/es\/"},{"@type":"ListItem","position":2,"name":"Pedro Puy avoga porque a Comisi\u00f3n sobre o financiamento auton\u00f3mico celebre en xaneiro as comparecencias e elabore as recomendaci\u00f3ns"}]},{"@type":"WebSite","@id":"https:\/\/ppdegalicia.com\/es\/#website","url":"https:\/\/ppdegalicia.com\/es\/","name":"Partido Popular de Galicia","description":"Partido Popular de Galicia","publisher":{"@id":"https:\/\/ppdegalicia.com\/es\/#organization"},"alternateName":"PP de Galicia","potentialAction":[{"@type":"SearchAction","target":{"@type":"EntryPoint","urlTemplate":"https:\/\/ppdegalicia.com\/es\/?s={search_term_string}"},"query-input":{"@type":"PropertyValueSpecification","valueRequired":true,"valueName":"search_term_string"}}],"inLanguage":"es"},{"@type":"Organization","@id":"https:\/\/ppdegalicia.com\/es\/#organization","name":"Partido Popular de Galicia","alternateName":"PP de Galicia","url":"https:\/\/ppdegalicia.com\/es\/","logo":{"@type":"ImageObject","inLanguage":"es","@id":"https:\/\/ppdegalicia.com\/es\/#\/schema\/logo\/image\/","url":"https:\/\/ppdegalicia.com\/wp-content\/uploads\/2023\/04\/logoPP512.png","contentUrl":"https:\/\/ppdegalicia.com\/wp-content\/uploads\/2023\/04\/logoPP512.png","width":512,"height":512,"caption":"Partido Popular de Galicia"},"image":{"@id":"https:\/\/ppdegalicia.com\/es\/#\/schema\/logo\/image\/"},"sameAs":["https:\/\/www.instagram.com\/ppdegalicia\/","https:\/\/x.com\/ppdegalicia","https:\/\/www.tiktok.com\/@ppdegalicia","https:\/\/www.youtube.com\/user\/ppdegalicia"]},{"@type":"Person","@id":"https:\/\/ppdegalicia.com\/es\/#\/schema\/person\/5b822c6f59e872ebdd1142f307dbcb59","name":"ppdegaliciaredes","image":{"@type":"ImageObject","inLanguage":"es","@id":"https:\/\/secure.gravatar.com\/avatar\/3c9179cf0256d00c72a48d1f25783c58b6842cd56e85ef3a572881c8e28ccd59?s=96&d=mm&r=g","url":"https:\/\/secure.gravatar.com\/avatar\/3c9179cf0256d00c72a48d1f25783c58b6842cd56e85ef3a572881c8e28ccd59?s=96&d=mm&r=g","contentUrl":"https:\/\/secure.gravatar.com\/avatar\/3c9179cf0256d00c72a48d1f25783c58b6842cd56e85ef3a572881c8e28ccd59?s=96&d=mm&r=g","caption":"ppdegaliciaredes"},"url":"https:\/\/ppdegalicia.com\/es\/author\/ppdegaliciaredes\/"}]}},"_links":{"self":[{"href":"https:\/\/ppdegalicia.com\/es\/wp-json\/wp\/v2\/posts\/56466","targetHints":{"allow":["GET"]}}],"collection":[{"href":"https:\/\/ppdegalicia.com\/es\/wp-json\/wp\/v2\/posts"}],"about":[{"href":"https:\/\/ppdegalicia.com\/es\/wp-json\/wp\/v2\/types\/post"}],"author":[{"embeddable":true,"href":"https:\/\/ppdegalicia.com\/es\/wp-json\/wp\/v2\/users\/38"}],"replies":[{"embeddable":true,"href":"https:\/\/ppdegalicia.com\/es\/wp-json\/wp\/v2\/comments?post=56466"}],"version-history":[{"count":0,"href":"https:\/\/ppdegalicia.com\/es\/wp-json\/wp\/v2\/posts\/56466\/revisions"}],"wp:featuredmedia":[{"embeddable":true,"href":"https:\/\/ppdegalicia.com\/es\/wp-json\/wp\/v2\/media\/56465"}],"wp:attachment":[{"href":"https:\/\/ppdegalicia.com\/es\/wp-json\/wp\/v2\/media?parent=56466"}],"wp:term":[{"taxonomy":"category","embeddable":true,"href":"https:\/\/ppdegalicia.com\/es\/wp-json\/wp\/v2\/categories?post=56466"},{"taxonomy":"post_tag","embeddable":true,"href":"https:\/\/ppdegalicia.com\/es\/wp-json\/wp\/v2\/tags?post=56466"}],"curies":[{"name":"wp","href":"https:\/\/api.w.org\/{rel}","templated":true}]}}