{"id":56476,"date":"2021-12-02T13:13:47","date_gmt":"2021-12-02T11:13:47","guid":{"rendered":"https:\/\/ppdegalicia.com\/ria-de-ribadeo-o-toponimo-oficial-que-defende-o-parlamento-de-galicia\/"},"modified":"2021-12-02T13:13:47","modified_gmt":"2021-12-02T11:13:47","slug":"ria-de-ribadeo-o-toponimo-oficial-que-defende-o-parlamento-de-galicia","status":"publish","type":"post","link":"https:\/\/ppdegalicia.com\/es\/ria-de-ribadeo-o-toponimo-oficial-que-defende-o-parlamento-de-galicia\/","title":{"rendered":"R\u00eda de Ribadeo, o top\u00f3nimo oficial que defende o Parlamento de Galicia"},"content":{"rendered":"<p><img fetchpriority=\"high\" decoding=\"async\" class=\" size-full wp-image-56475\" src=\"https:\/\/ppdegalicia.com\/wp-content\/uploads\/2021\/12\/d43bfa7a93d9d6b281588e92589952d4.jpg\" alt=\"\" width=\"1900\" height=\"1267\" srcset=\"https:\/\/ppdegalicia.com\/wp-content\/uploads\/2021\/12\/d43bfa7a93d9d6b281588e92589952d4.jpg 1900w, https:\/\/ppdegalicia.com\/wp-content\/uploads\/2021\/12\/d43bfa7a93d9d6b281588e92589952d4-300x200.jpg 300w, https:\/\/ppdegalicia.com\/wp-content\/uploads\/2021\/12\/d43bfa7a93d9d6b281588e92589952d4-1024x683.jpg 1024w, https:\/\/ppdegalicia.com\/wp-content\/uploads\/2021\/12\/d43bfa7a93d9d6b281588e92589952d4-768x512.jpg 768w, https:\/\/ppdegalicia.com\/wp-content\/uploads\/2021\/12\/d43bfa7a93d9d6b281588e92589952d4-1536x1024.jpg 1536w\" sizes=\"(max-width: 1900px) 100vw, 1900px\" \/><\/p>\n<p>Santiago, 2 de decembro de 2021.- O Parlamento galego insistiu hoxe por unanimidade, a trav\u00e9s dunha proposici\u00f3n non de lei do Grupo Popular, na necesidade que a Xunta siga liderando o proceso de defensa da designaci\u00f3n do top\u00f3nimo R\u00eda de Ribadeo, presentando o recurso correspondente contra a resoluci\u00f3n do Instituto Xeogr\u00e1fico Nacional que establece o mesmo nivel de oficialidade ao top\u00f3nimo R\u00eda do Eo, contradicindo o principio da ONU de top\u00f3nimo \u00fanico de obrigado cumprimento para Espa\u00f1a.<\/p>\n<p><!--more--><\/p>\n<p>O deputado popular Daniel Vega manifestou que, \u201cademais dun sentimento, defendemos o top\u00f3nimo de R\u00eda de Ribadeo baseado en informes t\u00e9cnicos\u201d, como o elaborado en 2006 pola Comisi\u00f3n de Toponimia de Galicia, que agora se volveu a remitir completado con achegas documentais e filol\u00f3xicas do Seminario de Onom\u00e1stica da Real Academia Galega, do Consello da Cultura e do grupo de investigaci\u00f3n An\u00e1lise Territorial da Universidade de Santiago.<\/p>\n<p>\u00a0<\/p>\n<p>\u201cA denominaci\u00f3n R\u00eda de Ribadeo \u00e9 a m\u00e1is antiga para esta r\u00eda, ademais de ser a xeral na cartograf\u00eda de todos os tempos, desde o s\u00e9culo XVI ata a actualidade\u201d, explicou Daniel Vega. As\u00ed mesmo, apuntou que as r\u00edas \u201cnon reciben o nome dos r\u00edos que lles achegan auga, sen\u00f3n daquela vila que antes ou mellor consolidou porto de mar\u201d. \u201cSe as r\u00edas levasen o nome dos r\u00edos que nelas desembocan, na r\u00eda de Ribadeo fano catro: o Eo, o Suar\u00f3n, o Monxard\u00edn e o Grande\u201d, dixo.<\/p>\n<p>\u00a0<\/p>\n<p><strong>EVITAR CAMBIO INNECESARIO DE NOMES<\/strong><\/p>\n<p>\u00a0<\/p>\n<p>Por \u00faltimo, o deputado popular afirmou que a propia Comisi\u00f3n de Expertos e Nomes Xeogr\u00e1ficos da ONU, da que forman parte, en representaci\u00f3n de Espa\u00f1a, membros do Instituto Xeogr\u00e1fico Nacional, manifesta que por normalizaci\u00f3n internacional dos nomes xeogr\u00e1ficos ent\u00e9ndese a actividade encami\u00f1ada a lograr unha forma escrita \u00fanica de cada nome xeogr\u00e1fico da terra, ao tempo que a primeira Conferencia das Naci\u00f3ns Unidas sobre a normalizaci\u00f3n dos nomes xeogr\u00e1ficos recomendou que \u201cse evite o cambio innecesario de nomes\u201d.<\/p>\n<p>\u00a0<\/p>\n<p>\u201cPor todo isto, desde o PPdeG reiteramos que R\u00eda de Ribadeo debe ser a \u00fanica denominaci\u00f3n oficial, para o que a Xunta debe insistir en todos os estamentos estatais e internacionais competentes para que se mante\u00f1a este top\u00f3nimo en exclusiva nos documentos e cartograf\u00eda onde xa figura actualmente ou a substituci\u00f3n do top\u00f3nimo R\u00eda do Eo polo de R\u00eda de Ribadeo naqueles que optaron por esta denominaci\u00f3n\u201d, demandou Daniel Vega.<\/p>\n","protected":false},"excerpt":{"rendered":"<p>Santiago, 2 de decembro de 2021.- O Parlamento galego insistiu hoxe por unanimidade, a trav\u00e9s dunha proposici\u00f3n non de lei do Grupo Popular, na necesidade que a Xunta siga liderando o proceso de defensa da designaci\u00f3n do top\u00f3nimo R\u00eda de Ribadeo, presentando o recurso correspondente contra a resoluci\u00f3n do Instituto Xeogr\u00e1fico Nacional que establece o [&hellip;]<\/p>\n","protected":false},"author":38,"featured_media":56475,"comment_status":"open","ping_status":"open","sticky":false,"template":"","format":"standard","meta":{"_acf_changed":false,"footnotes":""},"categories":[1],"tags":[],"class_list":["post-56476","post","type-post","status-publish","format-standard","has-post-thumbnail","hentry","category-pp-de-galicia"],"acf":[],"yoast_head":"<!-- This site is optimized with the Yoast SEO plugin v27.3 - https:\/\/yoast.com\/product\/yoast-seo-wordpress\/ -->\n<title>R\u00eda de Ribadeo, o top\u00f3nimo oficial que defende o Parlamento de Galicia - PP de Galicia<\/title>\n<meta name=\"robots\" content=\"index, follow, max-snippet:-1, max-image-preview:large, max-video-preview:-1\" \/>\n<link rel=\"canonical\" href=\"https:\/\/ppdegalicia.com\/es\/ria-de-ribadeo-o-toponimo-oficial-que-defende-o-parlamento-de-galicia\/\" \/>\n<meta property=\"og:locale\" content=\"es_ES\" \/>\n<meta property=\"og:type\" content=\"article\" \/>\n<meta property=\"og:title\" content=\"R\u00eda de Ribadeo, o top\u00f3nimo oficial que defende o Parlamento de Galicia - PP de Galicia\" \/>\n<meta property=\"og:description\" content=\"Santiago, 2 de decembro de 2021.- O Parlamento galego insistiu hoxe por unanimidade, a trav\u00e9s dunha proposici\u00f3n non de lei do Grupo Popular, na necesidade que a Xunta siga liderando o proceso de defensa da designaci\u00f3n do top\u00f3nimo R\u00eda de Ribadeo, presentando o recurso correspondente contra a resoluci\u00f3n do Instituto Xeogr\u00e1fico Nacional que establece o [&hellip;]\" \/>\n<meta property=\"og:url\" content=\"https:\/\/ppdegalicia.com\/es\/ria-de-ribadeo-o-toponimo-oficial-que-defende-o-parlamento-de-galicia\/\" \/>\n<meta property=\"og:site_name\" content=\"PP de Galicia\" \/>\n<meta property=\"article:publisher\" content=\"https:\/\/www.instagram.com\/ppdegalicia\/\" \/>\n<meta property=\"article:published_time\" content=\"2021-12-02T11:13:47+00:00\" \/>\n<meta property=\"og:image\" content=\"https:\/\/ppdegalicia.com\/wp-content\/uploads\/2021\/12\/d43bfa7a93d9d6b281588e92589952d4.jpg\" \/>\n\t<meta property=\"og:image:width\" content=\"1900\" \/>\n\t<meta property=\"og:image:height\" content=\"1267\" \/>\n\t<meta property=\"og:image:type\" content=\"image\/jpeg\" \/>\n<meta name=\"author\" content=\"ppdegaliciaredes\" \/>\n<meta name=\"twitter:card\" content=\"summary_large_image\" \/>\n<meta name=\"twitter:creator\" content=\"@ppdegalicia\" \/>\n<meta name=\"twitter:site\" content=\"@ppdegalicia\" \/>\n<meta name=\"twitter:label1\" content=\"Escrito por\" \/>\n\t<meta name=\"twitter:data1\" content=\"ppdegaliciaredes\" \/>\n\t<meta name=\"twitter:label2\" content=\"Tiempo de lectura\" \/>\n\t<meta name=\"twitter:data2\" content=\"2 minutos\" \/>\n<script type=\"application\/ld+json\" class=\"yoast-schema-graph\">{\"@context\":\"https:\\\/\\\/schema.org\",\"@graph\":[{\"@type\":\"Article\",\"@id\":\"https:\\\/\\\/ppdegalicia.com\\\/es\\\/ria-de-ribadeo-o-toponimo-oficial-que-defende-o-parlamento-de-galicia\\\/#article\",\"isPartOf\":{\"@id\":\"https:\\\/\\\/ppdegalicia.com\\\/es\\\/ria-de-ribadeo-o-toponimo-oficial-que-defende-o-parlamento-de-galicia\\\/\"},\"author\":{\"name\":\"ppdegaliciaredes\",\"@id\":\"https:\\\/\\\/ppdegalicia.com\\\/es\\\/#\\\/schema\\\/person\\\/5b822c6f59e872ebdd1142f307dbcb59\"},\"headline\":\"R\u00eda de Ribadeo, o top\u00f3nimo oficial que defende o Parlamento de Galicia\",\"datePublished\":\"2021-12-02T11:13:47+00:00\",\"mainEntityOfPage\":{\"@id\":\"https:\\\/\\\/ppdegalicia.com\\\/es\\\/ria-de-ribadeo-o-toponimo-oficial-que-defende-o-parlamento-de-galicia\\\/\"},\"wordCount\":451,\"commentCount\":0,\"publisher\":{\"@id\":\"https:\\\/\\\/ppdegalicia.com\\\/es\\\/#organization\"},\"image\":{\"@id\":\"https:\\\/\\\/ppdegalicia.com\\\/es\\\/ria-de-ribadeo-o-toponimo-oficial-que-defende-o-parlamento-de-galicia\\\/#primaryimage\"},\"thumbnailUrl\":\"https:\\\/\\\/ppdegalicia.com\\\/wp-content\\\/uploads\\\/2021\\\/12\\\/d43bfa7a93d9d6b281588e92589952d4.jpg\",\"articleSection\":[\"PP de Galicia\"],\"inLanguage\":\"es\",\"potentialAction\":[{\"@type\":\"CommentAction\",\"name\":\"Comment\",\"target\":[\"https:\\\/\\\/ppdegalicia.com\\\/es\\\/ria-de-ribadeo-o-toponimo-oficial-que-defende-o-parlamento-de-galicia\\\/#respond\"]}]},{\"@type\":\"WebPage\",\"@id\":\"https:\\\/\\\/ppdegalicia.com\\\/es\\\/ria-de-ribadeo-o-toponimo-oficial-que-defende-o-parlamento-de-galicia\\\/\",\"url\":\"https:\\\/\\\/ppdegalicia.com\\\/es\\\/ria-de-ribadeo-o-toponimo-oficial-que-defende-o-parlamento-de-galicia\\\/\",\"name\":\"R\u00eda de Ribadeo, o top\u00f3nimo oficial que defende o Parlamento de Galicia - PP de Galicia\",\"isPartOf\":{\"@id\":\"https:\\\/\\\/ppdegalicia.com\\\/es\\\/#website\"},\"primaryImageOfPage\":{\"@id\":\"https:\\\/\\\/ppdegalicia.com\\\/es\\\/ria-de-ribadeo-o-toponimo-oficial-que-defende-o-parlamento-de-galicia\\\/#primaryimage\"},\"image\":{\"@id\":\"https:\\\/\\\/ppdegalicia.com\\\/es\\\/ria-de-ribadeo-o-toponimo-oficial-que-defende-o-parlamento-de-galicia\\\/#primaryimage\"},\"thumbnailUrl\":\"https:\\\/\\\/ppdegalicia.com\\\/wp-content\\\/uploads\\\/2021\\\/12\\\/d43bfa7a93d9d6b281588e92589952d4.jpg\",\"datePublished\":\"2021-12-02T11:13:47+00:00\",\"breadcrumb\":{\"@id\":\"https:\\\/\\\/ppdegalicia.com\\\/es\\\/ria-de-ribadeo-o-toponimo-oficial-que-defende-o-parlamento-de-galicia\\\/#breadcrumb\"},\"inLanguage\":\"es\",\"potentialAction\":[{\"@type\":\"ReadAction\",\"target\":[\"https:\\\/\\\/ppdegalicia.com\\\/es\\\/ria-de-ribadeo-o-toponimo-oficial-que-defende-o-parlamento-de-galicia\\\/\"]}]},{\"@type\":\"ImageObject\",\"inLanguage\":\"es\",\"@id\":\"https:\\\/\\\/ppdegalicia.com\\\/es\\\/ria-de-ribadeo-o-toponimo-oficial-que-defende-o-parlamento-de-galicia\\\/#primaryimage\",\"url\":\"https:\\\/\\\/ppdegalicia.com\\\/wp-content\\\/uploads\\\/2021\\\/12\\\/d43bfa7a93d9d6b281588e92589952d4.jpg\",\"contentUrl\":\"https:\\\/\\\/ppdegalicia.com\\\/wp-content\\\/uploads\\\/2021\\\/12\\\/d43bfa7a93d9d6b281588e92589952d4.jpg\",\"width\":1900,\"height\":1267},{\"@type\":\"BreadcrumbList\",\"@id\":\"https:\\\/\\\/ppdegalicia.com\\\/es\\\/ria-de-ribadeo-o-toponimo-oficial-que-defende-o-parlamento-de-galicia\\\/#breadcrumb\",\"itemListElement\":[{\"@type\":\"ListItem\",\"position\":1,\"name\":\"Portada\",\"item\":\"https:\\\/\\\/ppdegalicia.com\\\/es\\\/\"},{\"@type\":\"ListItem\",\"position\":2,\"name\":\"R\u00eda de Ribadeo, o top\u00f3nimo oficial que defende o Parlamento de Galicia\"}]},{\"@type\":\"WebSite\",\"@id\":\"https:\\\/\\\/ppdegalicia.com\\\/es\\\/#website\",\"url\":\"https:\\\/\\\/ppdegalicia.com\\\/es\\\/\",\"name\":\"Partido Popular de Galicia\",\"description\":\"Partido Popular de Galicia\",\"publisher\":{\"@id\":\"https:\\\/\\\/ppdegalicia.com\\\/es\\\/#organization\"},\"alternateName\":\"PP de Galicia\",\"potentialAction\":[{\"@type\":\"SearchAction\",\"target\":{\"@type\":\"EntryPoint\",\"urlTemplate\":\"https:\\\/\\\/ppdegalicia.com\\\/es\\\/?s={search_term_string}\"},\"query-input\":{\"@type\":\"PropertyValueSpecification\",\"valueRequired\":true,\"valueName\":\"search_term_string\"}}],\"inLanguage\":\"es\"},{\"@type\":\"Organization\",\"@id\":\"https:\\\/\\\/ppdegalicia.com\\\/es\\\/#organization\",\"name\":\"Partido Popular de Galicia\",\"alternateName\":\"PP de Galicia\",\"url\":\"https:\\\/\\\/ppdegalicia.com\\\/es\\\/\",\"logo\":{\"@type\":\"ImageObject\",\"inLanguage\":\"es\",\"@id\":\"https:\\\/\\\/ppdegalicia.com\\\/es\\\/#\\\/schema\\\/logo\\\/image\\\/\",\"url\":\"https:\\\/\\\/ppdegalicia.com\\\/wp-content\\\/uploads\\\/2023\\\/04\\\/logoPP512.png\",\"contentUrl\":\"https:\\\/\\\/ppdegalicia.com\\\/wp-content\\\/uploads\\\/2023\\\/04\\\/logoPP512.png\",\"width\":512,\"height\":512,\"caption\":\"Partido Popular de Galicia\"},\"image\":{\"@id\":\"https:\\\/\\\/ppdegalicia.com\\\/es\\\/#\\\/schema\\\/logo\\\/image\\\/\"},\"sameAs\":[\"https:\\\/\\\/www.instagram.com\\\/ppdegalicia\\\/\",\"https:\\\/\\\/x.com\\\/ppdegalicia\",\"https:\\\/\\\/www.tiktok.com\\\/@ppdegalicia\",\"https:\\\/\\\/www.youtube.com\\\/user\\\/ppdegalicia\"]},{\"@type\":\"Person\",\"@id\":\"https:\\\/\\\/ppdegalicia.com\\\/es\\\/#\\\/schema\\\/person\\\/5b822c6f59e872ebdd1142f307dbcb59\",\"name\":\"ppdegaliciaredes\",\"image\":{\"@type\":\"ImageObject\",\"inLanguage\":\"es\",\"@id\":\"https:\\\/\\\/secure.gravatar.com\\\/avatar\\\/3c9179cf0256d00c72a48d1f25783c58b6842cd56e85ef3a572881c8e28ccd59?s=96&d=mm&r=g\",\"url\":\"https:\\\/\\\/secure.gravatar.com\\\/avatar\\\/3c9179cf0256d00c72a48d1f25783c58b6842cd56e85ef3a572881c8e28ccd59?s=96&d=mm&r=g\",\"contentUrl\":\"https:\\\/\\\/secure.gravatar.com\\\/avatar\\\/3c9179cf0256d00c72a48d1f25783c58b6842cd56e85ef3a572881c8e28ccd59?s=96&d=mm&r=g\",\"caption\":\"ppdegaliciaredes\"},\"url\":\"https:\\\/\\\/ppdegalicia.com\\\/es\\\/author\\\/ppdegaliciaredes\\\/\"}]}<\/script>\n<!-- \/ Yoast SEO plugin. -->","yoast_head_json":{"title":"R\u00eda de Ribadeo, o top\u00f3nimo oficial que defende o Parlamento de Galicia - PP de Galicia","robots":{"index":"index","follow":"follow","max-snippet":"max-snippet:-1","max-image-preview":"max-image-preview:large","max-video-preview":"max-video-preview:-1"},"canonical":"https:\/\/ppdegalicia.com\/es\/ria-de-ribadeo-o-toponimo-oficial-que-defende-o-parlamento-de-galicia\/","og_locale":"es_ES","og_type":"article","og_title":"R\u00eda de Ribadeo, o top\u00f3nimo oficial que defende o Parlamento de Galicia - PP de Galicia","og_description":"Santiago, 2 de decembro de 2021.- O Parlamento galego insistiu hoxe por unanimidade, a trav\u00e9s dunha proposici\u00f3n non de lei do Grupo Popular, na necesidade que a Xunta siga liderando o proceso de defensa da designaci\u00f3n do top\u00f3nimo R\u00eda de Ribadeo, presentando o recurso correspondente contra a resoluci\u00f3n do Instituto Xeogr\u00e1fico Nacional que establece o [&hellip;]","og_url":"https:\/\/ppdegalicia.com\/es\/ria-de-ribadeo-o-toponimo-oficial-que-defende-o-parlamento-de-galicia\/","og_site_name":"PP de Galicia","article_publisher":"https:\/\/www.instagram.com\/ppdegalicia\/","article_published_time":"2021-12-02T11:13:47+00:00","og_image":[{"width":1900,"height":1267,"url":"https:\/\/ppdegalicia.com\/wp-content\/uploads\/2021\/12\/d43bfa7a93d9d6b281588e92589952d4.jpg","type":"image\/jpeg"}],"author":"ppdegaliciaredes","twitter_card":"summary_large_image","twitter_creator":"@ppdegalicia","twitter_site":"@ppdegalicia","twitter_misc":{"Escrito por":"ppdegaliciaredes","Tiempo de lectura":"2 minutos"},"schema":{"@context":"https:\/\/schema.org","@graph":[{"@type":"Article","@id":"https:\/\/ppdegalicia.com\/es\/ria-de-ribadeo-o-toponimo-oficial-que-defende-o-parlamento-de-galicia\/#article","isPartOf":{"@id":"https:\/\/ppdegalicia.com\/es\/ria-de-ribadeo-o-toponimo-oficial-que-defende-o-parlamento-de-galicia\/"},"author":{"name":"ppdegaliciaredes","@id":"https:\/\/ppdegalicia.com\/es\/#\/schema\/person\/5b822c6f59e872ebdd1142f307dbcb59"},"headline":"R\u00eda de Ribadeo, o top\u00f3nimo oficial que defende o Parlamento de Galicia","datePublished":"2021-12-02T11:13:47+00:00","mainEntityOfPage":{"@id":"https:\/\/ppdegalicia.com\/es\/ria-de-ribadeo-o-toponimo-oficial-que-defende-o-parlamento-de-galicia\/"},"wordCount":451,"commentCount":0,"publisher":{"@id":"https:\/\/ppdegalicia.com\/es\/#organization"},"image":{"@id":"https:\/\/ppdegalicia.com\/es\/ria-de-ribadeo-o-toponimo-oficial-que-defende-o-parlamento-de-galicia\/#primaryimage"},"thumbnailUrl":"https:\/\/ppdegalicia.com\/wp-content\/uploads\/2021\/12\/d43bfa7a93d9d6b281588e92589952d4.jpg","articleSection":["PP de Galicia"],"inLanguage":"es","potentialAction":[{"@type":"CommentAction","name":"Comment","target":["https:\/\/ppdegalicia.com\/es\/ria-de-ribadeo-o-toponimo-oficial-que-defende-o-parlamento-de-galicia\/#respond"]}]},{"@type":"WebPage","@id":"https:\/\/ppdegalicia.com\/es\/ria-de-ribadeo-o-toponimo-oficial-que-defende-o-parlamento-de-galicia\/","url":"https:\/\/ppdegalicia.com\/es\/ria-de-ribadeo-o-toponimo-oficial-que-defende-o-parlamento-de-galicia\/","name":"R\u00eda de Ribadeo, o top\u00f3nimo oficial que defende o Parlamento de Galicia - PP de Galicia","isPartOf":{"@id":"https:\/\/ppdegalicia.com\/es\/#website"},"primaryImageOfPage":{"@id":"https:\/\/ppdegalicia.com\/es\/ria-de-ribadeo-o-toponimo-oficial-que-defende-o-parlamento-de-galicia\/#primaryimage"},"image":{"@id":"https:\/\/ppdegalicia.com\/es\/ria-de-ribadeo-o-toponimo-oficial-que-defende-o-parlamento-de-galicia\/#primaryimage"},"thumbnailUrl":"https:\/\/ppdegalicia.com\/wp-content\/uploads\/2021\/12\/d43bfa7a93d9d6b281588e92589952d4.jpg","datePublished":"2021-12-02T11:13:47+00:00","breadcrumb":{"@id":"https:\/\/ppdegalicia.com\/es\/ria-de-ribadeo-o-toponimo-oficial-que-defende-o-parlamento-de-galicia\/#breadcrumb"},"inLanguage":"es","potentialAction":[{"@type":"ReadAction","target":["https:\/\/ppdegalicia.com\/es\/ria-de-ribadeo-o-toponimo-oficial-que-defende-o-parlamento-de-galicia\/"]}]},{"@type":"ImageObject","inLanguage":"es","@id":"https:\/\/ppdegalicia.com\/es\/ria-de-ribadeo-o-toponimo-oficial-que-defende-o-parlamento-de-galicia\/#primaryimage","url":"https:\/\/ppdegalicia.com\/wp-content\/uploads\/2021\/12\/d43bfa7a93d9d6b281588e92589952d4.jpg","contentUrl":"https:\/\/ppdegalicia.com\/wp-content\/uploads\/2021\/12\/d43bfa7a93d9d6b281588e92589952d4.jpg","width":1900,"height":1267},{"@type":"BreadcrumbList","@id":"https:\/\/ppdegalicia.com\/es\/ria-de-ribadeo-o-toponimo-oficial-que-defende-o-parlamento-de-galicia\/#breadcrumb","itemListElement":[{"@type":"ListItem","position":1,"name":"Portada","item":"https:\/\/ppdegalicia.com\/es\/"},{"@type":"ListItem","position":2,"name":"R\u00eda de Ribadeo, o top\u00f3nimo oficial que defende o Parlamento de Galicia"}]},{"@type":"WebSite","@id":"https:\/\/ppdegalicia.com\/es\/#website","url":"https:\/\/ppdegalicia.com\/es\/","name":"Partido Popular de Galicia","description":"Partido Popular de Galicia","publisher":{"@id":"https:\/\/ppdegalicia.com\/es\/#organization"},"alternateName":"PP de Galicia","potentialAction":[{"@type":"SearchAction","target":{"@type":"EntryPoint","urlTemplate":"https:\/\/ppdegalicia.com\/es\/?s={search_term_string}"},"query-input":{"@type":"PropertyValueSpecification","valueRequired":true,"valueName":"search_term_string"}}],"inLanguage":"es"},{"@type":"Organization","@id":"https:\/\/ppdegalicia.com\/es\/#organization","name":"Partido Popular de Galicia","alternateName":"PP de Galicia","url":"https:\/\/ppdegalicia.com\/es\/","logo":{"@type":"ImageObject","inLanguage":"es","@id":"https:\/\/ppdegalicia.com\/es\/#\/schema\/logo\/image\/","url":"https:\/\/ppdegalicia.com\/wp-content\/uploads\/2023\/04\/logoPP512.png","contentUrl":"https:\/\/ppdegalicia.com\/wp-content\/uploads\/2023\/04\/logoPP512.png","width":512,"height":512,"caption":"Partido Popular de Galicia"},"image":{"@id":"https:\/\/ppdegalicia.com\/es\/#\/schema\/logo\/image\/"},"sameAs":["https:\/\/www.instagram.com\/ppdegalicia\/","https:\/\/x.com\/ppdegalicia","https:\/\/www.tiktok.com\/@ppdegalicia","https:\/\/www.youtube.com\/user\/ppdegalicia"]},{"@type":"Person","@id":"https:\/\/ppdegalicia.com\/es\/#\/schema\/person\/5b822c6f59e872ebdd1142f307dbcb59","name":"ppdegaliciaredes","image":{"@type":"ImageObject","inLanguage":"es","@id":"https:\/\/secure.gravatar.com\/avatar\/3c9179cf0256d00c72a48d1f25783c58b6842cd56e85ef3a572881c8e28ccd59?s=96&d=mm&r=g","url":"https:\/\/secure.gravatar.com\/avatar\/3c9179cf0256d00c72a48d1f25783c58b6842cd56e85ef3a572881c8e28ccd59?s=96&d=mm&r=g","contentUrl":"https:\/\/secure.gravatar.com\/avatar\/3c9179cf0256d00c72a48d1f25783c58b6842cd56e85ef3a572881c8e28ccd59?s=96&d=mm&r=g","caption":"ppdegaliciaredes"},"url":"https:\/\/ppdegalicia.com\/es\/author\/ppdegaliciaredes\/"}]}},"_links":{"self":[{"href":"https:\/\/ppdegalicia.com\/es\/wp-json\/wp\/v2\/posts\/56476","targetHints":{"allow":["GET"]}}],"collection":[{"href":"https:\/\/ppdegalicia.com\/es\/wp-json\/wp\/v2\/posts"}],"about":[{"href":"https:\/\/ppdegalicia.com\/es\/wp-json\/wp\/v2\/types\/post"}],"author":[{"embeddable":true,"href":"https:\/\/ppdegalicia.com\/es\/wp-json\/wp\/v2\/users\/38"}],"replies":[{"embeddable":true,"href":"https:\/\/ppdegalicia.com\/es\/wp-json\/wp\/v2\/comments?post=56476"}],"version-history":[{"count":0,"href":"https:\/\/ppdegalicia.com\/es\/wp-json\/wp\/v2\/posts\/56476\/revisions"}],"wp:featuredmedia":[{"embeddable":true,"href":"https:\/\/ppdegalicia.com\/es\/wp-json\/wp\/v2\/media\/56475"}],"wp:attachment":[{"href":"https:\/\/ppdegalicia.com\/es\/wp-json\/wp\/v2\/media?parent=56476"}],"wp:term":[{"taxonomy":"category","embeddable":true,"href":"https:\/\/ppdegalicia.com\/es\/wp-json\/wp\/v2\/categories?post=56476"},{"taxonomy":"post_tag","embeddable":true,"href":"https:\/\/ppdegalicia.com\/es\/wp-json\/wp\/v2\/tags?post=56476"}],"curies":[{"name":"wp","href":"https:\/\/api.w.org\/{rel}","templated":true}]}}