{"id":56480,"date":"2021-12-03T09:59:16","date_gmt":"2021-12-03T07:59:16","guid":{"rendered":"https:\/\/ppdegalicia.com\/promocion-dos-controis-na-entrada-de-gando-porcino-e-a-intensificacion-das-campanas-de-prevencion-e-das-medidas-de-bioseguridade-das-explotacions\/"},"modified":"2021-12-03T09:59:16","modified_gmt":"2021-12-03T07:59:16","slug":"promocion-dos-controis-na-entrada-de-gando-porcino-e-a-intensificacion-das-campanas-de-prevencion-e-das-medidas-de-bioseguridade-das-explotacions","status":"publish","type":"post","link":"https:\/\/ppdegalicia.com\/es\/promocion-dos-controis-na-entrada-de-gando-porcino-e-a-intensificacion-das-campanas-de-prevencion-e-das-medidas-de-bioseguridade-das-explotacions\/","title":{"rendered":"Promoci\u00f3n dos controis na entrada de gando porcino e a intensificaci\u00f3n das campa\u00f1as de prevenci\u00f3n e das medidas de bioseguridade das explotaci\u00f3ns"},"content":{"rendered":"<p><img fetchpriority=\"high\" decoding=\"async\" class=\" size-full wp-image-56479\" src=\"https:\/\/ppdegalicia.com\/wp-content\/uploads\/2021\/12\/20f9668937c8c6711d72ff4ee5dd6d1c.jpg\" alt=\"\" width=\"1920\" height=\"1898\" srcset=\"https:\/\/ppdegalicia.com\/wp-content\/uploads\/2021\/12\/20f9668937c8c6711d72ff4ee5dd6d1c.jpg 1920w, https:\/\/ppdegalicia.com\/wp-content\/uploads\/2021\/12\/20f9668937c8c6711d72ff4ee5dd6d1c-300x297.jpg 300w, https:\/\/ppdegalicia.com\/wp-content\/uploads\/2021\/12\/20f9668937c8c6711d72ff4ee5dd6d1c-1024x1012.jpg 1024w, https:\/\/ppdegalicia.com\/wp-content\/uploads\/2021\/12\/20f9668937c8c6711d72ff4ee5dd6d1c-768x759.jpg 768w, https:\/\/ppdegalicia.com\/wp-content\/uploads\/2021\/12\/20f9668937c8c6711d72ff4ee5dd6d1c-1536x1518.jpg 1536w\" sizes=\"(max-width: 1920px) 100vw, 1920px\" \/><\/p>\n<p>Iniciativa sobre a promoci\u00f3n dos controis na entrada de gando porcino e a intensificaci\u00f3n das campa\u00f1as de prevenci\u00f3n e das medidas de bioseguridade das explotaci\u00f3ns<\/p>\n<p><!--more--><\/p>\n<p>A Peste Porcina Africana (PPA) \u00e9 unha enfermidade de orixe v\u00edrica altamente contaxiosa que afecta ao gando porcino, tam\u00e9n aos xabar\u00eds silvestres. Ao respecto, pos\u00fae unha gran repercusi\u00f3n tanto sanitaria como econ\u00f3mica para o sector porcino, xa que non existe vacina. Isto sup\u00f3n que evitar a entrada do virus por calquera v\u00eda en Galicia sexa algo transcendental.<\/p>\n<p>Na actualidade, a Conseller\u00eda do Medio Rural desenvolve un Programa anual de Vixilancia Sanitaria Porcina no territorio da Comunidade Aut\u00f3noma de Galicia, que foi intensificado a partires de 2014 por mor da presenza da devandita enfermidade en diversos pa\u00edses da Uni\u00f3n Europea. De feito, c\u00f3mpre destacar que a PPA segue avanzando sobre todo nos pa\u00edses do norte e centro de Europa.<\/p>\n<p>O sector porcino \u00e9 dunha enorme importancia econ\u00f3mica, e c\u00f3mpre extremar as precauci\u00f3ns fronte a esta enfermidade que ameaza a s\u00faa actividade produtora e o potencial exportador. Neste sentido, a detecci\u00f3n precoz da PPA \u00e9 sumamente importante para que as medidas de control sexan efectivas.<\/p>\n<p>As\u00ed mesmo, \u00e9 prioritario reforzar este labor e incidir no incremento dos sistemas de vixilancia establecidos, as\u00ed como divulgar as v\u00edas de introduci\u00f3n desta da enfermidade, sexa por medio de animais infectados \u2013v\u00eda directa\u2013 ou ben a trav\u00e9s de materiais contaminados co virus \u2013v\u00eda indirecta\u2013.<br \/>Por este motivo, \u00e9 fundamental intensificar e aumentar a \u201cbioseguridade\u201d das nosas granxas de gando porcino, evitando a incorporaci\u00f3n de animais de pa\u00edses de risco e mantendo as explotaci\u00f3ns illadas ao acceso de xabar\u00eds, asegurando unha eficaz<br \/>limpeza e desinfecci\u00f3n de veh\u00edculos, persoas ou equipos que accedan \u00e1 granxa, etc..<\/p>\n<p>Tam\u00e9n \u00e9 preciso evitar a introduci\u00f3n en Galicia de produtos c\u00e1rnicos de gando porcino ou xabaril orixinarios dos pa\u00edses de risco, e no caso de facelo, asegurarse de que estes produtos ou os seus restos non son utilizados na alimentaci\u00f3n dos porcos nin son eliminados en lugares aos que te\u00f1an acceso os xabar\u00eds.<\/p>\n<p>Con todo, d\u00e9bese evadir a realizaci\u00f3n de actividades cinex\u00e9ticas nos pa\u00edses afectados, e no caso de seren materializadas, evitar traer produtos animais de cacer\u00eda e garantir unha adecuada limpeza e desinfecci\u00f3n de todos os materiais que podan servir de fonte de contaxio.<\/p>\n<p>Por todo o exposto, o Grupo Parlamentario Popular, presenta a seguinte proposici\u00f3n non de lei en Comisi\u00f3n:<\/p>\n<p><strong>\u201cO Parlamento de Galicia insta \u00e1 Xunta de Galicia para que promova un aumento dos controis nas entradas do gando porcino na nosa Comunidade, inclu\u00eddas as que te\u00f1en orixe en Portugal, as\u00ed como intensificar as campa\u00f1as de prevenci\u00f3n e as medidas de bioseguridade das nosas explotaci\u00f3ns\u201d.<\/strong><\/p>\n<p><strong>Rexistro:\u00a0<a href=\"https:\/\/www.parlamentodegalicia.es\/Expedientes\/11\/PNC-002252\">https:\/\/www.parlamentodegalicia.es\/Expedientes\/11\/PNC-002252<\/a><\/strong><\/p>\n<p>\u00a0<\/p>\n","protected":false},"excerpt":{"rendered":"<p>Iniciativa sobre a promoci\u00f3n dos controis na entrada de gando porcino e a intensificaci\u00f3n das campa\u00f1as de prevenci\u00f3n e das medidas de bioseguridade das explotaci\u00f3ns<\/p>\n","protected":false},"author":38,"featured_media":56479,"comment_status":"open","ping_status":"open","sticky":false,"template":"","format":"standard","meta":{"_acf_changed":false,"footnotes":""},"categories":[1128,1],"tags":[],"class_list":["post-56480","post","type-post","status-publish","format-standard","has-post-thumbnail","hentry","category-actualidad-parlamento-de-galicia","category-pp-de-galicia"],"acf":[],"yoast_head":"<!-- This site is optimized with the Yoast SEO plugin v27.3 - https:\/\/yoast.com\/product\/yoast-seo-wordpress\/ -->\n<title>Promoci\u00f3n dos controis na entrada de gando porcino e a intensificaci\u00f3n das campa\u00f1as de prevenci\u00f3n e das medidas de bioseguridade das explotaci\u00f3ns - PP de Galicia<\/title>\n<meta name=\"robots\" content=\"index, follow, max-snippet:-1, max-image-preview:large, max-video-preview:-1\" \/>\n<link rel=\"canonical\" href=\"https:\/\/ppdegalicia.com\/es\/promocion-dos-controis-na-entrada-de-gando-porcino-e-a-intensificacion-das-campanas-de-prevencion-e-das-medidas-de-bioseguridade-das-explotacions\/\" \/>\n<meta property=\"og:locale\" content=\"es_ES\" \/>\n<meta property=\"og:type\" content=\"article\" \/>\n<meta property=\"og:title\" content=\"Promoci\u00f3n dos controis na entrada de gando porcino e a intensificaci\u00f3n das campa\u00f1as de prevenci\u00f3n e das medidas de bioseguridade das explotaci\u00f3ns - PP de Galicia\" \/>\n<meta property=\"og:description\" content=\"Iniciativa sobre a promoci\u00f3n dos controis na entrada de gando porcino e a intensificaci\u00f3n das campa\u00f1as de prevenci\u00f3n e das medidas de bioseguridade das explotaci\u00f3ns\" \/>\n<meta property=\"og:url\" content=\"https:\/\/ppdegalicia.com\/es\/promocion-dos-controis-na-entrada-de-gando-porcino-e-a-intensificacion-das-campanas-de-prevencion-e-das-medidas-de-bioseguridade-das-explotacions\/\" \/>\n<meta property=\"og:site_name\" content=\"PP de Galicia\" \/>\n<meta property=\"article:publisher\" content=\"https:\/\/www.instagram.com\/ppdegalicia\/\" \/>\n<meta property=\"article:published_time\" content=\"2021-12-03T07:59:16+00:00\" \/>\n<meta property=\"og:image\" content=\"https:\/\/ppdegalicia.com\/wp-content\/uploads\/2021\/12\/20f9668937c8c6711d72ff4ee5dd6d1c-1024x1012.jpg\" \/>\n\t<meta property=\"og:image:width\" content=\"1024\" \/>\n\t<meta property=\"og:image:height\" content=\"1012\" \/>\n\t<meta property=\"og:image:type\" content=\"image\/jpeg\" \/>\n<meta name=\"author\" content=\"ppdegaliciaredes\" \/>\n<meta name=\"twitter:card\" content=\"summary_large_image\" \/>\n<meta name=\"twitter:creator\" content=\"@ppdegalicia\" \/>\n<meta name=\"twitter:site\" content=\"@ppdegalicia\" \/>\n<meta name=\"twitter:label1\" content=\"Escrito por\" \/>\n\t<meta name=\"twitter:data1\" content=\"ppdegaliciaredes\" \/>\n\t<meta name=\"twitter:label2\" content=\"Tiempo de lectura\" \/>\n\t<meta name=\"twitter:data2\" content=\"2 minutos\" \/>\n<script type=\"application\/ld+json\" class=\"yoast-schema-graph\">{\"@context\":\"https:\\\/\\\/schema.org\",\"@graph\":[{\"@type\":\"Article\",\"@id\":\"https:\\\/\\\/ppdegalicia.com\\\/es\\\/promocion-dos-controis-na-entrada-de-gando-porcino-e-a-intensificacion-das-campanas-de-prevencion-e-das-medidas-de-bioseguridade-das-explotacions\\\/#article\",\"isPartOf\":{\"@id\":\"https:\\\/\\\/ppdegalicia.com\\\/es\\\/promocion-dos-controis-na-entrada-de-gando-porcino-e-a-intensificacion-das-campanas-de-prevencion-e-das-medidas-de-bioseguridade-das-explotacions\\\/\"},\"author\":{\"name\":\"ppdegaliciaredes\",\"@id\":\"https:\\\/\\\/ppdegalicia.com\\\/es\\\/#\\\/schema\\\/person\\\/5b822c6f59e872ebdd1142f307dbcb59\"},\"headline\":\"Promoci\u00f3n dos controis na entrada de gando porcino e a intensificaci\u00f3n das campa\u00f1as de prevenci\u00f3n e das medidas de bioseguridade das explotaci\u00f3ns\",\"datePublished\":\"2021-12-03T07:59:16+00:00\",\"mainEntityOfPage\":{\"@id\":\"https:\\\/\\\/ppdegalicia.com\\\/es\\\/promocion-dos-controis-na-entrada-de-gando-porcino-e-a-intensificacion-das-campanas-de-prevencion-e-das-medidas-de-bioseguridade-das-explotacions\\\/\"},\"wordCount\":520,\"commentCount\":0,\"publisher\":{\"@id\":\"https:\\\/\\\/ppdegalicia.com\\\/es\\\/#organization\"},\"image\":{\"@id\":\"https:\\\/\\\/ppdegalicia.com\\\/es\\\/promocion-dos-controis-na-entrada-de-gando-porcino-e-a-intensificacion-das-campanas-de-prevencion-e-das-medidas-de-bioseguridade-das-explotacions\\\/#primaryimage\"},\"thumbnailUrl\":\"https:\\\/\\\/ppdegalicia.com\\\/wp-content\\\/uploads\\\/2021\\\/12\\\/20f9668937c8c6711d72ff4ee5dd6d1c.jpg\",\"articleSection\":[\"Parlamento de Galicia\",\"PP de Galicia\"],\"inLanguage\":\"es\",\"potentialAction\":[{\"@type\":\"CommentAction\",\"name\":\"Comment\",\"target\":[\"https:\\\/\\\/ppdegalicia.com\\\/es\\\/promocion-dos-controis-na-entrada-de-gando-porcino-e-a-intensificacion-das-campanas-de-prevencion-e-das-medidas-de-bioseguridade-das-explotacions\\\/#respond\"]}]},{\"@type\":\"WebPage\",\"@id\":\"https:\\\/\\\/ppdegalicia.com\\\/es\\\/promocion-dos-controis-na-entrada-de-gando-porcino-e-a-intensificacion-das-campanas-de-prevencion-e-das-medidas-de-bioseguridade-das-explotacions\\\/\",\"url\":\"https:\\\/\\\/ppdegalicia.com\\\/es\\\/promocion-dos-controis-na-entrada-de-gando-porcino-e-a-intensificacion-das-campanas-de-prevencion-e-das-medidas-de-bioseguridade-das-explotacions\\\/\",\"name\":\"Promoci\u00f3n dos controis na entrada de gando porcino e a intensificaci\u00f3n das campa\u00f1as de prevenci\u00f3n e das medidas de bioseguridade das explotaci\u00f3ns - PP de Galicia\",\"isPartOf\":{\"@id\":\"https:\\\/\\\/ppdegalicia.com\\\/es\\\/#website\"},\"primaryImageOfPage\":{\"@id\":\"https:\\\/\\\/ppdegalicia.com\\\/es\\\/promocion-dos-controis-na-entrada-de-gando-porcino-e-a-intensificacion-das-campanas-de-prevencion-e-das-medidas-de-bioseguridade-das-explotacions\\\/#primaryimage\"},\"image\":{\"@id\":\"https:\\\/\\\/ppdegalicia.com\\\/es\\\/promocion-dos-controis-na-entrada-de-gando-porcino-e-a-intensificacion-das-campanas-de-prevencion-e-das-medidas-de-bioseguridade-das-explotacions\\\/#primaryimage\"},\"thumbnailUrl\":\"https:\\\/\\\/ppdegalicia.com\\\/wp-content\\\/uploads\\\/2021\\\/12\\\/20f9668937c8c6711d72ff4ee5dd6d1c.jpg\",\"datePublished\":\"2021-12-03T07:59:16+00:00\",\"breadcrumb\":{\"@id\":\"https:\\\/\\\/ppdegalicia.com\\\/es\\\/promocion-dos-controis-na-entrada-de-gando-porcino-e-a-intensificacion-das-campanas-de-prevencion-e-das-medidas-de-bioseguridade-das-explotacions\\\/#breadcrumb\"},\"inLanguage\":\"es\",\"potentialAction\":[{\"@type\":\"ReadAction\",\"target\":[\"https:\\\/\\\/ppdegalicia.com\\\/es\\\/promocion-dos-controis-na-entrada-de-gando-porcino-e-a-intensificacion-das-campanas-de-prevencion-e-das-medidas-de-bioseguridade-das-explotacions\\\/\"]}]},{\"@type\":\"ImageObject\",\"inLanguage\":\"es\",\"@id\":\"https:\\\/\\\/ppdegalicia.com\\\/es\\\/promocion-dos-controis-na-entrada-de-gando-porcino-e-a-intensificacion-das-campanas-de-prevencion-e-das-medidas-de-bioseguridade-das-explotacions\\\/#primaryimage\",\"url\":\"https:\\\/\\\/ppdegalicia.com\\\/wp-content\\\/uploads\\\/2021\\\/12\\\/20f9668937c8c6711d72ff4ee5dd6d1c.jpg\",\"contentUrl\":\"https:\\\/\\\/ppdegalicia.com\\\/wp-content\\\/uploads\\\/2021\\\/12\\\/20f9668937c8c6711d72ff4ee5dd6d1c.jpg\",\"width\":1920,\"height\":1898},{\"@type\":\"BreadcrumbList\",\"@id\":\"https:\\\/\\\/ppdegalicia.com\\\/es\\\/promocion-dos-controis-na-entrada-de-gando-porcino-e-a-intensificacion-das-campanas-de-prevencion-e-das-medidas-de-bioseguridade-das-explotacions\\\/#breadcrumb\",\"itemListElement\":[{\"@type\":\"ListItem\",\"position\":1,\"name\":\"Portada\",\"item\":\"https:\\\/\\\/ppdegalicia.com\\\/es\\\/\"},{\"@type\":\"ListItem\",\"position\":2,\"name\":\"Promoci\u00f3n dos controis na entrada de gando porcino e a intensificaci\u00f3n das campa\u00f1as de prevenci\u00f3n e das medidas de bioseguridade das explotaci\u00f3ns\"}]},{\"@type\":\"WebSite\",\"@id\":\"https:\\\/\\\/ppdegalicia.com\\\/es\\\/#website\",\"url\":\"https:\\\/\\\/ppdegalicia.com\\\/es\\\/\",\"name\":\"Partido Popular de Galicia\",\"description\":\"Partido Popular de Galicia\",\"publisher\":{\"@id\":\"https:\\\/\\\/ppdegalicia.com\\\/es\\\/#organization\"},\"alternateName\":\"PP de Galicia\",\"potentialAction\":[{\"@type\":\"SearchAction\",\"target\":{\"@type\":\"EntryPoint\",\"urlTemplate\":\"https:\\\/\\\/ppdegalicia.com\\\/es\\\/?s={search_term_string}\"},\"query-input\":{\"@type\":\"PropertyValueSpecification\",\"valueRequired\":true,\"valueName\":\"search_term_string\"}}],\"inLanguage\":\"es\"},{\"@type\":\"Organization\",\"@id\":\"https:\\\/\\\/ppdegalicia.com\\\/es\\\/#organization\",\"name\":\"Partido Popular de Galicia\",\"alternateName\":\"PP de Galicia\",\"url\":\"https:\\\/\\\/ppdegalicia.com\\\/es\\\/\",\"logo\":{\"@type\":\"ImageObject\",\"inLanguage\":\"es\",\"@id\":\"https:\\\/\\\/ppdegalicia.com\\\/es\\\/#\\\/schema\\\/logo\\\/image\\\/\",\"url\":\"https:\\\/\\\/ppdegalicia.com\\\/wp-content\\\/uploads\\\/2023\\\/04\\\/logoPP512.png\",\"contentUrl\":\"https:\\\/\\\/ppdegalicia.com\\\/wp-content\\\/uploads\\\/2023\\\/04\\\/logoPP512.png\",\"width\":512,\"height\":512,\"caption\":\"Partido Popular de Galicia\"},\"image\":{\"@id\":\"https:\\\/\\\/ppdegalicia.com\\\/es\\\/#\\\/schema\\\/logo\\\/image\\\/\"},\"sameAs\":[\"https:\\\/\\\/www.instagram.com\\\/ppdegalicia\\\/\",\"https:\\\/\\\/x.com\\\/ppdegalicia\",\"https:\\\/\\\/www.tiktok.com\\\/@ppdegalicia\",\"https:\\\/\\\/www.youtube.com\\\/user\\\/ppdegalicia\"]},{\"@type\":\"Person\",\"@id\":\"https:\\\/\\\/ppdegalicia.com\\\/es\\\/#\\\/schema\\\/person\\\/5b822c6f59e872ebdd1142f307dbcb59\",\"name\":\"ppdegaliciaredes\",\"image\":{\"@type\":\"ImageObject\",\"inLanguage\":\"es\",\"@id\":\"https:\\\/\\\/secure.gravatar.com\\\/avatar\\\/3c9179cf0256d00c72a48d1f25783c58b6842cd56e85ef3a572881c8e28ccd59?s=96&d=mm&r=g\",\"url\":\"https:\\\/\\\/secure.gravatar.com\\\/avatar\\\/3c9179cf0256d00c72a48d1f25783c58b6842cd56e85ef3a572881c8e28ccd59?s=96&d=mm&r=g\",\"contentUrl\":\"https:\\\/\\\/secure.gravatar.com\\\/avatar\\\/3c9179cf0256d00c72a48d1f25783c58b6842cd56e85ef3a572881c8e28ccd59?s=96&d=mm&r=g\",\"caption\":\"ppdegaliciaredes\"},\"url\":\"https:\\\/\\\/ppdegalicia.com\\\/es\\\/author\\\/ppdegaliciaredes\\\/\"}]}<\/script>\n<!-- \/ Yoast SEO plugin. -->","yoast_head_json":{"title":"Promoci\u00f3n dos controis na entrada de gando porcino e a intensificaci\u00f3n das campa\u00f1as de prevenci\u00f3n e das medidas de bioseguridade das explotaci\u00f3ns - PP de Galicia","robots":{"index":"index","follow":"follow","max-snippet":"max-snippet:-1","max-image-preview":"max-image-preview:large","max-video-preview":"max-video-preview:-1"},"canonical":"https:\/\/ppdegalicia.com\/es\/promocion-dos-controis-na-entrada-de-gando-porcino-e-a-intensificacion-das-campanas-de-prevencion-e-das-medidas-de-bioseguridade-das-explotacions\/","og_locale":"es_ES","og_type":"article","og_title":"Promoci\u00f3n dos controis na entrada de gando porcino e a intensificaci\u00f3n das campa\u00f1as de prevenci\u00f3n e das medidas de bioseguridade das explotaci\u00f3ns - PP de Galicia","og_description":"Iniciativa sobre a promoci\u00f3n dos controis na entrada de gando porcino e a intensificaci\u00f3n das campa\u00f1as de prevenci\u00f3n e das medidas de bioseguridade das explotaci\u00f3ns","og_url":"https:\/\/ppdegalicia.com\/es\/promocion-dos-controis-na-entrada-de-gando-porcino-e-a-intensificacion-das-campanas-de-prevencion-e-das-medidas-de-bioseguridade-das-explotacions\/","og_site_name":"PP de Galicia","article_publisher":"https:\/\/www.instagram.com\/ppdegalicia\/","article_published_time":"2021-12-03T07:59:16+00:00","og_image":[{"width":1024,"height":1012,"url":"https:\/\/ppdegalicia.com\/wp-content\/uploads\/2021\/12\/20f9668937c8c6711d72ff4ee5dd6d1c-1024x1012.jpg","type":"image\/jpeg"}],"author":"ppdegaliciaredes","twitter_card":"summary_large_image","twitter_creator":"@ppdegalicia","twitter_site":"@ppdegalicia","twitter_misc":{"Escrito por":"ppdegaliciaredes","Tiempo de lectura":"2 minutos"},"schema":{"@context":"https:\/\/schema.org","@graph":[{"@type":"Article","@id":"https:\/\/ppdegalicia.com\/es\/promocion-dos-controis-na-entrada-de-gando-porcino-e-a-intensificacion-das-campanas-de-prevencion-e-das-medidas-de-bioseguridade-das-explotacions\/#article","isPartOf":{"@id":"https:\/\/ppdegalicia.com\/es\/promocion-dos-controis-na-entrada-de-gando-porcino-e-a-intensificacion-das-campanas-de-prevencion-e-das-medidas-de-bioseguridade-das-explotacions\/"},"author":{"name":"ppdegaliciaredes","@id":"https:\/\/ppdegalicia.com\/es\/#\/schema\/person\/5b822c6f59e872ebdd1142f307dbcb59"},"headline":"Promoci\u00f3n dos controis na entrada de gando porcino e a intensificaci\u00f3n das campa\u00f1as de prevenci\u00f3n e das medidas de bioseguridade das explotaci\u00f3ns","datePublished":"2021-12-03T07:59:16+00:00","mainEntityOfPage":{"@id":"https:\/\/ppdegalicia.com\/es\/promocion-dos-controis-na-entrada-de-gando-porcino-e-a-intensificacion-das-campanas-de-prevencion-e-das-medidas-de-bioseguridade-das-explotacions\/"},"wordCount":520,"commentCount":0,"publisher":{"@id":"https:\/\/ppdegalicia.com\/es\/#organization"},"image":{"@id":"https:\/\/ppdegalicia.com\/es\/promocion-dos-controis-na-entrada-de-gando-porcino-e-a-intensificacion-das-campanas-de-prevencion-e-das-medidas-de-bioseguridade-das-explotacions\/#primaryimage"},"thumbnailUrl":"https:\/\/ppdegalicia.com\/wp-content\/uploads\/2021\/12\/20f9668937c8c6711d72ff4ee5dd6d1c.jpg","articleSection":["Parlamento de Galicia","PP de Galicia"],"inLanguage":"es","potentialAction":[{"@type":"CommentAction","name":"Comment","target":["https:\/\/ppdegalicia.com\/es\/promocion-dos-controis-na-entrada-de-gando-porcino-e-a-intensificacion-das-campanas-de-prevencion-e-das-medidas-de-bioseguridade-das-explotacions\/#respond"]}]},{"@type":"WebPage","@id":"https:\/\/ppdegalicia.com\/es\/promocion-dos-controis-na-entrada-de-gando-porcino-e-a-intensificacion-das-campanas-de-prevencion-e-das-medidas-de-bioseguridade-das-explotacions\/","url":"https:\/\/ppdegalicia.com\/es\/promocion-dos-controis-na-entrada-de-gando-porcino-e-a-intensificacion-das-campanas-de-prevencion-e-das-medidas-de-bioseguridade-das-explotacions\/","name":"Promoci\u00f3n dos controis na entrada de gando porcino e a intensificaci\u00f3n das campa\u00f1as de prevenci\u00f3n e das medidas de bioseguridade das explotaci\u00f3ns - PP de Galicia","isPartOf":{"@id":"https:\/\/ppdegalicia.com\/es\/#website"},"primaryImageOfPage":{"@id":"https:\/\/ppdegalicia.com\/es\/promocion-dos-controis-na-entrada-de-gando-porcino-e-a-intensificacion-das-campanas-de-prevencion-e-das-medidas-de-bioseguridade-das-explotacions\/#primaryimage"},"image":{"@id":"https:\/\/ppdegalicia.com\/es\/promocion-dos-controis-na-entrada-de-gando-porcino-e-a-intensificacion-das-campanas-de-prevencion-e-das-medidas-de-bioseguridade-das-explotacions\/#primaryimage"},"thumbnailUrl":"https:\/\/ppdegalicia.com\/wp-content\/uploads\/2021\/12\/20f9668937c8c6711d72ff4ee5dd6d1c.jpg","datePublished":"2021-12-03T07:59:16+00:00","breadcrumb":{"@id":"https:\/\/ppdegalicia.com\/es\/promocion-dos-controis-na-entrada-de-gando-porcino-e-a-intensificacion-das-campanas-de-prevencion-e-das-medidas-de-bioseguridade-das-explotacions\/#breadcrumb"},"inLanguage":"es","potentialAction":[{"@type":"ReadAction","target":["https:\/\/ppdegalicia.com\/es\/promocion-dos-controis-na-entrada-de-gando-porcino-e-a-intensificacion-das-campanas-de-prevencion-e-das-medidas-de-bioseguridade-das-explotacions\/"]}]},{"@type":"ImageObject","inLanguage":"es","@id":"https:\/\/ppdegalicia.com\/es\/promocion-dos-controis-na-entrada-de-gando-porcino-e-a-intensificacion-das-campanas-de-prevencion-e-das-medidas-de-bioseguridade-das-explotacions\/#primaryimage","url":"https:\/\/ppdegalicia.com\/wp-content\/uploads\/2021\/12\/20f9668937c8c6711d72ff4ee5dd6d1c.jpg","contentUrl":"https:\/\/ppdegalicia.com\/wp-content\/uploads\/2021\/12\/20f9668937c8c6711d72ff4ee5dd6d1c.jpg","width":1920,"height":1898},{"@type":"BreadcrumbList","@id":"https:\/\/ppdegalicia.com\/es\/promocion-dos-controis-na-entrada-de-gando-porcino-e-a-intensificacion-das-campanas-de-prevencion-e-das-medidas-de-bioseguridade-das-explotacions\/#breadcrumb","itemListElement":[{"@type":"ListItem","position":1,"name":"Portada","item":"https:\/\/ppdegalicia.com\/es\/"},{"@type":"ListItem","position":2,"name":"Promoci\u00f3n dos controis na entrada de gando porcino e a intensificaci\u00f3n das campa\u00f1as de prevenci\u00f3n e das medidas de bioseguridade das explotaci\u00f3ns"}]},{"@type":"WebSite","@id":"https:\/\/ppdegalicia.com\/es\/#website","url":"https:\/\/ppdegalicia.com\/es\/","name":"Partido Popular de Galicia","description":"Partido Popular de Galicia","publisher":{"@id":"https:\/\/ppdegalicia.com\/es\/#organization"},"alternateName":"PP de Galicia","potentialAction":[{"@type":"SearchAction","target":{"@type":"EntryPoint","urlTemplate":"https:\/\/ppdegalicia.com\/es\/?s={search_term_string}"},"query-input":{"@type":"PropertyValueSpecification","valueRequired":true,"valueName":"search_term_string"}}],"inLanguage":"es"},{"@type":"Organization","@id":"https:\/\/ppdegalicia.com\/es\/#organization","name":"Partido Popular de Galicia","alternateName":"PP de Galicia","url":"https:\/\/ppdegalicia.com\/es\/","logo":{"@type":"ImageObject","inLanguage":"es","@id":"https:\/\/ppdegalicia.com\/es\/#\/schema\/logo\/image\/","url":"https:\/\/ppdegalicia.com\/wp-content\/uploads\/2023\/04\/logoPP512.png","contentUrl":"https:\/\/ppdegalicia.com\/wp-content\/uploads\/2023\/04\/logoPP512.png","width":512,"height":512,"caption":"Partido Popular de Galicia"},"image":{"@id":"https:\/\/ppdegalicia.com\/es\/#\/schema\/logo\/image\/"},"sameAs":["https:\/\/www.instagram.com\/ppdegalicia\/","https:\/\/x.com\/ppdegalicia","https:\/\/www.tiktok.com\/@ppdegalicia","https:\/\/www.youtube.com\/user\/ppdegalicia"]},{"@type":"Person","@id":"https:\/\/ppdegalicia.com\/es\/#\/schema\/person\/5b822c6f59e872ebdd1142f307dbcb59","name":"ppdegaliciaredes","image":{"@type":"ImageObject","inLanguage":"es","@id":"https:\/\/secure.gravatar.com\/avatar\/3c9179cf0256d00c72a48d1f25783c58b6842cd56e85ef3a572881c8e28ccd59?s=96&d=mm&r=g","url":"https:\/\/secure.gravatar.com\/avatar\/3c9179cf0256d00c72a48d1f25783c58b6842cd56e85ef3a572881c8e28ccd59?s=96&d=mm&r=g","contentUrl":"https:\/\/secure.gravatar.com\/avatar\/3c9179cf0256d00c72a48d1f25783c58b6842cd56e85ef3a572881c8e28ccd59?s=96&d=mm&r=g","caption":"ppdegaliciaredes"},"url":"https:\/\/ppdegalicia.com\/es\/author\/ppdegaliciaredes\/"}]}},"_links":{"self":[{"href":"https:\/\/ppdegalicia.com\/es\/wp-json\/wp\/v2\/posts\/56480","targetHints":{"allow":["GET"]}}],"collection":[{"href":"https:\/\/ppdegalicia.com\/es\/wp-json\/wp\/v2\/posts"}],"about":[{"href":"https:\/\/ppdegalicia.com\/es\/wp-json\/wp\/v2\/types\/post"}],"author":[{"embeddable":true,"href":"https:\/\/ppdegalicia.com\/es\/wp-json\/wp\/v2\/users\/38"}],"replies":[{"embeddable":true,"href":"https:\/\/ppdegalicia.com\/es\/wp-json\/wp\/v2\/comments?post=56480"}],"version-history":[{"count":0,"href":"https:\/\/ppdegalicia.com\/es\/wp-json\/wp\/v2\/posts\/56480\/revisions"}],"wp:featuredmedia":[{"embeddable":true,"href":"https:\/\/ppdegalicia.com\/es\/wp-json\/wp\/v2\/media\/56479"}],"wp:attachment":[{"href":"https:\/\/ppdegalicia.com\/es\/wp-json\/wp\/v2\/media?parent=56480"}],"wp:term":[{"taxonomy":"category","embeddable":true,"href":"https:\/\/ppdegalicia.com\/es\/wp-json\/wp\/v2\/categories?post=56480"},{"taxonomy":"post_tag","embeddable":true,"href":"https:\/\/ppdegalicia.com\/es\/wp-json\/wp\/v2\/tags?post=56480"}],"curies":[{"name":"wp","href":"https:\/\/api.w.org\/{rel}","templated":true}]}}