{"id":56482,"date":"2021-12-03T12:39:39","date_gmt":"2021-12-03T10:39:39","guid":{"rendered":"https:\/\/ppdegalicia.com\/tellado-se-diaz-xa-conecia-a-gravidade-do-covid-e-non-dixo-nada-deberia-dimitir-se-informou-ao-goberno-e-este-non-fixo-nada-deberia-dimitir-sanchez\/"},"modified":"2021-12-03T12:39:39","modified_gmt":"2021-12-03T10:39:39","slug":"tellado-se-diaz-xa-conecia-a-gravidade-do-covid-e-non-dixo-nada-deberia-dimitir-se-informou-ao-goberno-e-este-non-fixo-nada-deberia-dimitir-sanchez","status":"publish","type":"post","link":"https:\/\/ppdegalicia.com\/es\/tellado-se-diaz-xa-conecia-a-gravidade-do-covid-e-non-dixo-nada-deberia-dimitir-se-informou-ao-goberno-e-este-non-fixo-nada-deberia-dimitir-sanchez\/","title":{"rendered":"Tellado: \u201cSe D\u00edaz xa co\u00f1ec\u00eda a gravidade do COVID e non dixo nada, deber\u00eda dimitir; se informou ao Goberno e este non fixo nada, deber\u00eda dimitir S\u00e1nchez\u201d"},"content":{"rendered":"<p><img fetchpriority=\"high\" decoding=\"async\" class=\" size-full wp-image-56481\" src=\"https:\/\/ppdegalicia.com\/wp-content\/uploads\/2021\/12\/aadf27bf7d405b54c810af57383cb716.jpg\" alt=\"\" width=\"2048\" height=\"1262\" srcset=\"https:\/\/ppdegalicia.com\/wp-content\/uploads\/2021\/12\/aadf27bf7d405b54c810af57383cb716.jpg 2048w, https:\/\/ppdegalicia.com\/wp-content\/uploads\/2021\/12\/aadf27bf7d405b54c810af57383cb716-300x185.jpg 300w, https:\/\/ppdegalicia.com\/wp-content\/uploads\/2021\/12\/aadf27bf7d405b54c810af57383cb716-1024x631.jpg 1024w, https:\/\/ppdegalicia.com\/wp-content\/uploads\/2021\/12\/aadf27bf7d405b54c810af57383cb716-768x473.jpg 768w, https:\/\/ppdegalicia.com\/wp-content\/uploads\/2021\/12\/aadf27bf7d405b54c810af57383cb716-1536x947.jpg 1536w\" sizes=\"(max-width: 2048px) 100vw, 2048px\" \/><\/p>\n<p style=\"text-align: justify;\">Di que as afirmaci\u00f3ns da vicepresidenta segunda demostrar\u00edan que o Executivo central antepuxo os intereses pol\u00edticos \u00e1 seguridade das persoas<\/p>\n<p><!--more--><\/p>\n<p style=\"text-align: justify;\">\u00a0<\/p>\n<p style=\"text-align: justify;\">O n\u00famero dous do PPdeG, Miguel Tellado, aseverou que \u201cse Yolanda D\u00edaz ti\u00f1a informaci\u00f3n sobre a gravidade do coronavirus en febreiro de 2020 e non o comunicou ao Goberno e \u00e1 opini\u00f3n p\u00fablica, deber\u00eda dimitir de forma inmediata; se pola contra ti\u00f1a informaci\u00f3n, comunicoulla ao Goberno e este non fixo nada, o que deber\u00eda dimitir \u00e9 Pedro S\u00e1nchez\u201d.<\/p>\n<p style=\"text-align: justify;\">\u00a0<\/p>\n<p style=\"text-align: justify;\">O secretario xeral salientou que as sorprendentes revelaci\u00f3ns por parte da vicepresidenta segunda e ministra de Traballo po\u00f1en ao Executivo central nunha r\u00faa sen sa\u00edda, demostrando o que o PP levaba asegurando dende hai meses: ocultaron informaci\u00f3n, non tomaron en serio a ameaza a pesar das\u00a0 advertencias e puxeron por diante os seus intereses pol\u00edticos fronte \u00e1 seguridade das persoas.<\/p>\n<p style=\"text-align: justify;\">\u00a0<\/p>\n<p style=\"text-align: justify;\">Segundo admitiu onte D\u00edaz, xa co\u00f1ec\u00eda en febreiro de 2020 as graves repercusi\u00f3ns que ter\u00eda a COVID, antes de que o virus se estendera por Espa\u00f1a, chegando a informar ao resto do Goberno sen terse en conta as s\u00faas advertencias. Se estas afirmaci\u00f3ns son certas -manifestou Tellado- deixar\u00edan en evidencia que o Executivo central co\u00f1ec\u00eda perfectamente os riscos da enfermidade antes de autorizar as mobilizaci\u00f3ns polo 8M: \u201cNo mellor dos casos actuaron cunha neglixencia letal que costou milleiros de vidas. No peor, actuaron con mala fe, po\u00f1endo por diante os seus intereses partidistas \u00e1 vida das persoas\u201d.<\/p>\n<p style=\"text-align: justify;\">\u00a0<\/p>\n<p style=\"text-align: justify;\"><strong><u>ASUMIR RESPONSABILIDADES<\/u><\/strong><\/p>\n<p style=\"text-align: justify;\">Por outra banda, Tellado fixo referencia ao grave caso de corrupci\u00f3n e nepotismo dentro do PSdeG despois de que a Sala do Penal do Tribunal Supremo ratificara as condenas por prevaricaci\u00f3n e malversaci\u00f3n de caudais p\u00fablicos a un alto funcionario do Concello de Vigo e a un empresario subcontratado polo propio Concello.<\/p>\n<p style=\"text-align: justify;\">Como sinalou, ambos son os autores materiais dunha trama de facturas falsas orquestrada dende o Concello que ti\u00f1a por obxecto a contrataci\u00f3n irregular da cu\u00f1ada da concelleira e presidenta da Deputaci\u00f3n de Pontevedra, Carmela Silva, e que supo\u00f1\u00eda un salario de m\u00e1is de 100.000 euros sen traballar. \u201cO traballo mellor remunerado de Espa\u00f1a \u00e9 ser familiar de Carmela Silva e amigo de Abel Caballero\u201d, ironizou.<\/p>\n<p style=\"text-align: justify;\">\u00a0<\/p>\n<p style=\"text-align: justify;\">Ademais, logo de cuestionar a raz\u00f3n que leva a un funcionario municipal a contratar a un familiar da s\u00faa xefa e a pagarlle un soldo estratosf\u00e9rico que sa\u00edu do peto de todos os vigueses -superior ao do presidente do Goberno-, amosouse sorprendido ante o silencio de Abel Caballero, que rara vez permanece calado. Nese senso, preguntou se ningu\u00e9n vai asumir responsabilidades ante unha das maiores condenas por corrupci\u00f3n da historia recente de Galicia.<\/p>\n<p style=\"text-align: justify;\">\u00a0<\/p>\n<p style=\"text-align: justify;\">Do mesmo xeito, apuntou que \u201cpodemos entender que a antiga directiva, presidida polo sobri\u00f1o do alcalde de Vigo, non depurara responsabilidades por nepotismo, pero a nova direcci\u00f3n vai deixar pasar este caso de corrupci\u00f3n que implica a dous do seus principais cargos p\u00fablicos?\u201d. \u201cNon parece a mellor forma de empezar o seu mandado \u00e1 fronte do PSdeG por parte de Valent\u00edn Gonz\u00e1lez Formoso\u201d, engadiu.<\/p>\n<p style=\"text-align: justify;\">\u00a0<\/p>\n<p style=\"text-align: justify;\">O secretario xeral incidiu en que, en calquera partido democr\u00e1tico, ante a condena en firme dun caso tan grave de nepotismo e corrupci\u00f3n deber\u00edan esixirse inmediatamente responsabilidades pol\u00edticas. Ademais, reco\u00f1eceu que todo indica que este non \u00e9 un caso illado, pois hoxe distintos medios de comunicaci\u00f3n recoll\u00edan que a Unidade de Delincuencia Especializada da Polic\u00eda investiga unha posible venda de prazas de polic\u00eda local e de bombeiros no Concello de Vigo.<\/p>\n<p style=\"text-align: justify;\">\u00a0<\/p>\n<p style=\"text-align: justify;\">\u00a0<\/p>\n<p style=\"text-align: justify;\">\u00a0<\/p>\n<p style=\"text-align: justify;\">\u00a0<\/p>\n<p style=\"text-align: justify;\">\u00a0<\/p>\n<p style=\"text-align: justify;\">\u00a0<\/p>\n<p style=\"text-align: justify;\">\u00a0<\/p>\n<p style=\"text-align: justify;\">\u00a0<\/p>\n<p style=\"text-align: justify;\">\u00a0<\/p>\n<p style=\"text-align: justify;\">\u00a0<\/p>\n","protected":false},"excerpt":{"rendered":"<p>Di que as afirmaci\u00f3ns da vicepresidenta segunda demostrar\u00edan que o Executivo central antepuxo os intereses pol\u00edticos \u00e1 seguridade das persoas<\/p>\n","protected":false},"author":38,"featured_media":56481,"comment_status":"open","ping_status":"open","sticky":false,"template":"","format":"standard","meta":{"_acf_changed":false,"footnotes":""},"categories":[1],"tags":[],"class_list":["post-56482","post","type-post","status-publish","format-standard","has-post-thumbnail","hentry","category-pp-de-galicia"],"acf":[],"yoast_head":"<!-- This site is optimized with the Yoast SEO plugin v27.3 - https:\/\/yoast.com\/product\/yoast-seo-wordpress\/ -->\n<title>Tellado: \u201cSe D\u00edaz xa co\u00f1ec\u00eda a gravidade do COVID e non dixo nada, deber\u00eda dimitir; se informou ao Goberno e este non fixo nada, deber\u00eda dimitir S\u00e1nchez\u201d - PP de Galicia<\/title>\n<meta name=\"robots\" content=\"index, follow, max-snippet:-1, max-image-preview:large, max-video-preview:-1\" \/>\n<link rel=\"canonical\" href=\"https:\/\/ppdegalicia.com\/es\/tellado-se-diaz-xa-conecia-a-gravidade-do-covid-e-non-dixo-nada-deberia-dimitir-se-informou-ao-goberno-e-este-non-fixo-nada-deberia-dimitir-sanchez\/\" \/>\n<meta property=\"og:locale\" content=\"es_ES\" \/>\n<meta property=\"og:type\" content=\"article\" \/>\n<meta property=\"og:title\" content=\"Tellado: \u201cSe D\u00edaz xa co\u00f1ec\u00eda a gravidade do COVID e non dixo nada, deber\u00eda dimitir; se informou ao Goberno e este non fixo nada, deber\u00eda dimitir S\u00e1nchez\u201d - PP de Galicia\" \/>\n<meta property=\"og:description\" content=\"Di que as afirmaci\u00f3ns da vicepresidenta segunda demostrar\u00edan que o Executivo central antepuxo os intereses pol\u00edticos \u00e1 seguridade das persoas\" \/>\n<meta property=\"og:url\" content=\"https:\/\/ppdegalicia.com\/es\/tellado-se-diaz-xa-conecia-a-gravidade-do-covid-e-non-dixo-nada-deberia-dimitir-se-informou-ao-goberno-e-este-non-fixo-nada-deberia-dimitir-sanchez\/\" \/>\n<meta property=\"og:site_name\" content=\"PP de Galicia\" \/>\n<meta property=\"article:publisher\" content=\"https:\/\/www.instagram.com\/ppdegalicia\/\" \/>\n<meta property=\"article:published_time\" content=\"2021-12-03T10:39:39+00:00\" \/>\n<meta property=\"og:image\" content=\"https:\/\/ppdegalicia.com\/wp-content\/uploads\/2021\/12\/aadf27bf7d405b54c810af57383cb716-1024x631.jpg\" \/>\n\t<meta property=\"og:image:width\" content=\"1024\" \/>\n\t<meta property=\"og:image:height\" content=\"631\" \/>\n\t<meta property=\"og:image:type\" content=\"image\/jpeg\" \/>\n<meta name=\"author\" content=\"ppdegaliciaredes\" \/>\n<meta name=\"twitter:card\" content=\"summary_large_image\" \/>\n<meta name=\"twitter:creator\" content=\"@ppdegalicia\" \/>\n<meta name=\"twitter:site\" content=\"@ppdegalicia\" \/>\n<meta name=\"twitter:label1\" content=\"Escrito por\" \/>\n\t<meta name=\"twitter:data1\" content=\"ppdegaliciaredes\" \/>\n\t<meta name=\"twitter:label2\" content=\"Tiempo de lectura\" \/>\n\t<meta name=\"twitter:data2\" content=\"3 minutos\" \/>\n<script type=\"application\/ld+json\" class=\"yoast-schema-graph\">{\"@context\":\"https:\\\/\\\/schema.org\",\"@graph\":[{\"@type\":\"Article\",\"@id\":\"https:\\\/\\\/ppdegalicia.com\\\/es\\\/tellado-se-diaz-xa-conecia-a-gravidade-do-covid-e-non-dixo-nada-deberia-dimitir-se-informou-ao-goberno-e-este-non-fixo-nada-deberia-dimitir-sanchez\\\/#article\",\"isPartOf\":{\"@id\":\"https:\\\/\\\/ppdegalicia.com\\\/es\\\/tellado-se-diaz-xa-conecia-a-gravidade-do-covid-e-non-dixo-nada-deberia-dimitir-se-informou-ao-goberno-e-este-non-fixo-nada-deberia-dimitir-sanchez\\\/\"},\"author\":{\"name\":\"ppdegaliciaredes\",\"@id\":\"https:\\\/\\\/ppdegalicia.com\\\/es\\\/#\\\/schema\\\/person\\\/5b822c6f59e872ebdd1142f307dbcb59\"},\"headline\":\"Tellado: \u201cSe D\u00edaz xa co\u00f1ec\u00eda a gravidade do COVID e non dixo nada, deber\u00eda dimitir; se informou ao Goberno e este non fixo nada, deber\u00eda dimitir S\u00e1nchez\u201d\",\"datePublished\":\"2021-12-03T10:39:39+00:00\",\"mainEntityOfPage\":{\"@id\":\"https:\\\/\\\/ppdegalicia.com\\\/es\\\/tellado-se-diaz-xa-conecia-a-gravidade-do-covid-e-non-dixo-nada-deberia-dimitir-se-informou-ao-goberno-e-este-non-fixo-nada-deberia-dimitir-sanchez\\\/\"},\"wordCount\":649,\"commentCount\":0,\"publisher\":{\"@id\":\"https:\\\/\\\/ppdegalicia.com\\\/es\\\/#organization\"},\"image\":{\"@id\":\"https:\\\/\\\/ppdegalicia.com\\\/es\\\/tellado-se-diaz-xa-conecia-a-gravidade-do-covid-e-non-dixo-nada-deberia-dimitir-se-informou-ao-goberno-e-este-non-fixo-nada-deberia-dimitir-sanchez\\\/#primaryimage\"},\"thumbnailUrl\":\"https:\\\/\\\/ppdegalicia.com\\\/wp-content\\\/uploads\\\/2021\\\/12\\\/aadf27bf7d405b54c810af57383cb716.jpg\",\"articleSection\":[\"PP de Galicia\"],\"inLanguage\":\"es\",\"potentialAction\":[{\"@type\":\"CommentAction\",\"name\":\"Comment\",\"target\":[\"https:\\\/\\\/ppdegalicia.com\\\/es\\\/tellado-se-diaz-xa-conecia-a-gravidade-do-covid-e-non-dixo-nada-deberia-dimitir-se-informou-ao-goberno-e-este-non-fixo-nada-deberia-dimitir-sanchez\\\/#respond\"]}]},{\"@type\":\"WebPage\",\"@id\":\"https:\\\/\\\/ppdegalicia.com\\\/es\\\/tellado-se-diaz-xa-conecia-a-gravidade-do-covid-e-non-dixo-nada-deberia-dimitir-se-informou-ao-goberno-e-este-non-fixo-nada-deberia-dimitir-sanchez\\\/\",\"url\":\"https:\\\/\\\/ppdegalicia.com\\\/es\\\/tellado-se-diaz-xa-conecia-a-gravidade-do-covid-e-non-dixo-nada-deberia-dimitir-se-informou-ao-goberno-e-este-non-fixo-nada-deberia-dimitir-sanchez\\\/\",\"name\":\"Tellado: \u201cSe D\u00edaz xa co\u00f1ec\u00eda a gravidade do COVID e non dixo nada, deber\u00eda dimitir; se informou ao Goberno e este non fixo nada, deber\u00eda dimitir S\u00e1nchez\u201d - PP de Galicia\",\"isPartOf\":{\"@id\":\"https:\\\/\\\/ppdegalicia.com\\\/es\\\/#website\"},\"primaryImageOfPage\":{\"@id\":\"https:\\\/\\\/ppdegalicia.com\\\/es\\\/tellado-se-diaz-xa-conecia-a-gravidade-do-covid-e-non-dixo-nada-deberia-dimitir-se-informou-ao-goberno-e-este-non-fixo-nada-deberia-dimitir-sanchez\\\/#primaryimage\"},\"image\":{\"@id\":\"https:\\\/\\\/ppdegalicia.com\\\/es\\\/tellado-se-diaz-xa-conecia-a-gravidade-do-covid-e-non-dixo-nada-deberia-dimitir-se-informou-ao-goberno-e-este-non-fixo-nada-deberia-dimitir-sanchez\\\/#primaryimage\"},\"thumbnailUrl\":\"https:\\\/\\\/ppdegalicia.com\\\/wp-content\\\/uploads\\\/2021\\\/12\\\/aadf27bf7d405b54c810af57383cb716.jpg\",\"datePublished\":\"2021-12-03T10:39:39+00:00\",\"breadcrumb\":{\"@id\":\"https:\\\/\\\/ppdegalicia.com\\\/es\\\/tellado-se-diaz-xa-conecia-a-gravidade-do-covid-e-non-dixo-nada-deberia-dimitir-se-informou-ao-goberno-e-este-non-fixo-nada-deberia-dimitir-sanchez\\\/#breadcrumb\"},\"inLanguage\":\"es\",\"potentialAction\":[{\"@type\":\"ReadAction\",\"target\":[\"https:\\\/\\\/ppdegalicia.com\\\/es\\\/tellado-se-diaz-xa-conecia-a-gravidade-do-covid-e-non-dixo-nada-deberia-dimitir-se-informou-ao-goberno-e-este-non-fixo-nada-deberia-dimitir-sanchez\\\/\"]}]},{\"@type\":\"ImageObject\",\"inLanguage\":\"es\",\"@id\":\"https:\\\/\\\/ppdegalicia.com\\\/es\\\/tellado-se-diaz-xa-conecia-a-gravidade-do-covid-e-non-dixo-nada-deberia-dimitir-se-informou-ao-goberno-e-este-non-fixo-nada-deberia-dimitir-sanchez\\\/#primaryimage\",\"url\":\"https:\\\/\\\/ppdegalicia.com\\\/wp-content\\\/uploads\\\/2021\\\/12\\\/aadf27bf7d405b54c810af57383cb716.jpg\",\"contentUrl\":\"https:\\\/\\\/ppdegalicia.com\\\/wp-content\\\/uploads\\\/2021\\\/12\\\/aadf27bf7d405b54c810af57383cb716.jpg\",\"width\":2048,\"height\":1262},{\"@type\":\"BreadcrumbList\",\"@id\":\"https:\\\/\\\/ppdegalicia.com\\\/es\\\/tellado-se-diaz-xa-conecia-a-gravidade-do-covid-e-non-dixo-nada-deberia-dimitir-se-informou-ao-goberno-e-este-non-fixo-nada-deberia-dimitir-sanchez\\\/#breadcrumb\",\"itemListElement\":[{\"@type\":\"ListItem\",\"position\":1,\"name\":\"Portada\",\"item\":\"https:\\\/\\\/ppdegalicia.com\\\/es\\\/\"},{\"@type\":\"ListItem\",\"position\":2,\"name\":\"Tellado: \u201cSe D\u00edaz xa co\u00f1ec\u00eda a gravidade do COVID e non dixo nada, deber\u00eda dimitir; se informou ao Goberno e este non fixo nada, deber\u00eda dimitir S\u00e1nchez\u201d\"}]},{\"@type\":\"WebSite\",\"@id\":\"https:\\\/\\\/ppdegalicia.com\\\/es\\\/#website\",\"url\":\"https:\\\/\\\/ppdegalicia.com\\\/es\\\/\",\"name\":\"Partido Popular de Galicia\",\"description\":\"Partido Popular de Galicia\",\"publisher\":{\"@id\":\"https:\\\/\\\/ppdegalicia.com\\\/es\\\/#organization\"},\"alternateName\":\"PP de Galicia\",\"potentialAction\":[{\"@type\":\"SearchAction\",\"target\":{\"@type\":\"EntryPoint\",\"urlTemplate\":\"https:\\\/\\\/ppdegalicia.com\\\/es\\\/?s={search_term_string}\"},\"query-input\":{\"@type\":\"PropertyValueSpecification\",\"valueRequired\":true,\"valueName\":\"search_term_string\"}}],\"inLanguage\":\"es\"},{\"@type\":\"Organization\",\"@id\":\"https:\\\/\\\/ppdegalicia.com\\\/es\\\/#organization\",\"name\":\"Partido Popular de Galicia\",\"alternateName\":\"PP de Galicia\",\"url\":\"https:\\\/\\\/ppdegalicia.com\\\/es\\\/\",\"logo\":{\"@type\":\"ImageObject\",\"inLanguage\":\"es\",\"@id\":\"https:\\\/\\\/ppdegalicia.com\\\/es\\\/#\\\/schema\\\/logo\\\/image\\\/\",\"url\":\"https:\\\/\\\/ppdegalicia.com\\\/wp-content\\\/uploads\\\/2023\\\/04\\\/logoPP512.png\",\"contentUrl\":\"https:\\\/\\\/ppdegalicia.com\\\/wp-content\\\/uploads\\\/2023\\\/04\\\/logoPP512.png\",\"width\":512,\"height\":512,\"caption\":\"Partido Popular de Galicia\"},\"image\":{\"@id\":\"https:\\\/\\\/ppdegalicia.com\\\/es\\\/#\\\/schema\\\/logo\\\/image\\\/\"},\"sameAs\":[\"https:\\\/\\\/www.instagram.com\\\/ppdegalicia\\\/\",\"https:\\\/\\\/x.com\\\/ppdegalicia\",\"https:\\\/\\\/www.tiktok.com\\\/@ppdegalicia\",\"https:\\\/\\\/www.youtube.com\\\/user\\\/ppdegalicia\"]},{\"@type\":\"Person\",\"@id\":\"https:\\\/\\\/ppdegalicia.com\\\/es\\\/#\\\/schema\\\/person\\\/5b822c6f59e872ebdd1142f307dbcb59\",\"name\":\"ppdegaliciaredes\",\"image\":{\"@type\":\"ImageObject\",\"inLanguage\":\"es\",\"@id\":\"https:\\\/\\\/secure.gravatar.com\\\/avatar\\\/3c9179cf0256d00c72a48d1f25783c58b6842cd56e85ef3a572881c8e28ccd59?s=96&d=mm&r=g\",\"url\":\"https:\\\/\\\/secure.gravatar.com\\\/avatar\\\/3c9179cf0256d00c72a48d1f25783c58b6842cd56e85ef3a572881c8e28ccd59?s=96&d=mm&r=g\",\"contentUrl\":\"https:\\\/\\\/secure.gravatar.com\\\/avatar\\\/3c9179cf0256d00c72a48d1f25783c58b6842cd56e85ef3a572881c8e28ccd59?s=96&d=mm&r=g\",\"caption\":\"ppdegaliciaredes\"},\"url\":\"https:\\\/\\\/ppdegalicia.com\\\/es\\\/author\\\/ppdegaliciaredes\\\/\"}]}<\/script>\n<!-- \/ Yoast SEO plugin. -->","yoast_head_json":{"title":"Tellado: \u201cSe D\u00edaz xa co\u00f1ec\u00eda a gravidade do COVID e non dixo nada, deber\u00eda dimitir; se informou ao Goberno e este non fixo nada, deber\u00eda dimitir S\u00e1nchez\u201d - PP de Galicia","robots":{"index":"index","follow":"follow","max-snippet":"max-snippet:-1","max-image-preview":"max-image-preview:large","max-video-preview":"max-video-preview:-1"},"canonical":"https:\/\/ppdegalicia.com\/es\/tellado-se-diaz-xa-conecia-a-gravidade-do-covid-e-non-dixo-nada-deberia-dimitir-se-informou-ao-goberno-e-este-non-fixo-nada-deberia-dimitir-sanchez\/","og_locale":"es_ES","og_type":"article","og_title":"Tellado: \u201cSe D\u00edaz xa co\u00f1ec\u00eda a gravidade do COVID e non dixo nada, deber\u00eda dimitir; se informou ao Goberno e este non fixo nada, deber\u00eda dimitir S\u00e1nchez\u201d - PP de Galicia","og_description":"Di que as afirmaci\u00f3ns da vicepresidenta segunda demostrar\u00edan que o Executivo central antepuxo os intereses pol\u00edticos \u00e1 seguridade das persoas","og_url":"https:\/\/ppdegalicia.com\/es\/tellado-se-diaz-xa-conecia-a-gravidade-do-covid-e-non-dixo-nada-deberia-dimitir-se-informou-ao-goberno-e-este-non-fixo-nada-deberia-dimitir-sanchez\/","og_site_name":"PP de Galicia","article_publisher":"https:\/\/www.instagram.com\/ppdegalicia\/","article_published_time":"2021-12-03T10:39:39+00:00","og_image":[{"width":1024,"height":631,"url":"https:\/\/ppdegalicia.com\/wp-content\/uploads\/2021\/12\/aadf27bf7d405b54c810af57383cb716-1024x631.jpg","type":"image\/jpeg"}],"author":"ppdegaliciaredes","twitter_card":"summary_large_image","twitter_creator":"@ppdegalicia","twitter_site":"@ppdegalicia","twitter_misc":{"Escrito por":"ppdegaliciaredes","Tiempo de lectura":"3 minutos"},"schema":{"@context":"https:\/\/schema.org","@graph":[{"@type":"Article","@id":"https:\/\/ppdegalicia.com\/es\/tellado-se-diaz-xa-conecia-a-gravidade-do-covid-e-non-dixo-nada-deberia-dimitir-se-informou-ao-goberno-e-este-non-fixo-nada-deberia-dimitir-sanchez\/#article","isPartOf":{"@id":"https:\/\/ppdegalicia.com\/es\/tellado-se-diaz-xa-conecia-a-gravidade-do-covid-e-non-dixo-nada-deberia-dimitir-se-informou-ao-goberno-e-este-non-fixo-nada-deberia-dimitir-sanchez\/"},"author":{"name":"ppdegaliciaredes","@id":"https:\/\/ppdegalicia.com\/es\/#\/schema\/person\/5b822c6f59e872ebdd1142f307dbcb59"},"headline":"Tellado: \u201cSe D\u00edaz xa co\u00f1ec\u00eda a gravidade do COVID e non dixo nada, deber\u00eda dimitir; se informou ao Goberno e este non fixo nada, deber\u00eda dimitir S\u00e1nchez\u201d","datePublished":"2021-12-03T10:39:39+00:00","mainEntityOfPage":{"@id":"https:\/\/ppdegalicia.com\/es\/tellado-se-diaz-xa-conecia-a-gravidade-do-covid-e-non-dixo-nada-deberia-dimitir-se-informou-ao-goberno-e-este-non-fixo-nada-deberia-dimitir-sanchez\/"},"wordCount":649,"commentCount":0,"publisher":{"@id":"https:\/\/ppdegalicia.com\/es\/#organization"},"image":{"@id":"https:\/\/ppdegalicia.com\/es\/tellado-se-diaz-xa-conecia-a-gravidade-do-covid-e-non-dixo-nada-deberia-dimitir-se-informou-ao-goberno-e-este-non-fixo-nada-deberia-dimitir-sanchez\/#primaryimage"},"thumbnailUrl":"https:\/\/ppdegalicia.com\/wp-content\/uploads\/2021\/12\/aadf27bf7d405b54c810af57383cb716.jpg","articleSection":["PP de Galicia"],"inLanguage":"es","potentialAction":[{"@type":"CommentAction","name":"Comment","target":["https:\/\/ppdegalicia.com\/es\/tellado-se-diaz-xa-conecia-a-gravidade-do-covid-e-non-dixo-nada-deberia-dimitir-se-informou-ao-goberno-e-este-non-fixo-nada-deberia-dimitir-sanchez\/#respond"]}]},{"@type":"WebPage","@id":"https:\/\/ppdegalicia.com\/es\/tellado-se-diaz-xa-conecia-a-gravidade-do-covid-e-non-dixo-nada-deberia-dimitir-se-informou-ao-goberno-e-este-non-fixo-nada-deberia-dimitir-sanchez\/","url":"https:\/\/ppdegalicia.com\/es\/tellado-se-diaz-xa-conecia-a-gravidade-do-covid-e-non-dixo-nada-deberia-dimitir-se-informou-ao-goberno-e-este-non-fixo-nada-deberia-dimitir-sanchez\/","name":"Tellado: \u201cSe D\u00edaz xa co\u00f1ec\u00eda a gravidade do COVID e non dixo nada, deber\u00eda dimitir; se informou ao Goberno e este non fixo nada, deber\u00eda dimitir S\u00e1nchez\u201d - PP de Galicia","isPartOf":{"@id":"https:\/\/ppdegalicia.com\/es\/#website"},"primaryImageOfPage":{"@id":"https:\/\/ppdegalicia.com\/es\/tellado-se-diaz-xa-conecia-a-gravidade-do-covid-e-non-dixo-nada-deberia-dimitir-se-informou-ao-goberno-e-este-non-fixo-nada-deberia-dimitir-sanchez\/#primaryimage"},"image":{"@id":"https:\/\/ppdegalicia.com\/es\/tellado-se-diaz-xa-conecia-a-gravidade-do-covid-e-non-dixo-nada-deberia-dimitir-se-informou-ao-goberno-e-este-non-fixo-nada-deberia-dimitir-sanchez\/#primaryimage"},"thumbnailUrl":"https:\/\/ppdegalicia.com\/wp-content\/uploads\/2021\/12\/aadf27bf7d405b54c810af57383cb716.jpg","datePublished":"2021-12-03T10:39:39+00:00","breadcrumb":{"@id":"https:\/\/ppdegalicia.com\/es\/tellado-se-diaz-xa-conecia-a-gravidade-do-covid-e-non-dixo-nada-deberia-dimitir-se-informou-ao-goberno-e-este-non-fixo-nada-deberia-dimitir-sanchez\/#breadcrumb"},"inLanguage":"es","potentialAction":[{"@type":"ReadAction","target":["https:\/\/ppdegalicia.com\/es\/tellado-se-diaz-xa-conecia-a-gravidade-do-covid-e-non-dixo-nada-deberia-dimitir-se-informou-ao-goberno-e-este-non-fixo-nada-deberia-dimitir-sanchez\/"]}]},{"@type":"ImageObject","inLanguage":"es","@id":"https:\/\/ppdegalicia.com\/es\/tellado-se-diaz-xa-conecia-a-gravidade-do-covid-e-non-dixo-nada-deberia-dimitir-se-informou-ao-goberno-e-este-non-fixo-nada-deberia-dimitir-sanchez\/#primaryimage","url":"https:\/\/ppdegalicia.com\/wp-content\/uploads\/2021\/12\/aadf27bf7d405b54c810af57383cb716.jpg","contentUrl":"https:\/\/ppdegalicia.com\/wp-content\/uploads\/2021\/12\/aadf27bf7d405b54c810af57383cb716.jpg","width":2048,"height":1262},{"@type":"BreadcrumbList","@id":"https:\/\/ppdegalicia.com\/es\/tellado-se-diaz-xa-conecia-a-gravidade-do-covid-e-non-dixo-nada-deberia-dimitir-se-informou-ao-goberno-e-este-non-fixo-nada-deberia-dimitir-sanchez\/#breadcrumb","itemListElement":[{"@type":"ListItem","position":1,"name":"Portada","item":"https:\/\/ppdegalicia.com\/es\/"},{"@type":"ListItem","position":2,"name":"Tellado: \u201cSe D\u00edaz xa co\u00f1ec\u00eda a gravidade do COVID e non dixo nada, deber\u00eda dimitir; se informou ao Goberno e este non fixo nada, deber\u00eda dimitir S\u00e1nchez\u201d"}]},{"@type":"WebSite","@id":"https:\/\/ppdegalicia.com\/es\/#website","url":"https:\/\/ppdegalicia.com\/es\/","name":"Partido Popular de Galicia","description":"Partido Popular de Galicia","publisher":{"@id":"https:\/\/ppdegalicia.com\/es\/#organization"},"alternateName":"PP de Galicia","potentialAction":[{"@type":"SearchAction","target":{"@type":"EntryPoint","urlTemplate":"https:\/\/ppdegalicia.com\/es\/?s={search_term_string}"},"query-input":{"@type":"PropertyValueSpecification","valueRequired":true,"valueName":"search_term_string"}}],"inLanguage":"es"},{"@type":"Organization","@id":"https:\/\/ppdegalicia.com\/es\/#organization","name":"Partido Popular de Galicia","alternateName":"PP de Galicia","url":"https:\/\/ppdegalicia.com\/es\/","logo":{"@type":"ImageObject","inLanguage":"es","@id":"https:\/\/ppdegalicia.com\/es\/#\/schema\/logo\/image\/","url":"https:\/\/ppdegalicia.com\/wp-content\/uploads\/2023\/04\/logoPP512.png","contentUrl":"https:\/\/ppdegalicia.com\/wp-content\/uploads\/2023\/04\/logoPP512.png","width":512,"height":512,"caption":"Partido Popular de Galicia"},"image":{"@id":"https:\/\/ppdegalicia.com\/es\/#\/schema\/logo\/image\/"},"sameAs":["https:\/\/www.instagram.com\/ppdegalicia\/","https:\/\/x.com\/ppdegalicia","https:\/\/www.tiktok.com\/@ppdegalicia","https:\/\/www.youtube.com\/user\/ppdegalicia"]},{"@type":"Person","@id":"https:\/\/ppdegalicia.com\/es\/#\/schema\/person\/5b822c6f59e872ebdd1142f307dbcb59","name":"ppdegaliciaredes","image":{"@type":"ImageObject","inLanguage":"es","@id":"https:\/\/secure.gravatar.com\/avatar\/3c9179cf0256d00c72a48d1f25783c58b6842cd56e85ef3a572881c8e28ccd59?s=96&d=mm&r=g","url":"https:\/\/secure.gravatar.com\/avatar\/3c9179cf0256d00c72a48d1f25783c58b6842cd56e85ef3a572881c8e28ccd59?s=96&d=mm&r=g","contentUrl":"https:\/\/secure.gravatar.com\/avatar\/3c9179cf0256d00c72a48d1f25783c58b6842cd56e85ef3a572881c8e28ccd59?s=96&d=mm&r=g","caption":"ppdegaliciaredes"},"url":"https:\/\/ppdegalicia.com\/es\/author\/ppdegaliciaredes\/"}]}},"_links":{"self":[{"href":"https:\/\/ppdegalicia.com\/es\/wp-json\/wp\/v2\/posts\/56482","targetHints":{"allow":["GET"]}}],"collection":[{"href":"https:\/\/ppdegalicia.com\/es\/wp-json\/wp\/v2\/posts"}],"about":[{"href":"https:\/\/ppdegalicia.com\/es\/wp-json\/wp\/v2\/types\/post"}],"author":[{"embeddable":true,"href":"https:\/\/ppdegalicia.com\/es\/wp-json\/wp\/v2\/users\/38"}],"replies":[{"embeddable":true,"href":"https:\/\/ppdegalicia.com\/es\/wp-json\/wp\/v2\/comments?post=56482"}],"version-history":[{"count":0,"href":"https:\/\/ppdegalicia.com\/es\/wp-json\/wp\/v2\/posts\/56482\/revisions"}],"wp:featuredmedia":[{"embeddable":true,"href":"https:\/\/ppdegalicia.com\/es\/wp-json\/wp\/v2\/media\/56481"}],"wp:attachment":[{"href":"https:\/\/ppdegalicia.com\/es\/wp-json\/wp\/v2\/media?parent=56482"}],"wp:term":[{"taxonomy":"category","embeddable":true,"href":"https:\/\/ppdegalicia.com\/es\/wp-json\/wp\/v2\/categories?post=56482"},{"taxonomy":"post_tag","embeddable":true,"href":"https:\/\/ppdegalicia.com\/es\/wp-json\/wp\/v2\/tags?post=56482"}],"curies":[{"name":"wp","href":"https:\/\/api.w.org\/{rel}","templated":true}]}}