{"id":56484,"date":"2021-12-03T10:05:16","date_gmt":"2021-12-03T08:05:16","guid":{"rendered":"https:\/\/ppdegalicia.com\/o-parlamento-galego-demanda-ao-goberno-de-espana-un-novo-anteproxecto-de-lei-de-patrimonio-historico-espanol\/"},"modified":"2021-12-03T10:05:16","modified_gmt":"2021-12-03T08:05:16","slug":"o-parlamento-galego-demanda-ao-goberno-de-espana-un-novo-anteproxecto-de-lei-de-patrimonio-historico-espanol","status":"publish","type":"post","link":"https:\/\/ppdegalicia.com\/es\/o-parlamento-galego-demanda-ao-goberno-de-espana-un-novo-anteproxecto-de-lei-de-patrimonio-historico-espanol\/","title":{"rendered":"O Parlamento galego demanda ao Goberno de Espa\u00f1a un novo anteproxecto de Lei de Patrimonio Hist\u00f3rico Espa\u00f1ol"},"content":{"rendered":"<p><img fetchpriority=\"high\" decoding=\"async\" class=\" size-full wp-image-56483\" src=\"https:\/\/ppdegalicia.com\/wp-content\/uploads\/2021\/12\/afcda215119669a57155e2b5b2070108.jpg\" alt=\"\" width=\"1900\" height=\"1267\" srcset=\"https:\/\/ppdegalicia.com\/wp-content\/uploads\/2021\/12\/afcda215119669a57155e2b5b2070108.jpg 1900w, https:\/\/ppdegalicia.com\/wp-content\/uploads\/2021\/12\/afcda215119669a57155e2b5b2070108-300x200.jpg 300w, https:\/\/ppdegalicia.com\/wp-content\/uploads\/2021\/12\/afcda215119669a57155e2b5b2070108-1024x683.jpg 1024w, https:\/\/ppdegalicia.com\/wp-content\/uploads\/2021\/12\/afcda215119669a57155e2b5b2070108-768x512.jpg 768w, https:\/\/ppdegalicia.com\/wp-content\/uploads\/2021\/12\/afcda215119669a57155e2b5b2070108-1536x1024.jpg 1536w\" sizes=\"(max-width: 1900px) 100vw, 1900px\" \/><\/p>\n<p>Santiago, 3 de decembro de 2021.- O Parlamento de Galicia aprobou hoxe a proposici\u00f3n non de lei do Grupo Popular, sen o apoio de nacionalistas e socialistas, a trav\u00e9s da que se insta ao Goberno de Espa\u00f1a a elaborar un novo anteproxecto de Lei de Patrimonio Hist\u00f3rico Espa\u00f1ol dialogado, adecuado \u00e1 lexislaci\u00f3n vixente nas comunidades aut\u00f3nomas e a nivel internacional, e que atenda \u00e1 realidade patrimonial existente en Galicia.<\/p>\n<p><!--more--><\/p>\n<p>Este anteproxecto \u201cpar\u00e9cenos unha proposta obsoleta, que obvia o acceso ao patrimonio; carece dunha visi\u00f3n integradora da conservaci\u00f3n e posta en valor dos bens; que non atende ao papel do patrimonio na sociedade actual; cheo de erros, indefinici\u00f3ns e contradici\u00f3ns; e un texto que nos retrotrae a un proceso de centralizaci\u00f3n case predemocr\u00e1tico e xa superado en tempos pasados\u201d, sinalou o deputado popular Jos\u00e9 Lu\u00eds Ferro.<\/p>\n<p>\u00a0<\/p>\n<p>Na s\u00faa intervenci\u00f3n, Ferro manifestou que \u201cGalicia est\u00e1 en contra do anteproxecto de reforma da Lei do patrimonio hist\u00f3rico elaborado polo Goberno central porque invade as competencias das comunidades aut\u00f3nomas e trata de recuperar para a Administraci\u00f3n Xeral do Estado funci\u00f3ns que non \u00e9 capaz de facer no d\u00eda a d\u00eda; e imp\u00f3n r\u00edxidos tr\u00e1mites burocr\u00e1ticos que dificultan a xesti\u00f3n do patrimonio e empeoran a situaci\u00f3n da cidadan\u00eda\u201d.<\/p>\n<p>\u00a0<\/p>\n<p>\u201cDesde o primeiro momento, a Xunta considerou que a proposta realizada polo Goberno central se sosti\u00f1a sobre criterios e an\u00e1lises anacr\u00f3nicos e desfasados temporalmente; que invad\u00edan claramente o \u00e1mbito competencial e as relaci\u00f3ns de lex\u00edtima confianza e colaboraci\u00f3n entre as administraci\u00f3ns p\u00fablicas; e se inclu\u00edan definici\u00f3ns e concreci\u00f3ns nos est\u00e1ndares de protecci\u00f3n\u201d, manifestou o deputado popular.<\/p>\n<p>\u00a0<\/p>\n<p>Diante desta situaci\u00f3n, a Xunta xa presentou as s\u00faas alegaci\u00f3ns en tempo e forma \u201cpara lograr que os obxectivos da reforma coincidan caos necesidades reais do rico patrimonio cultural que atesoramos en Galicia\u201d, dixo Ferro. Ademais, lembrou que o propio Ministerio de Cultura \u201centendeu as eivas do texto e xa anunciou que realizar\u00e1 unha revisi\u00f3n a fondo do anteproxecto de Lei de Patrimonio\u201d.<\/p>\n<p>\u00a0<\/p>\n<p><strong>LEI DE PATRIMONIO CULTURAL GALEGA E PLAN DE ARQUIVOS<\/strong><\/p>\n<p>\u00a0<\/p>\n<p>Jos\u00e9 Lu\u00eds Ferro salientou que a Lei de patrimonio cultural de Galicia \u201cfoi elaborada contando cos actores implicados; expresou a vontade de di\u00e1logo para acadar unha norma co maior consenso posible; e naceu coa intenci\u00f3n de eliminar indeterminaci\u00f3ns e demoras que puideran debilitar na pr\u00e1ctica a efectividade das actuaci\u00f3ns de conservaci\u00f3n e salvagarda do patrimonio cultural galego\u201d.<\/p>\n<p>\u00a0<\/p>\n<p>Neste sentido, lamentou que esta lei \u201cnon contara co apoio nin do BNG nin do PSdeG, a pesar de mellorar a xesti\u00f3n administrativa do noso patrimonio, como o demostra o feito de que desde a s\u00faa entrada en vigor en 2016 xa se declararon 95 novos bens de interese cultural\u201d.<\/p>\n<p>\u00a0<\/p>\n<p>Por outra banda, o deputado popular afirmou que a Xunta \u201cxa conta cun borrador do Plan de Arquivos, elaborado coa participaci\u00f3n activa de profesionais dos distintos arquivos de Galicia e expertos externos; presentado diante do Consello de Arquivos para que os seus integrantes puideran facer achegas aos seu contido; e elaborado coa finalidade de dispo\u00f1er dun sistema de arquivos eficiente, eficaz e de referencia\u201d. <\/p>\n","protected":false},"excerpt":{"rendered":"<p>Santiago, 3 de decembro de 2021.- O Parlamento de Galicia aprobou hoxe a proposici\u00f3n non de lei do Grupo Popular, sen o apoio de nacionalistas e socialistas, a trav\u00e9s da que se insta ao Goberno de Espa\u00f1a a elaborar un novo anteproxecto de Lei de Patrimonio Hist\u00f3rico Espa\u00f1ol dialogado, adecuado \u00e1 lexislaci\u00f3n vixente nas comunidades [&hellip;]<\/p>\n","protected":false},"author":38,"featured_media":56483,"comment_status":"open","ping_status":"open","sticky":false,"template":"","format":"standard","meta":{"_acf_changed":false,"footnotes":""},"categories":[1],"tags":[],"class_list":["post-56484","post","type-post","status-publish","format-standard","has-post-thumbnail","hentry","category-pp-de-galicia"],"acf":[],"yoast_head":"<!-- This site is optimized with the Yoast SEO plugin v27.3 - https:\/\/yoast.com\/product\/yoast-seo-wordpress\/ -->\n<title>O Parlamento galego demanda ao Goberno de Espa\u00f1a un novo anteproxecto de Lei de Patrimonio Hist\u00f3rico Espa\u00f1ol - PP de Galicia<\/title>\n<meta name=\"robots\" content=\"index, follow, max-snippet:-1, max-image-preview:large, max-video-preview:-1\" \/>\n<link rel=\"canonical\" href=\"https:\/\/ppdegalicia.com\/es\/o-parlamento-galego-demanda-ao-goberno-de-espana-un-novo-anteproxecto-de-lei-de-patrimonio-historico-espanol\/\" \/>\n<meta property=\"og:locale\" content=\"es_ES\" \/>\n<meta property=\"og:type\" content=\"article\" \/>\n<meta property=\"og:title\" content=\"O Parlamento galego demanda ao Goberno de Espa\u00f1a un novo anteproxecto de Lei de Patrimonio Hist\u00f3rico Espa\u00f1ol - PP de Galicia\" \/>\n<meta property=\"og:description\" content=\"Santiago, 3 de decembro de 2021.- O Parlamento de Galicia aprobou hoxe a proposici\u00f3n non de lei do Grupo Popular, sen o apoio de nacionalistas e socialistas, a trav\u00e9s da que se insta ao Goberno de Espa\u00f1a a elaborar un novo anteproxecto de Lei de Patrimonio Hist\u00f3rico Espa\u00f1ol dialogado, adecuado \u00e1 lexislaci\u00f3n vixente nas comunidades [&hellip;]\" \/>\n<meta property=\"og:url\" content=\"https:\/\/ppdegalicia.com\/es\/o-parlamento-galego-demanda-ao-goberno-de-espana-un-novo-anteproxecto-de-lei-de-patrimonio-historico-espanol\/\" \/>\n<meta property=\"og:site_name\" content=\"PP de Galicia\" \/>\n<meta property=\"article:publisher\" content=\"https:\/\/www.instagram.com\/ppdegalicia\/\" \/>\n<meta property=\"article:published_time\" content=\"2021-12-03T08:05:16+00:00\" \/>\n<meta property=\"og:image\" content=\"https:\/\/ppdegalicia.com\/wp-content\/uploads\/2021\/12\/afcda215119669a57155e2b5b2070108.jpg\" \/>\n\t<meta property=\"og:image:width\" content=\"1900\" \/>\n\t<meta property=\"og:image:height\" content=\"1267\" \/>\n\t<meta property=\"og:image:type\" content=\"image\/jpeg\" \/>\n<meta name=\"author\" content=\"ppdegaliciaredes\" \/>\n<meta name=\"twitter:card\" content=\"summary_large_image\" \/>\n<meta name=\"twitter:creator\" content=\"@ppdegalicia\" \/>\n<meta name=\"twitter:site\" content=\"@ppdegalicia\" \/>\n<meta name=\"twitter:label1\" content=\"Escrito por\" \/>\n\t<meta name=\"twitter:data1\" content=\"ppdegaliciaredes\" \/>\n\t<meta name=\"twitter:label2\" content=\"Tiempo de lectura\" \/>\n\t<meta name=\"twitter:data2\" content=\"3 minutos\" \/>\n<script type=\"application\/ld+json\" class=\"yoast-schema-graph\">{\"@context\":\"https:\\\/\\\/schema.org\",\"@graph\":[{\"@type\":\"Article\",\"@id\":\"https:\\\/\\\/ppdegalicia.com\\\/es\\\/o-parlamento-galego-demanda-ao-goberno-de-espana-un-novo-anteproxecto-de-lei-de-patrimonio-historico-espanol\\\/#article\",\"isPartOf\":{\"@id\":\"https:\\\/\\\/ppdegalicia.com\\\/es\\\/o-parlamento-galego-demanda-ao-goberno-de-espana-un-novo-anteproxecto-de-lei-de-patrimonio-historico-espanol\\\/\"},\"author\":{\"name\":\"ppdegaliciaredes\",\"@id\":\"https:\\\/\\\/ppdegalicia.com\\\/es\\\/#\\\/schema\\\/person\\\/5b822c6f59e872ebdd1142f307dbcb59\"},\"headline\":\"O Parlamento galego demanda ao Goberno de Espa\u00f1a un novo anteproxecto de Lei de Patrimonio Hist\u00f3rico Espa\u00f1ol\",\"datePublished\":\"2021-12-03T08:05:16+00:00\",\"mainEntityOfPage\":{\"@id\":\"https:\\\/\\\/ppdegalicia.com\\\/es\\\/o-parlamento-galego-demanda-ao-goberno-de-espana-un-novo-anteproxecto-de-lei-de-patrimonio-historico-espanol\\\/\"},\"wordCount\":575,\"commentCount\":0,\"publisher\":{\"@id\":\"https:\\\/\\\/ppdegalicia.com\\\/es\\\/#organization\"},\"image\":{\"@id\":\"https:\\\/\\\/ppdegalicia.com\\\/es\\\/o-parlamento-galego-demanda-ao-goberno-de-espana-un-novo-anteproxecto-de-lei-de-patrimonio-historico-espanol\\\/#primaryimage\"},\"thumbnailUrl\":\"https:\\\/\\\/ppdegalicia.com\\\/wp-content\\\/uploads\\\/2021\\\/12\\\/afcda215119669a57155e2b5b2070108.jpg\",\"articleSection\":[\"PP de Galicia\"],\"inLanguage\":\"es\",\"potentialAction\":[{\"@type\":\"CommentAction\",\"name\":\"Comment\",\"target\":[\"https:\\\/\\\/ppdegalicia.com\\\/es\\\/o-parlamento-galego-demanda-ao-goberno-de-espana-un-novo-anteproxecto-de-lei-de-patrimonio-historico-espanol\\\/#respond\"]}]},{\"@type\":\"WebPage\",\"@id\":\"https:\\\/\\\/ppdegalicia.com\\\/es\\\/o-parlamento-galego-demanda-ao-goberno-de-espana-un-novo-anteproxecto-de-lei-de-patrimonio-historico-espanol\\\/\",\"url\":\"https:\\\/\\\/ppdegalicia.com\\\/es\\\/o-parlamento-galego-demanda-ao-goberno-de-espana-un-novo-anteproxecto-de-lei-de-patrimonio-historico-espanol\\\/\",\"name\":\"O Parlamento galego demanda ao Goberno de Espa\u00f1a un novo anteproxecto de Lei de Patrimonio Hist\u00f3rico Espa\u00f1ol - PP de Galicia\",\"isPartOf\":{\"@id\":\"https:\\\/\\\/ppdegalicia.com\\\/es\\\/#website\"},\"primaryImageOfPage\":{\"@id\":\"https:\\\/\\\/ppdegalicia.com\\\/es\\\/o-parlamento-galego-demanda-ao-goberno-de-espana-un-novo-anteproxecto-de-lei-de-patrimonio-historico-espanol\\\/#primaryimage\"},\"image\":{\"@id\":\"https:\\\/\\\/ppdegalicia.com\\\/es\\\/o-parlamento-galego-demanda-ao-goberno-de-espana-un-novo-anteproxecto-de-lei-de-patrimonio-historico-espanol\\\/#primaryimage\"},\"thumbnailUrl\":\"https:\\\/\\\/ppdegalicia.com\\\/wp-content\\\/uploads\\\/2021\\\/12\\\/afcda215119669a57155e2b5b2070108.jpg\",\"datePublished\":\"2021-12-03T08:05:16+00:00\",\"breadcrumb\":{\"@id\":\"https:\\\/\\\/ppdegalicia.com\\\/es\\\/o-parlamento-galego-demanda-ao-goberno-de-espana-un-novo-anteproxecto-de-lei-de-patrimonio-historico-espanol\\\/#breadcrumb\"},\"inLanguage\":\"es\",\"potentialAction\":[{\"@type\":\"ReadAction\",\"target\":[\"https:\\\/\\\/ppdegalicia.com\\\/es\\\/o-parlamento-galego-demanda-ao-goberno-de-espana-un-novo-anteproxecto-de-lei-de-patrimonio-historico-espanol\\\/\"]}]},{\"@type\":\"ImageObject\",\"inLanguage\":\"es\",\"@id\":\"https:\\\/\\\/ppdegalicia.com\\\/es\\\/o-parlamento-galego-demanda-ao-goberno-de-espana-un-novo-anteproxecto-de-lei-de-patrimonio-historico-espanol\\\/#primaryimage\",\"url\":\"https:\\\/\\\/ppdegalicia.com\\\/wp-content\\\/uploads\\\/2021\\\/12\\\/afcda215119669a57155e2b5b2070108.jpg\",\"contentUrl\":\"https:\\\/\\\/ppdegalicia.com\\\/wp-content\\\/uploads\\\/2021\\\/12\\\/afcda215119669a57155e2b5b2070108.jpg\",\"width\":1900,\"height\":1267},{\"@type\":\"BreadcrumbList\",\"@id\":\"https:\\\/\\\/ppdegalicia.com\\\/es\\\/o-parlamento-galego-demanda-ao-goberno-de-espana-un-novo-anteproxecto-de-lei-de-patrimonio-historico-espanol\\\/#breadcrumb\",\"itemListElement\":[{\"@type\":\"ListItem\",\"position\":1,\"name\":\"Portada\",\"item\":\"https:\\\/\\\/ppdegalicia.com\\\/es\\\/\"},{\"@type\":\"ListItem\",\"position\":2,\"name\":\"O Parlamento galego demanda ao Goberno de Espa\u00f1a un novo anteproxecto de Lei de Patrimonio Hist\u00f3rico Espa\u00f1ol\"}]},{\"@type\":\"WebSite\",\"@id\":\"https:\\\/\\\/ppdegalicia.com\\\/es\\\/#website\",\"url\":\"https:\\\/\\\/ppdegalicia.com\\\/es\\\/\",\"name\":\"Partido Popular de Galicia\",\"description\":\"Partido Popular de Galicia\",\"publisher\":{\"@id\":\"https:\\\/\\\/ppdegalicia.com\\\/es\\\/#organization\"},\"alternateName\":\"PP de Galicia\",\"potentialAction\":[{\"@type\":\"SearchAction\",\"target\":{\"@type\":\"EntryPoint\",\"urlTemplate\":\"https:\\\/\\\/ppdegalicia.com\\\/es\\\/?s={search_term_string}\"},\"query-input\":{\"@type\":\"PropertyValueSpecification\",\"valueRequired\":true,\"valueName\":\"search_term_string\"}}],\"inLanguage\":\"es\"},{\"@type\":\"Organization\",\"@id\":\"https:\\\/\\\/ppdegalicia.com\\\/es\\\/#organization\",\"name\":\"Partido Popular de Galicia\",\"alternateName\":\"PP de Galicia\",\"url\":\"https:\\\/\\\/ppdegalicia.com\\\/es\\\/\",\"logo\":{\"@type\":\"ImageObject\",\"inLanguage\":\"es\",\"@id\":\"https:\\\/\\\/ppdegalicia.com\\\/es\\\/#\\\/schema\\\/logo\\\/image\\\/\",\"url\":\"https:\\\/\\\/ppdegalicia.com\\\/wp-content\\\/uploads\\\/2023\\\/04\\\/logoPP512.png\",\"contentUrl\":\"https:\\\/\\\/ppdegalicia.com\\\/wp-content\\\/uploads\\\/2023\\\/04\\\/logoPP512.png\",\"width\":512,\"height\":512,\"caption\":\"Partido Popular de Galicia\"},\"image\":{\"@id\":\"https:\\\/\\\/ppdegalicia.com\\\/es\\\/#\\\/schema\\\/logo\\\/image\\\/\"},\"sameAs\":[\"https:\\\/\\\/www.instagram.com\\\/ppdegalicia\\\/\",\"https:\\\/\\\/x.com\\\/ppdegalicia\",\"https:\\\/\\\/www.tiktok.com\\\/@ppdegalicia\",\"https:\\\/\\\/www.youtube.com\\\/user\\\/ppdegalicia\"]},{\"@type\":\"Person\",\"@id\":\"https:\\\/\\\/ppdegalicia.com\\\/es\\\/#\\\/schema\\\/person\\\/5b822c6f59e872ebdd1142f307dbcb59\",\"name\":\"ppdegaliciaredes\",\"image\":{\"@type\":\"ImageObject\",\"inLanguage\":\"es\",\"@id\":\"https:\\\/\\\/secure.gravatar.com\\\/avatar\\\/3c9179cf0256d00c72a48d1f25783c58b6842cd56e85ef3a572881c8e28ccd59?s=96&d=mm&r=g\",\"url\":\"https:\\\/\\\/secure.gravatar.com\\\/avatar\\\/3c9179cf0256d00c72a48d1f25783c58b6842cd56e85ef3a572881c8e28ccd59?s=96&d=mm&r=g\",\"contentUrl\":\"https:\\\/\\\/secure.gravatar.com\\\/avatar\\\/3c9179cf0256d00c72a48d1f25783c58b6842cd56e85ef3a572881c8e28ccd59?s=96&d=mm&r=g\",\"caption\":\"ppdegaliciaredes\"},\"url\":\"https:\\\/\\\/ppdegalicia.com\\\/es\\\/author\\\/ppdegaliciaredes\\\/\"}]}<\/script>\n<!-- \/ Yoast SEO plugin. -->","yoast_head_json":{"title":"O Parlamento galego demanda ao Goberno de Espa\u00f1a un novo anteproxecto de Lei de Patrimonio Hist\u00f3rico Espa\u00f1ol - PP de Galicia","robots":{"index":"index","follow":"follow","max-snippet":"max-snippet:-1","max-image-preview":"max-image-preview:large","max-video-preview":"max-video-preview:-1"},"canonical":"https:\/\/ppdegalicia.com\/es\/o-parlamento-galego-demanda-ao-goberno-de-espana-un-novo-anteproxecto-de-lei-de-patrimonio-historico-espanol\/","og_locale":"es_ES","og_type":"article","og_title":"O Parlamento galego demanda ao Goberno de Espa\u00f1a un novo anteproxecto de Lei de Patrimonio Hist\u00f3rico Espa\u00f1ol - PP de Galicia","og_description":"Santiago, 3 de decembro de 2021.- O Parlamento de Galicia aprobou hoxe a proposici\u00f3n non de lei do Grupo Popular, sen o apoio de nacionalistas e socialistas, a trav\u00e9s da que se insta ao Goberno de Espa\u00f1a a elaborar un novo anteproxecto de Lei de Patrimonio Hist\u00f3rico Espa\u00f1ol dialogado, adecuado \u00e1 lexislaci\u00f3n vixente nas comunidades [&hellip;]","og_url":"https:\/\/ppdegalicia.com\/es\/o-parlamento-galego-demanda-ao-goberno-de-espana-un-novo-anteproxecto-de-lei-de-patrimonio-historico-espanol\/","og_site_name":"PP de Galicia","article_publisher":"https:\/\/www.instagram.com\/ppdegalicia\/","article_published_time":"2021-12-03T08:05:16+00:00","og_image":[{"width":1900,"height":1267,"url":"https:\/\/ppdegalicia.com\/wp-content\/uploads\/2021\/12\/afcda215119669a57155e2b5b2070108.jpg","type":"image\/jpeg"}],"author":"ppdegaliciaredes","twitter_card":"summary_large_image","twitter_creator":"@ppdegalicia","twitter_site":"@ppdegalicia","twitter_misc":{"Escrito por":"ppdegaliciaredes","Tiempo de lectura":"3 minutos"},"schema":{"@context":"https:\/\/schema.org","@graph":[{"@type":"Article","@id":"https:\/\/ppdegalicia.com\/es\/o-parlamento-galego-demanda-ao-goberno-de-espana-un-novo-anteproxecto-de-lei-de-patrimonio-historico-espanol\/#article","isPartOf":{"@id":"https:\/\/ppdegalicia.com\/es\/o-parlamento-galego-demanda-ao-goberno-de-espana-un-novo-anteproxecto-de-lei-de-patrimonio-historico-espanol\/"},"author":{"name":"ppdegaliciaredes","@id":"https:\/\/ppdegalicia.com\/es\/#\/schema\/person\/5b822c6f59e872ebdd1142f307dbcb59"},"headline":"O Parlamento galego demanda ao Goberno de Espa\u00f1a un novo anteproxecto de Lei de Patrimonio Hist\u00f3rico Espa\u00f1ol","datePublished":"2021-12-03T08:05:16+00:00","mainEntityOfPage":{"@id":"https:\/\/ppdegalicia.com\/es\/o-parlamento-galego-demanda-ao-goberno-de-espana-un-novo-anteproxecto-de-lei-de-patrimonio-historico-espanol\/"},"wordCount":575,"commentCount":0,"publisher":{"@id":"https:\/\/ppdegalicia.com\/es\/#organization"},"image":{"@id":"https:\/\/ppdegalicia.com\/es\/o-parlamento-galego-demanda-ao-goberno-de-espana-un-novo-anteproxecto-de-lei-de-patrimonio-historico-espanol\/#primaryimage"},"thumbnailUrl":"https:\/\/ppdegalicia.com\/wp-content\/uploads\/2021\/12\/afcda215119669a57155e2b5b2070108.jpg","articleSection":["PP de Galicia"],"inLanguage":"es","potentialAction":[{"@type":"CommentAction","name":"Comment","target":["https:\/\/ppdegalicia.com\/es\/o-parlamento-galego-demanda-ao-goberno-de-espana-un-novo-anteproxecto-de-lei-de-patrimonio-historico-espanol\/#respond"]}]},{"@type":"WebPage","@id":"https:\/\/ppdegalicia.com\/es\/o-parlamento-galego-demanda-ao-goberno-de-espana-un-novo-anteproxecto-de-lei-de-patrimonio-historico-espanol\/","url":"https:\/\/ppdegalicia.com\/es\/o-parlamento-galego-demanda-ao-goberno-de-espana-un-novo-anteproxecto-de-lei-de-patrimonio-historico-espanol\/","name":"O Parlamento galego demanda ao Goberno de Espa\u00f1a un novo anteproxecto de Lei de Patrimonio Hist\u00f3rico Espa\u00f1ol - PP de Galicia","isPartOf":{"@id":"https:\/\/ppdegalicia.com\/es\/#website"},"primaryImageOfPage":{"@id":"https:\/\/ppdegalicia.com\/es\/o-parlamento-galego-demanda-ao-goberno-de-espana-un-novo-anteproxecto-de-lei-de-patrimonio-historico-espanol\/#primaryimage"},"image":{"@id":"https:\/\/ppdegalicia.com\/es\/o-parlamento-galego-demanda-ao-goberno-de-espana-un-novo-anteproxecto-de-lei-de-patrimonio-historico-espanol\/#primaryimage"},"thumbnailUrl":"https:\/\/ppdegalicia.com\/wp-content\/uploads\/2021\/12\/afcda215119669a57155e2b5b2070108.jpg","datePublished":"2021-12-03T08:05:16+00:00","breadcrumb":{"@id":"https:\/\/ppdegalicia.com\/es\/o-parlamento-galego-demanda-ao-goberno-de-espana-un-novo-anteproxecto-de-lei-de-patrimonio-historico-espanol\/#breadcrumb"},"inLanguage":"es","potentialAction":[{"@type":"ReadAction","target":["https:\/\/ppdegalicia.com\/es\/o-parlamento-galego-demanda-ao-goberno-de-espana-un-novo-anteproxecto-de-lei-de-patrimonio-historico-espanol\/"]}]},{"@type":"ImageObject","inLanguage":"es","@id":"https:\/\/ppdegalicia.com\/es\/o-parlamento-galego-demanda-ao-goberno-de-espana-un-novo-anteproxecto-de-lei-de-patrimonio-historico-espanol\/#primaryimage","url":"https:\/\/ppdegalicia.com\/wp-content\/uploads\/2021\/12\/afcda215119669a57155e2b5b2070108.jpg","contentUrl":"https:\/\/ppdegalicia.com\/wp-content\/uploads\/2021\/12\/afcda215119669a57155e2b5b2070108.jpg","width":1900,"height":1267},{"@type":"BreadcrumbList","@id":"https:\/\/ppdegalicia.com\/es\/o-parlamento-galego-demanda-ao-goberno-de-espana-un-novo-anteproxecto-de-lei-de-patrimonio-historico-espanol\/#breadcrumb","itemListElement":[{"@type":"ListItem","position":1,"name":"Portada","item":"https:\/\/ppdegalicia.com\/es\/"},{"@type":"ListItem","position":2,"name":"O Parlamento galego demanda ao Goberno de Espa\u00f1a un novo anteproxecto de Lei de Patrimonio Hist\u00f3rico Espa\u00f1ol"}]},{"@type":"WebSite","@id":"https:\/\/ppdegalicia.com\/es\/#website","url":"https:\/\/ppdegalicia.com\/es\/","name":"Partido Popular de Galicia","description":"Partido Popular de Galicia","publisher":{"@id":"https:\/\/ppdegalicia.com\/es\/#organization"},"alternateName":"PP de Galicia","potentialAction":[{"@type":"SearchAction","target":{"@type":"EntryPoint","urlTemplate":"https:\/\/ppdegalicia.com\/es\/?s={search_term_string}"},"query-input":{"@type":"PropertyValueSpecification","valueRequired":true,"valueName":"search_term_string"}}],"inLanguage":"es"},{"@type":"Organization","@id":"https:\/\/ppdegalicia.com\/es\/#organization","name":"Partido Popular de Galicia","alternateName":"PP de Galicia","url":"https:\/\/ppdegalicia.com\/es\/","logo":{"@type":"ImageObject","inLanguage":"es","@id":"https:\/\/ppdegalicia.com\/es\/#\/schema\/logo\/image\/","url":"https:\/\/ppdegalicia.com\/wp-content\/uploads\/2023\/04\/logoPP512.png","contentUrl":"https:\/\/ppdegalicia.com\/wp-content\/uploads\/2023\/04\/logoPP512.png","width":512,"height":512,"caption":"Partido Popular de Galicia"},"image":{"@id":"https:\/\/ppdegalicia.com\/es\/#\/schema\/logo\/image\/"},"sameAs":["https:\/\/www.instagram.com\/ppdegalicia\/","https:\/\/x.com\/ppdegalicia","https:\/\/www.tiktok.com\/@ppdegalicia","https:\/\/www.youtube.com\/user\/ppdegalicia"]},{"@type":"Person","@id":"https:\/\/ppdegalicia.com\/es\/#\/schema\/person\/5b822c6f59e872ebdd1142f307dbcb59","name":"ppdegaliciaredes","image":{"@type":"ImageObject","inLanguage":"es","@id":"https:\/\/secure.gravatar.com\/avatar\/3c9179cf0256d00c72a48d1f25783c58b6842cd56e85ef3a572881c8e28ccd59?s=96&d=mm&r=g","url":"https:\/\/secure.gravatar.com\/avatar\/3c9179cf0256d00c72a48d1f25783c58b6842cd56e85ef3a572881c8e28ccd59?s=96&d=mm&r=g","contentUrl":"https:\/\/secure.gravatar.com\/avatar\/3c9179cf0256d00c72a48d1f25783c58b6842cd56e85ef3a572881c8e28ccd59?s=96&d=mm&r=g","caption":"ppdegaliciaredes"},"url":"https:\/\/ppdegalicia.com\/es\/author\/ppdegaliciaredes\/"}]}},"_links":{"self":[{"href":"https:\/\/ppdegalicia.com\/es\/wp-json\/wp\/v2\/posts\/56484","targetHints":{"allow":["GET"]}}],"collection":[{"href":"https:\/\/ppdegalicia.com\/es\/wp-json\/wp\/v2\/posts"}],"about":[{"href":"https:\/\/ppdegalicia.com\/es\/wp-json\/wp\/v2\/types\/post"}],"author":[{"embeddable":true,"href":"https:\/\/ppdegalicia.com\/es\/wp-json\/wp\/v2\/users\/38"}],"replies":[{"embeddable":true,"href":"https:\/\/ppdegalicia.com\/es\/wp-json\/wp\/v2\/comments?post=56484"}],"version-history":[{"count":0,"href":"https:\/\/ppdegalicia.com\/es\/wp-json\/wp\/v2\/posts\/56484\/revisions"}],"wp:featuredmedia":[{"embeddable":true,"href":"https:\/\/ppdegalicia.com\/es\/wp-json\/wp\/v2\/media\/56483"}],"wp:attachment":[{"href":"https:\/\/ppdegalicia.com\/es\/wp-json\/wp\/v2\/media?parent=56484"}],"wp:term":[{"taxonomy":"category","embeddable":true,"href":"https:\/\/ppdegalicia.com\/es\/wp-json\/wp\/v2\/categories?post=56484"},{"taxonomy":"post_tag","embeddable":true,"href":"https:\/\/ppdegalicia.com\/es\/wp-json\/wp\/v2\/tags?post=56484"}],"curies":[{"name":"wp","href":"https:\/\/api.w.org\/{rel}","templated":true}]}}