{"id":56486,"date":"2021-12-03T12:48:35","date_gmt":"2021-12-03T10:48:35","guid":{"rendered":"https:\/\/ppdegalicia.com\/o-parlamento-galego-solicita-facilitar-a-formacion-das-persoas-ao-longo-da-vida-a-traves-de-contornas-dixitais\/"},"modified":"2021-12-03T12:48:35","modified_gmt":"2021-12-03T10:48:35","slug":"o-parlamento-galego-solicita-facilitar-a-formacion-das-persoas-ao-longo-da-vida-a-traves-de-contornas-dixitais","status":"publish","type":"post","link":"https:\/\/ppdegalicia.com\/es\/o-parlamento-galego-solicita-facilitar-a-formacion-das-persoas-ao-longo-da-vida-a-traves-de-contornas-dixitais\/","title":{"rendered":"O Parlamento galego solicita facilitar a formaci\u00f3n das persoas ao longo da vida a trav\u00e9s de contornas dixitais"},"content":{"rendered":"<p><img fetchpriority=\"high\" decoding=\"async\" class=\" size-full wp-image-56485\" src=\"https:\/\/ppdegalicia.com\/wp-content\/uploads\/2021\/12\/652f9276ebee1475ec5edaccf5b635d6.jpg\" alt=\"\" width=\"1900\" height=\"1267\" srcset=\"https:\/\/ppdegalicia.com\/wp-content\/uploads\/2021\/12\/652f9276ebee1475ec5edaccf5b635d6.jpg 1900w, https:\/\/ppdegalicia.com\/wp-content\/uploads\/2021\/12\/652f9276ebee1475ec5edaccf5b635d6-300x200.jpg 300w, https:\/\/ppdegalicia.com\/wp-content\/uploads\/2021\/12\/652f9276ebee1475ec5edaccf5b635d6-1024x683.jpg 1024w, https:\/\/ppdegalicia.com\/wp-content\/uploads\/2021\/12\/652f9276ebee1475ec5edaccf5b635d6-768x512.jpg 768w, https:\/\/ppdegalicia.com\/wp-content\/uploads\/2021\/12\/652f9276ebee1475ec5edaccf5b635d6-1536x1024.jpg 1536w\" sizes=\"(max-width: 1900px) 100vw, 1900px\" \/><\/p>\n<p>Santiago, 3 de decembro de 2021.- O Parlamento galego aprobou hoxe por unanimidade a proposici\u00f3n non de lei do Grupo Popular a trav\u00e9s da que se solicita \u00e1 Xunta a desenvolver ferramentas que axuden e faciliten a formaci\u00f3n das persoas ao longo da vida utilizando contornas dixitais.<\/p>\n<p><!--more--><\/p>\n<p>\u201cA crise ocasionada pola Covid-19 colocou a aprendizaxe a distancia e en li\u00f1a no coraz\u00f3n das pr\u00e1cticas educativas e demostrou que \u00e9 esencial dispo\u00f1er dun sistema educativo e de formaci\u00f3n adaptado \u00e1 era dixital\u201d, manifestou o portavoz popular de Educaci\u00f3n, Ovidio Rodeiro.<\/p>\n<p>\u00a0<\/p>\n<p>\u201cO sistema educativo ten como principio b\u00e1sico propiciar a educaci\u00f3n permanente dentro e fora do propio sistema para mellorar as capacidades, habilidades, aptitudes, co\u00f1ecementos e competencias da poboaci\u00f3n\u201d, sinalou Rodeiro, quen animou \u00e1 Conseller\u00eda \u201ca seguir traballando e avanzar no desenvolvemento dun ecosistema educativo dixital que ofreza acceso a recursos educativos de calidade en contornas virtuais e potencie formas flexibles de aprendizaxe ao longo da vida\u201d.<\/p>\n<p>\u00a0<\/p>\n<p><strong>ACCESO A TODA A CIDADAN\u00cdA<\/strong><\/p>\n<p>\u00a0<\/p>\n<p>O portavoz popular afirmou que, \u201cpara que toda a cidadan\u00eda poida acceder a unha educaci\u00f3n e a unha formaci\u00f3n integrais, inclusivas e de calidade, faise preciso ofrecer pol\u00edticas e instrumentos eficaces en materia de aprendizaxe ao longo da vida, incrementando esforzos na capacitaci\u00f3n e formaci\u00f3n de toda a poboaci\u00f3n galega e acometendo modificaci\u00f3ns normativas que dean solidez a un sistema educativo que poida ofrecer a todas as persoas v\u00edas de aprendizaxe m\u00faltiples e flexibles\u201d.<\/p>\n<p>\u00a0<\/p>\n<p>Deste xeito, Ovidio Rodeiro considerou \u201cnecesario dese\u00f1ar actuaci\u00f3ns encami\u00f1adas \u00e1 mellora das competencias e capacidades dixitais, favorecer a dixitalizaci\u00f3n dos m\u00e9todos de ensinanza e as pedagox\u00edas; e proporcionar as infraestruturas necesarias para unha aprendizaxe a distancia inclusiva e resiliente\u201d. <\/p>\n","protected":false},"excerpt":{"rendered":"<p>Santiago, 3 de decembro de 2021.- O Parlamento galego aprobou hoxe por unanimidade a proposici\u00f3n non de lei do Grupo Popular a trav\u00e9s da que se solicita \u00e1 Xunta a desenvolver ferramentas que axuden e faciliten a formaci\u00f3n das persoas ao longo da vida utilizando contornas dixitais.<\/p>\n","protected":false},"author":38,"featured_media":56485,"comment_status":"open","ping_status":"open","sticky":false,"template":"","format":"standard","meta":{"_acf_changed":false,"footnotes":""},"categories":[1],"tags":[],"class_list":["post-56486","post","type-post","status-publish","format-standard","has-post-thumbnail","hentry","category-pp-de-galicia"],"acf":[],"yoast_head":"<!-- This site is optimized with the Yoast SEO plugin v27.3 - https:\/\/yoast.com\/product\/yoast-seo-wordpress\/ -->\n<title>O Parlamento galego solicita facilitar a formaci\u00f3n das persoas ao longo da vida a trav\u00e9s de contornas dixitais - PP de Galicia<\/title>\n<meta name=\"robots\" content=\"index, follow, max-snippet:-1, max-image-preview:large, max-video-preview:-1\" \/>\n<link rel=\"canonical\" href=\"https:\/\/ppdegalicia.com\/es\/o-parlamento-galego-solicita-facilitar-a-formacion-das-persoas-ao-longo-da-vida-a-traves-de-contornas-dixitais\/\" \/>\n<meta property=\"og:locale\" content=\"es_ES\" \/>\n<meta property=\"og:type\" content=\"article\" \/>\n<meta property=\"og:title\" content=\"O Parlamento galego solicita facilitar a formaci\u00f3n das persoas ao longo da vida a trav\u00e9s de contornas dixitais - PP de Galicia\" \/>\n<meta property=\"og:description\" content=\"Santiago, 3 de decembro de 2021.- O Parlamento galego aprobou hoxe por unanimidade a proposici\u00f3n non de lei do Grupo Popular a trav\u00e9s da que se solicita \u00e1 Xunta a desenvolver ferramentas que axuden e faciliten a formaci\u00f3n das persoas ao longo da vida utilizando contornas dixitais.\" \/>\n<meta property=\"og:url\" content=\"https:\/\/ppdegalicia.com\/es\/o-parlamento-galego-solicita-facilitar-a-formacion-das-persoas-ao-longo-da-vida-a-traves-de-contornas-dixitais\/\" \/>\n<meta property=\"og:site_name\" content=\"PP de Galicia\" \/>\n<meta property=\"article:publisher\" content=\"https:\/\/www.instagram.com\/ppdegalicia\/\" \/>\n<meta property=\"article:published_time\" content=\"2021-12-03T10:48:35+00:00\" \/>\n<meta property=\"og:image\" content=\"https:\/\/ppdegalicia.com\/wp-content\/uploads\/2021\/12\/652f9276ebee1475ec5edaccf5b635d6.jpg\" \/>\n\t<meta property=\"og:image:width\" content=\"1900\" \/>\n\t<meta property=\"og:image:height\" content=\"1267\" \/>\n\t<meta property=\"og:image:type\" content=\"image\/jpeg\" \/>\n<meta name=\"author\" content=\"ppdegaliciaredes\" \/>\n<meta name=\"twitter:card\" content=\"summary_large_image\" \/>\n<meta name=\"twitter:creator\" content=\"@ppdegalicia\" \/>\n<meta name=\"twitter:site\" content=\"@ppdegalicia\" \/>\n<meta name=\"twitter:label1\" content=\"Escrito por\" \/>\n\t<meta name=\"twitter:data1\" content=\"ppdegaliciaredes\" \/>\n\t<meta name=\"twitter:label2\" content=\"Tiempo de lectura\" \/>\n\t<meta name=\"twitter:data2\" content=\"1 minuto\" \/>\n<script type=\"application\/ld+json\" class=\"yoast-schema-graph\">{\"@context\":\"https:\\\/\\\/schema.org\",\"@graph\":[{\"@type\":\"Article\",\"@id\":\"https:\\\/\\\/ppdegalicia.com\\\/es\\\/o-parlamento-galego-solicita-facilitar-a-formacion-das-persoas-ao-longo-da-vida-a-traves-de-contornas-dixitais\\\/#article\",\"isPartOf\":{\"@id\":\"https:\\\/\\\/ppdegalicia.com\\\/es\\\/o-parlamento-galego-solicita-facilitar-a-formacion-das-persoas-ao-longo-da-vida-a-traves-de-contornas-dixitais\\\/\"},\"author\":{\"name\":\"ppdegaliciaredes\",\"@id\":\"https:\\\/\\\/ppdegalicia.com\\\/es\\\/#\\\/schema\\\/person\\\/5b822c6f59e872ebdd1142f307dbcb59\"},\"headline\":\"O Parlamento galego solicita facilitar a formaci\u00f3n das persoas ao longo da vida a trav\u00e9s de contornas dixitais\",\"datePublished\":\"2021-12-03T10:48:35+00:00\",\"mainEntityOfPage\":{\"@id\":\"https:\\\/\\\/ppdegalicia.com\\\/es\\\/o-parlamento-galego-solicita-facilitar-a-formacion-das-persoas-ao-longo-da-vida-a-traves-de-contornas-dixitais\\\/\"},\"wordCount\":318,\"commentCount\":0,\"publisher\":{\"@id\":\"https:\\\/\\\/ppdegalicia.com\\\/es\\\/#organization\"},\"image\":{\"@id\":\"https:\\\/\\\/ppdegalicia.com\\\/es\\\/o-parlamento-galego-solicita-facilitar-a-formacion-das-persoas-ao-longo-da-vida-a-traves-de-contornas-dixitais\\\/#primaryimage\"},\"thumbnailUrl\":\"https:\\\/\\\/ppdegalicia.com\\\/wp-content\\\/uploads\\\/2021\\\/12\\\/652f9276ebee1475ec5edaccf5b635d6.jpg\",\"articleSection\":[\"PP de Galicia\"],\"inLanguage\":\"es\",\"potentialAction\":[{\"@type\":\"CommentAction\",\"name\":\"Comment\",\"target\":[\"https:\\\/\\\/ppdegalicia.com\\\/es\\\/o-parlamento-galego-solicita-facilitar-a-formacion-das-persoas-ao-longo-da-vida-a-traves-de-contornas-dixitais\\\/#respond\"]}]},{\"@type\":\"WebPage\",\"@id\":\"https:\\\/\\\/ppdegalicia.com\\\/es\\\/o-parlamento-galego-solicita-facilitar-a-formacion-das-persoas-ao-longo-da-vida-a-traves-de-contornas-dixitais\\\/\",\"url\":\"https:\\\/\\\/ppdegalicia.com\\\/es\\\/o-parlamento-galego-solicita-facilitar-a-formacion-das-persoas-ao-longo-da-vida-a-traves-de-contornas-dixitais\\\/\",\"name\":\"O Parlamento galego solicita facilitar a formaci\u00f3n das persoas ao longo da vida a trav\u00e9s de contornas dixitais - PP de Galicia\",\"isPartOf\":{\"@id\":\"https:\\\/\\\/ppdegalicia.com\\\/es\\\/#website\"},\"primaryImageOfPage\":{\"@id\":\"https:\\\/\\\/ppdegalicia.com\\\/es\\\/o-parlamento-galego-solicita-facilitar-a-formacion-das-persoas-ao-longo-da-vida-a-traves-de-contornas-dixitais\\\/#primaryimage\"},\"image\":{\"@id\":\"https:\\\/\\\/ppdegalicia.com\\\/es\\\/o-parlamento-galego-solicita-facilitar-a-formacion-das-persoas-ao-longo-da-vida-a-traves-de-contornas-dixitais\\\/#primaryimage\"},\"thumbnailUrl\":\"https:\\\/\\\/ppdegalicia.com\\\/wp-content\\\/uploads\\\/2021\\\/12\\\/652f9276ebee1475ec5edaccf5b635d6.jpg\",\"datePublished\":\"2021-12-03T10:48:35+00:00\",\"breadcrumb\":{\"@id\":\"https:\\\/\\\/ppdegalicia.com\\\/es\\\/o-parlamento-galego-solicita-facilitar-a-formacion-das-persoas-ao-longo-da-vida-a-traves-de-contornas-dixitais\\\/#breadcrumb\"},\"inLanguage\":\"es\",\"potentialAction\":[{\"@type\":\"ReadAction\",\"target\":[\"https:\\\/\\\/ppdegalicia.com\\\/es\\\/o-parlamento-galego-solicita-facilitar-a-formacion-das-persoas-ao-longo-da-vida-a-traves-de-contornas-dixitais\\\/\"]}]},{\"@type\":\"ImageObject\",\"inLanguage\":\"es\",\"@id\":\"https:\\\/\\\/ppdegalicia.com\\\/es\\\/o-parlamento-galego-solicita-facilitar-a-formacion-das-persoas-ao-longo-da-vida-a-traves-de-contornas-dixitais\\\/#primaryimage\",\"url\":\"https:\\\/\\\/ppdegalicia.com\\\/wp-content\\\/uploads\\\/2021\\\/12\\\/652f9276ebee1475ec5edaccf5b635d6.jpg\",\"contentUrl\":\"https:\\\/\\\/ppdegalicia.com\\\/wp-content\\\/uploads\\\/2021\\\/12\\\/652f9276ebee1475ec5edaccf5b635d6.jpg\",\"width\":1900,\"height\":1267},{\"@type\":\"BreadcrumbList\",\"@id\":\"https:\\\/\\\/ppdegalicia.com\\\/es\\\/o-parlamento-galego-solicita-facilitar-a-formacion-das-persoas-ao-longo-da-vida-a-traves-de-contornas-dixitais\\\/#breadcrumb\",\"itemListElement\":[{\"@type\":\"ListItem\",\"position\":1,\"name\":\"Portada\",\"item\":\"https:\\\/\\\/ppdegalicia.com\\\/es\\\/\"},{\"@type\":\"ListItem\",\"position\":2,\"name\":\"O Parlamento galego solicita facilitar a formaci\u00f3n das persoas ao longo da vida a trav\u00e9s de contornas dixitais\"}]},{\"@type\":\"WebSite\",\"@id\":\"https:\\\/\\\/ppdegalicia.com\\\/es\\\/#website\",\"url\":\"https:\\\/\\\/ppdegalicia.com\\\/es\\\/\",\"name\":\"Partido Popular de Galicia\",\"description\":\"Partido Popular de Galicia\",\"publisher\":{\"@id\":\"https:\\\/\\\/ppdegalicia.com\\\/es\\\/#organization\"},\"alternateName\":\"PP de Galicia\",\"potentialAction\":[{\"@type\":\"SearchAction\",\"target\":{\"@type\":\"EntryPoint\",\"urlTemplate\":\"https:\\\/\\\/ppdegalicia.com\\\/es\\\/?s={search_term_string}\"},\"query-input\":{\"@type\":\"PropertyValueSpecification\",\"valueRequired\":true,\"valueName\":\"search_term_string\"}}],\"inLanguage\":\"es\"},{\"@type\":\"Organization\",\"@id\":\"https:\\\/\\\/ppdegalicia.com\\\/es\\\/#organization\",\"name\":\"Partido Popular de Galicia\",\"alternateName\":\"PP de Galicia\",\"url\":\"https:\\\/\\\/ppdegalicia.com\\\/es\\\/\",\"logo\":{\"@type\":\"ImageObject\",\"inLanguage\":\"es\",\"@id\":\"https:\\\/\\\/ppdegalicia.com\\\/es\\\/#\\\/schema\\\/logo\\\/image\\\/\",\"url\":\"https:\\\/\\\/ppdegalicia.com\\\/wp-content\\\/uploads\\\/2023\\\/04\\\/logoPP512.png\",\"contentUrl\":\"https:\\\/\\\/ppdegalicia.com\\\/wp-content\\\/uploads\\\/2023\\\/04\\\/logoPP512.png\",\"width\":512,\"height\":512,\"caption\":\"Partido Popular de Galicia\"},\"image\":{\"@id\":\"https:\\\/\\\/ppdegalicia.com\\\/es\\\/#\\\/schema\\\/logo\\\/image\\\/\"},\"sameAs\":[\"https:\\\/\\\/www.instagram.com\\\/ppdegalicia\\\/\",\"https:\\\/\\\/x.com\\\/ppdegalicia\",\"https:\\\/\\\/www.tiktok.com\\\/@ppdegalicia\",\"https:\\\/\\\/www.youtube.com\\\/user\\\/ppdegalicia\"]},{\"@type\":\"Person\",\"@id\":\"https:\\\/\\\/ppdegalicia.com\\\/es\\\/#\\\/schema\\\/person\\\/5b822c6f59e872ebdd1142f307dbcb59\",\"name\":\"ppdegaliciaredes\",\"image\":{\"@type\":\"ImageObject\",\"inLanguage\":\"es\",\"@id\":\"https:\\\/\\\/secure.gravatar.com\\\/avatar\\\/3c9179cf0256d00c72a48d1f25783c58b6842cd56e85ef3a572881c8e28ccd59?s=96&d=mm&r=g\",\"url\":\"https:\\\/\\\/secure.gravatar.com\\\/avatar\\\/3c9179cf0256d00c72a48d1f25783c58b6842cd56e85ef3a572881c8e28ccd59?s=96&d=mm&r=g\",\"contentUrl\":\"https:\\\/\\\/secure.gravatar.com\\\/avatar\\\/3c9179cf0256d00c72a48d1f25783c58b6842cd56e85ef3a572881c8e28ccd59?s=96&d=mm&r=g\",\"caption\":\"ppdegaliciaredes\"},\"url\":\"https:\\\/\\\/ppdegalicia.com\\\/es\\\/author\\\/ppdegaliciaredes\\\/\"}]}<\/script>\n<!-- \/ Yoast SEO plugin. -->","yoast_head_json":{"title":"O Parlamento galego solicita facilitar a formaci\u00f3n das persoas ao longo da vida a trav\u00e9s de contornas dixitais - PP de Galicia","robots":{"index":"index","follow":"follow","max-snippet":"max-snippet:-1","max-image-preview":"max-image-preview:large","max-video-preview":"max-video-preview:-1"},"canonical":"https:\/\/ppdegalicia.com\/es\/o-parlamento-galego-solicita-facilitar-a-formacion-das-persoas-ao-longo-da-vida-a-traves-de-contornas-dixitais\/","og_locale":"es_ES","og_type":"article","og_title":"O Parlamento galego solicita facilitar a formaci\u00f3n das persoas ao longo da vida a trav\u00e9s de contornas dixitais - PP de Galicia","og_description":"Santiago, 3 de decembro de 2021.- O Parlamento galego aprobou hoxe por unanimidade a proposici\u00f3n non de lei do Grupo Popular a trav\u00e9s da que se solicita \u00e1 Xunta a desenvolver ferramentas que axuden e faciliten a formaci\u00f3n das persoas ao longo da vida utilizando contornas dixitais.","og_url":"https:\/\/ppdegalicia.com\/es\/o-parlamento-galego-solicita-facilitar-a-formacion-das-persoas-ao-longo-da-vida-a-traves-de-contornas-dixitais\/","og_site_name":"PP de Galicia","article_publisher":"https:\/\/www.instagram.com\/ppdegalicia\/","article_published_time":"2021-12-03T10:48:35+00:00","og_image":[{"width":1900,"height":1267,"url":"https:\/\/ppdegalicia.com\/wp-content\/uploads\/2021\/12\/652f9276ebee1475ec5edaccf5b635d6.jpg","type":"image\/jpeg"}],"author":"ppdegaliciaredes","twitter_card":"summary_large_image","twitter_creator":"@ppdegalicia","twitter_site":"@ppdegalicia","twitter_misc":{"Escrito por":"ppdegaliciaredes","Tiempo de lectura":"1 minuto"},"schema":{"@context":"https:\/\/schema.org","@graph":[{"@type":"Article","@id":"https:\/\/ppdegalicia.com\/es\/o-parlamento-galego-solicita-facilitar-a-formacion-das-persoas-ao-longo-da-vida-a-traves-de-contornas-dixitais\/#article","isPartOf":{"@id":"https:\/\/ppdegalicia.com\/es\/o-parlamento-galego-solicita-facilitar-a-formacion-das-persoas-ao-longo-da-vida-a-traves-de-contornas-dixitais\/"},"author":{"name":"ppdegaliciaredes","@id":"https:\/\/ppdegalicia.com\/es\/#\/schema\/person\/5b822c6f59e872ebdd1142f307dbcb59"},"headline":"O Parlamento galego solicita facilitar a formaci\u00f3n das persoas ao longo da vida a trav\u00e9s de contornas dixitais","datePublished":"2021-12-03T10:48:35+00:00","mainEntityOfPage":{"@id":"https:\/\/ppdegalicia.com\/es\/o-parlamento-galego-solicita-facilitar-a-formacion-das-persoas-ao-longo-da-vida-a-traves-de-contornas-dixitais\/"},"wordCount":318,"commentCount":0,"publisher":{"@id":"https:\/\/ppdegalicia.com\/es\/#organization"},"image":{"@id":"https:\/\/ppdegalicia.com\/es\/o-parlamento-galego-solicita-facilitar-a-formacion-das-persoas-ao-longo-da-vida-a-traves-de-contornas-dixitais\/#primaryimage"},"thumbnailUrl":"https:\/\/ppdegalicia.com\/wp-content\/uploads\/2021\/12\/652f9276ebee1475ec5edaccf5b635d6.jpg","articleSection":["PP de Galicia"],"inLanguage":"es","potentialAction":[{"@type":"CommentAction","name":"Comment","target":["https:\/\/ppdegalicia.com\/es\/o-parlamento-galego-solicita-facilitar-a-formacion-das-persoas-ao-longo-da-vida-a-traves-de-contornas-dixitais\/#respond"]}]},{"@type":"WebPage","@id":"https:\/\/ppdegalicia.com\/es\/o-parlamento-galego-solicita-facilitar-a-formacion-das-persoas-ao-longo-da-vida-a-traves-de-contornas-dixitais\/","url":"https:\/\/ppdegalicia.com\/es\/o-parlamento-galego-solicita-facilitar-a-formacion-das-persoas-ao-longo-da-vida-a-traves-de-contornas-dixitais\/","name":"O Parlamento galego solicita facilitar a formaci\u00f3n das persoas ao longo da vida a trav\u00e9s de contornas dixitais - PP de Galicia","isPartOf":{"@id":"https:\/\/ppdegalicia.com\/es\/#website"},"primaryImageOfPage":{"@id":"https:\/\/ppdegalicia.com\/es\/o-parlamento-galego-solicita-facilitar-a-formacion-das-persoas-ao-longo-da-vida-a-traves-de-contornas-dixitais\/#primaryimage"},"image":{"@id":"https:\/\/ppdegalicia.com\/es\/o-parlamento-galego-solicita-facilitar-a-formacion-das-persoas-ao-longo-da-vida-a-traves-de-contornas-dixitais\/#primaryimage"},"thumbnailUrl":"https:\/\/ppdegalicia.com\/wp-content\/uploads\/2021\/12\/652f9276ebee1475ec5edaccf5b635d6.jpg","datePublished":"2021-12-03T10:48:35+00:00","breadcrumb":{"@id":"https:\/\/ppdegalicia.com\/es\/o-parlamento-galego-solicita-facilitar-a-formacion-das-persoas-ao-longo-da-vida-a-traves-de-contornas-dixitais\/#breadcrumb"},"inLanguage":"es","potentialAction":[{"@type":"ReadAction","target":["https:\/\/ppdegalicia.com\/es\/o-parlamento-galego-solicita-facilitar-a-formacion-das-persoas-ao-longo-da-vida-a-traves-de-contornas-dixitais\/"]}]},{"@type":"ImageObject","inLanguage":"es","@id":"https:\/\/ppdegalicia.com\/es\/o-parlamento-galego-solicita-facilitar-a-formacion-das-persoas-ao-longo-da-vida-a-traves-de-contornas-dixitais\/#primaryimage","url":"https:\/\/ppdegalicia.com\/wp-content\/uploads\/2021\/12\/652f9276ebee1475ec5edaccf5b635d6.jpg","contentUrl":"https:\/\/ppdegalicia.com\/wp-content\/uploads\/2021\/12\/652f9276ebee1475ec5edaccf5b635d6.jpg","width":1900,"height":1267},{"@type":"BreadcrumbList","@id":"https:\/\/ppdegalicia.com\/es\/o-parlamento-galego-solicita-facilitar-a-formacion-das-persoas-ao-longo-da-vida-a-traves-de-contornas-dixitais\/#breadcrumb","itemListElement":[{"@type":"ListItem","position":1,"name":"Portada","item":"https:\/\/ppdegalicia.com\/es\/"},{"@type":"ListItem","position":2,"name":"O Parlamento galego solicita facilitar a formaci\u00f3n das persoas ao longo da vida a trav\u00e9s de contornas dixitais"}]},{"@type":"WebSite","@id":"https:\/\/ppdegalicia.com\/es\/#website","url":"https:\/\/ppdegalicia.com\/es\/","name":"Partido Popular de Galicia","description":"Partido Popular de Galicia","publisher":{"@id":"https:\/\/ppdegalicia.com\/es\/#organization"},"alternateName":"PP de Galicia","potentialAction":[{"@type":"SearchAction","target":{"@type":"EntryPoint","urlTemplate":"https:\/\/ppdegalicia.com\/es\/?s={search_term_string}"},"query-input":{"@type":"PropertyValueSpecification","valueRequired":true,"valueName":"search_term_string"}}],"inLanguage":"es"},{"@type":"Organization","@id":"https:\/\/ppdegalicia.com\/es\/#organization","name":"Partido Popular de Galicia","alternateName":"PP de Galicia","url":"https:\/\/ppdegalicia.com\/es\/","logo":{"@type":"ImageObject","inLanguage":"es","@id":"https:\/\/ppdegalicia.com\/es\/#\/schema\/logo\/image\/","url":"https:\/\/ppdegalicia.com\/wp-content\/uploads\/2023\/04\/logoPP512.png","contentUrl":"https:\/\/ppdegalicia.com\/wp-content\/uploads\/2023\/04\/logoPP512.png","width":512,"height":512,"caption":"Partido Popular de Galicia"},"image":{"@id":"https:\/\/ppdegalicia.com\/es\/#\/schema\/logo\/image\/"},"sameAs":["https:\/\/www.instagram.com\/ppdegalicia\/","https:\/\/x.com\/ppdegalicia","https:\/\/www.tiktok.com\/@ppdegalicia","https:\/\/www.youtube.com\/user\/ppdegalicia"]},{"@type":"Person","@id":"https:\/\/ppdegalicia.com\/es\/#\/schema\/person\/5b822c6f59e872ebdd1142f307dbcb59","name":"ppdegaliciaredes","image":{"@type":"ImageObject","inLanguage":"es","@id":"https:\/\/secure.gravatar.com\/avatar\/3c9179cf0256d00c72a48d1f25783c58b6842cd56e85ef3a572881c8e28ccd59?s=96&d=mm&r=g","url":"https:\/\/secure.gravatar.com\/avatar\/3c9179cf0256d00c72a48d1f25783c58b6842cd56e85ef3a572881c8e28ccd59?s=96&d=mm&r=g","contentUrl":"https:\/\/secure.gravatar.com\/avatar\/3c9179cf0256d00c72a48d1f25783c58b6842cd56e85ef3a572881c8e28ccd59?s=96&d=mm&r=g","caption":"ppdegaliciaredes"},"url":"https:\/\/ppdegalicia.com\/es\/author\/ppdegaliciaredes\/"}]}},"_links":{"self":[{"href":"https:\/\/ppdegalicia.com\/es\/wp-json\/wp\/v2\/posts\/56486","targetHints":{"allow":["GET"]}}],"collection":[{"href":"https:\/\/ppdegalicia.com\/es\/wp-json\/wp\/v2\/posts"}],"about":[{"href":"https:\/\/ppdegalicia.com\/es\/wp-json\/wp\/v2\/types\/post"}],"author":[{"embeddable":true,"href":"https:\/\/ppdegalicia.com\/es\/wp-json\/wp\/v2\/users\/38"}],"replies":[{"embeddable":true,"href":"https:\/\/ppdegalicia.com\/es\/wp-json\/wp\/v2\/comments?post=56486"}],"version-history":[{"count":0,"href":"https:\/\/ppdegalicia.com\/es\/wp-json\/wp\/v2\/posts\/56486\/revisions"}],"wp:featuredmedia":[{"embeddable":true,"href":"https:\/\/ppdegalicia.com\/es\/wp-json\/wp\/v2\/media\/56485"}],"wp:attachment":[{"href":"https:\/\/ppdegalicia.com\/es\/wp-json\/wp\/v2\/media?parent=56486"}],"wp:term":[{"taxonomy":"category","embeddable":true,"href":"https:\/\/ppdegalicia.com\/es\/wp-json\/wp\/v2\/categories?post=56486"},{"taxonomy":"post_tag","embeddable":true,"href":"https:\/\/ppdegalicia.com\/es\/wp-json\/wp\/v2\/tags?post=56486"}],"curies":[{"name":"wp","href":"https:\/\/api.w.org\/{rel}","templated":true}]}}