{"id":56488,"date":"2021-12-03T12:54:45","date_gmt":"2021-12-03T10:54:45","guid":{"rendered":"https:\/\/ppdegalicia.com\/o-parlamento-galego-pide-aumentar-os-controis-nas-entradas-de-gando-porcino-en-galicia\/"},"modified":"2021-12-03T12:54:45","modified_gmt":"2021-12-03T10:54:45","slug":"o-parlamento-galego-pide-aumentar-os-controis-nas-entradas-de-gando-porcino-en-galicia","status":"publish","type":"post","link":"https:\/\/ppdegalicia.com\/es\/o-parlamento-galego-pide-aumentar-os-controis-nas-entradas-de-gando-porcino-en-galicia\/","title":{"rendered":"O Parlamento galego pide aumentar os controis nas entradas de gando porcino en Galicia"},"content":{"rendered":"<p><img fetchpriority=\"high\" decoding=\"async\" class=\" size-full wp-image-56487\" src=\"https:\/\/ppdegalicia.com\/wp-content\/uploads\/2021\/12\/4bfe173e8c3792897e822f6e095d507d.jpg\" alt=\"\" width=\"1900\" height=\"1267\" srcset=\"https:\/\/ppdegalicia.com\/wp-content\/uploads\/2021\/12\/4bfe173e8c3792897e822f6e095d507d.jpg 1900w, https:\/\/ppdegalicia.com\/wp-content\/uploads\/2021\/12\/4bfe173e8c3792897e822f6e095d507d-300x200.jpg 300w, https:\/\/ppdegalicia.com\/wp-content\/uploads\/2021\/12\/4bfe173e8c3792897e822f6e095d507d-1024x683.jpg 1024w, https:\/\/ppdegalicia.com\/wp-content\/uploads\/2021\/12\/4bfe173e8c3792897e822f6e095d507d-768x512.jpg 768w, https:\/\/ppdegalicia.com\/wp-content\/uploads\/2021\/12\/4bfe173e8c3792897e822f6e095d507d-1536x1024.jpg 1536w\" sizes=\"(max-width: 1900px) 100vw, 1900px\" \/><\/p>\n<p>Santiago, 2 de decembro de 2021.- O Parlamento de Galicia aprobou hoxe a proposici\u00f3n non de lei a trav\u00e9s da que se insta \u00e1 Xunta para que promova un aumento dos controis nas entradas do gando porcino na Comunidade galega, inclu\u00eddas as que te\u00f1en orixe en Portugal, as\u00ed como intensificar as campa\u00f1as de prevenci\u00f3n e as medidas de bioseguridade das explotaci\u00f3ns galegas.<\/p>\n<p><!--more--><\/p>\n<p>A portavoz popular do Medio Rural, Elena Candia, lembrou que \u201co sector porcino \u00e9 dunha enorme importancia econ\u00f3mica en Galicia, polo que c\u00f3mpre extremar as precauci\u00f3ns fronte a peste porcina africana, que ameaza a s\u00faa actividade produtora e o potencial exportador\u201d.<\/p>\n<p>\u00a0<\/p>\n<p><strong>IMPORTANCIA DA DETECCI\u00d3N PRECOZ<\/strong><\/p>\n<p>\u00a0<\/p>\n<p>Neste sentido, manifestou que \u201ca detecci\u00f3n precoz da peste porcina africana \u00e9 sumamente importante para que as medidas de control sexan efectivas\u201d, para o que considerou \u201cprioritario reforzar este labor e incidir no incremento dos sistemas de vixilancia establecidos, as\u00ed como divulgar as v\u00edas de introduci\u00f3n desta da enfermidade, sexa por medio de animais infectados ou ben a trav\u00e9s de materiais contaminados co virus\u201d.<\/p>\n<p>\u00a0<\/p>\n<p>Elena Candia demandou, ademais, \u201cintensificar e aumentar a bioseguridade das granxas galegas de gando porcino, evitando a incorporaci\u00f3n de animais de pa\u00edses de risco e mantendo as explotaci\u00f3ns illadas ao acceso de xabar\u00eds, asegurando unha eficaz limpeza e desinfecci\u00f3n de veh\u00edculos, persoas ou equipos que accedan \u00e1 granxa\u201d.<\/p>\n<p>\u00a0<\/p>\n<p>\u201cTam\u00e9n \u00e9 preciso evitar a introduci\u00f3n en Galicia de produtos c\u00e1rnicos de gando porcino ou xabaril orixinarios dos pa\u00edses de risco, e, no caso de facelo, asegurarse de que estes produtos ou os seus restos non son utilizados na alimentaci\u00f3n dos porcos nin son eliminados en lugares aos que te\u00f1an acceso os xabar\u00eds\u201d, apuntou.<\/p>\n","protected":false},"excerpt":{"rendered":"<p>Santiago, 2 de decembro de 2021.- O Parlamento de Galicia aprobou hoxe a proposici\u00f3n non de lei a trav\u00e9s da que se insta \u00e1 Xunta para que promova un aumento dos controis nas entradas do gando porcino na Comunidade galega, inclu\u00eddas as que te\u00f1en orixe en Portugal, as\u00ed como intensificar as campa\u00f1as de prevenci\u00f3n e [&hellip;]<\/p>\n","protected":false},"author":38,"featured_media":56487,"comment_status":"open","ping_status":"open","sticky":false,"template":"","format":"standard","meta":{"_acf_changed":false,"footnotes":""},"categories":[1],"tags":[],"class_list":["post-56488","post","type-post","status-publish","format-standard","has-post-thumbnail","hentry","category-pp-de-galicia"],"acf":[],"yoast_head":"<!-- This site is optimized with the Yoast SEO plugin v27.3 - https:\/\/yoast.com\/product\/yoast-seo-wordpress\/ -->\n<title>O Parlamento galego pide aumentar os controis nas entradas de gando porcino en Galicia - PP de Galicia<\/title>\n<meta name=\"robots\" content=\"index, follow, max-snippet:-1, max-image-preview:large, max-video-preview:-1\" \/>\n<link rel=\"canonical\" href=\"https:\/\/ppdegalicia.com\/es\/o-parlamento-galego-pide-aumentar-os-controis-nas-entradas-de-gando-porcino-en-galicia\/\" \/>\n<meta property=\"og:locale\" content=\"es_ES\" \/>\n<meta property=\"og:type\" content=\"article\" \/>\n<meta property=\"og:title\" content=\"O Parlamento galego pide aumentar os controis nas entradas de gando porcino en Galicia - PP de Galicia\" \/>\n<meta property=\"og:description\" content=\"Santiago, 2 de decembro de 2021.- O Parlamento de Galicia aprobou hoxe a proposici\u00f3n non de lei a trav\u00e9s da que se insta \u00e1 Xunta para que promova un aumento dos controis nas entradas do gando porcino na Comunidade galega, inclu\u00eddas as que te\u00f1en orixe en Portugal, as\u00ed como intensificar as campa\u00f1as de prevenci\u00f3n e [&hellip;]\" \/>\n<meta property=\"og:url\" content=\"https:\/\/ppdegalicia.com\/es\/o-parlamento-galego-pide-aumentar-os-controis-nas-entradas-de-gando-porcino-en-galicia\/\" \/>\n<meta property=\"og:site_name\" content=\"PP de Galicia\" \/>\n<meta property=\"article:publisher\" content=\"https:\/\/www.instagram.com\/ppdegalicia\/\" \/>\n<meta property=\"article:published_time\" content=\"2021-12-03T10:54:45+00:00\" \/>\n<meta property=\"og:image\" content=\"https:\/\/ppdegalicia.com\/wp-content\/uploads\/2021\/12\/4bfe173e8c3792897e822f6e095d507d.jpg\" \/>\n\t<meta property=\"og:image:width\" content=\"1900\" \/>\n\t<meta property=\"og:image:height\" content=\"1267\" \/>\n\t<meta property=\"og:image:type\" content=\"image\/jpeg\" \/>\n<meta name=\"author\" content=\"ppdegaliciaredes\" \/>\n<meta name=\"twitter:card\" content=\"summary_large_image\" \/>\n<meta name=\"twitter:creator\" content=\"@ppdegalicia\" \/>\n<meta name=\"twitter:site\" content=\"@ppdegalicia\" \/>\n<meta name=\"twitter:label1\" content=\"Escrito por\" \/>\n\t<meta name=\"twitter:data1\" content=\"ppdegaliciaredes\" \/>\n\t<meta name=\"twitter:label2\" content=\"Tiempo de lectura\" \/>\n\t<meta name=\"twitter:data2\" content=\"1 minuto\" \/>\n<script type=\"application\/ld+json\" class=\"yoast-schema-graph\">{\"@context\":\"https:\\\/\\\/schema.org\",\"@graph\":[{\"@type\":\"Article\",\"@id\":\"https:\\\/\\\/ppdegalicia.com\\\/es\\\/o-parlamento-galego-pide-aumentar-os-controis-nas-entradas-de-gando-porcino-en-galicia\\\/#article\",\"isPartOf\":{\"@id\":\"https:\\\/\\\/ppdegalicia.com\\\/es\\\/o-parlamento-galego-pide-aumentar-os-controis-nas-entradas-de-gando-porcino-en-galicia\\\/\"},\"author\":{\"name\":\"ppdegaliciaredes\",\"@id\":\"https:\\\/\\\/ppdegalicia.com\\\/es\\\/#\\\/schema\\\/person\\\/5b822c6f59e872ebdd1142f307dbcb59\"},\"headline\":\"O Parlamento galego pide aumentar os controis nas entradas de gando porcino en Galicia\",\"datePublished\":\"2021-12-03T10:54:45+00:00\",\"mainEntityOfPage\":{\"@id\":\"https:\\\/\\\/ppdegalicia.com\\\/es\\\/o-parlamento-galego-pide-aumentar-os-controis-nas-entradas-de-gando-porcino-en-galicia\\\/\"},\"wordCount\":310,\"commentCount\":0,\"publisher\":{\"@id\":\"https:\\\/\\\/ppdegalicia.com\\\/es\\\/#organization\"},\"image\":{\"@id\":\"https:\\\/\\\/ppdegalicia.com\\\/es\\\/o-parlamento-galego-pide-aumentar-os-controis-nas-entradas-de-gando-porcino-en-galicia\\\/#primaryimage\"},\"thumbnailUrl\":\"https:\\\/\\\/ppdegalicia.com\\\/wp-content\\\/uploads\\\/2021\\\/12\\\/4bfe173e8c3792897e822f6e095d507d.jpg\",\"articleSection\":[\"PP de Galicia\"],\"inLanguage\":\"es\",\"potentialAction\":[{\"@type\":\"CommentAction\",\"name\":\"Comment\",\"target\":[\"https:\\\/\\\/ppdegalicia.com\\\/es\\\/o-parlamento-galego-pide-aumentar-os-controis-nas-entradas-de-gando-porcino-en-galicia\\\/#respond\"]}]},{\"@type\":\"WebPage\",\"@id\":\"https:\\\/\\\/ppdegalicia.com\\\/es\\\/o-parlamento-galego-pide-aumentar-os-controis-nas-entradas-de-gando-porcino-en-galicia\\\/\",\"url\":\"https:\\\/\\\/ppdegalicia.com\\\/es\\\/o-parlamento-galego-pide-aumentar-os-controis-nas-entradas-de-gando-porcino-en-galicia\\\/\",\"name\":\"O Parlamento galego pide aumentar os controis nas entradas de gando porcino en Galicia - PP de Galicia\",\"isPartOf\":{\"@id\":\"https:\\\/\\\/ppdegalicia.com\\\/es\\\/#website\"},\"primaryImageOfPage\":{\"@id\":\"https:\\\/\\\/ppdegalicia.com\\\/es\\\/o-parlamento-galego-pide-aumentar-os-controis-nas-entradas-de-gando-porcino-en-galicia\\\/#primaryimage\"},\"image\":{\"@id\":\"https:\\\/\\\/ppdegalicia.com\\\/es\\\/o-parlamento-galego-pide-aumentar-os-controis-nas-entradas-de-gando-porcino-en-galicia\\\/#primaryimage\"},\"thumbnailUrl\":\"https:\\\/\\\/ppdegalicia.com\\\/wp-content\\\/uploads\\\/2021\\\/12\\\/4bfe173e8c3792897e822f6e095d507d.jpg\",\"datePublished\":\"2021-12-03T10:54:45+00:00\",\"breadcrumb\":{\"@id\":\"https:\\\/\\\/ppdegalicia.com\\\/es\\\/o-parlamento-galego-pide-aumentar-os-controis-nas-entradas-de-gando-porcino-en-galicia\\\/#breadcrumb\"},\"inLanguage\":\"es\",\"potentialAction\":[{\"@type\":\"ReadAction\",\"target\":[\"https:\\\/\\\/ppdegalicia.com\\\/es\\\/o-parlamento-galego-pide-aumentar-os-controis-nas-entradas-de-gando-porcino-en-galicia\\\/\"]}]},{\"@type\":\"ImageObject\",\"inLanguage\":\"es\",\"@id\":\"https:\\\/\\\/ppdegalicia.com\\\/es\\\/o-parlamento-galego-pide-aumentar-os-controis-nas-entradas-de-gando-porcino-en-galicia\\\/#primaryimage\",\"url\":\"https:\\\/\\\/ppdegalicia.com\\\/wp-content\\\/uploads\\\/2021\\\/12\\\/4bfe173e8c3792897e822f6e095d507d.jpg\",\"contentUrl\":\"https:\\\/\\\/ppdegalicia.com\\\/wp-content\\\/uploads\\\/2021\\\/12\\\/4bfe173e8c3792897e822f6e095d507d.jpg\",\"width\":1900,\"height\":1267},{\"@type\":\"BreadcrumbList\",\"@id\":\"https:\\\/\\\/ppdegalicia.com\\\/es\\\/o-parlamento-galego-pide-aumentar-os-controis-nas-entradas-de-gando-porcino-en-galicia\\\/#breadcrumb\",\"itemListElement\":[{\"@type\":\"ListItem\",\"position\":1,\"name\":\"Portada\",\"item\":\"https:\\\/\\\/ppdegalicia.com\\\/es\\\/\"},{\"@type\":\"ListItem\",\"position\":2,\"name\":\"O Parlamento galego pide aumentar os controis nas entradas de gando porcino en Galicia\"}]},{\"@type\":\"WebSite\",\"@id\":\"https:\\\/\\\/ppdegalicia.com\\\/es\\\/#website\",\"url\":\"https:\\\/\\\/ppdegalicia.com\\\/es\\\/\",\"name\":\"Partido Popular de Galicia\",\"description\":\"Partido Popular de Galicia\",\"publisher\":{\"@id\":\"https:\\\/\\\/ppdegalicia.com\\\/es\\\/#organization\"},\"alternateName\":\"PP de Galicia\",\"potentialAction\":[{\"@type\":\"SearchAction\",\"target\":{\"@type\":\"EntryPoint\",\"urlTemplate\":\"https:\\\/\\\/ppdegalicia.com\\\/es\\\/?s={search_term_string}\"},\"query-input\":{\"@type\":\"PropertyValueSpecification\",\"valueRequired\":true,\"valueName\":\"search_term_string\"}}],\"inLanguage\":\"es\"},{\"@type\":\"Organization\",\"@id\":\"https:\\\/\\\/ppdegalicia.com\\\/es\\\/#organization\",\"name\":\"Partido Popular de Galicia\",\"alternateName\":\"PP de Galicia\",\"url\":\"https:\\\/\\\/ppdegalicia.com\\\/es\\\/\",\"logo\":{\"@type\":\"ImageObject\",\"inLanguage\":\"es\",\"@id\":\"https:\\\/\\\/ppdegalicia.com\\\/es\\\/#\\\/schema\\\/logo\\\/image\\\/\",\"url\":\"https:\\\/\\\/ppdegalicia.com\\\/wp-content\\\/uploads\\\/2023\\\/04\\\/logoPP512.png\",\"contentUrl\":\"https:\\\/\\\/ppdegalicia.com\\\/wp-content\\\/uploads\\\/2023\\\/04\\\/logoPP512.png\",\"width\":512,\"height\":512,\"caption\":\"Partido Popular de Galicia\"},\"image\":{\"@id\":\"https:\\\/\\\/ppdegalicia.com\\\/es\\\/#\\\/schema\\\/logo\\\/image\\\/\"},\"sameAs\":[\"https:\\\/\\\/www.instagram.com\\\/ppdegalicia\\\/\",\"https:\\\/\\\/x.com\\\/ppdegalicia\",\"https:\\\/\\\/www.tiktok.com\\\/@ppdegalicia\",\"https:\\\/\\\/www.youtube.com\\\/user\\\/ppdegalicia\"]},{\"@type\":\"Person\",\"@id\":\"https:\\\/\\\/ppdegalicia.com\\\/es\\\/#\\\/schema\\\/person\\\/5b822c6f59e872ebdd1142f307dbcb59\",\"name\":\"ppdegaliciaredes\",\"image\":{\"@type\":\"ImageObject\",\"inLanguage\":\"es\",\"@id\":\"https:\\\/\\\/secure.gravatar.com\\\/avatar\\\/3c9179cf0256d00c72a48d1f25783c58b6842cd56e85ef3a572881c8e28ccd59?s=96&d=mm&r=g\",\"url\":\"https:\\\/\\\/secure.gravatar.com\\\/avatar\\\/3c9179cf0256d00c72a48d1f25783c58b6842cd56e85ef3a572881c8e28ccd59?s=96&d=mm&r=g\",\"contentUrl\":\"https:\\\/\\\/secure.gravatar.com\\\/avatar\\\/3c9179cf0256d00c72a48d1f25783c58b6842cd56e85ef3a572881c8e28ccd59?s=96&d=mm&r=g\",\"caption\":\"ppdegaliciaredes\"},\"url\":\"https:\\\/\\\/ppdegalicia.com\\\/es\\\/author\\\/ppdegaliciaredes\\\/\"}]}<\/script>\n<!-- \/ Yoast SEO plugin. -->","yoast_head_json":{"title":"O Parlamento galego pide aumentar os controis nas entradas de gando porcino en Galicia - PP de Galicia","robots":{"index":"index","follow":"follow","max-snippet":"max-snippet:-1","max-image-preview":"max-image-preview:large","max-video-preview":"max-video-preview:-1"},"canonical":"https:\/\/ppdegalicia.com\/es\/o-parlamento-galego-pide-aumentar-os-controis-nas-entradas-de-gando-porcino-en-galicia\/","og_locale":"es_ES","og_type":"article","og_title":"O Parlamento galego pide aumentar os controis nas entradas de gando porcino en Galicia - PP de Galicia","og_description":"Santiago, 2 de decembro de 2021.- O Parlamento de Galicia aprobou hoxe a proposici\u00f3n non de lei a trav\u00e9s da que se insta \u00e1 Xunta para que promova un aumento dos controis nas entradas do gando porcino na Comunidade galega, inclu\u00eddas as que te\u00f1en orixe en Portugal, as\u00ed como intensificar as campa\u00f1as de prevenci\u00f3n e [&hellip;]","og_url":"https:\/\/ppdegalicia.com\/es\/o-parlamento-galego-pide-aumentar-os-controis-nas-entradas-de-gando-porcino-en-galicia\/","og_site_name":"PP de Galicia","article_publisher":"https:\/\/www.instagram.com\/ppdegalicia\/","article_published_time":"2021-12-03T10:54:45+00:00","og_image":[{"width":1900,"height":1267,"url":"https:\/\/ppdegalicia.com\/wp-content\/uploads\/2021\/12\/4bfe173e8c3792897e822f6e095d507d.jpg","type":"image\/jpeg"}],"author":"ppdegaliciaredes","twitter_card":"summary_large_image","twitter_creator":"@ppdegalicia","twitter_site":"@ppdegalicia","twitter_misc":{"Escrito por":"ppdegaliciaredes","Tiempo de lectura":"1 minuto"},"schema":{"@context":"https:\/\/schema.org","@graph":[{"@type":"Article","@id":"https:\/\/ppdegalicia.com\/es\/o-parlamento-galego-pide-aumentar-os-controis-nas-entradas-de-gando-porcino-en-galicia\/#article","isPartOf":{"@id":"https:\/\/ppdegalicia.com\/es\/o-parlamento-galego-pide-aumentar-os-controis-nas-entradas-de-gando-porcino-en-galicia\/"},"author":{"name":"ppdegaliciaredes","@id":"https:\/\/ppdegalicia.com\/es\/#\/schema\/person\/5b822c6f59e872ebdd1142f307dbcb59"},"headline":"O Parlamento galego pide aumentar os controis nas entradas de gando porcino en Galicia","datePublished":"2021-12-03T10:54:45+00:00","mainEntityOfPage":{"@id":"https:\/\/ppdegalicia.com\/es\/o-parlamento-galego-pide-aumentar-os-controis-nas-entradas-de-gando-porcino-en-galicia\/"},"wordCount":310,"commentCount":0,"publisher":{"@id":"https:\/\/ppdegalicia.com\/es\/#organization"},"image":{"@id":"https:\/\/ppdegalicia.com\/es\/o-parlamento-galego-pide-aumentar-os-controis-nas-entradas-de-gando-porcino-en-galicia\/#primaryimage"},"thumbnailUrl":"https:\/\/ppdegalicia.com\/wp-content\/uploads\/2021\/12\/4bfe173e8c3792897e822f6e095d507d.jpg","articleSection":["PP de Galicia"],"inLanguage":"es","potentialAction":[{"@type":"CommentAction","name":"Comment","target":["https:\/\/ppdegalicia.com\/es\/o-parlamento-galego-pide-aumentar-os-controis-nas-entradas-de-gando-porcino-en-galicia\/#respond"]}]},{"@type":"WebPage","@id":"https:\/\/ppdegalicia.com\/es\/o-parlamento-galego-pide-aumentar-os-controis-nas-entradas-de-gando-porcino-en-galicia\/","url":"https:\/\/ppdegalicia.com\/es\/o-parlamento-galego-pide-aumentar-os-controis-nas-entradas-de-gando-porcino-en-galicia\/","name":"O Parlamento galego pide aumentar os controis nas entradas de gando porcino en Galicia - PP de Galicia","isPartOf":{"@id":"https:\/\/ppdegalicia.com\/es\/#website"},"primaryImageOfPage":{"@id":"https:\/\/ppdegalicia.com\/es\/o-parlamento-galego-pide-aumentar-os-controis-nas-entradas-de-gando-porcino-en-galicia\/#primaryimage"},"image":{"@id":"https:\/\/ppdegalicia.com\/es\/o-parlamento-galego-pide-aumentar-os-controis-nas-entradas-de-gando-porcino-en-galicia\/#primaryimage"},"thumbnailUrl":"https:\/\/ppdegalicia.com\/wp-content\/uploads\/2021\/12\/4bfe173e8c3792897e822f6e095d507d.jpg","datePublished":"2021-12-03T10:54:45+00:00","breadcrumb":{"@id":"https:\/\/ppdegalicia.com\/es\/o-parlamento-galego-pide-aumentar-os-controis-nas-entradas-de-gando-porcino-en-galicia\/#breadcrumb"},"inLanguage":"es","potentialAction":[{"@type":"ReadAction","target":["https:\/\/ppdegalicia.com\/es\/o-parlamento-galego-pide-aumentar-os-controis-nas-entradas-de-gando-porcino-en-galicia\/"]}]},{"@type":"ImageObject","inLanguage":"es","@id":"https:\/\/ppdegalicia.com\/es\/o-parlamento-galego-pide-aumentar-os-controis-nas-entradas-de-gando-porcino-en-galicia\/#primaryimage","url":"https:\/\/ppdegalicia.com\/wp-content\/uploads\/2021\/12\/4bfe173e8c3792897e822f6e095d507d.jpg","contentUrl":"https:\/\/ppdegalicia.com\/wp-content\/uploads\/2021\/12\/4bfe173e8c3792897e822f6e095d507d.jpg","width":1900,"height":1267},{"@type":"BreadcrumbList","@id":"https:\/\/ppdegalicia.com\/es\/o-parlamento-galego-pide-aumentar-os-controis-nas-entradas-de-gando-porcino-en-galicia\/#breadcrumb","itemListElement":[{"@type":"ListItem","position":1,"name":"Portada","item":"https:\/\/ppdegalicia.com\/es\/"},{"@type":"ListItem","position":2,"name":"O Parlamento galego pide aumentar os controis nas entradas de gando porcino en Galicia"}]},{"@type":"WebSite","@id":"https:\/\/ppdegalicia.com\/es\/#website","url":"https:\/\/ppdegalicia.com\/es\/","name":"Partido Popular de Galicia","description":"Partido Popular de Galicia","publisher":{"@id":"https:\/\/ppdegalicia.com\/es\/#organization"},"alternateName":"PP de Galicia","potentialAction":[{"@type":"SearchAction","target":{"@type":"EntryPoint","urlTemplate":"https:\/\/ppdegalicia.com\/es\/?s={search_term_string}"},"query-input":{"@type":"PropertyValueSpecification","valueRequired":true,"valueName":"search_term_string"}}],"inLanguage":"es"},{"@type":"Organization","@id":"https:\/\/ppdegalicia.com\/es\/#organization","name":"Partido Popular de Galicia","alternateName":"PP de Galicia","url":"https:\/\/ppdegalicia.com\/es\/","logo":{"@type":"ImageObject","inLanguage":"es","@id":"https:\/\/ppdegalicia.com\/es\/#\/schema\/logo\/image\/","url":"https:\/\/ppdegalicia.com\/wp-content\/uploads\/2023\/04\/logoPP512.png","contentUrl":"https:\/\/ppdegalicia.com\/wp-content\/uploads\/2023\/04\/logoPP512.png","width":512,"height":512,"caption":"Partido Popular de Galicia"},"image":{"@id":"https:\/\/ppdegalicia.com\/es\/#\/schema\/logo\/image\/"},"sameAs":["https:\/\/www.instagram.com\/ppdegalicia\/","https:\/\/x.com\/ppdegalicia","https:\/\/www.tiktok.com\/@ppdegalicia","https:\/\/www.youtube.com\/user\/ppdegalicia"]},{"@type":"Person","@id":"https:\/\/ppdegalicia.com\/es\/#\/schema\/person\/5b822c6f59e872ebdd1142f307dbcb59","name":"ppdegaliciaredes","image":{"@type":"ImageObject","inLanguage":"es","@id":"https:\/\/secure.gravatar.com\/avatar\/3c9179cf0256d00c72a48d1f25783c58b6842cd56e85ef3a572881c8e28ccd59?s=96&d=mm&r=g","url":"https:\/\/secure.gravatar.com\/avatar\/3c9179cf0256d00c72a48d1f25783c58b6842cd56e85ef3a572881c8e28ccd59?s=96&d=mm&r=g","contentUrl":"https:\/\/secure.gravatar.com\/avatar\/3c9179cf0256d00c72a48d1f25783c58b6842cd56e85ef3a572881c8e28ccd59?s=96&d=mm&r=g","caption":"ppdegaliciaredes"},"url":"https:\/\/ppdegalicia.com\/es\/author\/ppdegaliciaredes\/"}]}},"_links":{"self":[{"href":"https:\/\/ppdegalicia.com\/es\/wp-json\/wp\/v2\/posts\/56488","targetHints":{"allow":["GET"]}}],"collection":[{"href":"https:\/\/ppdegalicia.com\/es\/wp-json\/wp\/v2\/posts"}],"about":[{"href":"https:\/\/ppdegalicia.com\/es\/wp-json\/wp\/v2\/types\/post"}],"author":[{"embeddable":true,"href":"https:\/\/ppdegalicia.com\/es\/wp-json\/wp\/v2\/users\/38"}],"replies":[{"embeddable":true,"href":"https:\/\/ppdegalicia.com\/es\/wp-json\/wp\/v2\/comments?post=56488"}],"version-history":[{"count":0,"href":"https:\/\/ppdegalicia.com\/es\/wp-json\/wp\/v2\/posts\/56488\/revisions"}],"wp:featuredmedia":[{"embeddable":true,"href":"https:\/\/ppdegalicia.com\/es\/wp-json\/wp\/v2\/media\/56487"}],"wp:attachment":[{"href":"https:\/\/ppdegalicia.com\/es\/wp-json\/wp\/v2\/media?parent=56488"}],"wp:term":[{"taxonomy":"category","embeddable":true,"href":"https:\/\/ppdegalicia.com\/es\/wp-json\/wp\/v2\/categories?post=56488"},{"taxonomy":"post_tag","embeddable":true,"href":"https:\/\/ppdegalicia.com\/es\/wp-json\/wp\/v2\/tags?post=56488"}],"curies":[{"name":"wp","href":"https:\/\/api.w.org\/{rel}","templated":true}]}}