{"id":56522,"date":"2021-12-15T10:26:12","date_gmt":"2021-12-15T08:26:12","guid":{"rendered":"https:\/\/ppdegalicia.com\/aprobado-en-comision-o-ditame-do-proxecto-de-lei-de-medidas-fiscais-e-administrativas-paso-previo-a-sua-aprobacion-definitiva-no-pleno\/"},"modified":"2021-12-15T10:26:12","modified_gmt":"2021-12-15T08:26:12","slug":"aprobado-en-comision-o-ditame-do-proxecto-de-lei-de-medidas-fiscais-e-administrativas-paso-previo-a-sua-aprobacion-definitiva-no-pleno","status":"publish","type":"post","link":"https:\/\/ppdegalicia.com\/es\/aprobado-en-comision-o-ditame-do-proxecto-de-lei-de-medidas-fiscais-e-administrativas-paso-previo-a-sua-aprobacion-definitiva-no-pleno\/","title":{"rendered":"Aprobado en Comisi\u00f3n o ditame do proxecto de Lei de medidas fiscais e administrativas, paso previo \u00e1 s\u00faa aprobaci\u00f3n definitiva no Pleno"},"content":{"rendered":"<p><img fetchpriority=\"high\" decoding=\"async\" class=\" size-full wp-image-56521\" src=\"https:\/\/ppdegalicia.com\/wp-content\/uploads\/2021\/12\/db276de677904b825c4240fd860e7b63.jpg\" alt=\"\" width=\"1900\" height=\"1267\" srcset=\"https:\/\/ppdegalicia.com\/wp-content\/uploads\/2021\/12\/db276de677904b825c4240fd860e7b63.jpg 1900w, https:\/\/ppdegalicia.com\/wp-content\/uploads\/2021\/12\/db276de677904b825c4240fd860e7b63-300x200.jpg 300w, https:\/\/ppdegalicia.com\/wp-content\/uploads\/2021\/12\/db276de677904b825c4240fd860e7b63-1024x683.jpg 1024w, https:\/\/ppdegalicia.com\/wp-content\/uploads\/2021\/12\/db276de677904b825c4240fd860e7b63-768x512.jpg 768w, https:\/\/ppdegalicia.com\/wp-content\/uploads\/2021\/12\/db276de677904b825c4240fd860e7b63-1536x1024.jpg 1536w\" sizes=\"(max-width: 1900px) 100vw, 1900px\" \/><\/p>\n<p>Santiago, 14 de decembro de 2021.- A Comisi\u00f3n 3\u00aa do Parlamento de Galicia aprobou esta tarde o ditame do proxecto de Lei de medidas fiscais e administrativas que acompa\u00f1a aos orzamentos da Xunta para 2002, co que queda pendente da s\u00faa aprobaci\u00f3n definitiva no Pleno da vindeira semana.<\/p>\n<p><!--more--><\/p>\n<p>A viceportavoz popular, Paula Prado, salientou que esta nova lei incl\u00fae rebaixas fiscais, tanto no imposto sobre a renda como na deduci\u00f3n por acollemento familiar; as\u00ed como a creaci\u00f3n da nova categor\u00eda de facultativo especialista de atenci\u00f3n primaria ou medidas para dar resposta \u00e1 alteraci\u00f3n extraordinaria dos prezos dos materiais nos contratos de obra p\u00fablica.<\/p>\n<p>\u00a0<\/p>\n<p>Paula Prado explicou que \u201cminoramos a carga tributaria \u00e1 totalidade dos cidad\u00e1ns para incrementar a renda dispo\u00f1ible en mans das familias, fomentando o consumo e o investimento, e mellorando a competitividade das empresas\u201d.<\/p>\n<p>\u00a0<\/p>\n<p><strong>M\u00c1IS DUNHA D\u00c9CADA BAIXANDO IMPOSTOS<\/strong><\/p>\n<p>\u00a0<\/p>\n<p>\u201cO Goberno do PPdeG leva baixando impostos m\u00e1is dunha d\u00e9cada, conseguindo que o modelo galego de rebaixas no IRPF permita que os contribu\u00edntes galegos estean entre os que pagan menos de toda Espa\u00f1a, aforrando de media cada ano m\u00e1is de 400 euros respecto ao que pagaban cando gobernaban PSdeG e BNG\u201d, sinalou.<\/p>\n<p>\u00a0<\/p>\n<p>Respecto da creaci\u00f3n da categor\u00eda de facultativo especialista de atenci\u00f3n primaria, Prado sinalou que \u201c\u00e9 unha medida que complementa \u00e1s moitas que est\u00e1 a desenvolver o Goberno galego para axudar a reformar a atenci\u00f3n primaria ante unha nova situaci\u00f3n demogr\u00e1fica e de cronicidade dos pacientes, as\u00ed como o d\u00e9ficit de persoal especialista en medicina de familia\u201d.<\/p>\n<p>\u00a0<\/p>\n<p>Por \u00faltimo, a viceportavoz popular referiuse \u00e1 emenda aprobada dirixida a dar resposta \u00e1 situaci\u00f3n creada nas obras p\u00fablicas pola crise de materiais, xerando incumprimento de prazos e incrementando a posibilidade de paralizaci\u00f3n dos traballos. As medidas que poder\u00e1n adoptarse nos casos de que os cambios nos prezos dos materiais causen unha alteraci\u00f3n econ\u00f3mica substancial do contrato poder\u00e1n ser unha compensaci\u00f3n econ\u00f3mica ao contratista ou ben unha modificaci\u00f3n dos materiais, que permita un abaratamento dos prezos pero en ning\u00fan caso unha diminuci\u00f3n da funcionalidade da obra en execuci\u00f3n.<\/p>\n","protected":false},"excerpt":{"rendered":"<p>Santiago, 14 de decembro de 2021.- A Comisi\u00f3n 3\u00aa do Parlamento de Galicia aprobou esta tarde o ditame do proxecto de Lei de medidas fiscais e administrativas que acompa\u00f1a aos orzamentos da Xunta para 2002, co que queda pendente da s\u00faa aprobaci\u00f3n definitiva no Pleno da vindeira semana.<\/p>\n","protected":false},"author":38,"featured_media":56521,"comment_status":"open","ping_status":"open","sticky":false,"template":"","format":"standard","meta":{"_acf_changed":false,"footnotes":""},"categories":[1],"tags":[],"class_list":["post-56522","post","type-post","status-publish","format-standard","has-post-thumbnail","hentry","category-pp-de-galicia"],"acf":[],"yoast_head":"<!-- This site is optimized with the Yoast SEO plugin v27.3 - https:\/\/yoast.com\/product\/yoast-seo-wordpress\/ -->\n<title>Aprobado en Comisi\u00f3n o ditame do proxecto de Lei de medidas fiscais e administrativas, paso previo \u00e1 s\u00faa aprobaci\u00f3n definitiva no Pleno - PP de Galicia<\/title>\n<meta name=\"robots\" content=\"index, follow, max-snippet:-1, max-image-preview:large, max-video-preview:-1\" \/>\n<link rel=\"canonical\" href=\"https:\/\/ppdegalicia.com\/es\/aprobado-en-comision-o-ditame-do-proxecto-de-lei-de-medidas-fiscais-e-administrativas-paso-previo-a-sua-aprobacion-definitiva-no-pleno\/\" \/>\n<meta property=\"og:locale\" content=\"es_ES\" \/>\n<meta property=\"og:type\" content=\"article\" \/>\n<meta property=\"og:title\" content=\"Aprobado en Comisi\u00f3n o ditame do proxecto de Lei de medidas fiscais e administrativas, paso previo \u00e1 s\u00faa aprobaci\u00f3n definitiva no Pleno - PP de Galicia\" \/>\n<meta property=\"og:description\" content=\"Santiago, 14 de decembro de 2021.- A Comisi\u00f3n 3\u00aa do Parlamento de Galicia aprobou esta tarde o ditame do proxecto de Lei de medidas fiscais e administrativas que acompa\u00f1a aos orzamentos da Xunta para 2002, co que queda pendente da s\u00faa aprobaci\u00f3n definitiva no Pleno da vindeira semana.\" \/>\n<meta property=\"og:url\" content=\"https:\/\/ppdegalicia.com\/es\/aprobado-en-comision-o-ditame-do-proxecto-de-lei-de-medidas-fiscais-e-administrativas-paso-previo-a-sua-aprobacion-definitiva-no-pleno\/\" \/>\n<meta property=\"og:site_name\" content=\"PP de Galicia\" \/>\n<meta property=\"article:publisher\" content=\"https:\/\/www.instagram.com\/ppdegalicia\/\" \/>\n<meta property=\"article:published_time\" content=\"2021-12-15T08:26:12+00:00\" \/>\n<meta property=\"og:image\" content=\"https:\/\/ppdegalicia.com\/wp-content\/uploads\/2021\/12\/db276de677904b825c4240fd860e7b63.jpg\" \/>\n\t<meta property=\"og:image:width\" content=\"1900\" \/>\n\t<meta property=\"og:image:height\" content=\"1267\" \/>\n\t<meta property=\"og:image:type\" content=\"image\/jpeg\" \/>\n<meta name=\"author\" content=\"ppdegaliciaredes\" \/>\n<meta name=\"twitter:card\" content=\"summary_large_image\" \/>\n<meta name=\"twitter:creator\" content=\"@ppdegalicia\" \/>\n<meta name=\"twitter:site\" content=\"@ppdegalicia\" \/>\n<meta name=\"twitter:label1\" content=\"Escrito por\" \/>\n\t<meta name=\"twitter:data1\" content=\"ppdegaliciaredes\" \/>\n\t<meta name=\"twitter:label2\" content=\"Tiempo de lectura\" \/>\n\t<meta name=\"twitter:data2\" content=\"2 minutos\" \/>\n<script type=\"application\/ld+json\" class=\"yoast-schema-graph\">{\"@context\":\"https:\\\/\\\/schema.org\",\"@graph\":[{\"@type\":\"Article\",\"@id\":\"https:\\\/\\\/ppdegalicia.com\\\/es\\\/aprobado-en-comision-o-ditame-do-proxecto-de-lei-de-medidas-fiscais-e-administrativas-paso-previo-a-sua-aprobacion-definitiva-no-pleno\\\/#article\",\"isPartOf\":{\"@id\":\"https:\\\/\\\/ppdegalicia.com\\\/es\\\/aprobado-en-comision-o-ditame-do-proxecto-de-lei-de-medidas-fiscais-e-administrativas-paso-previo-a-sua-aprobacion-definitiva-no-pleno\\\/\"},\"author\":{\"name\":\"ppdegaliciaredes\",\"@id\":\"https:\\\/\\\/ppdegalicia.com\\\/es\\\/#\\\/schema\\\/person\\\/5b822c6f59e872ebdd1142f307dbcb59\"},\"headline\":\"Aprobado en Comisi\u00f3n o ditame do proxecto de Lei de medidas fiscais e administrativas, paso previo \u00e1 s\u00faa aprobaci\u00f3n definitiva no Pleno\",\"datePublished\":\"2021-12-15T08:26:12+00:00\",\"mainEntityOfPage\":{\"@id\":\"https:\\\/\\\/ppdegalicia.com\\\/es\\\/aprobado-en-comision-o-ditame-do-proxecto-de-lei-de-medidas-fiscais-e-administrativas-paso-previo-a-sua-aprobacion-definitiva-no-pleno\\\/\"},\"wordCount\":392,\"commentCount\":0,\"publisher\":{\"@id\":\"https:\\\/\\\/ppdegalicia.com\\\/es\\\/#organization\"},\"image\":{\"@id\":\"https:\\\/\\\/ppdegalicia.com\\\/es\\\/aprobado-en-comision-o-ditame-do-proxecto-de-lei-de-medidas-fiscais-e-administrativas-paso-previo-a-sua-aprobacion-definitiva-no-pleno\\\/#primaryimage\"},\"thumbnailUrl\":\"https:\\\/\\\/ppdegalicia.com\\\/wp-content\\\/uploads\\\/2021\\\/12\\\/db276de677904b825c4240fd860e7b63.jpg\",\"articleSection\":[\"PP de Galicia\"],\"inLanguage\":\"es\",\"potentialAction\":[{\"@type\":\"CommentAction\",\"name\":\"Comment\",\"target\":[\"https:\\\/\\\/ppdegalicia.com\\\/es\\\/aprobado-en-comision-o-ditame-do-proxecto-de-lei-de-medidas-fiscais-e-administrativas-paso-previo-a-sua-aprobacion-definitiva-no-pleno\\\/#respond\"]}]},{\"@type\":\"WebPage\",\"@id\":\"https:\\\/\\\/ppdegalicia.com\\\/es\\\/aprobado-en-comision-o-ditame-do-proxecto-de-lei-de-medidas-fiscais-e-administrativas-paso-previo-a-sua-aprobacion-definitiva-no-pleno\\\/\",\"url\":\"https:\\\/\\\/ppdegalicia.com\\\/es\\\/aprobado-en-comision-o-ditame-do-proxecto-de-lei-de-medidas-fiscais-e-administrativas-paso-previo-a-sua-aprobacion-definitiva-no-pleno\\\/\",\"name\":\"Aprobado en Comisi\u00f3n o ditame do proxecto de Lei de medidas fiscais e administrativas, paso previo \u00e1 s\u00faa aprobaci\u00f3n definitiva no Pleno - PP de Galicia\",\"isPartOf\":{\"@id\":\"https:\\\/\\\/ppdegalicia.com\\\/es\\\/#website\"},\"primaryImageOfPage\":{\"@id\":\"https:\\\/\\\/ppdegalicia.com\\\/es\\\/aprobado-en-comision-o-ditame-do-proxecto-de-lei-de-medidas-fiscais-e-administrativas-paso-previo-a-sua-aprobacion-definitiva-no-pleno\\\/#primaryimage\"},\"image\":{\"@id\":\"https:\\\/\\\/ppdegalicia.com\\\/es\\\/aprobado-en-comision-o-ditame-do-proxecto-de-lei-de-medidas-fiscais-e-administrativas-paso-previo-a-sua-aprobacion-definitiva-no-pleno\\\/#primaryimage\"},\"thumbnailUrl\":\"https:\\\/\\\/ppdegalicia.com\\\/wp-content\\\/uploads\\\/2021\\\/12\\\/db276de677904b825c4240fd860e7b63.jpg\",\"datePublished\":\"2021-12-15T08:26:12+00:00\",\"breadcrumb\":{\"@id\":\"https:\\\/\\\/ppdegalicia.com\\\/es\\\/aprobado-en-comision-o-ditame-do-proxecto-de-lei-de-medidas-fiscais-e-administrativas-paso-previo-a-sua-aprobacion-definitiva-no-pleno\\\/#breadcrumb\"},\"inLanguage\":\"es\",\"potentialAction\":[{\"@type\":\"ReadAction\",\"target\":[\"https:\\\/\\\/ppdegalicia.com\\\/es\\\/aprobado-en-comision-o-ditame-do-proxecto-de-lei-de-medidas-fiscais-e-administrativas-paso-previo-a-sua-aprobacion-definitiva-no-pleno\\\/\"]}]},{\"@type\":\"ImageObject\",\"inLanguage\":\"es\",\"@id\":\"https:\\\/\\\/ppdegalicia.com\\\/es\\\/aprobado-en-comision-o-ditame-do-proxecto-de-lei-de-medidas-fiscais-e-administrativas-paso-previo-a-sua-aprobacion-definitiva-no-pleno\\\/#primaryimage\",\"url\":\"https:\\\/\\\/ppdegalicia.com\\\/wp-content\\\/uploads\\\/2021\\\/12\\\/db276de677904b825c4240fd860e7b63.jpg\",\"contentUrl\":\"https:\\\/\\\/ppdegalicia.com\\\/wp-content\\\/uploads\\\/2021\\\/12\\\/db276de677904b825c4240fd860e7b63.jpg\",\"width\":1900,\"height\":1267},{\"@type\":\"BreadcrumbList\",\"@id\":\"https:\\\/\\\/ppdegalicia.com\\\/es\\\/aprobado-en-comision-o-ditame-do-proxecto-de-lei-de-medidas-fiscais-e-administrativas-paso-previo-a-sua-aprobacion-definitiva-no-pleno\\\/#breadcrumb\",\"itemListElement\":[{\"@type\":\"ListItem\",\"position\":1,\"name\":\"Portada\",\"item\":\"https:\\\/\\\/ppdegalicia.com\\\/es\\\/\"},{\"@type\":\"ListItem\",\"position\":2,\"name\":\"Aprobado en Comisi\u00f3n o ditame do proxecto de Lei de medidas fiscais e administrativas, paso previo \u00e1 s\u00faa aprobaci\u00f3n definitiva no Pleno\"}]},{\"@type\":\"WebSite\",\"@id\":\"https:\\\/\\\/ppdegalicia.com\\\/es\\\/#website\",\"url\":\"https:\\\/\\\/ppdegalicia.com\\\/es\\\/\",\"name\":\"Partido Popular de Galicia\",\"description\":\"Partido Popular de Galicia\",\"publisher\":{\"@id\":\"https:\\\/\\\/ppdegalicia.com\\\/es\\\/#organization\"},\"alternateName\":\"PP de Galicia\",\"potentialAction\":[{\"@type\":\"SearchAction\",\"target\":{\"@type\":\"EntryPoint\",\"urlTemplate\":\"https:\\\/\\\/ppdegalicia.com\\\/es\\\/?s={search_term_string}\"},\"query-input\":{\"@type\":\"PropertyValueSpecification\",\"valueRequired\":true,\"valueName\":\"search_term_string\"}}],\"inLanguage\":\"es\"},{\"@type\":\"Organization\",\"@id\":\"https:\\\/\\\/ppdegalicia.com\\\/es\\\/#organization\",\"name\":\"Partido Popular de Galicia\",\"alternateName\":\"PP de Galicia\",\"url\":\"https:\\\/\\\/ppdegalicia.com\\\/es\\\/\",\"logo\":{\"@type\":\"ImageObject\",\"inLanguage\":\"es\",\"@id\":\"https:\\\/\\\/ppdegalicia.com\\\/es\\\/#\\\/schema\\\/logo\\\/image\\\/\",\"url\":\"https:\\\/\\\/ppdegalicia.com\\\/wp-content\\\/uploads\\\/2023\\\/04\\\/logoPP512.png\",\"contentUrl\":\"https:\\\/\\\/ppdegalicia.com\\\/wp-content\\\/uploads\\\/2023\\\/04\\\/logoPP512.png\",\"width\":512,\"height\":512,\"caption\":\"Partido Popular de Galicia\"},\"image\":{\"@id\":\"https:\\\/\\\/ppdegalicia.com\\\/es\\\/#\\\/schema\\\/logo\\\/image\\\/\"},\"sameAs\":[\"https:\\\/\\\/www.instagram.com\\\/ppdegalicia\\\/\",\"https:\\\/\\\/x.com\\\/ppdegalicia\",\"https:\\\/\\\/www.tiktok.com\\\/@ppdegalicia\",\"https:\\\/\\\/www.youtube.com\\\/user\\\/ppdegalicia\"]},{\"@type\":\"Person\",\"@id\":\"https:\\\/\\\/ppdegalicia.com\\\/es\\\/#\\\/schema\\\/person\\\/5b822c6f59e872ebdd1142f307dbcb59\",\"name\":\"ppdegaliciaredes\",\"image\":{\"@type\":\"ImageObject\",\"inLanguage\":\"es\",\"@id\":\"https:\\\/\\\/secure.gravatar.com\\\/avatar\\\/3c9179cf0256d00c72a48d1f25783c58b6842cd56e85ef3a572881c8e28ccd59?s=96&d=mm&r=g\",\"url\":\"https:\\\/\\\/secure.gravatar.com\\\/avatar\\\/3c9179cf0256d00c72a48d1f25783c58b6842cd56e85ef3a572881c8e28ccd59?s=96&d=mm&r=g\",\"contentUrl\":\"https:\\\/\\\/secure.gravatar.com\\\/avatar\\\/3c9179cf0256d00c72a48d1f25783c58b6842cd56e85ef3a572881c8e28ccd59?s=96&d=mm&r=g\",\"caption\":\"ppdegaliciaredes\"},\"url\":\"https:\\\/\\\/ppdegalicia.com\\\/es\\\/author\\\/ppdegaliciaredes\\\/\"}]}<\/script>\n<!-- \/ Yoast SEO plugin. -->","yoast_head_json":{"title":"Aprobado en Comisi\u00f3n o ditame do proxecto de Lei de medidas fiscais e administrativas, paso previo \u00e1 s\u00faa aprobaci\u00f3n definitiva no Pleno - PP de Galicia","robots":{"index":"index","follow":"follow","max-snippet":"max-snippet:-1","max-image-preview":"max-image-preview:large","max-video-preview":"max-video-preview:-1"},"canonical":"https:\/\/ppdegalicia.com\/es\/aprobado-en-comision-o-ditame-do-proxecto-de-lei-de-medidas-fiscais-e-administrativas-paso-previo-a-sua-aprobacion-definitiva-no-pleno\/","og_locale":"es_ES","og_type":"article","og_title":"Aprobado en Comisi\u00f3n o ditame do proxecto de Lei de medidas fiscais e administrativas, paso previo \u00e1 s\u00faa aprobaci\u00f3n definitiva no Pleno - PP de Galicia","og_description":"Santiago, 14 de decembro de 2021.- A Comisi\u00f3n 3\u00aa do Parlamento de Galicia aprobou esta tarde o ditame do proxecto de Lei de medidas fiscais e administrativas que acompa\u00f1a aos orzamentos da Xunta para 2002, co que queda pendente da s\u00faa aprobaci\u00f3n definitiva no Pleno da vindeira semana.","og_url":"https:\/\/ppdegalicia.com\/es\/aprobado-en-comision-o-ditame-do-proxecto-de-lei-de-medidas-fiscais-e-administrativas-paso-previo-a-sua-aprobacion-definitiva-no-pleno\/","og_site_name":"PP de Galicia","article_publisher":"https:\/\/www.instagram.com\/ppdegalicia\/","article_published_time":"2021-12-15T08:26:12+00:00","og_image":[{"width":1900,"height":1267,"url":"https:\/\/ppdegalicia.com\/wp-content\/uploads\/2021\/12\/db276de677904b825c4240fd860e7b63.jpg","type":"image\/jpeg"}],"author":"ppdegaliciaredes","twitter_card":"summary_large_image","twitter_creator":"@ppdegalicia","twitter_site":"@ppdegalicia","twitter_misc":{"Escrito por":"ppdegaliciaredes","Tiempo de lectura":"2 minutos"},"schema":{"@context":"https:\/\/schema.org","@graph":[{"@type":"Article","@id":"https:\/\/ppdegalicia.com\/es\/aprobado-en-comision-o-ditame-do-proxecto-de-lei-de-medidas-fiscais-e-administrativas-paso-previo-a-sua-aprobacion-definitiva-no-pleno\/#article","isPartOf":{"@id":"https:\/\/ppdegalicia.com\/es\/aprobado-en-comision-o-ditame-do-proxecto-de-lei-de-medidas-fiscais-e-administrativas-paso-previo-a-sua-aprobacion-definitiva-no-pleno\/"},"author":{"name":"ppdegaliciaredes","@id":"https:\/\/ppdegalicia.com\/es\/#\/schema\/person\/5b822c6f59e872ebdd1142f307dbcb59"},"headline":"Aprobado en Comisi\u00f3n o ditame do proxecto de Lei de medidas fiscais e administrativas, paso previo \u00e1 s\u00faa aprobaci\u00f3n definitiva no Pleno","datePublished":"2021-12-15T08:26:12+00:00","mainEntityOfPage":{"@id":"https:\/\/ppdegalicia.com\/es\/aprobado-en-comision-o-ditame-do-proxecto-de-lei-de-medidas-fiscais-e-administrativas-paso-previo-a-sua-aprobacion-definitiva-no-pleno\/"},"wordCount":392,"commentCount":0,"publisher":{"@id":"https:\/\/ppdegalicia.com\/es\/#organization"},"image":{"@id":"https:\/\/ppdegalicia.com\/es\/aprobado-en-comision-o-ditame-do-proxecto-de-lei-de-medidas-fiscais-e-administrativas-paso-previo-a-sua-aprobacion-definitiva-no-pleno\/#primaryimage"},"thumbnailUrl":"https:\/\/ppdegalicia.com\/wp-content\/uploads\/2021\/12\/db276de677904b825c4240fd860e7b63.jpg","articleSection":["PP de Galicia"],"inLanguage":"es","potentialAction":[{"@type":"CommentAction","name":"Comment","target":["https:\/\/ppdegalicia.com\/es\/aprobado-en-comision-o-ditame-do-proxecto-de-lei-de-medidas-fiscais-e-administrativas-paso-previo-a-sua-aprobacion-definitiva-no-pleno\/#respond"]}]},{"@type":"WebPage","@id":"https:\/\/ppdegalicia.com\/es\/aprobado-en-comision-o-ditame-do-proxecto-de-lei-de-medidas-fiscais-e-administrativas-paso-previo-a-sua-aprobacion-definitiva-no-pleno\/","url":"https:\/\/ppdegalicia.com\/es\/aprobado-en-comision-o-ditame-do-proxecto-de-lei-de-medidas-fiscais-e-administrativas-paso-previo-a-sua-aprobacion-definitiva-no-pleno\/","name":"Aprobado en Comisi\u00f3n o ditame do proxecto de Lei de medidas fiscais e administrativas, paso previo \u00e1 s\u00faa aprobaci\u00f3n definitiva no Pleno - PP de Galicia","isPartOf":{"@id":"https:\/\/ppdegalicia.com\/es\/#website"},"primaryImageOfPage":{"@id":"https:\/\/ppdegalicia.com\/es\/aprobado-en-comision-o-ditame-do-proxecto-de-lei-de-medidas-fiscais-e-administrativas-paso-previo-a-sua-aprobacion-definitiva-no-pleno\/#primaryimage"},"image":{"@id":"https:\/\/ppdegalicia.com\/es\/aprobado-en-comision-o-ditame-do-proxecto-de-lei-de-medidas-fiscais-e-administrativas-paso-previo-a-sua-aprobacion-definitiva-no-pleno\/#primaryimage"},"thumbnailUrl":"https:\/\/ppdegalicia.com\/wp-content\/uploads\/2021\/12\/db276de677904b825c4240fd860e7b63.jpg","datePublished":"2021-12-15T08:26:12+00:00","breadcrumb":{"@id":"https:\/\/ppdegalicia.com\/es\/aprobado-en-comision-o-ditame-do-proxecto-de-lei-de-medidas-fiscais-e-administrativas-paso-previo-a-sua-aprobacion-definitiva-no-pleno\/#breadcrumb"},"inLanguage":"es","potentialAction":[{"@type":"ReadAction","target":["https:\/\/ppdegalicia.com\/es\/aprobado-en-comision-o-ditame-do-proxecto-de-lei-de-medidas-fiscais-e-administrativas-paso-previo-a-sua-aprobacion-definitiva-no-pleno\/"]}]},{"@type":"ImageObject","inLanguage":"es","@id":"https:\/\/ppdegalicia.com\/es\/aprobado-en-comision-o-ditame-do-proxecto-de-lei-de-medidas-fiscais-e-administrativas-paso-previo-a-sua-aprobacion-definitiva-no-pleno\/#primaryimage","url":"https:\/\/ppdegalicia.com\/wp-content\/uploads\/2021\/12\/db276de677904b825c4240fd860e7b63.jpg","contentUrl":"https:\/\/ppdegalicia.com\/wp-content\/uploads\/2021\/12\/db276de677904b825c4240fd860e7b63.jpg","width":1900,"height":1267},{"@type":"BreadcrumbList","@id":"https:\/\/ppdegalicia.com\/es\/aprobado-en-comision-o-ditame-do-proxecto-de-lei-de-medidas-fiscais-e-administrativas-paso-previo-a-sua-aprobacion-definitiva-no-pleno\/#breadcrumb","itemListElement":[{"@type":"ListItem","position":1,"name":"Portada","item":"https:\/\/ppdegalicia.com\/es\/"},{"@type":"ListItem","position":2,"name":"Aprobado en Comisi\u00f3n o ditame do proxecto de Lei de medidas fiscais e administrativas, paso previo \u00e1 s\u00faa aprobaci\u00f3n definitiva no Pleno"}]},{"@type":"WebSite","@id":"https:\/\/ppdegalicia.com\/es\/#website","url":"https:\/\/ppdegalicia.com\/es\/","name":"Partido Popular de Galicia","description":"Partido Popular de Galicia","publisher":{"@id":"https:\/\/ppdegalicia.com\/es\/#organization"},"alternateName":"PP de Galicia","potentialAction":[{"@type":"SearchAction","target":{"@type":"EntryPoint","urlTemplate":"https:\/\/ppdegalicia.com\/es\/?s={search_term_string}"},"query-input":{"@type":"PropertyValueSpecification","valueRequired":true,"valueName":"search_term_string"}}],"inLanguage":"es"},{"@type":"Organization","@id":"https:\/\/ppdegalicia.com\/es\/#organization","name":"Partido Popular de Galicia","alternateName":"PP de Galicia","url":"https:\/\/ppdegalicia.com\/es\/","logo":{"@type":"ImageObject","inLanguage":"es","@id":"https:\/\/ppdegalicia.com\/es\/#\/schema\/logo\/image\/","url":"https:\/\/ppdegalicia.com\/wp-content\/uploads\/2023\/04\/logoPP512.png","contentUrl":"https:\/\/ppdegalicia.com\/wp-content\/uploads\/2023\/04\/logoPP512.png","width":512,"height":512,"caption":"Partido Popular de Galicia"},"image":{"@id":"https:\/\/ppdegalicia.com\/es\/#\/schema\/logo\/image\/"},"sameAs":["https:\/\/www.instagram.com\/ppdegalicia\/","https:\/\/x.com\/ppdegalicia","https:\/\/www.tiktok.com\/@ppdegalicia","https:\/\/www.youtube.com\/user\/ppdegalicia"]},{"@type":"Person","@id":"https:\/\/ppdegalicia.com\/es\/#\/schema\/person\/5b822c6f59e872ebdd1142f307dbcb59","name":"ppdegaliciaredes","image":{"@type":"ImageObject","inLanguage":"es","@id":"https:\/\/secure.gravatar.com\/avatar\/3c9179cf0256d00c72a48d1f25783c58b6842cd56e85ef3a572881c8e28ccd59?s=96&d=mm&r=g","url":"https:\/\/secure.gravatar.com\/avatar\/3c9179cf0256d00c72a48d1f25783c58b6842cd56e85ef3a572881c8e28ccd59?s=96&d=mm&r=g","contentUrl":"https:\/\/secure.gravatar.com\/avatar\/3c9179cf0256d00c72a48d1f25783c58b6842cd56e85ef3a572881c8e28ccd59?s=96&d=mm&r=g","caption":"ppdegaliciaredes"},"url":"https:\/\/ppdegalicia.com\/es\/author\/ppdegaliciaredes\/"}]}},"_links":{"self":[{"href":"https:\/\/ppdegalicia.com\/es\/wp-json\/wp\/v2\/posts\/56522","targetHints":{"allow":["GET"]}}],"collection":[{"href":"https:\/\/ppdegalicia.com\/es\/wp-json\/wp\/v2\/posts"}],"about":[{"href":"https:\/\/ppdegalicia.com\/es\/wp-json\/wp\/v2\/types\/post"}],"author":[{"embeddable":true,"href":"https:\/\/ppdegalicia.com\/es\/wp-json\/wp\/v2\/users\/38"}],"replies":[{"embeddable":true,"href":"https:\/\/ppdegalicia.com\/es\/wp-json\/wp\/v2\/comments?post=56522"}],"version-history":[{"count":0,"href":"https:\/\/ppdegalicia.com\/es\/wp-json\/wp\/v2\/posts\/56522\/revisions"}],"wp:featuredmedia":[{"embeddable":true,"href":"https:\/\/ppdegalicia.com\/es\/wp-json\/wp\/v2\/media\/56521"}],"wp:attachment":[{"href":"https:\/\/ppdegalicia.com\/es\/wp-json\/wp\/v2\/media?parent=56522"}],"wp:term":[{"taxonomy":"category","embeddable":true,"href":"https:\/\/ppdegalicia.com\/es\/wp-json\/wp\/v2\/categories?post=56522"},{"taxonomy":"post_tag","embeddable":true,"href":"https:\/\/ppdegalicia.com\/es\/wp-json\/wp\/v2\/tags?post=56522"}],"curies":[{"name":"wp","href":"https:\/\/api.w.org\/{rel}","templated":true}]}}