{"id":56547,"date":"2021-12-18T15:47:14","date_gmt":"2021-12-18T13:47:14","guid":{"rendered":"https:\/\/ppdegalicia.com\/feijoo-pide-unidad-y-humildad-para-construir-en-vigo-una-alternativa-competitiva-para-2023\/"},"modified":"2021-12-18T15:47:14","modified_gmt":"2021-12-18T13:47:14","slug":"feijoo-pide-unidad-y-humildad-para-construir-en-vigo-una-alternativa-competitiva-para-2023","status":"publish","type":"post","link":"https:\/\/ppdegalicia.com\/es\/feijoo-pide-unidad-y-humildad-para-construir-en-vigo-una-alternativa-competitiva-para-2023\/","title":{"rendered":"Feij\u00f3o pide \u201cunidad y humildad\u201d para construir en Vigo una alternativa competitiva para 2023"},"content":{"rendered":"<p><img fetchpriority=\"high\" decoding=\"async\" class=\" size-full wp-image-56546\" src=\"https:\/\/ppdegalicia.com\/wp-content\/uploads\/2021\/12\/36ed29ba3efd281ca96d718c1541a169-scaled.jpg\" alt=\"\" width=\"2560\" height=\"1765\" srcset=\"https:\/\/ppdegalicia.com\/wp-content\/uploads\/2021\/12\/36ed29ba3efd281ca96d718c1541a169-scaled.jpg 2560w, https:\/\/ppdegalicia.com\/wp-content\/uploads\/2021\/12\/36ed29ba3efd281ca96d718c1541a169-300x207.jpg 300w, https:\/\/ppdegalicia.com\/wp-content\/uploads\/2021\/12\/36ed29ba3efd281ca96d718c1541a169-1024x706.jpg 1024w, https:\/\/ppdegalicia.com\/wp-content\/uploads\/2021\/12\/36ed29ba3efd281ca96d718c1541a169-768x529.jpg 768w, https:\/\/ppdegalicia.com\/wp-content\/uploads\/2021\/12\/36ed29ba3efd281ca96d718c1541a169-1536x1059.jpg 1536w, https:\/\/ppdegalicia.com\/wp-content\/uploads\/2021\/12\/36ed29ba3efd281ca96d718c1541a169-2048x1412.jpg 2048w\" sizes=\"(max-width: 2560px) 100vw, 2560px\" \/><\/p>\n<p style=\"text-align: justify;\">Afirma que la Xunta ha apostado m\u00e1s que nadie por el progreso y bienestar de la urbe, defendiendo su industria y mejorando sus servicios<\/p>\n<p><!--more--><\/p>\n<p style=\"text-align: justify;\">\u00a0<\/p>\n<p style=\"text-align: justify;\">El l\u00edder del PPdeG, Alberto N\u00fa\u00f1ez Feij\u00f3o, pidi\u00f3 unidad y humildad para construir la alternativa real, competitiva y fiable de gobierno que merecen los vigueses para 2023. De esta manera se expresaba durante la clausura del congreso del Partido Popular de Vigo, en el que fue proclamada presidenta Marta Fern\u00e1ndez-Tapias.<\/p>\n<p style=\"text-align: justify;\"><strong><u>\u00a0<\/u><\/strong><\/p>\n<p style=\"text-align: justify;\">Seg\u00fan asegur\u00f3, est\u00e1 en la mano de los populares lograr la unidad, ya que desde la divisi\u00f3n no se puede construir nada. As\u00ed, desde la responsabilidad, la lealtad y la generosidad, hoy se puede empezar a componer un PP local y un Vigo mejores.<\/p>\n<p style=\"text-align: justify;\"><strong><u>\u00a0<\/u><\/strong><\/p>\n<p style=\"text-align: justify;\"><strong><u>LA XUNTA, LA MEJOR ALIADA DE VIGO<\/u><\/strong><\/p>\n<p style=\"text-align: justify;\">El presidente tambi\u00e9n puso el foco en la importancia de la humildad, que comienza con la autocr\u00edtica. En este sentido, reconoci\u00f3 que pese a todo lo que la Xunta ha aportado al progreso y al bienestar de la ciudad ol\u00edvica, no ha sido suficiente y no se ha sabido transmitir la realidad: la mejor aliada de Vigo en los \u00faltimos a\u00f1os ha sido la Xunta, que ha apostado por la urbe m\u00e1s que nadie.<\/p>\n<p style=\"text-align: justify;\">\u00a0<\/p>\n<p style=\"text-align: justify;\">Ante esta situaci\u00f3n, anim\u00f3 a los populares a \u201chacer m\u00e1s y hacerlo mejor\u201d e insisti\u00f3 en no abandonar la batalla de la verdad frente a los que mienten y manipulan. Por este motivo, quiso poner en valor que el Gobierno auton\u00f3mico ha contribuido a que la ciudad siga siendo l\u00edder industrial de Galicia, a\u00f1adiendo que no admitir\u00e1 que se excluya al autom\u00f3vil vigu\u00e9s, que es uno de los mejores de Espa\u00f1a, del PERTE de automoci\u00f3n del Gobierno central.<\/p>\n<p style=\"text-align: justify;\">\u00a0<\/p>\n<p style=\"text-align: justify;\">Del mismo modo, se\u00f1al\u00f3 que la Administraci\u00f3n gallega ha transformado la atenci\u00f3n social en la urbe, con el proyecto en marcha de una residencia de vanguardia, atendi\u00e9ndose a 5.000 personas en materia de dependencia y dando un impulso a la vivienda protegida. En materia sanitaria, se han construido o renovado siete centros de salud y se ha convertido a Vigo en una referencia sanitaria con uno de los mejores hospitales p\u00fablicos de Espa\u00f1a, tal y como se demostr\u00f3 durante la gesti\u00f3n de la pandemia.<\/p>\n<p style=\"text-align: justify;\">\u00a0<\/p>\n<p style=\"text-align: justify;\">Por otra parte, indic\u00f3 que se ha modernizado el saneamiento de Vigo, se han mejorado las infraestructuras educativas, se ha levantado un icono arquitect\u00f3nico como es la Ciudad de la Justicia y se ha invitado a la urbe a formar parte del Xacobeo -con un nuevo albergue y con nuevas opciones tur\u00edsticas-.<\/p>\n<p style=\"text-align: justify;\">\u00a0<\/p>\n<p style=\"text-align: justify;\"><strong><u>VIGO MERECE M\u00c1S<\/u><\/strong><\/p>\n<p style=\"text-align: justify;\">En su intervenci\u00f3n, el l\u00edder del PPdeG manifest\u00f3 que Vigo no merece ser noticia a nivel nacional por una de las mayores condenas por corrupci\u00f3n de la historia reciente de Galicia -haciendo referencia a la contrataci\u00f3n ilegal de la cu\u00f1ada de Carmela Silva-, no merece que su alcalde y la presidenta de la Diputaci\u00f3n guarden silencio ante este esc\u00e1ndalo y tampoco merece que el partido que gobierna en la ciudad no solo no reproche estos comportamientos, sino que los premie.<\/p>\n<p style=\"text-align: justify;\">\u00a0<\/p>\n<p style=\"text-align: justify;\">Igualmente, cuestion\u00f3 la actuaci\u00f3n del BNG, que ha vuelto a realizar un ejercicio de cinismo al pretender reprobar a Silva en el Concello de Vigo mientras la apoya incondicionalmente y gobierna con ella en la Diputaci\u00f3n.<\/p>\n<p style=\"text-align: justify;\">\u00a0<\/p>\n<p style=\"text-align: justify;\">\u201cVigo es mucho m\u00e1s que unas luces y tambi\u00e9n merece ser mucho m\u00e1s que unos enchufes. Y por eso, es un imperativo moral para el PP ofrecer una alternativa cre\u00edble, democr\u00e1tica y decente\u201d, asever\u00f3.<\/p>\n<p style=\"text-align: justify;\">\u00a0<\/p>\n<p style=\"text-align: justify;\"><strong><u>REMAR TODOS EN LA MISMA DIRECCI\u00d3N<\/u><\/strong><\/p>\n<p style=\"text-align: justify;\">Adem\u00e1s, Feij\u00f3o manifest\u00f3 que en su partido no hay rivales ni enemigos porque todos forman parte de un proyecto \u00fanico, que no es de una persona en concreto sino de todos. De hecho, subray\u00f3 que \u201choy no gana Marta Fern\u00e1ndez-Tapias, gana el PP de Vigo. No pierde Javier Guerra. Pierde el PSOE de esta ciudad\u201d.<\/p>\n<p style=\"text-align: justify;\">\u00a0<\/p>\n<p style=\"text-align: justify;\">En la misma l\u00ednea, afirm\u00f3 que del congreso local deben salir todos convencidos de que hay que remar en la misma direcci\u00f3n para no fracasar. \u201cDesde este mismo momento, no hay afiliados que votaron a Javier ni afiliados que votaron a Marta. Hay afiliados del PP de Vigo\u201d, dijo incidiendo en que en su partido todos suman y nadie sobra, sino que todav\u00eda falta mucha gente.<\/p>\n<p style=\"text-align: justify;\">\u00a0<\/p>\n<p style=\"text-align: justify;\">\u00a0<\/p>\n<p style=\"text-align: justify;\">\u00a0<\/p>\n","protected":false},"excerpt":{"rendered":"<p>Afirma que la Xunta ha apostado m\u00e1s que nadie por el progreso y bienestar de la urbe, defendiendo su industria y mejorando sus servicios<\/p>\n","protected":false},"author":38,"featured_media":56546,"comment_status":"open","ping_status":"open","sticky":false,"template":"","format":"standard","meta":{"_acf_changed":false,"footnotes":""},"categories":[1],"tags":[],"class_list":["post-56547","post","type-post","status-publish","format-standard","has-post-thumbnail","hentry","category-pp-de-galicia"],"acf":[],"yoast_head":"<!-- This site is optimized with the Yoast SEO plugin v27.3 - https:\/\/yoast.com\/product\/yoast-seo-wordpress\/ -->\n<title>Feij\u00f3o pide \u201cunidad y humildad\u201d para construir en Vigo una alternativa competitiva para 2023 - PP de Galicia<\/title>\n<meta name=\"robots\" content=\"index, follow, max-snippet:-1, max-image-preview:large, max-video-preview:-1\" \/>\n<link rel=\"canonical\" href=\"https:\/\/ppdegalicia.com\/es\/feijoo-pide-unidad-y-humildad-para-construir-en-vigo-una-alternativa-competitiva-para-2023\/\" \/>\n<meta property=\"og:locale\" content=\"es_ES\" \/>\n<meta property=\"og:type\" content=\"article\" \/>\n<meta property=\"og:title\" content=\"Feij\u00f3o pide \u201cunidad y humildad\u201d para construir en Vigo una alternativa competitiva para 2023 - PP de Galicia\" \/>\n<meta property=\"og:description\" content=\"Afirma que la Xunta ha apostado m\u00e1s que nadie por el progreso y bienestar de la urbe, defendiendo su industria y mejorando sus servicios\" \/>\n<meta property=\"og:url\" content=\"https:\/\/ppdegalicia.com\/es\/feijoo-pide-unidad-y-humildad-para-construir-en-vigo-una-alternativa-competitiva-para-2023\/\" \/>\n<meta property=\"og:site_name\" content=\"PP de Galicia\" \/>\n<meta property=\"article:publisher\" content=\"https:\/\/www.instagram.com\/ppdegalicia\/\" \/>\n<meta property=\"article:published_time\" content=\"2021-12-18T13:47:14+00:00\" \/>\n<meta property=\"og:image\" content=\"https:\/\/ppdegalicia.com\/wp-content\/uploads\/2021\/12\/36ed29ba3efd281ca96d718c1541a169-scaled.jpg\" \/>\n\t<meta property=\"og:image:width\" content=\"2560\" \/>\n\t<meta property=\"og:image:height\" content=\"1765\" \/>\n\t<meta property=\"og:image:type\" content=\"image\/jpeg\" \/>\n<meta name=\"author\" content=\"ppdegaliciaredes\" \/>\n<meta name=\"twitter:card\" content=\"summary_large_image\" \/>\n<meta name=\"twitter:creator\" content=\"@ppdegalicia\" \/>\n<meta name=\"twitter:site\" content=\"@ppdegalicia\" \/>\n<meta name=\"twitter:label1\" content=\"Escrito por\" \/>\n\t<meta name=\"twitter:data1\" content=\"ppdegaliciaredes\" \/>\n\t<meta name=\"twitter:label2\" content=\"Tiempo de lectura\" \/>\n\t<meta name=\"twitter:data2\" content=\"4 minutos\" \/>\n<script type=\"application\/ld+json\" class=\"yoast-schema-graph\">{\"@context\":\"https:\\\/\\\/schema.org\",\"@graph\":[{\"@type\":\"Article\",\"@id\":\"https:\\\/\\\/ppdegalicia.com\\\/es\\\/feijoo-pide-unidad-y-humildad-para-construir-en-vigo-una-alternativa-competitiva-para-2023\\\/#article\",\"isPartOf\":{\"@id\":\"https:\\\/\\\/ppdegalicia.com\\\/es\\\/feijoo-pide-unidad-y-humildad-para-construir-en-vigo-una-alternativa-competitiva-para-2023\\\/\"},\"author\":{\"name\":\"ppdegaliciaredes\",\"@id\":\"https:\\\/\\\/ppdegalicia.com\\\/es\\\/#\\\/schema\\\/person\\\/5b822c6f59e872ebdd1142f307dbcb59\"},\"headline\":\"Feij\u00f3o pide \u201cunidad y humildad\u201d para construir en Vigo una alternativa competitiva para 2023\",\"datePublished\":\"2021-12-18T13:47:14+00:00\",\"mainEntityOfPage\":{\"@id\":\"https:\\\/\\\/ppdegalicia.com\\\/es\\\/feijoo-pide-unidad-y-humildad-para-construir-en-vigo-una-alternativa-competitiva-para-2023\\\/\"},\"wordCount\":757,\"commentCount\":0,\"publisher\":{\"@id\":\"https:\\\/\\\/ppdegalicia.com\\\/es\\\/#organization\"},\"image\":{\"@id\":\"https:\\\/\\\/ppdegalicia.com\\\/es\\\/feijoo-pide-unidad-y-humildad-para-construir-en-vigo-una-alternativa-competitiva-para-2023\\\/#primaryimage\"},\"thumbnailUrl\":\"https:\\\/\\\/ppdegalicia.com\\\/wp-content\\\/uploads\\\/2021\\\/12\\\/36ed29ba3efd281ca96d718c1541a169-scaled.jpg\",\"articleSection\":[\"PP de Galicia\"],\"inLanguage\":\"es\",\"potentialAction\":[{\"@type\":\"CommentAction\",\"name\":\"Comment\",\"target\":[\"https:\\\/\\\/ppdegalicia.com\\\/es\\\/feijoo-pide-unidad-y-humildad-para-construir-en-vigo-una-alternativa-competitiva-para-2023\\\/#respond\"]}]},{\"@type\":\"WebPage\",\"@id\":\"https:\\\/\\\/ppdegalicia.com\\\/es\\\/feijoo-pide-unidad-y-humildad-para-construir-en-vigo-una-alternativa-competitiva-para-2023\\\/\",\"url\":\"https:\\\/\\\/ppdegalicia.com\\\/es\\\/feijoo-pide-unidad-y-humildad-para-construir-en-vigo-una-alternativa-competitiva-para-2023\\\/\",\"name\":\"Feij\u00f3o pide \u201cunidad y humildad\u201d para construir en Vigo una alternativa competitiva para 2023 - PP de Galicia\",\"isPartOf\":{\"@id\":\"https:\\\/\\\/ppdegalicia.com\\\/es\\\/#website\"},\"primaryImageOfPage\":{\"@id\":\"https:\\\/\\\/ppdegalicia.com\\\/es\\\/feijoo-pide-unidad-y-humildad-para-construir-en-vigo-una-alternativa-competitiva-para-2023\\\/#primaryimage\"},\"image\":{\"@id\":\"https:\\\/\\\/ppdegalicia.com\\\/es\\\/feijoo-pide-unidad-y-humildad-para-construir-en-vigo-una-alternativa-competitiva-para-2023\\\/#primaryimage\"},\"thumbnailUrl\":\"https:\\\/\\\/ppdegalicia.com\\\/wp-content\\\/uploads\\\/2021\\\/12\\\/36ed29ba3efd281ca96d718c1541a169-scaled.jpg\",\"datePublished\":\"2021-12-18T13:47:14+00:00\",\"breadcrumb\":{\"@id\":\"https:\\\/\\\/ppdegalicia.com\\\/es\\\/feijoo-pide-unidad-y-humildad-para-construir-en-vigo-una-alternativa-competitiva-para-2023\\\/#breadcrumb\"},\"inLanguage\":\"es\",\"potentialAction\":[{\"@type\":\"ReadAction\",\"target\":[\"https:\\\/\\\/ppdegalicia.com\\\/es\\\/feijoo-pide-unidad-y-humildad-para-construir-en-vigo-una-alternativa-competitiva-para-2023\\\/\"]}]},{\"@type\":\"ImageObject\",\"inLanguage\":\"es\",\"@id\":\"https:\\\/\\\/ppdegalicia.com\\\/es\\\/feijoo-pide-unidad-y-humildad-para-construir-en-vigo-una-alternativa-competitiva-para-2023\\\/#primaryimage\",\"url\":\"https:\\\/\\\/ppdegalicia.com\\\/wp-content\\\/uploads\\\/2021\\\/12\\\/36ed29ba3efd281ca96d718c1541a169-scaled.jpg\",\"contentUrl\":\"https:\\\/\\\/ppdegalicia.com\\\/wp-content\\\/uploads\\\/2021\\\/12\\\/36ed29ba3efd281ca96d718c1541a169-scaled.jpg\",\"width\":2560,\"height\":1765},{\"@type\":\"BreadcrumbList\",\"@id\":\"https:\\\/\\\/ppdegalicia.com\\\/es\\\/feijoo-pide-unidad-y-humildad-para-construir-en-vigo-una-alternativa-competitiva-para-2023\\\/#breadcrumb\",\"itemListElement\":[{\"@type\":\"ListItem\",\"position\":1,\"name\":\"Portada\",\"item\":\"https:\\\/\\\/ppdegalicia.com\\\/es\\\/\"},{\"@type\":\"ListItem\",\"position\":2,\"name\":\"Feij\u00f3o pide \u201cunidad y humildad\u201d para construir en Vigo una alternativa competitiva para 2023\"}]},{\"@type\":\"WebSite\",\"@id\":\"https:\\\/\\\/ppdegalicia.com\\\/es\\\/#website\",\"url\":\"https:\\\/\\\/ppdegalicia.com\\\/es\\\/\",\"name\":\"Partido Popular de Galicia\",\"description\":\"Partido Popular de Galicia\",\"publisher\":{\"@id\":\"https:\\\/\\\/ppdegalicia.com\\\/es\\\/#organization\"},\"alternateName\":\"PP de Galicia\",\"potentialAction\":[{\"@type\":\"SearchAction\",\"target\":{\"@type\":\"EntryPoint\",\"urlTemplate\":\"https:\\\/\\\/ppdegalicia.com\\\/es\\\/?s={search_term_string}\"},\"query-input\":{\"@type\":\"PropertyValueSpecification\",\"valueRequired\":true,\"valueName\":\"search_term_string\"}}],\"inLanguage\":\"es\"},{\"@type\":\"Organization\",\"@id\":\"https:\\\/\\\/ppdegalicia.com\\\/es\\\/#organization\",\"name\":\"Partido Popular de Galicia\",\"alternateName\":\"PP de Galicia\",\"url\":\"https:\\\/\\\/ppdegalicia.com\\\/es\\\/\",\"logo\":{\"@type\":\"ImageObject\",\"inLanguage\":\"es\",\"@id\":\"https:\\\/\\\/ppdegalicia.com\\\/es\\\/#\\\/schema\\\/logo\\\/image\\\/\",\"url\":\"https:\\\/\\\/ppdegalicia.com\\\/wp-content\\\/uploads\\\/2023\\\/04\\\/logoPP512.png\",\"contentUrl\":\"https:\\\/\\\/ppdegalicia.com\\\/wp-content\\\/uploads\\\/2023\\\/04\\\/logoPP512.png\",\"width\":512,\"height\":512,\"caption\":\"Partido Popular de Galicia\"},\"image\":{\"@id\":\"https:\\\/\\\/ppdegalicia.com\\\/es\\\/#\\\/schema\\\/logo\\\/image\\\/\"},\"sameAs\":[\"https:\\\/\\\/www.instagram.com\\\/ppdegalicia\\\/\",\"https:\\\/\\\/x.com\\\/ppdegalicia\",\"https:\\\/\\\/www.tiktok.com\\\/@ppdegalicia\",\"https:\\\/\\\/www.youtube.com\\\/user\\\/ppdegalicia\"]},{\"@type\":\"Person\",\"@id\":\"https:\\\/\\\/ppdegalicia.com\\\/es\\\/#\\\/schema\\\/person\\\/5b822c6f59e872ebdd1142f307dbcb59\",\"name\":\"ppdegaliciaredes\",\"image\":{\"@type\":\"ImageObject\",\"inLanguage\":\"es\",\"@id\":\"https:\\\/\\\/secure.gravatar.com\\\/avatar\\\/3c9179cf0256d00c72a48d1f25783c58b6842cd56e85ef3a572881c8e28ccd59?s=96&d=mm&r=g\",\"url\":\"https:\\\/\\\/secure.gravatar.com\\\/avatar\\\/3c9179cf0256d00c72a48d1f25783c58b6842cd56e85ef3a572881c8e28ccd59?s=96&d=mm&r=g\",\"contentUrl\":\"https:\\\/\\\/secure.gravatar.com\\\/avatar\\\/3c9179cf0256d00c72a48d1f25783c58b6842cd56e85ef3a572881c8e28ccd59?s=96&d=mm&r=g\",\"caption\":\"ppdegaliciaredes\"},\"url\":\"https:\\\/\\\/ppdegalicia.com\\\/es\\\/author\\\/ppdegaliciaredes\\\/\"}]}<\/script>\n<!-- \/ Yoast SEO plugin. -->","yoast_head_json":{"title":"Feij\u00f3o pide \u201cunidad y humildad\u201d para construir en Vigo una alternativa competitiva para 2023 - PP de Galicia","robots":{"index":"index","follow":"follow","max-snippet":"max-snippet:-1","max-image-preview":"max-image-preview:large","max-video-preview":"max-video-preview:-1"},"canonical":"https:\/\/ppdegalicia.com\/es\/feijoo-pide-unidad-y-humildad-para-construir-en-vigo-una-alternativa-competitiva-para-2023\/","og_locale":"es_ES","og_type":"article","og_title":"Feij\u00f3o pide \u201cunidad y humildad\u201d para construir en Vigo una alternativa competitiva para 2023 - PP de Galicia","og_description":"Afirma que la Xunta ha apostado m\u00e1s que nadie por el progreso y bienestar de la urbe, defendiendo su industria y mejorando sus servicios","og_url":"https:\/\/ppdegalicia.com\/es\/feijoo-pide-unidad-y-humildad-para-construir-en-vigo-una-alternativa-competitiva-para-2023\/","og_site_name":"PP de Galicia","article_publisher":"https:\/\/www.instagram.com\/ppdegalicia\/","article_published_time":"2021-12-18T13:47:14+00:00","og_image":[{"width":2560,"height":1765,"url":"https:\/\/ppdegalicia.com\/wp-content\/uploads\/2021\/12\/36ed29ba3efd281ca96d718c1541a169-scaled.jpg","type":"image\/jpeg"}],"author":"ppdegaliciaredes","twitter_card":"summary_large_image","twitter_creator":"@ppdegalicia","twitter_site":"@ppdegalicia","twitter_misc":{"Escrito por":"ppdegaliciaredes","Tiempo de lectura":"4 minutos"},"schema":{"@context":"https:\/\/schema.org","@graph":[{"@type":"Article","@id":"https:\/\/ppdegalicia.com\/es\/feijoo-pide-unidad-y-humildad-para-construir-en-vigo-una-alternativa-competitiva-para-2023\/#article","isPartOf":{"@id":"https:\/\/ppdegalicia.com\/es\/feijoo-pide-unidad-y-humildad-para-construir-en-vigo-una-alternativa-competitiva-para-2023\/"},"author":{"name":"ppdegaliciaredes","@id":"https:\/\/ppdegalicia.com\/es\/#\/schema\/person\/5b822c6f59e872ebdd1142f307dbcb59"},"headline":"Feij\u00f3o pide \u201cunidad y humildad\u201d para construir en Vigo una alternativa competitiva para 2023","datePublished":"2021-12-18T13:47:14+00:00","mainEntityOfPage":{"@id":"https:\/\/ppdegalicia.com\/es\/feijoo-pide-unidad-y-humildad-para-construir-en-vigo-una-alternativa-competitiva-para-2023\/"},"wordCount":757,"commentCount":0,"publisher":{"@id":"https:\/\/ppdegalicia.com\/es\/#organization"},"image":{"@id":"https:\/\/ppdegalicia.com\/es\/feijoo-pide-unidad-y-humildad-para-construir-en-vigo-una-alternativa-competitiva-para-2023\/#primaryimage"},"thumbnailUrl":"https:\/\/ppdegalicia.com\/wp-content\/uploads\/2021\/12\/36ed29ba3efd281ca96d718c1541a169-scaled.jpg","articleSection":["PP de Galicia"],"inLanguage":"es","potentialAction":[{"@type":"CommentAction","name":"Comment","target":["https:\/\/ppdegalicia.com\/es\/feijoo-pide-unidad-y-humildad-para-construir-en-vigo-una-alternativa-competitiva-para-2023\/#respond"]}]},{"@type":"WebPage","@id":"https:\/\/ppdegalicia.com\/es\/feijoo-pide-unidad-y-humildad-para-construir-en-vigo-una-alternativa-competitiva-para-2023\/","url":"https:\/\/ppdegalicia.com\/es\/feijoo-pide-unidad-y-humildad-para-construir-en-vigo-una-alternativa-competitiva-para-2023\/","name":"Feij\u00f3o pide \u201cunidad y humildad\u201d para construir en Vigo una alternativa competitiva para 2023 - PP de Galicia","isPartOf":{"@id":"https:\/\/ppdegalicia.com\/es\/#website"},"primaryImageOfPage":{"@id":"https:\/\/ppdegalicia.com\/es\/feijoo-pide-unidad-y-humildad-para-construir-en-vigo-una-alternativa-competitiva-para-2023\/#primaryimage"},"image":{"@id":"https:\/\/ppdegalicia.com\/es\/feijoo-pide-unidad-y-humildad-para-construir-en-vigo-una-alternativa-competitiva-para-2023\/#primaryimage"},"thumbnailUrl":"https:\/\/ppdegalicia.com\/wp-content\/uploads\/2021\/12\/36ed29ba3efd281ca96d718c1541a169-scaled.jpg","datePublished":"2021-12-18T13:47:14+00:00","breadcrumb":{"@id":"https:\/\/ppdegalicia.com\/es\/feijoo-pide-unidad-y-humildad-para-construir-en-vigo-una-alternativa-competitiva-para-2023\/#breadcrumb"},"inLanguage":"es","potentialAction":[{"@type":"ReadAction","target":["https:\/\/ppdegalicia.com\/es\/feijoo-pide-unidad-y-humildad-para-construir-en-vigo-una-alternativa-competitiva-para-2023\/"]}]},{"@type":"ImageObject","inLanguage":"es","@id":"https:\/\/ppdegalicia.com\/es\/feijoo-pide-unidad-y-humildad-para-construir-en-vigo-una-alternativa-competitiva-para-2023\/#primaryimage","url":"https:\/\/ppdegalicia.com\/wp-content\/uploads\/2021\/12\/36ed29ba3efd281ca96d718c1541a169-scaled.jpg","contentUrl":"https:\/\/ppdegalicia.com\/wp-content\/uploads\/2021\/12\/36ed29ba3efd281ca96d718c1541a169-scaled.jpg","width":2560,"height":1765},{"@type":"BreadcrumbList","@id":"https:\/\/ppdegalicia.com\/es\/feijoo-pide-unidad-y-humildad-para-construir-en-vigo-una-alternativa-competitiva-para-2023\/#breadcrumb","itemListElement":[{"@type":"ListItem","position":1,"name":"Portada","item":"https:\/\/ppdegalicia.com\/es\/"},{"@type":"ListItem","position":2,"name":"Feij\u00f3o pide \u201cunidad y humildad\u201d para construir en Vigo una alternativa competitiva para 2023"}]},{"@type":"WebSite","@id":"https:\/\/ppdegalicia.com\/es\/#website","url":"https:\/\/ppdegalicia.com\/es\/","name":"Partido Popular de Galicia","description":"Partido Popular de Galicia","publisher":{"@id":"https:\/\/ppdegalicia.com\/es\/#organization"},"alternateName":"PP de Galicia","potentialAction":[{"@type":"SearchAction","target":{"@type":"EntryPoint","urlTemplate":"https:\/\/ppdegalicia.com\/es\/?s={search_term_string}"},"query-input":{"@type":"PropertyValueSpecification","valueRequired":true,"valueName":"search_term_string"}}],"inLanguage":"es"},{"@type":"Organization","@id":"https:\/\/ppdegalicia.com\/es\/#organization","name":"Partido Popular de Galicia","alternateName":"PP de Galicia","url":"https:\/\/ppdegalicia.com\/es\/","logo":{"@type":"ImageObject","inLanguage":"es","@id":"https:\/\/ppdegalicia.com\/es\/#\/schema\/logo\/image\/","url":"https:\/\/ppdegalicia.com\/wp-content\/uploads\/2023\/04\/logoPP512.png","contentUrl":"https:\/\/ppdegalicia.com\/wp-content\/uploads\/2023\/04\/logoPP512.png","width":512,"height":512,"caption":"Partido Popular de Galicia"},"image":{"@id":"https:\/\/ppdegalicia.com\/es\/#\/schema\/logo\/image\/"},"sameAs":["https:\/\/www.instagram.com\/ppdegalicia\/","https:\/\/x.com\/ppdegalicia","https:\/\/www.tiktok.com\/@ppdegalicia","https:\/\/www.youtube.com\/user\/ppdegalicia"]},{"@type":"Person","@id":"https:\/\/ppdegalicia.com\/es\/#\/schema\/person\/5b822c6f59e872ebdd1142f307dbcb59","name":"ppdegaliciaredes","image":{"@type":"ImageObject","inLanguage":"es","@id":"https:\/\/secure.gravatar.com\/avatar\/3c9179cf0256d00c72a48d1f25783c58b6842cd56e85ef3a572881c8e28ccd59?s=96&d=mm&r=g","url":"https:\/\/secure.gravatar.com\/avatar\/3c9179cf0256d00c72a48d1f25783c58b6842cd56e85ef3a572881c8e28ccd59?s=96&d=mm&r=g","contentUrl":"https:\/\/secure.gravatar.com\/avatar\/3c9179cf0256d00c72a48d1f25783c58b6842cd56e85ef3a572881c8e28ccd59?s=96&d=mm&r=g","caption":"ppdegaliciaredes"},"url":"https:\/\/ppdegalicia.com\/es\/author\/ppdegaliciaredes\/"}]}},"_links":{"self":[{"href":"https:\/\/ppdegalicia.com\/es\/wp-json\/wp\/v2\/posts\/56547","targetHints":{"allow":["GET"]}}],"collection":[{"href":"https:\/\/ppdegalicia.com\/es\/wp-json\/wp\/v2\/posts"}],"about":[{"href":"https:\/\/ppdegalicia.com\/es\/wp-json\/wp\/v2\/types\/post"}],"author":[{"embeddable":true,"href":"https:\/\/ppdegalicia.com\/es\/wp-json\/wp\/v2\/users\/38"}],"replies":[{"embeddable":true,"href":"https:\/\/ppdegalicia.com\/es\/wp-json\/wp\/v2\/comments?post=56547"}],"version-history":[{"count":0,"href":"https:\/\/ppdegalicia.com\/es\/wp-json\/wp\/v2\/posts\/56547\/revisions"}],"wp:featuredmedia":[{"embeddable":true,"href":"https:\/\/ppdegalicia.com\/es\/wp-json\/wp\/v2\/media\/56546"}],"wp:attachment":[{"href":"https:\/\/ppdegalicia.com\/es\/wp-json\/wp\/v2\/media?parent=56547"}],"wp:term":[{"taxonomy":"category","embeddable":true,"href":"https:\/\/ppdegalicia.com\/es\/wp-json\/wp\/v2\/categories?post=56547"},{"taxonomy":"post_tag","embeddable":true,"href":"https:\/\/ppdegalicia.com\/es\/wp-json\/wp\/v2\/tags?post=56547"}],"curies":[{"name":"wp","href":"https:\/\/api.w.org\/{rel}","templated":true}]}}