{"id":56549,"date":"2021-12-20T12:36:13","date_gmt":"2021-12-20T10:36:13","guid":{"rendered":"https:\/\/ppdegalicia.com\/o-grupo-popular-propora-no-pleno-que-o-parlamento-galego-renove-o-seu-compromiso-e-apoio-a-constitucion-e-ao-estatuto-de-autonomia\/"},"modified":"2021-12-20T12:36:13","modified_gmt":"2021-12-20T10:36:13","slug":"o-grupo-popular-propora-no-pleno-que-o-parlamento-galego-renove-o-seu-compromiso-e-apoio-a-constitucion-e-ao-estatuto-de-autonomia","status":"publish","type":"post","link":"https:\/\/ppdegalicia.com\/es\/o-grupo-popular-propora-no-pleno-que-o-parlamento-galego-renove-o-seu-compromiso-e-apoio-a-constitucion-e-ao-estatuto-de-autonomia\/","title":{"rendered":"O Grupo Popular propor\u00e1 no Pleno que o Parlamento galego renove o seu compromiso e apoio \u00e1 Constituci\u00f3n e ao Estatuto de Autonom\u00eda"},"content":{"rendered":"<p><img fetchpriority=\"high\" decoding=\"async\" class=\" size-full wp-image-56548\" src=\"https:\/\/ppdegalicia.com\/wp-content\/uploads\/2021\/12\/ecfab05141327ea7a62f0b17cc9bb9bf.jpg\" alt=\"\" width=\"1900\" height=\"1267\" srcset=\"https:\/\/ppdegalicia.com\/wp-content\/uploads\/2021\/12\/ecfab05141327ea7a62f0b17cc9bb9bf.jpg 1900w, https:\/\/ppdegalicia.com\/wp-content\/uploads\/2021\/12\/ecfab05141327ea7a62f0b17cc9bb9bf-300x200.jpg 300w, https:\/\/ppdegalicia.com\/wp-content\/uploads\/2021\/12\/ecfab05141327ea7a62f0b17cc9bb9bf-1024x683.jpg 1024w, https:\/\/ppdegalicia.com\/wp-content\/uploads\/2021\/12\/ecfab05141327ea7a62f0b17cc9bb9bf-768x512.jpg 768w, https:\/\/ppdegalicia.com\/wp-content\/uploads\/2021\/12\/ecfab05141327ea7a62f0b17cc9bb9bf-1536x1024.jpg 1536w\" sizes=\"(max-width: 1900px) 100vw, 1900px\" \/><\/p>\n<p>Santiago, 20 de decembro de 2021.- O Grupo Popular propor\u00e1 no Pleno desta semana que o Parlamento galego renove o seu compromiso e apoio \u00e1 vixente Constituci\u00f3n Espa\u00f1ola e ao Estatuto de Autonom\u00eda de Galicia, rexeitando calquera iniciativa que promova a independencia de Galicia ou de calquera outra comunidade aut\u00f3noma.<\/p>\n<p><!--more--><\/p>\n<blockquote class=\"twitter-tweet\">\n<p dir=\"ltr\" lang=\"es\">?Fala <a href=\"https:\/\/twitter.com\/paulapra2?ref_src=twsrc%5Etfw\">@paulapra2<\/a> dos nacionalistas galegos disfrazados de falsa moderaci\u00f3n,\u00bbos galegos te\u00f1en dereito a saber que defende cada opci\u00f3n pol\u00edtica\u00bb o <a href=\"https:\/\/twitter.com\/ppdegalicia?ref_src=twsrc%5Etfw\">@ppdegalicia<\/a> defender\u00e1 no Pleno o compromiso coa Constituci\u00f3n Espa\u00f1ola e o Estatuto de Autonom\u00eda <a href=\"https:\/\/twitter.com\/hashtag\/40aniversarioEstatuto?src=hash&amp;ref_src=twsrc%5Etfw\">#40aniversarioEstatuto<\/a> <a href=\"https:\/\/t.co\/FncFvFhpCk\">pic.twitter.com\/FncFvFhpCk<\/a><\/p>\n<p>\u2014 GrupoPopularGalicia (@GrupoPopularGal) <a href=\"https:\/\/twitter.com\/GrupoPopularGal\/status\/1472905223941369858?ref_src=twsrc%5Etfw\">December 20, 2021<\/a><\/p><\/blockquote>\n<p>\u201cSer\u00e1 o momento oportuno para co\u00f1ecer realmente o que defende o Bloque Nacionalista Galego, que un d\u00eda afirman que non son independentistas, pero si soberanistas; e ao d\u00eda seguinte insisten na s\u00faa loita pola independencia de Galicia\u201d, manifestou a viceportavoz popular, Paula Prado.<\/p>\n<p>\u00a0<\/p>\n<p>\u00a0<\/p>\n<blockquote class=\"twitter-tweet\">\n<p dir=\"ltr\" lang=\"es\">?\ufe0fMa\u00f1\u00e1 se celebra o Pleno do <a href=\"https:\/\/twitter.com\/Par_Gal?ref_src=twsrc%5Etfw\">@Par_Gal<\/a> que aprobar\u00e1 os <a href=\"https:\/\/twitter.com\/hashtag\/orzamentos2022?src=hash&amp;ref_src=twsrc%5Etfw\">#orzamentos2022<\/a> da <a href=\"https:\/\/twitter.com\/Xunta?ref_src=twsrc%5Etfw\">@Xunta<\/a>,dos m\u00e1is altos que tivo a historia de Galicia,dirixidos a avanzar cara a reactivaci\u00f3n e recuperaci\u00f3n econ\u00f3mica cos maiores recursos para o gasto social, emprego e novas rebaixas fiscais, <a href=\"https:\/\/twitter.com\/paulapra2?ref_src=twsrc%5Etfw\">@paulapra2<\/a> <a href=\"https:\/\/t.co\/ytDNKqPQPA\">pic.twitter.com\/ytDNKqPQPA<\/a><\/p>\n<p>\u2014 GrupoPopularGalicia (@GrupoPopularGal) <a href=\"https:\/\/twitter.com\/GrupoPopularGal\/status\/1472901217642819590?ref_src=twsrc%5Etfw\">December 20, 2021<\/a><\/p><\/blockquote>\n<p>A actividade parlamentaria dar\u00e1 comezo esta semana coa celebraci\u00f3n ma\u00f1\u00e1 da sesi\u00f3n plenaria para a aprobaci\u00f3n dos orzamentos da Xunta para 2022, que ascenden a 11.627 mill\u00f3ns de euros e os sit\u00faa como os m\u00e1is altos da historia de Galicia. \u201cEst\u00e1n dirixidos, principalmente, a avanzar cara a reactivaci\u00f3n e a recuperaci\u00f3n da econom\u00eda galega logo da pandemia sanitaria, cos maiores recursos para o gasto social e o emprego, e con novas rebaixas fiscais\u201d, explicou Paula Prado, quen incidiu que estas contas \u201cconsolidan o modelo que Galicia v\u00e9n aplicando nos \u00faltimos anos, baseado en m\u00e1is investimento, menos ratio d\u00e9beda\/PIB e menos impostos\u201d.<\/p>\n<p>\u00a0<\/p>\n<p><strong>MEMBROS CONSELLO DE CONTAS<\/strong><\/p>\n<p>\u00a0<\/p>\n<p>A continuaci\u00f3n, e xa no Pleno ordinario, ter\u00e1 lugar a elecci\u00f3n de tres novos membros do Consello de Contas de Galicia: Anxo Ram\u00f3n Calvo Silvosa, proposto polo Bloque Nacionalista Galego; e Jos\u00e9 Antonio Redondo L\u00f3pez e Tom\u00e1s P\u00e9rez Vidal, propostos polo Grupo Popular.<\/p>\n<p>\u00a0<\/p>\n<p>A viceportavoz popular lembrou que este ano 2021 c\u00f3mprense 40 anos da aprobaci\u00f3n do Estatuto de Autonom\u00eda de Galicia e da constituci\u00f3n do Parlamento de Galicia, tempo no que \u201cGalicia viviu unha das mellores e m\u00e1is pr\u00f3speras etapas da s\u00faa historia, con importantes avances a nivel econ\u00f3mico, social e cultural\u201d.<\/p>\n<p>\u00a0<\/p>\n<p>\u201cPor este motivo, o Grupo Popular considera oportuno que o principal partido da oposici\u00f3n fale claro e diga a verdade respecto dos seus proxectos de futuro para Galicia, porque os galegos te\u00f1en dereito a saber que defende cada formaci\u00f3n pol\u00edtica que os representa e nada mellor que po\u00f1er enriba da mesa unha proposici\u00f3n non de lei que reafirma o compromiso e apoio \u00e1 vixente Constituci\u00f3n Espa\u00f1ola e ao Estatuto de Autonom\u00eda de Galicia\u201d, indicou.<\/p>\n<p>\u00a0<\/p>\n<p><strong>VERDADEIRO BNG<\/strong><\/p>\n<p>\u00a0<\/p>\n<p>Paula Prado lamentou que \u201cestamos ante o BNG m\u00e1is radical da s\u00faa historia: que se manifesta xunto con Bildu pedindo un Euskadi independente; que festexan o 1 de outubro, aniversario do referendo ilegal pola independencia de Catalu\u00f1a; que invita a Galicia a impartir doutrina ao independentista Gabriel Rufi\u00e1n; ou que demanda unha tarifa el\u00e9ctrica galega, esixe a nacionalizaci\u00f3n forzosa de empresas ou est\u00e1 en contra de calquera proxecto empresarial que sexa positivo, cree emprego e traia riqueza para Galicia\u201d.<\/p>\n<p>\u00a0<\/p>\n<p>\u201cEste \u00e9 o verdadeiro BNG, non o que queren vender os propios nacionalistas galegos: un BNG que comparte listas e proxecto pol\u00edtico con Bildu e con Esquerra Republicana de Catalu\u00f1a; sometido ao PSOE de Madrid, a cambio de pactos para colocar \u00e1 s\u00faa xente nas deputaci\u00f3ns e concellos de Galicia; e que votou a favor de que Pedro S\u00e1nchez sexa Presidente do Goberno e volveu confirmalo neg\u00e1ndose a votar en contra dos orzamentos do Estado, a pesar de que bloquearon todas e cada unha das emendas que presentou o BNG no Congreso\u201d, apuntou.<\/p>\n","protected":false},"excerpt":{"rendered":"<p>Santiago, 20 de decembro de 2021.- O Grupo Popular propor\u00e1 no Pleno desta semana que o Parlamento galego renove o seu compromiso e apoio \u00e1 vixente Constituci\u00f3n Espa\u00f1ola e ao Estatuto de Autonom\u00eda de Galicia, rexeitando calquera iniciativa que promova a independencia de Galicia ou de calquera outra comunidade aut\u00f3noma.<\/p>\n","protected":false},"author":38,"featured_media":56548,"comment_status":"open","ping_status":"open","sticky":false,"template":"","format":"standard","meta":{"_acf_changed":false,"footnotes":""},"categories":[1],"tags":[],"class_list":["post-56549","post","type-post","status-publish","format-standard","has-post-thumbnail","hentry","category-pp-de-galicia"],"acf":[],"yoast_head":"<!-- This site is optimized with the Yoast SEO plugin v27.3 - https:\/\/yoast.com\/product\/yoast-seo-wordpress\/ -->\n<title>O Grupo Popular propor\u00e1 no Pleno que o Parlamento galego renove o seu compromiso e apoio \u00e1 Constituci\u00f3n e ao Estatuto de Autonom\u00eda - PP de Galicia<\/title>\n<meta name=\"robots\" content=\"index, follow, max-snippet:-1, max-image-preview:large, max-video-preview:-1\" \/>\n<link rel=\"canonical\" href=\"https:\/\/ppdegalicia.com\/es\/o-grupo-popular-propora-no-pleno-que-o-parlamento-galego-renove-o-seu-compromiso-e-apoio-a-constitucion-e-ao-estatuto-de-autonomia\/\" \/>\n<meta property=\"og:locale\" content=\"es_ES\" \/>\n<meta property=\"og:type\" content=\"article\" \/>\n<meta property=\"og:title\" content=\"O Grupo Popular propor\u00e1 no Pleno que o Parlamento galego renove o seu compromiso e apoio \u00e1 Constituci\u00f3n e ao Estatuto de Autonom\u00eda - PP de Galicia\" \/>\n<meta property=\"og:description\" content=\"Santiago, 20 de decembro de 2021.- O Grupo Popular propor\u00e1 no Pleno desta semana que o Parlamento galego renove o seu compromiso e apoio \u00e1 vixente Constituci\u00f3n Espa\u00f1ola e ao Estatuto de Autonom\u00eda de Galicia, rexeitando calquera iniciativa que promova a independencia de Galicia ou de calquera outra comunidade aut\u00f3noma.\" \/>\n<meta property=\"og:url\" content=\"https:\/\/ppdegalicia.com\/es\/o-grupo-popular-propora-no-pleno-que-o-parlamento-galego-renove-o-seu-compromiso-e-apoio-a-constitucion-e-ao-estatuto-de-autonomia\/\" \/>\n<meta property=\"og:site_name\" content=\"PP de Galicia\" \/>\n<meta property=\"article:publisher\" content=\"https:\/\/www.instagram.com\/ppdegalicia\/\" \/>\n<meta property=\"article:published_time\" content=\"2021-12-20T10:36:13+00:00\" \/>\n<meta property=\"og:image\" content=\"https:\/\/ppdegalicia.com\/wp-content\/uploads\/2021\/12\/ecfab05141327ea7a62f0b17cc9bb9bf.jpg\" \/>\n\t<meta property=\"og:image:width\" content=\"1900\" \/>\n\t<meta property=\"og:image:height\" content=\"1267\" \/>\n\t<meta property=\"og:image:type\" content=\"image\/jpeg\" \/>\n<meta name=\"author\" content=\"ppdegaliciaredes\" \/>\n<meta name=\"twitter:card\" content=\"summary_large_image\" \/>\n<meta name=\"twitter:creator\" content=\"@ppdegalicia\" \/>\n<meta name=\"twitter:site\" content=\"@ppdegalicia\" \/>\n<meta name=\"twitter:label1\" content=\"Escrito por\" \/>\n\t<meta name=\"twitter:data1\" content=\"ppdegaliciaredes\" \/>\n\t<meta name=\"twitter:label2\" content=\"Tiempo de lectura\" \/>\n\t<meta name=\"twitter:data2\" content=\"3 minutos\" \/>\n<script type=\"application\/ld+json\" class=\"yoast-schema-graph\">{\"@context\":\"https:\\\/\\\/schema.org\",\"@graph\":[{\"@type\":\"Article\",\"@id\":\"https:\\\/\\\/ppdegalicia.com\\\/es\\\/o-grupo-popular-propora-no-pleno-que-o-parlamento-galego-renove-o-seu-compromiso-e-apoio-a-constitucion-e-ao-estatuto-de-autonomia\\\/#article\",\"isPartOf\":{\"@id\":\"https:\\\/\\\/ppdegalicia.com\\\/es\\\/o-grupo-popular-propora-no-pleno-que-o-parlamento-galego-renove-o-seu-compromiso-e-apoio-a-constitucion-e-ao-estatuto-de-autonomia\\\/\"},\"author\":{\"name\":\"ppdegaliciaredes\",\"@id\":\"https:\\\/\\\/ppdegalicia.com\\\/es\\\/#\\\/schema\\\/person\\\/5b822c6f59e872ebdd1142f307dbcb59\"},\"headline\":\"O Grupo Popular propor\u00e1 no Pleno que o Parlamento galego renove o seu compromiso e apoio \u00e1 Constituci\u00f3n e ao Estatuto de Autonom\u00eda\",\"datePublished\":\"2021-12-20T10:36:13+00:00\",\"mainEntityOfPage\":{\"@id\":\"https:\\\/\\\/ppdegalicia.com\\\/es\\\/o-grupo-popular-propora-no-pleno-que-o-parlamento-galego-renove-o-seu-compromiso-e-apoio-a-constitucion-e-ao-estatuto-de-autonomia\\\/\"},\"wordCount\":716,\"commentCount\":0,\"publisher\":{\"@id\":\"https:\\\/\\\/ppdegalicia.com\\\/es\\\/#organization\"},\"image\":{\"@id\":\"https:\\\/\\\/ppdegalicia.com\\\/es\\\/o-grupo-popular-propora-no-pleno-que-o-parlamento-galego-renove-o-seu-compromiso-e-apoio-a-constitucion-e-ao-estatuto-de-autonomia\\\/#primaryimage\"},\"thumbnailUrl\":\"https:\\\/\\\/ppdegalicia.com\\\/wp-content\\\/uploads\\\/2021\\\/12\\\/ecfab05141327ea7a62f0b17cc9bb9bf.jpg\",\"articleSection\":[\"PP de Galicia\"],\"inLanguage\":\"es\",\"potentialAction\":[{\"@type\":\"CommentAction\",\"name\":\"Comment\",\"target\":[\"https:\\\/\\\/ppdegalicia.com\\\/es\\\/o-grupo-popular-propora-no-pleno-que-o-parlamento-galego-renove-o-seu-compromiso-e-apoio-a-constitucion-e-ao-estatuto-de-autonomia\\\/#respond\"]}]},{\"@type\":\"WebPage\",\"@id\":\"https:\\\/\\\/ppdegalicia.com\\\/es\\\/o-grupo-popular-propora-no-pleno-que-o-parlamento-galego-renove-o-seu-compromiso-e-apoio-a-constitucion-e-ao-estatuto-de-autonomia\\\/\",\"url\":\"https:\\\/\\\/ppdegalicia.com\\\/es\\\/o-grupo-popular-propora-no-pleno-que-o-parlamento-galego-renove-o-seu-compromiso-e-apoio-a-constitucion-e-ao-estatuto-de-autonomia\\\/\",\"name\":\"O Grupo Popular propor\u00e1 no Pleno que o Parlamento galego renove o seu compromiso e apoio \u00e1 Constituci\u00f3n e ao Estatuto de Autonom\u00eda - PP de Galicia\",\"isPartOf\":{\"@id\":\"https:\\\/\\\/ppdegalicia.com\\\/es\\\/#website\"},\"primaryImageOfPage\":{\"@id\":\"https:\\\/\\\/ppdegalicia.com\\\/es\\\/o-grupo-popular-propora-no-pleno-que-o-parlamento-galego-renove-o-seu-compromiso-e-apoio-a-constitucion-e-ao-estatuto-de-autonomia\\\/#primaryimage\"},\"image\":{\"@id\":\"https:\\\/\\\/ppdegalicia.com\\\/es\\\/o-grupo-popular-propora-no-pleno-que-o-parlamento-galego-renove-o-seu-compromiso-e-apoio-a-constitucion-e-ao-estatuto-de-autonomia\\\/#primaryimage\"},\"thumbnailUrl\":\"https:\\\/\\\/ppdegalicia.com\\\/wp-content\\\/uploads\\\/2021\\\/12\\\/ecfab05141327ea7a62f0b17cc9bb9bf.jpg\",\"datePublished\":\"2021-12-20T10:36:13+00:00\",\"breadcrumb\":{\"@id\":\"https:\\\/\\\/ppdegalicia.com\\\/es\\\/o-grupo-popular-propora-no-pleno-que-o-parlamento-galego-renove-o-seu-compromiso-e-apoio-a-constitucion-e-ao-estatuto-de-autonomia\\\/#breadcrumb\"},\"inLanguage\":\"es\",\"potentialAction\":[{\"@type\":\"ReadAction\",\"target\":[\"https:\\\/\\\/ppdegalicia.com\\\/es\\\/o-grupo-popular-propora-no-pleno-que-o-parlamento-galego-renove-o-seu-compromiso-e-apoio-a-constitucion-e-ao-estatuto-de-autonomia\\\/\"]}]},{\"@type\":\"ImageObject\",\"inLanguage\":\"es\",\"@id\":\"https:\\\/\\\/ppdegalicia.com\\\/es\\\/o-grupo-popular-propora-no-pleno-que-o-parlamento-galego-renove-o-seu-compromiso-e-apoio-a-constitucion-e-ao-estatuto-de-autonomia\\\/#primaryimage\",\"url\":\"https:\\\/\\\/ppdegalicia.com\\\/wp-content\\\/uploads\\\/2021\\\/12\\\/ecfab05141327ea7a62f0b17cc9bb9bf.jpg\",\"contentUrl\":\"https:\\\/\\\/ppdegalicia.com\\\/wp-content\\\/uploads\\\/2021\\\/12\\\/ecfab05141327ea7a62f0b17cc9bb9bf.jpg\",\"width\":1900,\"height\":1267},{\"@type\":\"BreadcrumbList\",\"@id\":\"https:\\\/\\\/ppdegalicia.com\\\/es\\\/o-grupo-popular-propora-no-pleno-que-o-parlamento-galego-renove-o-seu-compromiso-e-apoio-a-constitucion-e-ao-estatuto-de-autonomia\\\/#breadcrumb\",\"itemListElement\":[{\"@type\":\"ListItem\",\"position\":1,\"name\":\"Portada\",\"item\":\"https:\\\/\\\/ppdegalicia.com\\\/es\\\/\"},{\"@type\":\"ListItem\",\"position\":2,\"name\":\"O Grupo Popular propor\u00e1 no Pleno que o Parlamento galego renove o seu compromiso e apoio \u00e1 Constituci\u00f3n e ao Estatuto de Autonom\u00eda\"}]},{\"@type\":\"WebSite\",\"@id\":\"https:\\\/\\\/ppdegalicia.com\\\/es\\\/#website\",\"url\":\"https:\\\/\\\/ppdegalicia.com\\\/es\\\/\",\"name\":\"Partido Popular de Galicia\",\"description\":\"Partido Popular de Galicia\",\"publisher\":{\"@id\":\"https:\\\/\\\/ppdegalicia.com\\\/es\\\/#organization\"},\"alternateName\":\"PP de Galicia\",\"potentialAction\":[{\"@type\":\"SearchAction\",\"target\":{\"@type\":\"EntryPoint\",\"urlTemplate\":\"https:\\\/\\\/ppdegalicia.com\\\/es\\\/?s={search_term_string}\"},\"query-input\":{\"@type\":\"PropertyValueSpecification\",\"valueRequired\":true,\"valueName\":\"search_term_string\"}}],\"inLanguage\":\"es\"},{\"@type\":\"Organization\",\"@id\":\"https:\\\/\\\/ppdegalicia.com\\\/es\\\/#organization\",\"name\":\"Partido Popular de Galicia\",\"alternateName\":\"PP de Galicia\",\"url\":\"https:\\\/\\\/ppdegalicia.com\\\/es\\\/\",\"logo\":{\"@type\":\"ImageObject\",\"inLanguage\":\"es\",\"@id\":\"https:\\\/\\\/ppdegalicia.com\\\/es\\\/#\\\/schema\\\/logo\\\/image\\\/\",\"url\":\"https:\\\/\\\/ppdegalicia.com\\\/wp-content\\\/uploads\\\/2023\\\/04\\\/logoPP512.png\",\"contentUrl\":\"https:\\\/\\\/ppdegalicia.com\\\/wp-content\\\/uploads\\\/2023\\\/04\\\/logoPP512.png\",\"width\":512,\"height\":512,\"caption\":\"Partido Popular de Galicia\"},\"image\":{\"@id\":\"https:\\\/\\\/ppdegalicia.com\\\/es\\\/#\\\/schema\\\/logo\\\/image\\\/\"},\"sameAs\":[\"https:\\\/\\\/www.instagram.com\\\/ppdegalicia\\\/\",\"https:\\\/\\\/x.com\\\/ppdegalicia\",\"https:\\\/\\\/www.tiktok.com\\\/@ppdegalicia\",\"https:\\\/\\\/www.youtube.com\\\/user\\\/ppdegalicia\"]},{\"@type\":\"Person\",\"@id\":\"https:\\\/\\\/ppdegalicia.com\\\/es\\\/#\\\/schema\\\/person\\\/5b822c6f59e872ebdd1142f307dbcb59\",\"name\":\"ppdegaliciaredes\",\"image\":{\"@type\":\"ImageObject\",\"inLanguage\":\"es\",\"@id\":\"https:\\\/\\\/secure.gravatar.com\\\/avatar\\\/3c9179cf0256d00c72a48d1f25783c58b6842cd56e85ef3a572881c8e28ccd59?s=96&d=mm&r=g\",\"url\":\"https:\\\/\\\/secure.gravatar.com\\\/avatar\\\/3c9179cf0256d00c72a48d1f25783c58b6842cd56e85ef3a572881c8e28ccd59?s=96&d=mm&r=g\",\"contentUrl\":\"https:\\\/\\\/secure.gravatar.com\\\/avatar\\\/3c9179cf0256d00c72a48d1f25783c58b6842cd56e85ef3a572881c8e28ccd59?s=96&d=mm&r=g\",\"caption\":\"ppdegaliciaredes\"},\"url\":\"https:\\\/\\\/ppdegalicia.com\\\/es\\\/author\\\/ppdegaliciaredes\\\/\"}]}<\/script>\n<!-- \/ Yoast SEO plugin. -->","yoast_head_json":{"title":"O Grupo Popular propor\u00e1 no Pleno que o Parlamento galego renove o seu compromiso e apoio \u00e1 Constituci\u00f3n e ao Estatuto de Autonom\u00eda - PP de Galicia","robots":{"index":"index","follow":"follow","max-snippet":"max-snippet:-1","max-image-preview":"max-image-preview:large","max-video-preview":"max-video-preview:-1"},"canonical":"https:\/\/ppdegalicia.com\/es\/o-grupo-popular-propora-no-pleno-que-o-parlamento-galego-renove-o-seu-compromiso-e-apoio-a-constitucion-e-ao-estatuto-de-autonomia\/","og_locale":"es_ES","og_type":"article","og_title":"O Grupo Popular propor\u00e1 no Pleno que o Parlamento galego renove o seu compromiso e apoio \u00e1 Constituci\u00f3n e ao Estatuto de Autonom\u00eda - PP de Galicia","og_description":"Santiago, 20 de decembro de 2021.- O Grupo Popular propor\u00e1 no Pleno desta semana que o Parlamento galego renove o seu compromiso e apoio \u00e1 vixente Constituci\u00f3n Espa\u00f1ola e ao Estatuto de Autonom\u00eda de Galicia, rexeitando calquera iniciativa que promova a independencia de Galicia ou de calquera outra comunidade aut\u00f3noma.","og_url":"https:\/\/ppdegalicia.com\/es\/o-grupo-popular-propora-no-pleno-que-o-parlamento-galego-renove-o-seu-compromiso-e-apoio-a-constitucion-e-ao-estatuto-de-autonomia\/","og_site_name":"PP de Galicia","article_publisher":"https:\/\/www.instagram.com\/ppdegalicia\/","article_published_time":"2021-12-20T10:36:13+00:00","og_image":[{"width":1900,"height":1267,"url":"https:\/\/ppdegalicia.com\/wp-content\/uploads\/2021\/12\/ecfab05141327ea7a62f0b17cc9bb9bf.jpg","type":"image\/jpeg"}],"author":"ppdegaliciaredes","twitter_card":"summary_large_image","twitter_creator":"@ppdegalicia","twitter_site":"@ppdegalicia","twitter_misc":{"Escrito por":"ppdegaliciaredes","Tiempo de lectura":"3 minutos"},"schema":{"@context":"https:\/\/schema.org","@graph":[{"@type":"Article","@id":"https:\/\/ppdegalicia.com\/es\/o-grupo-popular-propora-no-pleno-que-o-parlamento-galego-renove-o-seu-compromiso-e-apoio-a-constitucion-e-ao-estatuto-de-autonomia\/#article","isPartOf":{"@id":"https:\/\/ppdegalicia.com\/es\/o-grupo-popular-propora-no-pleno-que-o-parlamento-galego-renove-o-seu-compromiso-e-apoio-a-constitucion-e-ao-estatuto-de-autonomia\/"},"author":{"name":"ppdegaliciaredes","@id":"https:\/\/ppdegalicia.com\/es\/#\/schema\/person\/5b822c6f59e872ebdd1142f307dbcb59"},"headline":"O Grupo Popular propor\u00e1 no Pleno que o Parlamento galego renove o seu compromiso e apoio \u00e1 Constituci\u00f3n e ao Estatuto de Autonom\u00eda","datePublished":"2021-12-20T10:36:13+00:00","mainEntityOfPage":{"@id":"https:\/\/ppdegalicia.com\/es\/o-grupo-popular-propora-no-pleno-que-o-parlamento-galego-renove-o-seu-compromiso-e-apoio-a-constitucion-e-ao-estatuto-de-autonomia\/"},"wordCount":716,"commentCount":0,"publisher":{"@id":"https:\/\/ppdegalicia.com\/es\/#organization"},"image":{"@id":"https:\/\/ppdegalicia.com\/es\/o-grupo-popular-propora-no-pleno-que-o-parlamento-galego-renove-o-seu-compromiso-e-apoio-a-constitucion-e-ao-estatuto-de-autonomia\/#primaryimage"},"thumbnailUrl":"https:\/\/ppdegalicia.com\/wp-content\/uploads\/2021\/12\/ecfab05141327ea7a62f0b17cc9bb9bf.jpg","articleSection":["PP de Galicia"],"inLanguage":"es","potentialAction":[{"@type":"CommentAction","name":"Comment","target":["https:\/\/ppdegalicia.com\/es\/o-grupo-popular-propora-no-pleno-que-o-parlamento-galego-renove-o-seu-compromiso-e-apoio-a-constitucion-e-ao-estatuto-de-autonomia\/#respond"]}]},{"@type":"WebPage","@id":"https:\/\/ppdegalicia.com\/es\/o-grupo-popular-propora-no-pleno-que-o-parlamento-galego-renove-o-seu-compromiso-e-apoio-a-constitucion-e-ao-estatuto-de-autonomia\/","url":"https:\/\/ppdegalicia.com\/es\/o-grupo-popular-propora-no-pleno-que-o-parlamento-galego-renove-o-seu-compromiso-e-apoio-a-constitucion-e-ao-estatuto-de-autonomia\/","name":"O Grupo Popular propor\u00e1 no Pleno que o Parlamento galego renove o seu compromiso e apoio \u00e1 Constituci\u00f3n e ao Estatuto de Autonom\u00eda - PP de Galicia","isPartOf":{"@id":"https:\/\/ppdegalicia.com\/es\/#website"},"primaryImageOfPage":{"@id":"https:\/\/ppdegalicia.com\/es\/o-grupo-popular-propora-no-pleno-que-o-parlamento-galego-renove-o-seu-compromiso-e-apoio-a-constitucion-e-ao-estatuto-de-autonomia\/#primaryimage"},"image":{"@id":"https:\/\/ppdegalicia.com\/es\/o-grupo-popular-propora-no-pleno-que-o-parlamento-galego-renove-o-seu-compromiso-e-apoio-a-constitucion-e-ao-estatuto-de-autonomia\/#primaryimage"},"thumbnailUrl":"https:\/\/ppdegalicia.com\/wp-content\/uploads\/2021\/12\/ecfab05141327ea7a62f0b17cc9bb9bf.jpg","datePublished":"2021-12-20T10:36:13+00:00","breadcrumb":{"@id":"https:\/\/ppdegalicia.com\/es\/o-grupo-popular-propora-no-pleno-que-o-parlamento-galego-renove-o-seu-compromiso-e-apoio-a-constitucion-e-ao-estatuto-de-autonomia\/#breadcrumb"},"inLanguage":"es","potentialAction":[{"@type":"ReadAction","target":["https:\/\/ppdegalicia.com\/es\/o-grupo-popular-propora-no-pleno-que-o-parlamento-galego-renove-o-seu-compromiso-e-apoio-a-constitucion-e-ao-estatuto-de-autonomia\/"]}]},{"@type":"ImageObject","inLanguage":"es","@id":"https:\/\/ppdegalicia.com\/es\/o-grupo-popular-propora-no-pleno-que-o-parlamento-galego-renove-o-seu-compromiso-e-apoio-a-constitucion-e-ao-estatuto-de-autonomia\/#primaryimage","url":"https:\/\/ppdegalicia.com\/wp-content\/uploads\/2021\/12\/ecfab05141327ea7a62f0b17cc9bb9bf.jpg","contentUrl":"https:\/\/ppdegalicia.com\/wp-content\/uploads\/2021\/12\/ecfab05141327ea7a62f0b17cc9bb9bf.jpg","width":1900,"height":1267},{"@type":"BreadcrumbList","@id":"https:\/\/ppdegalicia.com\/es\/o-grupo-popular-propora-no-pleno-que-o-parlamento-galego-renove-o-seu-compromiso-e-apoio-a-constitucion-e-ao-estatuto-de-autonomia\/#breadcrumb","itemListElement":[{"@type":"ListItem","position":1,"name":"Portada","item":"https:\/\/ppdegalicia.com\/es\/"},{"@type":"ListItem","position":2,"name":"O Grupo Popular propor\u00e1 no Pleno que o Parlamento galego renove o seu compromiso e apoio \u00e1 Constituci\u00f3n e ao Estatuto de Autonom\u00eda"}]},{"@type":"WebSite","@id":"https:\/\/ppdegalicia.com\/es\/#website","url":"https:\/\/ppdegalicia.com\/es\/","name":"Partido Popular de Galicia","description":"Partido Popular de Galicia","publisher":{"@id":"https:\/\/ppdegalicia.com\/es\/#organization"},"alternateName":"PP de Galicia","potentialAction":[{"@type":"SearchAction","target":{"@type":"EntryPoint","urlTemplate":"https:\/\/ppdegalicia.com\/es\/?s={search_term_string}"},"query-input":{"@type":"PropertyValueSpecification","valueRequired":true,"valueName":"search_term_string"}}],"inLanguage":"es"},{"@type":"Organization","@id":"https:\/\/ppdegalicia.com\/es\/#organization","name":"Partido Popular de Galicia","alternateName":"PP de Galicia","url":"https:\/\/ppdegalicia.com\/es\/","logo":{"@type":"ImageObject","inLanguage":"es","@id":"https:\/\/ppdegalicia.com\/es\/#\/schema\/logo\/image\/","url":"https:\/\/ppdegalicia.com\/wp-content\/uploads\/2023\/04\/logoPP512.png","contentUrl":"https:\/\/ppdegalicia.com\/wp-content\/uploads\/2023\/04\/logoPP512.png","width":512,"height":512,"caption":"Partido Popular de Galicia"},"image":{"@id":"https:\/\/ppdegalicia.com\/es\/#\/schema\/logo\/image\/"},"sameAs":["https:\/\/www.instagram.com\/ppdegalicia\/","https:\/\/x.com\/ppdegalicia","https:\/\/www.tiktok.com\/@ppdegalicia","https:\/\/www.youtube.com\/user\/ppdegalicia"]},{"@type":"Person","@id":"https:\/\/ppdegalicia.com\/es\/#\/schema\/person\/5b822c6f59e872ebdd1142f307dbcb59","name":"ppdegaliciaredes","image":{"@type":"ImageObject","inLanguage":"es","@id":"https:\/\/secure.gravatar.com\/avatar\/3c9179cf0256d00c72a48d1f25783c58b6842cd56e85ef3a572881c8e28ccd59?s=96&d=mm&r=g","url":"https:\/\/secure.gravatar.com\/avatar\/3c9179cf0256d00c72a48d1f25783c58b6842cd56e85ef3a572881c8e28ccd59?s=96&d=mm&r=g","contentUrl":"https:\/\/secure.gravatar.com\/avatar\/3c9179cf0256d00c72a48d1f25783c58b6842cd56e85ef3a572881c8e28ccd59?s=96&d=mm&r=g","caption":"ppdegaliciaredes"},"url":"https:\/\/ppdegalicia.com\/es\/author\/ppdegaliciaredes\/"}]}},"_links":{"self":[{"href":"https:\/\/ppdegalicia.com\/es\/wp-json\/wp\/v2\/posts\/56549","targetHints":{"allow":["GET"]}}],"collection":[{"href":"https:\/\/ppdegalicia.com\/es\/wp-json\/wp\/v2\/posts"}],"about":[{"href":"https:\/\/ppdegalicia.com\/es\/wp-json\/wp\/v2\/types\/post"}],"author":[{"embeddable":true,"href":"https:\/\/ppdegalicia.com\/es\/wp-json\/wp\/v2\/users\/38"}],"replies":[{"embeddable":true,"href":"https:\/\/ppdegalicia.com\/es\/wp-json\/wp\/v2\/comments?post=56549"}],"version-history":[{"count":0,"href":"https:\/\/ppdegalicia.com\/es\/wp-json\/wp\/v2\/posts\/56549\/revisions"}],"wp:featuredmedia":[{"embeddable":true,"href":"https:\/\/ppdegalicia.com\/es\/wp-json\/wp\/v2\/media\/56548"}],"wp:attachment":[{"href":"https:\/\/ppdegalicia.com\/es\/wp-json\/wp\/v2\/media?parent=56549"}],"wp:term":[{"taxonomy":"category","embeddable":true,"href":"https:\/\/ppdegalicia.com\/es\/wp-json\/wp\/v2\/categories?post=56549"},{"taxonomy":"post_tag","embeddable":true,"href":"https:\/\/ppdegalicia.com\/es\/wp-json\/wp\/v2\/tags?post=56549"}],"curies":[{"name":"wp","href":"https:\/\/api.w.org\/{rel}","templated":true}]}}