{"id":56565,"date":"2021-12-22T14:03:31","date_gmt":"2021-12-22T12:03:31","guid":{"rendered":"https:\/\/ppdegalicia.com\/o-parlamento-de-galicia-reafirma-co-voto-en-contra-do-bng-o-seu-apoio-a-constitucion-e-ao-estatuto-de-autonomia-e-rexeita-o-independentismo\/"},"modified":"2021-12-22T14:03:31","modified_gmt":"2021-12-22T12:03:31","slug":"o-parlamento-de-galicia-reafirma-co-voto-en-contra-do-bng-o-seu-apoio-a-constitucion-e-ao-estatuto-de-autonomia-e-rexeita-o-independentismo","status":"publish","type":"post","link":"https:\/\/ppdegalicia.com\/es\/o-parlamento-de-galicia-reafirma-co-voto-en-contra-do-bng-o-seu-apoio-a-constitucion-e-ao-estatuto-de-autonomia-e-rexeita-o-independentismo\/","title":{"rendered":"O Parlamento de Galicia reafirma, co voto en contra do BNG, o seu apoio \u00e1 Constituci\u00f3n e ao Estatuto de Autonom\u00eda, e rexeita o independentismo"},"content":{"rendered":"<p><img fetchpriority=\"high\" decoding=\"async\" class=\" size-full wp-image-56564\" src=\"https:\/\/ppdegalicia.com\/wp-content\/uploads\/2021\/12\/f8f4ab85a86e8ed6acdbd6d3009032c5.jpg\" alt=\"\" width=\"1900\" height=\"1267\" srcset=\"https:\/\/ppdegalicia.com\/wp-content\/uploads\/2021\/12\/f8f4ab85a86e8ed6acdbd6d3009032c5.jpg 1900w, https:\/\/ppdegalicia.com\/wp-content\/uploads\/2021\/12\/f8f4ab85a86e8ed6acdbd6d3009032c5-300x200.jpg 300w, https:\/\/ppdegalicia.com\/wp-content\/uploads\/2021\/12\/f8f4ab85a86e8ed6acdbd6d3009032c5-1024x683.jpg 1024w, https:\/\/ppdegalicia.com\/wp-content\/uploads\/2021\/12\/f8f4ab85a86e8ed6acdbd6d3009032c5-768x512.jpg 768w, https:\/\/ppdegalicia.com\/wp-content\/uploads\/2021\/12\/f8f4ab85a86e8ed6acdbd6d3009032c5-1536x1024.jpg 1536w\" sizes=\"(max-width: 1900px) 100vw, 1900px\" \/><\/p>\n<p>Santiago, 22 de decembro de 2021.- O Parlamento de Galicia reafirmou hoxe, ao cumprirse o 40\u00aa aniversario da s\u00faa constituci\u00f3n e a trav\u00e9s dunha proposici\u00f3n no de lei do Grupo Popular, que foi votada en contra polo BNG, o seu compromiso e apoio \u00e1 vixente Constituci\u00f3n Espa\u00f1ola e ao Estatuto de Autonom\u00eda de Galicia e, polo tanto, o seu rexeitamento a calquera iniciativa que promova a independencia de Galicia ou de calquera outra comunidade aut\u00f3noma de Espa\u00f1a, xa que con iso se pon en risco o marco de convivencia que todos os espa\u00f1ois nos demos e que garante o autogoberno de Galicia.<\/p>\n<p><!--more--><\/p>\n<p>O viceportavoz do Grupo Popular, Miguel Tellado, lembrou que o pasado 6 de decembro celebrouse o 43 aniversario da Constituci\u00f3n Espa\u00f1ola e o pasado domingo tivo lugar o 40 aniversario da primeira sesi\u00f3n do Parlamento de Galicia, \u201cd\u00faas datas sinaladas que a gran maior\u00eda dos galegos celebramos con x\u00fabilo, pois supuxeron para Galicia o inicio da maior \u00e9poca de prosperidade e desenvolvemento da historia do noso pa\u00eds\u201d.<\/p>\n<p>\u00a0<\/p>\n<p>\u201c43 anos despois, o Estado das Autonom\u00edas segue sendo a mellor f\u00f3rmula para articular a pluralidade e a diversidade que conformamos os pobos de Espa\u00f1a, un marco de convivencia que supuxo para todo o pa\u00eds, e nomeadamente para Galicia, a \u00e9poca de maior desenvolvemento e autogoberno da nosa historia\u201d, apuntou.<\/p>\n<p>\u00a0<\/p>\n<p>Tellado salientou que \u201cos avances nestes anos son innumerables, o que non significa que nos deamos por satisfeitos, porque reco\u00f1ecemos que queda moit\u00edsimo por facer e os retos que temos por diante como sociedade son moitos e moi complexos\u201d.<\/p>\n<p>\u00a0<\/p>\n<p>Por\u00e9n, lamentou que na actualidade \u201chai partidos que non queren constru\u00edr unha sociedade mellor sobre os cementos dos nosos logros colectivos, sen\u00f3n derrubalo todo para gobernar as ru\u00ednas\u201d. \u201cDebuxan unha sociedade enfrontada e empobrecida, e queren facernos crer que todo vai mal e que s\u00f3 eles te\u00f1en a f\u00f3rmula milagrosa para que todo vaia ben\u201d, sinalou.<\/p>\n<p>\u00a0<\/p>\n<p><strong>VISI\u00d3N DESTRUTIVA E AGOREIRA<\/strong><\/p>\n<p>\u00a0<\/p>\n<p>O viceportavoz popular alertou que \u201cesa visi\u00f3n destrutiva e agoreira tam\u00e9n chegou a Galicia, representada por un BNG cenizo, que est\u00e1 en contra de todo, que nada lle sirve e que ve o lado malo de todo\u201d. Ademais, lamentou que os nacionalistas galegos \u201csempre son os primeiros en criticar, pero os \u00faltimos en arrimar o ombreiro e traballar por unha Galicia mellor\u201d.<\/p>\n<p>\u00a0<\/p>\n<p>Neste sentido, lembrou que a principios do mes de novembro \u201co BNG po\u00f1\u00edase no seu congreso a en\u00e9sima careta da moderaci\u00f3n e dic\u00eda que renunciaba ao independentismo, pero a realidade imp\u00faxose e, como a maior parte dos membros do BNG a\u00ednda ven moi lonxe as pr\u00f3ximas elecci\u00f3ns como para po\u00f1erse a careta da moderaci\u00f3n, nos \u00faltimos dous meses insistiron na s\u00faa negativa a condenar a violencia como ferramenta pol\u00edtica, manifest\u00e1ronse con Bildu pedindo un Pa\u00eds Vasco independente, festexaron o aniversario do referendo ilegal pola independencia en Catalu\u00f1a ou renovaron o seu apoio \u00e1 Cuba castrista\u201d.<\/p>\n<p>\u00a0<\/p>\n<p>\u201cO m\u00ednimo que se lle pode esixir a un partido pol\u00edtico \u00e9 a honestidade, porque dentro do respecto \u00e1 lei e aos principios democr\u00e1ticos todas as ideas son aceptables, pero nunca a mentira nin enganar aos galegos\u201d, dixo Miguel Tellado.<\/p>\n","protected":false},"excerpt":{"rendered":"<p>Santiago, 22 de decembro de 2021.- O Parlamento de Galicia reafirmou hoxe, ao cumprirse o 40\u00aa aniversario da s\u00faa constituci\u00f3n e a trav\u00e9s dunha proposici\u00f3n no de lei do Grupo Popular, que foi votada en contra polo BNG, o seu compromiso e apoio \u00e1 vixente Constituci\u00f3n Espa\u00f1ola e ao Estatuto de Autonom\u00eda de Galicia e, [&hellip;]<\/p>\n","protected":false},"author":38,"featured_media":56564,"comment_status":"open","ping_status":"open","sticky":false,"template":"","format":"standard","meta":{"_acf_changed":false,"footnotes":""},"categories":[1],"tags":[],"class_list":["post-56565","post","type-post","status-publish","format-standard","has-post-thumbnail","hentry","category-pp-de-galicia"],"acf":[],"yoast_head":"<!-- This site is optimized with the Yoast SEO plugin v27.3 - https:\/\/yoast.com\/product\/yoast-seo-wordpress\/ -->\n<title>O Parlamento de Galicia reafirma, co voto en contra do BNG, o seu apoio \u00e1 Constituci\u00f3n e ao Estatuto de Autonom\u00eda, e rexeita o independentismo - PP de Galicia<\/title>\n<meta name=\"robots\" content=\"index, follow, max-snippet:-1, max-image-preview:large, max-video-preview:-1\" \/>\n<link rel=\"canonical\" href=\"https:\/\/ppdegalicia.com\/es\/o-parlamento-de-galicia-reafirma-co-voto-en-contra-do-bng-o-seu-apoio-a-constitucion-e-ao-estatuto-de-autonomia-e-rexeita-o-independentismo\/\" \/>\n<meta property=\"og:locale\" content=\"es_ES\" \/>\n<meta property=\"og:type\" content=\"article\" \/>\n<meta property=\"og:title\" content=\"O Parlamento de Galicia reafirma, co voto en contra do BNG, o seu apoio \u00e1 Constituci\u00f3n e ao Estatuto de Autonom\u00eda, e rexeita o independentismo - PP de Galicia\" \/>\n<meta property=\"og:description\" content=\"Santiago, 22 de decembro de 2021.- O Parlamento de Galicia reafirmou hoxe, ao cumprirse o 40\u00aa aniversario da s\u00faa constituci\u00f3n e a trav\u00e9s dunha proposici\u00f3n no de lei do Grupo Popular, que foi votada en contra polo BNG, o seu compromiso e apoio \u00e1 vixente Constituci\u00f3n Espa\u00f1ola e ao Estatuto de Autonom\u00eda de Galicia e, [&hellip;]\" \/>\n<meta property=\"og:url\" content=\"https:\/\/ppdegalicia.com\/es\/o-parlamento-de-galicia-reafirma-co-voto-en-contra-do-bng-o-seu-apoio-a-constitucion-e-ao-estatuto-de-autonomia-e-rexeita-o-independentismo\/\" \/>\n<meta property=\"og:site_name\" content=\"PP de Galicia\" \/>\n<meta property=\"article:publisher\" content=\"https:\/\/www.instagram.com\/ppdegalicia\/\" \/>\n<meta property=\"article:published_time\" content=\"2021-12-22T12:03:31+00:00\" \/>\n<meta property=\"og:image\" content=\"https:\/\/ppdegalicia.com\/wp-content\/uploads\/2021\/12\/f8f4ab85a86e8ed6acdbd6d3009032c5.jpg\" \/>\n\t<meta property=\"og:image:width\" content=\"1900\" \/>\n\t<meta property=\"og:image:height\" content=\"1267\" \/>\n\t<meta property=\"og:image:type\" content=\"image\/jpeg\" \/>\n<meta name=\"author\" content=\"ppdegaliciaredes\" \/>\n<meta name=\"twitter:card\" content=\"summary_large_image\" \/>\n<meta name=\"twitter:creator\" content=\"@ppdegalicia\" \/>\n<meta name=\"twitter:site\" content=\"@ppdegalicia\" \/>\n<meta name=\"twitter:label1\" content=\"Escrito por\" \/>\n\t<meta name=\"twitter:data1\" content=\"ppdegaliciaredes\" \/>\n\t<meta name=\"twitter:label2\" content=\"Tiempo de lectura\" \/>\n\t<meta name=\"twitter:data2\" content=\"3 minutos\" \/>\n<script type=\"application\/ld+json\" class=\"yoast-schema-graph\">{\"@context\":\"https:\\\/\\\/schema.org\",\"@graph\":[{\"@type\":\"Article\",\"@id\":\"https:\\\/\\\/ppdegalicia.com\\\/es\\\/o-parlamento-de-galicia-reafirma-co-voto-en-contra-do-bng-o-seu-apoio-a-constitucion-e-ao-estatuto-de-autonomia-e-rexeita-o-independentismo\\\/#article\",\"isPartOf\":{\"@id\":\"https:\\\/\\\/ppdegalicia.com\\\/es\\\/o-parlamento-de-galicia-reafirma-co-voto-en-contra-do-bng-o-seu-apoio-a-constitucion-e-ao-estatuto-de-autonomia-e-rexeita-o-independentismo\\\/\"},\"author\":{\"name\":\"ppdegaliciaredes\",\"@id\":\"https:\\\/\\\/ppdegalicia.com\\\/es\\\/#\\\/schema\\\/person\\\/5b822c6f59e872ebdd1142f307dbcb59\"},\"headline\":\"O Parlamento de Galicia reafirma, co voto en contra do BNG, o seu apoio \u00e1 Constituci\u00f3n e ao Estatuto de Autonom\u00eda, e rexeita o independentismo\",\"datePublished\":\"2021-12-22T12:03:31+00:00\",\"mainEntityOfPage\":{\"@id\":\"https:\\\/\\\/ppdegalicia.com\\\/es\\\/o-parlamento-de-galicia-reafirma-co-voto-en-contra-do-bng-o-seu-apoio-a-constitucion-e-ao-estatuto-de-autonomia-e-rexeita-o-independentismo\\\/\"},\"wordCount\":581,\"commentCount\":0,\"publisher\":{\"@id\":\"https:\\\/\\\/ppdegalicia.com\\\/es\\\/#organization\"},\"image\":{\"@id\":\"https:\\\/\\\/ppdegalicia.com\\\/es\\\/o-parlamento-de-galicia-reafirma-co-voto-en-contra-do-bng-o-seu-apoio-a-constitucion-e-ao-estatuto-de-autonomia-e-rexeita-o-independentismo\\\/#primaryimage\"},\"thumbnailUrl\":\"https:\\\/\\\/ppdegalicia.com\\\/wp-content\\\/uploads\\\/2021\\\/12\\\/f8f4ab85a86e8ed6acdbd6d3009032c5.jpg\",\"articleSection\":[\"PP de Galicia\"],\"inLanguage\":\"es\",\"potentialAction\":[{\"@type\":\"CommentAction\",\"name\":\"Comment\",\"target\":[\"https:\\\/\\\/ppdegalicia.com\\\/es\\\/o-parlamento-de-galicia-reafirma-co-voto-en-contra-do-bng-o-seu-apoio-a-constitucion-e-ao-estatuto-de-autonomia-e-rexeita-o-independentismo\\\/#respond\"]}]},{\"@type\":\"WebPage\",\"@id\":\"https:\\\/\\\/ppdegalicia.com\\\/es\\\/o-parlamento-de-galicia-reafirma-co-voto-en-contra-do-bng-o-seu-apoio-a-constitucion-e-ao-estatuto-de-autonomia-e-rexeita-o-independentismo\\\/\",\"url\":\"https:\\\/\\\/ppdegalicia.com\\\/es\\\/o-parlamento-de-galicia-reafirma-co-voto-en-contra-do-bng-o-seu-apoio-a-constitucion-e-ao-estatuto-de-autonomia-e-rexeita-o-independentismo\\\/\",\"name\":\"O Parlamento de Galicia reafirma, co voto en contra do BNG, o seu apoio \u00e1 Constituci\u00f3n e ao Estatuto de Autonom\u00eda, e rexeita o independentismo - PP de Galicia\",\"isPartOf\":{\"@id\":\"https:\\\/\\\/ppdegalicia.com\\\/es\\\/#website\"},\"primaryImageOfPage\":{\"@id\":\"https:\\\/\\\/ppdegalicia.com\\\/es\\\/o-parlamento-de-galicia-reafirma-co-voto-en-contra-do-bng-o-seu-apoio-a-constitucion-e-ao-estatuto-de-autonomia-e-rexeita-o-independentismo\\\/#primaryimage\"},\"image\":{\"@id\":\"https:\\\/\\\/ppdegalicia.com\\\/es\\\/o-parlamento-de-galicia-reafirma-co-voto-en-contra-do-bng-o-seu-apoio-a-constitucion-e-ao-estatuto-de-autonomia-e-rexeita-o-independentismo\\\/#primaryimage\"},\"thumbnailUrl\":\"https:\\\/\\\/ppdegalicia.com\\\/wp-content\\\/uploads\\\/2021\\\/12\\\/f8f4ab85a86e8ed6acdbd6d3009032c5.jpg\",\"datePublished\":\"2021-12-22T12:03:31+00:00\",\"breadcrumb\":{\"@id\":\"https:\\\/\\\/ppdegalicia.com\\\/es\\\/o-parlamento-de-galicia-reafirma-co-voto-en-contra-do-bng-o-seu-apoio-a-constitucion-e-ao-estatuto-de-autonomia-e-rexeita-o-independentismo\\\/#breadcrumb\"},\"inLanguage\":\"es\",\"potentialAction\":[{\"@type\":\"ReadAction\",\"target\":[\"https:\\\/\\\/ppdegalicia.com\\\/es\\\/o-parlamento-de-galicia-reafirma-co-voto-en-contra-do-bng-o-seu-apoio-a-constitucion-e-ao-estatuto-de-autonomia-e-rexeita-o-independentismo\\\/\"]}]},{\"@type\":\"ImageObject\",\"inLanguage\":\"es\",\"@id\":\"https:\\\/\\\/ppdegalicia.com\\\/es\\\/o-parlamento-de-galicia-reafirma-co-voto-en-contra-do-bng-o-seu-apoio-a-constitucion-e-ao-estatuto-de-autonomia-e-rexeita-o-independentismo\\\/#primaryimage\",\"url\":\"https:\\\/\\\/ppdegalicia.com\\\/wp-content\\\/uploads\\\/2021\\\/12\\\/f8f4ab85a86e8ed6acdbd6d3009032c5.jpg\",\"contentUrl\":\"https:\\\/\\\/ppdegalicia.com\\\/wp-content\\\/uploads\\\/2021\\\/12\\\/f8f4ab85a86e8ed6acdbd6d3009032c5.jpg\",\"width\":1900,\"height\":1267},{\"@type\":\"BreadcrumbList\",\"@id\":\"https:\\\/\\\/ppdegalicia.com\\\/es\\\/o-parlamento-de-galicia-reafirma-co-voto-en-contra-do-bng-o-seu-apoio-a-constitucion-e-ao-estatuto-de-autonomia-e-rexeita-o-independentismo\\\/#breadcrumb\",\"itemListElement\":[{\"@type\":\"ListItem\",\"position\":1,\"name\":\"Portada\",\"item\":\"https:\\\/\\\/ppdegalicia.com\\\/es\\\/\"},{\"@type\":\"ListItem\",\"position\":2,\"name\":\"O Parlamento de Galicia reafirma, co voto en contra do BNG, o seu apoio \u00e1 Constituci\u00f3n e ao Estatuto de Autonom\u00eda, e rexeita o independentismo\"}]},{\"@type\":\"WebSite\",\"@id\":\"https:\\\/\\\/ppdegalicia.com\\\/es\\\/#website\",\"url\":\"https:\\\/\\\/ppdegalicia.com\\\/es\\\/\",\"name\":\"Partido Popular de Galicia\",\"description\":\"Partido Popular de Galicia\",\"publisher\":{\"@id\":\"https:\\\/\\\/ppdegalicia.com\\\/es\\\/#organization\"},\"alternateName\":\"PP de Galicia\",\"potentialAction\":[{\"@type\":\"SearchAction\",\"target\":{\"@type\":\"EntryPoint\",\"urlTemplate\":\"https:\\\/\\\/ppdegalicia.com\\\/es\\\/?s={search_term_string}\"},\"query-input\":{\"@type\":\"PropertyValueSpecification\",\"valueRequired\":true,\"valueName\":\"search_term_string\"}}],\"inLanguage\":\"es\"},{\"@type\":\"Organization\",\"@id\":\"https:\\\/\\\/ppdegalicia.com\\\/es\\\/#organization\",\"name\":\"Partido Popular de Galicia\",\"alternateName\":\"PP de Galicia\",\"url\":\"https:\\\/\\\/ppdegalicia.com\\\/es\\\/\",\"logo\":{\"@type\":\"ImageObject\",\"inLanguage\":\"es\",\"@id\":\"https:\\\/\\\/ppdegalicia.com\\\/es\\\/#\\\/schema\\\/logo\\\/image\\\/\",\"url\":\"https:\\\/\\\/ppdegalicia.com\\\/wp-content\\\/uploads\\\/2023\\\/04\\\/logoPP512.png\",\"contentUrl\":\"https:\\\/\\\/ppdegalicia.com\\\/wp-content\\\/uploads\\\/2023\\\/04\\\/logoPP512.png\",\"width\":512,\"height\":512,\"caption\":\"Partido Popular de Galicia\"},\"image\":{\"@id\":\"https:\\\/\\\/ppdegalicia.com\\\/es\\\/#\\\/schema\\\/logo\\\/image\\\/\"},\"sameAs\":[\"https:\\\/\\\/www.instagram.com\\\/ppdegalicia\\\/\",\"https:\\\/\\\/x.com\\\/ppdegalicia\",\"https:\\\/\\\/www.tiktok.com\\\/@ppdegalicia\",\"https:\\\/\\\/www.youtube.com\\\/user\\\/ppdegalicia\"]},{\"@type\":\"Person\",\"@id\":\"https:\\\/\\\/ppdegalicia.com\\\/es\\\/#\\\/schema\\\/person\\\/5b822c6f59e872ebdd1142f307dbcb59\",\"name\":\"ppdegaliciaredes\",\"image\":{\"@type\":\"ImageObject\",\"inLanguage\":\"es\",\"@id\":\"https:\\\/\\\/secure.gravatar.com\\\/avatar\\\/3c9179cf0256d00c72a48d1f25783c58b6842cd56e85ef3a572881c8e28ccd59?s=96&d=mm&r=g\",\"url\":\"https:\\\/\\\/secure.gravatar.com\\\/avatar\\\/3c9179cf0256d00c72a48d1f25783c58b6842cd56e85ef3a572881c8e28ccd59?s=96&d=mm&r=g\",\"contentUrl\":\"https:\\\/\\\/secure.gravatar.com\\\/avatar\\\/3c9179cf0256d00c72a48d1f25783c58b6842cd56e85ef3a572881c8e28ccd59?s=96&d=mm&r=g\",\"caption\":\"ppdegaliciaredes\"},\"url\":\"https:\\\/\\\/ppdegalicia.com\\\/es\\\/author\\\/ppdegaliciaredes\\\/\"}]}<\/script>\n<!-- \/ Yoast SEO plugin. -->","yoast_head_json":{"title":"O Parlamento de Galicia reafirma, co voto en contra do BNG, o seu apoio \u00e1 Constituci\u00f3n e ao Estatuto de Autonom\u00eda, e rexeita o independentismo - PP de Galicia","robots":{"index":"index","follow":"follow","max-snippet":"max-snippet:-1","max-image-preview":"max-image-preview:large","max-video-preview":"max-video-preview:-1"},"canonical":"https:\/\/ppdegalicia.com\/es\/o-parlamento-de-galicia-reafirma-co-voto-en-contra-do-bng-o-seu-apoio-a-constitucion-e-ao-estatuto-de-autonomia-e-rexeita-o-independentismo\/","og_locale":"es_ES","og_type":"article","og_title":"O Parlamento de Galicia reafirma, co voto en contra do BNG, o seu apoio \u00e1 Constituci\u00f3n e ao Estatuto de Autonom\u00eda, e rexeita o independentismo - PP de Galicia","og_description":"Santiago, 22 de decembro de 2021.- O Parlamento de Galicia reafirmou hoxe, ao cumprirse o 40\u00aa aniversario da s\u00faa constituci\u00f3n e a trav\u00e9s dunha proposici\u00f3n no de lei do Grupo Popular, que foi votada en contra polo BNG, o seu compromiso e apoio \u00e1 vixente Constituci\u00f3n Espa\u00f1ola e ao Estatuto de Autonom\u00eda de Galicia e, [&hellip;]","og_url":"https:\/\/ppdegalicia.com\/es\/o-parlamento-de-galicia-reafirma-co-voto-en-contra-do-bng-o-seu-apoio-a-constitucion-e-ao-estatuto-de-autonomia-e-rexeita-o-independentismo\/","og_site_name":"PP de Galicia","article_publisher":"https:\/\/www.instagram.com\/ppdegalicia\/","article_published_time":"2021-12-22T12:03:31+00:00","og_image":[{"width":1900,"height":1267,"url":"https:\/\/ppdegalicia.com\/wp-content\/uploads\/2021\/12\/f8f4ab85a86e8ed6acdbd6d3009032c5.jpg","type":"image\/jpeg"}],"author":"ppdegaliciaredes","twitter_card":"summary_large_image","twitter_creator":"@ppdegalicia","twitter_site":"@ppdegalicia","twitter_misc":{"Escrito por":"ppdegaliciaredes","Tiempo de lectura":"3 minutos"},"schema":{"@context":"https:\/\/schema.org","@graph":[{"@type":"Article","@id":"https:\/\/ppdegalicia.com\/es\/o-parlamento-de-galicia-reafirma-co-voto-en-contra-do-bng-o-seu-apoio-a-constitucion-e-ao-estatuto-de-autonomia-e-rexeita-o-independentismo\/#article","isPartOf":{"@id":"https:\/\/ppdegalicia.com\/es\/o-parlamento-de-galicia-reafirma-co-voto-en-contra-do-bng-o-seu-apoio-a-constitucion-e-ao-estatuto-de-autonomia-e-rexeita-o-independentismo\/"},"author":{"name":"ppdegaliciaredes","@id":"https:\/\/ppdegalicia.com\/es\/#\/schema\/person\/5b822c6f59e872ebdd1142f307dbcb59"},"headline":"O Parlamento de Galicia reafirma, co voto en contra do BNG, o seu apoio \u00e1 Constituci\u00f3n e ao Estatuto de Autonom\u00eda, e rexeita o independentismo","datePublished":"2021-12-22T12:03:31+00:00","mainEntityOfPage":{"@id":"https:\/\/ppdegalicia.com\/es\/o-parlamento-de-galicia-reafirma-co-voto-en-contra-do-bng-o-seu-apoio-a-constitucion-e-ao-estatuto-de-autonomia-e-rexeita-o-independentismo\/"},"wordCount":581,"commentCount":0,"publisher":{"@id":"https:\/\/ppdegalicia.com\/es\/#organization"},"image":{"@id":"https:\/\/ppdegalicia.com\/es\/o-parlamento-de-galicia-reafirma-co-voto-en-contra-do-bng-o-seu-apoio-a-constitucion-e-ao-estatuto-de-autonomia-e-rexeita-o-independentismo\/#primaryimage"},"thumbnailUrl":"https:\/\/ppdegalicia.com\/wp-content\/uploads\/2021\/12\/f8f4ab85a86e8ed6acdbd6d3009032c5.jpg","articleSection":["PP de Galicia"],"inLanguage":"es","potentialAction":[{"@type":"CommentAction","name":"Comment","target":["https:\/\/ppdegalicia.com\/es\/o-parlamento-de-galicia-reafirma-co-voto-en-contra-do-bng-o-seu-apoio-a-constitucion-e-ao-estatuto-de-autonomia-e-rexeita-o-independentismo\/#respond"]}]},{"@type":"WebPage","@id":"https:\/\/ppdegalicia.com\/es\/o-parlamento-de-galicia-reafirma-co-voto-en-contra-do-bng-o-seu-apoio-a-constitucion-e-ao-estatuto-de-autonomia-e-rexeita-o-independentismo\/","url":"https:\/\/ppdegalicia.com\/es\/o-parlamento-de-galicia-reafirma-co-voto-en-contra-do-bng-o-seu-apoio-a-constitucion-e-ao-estatuto-de-autonomia-e-rexeita-o-independentismo\/","name":"O Parlamento de Galicia reafirma, co voto en contra do BNG, o seu apoio \u00e1 Constituci\u00f3n e ao Estatuto de Autonom\u00eda, e rexeita o independentismo - PP de Galicia","isPartOf":{"@id":"https:\/\/ppdegalicia.com\/es\/#website"},"primaryImageOfPage":{"@id":"https:\/\/ppdegalicia.com\/es\/o-parlamento-de-galicia-reafirma-co-voto-en-contra-do-bng-o-seu-apoio-a-constitucion-e-ao-estatuto-de-autonomia-e-rexeita-o-independentismo\/#primaryimage"},"image":{"@id":"https:\/\/ppdegalicia.com\/es\/o-parlamento-de-galicia-reafirma-co-voto-en-contra-do-bng-o-seu-apoio-a-constitucion-e-ao-estatuto-de-autonomia-e-rexeita-o-independentismo\/#primaryimage"},"thumbnailUrl":"https:\/\/ppdegalicia.com\/wp-content\/uploads\/2021\/12\/f8f4ab85a86e8ed6acdbd6d3009032c5.jpg","datePublished":"2021-12-22T12:03:31+00:00","breadcrumb":{"@id":"https:\/\/ppdegalicia.com\/es\/o-parlamento-de-galicia-reafirma-co-voto-en-contra-do-bng-o-seu-apoio-a-constitucion-e-ao-estatuto-de-autonomia-e-rexeita-o-independentismo\/#breadcrumb"},"inLanguage":"es","potentialAction":[{"@type":"ReadAction","target":["https:\/\/ppdegalicia.com\/es\/o-parlamento-de-galicia-reafirma-co-voto-en-contra-do-bng-o-seu-apoio-a-constitucion-e-ao-estatuto-de-autonomia-e-rexeita-o-independentismo\/"]}]},{"@type":"ImageObject","inLanguage":"es","@id":"https:\/\/ppdegalicia.com\/es\/o-parlamento-de-galicia-reafirma-co-voto-en-contra-do-bng-o-seu-apoio-a-constitucion-e-ao-estatuto-de-autonomia-e-rexeita-o-independentismo\/#primaryimage","url":"https:\/\/ppdegalicia.com\/wp-content\/uploads\/2021\/12\/f8f4ab85a86e8ed6acdbd6d3009032c5.jpg","contentUrl":"https:\/\/ppdegalicia.com\/wp-content\/uploads\/2021\/12\/f8f4ab85a86e8ed6acdbd6d3009032c5.jpg","width":1900,"height":1267},{"@type":"BreadcrumbList","@id":"https:\/\/ppdegalicia.com\/es\/o-parlamento-de-galicia-reafirma-co-voto-en-contra-do-bng-o-seu-apoio-a-constitucion-e-ao-estatuto-de-autonomia-e-rexeita-o-independentismo\/#breadcrumb","itemListElement":[{"@type":"ListItem","position":1,"name":"Portada","item":"https:\/\/ppdegalicia.com\/es\/"},{"@type":"ListItem","position":2,"name":"O Parlamento de Galicia reafirma, co voto en contra do BNG, o seu apoio \u00e1 Constituci\u00f3n e ao Estatuto de Autonom\u00eda, e rexeita o independentismo"}]},{"@type":"WebSite","@id":"https:\/\/ppdegalicia.com\/es\/#website","url":"https:\/\/ppdegalicia.com\/es\/","name":"Partido Popular de Galicia","description":"Partido Popular de Galicia","publisher":{"@id":"https:\/\/ppdegalicia.com\/es\/#organization"},"alternateName":"PP de Galicia","potentialAction":[{"@type":"SearchAction","target":{"@type":"EntryPoint","urlTemplate":"https:\/\/ppdegalicia.com\/es\/?s={search_term_string}"},"query-input":{"@type":"PropertyValueSpecification","valueRequired":true,"valueName":"search_term_string"}}],"inLanguage":"es"},{"@type":"Organization","@id":"https:\/\/ppdegalicia.com\/es\/#organization","name":"Partido Popular de Galicia","alternateName":"PP de Galicia","url":"https:\/\/ppdegalicia.com\/es\/","logo":{"@type":"ImageObject","inLanguage":"es","@id":"https:\/\/ppdegalicia.com\/es\/#\/schema\/logo\/image\/","url":"https:\/\/ppdegalicia.com\/wp-content\/uploads\/2023\/04\/logoPP512.png","contentUrl":"https:\/\/ppdegalicia.com\/wp-content\/uploads\/2023\/04\/logoPP512.png","width":512,"height":512,"caption":"Partido Popular de Galicia"},"image":{"@id":"https:\/\/ppdegalicia.com\/es\/#\/schema\/logo\/image\/"},"sameAs":["https:\/\/www.instagram.com\/ppdegalicia\/","https:\/\/x.com\/ppdegalicia","https:\/\/www.tiktok.com\/@ppdegalicia","https:\/\/www.youtube.com\/user\/ppdegalicia"]},{"@type":"Person","@id":"https:\/\/ppdegalicia.com\/es\/#\/schema\/person\/5b822c6f59e872ebdd1142f307dbcb59","name":"ppdegaliciaredes","image":{"@type":"ImageObject","inLanguage":"es","@id":"https:\/\/secure.gravatar.com\/avatar\/3c9179cf0256d00c72a48d1f25783c58b6842cd56e85ef3a572881c8e28ccd59?s=96&d=mm&r=g","url":"https:\/\/secure.gravatar.com\/avatar\/3c9179cf0256d00c72a48d1f25783c58b6842cd56e85ef3a572881c8e28ccd59?s=96&d=mm&r=g","contentUrl":"https:\/\/secure.gravatar.com\/avatar\/3c9179cf0256d00c72a48d1f25783c58b6842cd56e85ef3a572881c8e28ccd59?s=96&d=mm&r=g","caption":"ppdegaliciaredes"},"url":"https:\/\/ppdegalicia.com\/es\/author\/ppdegaliciaredes\/"}]}},"_links":{"self":[{"href":"https:\/\/ppdegalicia.com\/es\/wp-json\/wp\/v2\/posts\/56565","targetHints":{"allow":["GET"]}}],"collection":[{"href":"https:\/\/ppdegalicia.com\/es\/wp-json\/wp\/v2\/posts"}],"about":[{"href":"https:\/\/ppdegalicia.com\/es\/wp-json\/wp\/v2\/types\/post"}],"author":[{"embeddable":true,"href":"https:\/\/ppdegalicia.com\/es\/wp-json\/wp\/v2\/users\/38"}],"replies":[{"embeddable":true,"href":"https:\/\/ppdegalicia.com\/es\/wp-json\/wp\/v2\/comments?post=56565"}],"version-history":[{"count":0,"href":"https:\/\/ppdegalicia.com\/es\/wp-json\/wp\/v2\/posts\/56565\/revisions"}],"wp:featuredmedia":[{"embeddable":true,"href":"https:\/\/ppdegalicia.com\/es\/wp-json\/wp\/v2\/media\/56564"}],"wp:attachment":[{"href":"https:\/\/ppdegalicia.com\/es\/wp-json\/wp\/v2\/media?parent=56565"}],"wp:term":[{"taxonomy":"category","embeddable":true,"href":"https:\/\/ppdegalicia.com\/es\/wp-json\/wp\/v2\/categories?post=56565"},{"taxonomy":"post_tag","embeddable":true,"href":"https:\/\/ppdegalicia.com\/es\/wp-json\/wp\/v2\/tags?post=56565"}],"curies":[{"name":"wp","href":"https:\/\/api.w.org\/{rel}","templated":true}]}}