{"id":56582,"date":"2022-01-11T10:00:34","date_gmt":"2022-01-11T08:00:34","guid":{"rendered":"https:\/\/ppdegalicia.com\/pedro-puy-afirma-que-a-comision-sobre-financiamento-permitira-ter-unha-vision-de-conxunto-para-atender-as-demandas-especificas-de-galicia\/"},"modified":"2022-01-11T10:00:34","modified_gmt":"2022-01-11T08:00:34","slug":"pedro-puy-afirma-que-a-comision-sobre-financiamento-permitira-ter-unha-vision-de-conxunto-para-atender-as-demandas-especificas-de-galicia","status":"publish","type":"post","link":"https:\/\/ppdegalicia.com\/es\/pedro-puy-afirma-que-a-comision-sobre-financiamento-permitira-ter-unha-vision-de-conxunto-para-atender-as-demandas-especificas-de-galicia\/","title":{"rendered":"Pedro Puy afirma que a Comisi\u00f3n sobre financiamento permitir\u00e1 \u201cter unha visi\u00f3n de conxunto para atender as demandas espec\u00edficas de Galicia\u201d"},"content":{"rendered":"<p><img fetchpriority=\"high\" decoding=\"async\" class=\" size-full wp-image-56581\" src=\"https:\/\/ppdegalicia.com\/wp-content\/uploads\/2022\/01\/58c18d8272c116f0bcd4309dc367551b.jpg\" alt=\"\" width=\"1900\" height=\"1267\" srcset=\"https:\/\/ppdegalicia.com\/wp-content\/uploads\/2022\/01\/58c18d8272c116f0bcd4309dc367551b.jpg 1900w, https:\/\/ppdegalicia.com\/wp-content\/uploads\/2022\/01\/58c18d8272c116f0bcd4309dc367551b-300x200.jpg 300w, https:\/\/ppdegalicia.com\/wp-content\/uploads\/2022\/01\/58c18d8272c116f0bcd4309dc367551b-1024x683.jpg 1024w, https:\/\/ppdegalicia.com\/wp-content\/uploads\/2022\/01\/58c18d8272c116f0bcd4309dc367551b-768x512.jpg 768w, https:\/\/ppdegalicia.com\/wp-content\/uploads\/2022\/01\/58c18d8272c116f0bcd4309dc367551b-1536x1024.jpg 1536w\" sizes=\"(max-width: 1900px) 100vw, 1900px\" \/><\/p>\n<p>Santiago, 10 de xaneiro de 2022.- O portavoz do Grupo Popular, Pedro Puy, afirmou hoxe que a Comisi\u00f3n de estudo sobre a reforma do financiamento auton\u00f3mico, que ma\u00f1\u00e1 iniciar\u00e1 a s\u00faa fase de comparecencias, permitir\u00e1 \u201cter unha visi\u00f3n de conxunto dun sistema que ten que atender as demandas de todas as comunidades, tendo en conta as cuesti\u00f3ns espec\u00edficas que lle interesan a Galicia para a prestaci\u00f3n dos servizos p\u00fablicos\u201d.<\/p>\n<p><!--more--><\/p>\n<p>Pedro Puy lembrou que no novo per\u00edodo de sesi\u00f3ns atenderanse todas aquelas cuesti\u00f3ns relacionadas coa pandemia sanitaria, que na actualidade ten unha incidencia alta que est\u00e1 a repercutir na atenci\u00f3n sanitaria. Por\u00e9n, salientou que \u201co curso escolar retomouse sen alteraci\u00f3ns\u201d e subli\u00f1ou que Galicia \u201cvai \u00e1 cabeza na vacinaci\u00f3n e ofrece m\u00e1is garant\u00edas e menos contaxios no eido escolar\u201d.<\/p>\n<p>\u00a0<\/p>\n<p>Outro dos asuntos que centrar\u00e1n a actividade pol\u00edtica ser\u00e1 o reparto dos fondos Next Generation e a implantaci\u00f3n dos PERTEs nos sectores produtivos. Puy dixo que \u201clevamos tempo denunciando o retraso na tramitaci\u00f3n dos fondos europeos, que te\u00f1en que ser decisivos para o inicio da transformaci\u00f3n econ\u00f3mica, unha mellor sostibilidade ambiental e a modernizaci\u00f3n e dixitalizaci\u00f3n do tecido produtivo\u201d.<\/p>\n<p>\u00a0<\/p>\n<p><strong>SERVIZOS P\u00daBLICOS IGUAIS<\/strong><\/p>\n<p>\u00a0<\/p>\n<p>O portavoz popular lembrou que a Comisi\u00f3n de Estudo sobre a reforma do sistema de financiamento auton\u00f3mico iniciar\u00e1 ma\u00f1\u00e1 as comparecencias de expertos galegos e de f\u00f3ra da comunidade aut\u00f3noma. Puy avogou porque a proposta que saia do Parlamento de Galicia \u201cte\u00f1a un alto grao de consenso\u201d e sexa unha reforma \u201cque atenda as necesidades das comunidades e te\u00f1a e conta as peculiaridades de todas elas para prestar os servizos p\u00fablicos esenciais cun nivel de igualdade b\u00e1sica en toda Espa\u00f1a\u201d.<\/p>\n<p>\u00a0<\/p>\n<p>As\u00ed mesmo, Pedro Puy afirmou que o novo modelo de financiamento deber\u00e1 \u201cter en conta cuesti\u00f3ns espec\u00edficas que lle interesan a Galicia sobre as que xa houbo consensos no Parlamento galego, como o relativo a unha nivelaci\u00f3n da totalidade dos servizos p\u00fablicos ou a necesidade de precisar o custo da prestaci\u00f3n destes servizos p\u00fablicos en cada territorio\u201d.<\/p>\n<p>\u00a0<\/p>\n<p>Por \u00faltimo, Puy afirmou que o Grupo Popular aborda o curso pol\u00edtico \u201ccon outras cuesti\u00f3ns relevantes, como a decisi\u00f3n do Goberno de Espa\u00f1a de non estender a este exercicio os incentivos fiscais vinculados ao Xacobeo\u201d, unha decisi\u00f3n que cualificou de \u201csorprendente porque a Igrexa foi xenerosa ampliando os beneficios do Ano Santo pero non se est\u00e1 a ver correspondida polo Goberno central\u201d.<\/p>\n<p>\u00a0<\/p>\n<p>Tam\u00e9n amosou a preocupaci\u00f3n pola situaci\u00f3n que vive a factor\u00eda de Alcoa na Mari\u00f1a lucense, que, \u201csendo razoable e comprensible a actitude dos traballadores, non \u00e9 unha boa noticia para Galicia\u201d; as\u00ed como polas \u201csorprendentes declaraci\u00f3ns do ministro de Consumo, que afectan directamente aos produtores de carne de Galicia\u201d. <\/p>\n","protected":false},"excerpt":{"rendered":"<p>Santiago, 10 de xaneiro de 2022.- O portavoz do Grupo Popular, Pedro Puy, afirmou hoxe que a Comisi\u00f3n de estudo sobre a reforma do financiamento auton\u00f3mico, que ma\u00f1\u00e1 iniciar\u00e1 a s\u00faa fase de comparecencias, permitir\u00e1 \u201cter unha visi\u00f3n de conxunto dun sistema que ten que atender as demandas de todas as comunidades, tendo en conta [&hellip;]<\/p>\n","protected":false},"author":38,"featured_media":56581,"comment_status":"open","ping_status":"open","sticky":false,"template":"","format":"standard","meta":{"_acf_changed":false,"footnotes":""},"categories":[1],"tags":[],"class_list":["post-56582","post","type-post","status-publish","format-standard","has-post-thumbnail","hentry","category-pp-de-galicia"],"acf":[],"yoast_head":"<!-- This site is optimized with the Yoast SEO plugin v27.3 - https:\/\/yoast.com\/product\/yoast-seo-wordpress\/ -->\n<title>Pedro Puy afirma que a Comisi\u00f3n sobre financiamento permitir\u00e1 \u201cter unha visi\u00f3n de conxunto para atender as demandas espec\u00edficas de Galicia\u201d - PP de Galicia<\/title>\n<meta name=\"robots\" content=\"index, follow, max-snippet:-1, max-image-preview:large, max-video-preview:-1\" \/>\n<link rel=\"canonical\" href=\"https:\/\/ppdegalicia.com\/es\/pedro-puy-afirma-que-a-comision-sobre-financiamento-permitira-ter-unha-vision-de-conxunto-para-atender-as-demandas-especificas-de-galicia\/\" \/>\n<meta property=\"og:locale\" content=\"es_ES\" \/>\n<meta property=\"og:type\" content=\"article\" \/>\n<meta property=\"og:title\" content=\"Pedro Puy afirma que a Comisi\u00f3n sobre financiamento permitir\u00e1 \u201cter unha visi\u00f3n de conxunto para atender as demandas espec\u00edficas de Galicia\u201d - PP de Galicia\" \/>\n<meta property=\"og:description\" content=\"Santiago, 10 de xaneiro de 2022.- O portavoz do Grupo Popular, Pedro Puy, afirmou hoxe que a Comisi\u00f3n de estudo sobre a reforma do financiamento auton\u00f3mico, que ma\u00f1\u00e1 iniciar\u00e1 a s\u00faa fase de comparecencias, permitir\u00e1 \u201cter unha visi\u00f3n de conxunto dun sistema que ten que atender as demandas de todas as comunidades, tendo en conta [&hellip;]\" \/>\n<meta property=\"og:url\" content=\"https:\/\/ppdegalicia.com\/es\/pedro-puy-afirma-que-a-comision-sobre-financiamento-permitira-ter-unha-vision-de-conxunto-para-atender-as-demandas-especificas-de-galicia\/\" \/>\n<meta property=\"og:site_name\" content=\"PP de Galicia\" \/>\n<meta property=\"article:publisher\" content=\"https:\/\/www.instagram.com\/ppdegalicia\/\" \/>\n<meta property=\"article:published_time\" content=\"2022-01-11T08:00:34+00:00\" \/>\n<meta property=\"og:image\" content=\"https:\/\/ppdegalicia.com\/wp-content\/uploads\/2022\/01\/58c18d8272c116f0bcd4309dc367551b.jpg\" \/>\n\t<meta property=\"og:image:width\" content=\"1900\" \/>\n\t<meta property=\"og:image:height\" content=\"1267\" \/>\n\t<meta property=\"og:image:type\" content=\"image\/jpeg\" \/>\n<meta name=\"author\" content=\"ppdegaliciaredes\" \/>\n<meta name=\"twitter:card\" content=\"summary_large_image\" \/>\n<meta name=\"twitter:creator\" content=\"@ppdegalicia\" \/>\n<meta name=\"twitter:site\" content=\"@ppdegalicia\" \/>\n<meta name=\"twitter:label1\" content=\"Escrito por\" \/>\n\t<meta name=\"twitter:data1\" content=\"ppdegaliciaredes\" \/>\n\t<meta name=\"twitter:label2\" content=\"Tiempo de lectura\" \/>\n\t<meta name=\"twitter:data2\" content=\"2 minutos\" \/>\n<script type=\"application\/ld+json\" class=\"yoast-schema-graph\">{\"@context\":\"https:\\\/\\\/schema.org\",\"@graph\":[{\"@type\":\"Article\",\"@id\":\"https:\\\/\\\/ppdegalicia.com\\\/es\\\/pedro-puy-afirma-que-a-comision-sobre-financiamento-permitira-ter-unha-vision-de-conxunto-para-atender-as-demandas-especificas-de-galicia\\\/#article\",\"isPartOf\":{\"@id\":\"https:\\\/\\\/ppdegalicia.com\\\/es\\\/pedro-puy-afirma-que-a-comision-sobre-financiamento-permitira-ter-unha-vision-de-conxunto-para-atender-as-demandas-especificas-de-galicia\\\/\"},\"author\":{\"name\":\"ppdegaliciaredes\",\"@id\":\"https:\\\/\\\/ppdegalicia.com\\\/es\\\/#\\\/schema\\\/person\\\/5b822c6f59e872ebdd1142f307dbcb59\"},\"headline\":\"Pedro Puy afirma que a Comisi\u00f3n sobre financiamento permitir\u00e1 \u201cter unha visi\u00f3n de conxunto para atender as demandas espec\u00edficas de Galicia\u201d\",\"datePublished\":\"2022-01-11T08:00:34+00:00\",\"mainEntityOfPage\":{\"@id\":\"https:\\\/\\\/ppdegalicia.com\\\/es\\\/pedro-puy-afirma-que-a-comision-sobre-financiamento-permitira-ter-unha-vision-de-conxunto-para-atender-as-demandas-especificas-de-galicia\\\/\"},\"wordCount\":513,\"commentCount\":0,\"publisher\":{\"@id\":\"https:\\\/\\\/ppdegalicia.com\\\/es\\\/#organization\"},\"image\":{\"@id\":\"https:\\\/\\\/ppdegalicia.com\\\/es\\\/pedro-puy-afirma-que-a-comision-sobre-financiamento-permitira-ter-unha-vision-de-conxunto-para-atender-as-demandas-especificas-de-galicia\\\/#primaryimage\"},\"thumbnailUrl\":\"https:\\\/\\\/ppdegalicia.com\\\/wp-content\\\/uploads\\\/2022\\\/01\\\/58c18d8272c116f0bcd4309dc367551b.jpg\",\"articleSection\":[\"PP de Galicia\"],\"inLanguage\":\"es\",\"potentialAction\":[{\"@type\":\"CommentAction\",\"name\":\"Comment\",\"target\":[\"https:\\\/\\\/ppdegalicia.com\\\/es\\\/pedro-puy-afirma-que-a-comision-sobre-financiamento-permitira-ter-unha-vision-de-conxunto-para-atender-as-demandas-especificas-de-galicia\\\/#respond\"]}]},{\"@type\":\"WebPage\",\"@id\":\"https:\\\/\\\/ppdegalicia.com\\\/es\\\/pedro-puy-afirma-que-a-comision-sobre-financiamento-permitira-ter-unha-vision-de-conxunto-para-atender-as-demandas-especificas-de-galicia\\\/\",\"url\":\"https:\\\/\\\/ppdegalicia.com\\\/es\\\/pedro-puy-afirma-que-a-comision-sobre-financiamento-permitira-ter-unha-vision-de-conxunto-para-atender-as-demandas-especificas-de-galicia\\\/\",\"name\":\"Pedro Puy afirma que a Comisi\u00f3n sobre financiamento permitir\u00e1 \u201cter unha visi\u00f3n de conxunto para atender as demandas espec\u00edficas de Galicia\u201d - PP de Galicia\",\"isPartOf\":{\"@id\":\"https:\\\/\\\/ppdegalicia.com\\\/es\\\/#website\"},\"primaryImageOfPage\":{\"@id\":\"https:\\\/\\\/ppdegalicia.com\\\/es\\\/pedro-puy-afirma-que-a-comision-sobre-financiamento-permitira-ter-unha-vision-de-conxunto-para-atender-as-demandas-especificas-de-galicia\\\/#primaryimage\"},\"image\":{\"@id\":\"https:\\\/\\\/ppdegalicia.com\\\/es\\\/pedro-puy-afirma-que-a-comision-sobre-financiamento-permitira-ter-unha-vision-de-conxunto-para-atender-as-demandas-especificas-de-galicia\\\/#primaryimage\"},\"thumbnailUrl\":\"https:\\\/\\\/ppdegalicia.com\\\/wp-content\\\/uploads\\\/2022\\\/01\\\/58c18d8272c116f0bcd4309dc367551b.jpg\",\"datePublished\":\"2022-01-11T08:00:34+00:00\",\"breadcrumb\":{\"@id\":\"https:\\\/\\\/ppdegalicia.com\\\/es\\\/pedro-puy-afirma-que-a-comision-sobre-financiamento-permitira-ter-unha-vision-de-conxunto-para-atender-as-demandas-especificas-de-galicia\\\/#breadcrumb\"},\"inLanguage\":\"es\",\"potentialAction\":[{\"@type\":\"ReadAction\",\"target\":[\"https:\\\/\\\/ppdegalicia.com\\\/es\\\/pedro-puy-afirma-que-a-comision-sobre-financiamento-permitira-ter-unha-vision-de-conxunto-para-atender-as-demandas-especificas-de-galicia\\\/\"]}]},{\"@type\":\"ImageObject\",\"inLanguage\":\"es\",\"@id\":\"https:\\\/\\\/ppdegalicia.com\\\/es\\\/pedro-puy-afirma-que-a-comision-sobre-financiamento-permitira-ter-unha-vision-de-conxunto-para-atender-as-demandas-especificas-de-galicia\\\/#primaryimage\",\"url\":\"https:\\\/\\\/ppdegalicia.com\\\/wp-content\\\/uploads\\\/2022\\\/01\\\/58c18d8272c116f0bcd4309dc367551b.jpg\",\"contentUrl\":\"https:\\\/\\\/ppdegalicia.com\\\/wp-content\\\/uploads\\\/2022\\\/01\\\/58c18d8272c116f0bcd4309dc367551b.jpg\",\"width\":1900,\"height\":1267},{\"@type\":\"BreadcrumbList\",\"@id\":\"https:\\\/\\\/ppdegalicia.com\\\/es\\\/pedro-puy-afirma-que-a-comision-sobre-financiamento-permitira-ter-unha-vision-de-conxunto-para-atender-as-demandas-especificas-de-galicia\\\/#breadcrumb\",\"itemListElement\":[{\"@type\":\"ListItem\",\"position\":1,\"name\":\"Portada\",\"item\":\"https:\\\/\\\/ppdegalicia.com\\\/es\\\/\"},{\"@type\":\"ListItem\",\"position\":2,\"name\":\"Pedro Puy afirma que a Comisi\u00f3n sobre financiamento permitir\u00e1 \u201cter unha visi\u00f3n de conxunto para atender as demandas espec\u00edficas de Galicia\u201d\"}]},{\"@type\":\"WebSite\",\"@id\":\"https:\\\/\\\/ppdegalicia.com\\\/es\\\/#website\",\"url\":\"https:\\\/\\\/ppdegalicia.com\\\/es\\\/\",\"name\":\"Partido Popular de Galicia\",\"description\":\"Partido Popular de Galicia\",\"publisher\":{\"@id\":\"https:\\\/\\\/ppdegalicia.com\\\/es\\\/#organization\"},\"alternateName\":\"PP de Galicia\",\"potentialAction\":[{\"@type\":\"SearchAction\",\"target\":{\"@type\":\"EntryPoint\",\"urlTemplate\":\"https:\\\/\\\/ppdegalicia.com\\\/es\\\/?s={search_term_string}\"},\"query-input\":{\"@type\":\"PropertyValueSpecification\",\"valueRequired\":true,\"valueName\":\"search_term_string\"}}],\"inLanguage\":\"es\"},{\"@type\":\"Organization\",\"@id\":\"https:\\\/\\\/ppdegalicia.com\\\/es\\\/#organization\",\"name\":\"Partido Popular de Galicia\",\"alternateName\":\"PP de Galicia\",\"url\":\"https:\\\/\\\/ppdegalicia.com\\\/es\\\/\",\"logo\":{\"@type\":\"ImageObject\",\"inLanguage\":\"es\",\"@id\":\"https:\\\/\\\/ppdegalicia.com\\\/es\\\/#\\\/schema\\\/logo\\\/image\\\/\",\"url\":\"https:\\\/\\\/ppdegalicia.com\\\/wp-content\\\/uploads\\\/2023\\\/04\\\/logoPP512.png\",\"contentUrl\":\"https:\\\/\\\/ppdegalicia.com\\\/wp-content\\\/uploads\\\/2023\\\/04\\\/logoPP512.png\",\"width\":512,\"height\":512,\"caption\":\"Partido Popular de Galicia\"},\"image\":{\"@id\":\"https:\\\/\\\/ppdegalicia.com\\\/es\\\/#\\\/schema\\\/logo\\\/image\\\/\"},\"sameAs\":[\"https:\\\/\\\/www.instagram.com\\\/ppdegalicia\\\/\",\"https:\\\/\\\/x.com\\\/ppdegalicia\",\"https:\\\/\\\/www.tiktok.com\\\/@ppdegalicia\",\"https:\\\/\\\/www.youtube.com\\\/user\\\/ppdegalicia\"]},{\"@type\":\"Person\",\"@id\":\"https:\\\/\\\/ppdegalicia.com\\\/es\\\/#\\\/schema\\\/person\\\/5b822c6f59e872ebdd1142f307dbcb59\",\"name\":\"ppdegaliciaredes\",\"image\":{\"@type\":\"ImageObject\",\"inLanguage\":\"es\",\"@id\":\"https:\\\/\\\/secure.gravatar.com\\\/avatar\\\/3c9179cf0256d00c72a48d1f25783c58b6842cd56e85ef3a572881c8e28ccd59?s=96&d=mm&r=g\",\"url\":\"https:\\\/\\\/secure.gravatar.com\\\/avatar\\\/3c9179cf0256d00c72a48d1f25783c58b6842cd56e85ef3a572881c8e28ccd59?s=96&d=mm&r=g\",\"contentUrl\":\"https:\\\/\\\/secure.gravatar.com\\\/avatar\\\/3c9179cf0256d00c72a48d1f25783c58b6842cd56e85ef3a572881c8e28ccd59?s=96&d=mm&r=g\",\"caption\":\"ppdegaliciaredes\"},\"url\":\"https:\\\/\\\/ppdegalicia.com\\\/es\\\/author\\\/ppdegaliciaredes\\\/\"}]}<\/script>\n<!-- \/ Yoast SEO plugin. -->","yoast_head_json":{"title":"Pedro Puy afirma que a Comisi\u00f3n sobre financiamento permitir\u00e1 \u201cter unha visi\u00f3n de conxunto para atender as demandas espec\u00edficas de Galicia\u201d - PP de Galicia","robots":{"index":"index","follow":"follow","max-snippet":"max-snippet:-1","max-image-preview":"max-image-preview:large","max-video-preview":"max-video-preview:-1"},"canonical":"https:\/\/ppdegalicia.com\/es\/pedro-puy-afirma-que-a-comision-sobre-financiamento-permitira-ter-unha-vision-de-conxunto-para-atender-as-demandas-especificas-de-galicia\/","og_locale":"es_ES","og_type":"article","og_title":"Pedro Puy afirma que a Comisi\u00f3n sobre financiamento permitir\u00e1 \u201cter unha visi\u00f3n de conxunto para atender as demandas espec\u00edficas de Galicia\u201d - PP de Galicia","og_description":"Santiago, 10 de xaneiro de 2022.- O portavoz do Grupo Popular, Pedro Puy, afirmou hoxe que a Comisi\u00f3n de estudo sobre a reforma do financiamento auton\u00f3mico, que ma\u00f1\u00e1 iniciar\u00e1 a s\u00faa fase de comparecencias, permitir\u00e1 \u201cter unha visi\u00f3n de conxunto dun sistema que ten que atender as demandas de todas as comunidades, tendo en conta [&hellip;]","og_url":"https:\/\/ppdegalicia.com\/es\/pedro-puy-afirma-que-a-comision-sobre-financiamento-permitira-ter-unha-vision-de-conxunto-para-atender-as-demandas-especificas-de-galicia\/","og_site_name":"PP de Galicia","article_publisher":"https:\/\/www.instagram.com\/ppdegalicia\/","article_published_time":"2022-01-11T08:00:34+00:00","og_image":[{"width":1900,"height":1267,"url":"https:\/\/ppdegalicia.com\/wp-content\/uploads\/2022\/01\/58c18d8272c116f0bcd4309dc367551b.jpg","type":"image\/jpeg"}],"author":"ppdegaliciaredes","twitter_card":"summary_large_image","twitter_creator":"@ppdegalicia","twitter_site":"@ppdegalicia","twitter_misc":{"Escrito por":"ppdegaliciaredes","Tiempo de lectura":"2 minutos"},"schema":{"@context":"https:\/\/schema.org","@graph":[{"@type":"Article","@id":"https:\/\/ppdegalicia.com\/es\/pedro-puy-afirma-que-a-comision-sobre-financiamento-permitira-ter-unha-vision-de-conxunto-para-atender-as-demandas-especificas-de-galicia\/#article","isPartOf":{"@id":"https:\/\/ppdegalicia.com\/es\/pedro-puy-afirma-que-a-comision-sobre-financiamento-permitira-ter-unha-vision-de-conxunto-para-atender-as-demandas-especificas-de-galicia\/"},"author":{"name":"ppdegaliciaredes","@id":"https:\/\/ppdegalicia.com\/es\/#\/schema\/person\/5b822c6f59e872ebdd1142f307dbcb59"},"headline":"Pedro Puy afirma que a Comisi\u00f3n sobre financiamento permitir\u00e1 \u201cter unha visi\u00f3n de conxunto para atender as demandas espec\u00edficas de Galicia\u201d","datePublished":"2022-01-11T08:00:34+00:00","mainEntityOfPage":{"@id":"https:\/\/ppdegalicia.com\/es\/pedro-puy-afirma-que-a-comision-sobre-financiamento-permitira-ter-unha-vision-de-conxunto-para-atender-as-demandas-especificas-de-galicia\/"},"wordCount":513,"commentCount":0,"publisher":{"@id":"https:\/\/ppdegalicia.com\/es\/#organization"},"image":{"@id":"https:\/\/ppdegalicia.com\/es\/pedro-puy-afirma-que-a-comision-sobre-financiamento-permitira-ter-unha-vision-de-conxunto-para-atender-as-demandas-especificas-de-galicia\/#primaryimage"},"thumbnailUrl":"https:\/\/ppdegalicia.com\/wp-content\/uploads\/2022\/01\/58c18d8272c116f0bcd4309dc367551b.jpg","articleSection":["PP de Galicia"],"inLanguage":"es","potentialAction":[{"@type":"CommentAction","name":"Comment","target":["https:\/\/ppdegalicia.com\/es\/pedro-puy-afirma-que-a-comision-sobre-financiamento-permitira-ter-unha-vision-de-conxunto-para-atender-as-demandas-especificas-de-galicia\/#respond"]}]},{"@type":"WebPage","@id":"https:\/\/ppdegalicia.com\/es\/pedro-puy-afirma-que-a-comision-sobre-financiamento-permitira-ter-unha-vision-de-conxunto-para-atender-as-demandas-especificas-de-galicia\/","url":"https:\/\/ppdegalicia.com\/es\/pedro-puy-afirma-que-a-comision-sobre-financiamento-permitira-ter-unha-vision-de-conxunto-para-atender-as-demandas-especificas-de-galicia\/","name":"Pedro Puy afirma que a Comisi\u00f3n sobre financiamento permitir\u00e1 \u201cter unha visi\u00f3n de conxunto para atender as demandas espec\u00edficas de Galicia\u201d - PP de Galicia","isPartOf":{"@id":"https:\/\/ppdegalicia.com\/es\/#website"},"primaryImageOfPage":{"@id":"https:\/\/ppdegalicia.com\/es\/pedro-puy-afirma-que-a-comision-sobre-financiamento-permitira-ter-unha-vision-de-conxunto-para-atender-as-demandas-especificas-de-galicia\/#primaryimage"},"image":{"@id":"https:\/\/ppdegalicia.com\/es\/pedro-puy-afirma-que-a-comision-sobre-financiamento-permitira-ter-unha-vision-de-conxunto-para-atender-as-demandas-especificas-de-galicia\/#primaryimage"},"thumbnailUrl":"https:\/\/ppdegalicia.com\/wp-content\/uploads\/2022\/01\/58c18d8272c116f0bcd4309dc367551b.jpg","datePublished":"2022-01-11T08:00:34+00:00","breadcrumb":{"@id":"https:\/\/ppdegalicia.com\/es\/pedro-puy-afirma-que-a-comision-sobre-financiamento-permitira-ter-unha-vision-de-conxunto-para-atender-as-demandas-especificas-de-galicia\/#breadcrumb"},"inLanguage":"es","potentialAction":[{"@type":"ReadAction","target":["https:\/\/ppdegalicia.com\/es\/pedro-puy-afirma-que-a-comision-sobre-financiamento-permitira-ter-unha-vision-de-conxunto-para-atender-as-demandas-especificas-de-galicia\/"]}]},{"@type":"ImageObject","inLanguage":"es","@id":"https:\/\/ppdegalicia.com\/es\/pedro-puy-afirma-que-a-comision-sobre-financiamento-permitira-ter-unha-vision-de-conxunto-para-atender-as-demandas-especificas-de-galicia\/#primaryimage","url":"https:\/\/ppdegalicia.com\/wp-content\/uploads\/2022\/01\/58c18d8272c116f0bcd4309dc367551b.jpg","contentUrl":"https:\/\/ppdegalicia.com\/wp-content\/uploads\/2022\/01\/58c18d8272c116f0bcd4309dc367551b.jpg","width":1900,"height":1267},{"@type":"BreadcrumbList","@id":"https:\/\/ppdegalicia.com\/es\/pedro-puy-afirma-que-a-comision-sobre-financiamento-permitira-ter-unha-vision-de-conxunto-para-atender-as-demandas-especificas-de-galicia\/#breadcrumb","itemListElement":[{"@type":"ListItem","position":1,"name":"Portada","item":"https:\/\/ppdegalicia.com\/es\/"},{"@type":"ListItem","position":2,"name":"Pedro Puy afirma que a Comisi\u00f3n sobre financiamento permitir\u00e1 \u201cter unha visi\u00f3n de conxunto para atender as demandas espec\u00edficas de Galicia\u201d"}]},{"@type":"WebSite","@id":"https:\/\/ppdegalicia.com\/es\/#website","url":"https:\/\/ppdegalicia.com\/es\/","name":"Partido Popular de Galicia","description":"Partido Popular de Galicia","publisher":{"@id":"https:\/\/ppdegalicia.com\/es\/#organization"},"alternateName":"PP de Galicia","potentialAction":[{"@type":"SearchAction","target":{"@type":"EntryPoint","urlTemplate":"https:\/\/ppdegalicia.com\/es\/?s={search_term_string}"},"query-input":{"@type":"PropertyValueSpecification","valueRequired":true,"valueName":"search_term_string"}}],"inLanguage":"es"},{"@type":"Organization","@id":"https:\/\/ppdegalicia.com\/es\/#organization","name":"Partido Popular de Galicia","alternateName":"PP de Galicia","url":"https:\/\/ppdegalicia.com\/es\/","logo":{"@type":"ImageObject","inLanguage":"es","@id":"https:\/\/ppdegalicia.com\/es\/#\/schema\/logo\/image\/","url":"https:\/\/ppdegalicia.com\/wp-content\/uploads\/2023\/04\/logoPP512.png","contentUrl":"https:\/\/ppdegalicia.com\/wp-content\/uploads\/2023\/04\/logoPP512.png","width":512,"height":512,"caption":"Partido Popular de Galicia"},"image":{"@id":"https:\/\/ppdegalicia.com\/es\/#\/schema\/logo\/image\/"},"sameAs":["https:\/\/www.instagram.com\/ppdegalicia\/","https:\/\/x.com\/ppdegalicia","https:\/\/www.tiktok.com\/@ppdegalicia","https:\/\/www.youtube.com\/user\/ppdegalicia"]},{"@type":"Person","@id":"https:\/\/ppdegalicia.com\/es\/#\/schema\/person\/5b822c6f59e872ebdd1142f307dbcb59","name":"ppdegaliciaredes","image":{"@type":"ImageObject","inLanguage":"es","@id":"https:\/\/secure.gravatar.com\/avatar\/3c9179cf0256d00c72a48d1f25783c58b6842cd56e85ef3a572881c8e28ccd59?s=96&d=mm&r=g","url":"https:\/\/secure.gravatar.com\/avatar\/3c9179cf0256d00c72a48d1f25783c58b6842cd56e85ef3a572881c8e28ccd59?s=96&d=mm&r=g","contentUrl":"https:\/\/secure.gravatar.com\/avatar\/3c9179cf0256d00c72a48d1f25783c58b6842cd56e85ef3a572881c8e28ccd59?s=96&d=mm&r=g","caption":"ppdegaliciaredes"},"url":"https:\/\/ppdegalicia.com\/es\/author\/ppdegaliciaredes\/"}]}},"_links":{"self":[{"href":"https:\/\/ppdegalicia.com\/es\/wp-json\/wp\/v2\/posts\/56582","targetHints":{"allow":["GET"]}}],"collection":[{"href":"https:\/\/ppdegalicia.com\/es\/wp-json\/wp\/v2\/posts"}],"about":[{"href":"https:\/\/ppdegalicia.com\/es\/wp-json\/wp\/v2\/types\/post"}],"author":[{"embeddable":true,"href":"https:\/\/ppdegalicia.com\/es\/wp-json\/wp\/v2\/users\/38"}],"replies":[{"embeddable":true,"href":"https:\/\/ppdegalicia.com\/es\/wp-json\/wp\/v2\/comments?post=56582"}],"version-history":[{"count":0,"href":"https:\/\/ppdegalicia.com\/es\/wp-json\/wp\/v2\/posts\/56582\/revisions"}],"wp:featuredmedia":[{"embeddable":true,"href":"https:\/\/ppdegalicia.com\/es\/wp-json\/wp\/v2\/media\/56581"}],"wp:attachment":[{"href":"https:\/\/ppdegalicia.com\/es\/wp-json\/wp\/v2\/media?parent=56582"}],"wp:term":[{"taxonomy":"category","embeddable":true,"href":"https:\/\/ppdegalicia.com\/es\/wp-json\/wp\/v2\/categories?post=56582"},{"taxonomy":"post_tag","embeddable":true,"href":"https:\/\/ppdegalicia.com\/es\/wp-json\/wp\/v2\/tags?post=56582"}],"curies":[{"name":"wp","href":"https:\/\/api.w.org\/{rel}","templated":true}]}}