{"id":56620,"date":"2022-01-19T12:26:58","date_gmt":"2022-01-19T10:26:58","guid":{"rendered":"https:\/\/ppdegalicia.com\/o-grupo-popular-insiste-en-que-o-goberno-de-espana-cumpra-o-seu-compromiso-e-aporte-os-281-millons-que-anunciou-para-santiago\/"},"modified":"2022-01-19T12:26:58","modified_gmt":"2022-01-19T10:26:58","slug":"o-grupo-popular-insiste-en-que-o-goberno-de-espana-cumpra-o-seu-compromiso-e-aporte-os-281-millons-que-anunciou-para-santiago","status":"publish","type":"post","link":"https:\/\/ppdegalicia.com\/es\/o-grupo-popular-insiste-en-que-o-goberno-de-espana-cumpra-o-seu-compromiso-e-aporte-os-281-millons-que-anunciou-para-santiago\/","title":{"rendered":"O Grupo Popular insiste en que o Goberno de Espa\u00f1a cumpra o seu compromiso e aporte os 281 mill\u00f3ns que anunciou para Santiago"},"content":{"rendered":"<p><img fetchpriority=\"high\" decoding=\"async\" class=\" size-full wp-image-56619\" src=\"https:\/\/ppdegalicia.com\/wp-content\/uploads\/2022\/01\/ac7f725f7b399b40d811c9174cfc499b.jpg\" alt=\"\" width=\"1900\" height=\"1160\" srcset=\"https:\/\/ppdegalicia.com\/wp-content\/uploads\/2022\/01\/ac7f725f7b399b40d811c9174cfc499b.jpg 1900w, https:\/\/ppdegalicia.com\/wp-content\/uploads\/2022\/01\/ac7f725f7b399b40d811c9174cfc499b-300x183.jpg 300w, https:\/\/ppdegalicia.com\/wp-content\/uploads\/2022\/01\/ac7f725f7b399b40d811c9174cfc499b-1024x625.jpg 1024w, https:\/\/ppdegalicia.com\/wp-content\/uploads\/2022\/01\/ac7f725f7b399b40d811c9174cfc499b-768x469.jpg 768w, https:\/\/ppdegalicia.com\/wp-content\/uploads\/2022\/01\/ac7f725f7b399b40d811c9174cfc499b-1536x938.jpg 1536w\" sizes=\"(max-width: 1900px) 100vw, 1900px\" \/><\/p>\n<p>Santiago, 19 de xaneiro de 2022.- O deputado do Grupo Popular Jos\u00e9 Lu\u00eds Ferro insistiu hoxe no Parlamento galego en que o Goberno de Espa\u00f1a \u201ccumpra o compromiso de realizar unha aportaci\u00f3n extraordinaria para Santiago de 281 mill\u00f3ns de euros, anunciado na \u00faltima reuni\u00f3n do Real Padroado e que non ten reflexo nos orzamentos para 2022\u201d.<\/p>\n<p><!--more--><\/p>\n<p>As\u00ed mesmo, acusou ao BNG de \u201cintentar branquear ao Goberno de Pedro S\u00e1nchez desviando a atenci\u00f3n cara a Xunta, que mant\u00e9n a s\u00faa aportaci\u00f3n anual ao Consorcio, incrementada con motivo da celebraci\u00f3n do Xacobeo 21-22\u201d.<\/p>\n<p>\u00a0<\/p>\n<p>Jos\u00e9 Lu\u00eds Ferro salientou que o Consorcio de Santiago \u201c\u00e9 un exemplo de coordinaci\u00f3n entre tres niveis institucionais na promoci\u00f3n de acci\u00f3ns orientadas \u00e1 preservaci\u00f3n e revitalizaci\u00f3n da cidade de Compostela e do seu patrimonio cultural a trav\u00e9s da lealdade e a colaboraci\u00f3n institucional\u201d.<\/p>\n<p>\u00a0<\/p>\n<p><strong>NON VOLVERON A FALAR DA APORTACI\u00d3N<\/strong><\/p>\n<p>\u00a0<\/p>\n<p>Na s\u00faa intervenci\u00f3n, lembrou que o Goberno central, a trav\u00e9s do seu presidente, anunciou na \u00faltima reuni\u00f3n do Real Padroado de Santiago celebrada o pasado mes de xullo, unha dotaci\u00f3n extraordinaria de 281 mill\u00f3ns de euros para esta cidade durante a vindeira d\u00e9cada, \u201cpero lamentablemente non volveu a falar do asunto desde aquela data nin recolleu partida algunha nos orzamentos para 2022\u201d.<\/p>\n<p>\u00a0<\/p>\n<p>\u201cEn contraposici\u00f3n, a Xunta realiza unha aportaci\u00f3n ao Consorcio de Santiago con lixeiros incrementos nos \u00faltimos anos, que se viu aumentada en medio mill\u00f3n de euros con motivo da celebraci\u00f3n do Xacobeo 21-22\u201d, sinalou o deputado popular.<\/p>\n<p>\u00a0<\/p>\n<p>Ademais, Ferro destacou que o Goberno galego \u201cest\u00e1 a concretar a posta en marcha dalg\u00fans proxectos que xa foron presentados no seo do Consorcio, como a avaliaci\u00f3n de usos p\u00fablicos en Conxo a trav\u00e9s dun plan especial, a continuaci\u00f3n das melloras nos accesos do Cami\u00f1o de Santiago ou a recuperaci\u00f3n do legado patrimonial de car\u00e1cter arquitect\u00f3nico da Universidade de Santiago, coa rehabilitaci\u00f3n das facultades de Medicina e de Xeograf\u00eda e Historia\u201d. <\/p>\n","protected":false},"excerpt":{"rendered":"<p>Santiago, 19 de xaneiro de 2022.- O deputado do Grupo Popular Jos\u00e9 Lu\u00eds Ferro insistiu hoxe no Parlamento galego en que o Goberno de Espa\u00f1a \u201ccumpra o compromiso de realizar unha aportaci\u00f3n extraordinaria para Santiago de 281 mill\u00f3ns de euros, anunciado na \u00faltima reuni\u00f3n do Real Padroado e que non ten reflexo nos orzamentos para [&hellip;]<\/p>\n","protected":false},"author":38,"featured_media":56619,"comment_status":"open","ping_status":"open","sticky":false,"template":"","format":"standard","meta":{"_acf_changed":false,"footnotes":""},"categories":[1],"tags":[],"class_list":["post-56620","post","type-post","status-publish","format-standard","has-post-thumbnail","hentry","category-pp-de-galicia"],"acf":[],"yoast_head":"<!-- This site is optimized with the Yoast SEO plugin v27.3 - https:\/\/yoast.com\/product\/yoast-seo-wordpress\/ -->\n<title>O Grupo Popular insiste en que o Goberno de Espa\u00f1a cumpra o seu compromiso e aporte os 281 mill\u00f3ns que anunciou para Santiago - PP de Galicia<\/title>\n<meta name=\"robots\" content=\"index, follow, max-snippet:-1, max-image-preview:large, max-video-preview:-1\" \/>\n<link rel=\"canonical\" href=\"https:\/\/ppdegalicia.com\/es\/o-grupo-popular-insiste-en-que-o-goberno-de-espana-cumpra-o-seu-compromiso-e-aporte-os-281-millons-que-anunciou-para-santiago\/\" \/>\n<meta property=\"og:locale\" content=\"es_ES\" \/>\n<meta property=\"og:type\" content=\"article\" \/>\n<meta property=\"og:title\" content=\"O Grupo Popular insiste en que o Goberno de Espa\u00f1a cumpra o seu compromiso e aporte os 281 mill\u00f3ns que anunciou para Santiago - PP de Galicia\" \/>\n<meta property=\"og:description\" content=\"Santiago, 19 de xaneiro de 2022.- O deputado do Grupo Popular Jos\u00e9 Lu\u00eds Ferro insistiu hoxe no Parlamento galego en que o Goberno de Espa\u00f1a \u201ccumpra o compromiso de realizar unha aportaci\u00f3n extraordinaria para Santiago de 281 mill\u00f3ns de euros, anunciado na \u00faltima reuni\u00f3n do Real Padroado e que non ten reflexo nos orzamentos para [&hellip;]\" \/>\n<meta property=\"og:url\" content=\"https:\/\/ppdegalicia.com\/es\/o-grupo-popular-insiste-en-que-o-goberno-de-espana-cumpra-o-seu-compromiso-e-aporte-os-281-millons-que-anunciou-para-santiago\/\" \/>\n<meta property=\"og:site_name\" content=\"PP de Galicia\" \/>\n<meta property=\"article:publisher\" content=\"https:\/\/www.instagram.com\/ppdegalicia\/\" \/>\n<meta property=\"article:published_time\" content=\"2022-01-19T10:26:58+00:00\" \/>\n<meta property=\"og:image\" content=\"https:\/\/ppdegalicia.com\/wp-content\/uploads\/2022\/01\/ac7f725f7b399b40d811c9174cfc499b.jpg\" \/>\n\t<meta property=\"og:image:width\" content=\"1900\" \/>\n\t<meta property=\"og:image:height\" content=\"1160\" \/>\n\t<meta property=\"og:image:type\" content=\"image\/jpeg\" \/>\n<meta name=\"author\" content=\"ppdegaliciaredes\" \/>\n<meta name=\"twitter:card\" content=\"summary_large_image\" \/>\n<meta name=\"twitter:creator\" content=\"@ppdegalicia\" \/>\n<meta name=\"twitter:site\" content=\"@ppdegalicia\" \/>\n<meta name=\"twitter:label1\" content=\"Escrito por\" \/>\n\t<meta name=\"twitter:data1\" content=\"ppdegaliciaredes\" \/>\n\t<meta name=\"twitter:label2\" content=\"Tiempo de lectura\" \/>\n\t<meta name=\"twitter:data2\" content=\"2 minutos\" \/>\n<script type=\"application\/ld+json\" class=\"yoast-schema-graph\">{\"@context\":\"https:\\\/\\\/schema.org\",\"@graph\":[{\"@type\":\"Article\",\"@id\":\"https:\\\/\\\/ppdegalicia.com\\\/es\\\/o-grupo-popular-insiste-en-que-o-goberno-de-espana-cumpra-o-seu-compromiso-e-aporte-os-281-millons-que-anunciou-para-santiago\\\/#article\",\"isPartOf\":{\"@id\":\"https:\\\/\\\/ppdegalicia.com\\\/es\\\/o-grupo-popular-insiste-en-que-o-goberno-de-espana-cumpra-o-seu-compromiso-e-aporte-os-281-millons-que-anunciou-para-santiago\\\/\"},\"author\":{\"name\":\"ppdegaliciaredes\",\"@id\":\"https:\\\/\\\/ppdegalicia.com\\\/es\\\/#\\\/schema\\\/person\\\/5b822c6f59e872ebdd1142f307dbcb59\"},\"headline\":\"O Grupo Popular insiste en que o Goberno de Espa\u00f1a cumpra o seu compromiso e aporte os 281 mill\u00f3ns que anunciou para Santiago\",\"datePublished\":\"2022-01-19T10:26:58+00:00\",\"mainEntityOfPage\":{\"@id\":\"https:\\\/\\\/ppdegalicia.com\\\/es\\\/o-grupo-popular-insiste-en-que-o-goberno-de-espana-cumpra-o-seu-compromiso-e-aporte-os-281-millons-que-anunciou-para-santiago\\\/\"},\"wordCount\":370,\"commentCount\":0,\"publisher\":{\"@id\":\"https:\\\/\\\/ppdegalicia.com\\\/es\\\/#organization\"},\"image\":{\"@id\":\"https:\\\/\\\/ppdegalicia.com\\\/es\\\/o-grupo-popular-insiste-en-que-o-goberno-de-espana-cumpra-o-seu-compromiso-e-aporte-os-281-millons-que-anunciou-para-santiago\\\/#primaryimage\"},\"thumbnailUrl\":\"https:\\\/\\\/ppdegalicia.com\\\/wp-content\\\/uploads\\\/2022\\\/01\\\/ac7f725f7b399b40d811c9174cfc499b.jpg\",\"articleSection\":[\"PP de Galicia\"],\"inLanguage\":\"es\",\"potentialAction\":[{\"@type\":\"CommentAction\",\"name\":\"Comment\",\"target\":[\"https:\\\/\\\/ppdegalicia.com\\\/es\\\/o-grupo-popular-insiste-en-que-o-goberno-de-espana-cumpra-o-seu-compromiso-e-aporte-os-281-millons-que-anunciou-para-santiago\\\/#respond\"]}]},{\"@type\":\"WebPage\",\"@id\":\"https:\\\/\\\/ppdegalicia.com\\\/es\\\/o-grupo-popular-insiste-en-que-o-goberno-de-espana-cumpra-o-seu-compromiso-e-aporte-os-281-millons-que-anunciou-para-santiago\\\/\",\"url\":\"https:\\\/\\\/ppdegalicia.com\\\/es\\\/o-grupo-popular-insiste-en-que-o-goberno-de-espana-cumpra-o-seu-compromiso-e-aporte-os-281-millons-que-anunciou-para-santiago\\\/\",\"name\":\"O Grupo Popular insiste en que o Goberno de Espa\u00f1a cumpra o seu compromiso e aporte os 281 mill\u00f3ns que anunciou para Santiago - PP de Galicia\",\"isPartOf\":{\"@id\":\"https:\\\/\\\/ppdegalicia.com\\\/es\\\/#website\"},\"primaryImageOfPage\":{\"@id\":\"https:\\\/\\\/ppdegalicia.com\\\/es\\\/o-grupo-popular-insiste-en-que-o-goberno-de-espana-cumpra-o-seu-compromiso-e-aporte-os-281-millons-que-anunciou-para-santiago\\\/#primaryimage\"},\"image\":{\"@id\":\"https:\\\/\\\/ppdegalicia.com\\\/es\\\/o-grupo-popular-insiste-en-que-o-goberno-de-espana-cumpra-o-seu-compromiso-e-aporte-os-281-millons-que-anunciou-para-santiago\\\/#primaryimage\"},\"thumbnailUrl\":\"https:\\\/\\\/ppdegalicia.com\\\/wp-content\\\/uploads\\\/2022\\\/01\\\/ac7f725f7b399b40d811c9174cfc499b.jpg\",\"datePublished\":\"2022-01-19T10:26:58+00:00\",\"breadcrumb\":{\"@id\":\"https:\\\/\\\/ppdegalicia.com\\\/es\\\/o-grupo-popular-insiste-en-que-o-goberno-de-espana-cumpra-o-seu-compromiso-e-aporte-os-281-millons-que-anunciou-para-santiago\\\/#breadcrumb\"},\"inLanguage\":\"es\",\"potentialAction\":[{\"@type\":\"ReadAction\",\"target\":[\"https:\\\/\\\/ppdegalicia.com\\\/es\\\/o-grupo-popular-insiste-en-que-o-goberno-de-espana-cumpra-o-seu-compromiso-e-aporte-os-281-millons-que-anunciou-para-santiago\\\/\"]}]},{\"@type\":\"ImageObject\",\"inLanguage\":\"es\",\"@id\":\"https:\\\/\\\/ppdegalicia.com\\\/es\\\/o-grupo-popular-insiste-en-que-o-goberno-de-espana-cumpra-o-seu-compromiso-e-aporte-os-281-millons-que-anunciou-para-santiago\\\/#primaryimage\",\"url\":\"https:\\\/\\\/ppdegalicia.com\\\/wp-content\\\/uploads\\\/2022\\\/01\\\/ac7f725f7b399b40d811c9174cfc499b.jpg\",\"contentUrl\":\"https:\\\/\\\/ppdegalicia.com\\\/wp-content\\\/uploads\\\/2022\\\/01\\\/ac7f725f7b399b40d811c9174cfc499b.jpg\",\"width\":1900,\"height\":1160},{\"@type\":\"BreadcrumbList\",\"@id\":\"https:\\\/\\\/ppdegalicia.com\\\/es\\\/o-grupo-popular-insiste-en-que-o-goberno-de-espana-cumpra-o-seu-compromiso-e-aporte-os-281-millons-que-anunciou-para-santiago\\\/#breadcrumb\",\"itemListElement\":[{\"@type\":\"ListItem\",\"position\":1,\"name\":\"Portada\",\"item\":\"https:\\\/\\\/ppdegalicia.com\\\/es\\\/\"},{\"@type\":\"ListItem\",\"position\":2,\"name\":\"O Grupo Popular insiste en que o Goberno de Espa\u00f1a cumpra o seu compromiso e aporte os 281 mill\u00f3ns que anunciou para Santiago\"}]},{\"@type\":\"WebSite\",\"@id\":\"https:\\\/\\\/ppdegalicia.com\\\/es\\\/#website\",\"url\":\"https:\\\/\\\/ppdegalicia.com\\\/es\\\/\",\"name\":\"Partido Popular de Galicia\",\"description\":\"Partido Popular de Galicia\",\"publisher\":{\"@id\":\"https:\\\/\\\/ppdegalicia.com\\\/es\\\/#organization\"},\"alternateName\":\"PP de Galicia\",\"potentialAction\":[{\"@type\":\"SearchAction\",\"target\":{\"@type\":\"EntryPoint\",\"urlTemplate\":\"https:\\\/\\\/ppdegalicia.com\\\/es\\\/?s={search_term_string}\"},\"query-input\":{\"@type\":\"PropertyValueSpecification\",\"valueRequired\":true,\"valueName\":\"search_term_string\"}}],\"inLanguage\":\"es\"},{\"@type\":\"Organization\",\"@id\":\"https:\\\/\\\/ppdegalicia.com\\\/es\\\/#organization\",\"name\":\"Partido Popular de Galicia\",\"alternateName\":\"PP de Galicia\",\"url\":\"https:\\\/\\\/ppdegalicia.com\\\/es\\\/\",\"logo\":{\"@type\":\"ImageObject\",\"inLanguage\":\"es\",\"@id\":\"https:\\\/\\\/ppdegalicia.com\\\/es\\\/#\\\/schema\\\/logo\\\/image\\\/\",\"url\":\"https:\\\/\\\/ppdegalicia.com\\\/wp-content\\\/uploads\\\/2023\\\/04\\\/logoPP512.png\",\"contentUrl\":\"https:\\\/\\\/ppdegalicia.com\\\/wp-content\\\/uploads\\\/2023\\\/04\\\/logoPP512.png\",\"width\":512,\"height\":512,\"caption\":\"Partido Popular de Galicia\"},\"image\":{\"@id\":\"https:\\\/\\\/ppdegalicia.com\\\/es\\\/#\\\/schema\\\/logo\\\/image\\\/\"},\"sameAs\":[\"https:\\\/\\\/www.instagram.com\\\/ppdegalicia\\\/\",\"https:\\\/\\\/x.com\\\/ppdegalicia\",\"https:\\\/\\\/www.tiktok.com\\\/@ppdegalicia\",\"https:\\\/\\\/www.youtube.com\\\/user\\\/ppdegalicia\"]},{\"@type\":\"Person\",\"@id\":\"https:\\\/\\\/ppdegalicia.com\\\/es\\\/#\\\/schema\\\/person\\\/5b822c6f59e872ebdd1142f307dbcb59\",\"name\":\"ppdegaliciaredes\",\"image\":{\"@type\":\"ImageObject\",\"inLanguage\":\"es\",\"@id\":\"https:\\\/\\\/secure.gravatar.com\\\/avatar\\\/3c9179cf0256d00c72a48d1f25783c58b6842cd56e85ef3a572881c8e28ccd59?s=96&d=mm&r=g\",\"url\":\"https:\\\/\\\/secure.gravatar.com\\\/avatar\\\/3c9179cf0256d00c72a48d1f25783c58b6842cd56e85ef3a572881c8e28ccd59?s=96&d=mm&r=g\",\"contentUrl\":\"https:\\\/\\\/secure.gravatar.com\\\/avatar\\\/3c9179cf0256d00c72a48d1f25783c58b6842cd56e85ef3a572881c8e28ccd59?s=96&d=mm&r=g\",\"caption\":\"ppdegaliciaredes\"},\"url\":\"https:\\\/\\\/ppdegalicia.com\\\/es\\\/author\\\/ppdegaliciaredes\\\/\"}]}<\/script>\n<!-- \/ Yoast SEO plugin. -->","yoast_head_json":{"title":"O Grupo Popular insiste en que o Goberno de Espa\u00f1a cumpra o seu compromiso e aporte os 281 mill\u00f3ns que anunciou para Santiago - PP de Galicia","robots":{"index":"index","follow":"follow","max-snippet":"max-snippet:-1","max-image-preview":"max-image-preview:large","max-video-preview":"max-video-preview:-1"},"canonical":"https:\/\/ppdegalicia.com\/es\/o-grupo-popular-insiste-en-que-o-goberno-de-espana-cumpra-o-seu-compromiso-e-aporte-os-281-millons-que-anunciou-para-santiago\/","og_locale":"es_ES","og_type":"article","og_title":"O Grupo Popular insiste en que o Goberno de Espa\u00f1a cumpra o seu compromiso e aporte os 281 mill\u00f3ns que anunciou para Santiago - PP de Galicia","og_description":"Santiago, 19 de xaneiro de 2022.- O deputado do Grupo Popular Jos\u00e9 Lu\u00eds Ferro insistiu hoxe no Parlamento galego en que o Goberno de Espa\u00f1a \u201ccumpra o compromiso de realizar unha aportaci\u00f3n extraordinaria para Santiago de 281 mill\u00f3ns de euros, anunciado na \u00faltima reuni\u00f3n do Real Padroado e que non ten reflexo nos orzamentos para [&hellip;]","og_url":"https:\/\/ppdegalicia.com\/es\/o-grupo-popular-insiste-en-que-o-goberno-de-espana-cumpra-o-seu-compromiso-e-aporte-os-281-millons-que-anunciou-para-santiago\/","og_site_name":"PP de Galicia","article_publisher":"https:\/\/www.instagram.com\/ppdegalicia\/","article_published_time":"2022-01-19T10:26:58+00:00","og_image":[{"width":1900,"height":1160,"url":"https:\/\/ppdegalicia.com\/wp-content\/uploads\/2022\/01\/ac7f725f7b399b40d811c9174cfc499b.jpg","type":"image\/jpeg"}],"author":"ppdegaliciaredes","twitter_card":"summary_large_image","twitter_creator":"@ppdegalicia","twitter_site":"@ppdegalicia","twitter_misc":{"Escrito por":"ppdegaliciaredes","Tiempo de lectura":"2 minutos"},"schema":{"@context":"https:\/\/schema.org","@graph":[{"@type":"Article","@id":"https:\/\/ppdegalicia.com\/es\/o-grupo-popular-insiste-en-que-o-goberno-de-espana-cumpra-o-seu-compromiso-e-aporte-os-281-millons-que-anunciou-para-santiago\/#article","isPartOf":{"@id":"https:\/\/ppdegalicia.com\/es\/o-grupo-popular-insiste-en-que-o-goberno-de-espana-cumpra-o-seu-compromiso-e-aporte-os-281-millons-que-anunciou-para-santiago\/"},"author":{"name":"ppdegaliciaredes","@id":"https:\/\/ppdegalicia.com\/es\/#\/schema\/person\/5b822c6f59e872ebdd1142f307dbcb59"},"headline":"O Grupo Popular insiste en que o Goberno de Espa\u00f1a cumpra o seu compromiso e aporte os 281 mill\u00f3ns que anunciou para Santiago","datePublished":"2022-01-19T10:26:58+00:00","mainEntityOfPage":{"@id":"https:\/\/ppdegalicia.com\/es\/o-grupo-popular-insiste-en-que-o-goberno-de-espana-cumpra-o-seu-compromiso-e-aporte-os-281-millons-que-anunciou-para-santiago\/"},"wordCount":370,"commentCount":0,"publisher":{"@id":"https:\/\/ppdegalicia.com\/es\/#organization"},"image":{"@id":"https:\/\/ppdegalicia.com\/es\/o-grupo-popular-insiste-en-que-o-goberno-de-espana-cumpra-o-seu-compromiso-e-aporte-os-281-millons-que-anunciou-para-santiago\/#primaryimage"},"thumbnailUrl":"https:\/\/ppdegalicia.com\/wp-content\/uploads\/2022\/01\/ac7f725f7b399b40d811c9174cfc499b.jpg","articleSection":["PP de Galicia"],"inLanguage":"es","potentialAction":[{"@type":"CommentAction","name":"Comment","target":["https:\/\/ppdegalicia.com\/es\/o-grupo-popular-insiste-en-que-o-goberno-de-espana-cumpra-o-seu-compromiso-e-aporte-os-281-millons-que-anunciou-para-santiago\/#respond"]}]},{"@type":"WebPage","@id":"https:\/\/ppdegalicia.com\/es\/o-grupo-popular-insiste-en-que-o-goberno-de-espana-cumpra-o-seu-compromiso-e-aporte-os-281-millons-que-anunciou-para-santiago\/","url":"https:\/\/ppdegalicia.com\/es\/o-grupo-popular-insiste-en-que-o-goberno-de-espana-cumpra-o-seu-compromiso-e-aporte-os-281-millons-que-anunciou-para-santiago\/","name":"O Grupo Popular insiste en que o Goberno de Espa\u00f1a cumpra o seu compromiso e aporte os 281 mill\u00f3ns que anunciou para Santiago - PP de Galicia","isPartOf":{"@id":"https:\/\/ppdegalicia.com\/es\/#website"},"primaryImageOfPage":{"@id":"https:\/\/ppdegalicia.com\/es\/o-grupo-popular-insiste-en-que-o-goberno-de-espana-cumpra-o-seu-compromiso-e-aporte-os-281-millons-que-anunciou-para-santiago\/#primaryimage"},"image":{"@id":"https:\/\/ppdegalicia.com\/es\/o-grupo-popular-insiste-en-que-o-goberno-de-espana-cumpra-o-seu-compromiso-e-aporte-os-281-millons-que-anunciou-para-santiago\/#primaryimage"},"thumbnailUrl":"https:\/\/ppdegalicia.com\/wp-content\/uploads\/2022\/01\/ac7f725f7b399b40d811c9174cfc499b.jpg","datePublished":"2022-01-19T10:26:58+00:00","breadcrumb":{"@id":"https:\/\/ppdegalicia.com\/es\/o-grupo-popular-insiste-en-que-o-goberno-de-espana-cumpra-o-seu-compromiso-e-aporte-os-281-millons-que-anunciou-para-santiago\/#breadcrumb"},"inLanguage":"es","potentialAction":[{"@type":"ReadAction","target":["https:\/\/ppdegalicia.com\/es\/o-grupo-popular-insiste-en-que-o-goberno-de-espana-cumpra-o-seu-compromiso-e-aporte-os-281-millons-que-anunciou-para-santiago\/"]}]},{"@type":"ImageObject","inLanguage":"es","@id":"https:\/\/ppdegalicia.com\/es\/o-grupo-popular-insiste-en-que-o-goberno-de-espana-cumpra-o-seu-compromiso-e-aporte-os-281-millons-que-anunciou-para-santiago\/#primaryimage","url":"https:\/\/ppdegalicia.com\/wp-content\/uploads\/2022\/01\/ac7f725f7b399b40d811c9174cfc499b.jpg","contentUrl":"https:\/\/ppdegalicia.com\/wp-content\/uploads\/2022\/01\/ac7f725f7b399b40d811c9174cfc499b.jpg","width":1900,"height":1160},{"@type":"BreadcrumbList","@id":"https:\/\/ppdegalicia.com\/es\/o-grupo-popular-insiste-en-que-o-goberno-de-espana-cumpra-o-seu-compromiso-e-aporte-os-281-millons-que-anunciou-para-santiago\/#breadcrumb","itemListElement":[{"@type":"ListItem","position":1,"name":"Portada","item":"https:\/\/ppdegalicia.com\/es\/"},{"@type":"ListItem","position":2,"name":"O Grupo Popular insiste en que o Goberno de Espa\u00f1a cumpra o seu compromiso e aporte os 281 mill\u00f3ns que anunciou para Santiago"}]},{"@type":"WebSite","@id":"https:\/\/ppdegalicia.com\/es\/#website","url":"https:\/\/ppdegalicia.com\/es\/","name":"Partido Popular de Galicia","description":"Partido Popular de Galicia","publisher":{"@id":"https:\/\/ppdegalicia.com\/es\/#organization"},"alternateName":"PP de Galicia","potentialAction":[{"@type":"SearchAction","target":{"@type":"EntryPoint","urlTemplate":"https:\/\/ppdegalicia.com\/es\/?s={search_term_string}"},"query-input":{"@type":"PropertyValueSpecification","valueRequired":true,"valueName":"search_term_string"}}],"inLanguage":"es"},{"@type":"Organization","@id":"https:\/\/ppdegalicia.com\/es\/#organization","name":"Partido Popular de Galicia","alternateName":"PP de Galicia","url":"https:\/\/ppdegalicia.com\/es\/","logo":{"@type":"ImageObject","inLanguage":"es","@id":"https:\/\/ppdegalicia.com\/es\/#\/schema\/logo\/image\/","url":"https:\/\/ppdegalicia.com\/wp-content\/uploads\/2023\/04\/logoPP512.png","contentUrl":"https:\/\/ppdegalicia.com\/wp-content\/uploads\/2023\/04\/logoPP512.png","width":512,"height":512,"caption":"Partido Popular de Galicia"},"image":{"@id":"https:\/\/ppdegalicia.com\/es\/#\/schema\/logo\/image\/"},"sameAs":["https:\/\/www.instagram.com\/ppdegalicia\/","https:\/\/x.com\/ppdegalicia","https:\/\/www.tiktok.com\/@ppdegalicia","https:\/\/www.youtube.com\/user\/ppdegalicia"]},{"@type":"Person","@id":"https:\/\/ppdegalicia.com\/es\/#\/schema\/person\/5b822c6f59e872ebdd1142f307dbcb59","name":"ppdegaliciaredes","image":{"@type":"ImageObject","inLanguage":"es","@id":"https:\/\/secure.gravatar.com\/avatar\/3c9179cf0256d00c72a48d1f25783c58b6842cd56e85ef3a572881c8e28ccd59?s=96&d=mm&r=g","url":"https:\/\/secure.gravatar.com\/avatar\/3c9179cf0256d00c72a48d1f25783c58b6842cd56e85ef3a572881c8e28ccd59?s=96&d=mm&r=g","contentUrl":"https:\/\/secure.gravatar.com\/avatar\/3c9179cf0256d00c72a48d1f25783c58b6842cd56e85ef3a572881c8e28ccd59?s=96&d=mm&r=g","caption":"ppdegaliciaredes"},"url":"https:\/\/ppdegalicia.com\/es\/author\/ppdegaliciaredes\/"}]}},"_links":{"self":[{"href":"https:\/\/ppdegalicia.com\/es\/wp-json\/wp\/v2\/posts\/56620","targetHints":{"allow":["GET"]}}],"collection":[{"href":"https:\/\/ppdegalicia.com\/es\/wp-json\/wp\/v2\/posts"}],"about":[{"href":"https:\/\/ppdegalicia.com\/es\/wp-json\/wp\/v2\/types\/post"}],"author":[{"embeddable":true,"href":"https:\/\/ppdegalicia.com\/es\/wp-json\/wp\/v2\/users\/38"}],"replies":[{"embeddable":true,"href":"https:\/\/ppdegalicia.com\/es\/wp-json\/wp\/v2\/comments?post=56620"}],"version-history":[{"count":0,"href":"https:\/\/ppdegalicia.com\/es\/wp-json\/wp\/v2\/posts\/56620\/revisions"}],"wp:featuredmedia":[{"embeddable":true,"href":"https:\/\/ppdegalicia.com\/es\/wp-json\/wp\/v2\/media\/56619"}],"wp:attachment":[{"href":"https:\/\/ppdegalicia.com\/es\/wp-json\/wp\/v2\/media?parent=56620"}],"wp:term":[{"taxonomy":"category","embeddable":true,"href":"https:\/\/ppdegalicia.com\/es\/wp-json\/wp\/v2\/categories?post=56620"},{"taxonomy":"post_tag","embeddable":true,"href":"https:\/\/ppdegalicia.com\/es\/wp-json\/wp\/v2\/tags?post=56620"}],"curies":[{"name":"wp","href":"https:\/\/api.w.org\/{rel}","templated":true}]}}