{"id":56662,"date":"2022-02-01T08:26:47","date_gmt":"2022-02-01T06:26:47","guid":{"rendered":"https:\/\/ppdegalicia.com\/pedro-puy-cualifica-de-torticeiro-e-curioso-o-uso-que-fai-o-goberno-central-dos-recursos-que-recibe-galicia\/"},"modified":"2022-02-01T08:26:47","modified_gmt":"2022-02-01T06:26:47","slug":"pedro-puy-cualifica-de-torticeiro-e-curioso-o-uso-que-fai-o-goberno-central-dos-recursos-que-recibe-galicia","status":"publish","type":"post","link":"https:\/\/ppdegalicia.com\/es\/pedro-puy-cualifica-de-torticeiro-e-curioso-o-uso-que-fai-o-goberno-central-dos-recursos-que-recibe-galicia\/","title":{"rendered":"Pedro Puy cualifica de \u201ctorticeiro e curioso\u201d o uso que fai o Goberno central dos recursos que recibe Galicia"},"content":{"rendered":"<p><img fetchpriority=\"high\" decoding=\"async\" class=\" size-full wp-image-56661\" src=\"https:\/\/ppdegalicia.com\/wp-content\/uploads\/2022\/02\/b99d658275ac3f1fcfc9f4349db886ce.jpg\" alt=\"\" width=\"1900\" height=\"1267\" srcset=\"https:\/\/ppdegalicia.com\/wp-content\/uploads\/2022\/02\/b99d658275ac3f1fcfc9f4349db886ce.jpg 1900w, https:\/\/ppdegalicia.com\/wp-content\/uploads\/2022\/02\/b99d658275ac3f1fcfc9f4349db886ce-300x200.jpg 300w, https:\/\/ppdegalicia.com\/wp-content\/uploads\/2022\/02\/b99d658275ac3f1fcfc9f4349db886ce-1024x683.jpg 1024w\" sizes=\"(max-width: 1900px) 100vw, 1900px\" \/><\/p>\n<p>Santiago, 31 de xaneiro de 2022.- O portavoz do Grupo Popular, Pedro Puy, criticou hoxe o \u201cuso torticeiro e curioso que fai o Goberno de Espa\u00f1a dos recursos que recibe a Comunidade galega\u201d, como \u00e9 a devoluci\u00f3n da mensualidade do IVE de 2017 consecuencia da sentenza do Tribunal Supremo ou as habituais entregas a conta \u00e1s comunidades que figuran na Lei de financiamento auton\u00f3mico.<\/p>\n<p><!--more--><\/p>\n<p>Fronte a isto, lamentou que o Goberno de Pedro S\u00e1nchez \u201csiga sen aportar o 50 por cento da Lei de dependencia, que a nivel de Galicia sup\u00f3n 150 mill\u00f3ns de euros cada ano que ten que desembolsar a Xunta para facer fronte aos gastos de atenci\u00f3n as dependentes galegos\u201d.<\/p>\n<p>\u00a0<\/p>\n<p>Pedro Puy manifestou que \u201cch\u00e1manos poderosamente a atenci\u00f3n que o Goberno central presente a devoluci\u00f3n da mensualidade do IVE que as comunidades deixaron de percibir en 2017 como unha cuesti\u00f3n que non ten nada que ver co feito de que Galicia ou Castela e Le\u00f3n recorresen as entregas a conta dese ano e fose o Tribunal Supremo o que obrigase a adoptar esa soluci\u00f3n, que despois foi estendida \u00e1s demais comunidades aut\u00f3nomas como consecuencia da resoluci\u00f3n xudicial\u201d.<\/p>\n<p>\u00a0<\/p>\n<p>Ademais, criticou que \u201cse venda como un acto extraordinario o pago das entregas a conta previstas na Lei de financiamento auton\u00f3mico, algo que se ven facendo de xeito obrigado por parte da Administraci\u00f3n do Estado \u00e1s comunidades aut\u00f3nomas ao longo das \u00faltimas d\u00e9cadas\u201d. Pedro Puy explicou que \u201cfalamos dunha cuesti\u00f3n propia do cumprimento da lei e que se corresponde co pago das entregas a conta do recadado en Galicia a trav\u00e9s dos impostos que a propia Administraci\u00f3n Xeral do Estado recada nesta comunidade aut\u00f3noma\u201d.<\/p>\n<p>\u00a0<\/p>\n<p><strong>CUMPRIMENTO LEI DE DEPENDENCIA<\/strong><\/p>\n<p>\u00a0<\/p>\n<p>Por\u00e9n, o portavoz popular lamentou que \u201coutras cuesti\u00f3ns que o Goberno de Espa\u00f1a ti\u00f1a que financiar, como a lei de dependencia, a Xunta segue asumindo practicamente o 70 por cento do gasto, cando deber\u00eda ser do 50 por cento para cada administraci\u00f3n\u201d como se recolle na lexislaci\u00f3n aprobada polo Goberno de Zapatero en 2006.<\/p>\n<p>\u00a0<\/p>\n<p>Puy lembrou que a atenci\u00f3n \u00e1 dependencia sup\u00f3n cada ano arredor de 430 mill\u00f3ns de euros, dos que a Xunta est\u00e1 a aportar 290 mill\u00f3ns de euros, o que representa arredor do 70 por cento. \u201cIsto sup\u00f3n que o Goberno central deixa de aportar 150 mill\u00f3ns cada ano para a atenci\u00f3n \u00e1 dependencia en Galicia\u201d, concretou.<\/p>\n<p>\u00a0<\/p>\n<p>A pesar desta situaci\u00f3n de falta de apoio por parte do Goberno central, destacou que a Xunta \u201cest\u00e1 cumprindo e na actualidade son m\u00e1is de 65.000 dependentes atendidos en Galicia, 50.000 m\u00e1is que en 2009\u201d, ao que se suman m\u00e1is de 7.000 prazas en residencias de maiores e m\u00e1is de 5.500 prazas de atenci\u00f3n residencial a persoas con discapacidade.<\/p>\n","protected":false},"excerpt":{"rendered":"<p>Santiago, 31 de xaneiro de 2022.- O portavoz do Grupo Popular, Pedro Puy, criticou hoxe o \u201cuso torticeiro e curioso que fai o Goberno de Espa\u00f1a dos recursos que recibe a Comunidade galega\u201d, como \u00e9 a devoluci\u00f3n da mensualidade do IVE de 2017 consecuencia da sentenza do Tribunal Supremo ou as habituais entregas a conta [&hellip;]<\/p>\n","protected":false},"author":38,"featured_media":56661,"comment_status":"open","ping_status":"open","sticky":false,"template":"","format":"standard","meta":{"_acf_changed":false,"footnotes":""},"categories":[1],"tags":[],"class_list":["post-56662","post","type-post","status-publish","format-standard","has-post-thumbnail","hentry","category-pp-de-galicia"],"acf":[],"yoast_head":"<!-- This site is optimized with the Yoast SEO plugin v27.3 - https:\/\/yoast.com\/product\/yoast-seo-wordpress\/ -->\n<title>Pedro Puy cualifica de \u201ctorticeiro e curioso\u201d o uso que fai o Goberno central dos recursos que recibe Galicia - PP de Galicia<\/title>\n<meta name=\"robots\" content=\"index, follow, max-snippet:-1, max-image-preview:large, max-video-preview:-1\" \/>\n<link rel=\"canonical\" href=\"https:\/\/ppdegalicia.com\/es\/pedro-puy-cualifica-de-torticeiro-e-curioso-o-uso-que-fai-o-goberno-central-dos-recursos-que-recibe-galicia\/\" \/>\n<meta property=\"og:locale\" content=\"es_ES\" \/>\n<meta property=\"og:type\" content=\"article\" \/>\n<meta property=\"og:title\" content=\"Pedro Puy cualifica de \u201ctorticeiro e curioso\u201d o uso que fai o Goberno central dos recursos que recibe Galicia - PP de Galicia\" \/>\n<meta property=\"og:description\" content=\"Santiago, 31 de xaneiro de 2022.- O portavoz do Grupo Popular, Pedro Puy, criticou hoxe o \u201cuso torticeiro e curioso que fai o Goberno de Espa\u00f1a dos recursos que recibe a Comunidade galega\u201d, como \u00e9 a devoluci\u00f3n da mensualidade do IVE de 2017 consecuencia da sentenza do Tribunal Supremo ou as habituais entregas a conta [&hellip;]\" \/>\n<meta property=\"og:url\" content=\"https:\/\/ppdegalicia.com\/es\/pedro-puy-cualifica-de-torticeiro-e-curioso-o-uso-que-fai-o-goberno-central-dos-recursos-que-recibe-galicia\/\" \/>\n<meta property=\"og:site_name\" content=\"PP de Galicia\" \/>\n<meta property=\"article:publisher\" content=\"https:\/\/www.instagram.com\/ppdegalicia\/\" \/>\n<meta property=\"article:published_time\" content=\"2022-02-01T06:26:47+00:00\" \/>\n<meta property=\"og:image\" content=\"https:\/\/ppdegalicia.com\/wp-content\/uploads\/2022\/02\/b99d658275ac3f1fcfc9f4349db886ce.jpg\" \/>\n\t<meta property=\"og:image:width\" content=\"1900\" \/>\n\t<meta property=\"og:image:height\" content=\"1267\" \/>\n\t<meta property=\"og:image:type\" content=\"image\/jpeg\" \/>\n<meta name=\"author\" content=\"ppdegaliciaredes\" \/>\n<meta name=\"twitter:card\" content=\"summary_large_image\" \/>\n<meta name=\"twitter:creator\" content=\"@ppdegalicia\" \/>\n<meta name=\"twitter:site\" content=\"@ppdegalicia\" \/>\n<meta name=\"twitter:label1\" content=\"Escrito por\" \/>\n\t<meta name=\"twitter:data1\" content=\"ppdegaliciaredes\" \/>\n\t<meta name=\"twitter:label2\" content=\"Tiempo de lectura\" \/>\n\t<meta name=\"twitter:data2\" content=\"2 minutos\" \/>\n<script type=\"application\/ld+json\" class=\"yoast-schema-graph\">{\"@context\":\"https:\\\/\\\/schema.org\",\"@graph\":[{\"@type\":\"Article\",\"@id\":\"https:\\\/\\\/ppdegalicia.com\\\/es\\\/pedro-puy-cualifica-de-torticeiro-e-curioso-o-uso-que-fai-o-goberno-central-dos-recursos-que-recibe-galicia\\\/#article\",\"isPartOf\":{\"@id\":\"https:\\\/\\\/ppdegalicia.com\\\/es\\\/pedro-puy-cualifica-de-torticeiro-e-curioso-o-uso-que-fai-o-goberno-central-dos-recursos-que-recibe-galicia\\\/\"},\"author\":{\"name\":\"ppdegaliciaredes\",\"@id\":\"https:\\\/\\\/ppdegalicia.com\\\/es\\\/#\\\/schema\\\/person\\\/5b822c6f59e872ebdd1142f307dbcb59\"},\"headline\":\"Pedro Puy cualifica de \u201ctorticeiro e curioso\u201d o uso que fai o Goberno central dos recursos que recibe Galicia\",\"datePublished\":\"2022-02-01T06:26:47+00:00\",\"mainEntityOfPage\":{\"@id\":\"https:\\\/\\\/ppdegalicia.com\\\/es\\\/pedro-puy-cualifica-de-torticeiro-e-curioso-o-uso-que-fai-o-goberno-central-dos-recursos-que-recibe-galicia\\\/\"},\"wordCount\":489,\"commentCount\":0,\"publisher\":{\"@id\":\"https:\\\/\\\/ppdegalicia.com\\\/es\\\/#organization\"},\"image\":{\"@id\":\"https:\\\/\\\/ppdegalicia.com\\\/es\\\/pedro-puy-cualifica-de-torticeiro-e-curioso-o-uso-que-fai-o-goberno-central-dos-recursos-que-recibe-galicia\\\/#primaryimage\"},\"thumbnailUrl\":\"https:\\\/\\\/ppdegalicia.com\\\/wp-content\\\/uploads\\\/2022\\\/02\\\/b99d658275ac3f1fcfc9f4349db886ce.jpg\",\"articleSection\":[\"PP de Galicia\"],\"inLanguage\":\"es\",\"potentialAction\":[{\"@type\":\"CommentAction\",\"name\":\"Comment\",\"target\":[\"https:\\\/\\\/ppdegalicia.com\\\/es\\\/pedro-puy-cualifica-de-torticeiro-e-curioso-o-uso-que-fai-o-goberno-central-dos-recursos-que-recibe-galicia\\\/#respond\"]}]},{\"@type\":\"WebPage\",\"@id\":\"https:\\\/\\\/ppdegalicia.com\\\/es\\\/pedro-puy-cualifica-de-torticeiro-e-curioso-o-uso-que-fai-o-goberno-central-dos-recursos-que-recibe-galicia\\\/\",\"url\":\"https:\\\/\\\/ppdegalicia.com\\\/es\\\/pedro-puy-cualifica-de-torticeiro-e-curioso-o-uso-que-fai-o-goberno-central-dos-recursos-que-recibe-galicia\\\/\",\"name\":\"Pedro Puy cualifica de \u201ctorticeiro e curioso\u201d o uso que fai o Goberno central dos recursos que recibe Galicia - PP de Galicia\",\"isPartOf\":{\"@id\":\"https:\\\/\\\/ppdegalicia.com\\\/es\\\/#website\"},\"primaryImageOfPage\":{\"@id\":\"https:\\\/\\\/ppdegalicia.com\\\/es\\\/pedro-puy-cualifica-de-torticeiro-e-curioso-o-uso-que-fai-o-goberno-central-dos-recursos-que-recibe-galicia\\\/#primaryimage\"},\"image\":{\"@id\":\"https:\\\/\\\/ppdegalicia.com\\\/es\\\/pedro-puy-cualifica-de-torticeiro-e-curioso-o-uso-que-fai-o-goberno-central-dos-recursos-que-recibe-galicia\\\/#primaryimage\"},\"thumbnailUrl\":\"https:\\\/\\\/ppdegalicia.com\\\/wp-content\\\/uploads\\\/2022\\\/02\\\/b99d658275ac3f1fcfc9f4349db886ce.jpg\",\"datePublished\":\"2022-02-01T06:26:47+00:00\",\"breadcrumb\":{\"@id\":\"https:\\\/\\\/ppdegalicia.com\\\/es\\\/pedro-puy-cualifica-de-torticeiro-e-curioso-o-uso-que-fai-o-goberno-central-dos-recursos-que-recibe-galicia\\\/#breadcrumb\"},\"inLanguage\":\"es\",\"potentialAction\":[{\"@type\":\"ReadAction\",\"target\":[\"https:\\\/\\\/ppdegalicia.com\\\/es\\\/pedro-puy-cualifica-de-torticeiro-e-curioso-o-uso-que-fai-o-goberno-central-dos-recursos-que-recibe-galicia\\\/\"]}]},{\"@type\":\"ImageObject\",\"inLanguage\":\"es\",\"@id\":\"https:\\\/\\\/ppdegalicia.com\\\/es\\\/pedro-puy-cualifica-de-torticeiro-e-curioso-o-uso-que-fai-o-goberno-central-dos-recursos-que-recibe-galicia\\\/#primaryimage\",\"url\":\"https:\\\/\\\/ppdegalicia.com\\\/wp-content\\\/uploads\\\/2022\\\/02\\\/b99d658275ac3f1fcfc9f4349db886ce.jpg\",\"contentUrl\":\"https:\\\/\\\/ppdegalicia.com\\\/wp-content\\\/uploads\\\/2022\\\/02\\\/b99d658275ac3f1fcfc9f4349db886ce.jpg\",\"width\":1900,\"height\":1267},{\"@type\":\"BreadcrumbList\",\"@id\":\"https:\\\/\\\/ppdegalicia.com\\\/es\\\/pedro-puy-cualifica-de-torticeiro-e-curioso-o-uso-que-fai-o-goberno-central-dos-recursos-que-recibe-galicia\\\/#breadcrumb\",\"itemListElement\":[{\"@type\":\"ListItem\",\"position\":1,\"name\":\"Portada\",\"item\":\"https:\\\/\\\/ppdegalicia.com\\\/es\\\/\"},{\"@type\":\"ListItem\",\"position\":2,\"name\":\"Pedro Puy cualifica de \u201ctorticeiro e curioso\u201d o uso que fai o Goberno central dos recursos que recibe Galicia\"}]},{\"@type\":\"WebSite\",\"@id\":\"https:\\\/\\\/ppdegalicia.com\\\/es\\\/#website\",\"url\":\"https:\\\/\\\/ppdegalicia.com\\\/es\\\/\",\"name\":\"Partido Popular de Galicia\",\"description\":\"Partido Popular de Galicia\",\"publisher\":{\"@id\":\"https:\\\/\\\/ppdegalicia.com\\\/es\\\/#organization\"},\"alternateName\":\"PP de Galicia\",\"potentialAction\":[{\"@type\":\"SearchAction\",\"target\":{\"@type\":\"EntryPoint\",\"urlTemplate\":\"https:\\\/\\\/ppdegalicia.com\\\/es\\\/?s={search_term_string}\"},\"query-input\":{\"@type\":\"PropertyValueSpecification\",\"valueRequired\":true,\"valueName\":\"search_term_string\"}}],\"inLanguage\":\"es\"},{\"@type\":\"Organization\",\"@id\":\"https:\\\/\\\/ppdegalicia.com\\\/es\\\/#organization\",\"name\":\"Partido Popular de Galicia\",\"alternateName\":\"PP de Galicia\",\"url\":\"https:\\\/\\\/ppdegalicia.com\\\/es\\\/\",\"logo\":{\"@type\":\"ImageObject\",\"inLanguage\":\"es\",\"@id\":\"https:\\\/\\\/ppdegalicia.com\\\/es\\\/#\\\/schema\\\/logo\\\/image\\\/\",\"url\":\"https:\\\/\\\/ppdegalicia.com\\\/wp-content\\\/uploads\\\/2023\\\/04\\\/logoPP512.png\",\"contentUrl\":\"https:\\\/\\\/ppdegalicia.com\\\/wp-content\\\/uploads\\\/2023\\\/04\\\/logoPP512.png\",\"width\":512,\"height\":512,\"caption\":\"Partido Popular de Galicia\"},\"image\":{\"@id\":\"https:\\\/\\\/ppdegalicia.com\\\/es\\\/#\\\/schema\\\/logo\\\/image\\\/\"},\"sameAs\":[\"https:\\\/\\\/www.instagram.com\\\/ppdegalicia\\\/\",\"https:\\\/\\\/x.com\\\/ppdegalicia\",\"https:\\\/\\\/www.tiktok.com\\\/@ppdegalicia\",\"https:\\\/\\\/www.youtube.com\\\/user\\\/ppdegalicia\"]},{\"@type\":\"Person\",\"@id\":\"https:\\\/\\\/ppdegalicia.com\\\/es\\\/#\\\/schema\\\/person\\\/5b822c6f59e872ebdd1142f307dbcb59\",\"name\":\"ppdegaliciaredes\",\"image\":{\"@type\":\"ImageObject\",\"inLanguage\":\"es\",\"@id\":\"https:\\\/\\\/secure.gravatar.com\\\/avatar\\\/3c9179cf0256d00c72a48d1f25783c58b6842cd56e85ef3a572881c8e28ccd59?s=96&d=mm&r=g\",\"url\":\"https:\\\/\\\/secure.gravatar.com\\\/avatar\\\/3c9179cf0256d00c72a48d1f25783c58b6842cd56e85ef3a572881c8e28ccd59?s=96&d=mm&r=g\",\"contentUrl\":\"https:\\\/\\\/secure.gravatar.com\\\/avatar\\\/3c9179cf0256d00c72a48d1f25783c58b6842cd56e85ef3a572881c8e28ccd59?s=96&d=mm&r=g\",\"caption\":\"ppdegaliciaredes\"},\"url\":\"https:\\\/\\\/ppdegalicia.com\\\/es\\\/author\\\/ppdegaliciaredes\\\/\"}]}<\/script>\n<!-- \/ Yoast SEO plugin. -->","yoast_head_json":{"title":"Pedro Puy cualifica de \u201ctorticeiro e curioso\u201d o uso que fai o Goberno central dos recursos que recibe Galicia - PP de Galicia","robots":{"index":"index","follow":"follow","max-snippet":"max-snippet:-1","max-image-preview":"max-image-preview:large","max-video-preview":"max-video-preview:-1"},"canonical":"https:\/\/ppdegalicia.com\/es\/pedro-puy-cualifica-de-torticeiro-e-curioso-o-uso-que-fai-o-goberno-central-dos-recursos-que-recibe-galicia\/","og_locale":"es_ES","og_type":"article","og_title":"Pedro Puy cualifica de \u201ctorticeiro e curioso\u201d o uso que fai o Goberno central dos recursos que recibe Galicia - PP de Galicia","og_description":"Santiago, 31 de xaneiro de 2022.- O portavoz do Grupo Popular, Pedro Puy, criticou hoxe o \u201cuso torticeiro e curioso que fai o Goberno de Espa\u00f1a dos recursos que recibe a Comunidade galega\u201d, como \u00e9 a devoluci\u00f3n da mensualidade do IVE de 2017 consecuencia da sentenza do Tribunal Supremo ou as habituais entregas a conta [&hellip;]","og_url":"https:\/\/ppdegalicia.com\/es\/pedro-puy-cualifica-de-torticeiro-e-curioso-o-uso-que-fai-o-goberno-central-dos-recursos-que-recibe-galicia\/","og_site_name":"PP de Galicia","article_publisher":"https:\/\/www.instagram.com\/ppdegalicia\/","article_published_time":"2022-02-01T06:26:47+00:00","og_image":[{"width":1900,"height":1267,"url":"https:\/\/ppdegalicia.com\/wp-content\/uploads\/2022\/02\/b99d658275ac3f1fcfc9f4349db886ce.jpg","type":"image\/jpeg"}],"author":"ppdegaliciaredes","twitter_card":"summary_large_image","twitter_creator":"@ppdegalicia","twitter_site":"@ppdegalicia","twitter_misc":{"Escrito por":"ppdegaliciaredes","Tiempo de lectura":"2 minutos"},"schema":{"@context":"https:\/\/schema.org","@graph":[{"@type":"Article","@id":"https:\/\/ppdegalicia.com\/es\/pedro-puy-cualifica-de-torticeiro-e-curioso-o-uso-que-fai-o-goberno-central-dos-recursos-que-recibe-galicia\/#article","isPartOf":{"@id":"https:\/\/ppdegalicia.com\/es\/pedro-puy-cualifica-de-torticeiro-e-curioso-o-uso-que-fai-o-goberno-central-dos-recursos-que-recibe-galicia\/"},"author":{"name":"ppdegaliciaredes","@id":"https:\/\/ppdegalicia.com\/es\/#\/schema\/person\/5b822c6f59e872ebdd1142f307dbcb59"},"headline":"Pedro Puy cualifica de \u201ctorticeiro e curioso\u201d o uso que fai o Goberno central dos recursos que recibe Galicia","datePublished":"2022-02-01T06:26:47+00:00","mainEntityOfPage":{"@id":"https:\/\/ppdegalicia.com\/es\/pedro-puy-cualifica-de-torticeiro-e-curioso-o-uso-que-fai-o-goberno-central-dos-recursos-que-recibe-galicia\/"},"wordCount":489,"commentCount":0,"publisher":{"@id":"https:\/\/ppdegalicia.com\/es\/#organization"},"image":{"@id":"https:\/\/ppdegalicia.com\/es\/pedro-puy-cualifica-de-torticeiro-e-curioso-o-uso-que-fai-o-goberno-central-dos-recursos-que-recibe-galicia\/#primaryimage"},"thumbnailUrl":"https:\/\/ppdegalicia.com\/wp-content\/uploads\/2022\/02\/b99d658275ac3f1fcfc9f4349db886ce.jpg","articleSection":["PP de Galicia"],"inLanguage":"es","potentialAction":[{"@type":"CommentAction","name":"Comment","target":["https:\/\/ppdegalicia.com\/es\/pedro-puy-cualifica-de-torticeiro-e-curioso-o-uso-que-fai-o-goberno-central-dos-recursos-que-recibe-galicia\/#respond"]}]},{"@type":"WebPage","@id":"https:\/\/ppdegalicia.com\/es\/pedro-puy-cualifica-de-torticeiro-e-curioso-o-uso-que-fai-o-goberno-central-dos-recursos-que-recibe-galicia\/","url":"https:\/\/ppdegalicia.com\/es\/pedro-puy-cualifica-de-torticeiro-e-curioso-o-uso-que-fai-o-goberno-central-dos-recursos-que-recibe-galicia\/","name":"Pedro Puy cualifica de \u201ctorticeiro e curioso\u201d o uso que fai o Goberno central dos recursos que recibe Galicia - PP de Galicia","isPartOf":{"@id":"https:\/\/ppdegalicia.com\/es\/#website"},"primaryImageOfPage":{"@id":"https:\/\/ppdegalicia.com\/es\/pedro-puy-cualifica-de-torticeiro-e-curioso-o-uso-que-fai-o-goberno-central-dos-recursos-que-recibe-galicia\/#primaryimage"},"image":{"@id":"https:\/\/ppdegalicia.com\/es\/pedro-puy-cualifica-de-torticeiro-e-curioso-o-uso-que-fai-o-goberno-central-dos-recursos-que-recibe-galicia\/#primaryimage"},"thumbnailUrl":"https:\/\/ppdegalicia.com\/wp-content\/uploads\/2022\/02\/b99d658275ac3f1fcfc9f4349db886ce.jpg","datePublished":"2022-02-01T06:26:47+00:00","breadcrumb":{"@id":"https:\/\/ppdegalicia.com\/es\/pedro-puy-cualifica-de-torticeiro-e-curioso-o-uso-que-fai-o-goberno-central-dos-recursos-que-recibe-galicia\/#breadcrumb"},"inLanguage":"es","potentialAction":[{"@type":"ReadAction","target":["https:\/\/ppdegalicia.com\/es\/pedro-puy-cualifica-de-torticeiro-e-curioso-o-uso-que-fai-o-goberno-central-dos-recursos-que-recibe-galicia\/"]}]},{"@type":"ImageObject","inLanguage":"es","@id":"https:\/\/ppdegalicia.com\/es\/pedro-puy-cualifica-de-torticeiro-e-curioso-o-uso-que-fai-o-goberno-central-dos-recursos-que-recibe-galicia\/#primaryimage","url":"https:\/\/ppdegalicia.com\/wp-content\/uploads\/2022\/02\/b99d658275ac3f1fcfc9f4349db886ce.jpg","contentUrl":"https:\/\/ppdegalicia.com\/wp-content\/uploads\/2022\/02\/b99d658275ac3f1fcfc9f4349db886ce.jpg","width":1900,"height":1267},{"@type":"BreadcrumbList","@id":"https:\/\/ppdegalicia.com\/es\/pedro-puy-cualifica-de-torticeiro-e-curioso-o-uso-que-fai-o-goberno-central-dos-recursos-que-recibe-galicia\/#breadcrumb","itemListElement":[{"@type":"ListItem","position":1,"name":"Portada","item":"https:\/\/ppdegalicia.com\/es\/"},{"@type":"ListItem","position":2,"name":"Pedro Puy cualifica de \u201ctorticeiro e curioso\u201d o uso que fai o Goberno central dos recursos que recibe Galicia"}]},{"@type":"WebSite","@id":"https:\/\/ppdegalicia.com\/es\/#website","url":"https:\/\/ppdegalicia.com\/es\/","name":"Partido Popular de Galicia","description":"Partido Popular de Galicia","publisher":{"@id":"https:\/\/ppdegalicia.com\/es\/#organization"},"alternateName":"PP de Galicia","potentialAction":[{"@type":"SearchAction","target":{"@type":"EntryPoint","urlTemplate":"https:\/\/ppdegalicia.com\/es\/?s={search_term_string}"},"query-input":{"@type":"PropertyValueSpecification","valueRequired":true,"valueName":"search_term_string"}}],"inLanguage":"es"},{"@type":"Organization","@id":"https:\/\/ppdegalicia.com\/es\/#organization","name":"Partido Popular de Galicia","alternateName":"PP de Galicia","url":"https:\/\/ppdegalicia.com\/es\/","logo":{"@type":"ImageObject","inLanguage":"es","@id":"https:\/\/ppdegalicia.com\/es\/#\/schema\/logo\/image\/","url":"https:\/\/ppdegalicia.com\/wp-content\/uploads\/2023\/04\/logoPP512.png","contentUrl":"https:\/\/ppdegalicia.com\/wp-content\/uploads\/2023\/04\/logoPP512.png","width":512,"height":512,"caption":"Partido Popular de Galicia"},"image":{"@id":"https:\/\/ppdegalicia.com\/es\/#\/schema\/logo\/image\/"},"sameAs":["https:\/\/www.instagram.com\/ppdegalicia\/","https:\/\/x.com\/ppdegalicia","https:\/\/www.tiktok.com\/@ppdegalicia","https:\/\/www.youtube.com\/user\/ppdegalicia"]},{"@type":"Person","@id":"https:\/\/ppdegalicia.com\/es\/#\/schema\/person\/5b822c6f59e872ebdd1142f307dbcb59","name":"ppdegaliciaredes","image":{"@type":"ImageObject","inLanguage":"es","@id":"https:\/\/secure.gravatar.com\/avatar\/3c9179cf0256d00c72a48d1f25783c58b6842cd56e85ef3a572881c8e28ccd59?s=96&d=mm&r=g","url":"https:\/\/secure.gravatar.com\/avatar\/3c9179cf0256d00c72a48d1f25783c58b6842cd56e85ef3a572881c8e28ccd59?s=96&d=mm&r=g","contentUrl":"https:\/\/secure.gravatar.com\/avatar\/3c9179cf0256d00c72a48d1f25783c58b6842cd56e85ef3a572881c8e28ccd59?s=96&d=mm&r=g","caption":"ppdegaliciaredes"},"url":"https:\/\/ppdegalicia.com\/es\/author\/ppdegaliciaredes\/"}]}},"_links":{"self":[{"href":"https:\/\/ppdegalicia.com\/es\/wp-json\/wp\/v2\/posts\/56662","targetHints":{"allow":["GET"]}}],"collection":[{"href":"https:\/\/ppdegalicia.com\/es\/wp-json\/wp\/v2\/posts"}],"about":[{"href":"https:\/\/ppdegalicia.com\/es\/wp-json\/wp\/v2\/types\/post"}],"author":[{"embeddable":true,"href":"https:\/\/ppdegalicia.com\/es\/wp-json\/wp\/v2\/users\/38"}],"replies":[{"embeddable":true,"href":"https:\/\/ppdegalicia.com\/es\/wp-json\/wp\/v2\/comments?post=56662"}],"version-history":[{"count":0,"href":"https:\/\/ppdegalicia.com\/es\/wp-json\/wp\/v2\/posts\/56662\/revisions"}],"wp:featuredmedia":[{"embeddable":true,"href":"https:\/\/ppdegalicia.com\/es\/wp-json\/wp\/v2\/media\/56661"}],"wp:attachment":[{"href":"https:\/\/ppdegalicia.com\/es\/wp-json\/wp\/v2\/media?parent=56662"}],"wp:term":[{"taxonomy":"category","embeddable":true,"href":"https:\/\/ppdegalicia.com\/es\/wp-json\/wp\/v2\/categories?post=56662"},{"taxonomy":"post_tag","embeddable":true,"href":"https:\/\/ppdegalicia.com\/es\/wp-json\/wp\/v2\/tags?post=56662"}],"curies":[{"name":"wp","href":"https:\/\/api.w.org\/{rel}","templated":true}]}}