{"id":56666,"date":"2022-02-01T12:39:17","date_gmt":"2022-02-01T10:39:17","guid":{"rendered":"https:\/\/ppdegalicia.com\/o-parlamento-insta-a-xunta-a-adiantar-as-compensacions-aos-mariscadores-da-ria-do-burgo-pero-coa-garantia-da-sua-transferencia-polo-goberno-central\/"},"modified":"2022-02-01T12:39:17","modified_gmt":"2022-02-01T10:39:17","slug":"o-parlamento-insta-a-xunta-a-adiantar-as-compensacions-aos-mariscadores-da-ria-do-burgo-pero-coa-garantia-da-sua-transferencia-polo-goberno-central","status":"publish","type":"post","link":"https:\/\/ppdegalicia.com\/es\/o-parlamento-insta-a-xunta-a-adiantar-as-compensacions-aos-mariscadores-da-ria-do-burgo-pero-coa-garantia-da-sua-transferencia-polo-goberno-central\/","title":{"rendered":"O Parlamento insta \u00e1 Xunta a adiantar as compensaci\u00f3ns aos mariscadores da r\u00eda do Burgo, pero coa garant\u00eda da s\u00faa transferencia polo Goberno central"},"content":{"rendered":"<p><img fetchpriority=\"high\" decoding=\"async\" class=\" size-full wp-image-56665\" src=\"https:\/\/ppdegalicia.com\/wp-content\/uploads\/2022\/02\/def50bcfebbc4b58c2380d1d9647ed19.jpg\" alt=\"\" width=\"1900\" height=\"1267\" srcset=\"https:\/\/ppdegalicia.com\/wp-content\/uploads\/2022\/02\/def50bcfebbc4b58c2380d1d9647ed19.jpg 1900w, https:\/\/ppdegalicia.com\/wp-content\/uploads\/2022\/02\/def50bcfebbc4b58c2380d1d9647ed19-300x200.jpg 300w, https:\/\/ppdegalicia.com\/wp-content\/uploads\/2022\/02\/def50bcfebbc4b58c2380d1d9647ed19-1024x683.jpg 1024w, https:\/\/ppdegalicia.com\/wp-content\/uploads\/2022\/02\/def50bcfebbc4b58c2380d1d9647ed19-768x512.jpg 768w, https:\/\/ppdegalicia.com\/wp-content\/uploads\/2022\/02\/def50bcfebbc4b58c2380d1d9647ed19-1536x1024.jpg 1536w\" sizes=\"(max-width: 1900px) 100vw, 1900px\" \/><\/p>\n<p>Santiago, 1 de febreiro de 2022.- O Parlamento de Galicia aprobou hoxe unha proposici\u00f3n non de lei, logo dunha transacci\u00f3n acordada entre o Grupo Popular e o BNG, a trav\u00e9s da que se insta \u00e1 Xunta a adiantar os cartos das compensaci\u00f3ns econ\u00f3micas por inactividade obrigada aos mariscadores da r\u00eda do Burgo durante o tempo que duren as obras de dragaxe e rexeneraci\u00f3n previa garant\u00eda de transferencia, mediante a sinatura dun convenio ao inicio das obras, dos fondos pertinentes polo Goberno central para esta finalidade, o que permitir\u00e1 activar garant\u00edas de protecci\u00f3n a estes traballadores e evitarlles un compromiso de endebedamento engadido innecesario.<\/p>\n<p><!--more--><\/p>\n<blockquote class=\"twitter-tweet\">\n<p dir=\"ltr\" lang=\"pt\">?\ufe0fO <a href=\"https:\/\/twitter.com\/Par_Gal?ref_src=twsrc%5Etfw\">@Par_Gal<\/a> aproba,a trav\u00e9s dunha emenda do <a href=\"https:\/\/twitter.com\/ppdegalicia?ref_src=twsrc%5Etfw\">@ppdegalicia<\/a>,instar \u00e1 <a href=\"https:\/\/twitter.com\/Xunta?ref_src=twsrc%5Etfw\">@Xunta<\/a> a adiantar os cartos das compensaci\u00f3ns econ\u00f3micas por inactividade obrigada aos mariscadores da r\u00eda do Burgo durante o tempo das obras previa garant\u00eda dun convenio co Estado <a href=\"https:\/\/twitter.com\/bfreire?ref_src=twsrc%5Etfw\">@bfreire<\/a> <a href=\"https:\/\/twitter.com\/acorunapp?ref_src=twsrc%5Etfw\">@acorunapp<\/a> <a href=\"https:\/\/t.co\/HnOaAyNFjD\">pic.twitter.com\/HnOaAyNFjD<\/a><\/p>\n<p>\u2014 GrupoPopularGalicia (@GrupoPopularGal) <a href=\"https:\/\/twitter.com\/GrupoPopularGal\/status\/1488499845291810820?ref_src=twsrc%5Etfw\">February 1, 2022<\/a><\/p><\/blockquote>\n<p>A deputada popular Bego\u00f1a Freire lembrou que \u201cas obras de dragaxe da r\u00eda do Burgo son competencia e responsabilidade exclusiva da Administraci\u00f3n Xeral do Estado\u201d, pero insistiu que \u201ca Xunta sempre amosou a s\u00faa plena disposici\u00f3n a asumir a xesti\u00f3n e tramitaci\u00f3n das indemnizaci\u00f3ns para compensar aos mariscadores por estas obras, pero tendo a seguridade de que o Goberno central transfira a Galicia os fondos necesarios para facer fronte a estes pagos\u201d.<\/p>\n<p>\u00a0<\/p>\n<p>\u201cAdemais, a Xunta xa amosou a s\u00faa disposici\u00f3n a adiantar os cartos para pagar estas compensaci\u00f3ns, pero a f\u00f3rmula ter\u00eda que executarse mediante a sinatura dun convenio de colaboraci\u00f3n co Goberno central no que se recollan os recursos a destinar e a posterior devoluci\u00f3n destas cantidades\u201d, concretou.<\/p>\n<p>\u00a0<\/p>\n<p><strong>O BNG, CO GOBERNO CENTRAL<\/strong><\/p>\n<p>\u00a0<\/p>\n<p>Bego\u00f1a Freire lamentou que o BNG \u201cvolvera defender hoxe no Parlamento galego os intereses do Goberno de Espa\u00f1a antes que os de Galicia e o dos mariscadores da r\u00eda do Burgo, obviando que as competencias do Estado no eido ambiental e as propias obras de dragaxe impiden o exercicio das competencias auton\u00f3micas en pesca e marisqueo para que corresponda a Galicia abonar estas compensaci\u00f3ns\u201d.<\/p>\n<p>\u00a0<\/p>\n<p>Para rematar, a deputada popular demandou ao Goberno central que \u201cabandone o seu inmobilismo e se faga cargo dun asunto que \u00e9 responsabilidade s\u00faa\u201d, porque dixo que \u201cnon podemos entender como despois de producirse un aforro de m\u00e1is de 13 mill\u00f3ns de euros na adxudicaci\u00f3n da obra da dragaxe o Ministerio pode estar a xogar co futuro de 80 familias\u201d.<\/p>\n","protected":false},"excerpt":{"rendered":"<p>Santiago, 1 de febreiro de 2022.- O Parlamento de Galicia aprobou hoxe unha proposici\u00f3n non de lei, logo dunha transacci\u00f3n acordada entre o Grupo Popular e o BNG, a trav\u00e9s da que se insta \u00e1 Xunta a adiantar os cartos das compensaci\u00f3ns econ\u00f3micas por inactividade obrigada aos mariscadores da r\u00eda do Burgo durante o tempo [&hellip;]<\/p>\n","protected":false},"author":38,"featured_media":56665,"comment_status":"open","ping_status":"open","sticky":false,"template":"","format":"standard","meta":{"_acf_changed":false,"footnotes":""},"categories":[1],"tags":[],"class_list":["post-56666","post","type-post","status-publish","format-standard","has-post-thumbnail","hentry","category-pp-de-galicia"],"acf":[],"yoast_head":"<!-- This site is optimized with the Yoast SEO plugin v27.3 - https:\/\/yoast.com\/product\/yoast-seo-wordpress\/ -->\n<title>O Parlamento insta \u00e1 Xunta a adiantar as compensaci\u00f3ns aos mariscadores da r\u00eda do Burgo, pero coa garant\u00eda da s\u00faa transferencia polo Goberno central - PP de Galicia<\/title>\n<meta name=\"robots\" content=\"index, follow, max-snippet:-1, max-image-preview:large, max-video-preview:-1\" \/>\n<link rel=\"canonical\" href=\"https:\/\/ppdegalicia.com\/es\/o-parlamento-insta-a-xunta-a-adiantar-as-compensacions-aos-mariscadores-da-ria-do-burgo-pero-coa-garantia-da-sua-transferencia-polo-goberno-central\/\" \/>\n<meta property=\"og:locale\" content=\"es_ES\" \/>\n<meta property=\"og:type\" content=\"article\" \/>\n<meta property=\"og:title\" content=\"O Parlamento insta \u00e1 Xunta a adiantar as compensaci\u00f3ns aos mariscadores da r\u00eda do Burgo, pero coa garant\u00eda da s\u00faa transferencia polo Goberno central - PP de Galicia\" \/>\n<meta property=\"og:description\" content=\"Santiago, 1 de febreiro de 2022.- O Parlamento de Galicia aprobou hoxe unha proposici\u00f3n non de lei, logo dunha transacci\u00f3n acordada entre o Grupo Popular e o BNG, a trav\u00e9s da que se insta \u00e1 Xunta a adiantar os cartos das compensaci\u00f3ns econ\u00f3micas por inactividade obrigada aos mariscadores da r\u00eda do Burgo durante o tempo [&hellip;]\" \/>\n<meta property=\"og:url\" content=\"https:\/\/ppdegalicia.com\/es\/o-parlamento-insta-a-xunta-a-adiantar-as-compensacions-aos-mariscadores-da-ria-do-burgo-pero-coa-garantia-da-sua-transferencia-polo-goberno-central\/\" \/>\n<meta property=\"og:site_name\" content=\"PP de Galicia\" \/>\n<meta property=\"article:publisher\" content=\"https:\/\/www.instagram.com\/ppdegalicia\/\" \/>\n<meta property=\"article:published_time\" content=\"2022-02-01T10:39:17+00:00\" \/>\n<meta property=\"og:image\" content=\"https:\/\/ppdegalicia.com\/wp-content\/uploads\/2022\/02\/def50bcfebbc4b58c2380d1d9647ed19.jpg\" \/>\n\t<meta property=\"og:image:width\" content=\"1900\" \/>\n\t<meta property=\"og:image:height\" content=\"1267\" \/>\n\t<meta property=\"og:image:type\" content=\"image\/jpeg\" \/>\n<meta name=\"author\" content=\"ppdegaliciaredes\" \/>\n<meta name=\"twitter:card\" content=\"summary_large_image\" \/>\n<meta name=\"twitter:creator\" content=\"@ppdegalicia\" \/>\n<meta name=\"twitter:site\" content=\"@ppdegalicia\" \/>\n<meta name=\"twitter:label1\" content=\"Escrito por\" \/>\n\t<meta name=\"twitter:data1\" content=\"ppdegaliciaredes\" \/>\n\t<meta name=\"twitter:label2\" content=\"Tiempo de lectura\" \/>\n\t<meta name=\"twitter:data2\" content=\"2 minutos\" \/>\n<script type=\"application\/ld+json\" class=\"yoast-schema-graph\">{\"@context\":\"https:\\\/\\\/schema.org\",\"@graph\":[{\"@type\":\"Article\",\"@id\":\"https:\\\/\\\/ppdegalicia.com\\\/es\\\/o-parlamento-insta-a-xunta-a-adiantar-as-compensacions-aos-mariscadores-da-ria-do-burgo-pero-coa-garantia-da-sua-transferencia-polo-goberno-central\\\/#article\",\"isPartOf\":{\"@id\":\"https:\\\/\\\/ppdegalicia.com\\\/es\\\/o-parlamento-insta-a-xunta-a-adiantar-as-compensacions-aos-mariscadores-da-ria-do-burgo-pero-coa-garantia-da-sua-transferencia-polo-goberno-central\\\/\"},\"author\":{\"name\":\"ppdegaliciaredes\",\"@id\":\"https:\\\/\\\/ppdegalicia.com\\\/es\\\/#\\\/schema\\\/person\\\/5b822c6f59e872ebdd1142f307dbcb59\"},\"headline\":\"O Parlamento insta \u00e1 Xunta a adiantar as compensaci\u00f3ns aos mariscadores da r\u00eda do Burgo, pero coa garant\u00eda da s\u00faa transferencia polo Goberno central\",\"datePublished\":\"2022-02-01T10:39:17+00:00\",\"mainEntityOfPage\":{\"@id\":\"https:\\\/\\\/ppdegalicia.com\\\/es\\\/o-parlamento-insta-a-xunta-a-adiantar-as-compensacions-aos-mariscadores-da-ria-do-burgo-pero-coa-garantia-da-sua-transferencia-polo-goberno-central\\\/\"},\"wordCount\":460,\"commentCount\":0,\"publisher\":{\"@id\":\"https:\\\/\\\/ppdegalicia.com\\\/es\\\/#organization\"},\"image\":{\"@id\":\"https:\\\/\\\/ppdegalicia.com\\\/es\\\/o-parlamento-insta-a-xunta-a-adiantar-as-compensacions-aos-mariscadores-da-ria-do-burgo-pero-coa-garantia-da-sua-transferencia-polo-goberno-central\\\/#primaryimage\"},\"thumbnailUrl\":\"https:\\\/\\\/ppdegalicia.com\\\/wp-content\\\/uploads\\\/2022\\\/02\\\/def50bcfebbc4b58c2380d1d9647ed19.jpg\",\"articleSection\":[\"PP de Galicia\"],\"inLanguage\":\"es\",\"potentialAction\":[{\"@type\":\"CommentAction\",\"name\":\"Comment\",\"target\":[\"https:\\\/\\\/ppdegalicia.com\\\/es\\\/o-parlamento-insta-a-xunta-a-adiantar-as-compensacions-aos-mariscadores-da-ria-do-burgo-pero-coa-garantia-da-sua-transferencia-polo-goberno-central\\\/#respond\"]}]},{\"@type\":\"WebPage\",\"@id\":\"https:\\\/\\\/ppdegalicia.com\\\/es\\\/o-parlamento-insta-a-xunta-a-adiantar-as-compensacions-aos-mariscadores-da-ria-do-burgo-pero-coa-garantia-da-sua-transferencia-polo-goberno-central\\\/\",\"url\":\"https:\\\/\\\/ppdegalicia.com\\\/es\\\/o-parlamento-insta-a-xunta-a-adiantar-as-compensacions-aos-mariscadores-da-ria-do-burgo-pero-coa-garantia-da-sua-transferencia-polo-goberno-central\\\/\",\"name\":\"O Parlamento insta \u00e1 Xunta a adiantar as compensaci\u00f3ns aos mariscadores da r\u00eda do Burgo, pero coa garant\u00eda da s\u00faa transferencia polo Goberno central - PP de Galicia\",\"isPartOf\":{\"@id\":\"https:\\\/\\\/ppdegalicia.com\\\/es\\\/#website\"},\"primaryImageOfPage\":{\"@id\":\"https:\\\/\\\/ppdegalicia.com\\\/es\\\/o-parlamento-insta-a-xunta-a-adiantar-as-compensacions-aos-mariscadores-da-ria-do-burgo-pero-coa-garantia-da-sua-transferencia-polo-goberno-central\\\/#primaryimage\"},\"image\":{\"@id\":\"https:\\\/\\\/ppdegalicia.com\\\/es\\\/o-parlamento-insta-a-xunta-a-adiantar-as-compensacions-aos-mariscadores-da-ria-do-burgo-pero-coa-garantia-da-sua-transferencia-polo-goberno-central\\\/#primaryimage\"},\"thumbnailUrl\":\"https:\\\/\\\/ppdegalicia.com\\\/wp-content\\\/uploads\\\/2022\\\/02\\\/def50bcfebbc4b58c2380d1d9647ed19.jpg\",\"datePublished\":\"2022-02-01T10:39:17+00:00\",\"breadcrumb\":{\"@id\":\"https:\\\/\\\/ppdegalicia.com\\\/es\\\/o-parlamento-insta-a-xunta-a-adiantar-as-compensacions-aos-mariscadores-da-ria-do-burgo-pero-coa-garantia-da-sua-transferencia-polo-goberno-central\\\/#breadcrumb\"},\"inLanguage\":\"es\",\"potentialAction\":[{\"@type\":\"ReadAction\",\"target\":[\"https:\\\/\\\/ppdegalicia.com\\\/es\\\/o-parlamento-insta-a-xunta-a-adiantar-as-compensacions-aos-mariscadores-da-ria-do-burgo-pero-coa-garantia-da-sua-transferencia-polo-goberno-central\\\/\"]}]},{\"@type\":\"ImageObject\",\"inLanguage\":\"es\",\"@id\":\"https:\\\/\\\/ppdegalicia.com\\\/es\\\/o-parlamento-insta-a-xunta-a-adiantar-as-compensacions-aos-mariscadores-da-ria-do-burgo-pero-coa-garantia-da-sua-transferencia-polo-goberno-central\\\/#primaryimage\",\"url\":\"https:\\\/\\\/ppdegalicia.com\\\/wp-content\\\/uploads\\\/2022\\\/02\\\/def50bcfebbc4b58c2380d1d9647ed19.jpg\",\"contentUrl\":\"https:\\\/\\\/ppdegalicia.com\\\/wp-content\\\/uploads\\\/2022\\\/02\\\/def50bcfebbc4b58c2380d1d9647ed19.jpg\",\"width\":1900,\"height\":1267},{\"@type\":\"BreadcrumbList\",\"@id\":\"https:\\\/\\\/ppdegalicia.com\\\/es\\\/o-parlamento-insta-a-xunta-a-adiantar-as-compensacions-aos-mariscadores-da-ria-do-burgo-pero-coa-garantia-da-sua-transferencia-polo-goberno-central\\\/#breadcrumb\",\"itemListElement\":[{\"@type\":\"ListItem\",\"position\":1,\"name\":\"Portada\",\"item\":\"https:\\\/\\\/ppdegalicia.com\\\/es\\\/\"},{\"@type\":\"ListItem\",\"position\":2,\"name\":\"O Parlamento insta \u00e1 Xunta a adiantar as compensaci\u00f3ns aos mariscadores da r\u00eda do Burgo, pero coa garant\u00eda da s\u00faa transferencia polo Goberno central\"}]},{\"@type\":\"WebSite\",\"@id\":\"https:\\\/\\\/ppdegalicia.com\\\/es\\\/#website\",\"url\":\"https:\\\/\\\/ppdegalicia.com\\\/es\\\/\",\"name\":\"Partido Popular de Galicia\",\"description\":\"Partido Popular de Galicia\",\"publisher\":{\"@id\":\"https:\\\/\\\/ppdegalicia.com\\\/es\\\/#organization\"},\"alternateName\":\"PP de Galicia\",\"potentialAction\":[{\"@type\":\"SearchAction\",\"target\":{\"@type\":\"EntryPoint\",\"urlTemplate\":\"https:\\\/\\\/ppdegalicia.com\\\/es\\\/?s={search_term_string}\"},\"query-input\":{\"@type\":\"PropertyValueSpecification\",\"valueRequired\":true,\"valueName\":\"search_term_string\"}}],\"inLanguage\":\"es\"},{\"@type\":\"Organization\",\"@id\":\"https:\\\/\\\/ppdegalicia.com\\\/es\\\/#organization\",\"name\":\"Partido Popular de Galicia\",\"alternateName\":\"PP de Galicia\",\"url\":\"https:\\\/\\\/ppdegalicia.com\\\/es\\\/\",\"logo\":{\"@type\":\"ImageObject\",\"inLanguage\":\"es\",\"@id\":\"https:\\\/\\\/ppdegalicia.com\\\/es\\\/#\\\/schema\\\/logo\\\/image\\\/\",\"url\":\"https:\\\/\\\/ppdegalicia.com\\\/wp-content\\\/uploads\\\/2023\\\/04\\\/logoPP512.png\",\"contentUrl\":\"https:\\\/\\\/ppdegalicia.com\\\/wp-content\\\/uploads\\\/2023\\\/04\\\/logoPP512.png\",\"width\":512,\"height\":512,\"caption\":\"Partido Popular de Galicia\"},\"image\":{\"@id\":\"https:\\\/\\\/ppdegalicia.com\\\/es\\\/#\\\/schema\\\/logo\\\/image\\\/\"},\"sameAs\":[\"https:\\\/\\\/www.instagram.com\\\/ppdegalicia\\\/\",\"https:\\\/\\\/x.com\\\/ppdegalicia\",\"https:\\\/\\\/www.tiktok.com\\\/@ppdegalicia\",\"https:\\\/\\\/www.youtube.com\\\/user\\\/ppdegalicia\"]},{\"@type\":\"Person\",\"@id\":\"https:\\\/\\\/ppdegalicia.com\\\/es\\\/#\\\/schema\\\/person\\\/5b822c6f59e872ebdd1142f307dbcb59\",\"name\":\"ppdegaliciaredes\",\"image\":{\"@type\":\"ImageObject\",\"inLanguage\":\"es\",\"@id\":\"https:\\\/\\\/secure.gravatar.com\\\/avatar\\\/3c9179cf0256d00c72a48d1f25783c58b6842cd56e85ef3a572881c8e28ccd59?s=96&d=mm&r=g\",\"url\":\"https:\\\/\\\/secure.gravatar.com\\\/avatar\\\/3c9179cf0256d00c72a48d1f25783c58b6842cd56e85ef3a572881c8e28ccd59?s=96&d=mm&r=g\",\"contentUrl\":\"https:\\\/\\\/secure.gravatar.com\\\/avatar\\\/3c9179cf0256d00c72a48d1f25783c58b6842cd56e85ef3a572881c8e28ccd59?s=96&d=mm&r=g\",\"caption\":\"ppdegaliciaredes\"},\"url\":\"https:\\\/\\\/ppdegalicia.com\\\/es\\\/author\\\/ppdegaliciaredes\\\/\"}]}<\/script>\n<!-- \/ Yoast SEO plugin. -->","yoast_head_json":{"title":"O Parlamento insta \u00e1 Xunta a adiantar as compensaci\u00f3ns aos mariscadores da r\u00eda do Burgo, pero coa garant\u00eda da s\u00faa transferencia polo Goberno central - PP de Galicia","robots":{"index":"index","follow":"follow","max-snippet":"max-snippet:-1","max-image-preview":"max-image-preview:large","max-video-preview":"max-video-preview:-1"},"canonical":"https:\/\/ppdegalicia.com\/es\/o-parlamento-insta-a-xunta-a-adiantar-as-compensacions-aos-mariscadores-da-ria-do-burgo-pero-coa-garantia-da-sua-transferencia-polo-goberno-central\/","og_locale":"es_ES","og_type":"article","og_title":"O Parlamento insta \u00e1 Xunta a adiantar as compensaci\u00f3ns aos mariscadores da r\u00eda do Burgo, pero coa garant\u00eda da s\u00faa transferencia polo Goberno central - PP de Galicia","og_description":"Santiago, 1 de febreiro de 2022.- O Parlamento de Galicia aprobou hoxe unha proposici\u00f3n non de lei, logo dunha transacci\u00f3n acordada entre o Grupo Popular e o BNG, a trav\u00e9s da que se insta \u00e1 Xunta a adiantar os cartos das compensaci\u00f3ns econ\u00f3micas por inactividade obrigada aos mariscadores da r\u00eda do Burgo durante o tempo [&hellip;]","og_url":"https:\/\/ppdegalicia.com\/es\/o-parlamento-insta-a-xunta-a-adiantar-as-compensacions-aos-mariscadores-da-ria-do-burgo-pero-coa-garantia-da-sua-transferencia-polo-goberno-central\/","og_site_name":"PP de Galicia","article_publisher":"https:\/\/www.instagram.com\/ppdegalicia\/","article_published_time":"2022-02-01T10:39:17+00:00","og_image":[{"width":1900,"height":1267,"url":"https:\/\/ppdegalicia.com\/wp-content\/uploads\/2022\/02\/def50bcfebbc4b58c2380d1d9647ed19.jpg","type":"image\/jpeg"}],"author":"ppdegaliciaredes","twitter_card":"summary_large_image","twitter_creator":"@ppdegalicia","twitter_site":"@ppdegalicia","twitter_misc":{"Escrito por":"ppdegaliciaredes","Tiempo de lectura":"2 minutos"},"schema":{"@context":"https:\/\/schema.org","@graph":[{"@type":"Article","@id":"https:\/\/ppdegalicia.com\/es\/o-parlamento-insta-a-xunta-a-adiantar-as-compensacions-aos-mariscadores-da-ria-do-burgo-pero-coa-garantia-da-sua-transferencia-polo-goberno-central\/#article","isPartOf":{"@id":"https:\/\/ppdegalicia.com\/es\/o-parlamento-insta-a-xunta-a-adiantar-as-compensacions-aos-mariscadores-da-ria-do-burgo-pero-coa-garantia-da-sua-transferencia-polo-goberno-central\/"},"author":{"name":"ppdegaliciaredes","@id":"https:\/\/ppdegalicia.com\/es\/#\/schema\/person\/5b822c6f59e872ebdd1142f307dbcb59"},"headline":"O Parlamento insta \u00e1 Xunta a adiantar as compensaci\u00f3ns aos mariscadores da r\u00eda do Burgo, pero coa garant\u00eda da s\u00faa transferencia polo Goberno central","datePublished":"2022-02-01T10:39:17+00:00","mainEntityOfPage":{"@id":"https:\/\/ppdegalicia.com\/es\/o-parlamento-insta-a-xunta-a-adiantar-as-compensacions-aos-mariscadores-da-ria-do-burgo-pero-coa-garantia-da-sua-transferencia-polo-goberno-central\/"},"wordCount":460,"commentCount":0,"publisher":{"@id":"https:\/\/ppdegalicia.com\/es\/#organization"},"image":{"@id":"https:\/\/ppdegalicia.com\/es\/o-parlamento-insta-a-xunta-a-adiantar-as-compensacions-aos-mariscadores-da-ria-do-burgo-pero-coa-garantia-da-sua-transferencia-polo-goberno-central\/#primaryimage"},"thumbnailUrl":"https:\/\/ppdegalicia.com\/wp-content\/uploads\/2022\/02\/def50bcfebbc4b58c2380d1d9647ed19.jpg","articleSection":["PP de Galicia"],"inLanguage":"es","potentialAction":[{"@type":"CommentAction","name":"Comment","target":["https:\/\/ppdegalicia.com\/es\/o-parlamento-insta-a-xunta-a-adiantar-as-compensacions-aos-mariscadores-da-ria-do-burgo-pero-coa-garantia-da-sua-transferencia-polo-goberno-central\/#respond"]}]},{"@type":"WebPage","@id":"https:\/\/ppdegalicia.com\/es\/o-parlamento-insta-a-xunta-a-adiantar-as-compensacions-aos-mariscadores-da-ria-do-burgo-pero-coa-garantia-da-sua-transferencia-polo-goberno-central\/","url":"https:\/\/ppdegalicia.com\/es\/o-parlamento-insta-a-xunta-a-adiantar-as-compensacions-aos-mariscadores-da-ria-do-burgo-pero-coa-garantia-da-sua-transferencia-polo-goberno-central\/","name":"O Parlamento insta \u00e1 Xunta a adiantar as compensaci\u00f3ns aos mariscadores da r\u00eda do Burgo, pero coa garant\u00eda da s\u00faa transferencia polo Goberno central - PP de Galicia","isPartOf":{"@id":"https:\/\/ppdegalicia.com\/es\/#website"},"primaryImageOfPage":{"@id":"https:\/\/ppdegalicia.com\/es\/o-parlamento-insta-a-xunta-a-adiantar-as-compensacions-aos-mariscadores-da-ria-do-burgo-pero-coa-garantia-da-sua-transferencia-polo-goberno-central\/#primaryimage"},"image":{"@id":"https:\/\/ppdegalicia.com\/es\/o-parlamento-insta-a-xunta-a-adiantar-as-compensacions-aos-mariscadores-da-ria-do-burgo-pero-coa-garantia-da-sua-transferencia-polo-goberno-central\/#primaryimage"},"thumbnailUrl":"https:\/\/ppdegalicia.com\/wp-content\/uploads\/2022\/02\/def50bcfebbc4b58c2380d1d9647ed19.jpg","datePublished":"2022-02-01T10:39:17+00:00","breadcrumb":{"@id":"https:\/\/ppdegalicia.com\/es\/o-parlamento-insta-a-xunta-a-adiantar-as-compensacions-aos-mariscadores-da-ria-do-burgo-pero-coa-garantia-da-sua-transferencia-polo-goberno-central\/#breadcrumb"},"inLanguage":"es","potentialAction":[{"@type":"ReadAction","target":["https:\/\/ppdegalicia.com\/es\/o-parlamento-insta-a-xunta-a-adiantar-as-compensacions-aos-mariscadores-da-ria-do-burgo-pero-coa-garantia-da-sua-transferencia-polo-goberno-central\/"]}]},{"@type":"ImageObject","inLanguage":"es","@id":"https:\/\/ppdegalicia.com\/es\/o-parlamento-insta-a-xunta-a-adiantar-as-compensacions-aos-mariscadores-da-ria-do-burgo-pero-coa-garantia-da-sua-transferencia-polo-goberno-central\/#primaryimage","url":"https:\/\/ppdegalicia.com\/wp-content\/uploads\/2022\/02\/def50bcfebbc4b58c2380d1d9647ed19.jpg","contentUrl":"https:\/\/ppdegalicia.com\/wp-content\/uploads\/2022\/02\/def50bcfebbc4b58c2380d1d9647ed19.jpg","width":1900,"height":1267},{"@type":"BreadcrumbList","@id":"https:\/\/ppdegalicia.com\/es\/o-parlamento-insta-a-xunta-a-adiantar-as-compensacions-aos-mariscadores-da-ria-do-burgo-pero-coa-garantia-da-sua-transferencia-polo-goberno-central\/#breadcrumb","itemListElement":[{"@type":"ListItem","position":1,"name":"Portada","item":"https:\/\/ppdegalicia.com\/es\/"},{"@type":"ListItem","position":2,"name":"O Parlamento insta \u00e1 Xunta a adiantar as compensaci\u00f3ns aos mariscadores da r\u00eda do Burgo, pero coa garant\u00eda da s\u00faa transferencia polo Goberno central"}]},{"@type":"WebSite","@id":"https:\/\/ppdegalicia.com\/es\/#website","url":"https:\/\/ppdegalicia.com\/es\/","name":"Partido Popular de Galicia","description":"Partido Popular de Galicia","publisher":{"@id":"https:\/\/ppdegalicia.com\/es\/#organization"},"alternateName":"PP de Galicia","potentialAction":[{"@type":"SearchAction","target":{"@type":"EntryPoint","urlTemplate":"https:\/\/ppdegalicia.com\/es\/?s={search_term_string}"},"query-input":{"@type":"PropertyValueSpecification","valueRequired":true,"valueName":"search_term_string"}}],"inLanguage":"es"},{"@type":"Organization","@id":"https:\/\/ppdegalicia.com\/es\/#organization","name":"Partido Popular de Galicia","alternateName":"PP de Galicia","url":"https:\/\/ppdegalicia.com\/es\/","logo":{"@type":"ImageObject","inLanguage":"es","@id":"https:\/\/ppdegalicia.com\/es\/#\/schema\/logo\/image\/","url":"https:\/\/ppdegalicia.com\/wp-content\/uploads\/2023\/04\/logoPP512.png","contentUrl":"https:\/\/ppdegalicia.com\/wp-content\/uploads\/2023\/04\/logoPP512.png","width":512,"height":512,"caption":"Partido Popular de Galicia"},"image":{"@id":"https:\/\/ppdegalicia.com\/es\/#\/schema\/logo\/image\/"},"sameAs":["https:\/\/www.instagram.com\/ppdegalicia\/","https:\/\/x.com\/ppdegalicia","https:\/\/www.tiktok.com\/@ppdegalicia","https:\/\/www.youtube.com\/user\/ppdegalicia"]},{"@type":"Person","@id":"https:\/\/ppdegalicia.com\/es\/#\/schema\/person\/5b822c6f59e872ebdd1142f307dbcb59","name":"ppdegaliciaredes","image":{"@type":"ImageObject","inLanguage":"es","@id":"https:\/\/secure.gravatar.com\/avatar\/3c9179cf0256d00c72a48d1f25783c58b6842cd56e85ef3a572881c8e28ccd59?s=96&d=mm&r=g","url":"https:\/\/secure.gravatar.com\/avatar\/3c9179cf0256d00c72a48d1f25783c58b6842cd56e85ef3a572881c8e28ccd59?s=96&d=mm&r=g","contentUrl":"https:\/\/secure.gravatar.com\/avatar\/3c9179cf0256d00c72a48d1f25783c58b6842cd56e85ef3a572881c8e28ccd59?s=96&d=mm&r=g","caption":"ppdegaliciaredes"},"url":"https:\/\/ppdegalicia.com\/es\/author\/ppdegaliciaredes\/"}]}},"_links":{"self":[{"href":"https:\/\/ppdegalicia.com\/es\/wp-json\/wp\/v2\/posts\/56666","targetHints":{"allow":["GET"]}}],"collection":[{"href":"https:\/\/ppdegalicia.com\/es\/wp-json\/wp\/v2\/posts"}],"about":[{"href":"https:\/\/ppdegalicia.com\/es\/wp-json\/wp\/v2\/types\/post"}],"author":[{"embeddable":true,"href":"https:\/\/ppdegalicia.com\/es\/wp-json\/wp\/v2\/users\/38"}],"replies":[{"embeddable":true,"href":"https:\/\/ppdegalicia.com\/es\/wp-json\/wp\/v2\/comments?post=56666"}],"version-history":[{"count":0,"href":"https:\/\/ppdegalicia.com\/es\/wp-json\/wp\/v2\/posts\/56666\/revisions"}],"wp:featuredmedia":[{"embeddable":true,"href":"https:\/\/ppdegalicia.com\/es\/wp-json\/wp\/v2\/media\/56665"}],"wp:attachment":[{"href":"https:\/\/ppdegalicia.com\/es\/wp-json\/wp\/v2\/media?parent=56666"}],"wp:term":[{"taxonomy":"category","embeddable":true,"href":"https:\/\/ppdegalicia.com\/es\/wp-json\/wp\/v2\/categories?post=56666"},{"taxonomy":"post_tag","embeddable":true,"href":"https:\/\/ppdegalicia.com\/es\/wp-json\/wp\/v2\/tags?post=56666"}],"curies":[{"name":"wp","href":"https:\/\/api.w.org\/{rel}","templated":true}]}}