{"id":56674,"date":"2022-02-03T07:49:05","date_gmt":"2022-02-03T05:49:05","guid":{"rendered":"https:\/\/ppdegalicia.com\/o-parlamento-galego-insiste-na-demanda-ao-ministerio-de-interior-de-mais-efectivos-para-a-unidade-de-policia-adscrita-a-galicia\/"},"modified":"2022-02-03T07:49:05","modified_gmt":"2022-02-03T05:49:05","slug":"o-parlamento-galego-insiste-na-demanda-ao-ministerio-de-interior-de-mais-efectivos-para-a-unidade-de-policia-adscrita-a-galicia","status":"publish","type":"post","link":"https:\/\/ppdegalicia.com\/es\/o-parlamento-galego-insiste-na-demanda-ao-ministerio-de-interior-de-mais-efectivos-para-a-unidade-de-policia-adscrita-a-galicia\/","title":{"rendered":"O Parlamento galego insiste na demanda ao Ministerio de Interior de m\u00e1is efectivos para a Unidade de Polic\u00eda Adscrita a Galicia"},"content":{"rendered":"<p><img fetchpriority=\"high\" decoding=\"async\" class=\" size-full wp-image-56673\" src=\"https:\/\/ppdegalicia.com\/wp-content\/uploads\/2022\/02\/a7bee8a78ec1c08f2d86fa26ffc30ce3.jpg\" alt=\"\" width=\"1900\" height=\"1267\" srcset=\"https:\/\/ppdegalicia.com\/wp-content\/uploads\/2022\/02\/a7bee8a78ec1c08f2d86fa26ffc30ce3.jpg 1900w, https:\/\/ppdegalicia.com\/wp-content\/uploads\/2022\/02\/a7bee8a78ec1c08f2d86fa26ffc30ce3-300x200.jpg 300w, https:\/\/ppdegalicia.com\/wp-content\/uploads\/2022\/02\/a7bee8a78ec1c08f2d86fa26ffc30ce3-1024x683.jpg 1024w, https:\/\/ppdegalicia.com\/wp-content\/uploads\/2022\/02\/a7bee8a78ec1c08f2d86fa26ffc30ce3-768x512.jpg 768w, https:\/\/ppdegalicia.com\/wp-content\/uploads\/2022\/02\/a7bee8a78ec1c08f2d86fa26ffc30ce3-1536x1024.jpg 1536w\" sizes=\"(max-width: 1900px) 100vw, 1900px\" \/><\/p>\n<p>Santiago, 2 de febreiro de 2022.- O Parlamento galego aprobou hoxe a proposici\u00f3n non de lei do Grupo Popular a trav\u00e9s da que se insiste ao Ministerio do Interior para que, a trav\u00e9s da Direcci\u00f3n General da Polic\u00eda, se articule un concurso de m\u00e9ritos na Polic\u00eda Nacional que permita cubrir vacantes na Unidade de Polic\u00eda Adscrita a Galicia para incrementar a 500 os seus efectivos, de xeito que esta unidade poida cumprir coas funci\u00f3ns que actualmente est\u00e1 prestando.<\/p>\n<p><!--more--><\/p>\n<blockquote class=\"twitter-tweet\">\n<p dir=\"ltr\" lang=\"es\">?\ufe0fSemella que os novos aires do PSdeG non vai mudar as s\u00faas prioridades, <a href=\"https:\/\/twitter.com\/RubenLorenzoG?ref_src=twsrc%5Etfw\">@RubenLorenzoG<\/a> defende a iniciativa do <a href=\"https:\/\/twitter.com\/ppdegalicia?ref_src=twsrc%5Etfw\">@ppdegalicia<\/a> aprobada no <a href=\"https:\/\/twitter.com\/Par_Gal?ref_src=twsrc%5Etfw\">@Par_Gal<\/a> para cubrir as vacantes da Unidade de Pol\u00edtica Adscrita para incrementar a 500 os efectivos e que contou coa abstenci\u00f3n da oposici\u00f3n <a href=\"https:\/\/t.co\/eX2v37FXlt\">pic.twitter.com\/eX2v37FXlt<\/a><\/p>\n<p>\u2014 GrupoPopularGalicia (@GrupoPopularGal) <a href=\"https:\/\/twitter.com\/GrupoPopularGal\/status\/1488847081800351744?ref_src=twsrc%5Etfw\">February 2, 2022<\/a><\/p><\/blockquote>\n<p>O deputado popular Rub\u00e9n Lorenzo explicou que, desde a creaci\u00f3n da Unidade de Polic\u00eda Adscrita a Galicia en 1991 e a fixaci\u00f3n en 1996 da s\u00faa dotaci\u00f3n definitiva en 500 efectivos, \u201ca evoluci\u00f3n temporal dos seus integrantes foi desigual e descendente a partir do 2007, situ\u00e1ndose a finais do 2011 nas 348 prazas, en niveis similares aos dos anos 2005 e 1997. A partir de 2012 procedeuse a convocar concursos de vacantes, o que permitiu que eta unidade pasase a 474 efectivos a mediados de 2013, cifra que foi descendendo progresivamente ano tras ano ata os 373 integrantes na actualidade.<\/p>\n<p>\u00a0<\/p>\n<p>Rub\u00e9n Lorenzo concretou que esta Unidade da Polic\u00eda Adscrita a Galicia \u201cperdeu desde 2013 m\u00e1is de cen efectivos, estando previstas oito novas baixas ata o vindeiro mes de xu\u00f1o\u201d.<\/p>\n<p>\u00a0<\/p>\n<p>Deste xeito, solicitou \u201ccon urxencia un imprescindible reforzo da s\u00faa plantilla actual, tendo en conta, ademais, que esta unidade foi crecendo na prestaci\u00f3n dos seus servizos para dar resposta \u00e1 asunci\u00f3n paulatina de novas funci\u00f3ns e competencias pola Administraci\u00f3n galega\u201d. Estas funci\u00f3ns supuxeron en orixe unha descarga do traballo para os corpos de seguridade do Estado, como nos casos de traslado de menores, xogo, espect\u00e1culos, incendios forestais, patrimonio hist\u00f3rico, ordenaci\u00f3n do territorio, protecci\u00f3n de personalidades, seguridade de edificios p\u00fablicos auton\u00f3micos, entre outros.<\/p>\n<p>\u00a0<\/p>\n<p>Ademais, desde finais de 2015, en execuci\u00f3n do convenio entre o Ministerio do Interior e a Xunta en materia de violencia de x\u00e9nero e protecci\u00f3n \u00e1s v\u00edtimas, pux\u00e9ronse en marcha grupos espec\u00edficos para atender esta colaboraci\u00f3n en todas as sedes da Unidade de Polic\u00eda Adscrita, detraendo moitos efectivos das tarefas que vi\u00f1an desenvolvendo habitualmente.<\/p>\n<p>\u00a0<\/p>\n<p>Rub\u00e9n Lorenzo tam\u00e9n fixo referencia \u00e1 falta de efectivos dos corpos de seguridade do Estado en Galicia, centr\u00e1ndose na comarca de Berganti\u00f1os e a Costa da Morte, onde s\u00f3 existen nove gardas civ\u00eds para protexer aos m\u00e1is de 110.000 veci\u00f1os durante as noites.<\/p>\n<p>\u00a0<\/p>\n<p>\u201cA situaci\u00f3n chega a tal punto que dos 140 axentes que existen nos postos de Carballo, A Laracha, Ponteceso, Malpica, Laxe, Vimianzo, Camari\u00f1as, Corcubi\u00f3n e Mux\u00eda, s\u00f3 18 est\u00e1n dispo\u00f1ibles para patrullar esta zona cada d\u00eda, \u00e9 dicir, unha media de seis axentes por quenda de ma\u00f1\u00e1, tarde e noite\u201d, sinalou.<\/p>\n","protected":false},"excerpt":{"rendered":"<p>Santiago, 2 de febreiro de 2022.- O Parlamento galego aprobou hoxe a proposici\u00f3n non de lei do Grupo Popular a trav\u00e9s da que se insiste ao Ministerio do Interior para que, a trav\u00e9s da Direcci\u00f3n General da Polic\u00eda, se articule un concurso de m\u00e9ritos na Polic\u00eda Nacional que permita cubrir vacantes na Unidade de Polic\u00eda [&hellip;]<\/p>\n","protected":false},"author":38,"featured_media":56673,"comment_status":"open","ping_status":"open","sticky":false,"template":"","format":"standard","meta":{"_acf_changed":false,"footnotes":""},"categories":[1],"tags":[],"class_list":["post-56674","post","type-post","status-publish","format-standard","has-post-thumbnail","hentry","category-pp-de-galicia"],"acf":[],"yoast_head":"<!-- This site is optimized with the Yoast SEO plugin v27.3 - https:\/\/yoast.com\/product\/yoast-seo-wordpress\/ -->\n<title>O Parlamento galego insiste na demanda ao Ministerio de Interior de m\u00e1is efectivos para a Unidade de Polic\u00eda Adscrita a Galicia - PP de Galicia<\/title>\n<meta name=\"robots\" content=\"index, follow, max-snippet:-1, max-image-preview:large, max-video-preview:-1\" \/>\n<link rel=\"canonical\" href=\"https:\/\/ppdegalicia.com\/es\/o-parlamento-galego-insiste-na-demanda-ao-ministerio-de-interior-de-mais-efectivos-para-a-unidade-de-policia-adscrita-a-galicia\/\" \/>\n<meta property=\"og:locale\" content=\"es_ES\" \/>\n<meta property=\"og:type\" content=\"article\" \/>\n<meta property=\"og:title\" content=\"O Parlamento galego insiste na demanda ao Ministerio de Interior de m\u00e1is efectivos para a Unidade de Polic\u00eda Adscrita a Galicia - PP de Galicia\" \/>\n<meta property=\"og:description\" content=\"Santiago, 2 de febreiro de 2022.- O Parlamento galego aprobou hoxe a proposici\u00f3n non de lei do Grupo Popular a trav\u00e9s da que se insiste ao Ministerio do Interior para que, a trav\u00e9s da Direcci\u00f3n General da Polic\u00eda, se articule un concurso de m\u00e9ritos na Polic\u00eda Nacional que permita cubrir vacantes na Unidade de Polic\u00eda [&hellip;]\" \/>\n<meta property=\"og:url\" content=\"https:\/\/ppdegalicia.com\/es\/o-parlamento-galego-insiste-na-demanda-ao-ministerio-de-interior-de-mais-efectivos-para-a-unidade-de-policia-adscrita-a-galicia\/\" \/>\n<meta property=\"og:site_name\" content=\"PP de Galicia\" \/>\n<meta property=\"article:publisher\" content=\"https:\/\/www.instagram.com\/ppdegalicia\/\" \/>\n<meta property=\"article:published_time\" content=\"2022-02-03T05:49:05+00:00\" \/>\n<meta property=\"og:image\" content=\"https:\/\/ppdegalicia.com\/wp-content\/uploads\/2022\/02\/a7bee8a78ec1c08f2d86fa26ffc30ce3.jpg\" \/>\n\t<meta property=\"og:image:width\" content=\"1900\" \/>\n\t<meta property=\"og:image:height\" content=\"1267\" \/>\n\t<meta property=\"og:image:type\" content=\"image\/jpeg\" \/>\n<meta name=\"author\" content=\"ppdegaliciaredes\" \/>\n<meta name=\"twitter:card\" content=\"summary_large_image\" \/>\n<meta name=\"twitter:creator\" content=\"@ppdegalicia\" \/>\n<meta name=\"twitter:site\" content=\"@ppdegalicia\" \/>\n<meta name=\"twitter:label1\" content=\"Escrito por\" \/>\n\t<meta name=\"twitter:data1\" content=\"ppdegaliciaredes\" \/>\n\t<meta name=\"twitter:label2\" content=\"Tiempo de lectura\" \/>\n\t<meta name=\"twitter:data2\" content=\"3 minutos\" \/>\n<script type=\"application\/ld+json\" class=\"yoast-schema-graph\">{\"@context\":\"https:\\\/\\\/schema.org\",\"@graph\":[{\"@type\":\"Article\",\"@id\":\"https:\\\/\\\/ppdegalicia.com\\\/es\\\/o-parlamento-galego-insiste-na-demanda-ao-ministerio-de-interior-de-mais-efectivos-para-a-unidade-de-policia-adscrita-a-galicia\\\/#article\",\"isPartOf\":{\"@id\":\"https:\\\/\\\/ppdegalicia.com\\\/es\\\/o-parlamento-galego-insiste-na-demanda-ao-ministerio-de-interior-de-mais-efectivos-para-a-unidade-de-policia-adscrita-a-galicia\\\/\"},\"author\":{\"name\":\"ppdegaliciaredes\",\"@id\":\"https:\\\/\\\/ppdegalicia.com\\\/es\\\/#\\\/schema\\\/person\\\/5b822c6f59e872ebdd1142f307dbcb59\"},\"headline\":\"O Parlamento galego insiste na demanda ao Ministerio de Interior de m\u00e1is efectivos para a Unidade de Polic\u00eda Adscrita a Galicia\",\"datePublished\":\"2022-02-03T05:49:05+00:00\",\"mainEntityOfPage\":{\"@id\":\"https:\\\/\\\/ppdegalicia.com\\\/es\\\/o-parlamento-galego-insiste-na-demanda-ao-ministerio-de-interior-de-mais-efectivos-para-a-unidade-de-policia-adscrita-a-galicia\\\/\"},\"wordCount\":551,\"commentCount\":0,\"publisher\":{\"@id\":\"https:\\\/\\\/ppdegalicia.com\\\/es\\\/#organization\"},\"image\":{\"@id\":\"https:\\\/\\\/ppdegalicia.com\\\/es\\\/o-parlamento-galego-insiste-na-demanda-ao-ministerio-de-interior-de-mais-efectivos-para-a-unidade-de-policia-adscrita-a-galicia\\\/#primaryimage\"},\"thumbnailUrl\":\"https:\\\/\\\/ppdegalicia.com\\\/wp-content\\\/uploads\\\/2022\\\/02\\\/a7bee8a78ec1c08f2d86fa26ffc30ce3.jpg\",\"articleSection\":[\"PP de Galicia\"],\"inLanguage\":\"es\",\"potentialAction\":[{\"@type\":\"CommentAction\",\"name\":\"Comment\",\"target\":[\"https:\\\/\\\/ppdegalicia.com\\\/es\\\/o-parlamento-galego-insiste-na-demanda-ao-ministerio-de-interior-de-mais-efectivos-para-a-unidade-de-policia-adscrita-a-galicia\\\/#respond\"]}]},{\"@type\":\"WebPage\",\"@id\":\"https:\\\/\\\/ppdegalicia.com\\\/es\\\/o-parlamento-galego-insiste-na-demanda-ao-ministerio-de-interior-de-mais-efectivos-para-a-unidade-de-policia-adscrita-a-galicia\\\/\",\"url\":\"https:\\\/\\\/ppdegalicia.com\\\/es\\\/o-parlamento-galego-insiste-na-demanda-ao-ministerio-de-interior-de-mais-efectivos-para-a-unidade-de-policia-adscrita-a-galicia\\\/\",\"name\":\"O Parlamento galego insiste na demanda ao Ministerio de Interior de m\u00e1is efectivos para a Unidade de Polic\u00eda Adscrita a Galicia - PP de Galicia\",\"isPartOf\":{\"@id\":\"https:\\\/\\\/ppdegalicia.com\\\/es\\\/#website\"},\"primaryImageOfPage\":{\"@id\":\"https:\\\/\\\/ppdegalicia.com\\\/es\\\/o-parlamento-galego-insiste-na-demanda-ao-ministerio-de-interior-de-mais-efectivos-para-a-unidade-de-policia-adscrita-a-galicia\\\/#primaryimage\"},\"image\":{\"@id\":\"https:\\\/\\\/ppdegalicia.com\\\/es\\\/o-parlamento-galego-insiste-na-demanda-ao-ministerio-de-interior-de-mais-efectivos-para-a-unidade-de-policia-adscrita-a-galicia\\\/#primaryimage\"},\"thumbnailUrl\":\"https:\\\/\\\/ppdegalicia.com\\\/wp-content\\\/uploads\\\/2022\\\/02\\\/a7bee8a78ec1c08f2d86fa26ffc30ce3.jpg\",\"datePublished\":\"2022-02-03T05:49:05+00:00\",\"breadcrumb\":{\"@id\":\"https:\\\/\\\/ppdegalicia.com\\\/es\\\/o-parlamento-galego-insiste-na-demanda-ao-ministerio-de-interior-de-mais-efectivos-para-a-unidade-de-policia-adscrita-a-galicia\\\/#breadcrumb\"},\"inLanguage\":\"es\",\"potentialAction\":[{\"@type\":\"ReadAction\",\"target\":[\"https:\\\/\\\/ppdegalicia.com\\\/es\\\/o-parlamento-galego-insiste-na-demanda-ao-ministerio-de-interior-de-mais-efectivos-para-a-unidade-de-policia-adscrita-a-galicia\\\/\"]}]},{\"@type\":\"ImageObject\",\"inLanguage\":\"es\",\"@id\":\"https:\\\/\\\/ppdegalicia.com\\\/es\\\/o-parlamento-galego-insiste-na-demanda-ao-ministerio-de-interior-de-mais-efectivos-para-a-unidade-de-policia-adscrita-a-galicia\\\/#primaryimage\",\"url\":\"https:\\\/\\\/ppdegalicia.com\\\/wp-content\\\/uploads\\\/2022\\\/02\\\/a7bee8a78ec1c08f2d86fa26ffc30ce3.jpg\",\"contentUrl\":\"https:\\\/\\\/ppdegalicia.com\\\/wp-content\\\/uploads\\\/2022\\\/02\\\/a7bee8a78ec1c08f2d86fa26ffc30ce3.jpg\",\"width\":1900,\"height\":1267},{\"@type\":\"BreadcrumbList\",\"@id\":\"https:\\\/\\\/ppdegalicia.com\\\/es\\\/o-parlamento-galego-insiste-na-demanda-ao-ministerio-de-interior-de-mais-efectivos-para-a-unidade-de-policia-adscrita-a-galicia\\\/#breadcrumb\",\"itemListElement\":[{\"@type\":\"ListItem\",\"position\":1,\"name\":\"Portada\",\"item\":\"https:\\\/\\\/ppdegalicia.com\\\/es\\\/\"},{\"@type\":\"ListItem\",\"position\":2,\"name\":\"O Parlamento galego insiste na demanda ao Ministerio de Interior de m\u00e1is efectivos para a Unidade de Polic\u00eda Adscrita a Galicia\"}]},{\"@type\":\"WebSite\",\"@id\":\"https:\\\/\\\/ppdegalicia.com\\\/es\\\/#website\",\"url\":\"https:\\\/\\\/ppdegalicia.com\\\/es\\\/\",\"name\":\"Partido Popular de Galicia\",\"description\":\"Partido Popular de Galicia\",\"publisher\":{\"@id\":\"https:\\\/\\\/ppdegalicia.com\\\/es\\\/#organization\"},\"alternateName\":\"PP de Galicia\",\"potentialAction\":[{\"@type\":\"SearchAction\",\"target\":{\"@type\":\"EntryPoint\",\"urlTemplate\":\"https:\\\/\\\/ppdegalicia.com\\\/es\\\/?s={search_term_string}\"},\"query-input\":{\"@type\":\"PropertyValueSpecification\",\"valueRequired\":true,\"valueName\":\"search_term_string\"}}],\"inLanguage\":\"es\"},{\"@type\":\"Organization\",\"@id\":\"https:\\\/\\\/ppdegalicia.com\\\/es\\\/#organization\",\"name\":\"Partido Popular de Galicia\",\"alternateName\":\"PP de Galicia\",\"url\":\"https:\\\/\\\/ppdegalicia.com\\\/es\\\/\",\"logo\":{\"@type\":\"ImageObject\",\"inLanguage\":\"es\",\"@id\":\"https:\\\/\\\/ppdegalicia.com\\\/es\\\/#\\\/schema\\\/logo\\\/image\\\/\",\"url\":\"https:\\\/\\\/ppdegalicia.com\\\/wp-content\\\/uploads\\\/2023\\\/04\\\/logoPP512.png\",\"contentUrl\":\"https:\\\/\\\/ppdegalicia.com\\\/wp-content\\\/uploads\\\/2023\\\/04\\\/logoPP512.png\",\"width\":512,\"height\":512,\"caption\":\"Partido Popular de Galicia\"},\"image\":{\"@id\":\"https:\\\/\\\/ppdegalicia.com\\\/es\\\/#\\\/schema\\\/logo\\\/image\\\/\"},\"sameAs\":[\"https:\\\/\\\/www.instagram.com\\\/ppdegalicia\\\/\",\"https:\\\/\\\/x.com\\\/ppdegalicia\",\"https:\\\/\\\/www.tiktok.com\\\/@ppdegalicia\",\"https:\\\/\\\/www.youtube.com\\\/user\\\/ppdegalicia\"]},{\"@type\":\"Person\",\"@id\":\"https:\\\/\\\/ppdegalicia.com\\\/es\\\/#\\\/schema\\\/person\\\/5b822c6f59e872ebdd1142f307dbcb59\",\"name\":\"ppdegaliciaredes\",\"image\":{\"@type\":\"ImageObject\",\"inLanguage\":\"es\",\"@id\":\"https:\\\/\\\/secure.gravatar.com\\\/avatar\\\/3c9179cf0256d00c72a48d1f25783c58b6842cd56e85ef3a572881c8e28ccd59?s=96&d=mm&r=g\",\"url\":\"https:\\\/\\\/secure.gravatar.com\\\/avatar\\\/3c9179cf0256d00c72a48d1f25783c58b6842cd56e85ef3a572881c8e28ccd59?s=96&d=mm&r=g\",\"contentUrl\":\"https:\\\/\\\/secure.gravatar.com\\\/avatar\\\/3c9179cf0256d00c72a48d1f25783c58b6842cd56e85ef3a572881c8e28ccd59?s=96&d=mm&r=g\",\"caption\":\"ppdegaliciaredes\"},\"url\":\"https:\\\/\\\/ppdegalicia.com\\\/es\\\/author\\\/ppdegaliciaredes\\\/\"}]}<\/script>\n<!-- \/ Yoast SEO plugin. -->","yoast_head_json":{"title":"O Parlamento galego insiste na demanda ao Ministerio de Interior de m\u00e1is efectivos para a Unidade de Polic\u00eda Adscrita a Galicia - PP de Galicia","robots":{"index":"index","follow":"follow","max-snippet":"max-snippet:-1","max-image-preview":"max-image-preview:large","max-video-preview":"max-video-preview:-1"},"canonical":"https:\/\/ppdegalicia.com\/es\/o-parlamento-galego-insiste-na-demanda-ao-ministerio-de-interior-de-mais-efectivos-para-a-unidade-de-policia-adscrita-a-galicia\/","og_locale":"es_ES","og_type":"article","og_title":"O Parlamento galego insiste na demanda ao Ministerio de Interior de m\u00e1is efectivos para a Unidade de Polic\u00eda Adscrita a Galicia - PP de Galicia","og_description":"Santiago, 2 de febreiro de 2022.- O Parlamento galego aprobou hoxe a proposici\u00f3n non de lei do Grupo Popular a trav\u00e9s da que se insiste ao Ministerio do Interior para que, a trav\u00e9s da Direcci\u00f3n General da Polic\u00eda, se articule un concurso de m\u00e9ritos na Polic\u00eda Nacional que permita cubrir vacantes na Unidade de Polic\u00eda [&hellip;]","og_url":"https:\/\/ppdegalicia.com\/es\/o-parlamento-galego-insiste-na-demanda-ao-ministerio-de-interior-de-mais-efectivos-para-a-unidade-de-policia-adscrita-a-galicia\/","og_site_name":"PP de Galicia","article_publisher":"https:\/\/www.instagram.com\/ppdegalicia\/","article_published_time":"2022-02-03T05:49:05+00:00","og_image":[{"width":1900,"height":1267,"url":"https:\/\/ppdegalicia.com\/wp-content\/uploads\/2022\/02\/a7bee8a78ec1c08f2d86fa26ffc30ce3.jpg","type":"image\/jpeg"}],"author":"ppdegaliciaredes","twitter_card":"summary_large_image","twitter_creator":"@ppdegalicia","twitter_site":"@ppdegalicia","twitter_misc":{"Escrito por":"ppdegaliciaredes","Tiempo de lectura":"3 minutos"},"schema":{"@context":"https:\/\/schema.org","@graph":[{"@type":"Article","@id":"https:\/\/ppdegalicia.com\/es\/o-parlamento-galego-insiste-na-demanda-ao-ministerio-de-interior-de-mais-efectivos-para-a-unidade-de-policia-adscrita-a-galicia\/#article","isPartOf":{"@id":"https:\/\/ppdegalicia.com\/es\/o-parlamento-galego-insiste-na-demanda-ao-ministerio-de-interior-de-mais-efectivos-para-a-unidade-de-policia-adscrita-a-galicia\/"},"author":{"name":"ppdegaliciaredes","@id":"https:\/\/ppdegalicia.com\/es\/#\/schema\/person\/5b822c6f59e872ebdd1142f307dbcb59"},"headline":"O Parlamento galego insiste na demanda ao Ministerio de Interior de m\u00e1is efectivos para a Unidade de Polic\u00eda Adscrita a Galicia","datePublished":"2022-02-03T05:49:05+00:00","mainEntityOfPage":{"@id":"https:\/\/ppdegalicia.com\/es\/o-parlamento-galego-insiste-na-demanda-ao-ministerio-de-interior-de-mais-efectivos-para-a-unidade-de-policia-adscrita-a-galicia\/"},"wordCount":551,"commentCount":0,"publisher":{"@id":"https:\/\/ppdegalicia.com\/es\/#organization"},"image":{"@id":"https:\/\/ppdegalicia.com\/es\/o-parlamento-galego-insiste-na-demanda-ao-ministerio-de-interior-de-mais-efectivos-para-a-unidade-de-policia-adscrita-a-galicia\/#primaryimage"},"thumbnailUrl":"https:\/\/ppdegalicia.com\/wp-content\/uploads\/2022\/02\/a7bee8a78ec1c08f2d86fa26ffc30ce3.jpg","articleSection":["PP de Galicia"],"inLanguage":"es","potentialAction":[{"@type":"CommentAction","name":"Comment","target":["https:\/\/ppdegalicia.com\/es\/o-parlamento-galego-insiste-na-demanda-ao-ministerio-de-interior-de-mais-efectivos-para-a-unidade-de-policia-adscrita-a-galicia\/#respond"]}]},{"@type":"WebPage","@id":"https:\/\/ppdegalicia.com\/es\/o-parlamento-galego-insiste-na-demanda-ao-ministerio-de-interior-de-mais-efectivos-para-a-unidade-de-policia-adscrita-a-galicia\/","url":"https:\/\/ppdegalicia.com\/es\/o-parlamento-galego-insiste-na-demanda-ao-ministerio-de-interior-de-mais-efectivos-para-a-unidade-de-policia-adscrita-a-galicia\/","name":"O Parlamento galego insiste na demanda ao Ministerio de Interior de m\u00e1is efectivos para a Unidade de Polic\u00eda Adscrita a Galicia - PP de Galicia","isPartOf":{"@id":"https:\/\/ppdegalicia.com\/es\/#website"},"primaryImageOfPage":{"@id":"https:\/\/ppdegalicia.com\/es\/o-parlamento-galego-insiste-na-demanda-ao-ministerio-de-interior-de-mais-efectivos-para-a-unidade-de-policia-adscrita-a-galicia\/#primaryimage"},"image":{"@id":"https:\/\/ppdegalicia.com\/es\/o-parlamento-galego-insiste-na-demanda-ao-ministerio-de-interior-de-mais-efectivos-para-a-unidade-de-policia-adscrita-a-galicia\/#primaryimage"},"thumbnailUrl":"https:\/\/ppdegalicia.com\/wp-content\/uploads\/2022\/02\/a7bee8a78ec1c08f2d86fa26ffc30ce3.jpg","datePublished":"2022-02-03T05:49:05+00:00","breadcrumb":{"@id":"https:\/\/ppdegalicia.com\/es\/o-parlamento-galego-insiste-na-demanda-ao-ministerio-de-interior-de-mais-efectivos-para-a-unidade-de-policia-adscrita-a-galicia\/#breadcrumb"},"inLanguage":"es","potentialAction":[{"@type":"ReadAction","target":["https:\/\/ppdegalicia.com\/es\/o-parlamento-galego-insiste-na-demanda-ao-ministerio-de-interior-de-mais-efectivos-para-a-unidade-de-policia-adscrita-a-galicia\/"]}]},{"@type":"ImageObject","inLanguage":"es","@id":"https:\/\/ppdegalicia.com\/es\/o-parlamento-galego-insiste-na-demanda-ao-ministerio-de-interior-de-mais-efectivos-para-a-unidade-de-policia-adscrita-a-galicia\/#primaryimage","url":"https:\/\/ppdegalicia.com\/wp-content\/uploads\/2022\/02\/a7bee8a78ec1c08f2d86fa26ffc30ce3.jpg","contentUrl":"https:\/\/ppdegalicia.com\/wp-content\/uploads\/2022\/02\/a7bee8a78ec1c08f2d86fa26ffc30ce3.jpg","width":1900,"height":1267},{"@type":"BreadcrumbList","@id":"https:\/\/ppdegalicia.com\/es\/o-parlamento-galego-insiste-na-demanda-ao-ministerio-de-interior-de-mais-efectivos-para-a-unidade-de-policia-adscrita-a-galicia\/#breadcrumb","itemListElement":[{"@type":"ListItem","position":1,"name":"Portada","item":"https:\/\/ppdegalicia.com\/es\/"},{"@type":"ListItem","position":2,"name":"O Parlamento galego insiste na demanda ao Ministerio de Interior de m\u00e1is efectivos para a Unidade de Polic\u00eda Adscrita a Galicia"}]},{"@type":"WebSite","@id":"https:\/\/ppdegalicia.com\/es\/#website","url":"https:\/\/ppdegalicia.com\/es\/","name":"Partido Popular de Galicia","description":"Partido Popular de Galicia","publisher":{"@id":"https:\/\/ppdegalicia.com\/es\/#organization"},"alternateName":"PP de Galicia","potentialAction":[{"@type":"SearchAction","target":{"@type":"EntryPoint","urlTemplate":"https:\/\/ppdegalicia.com\/es\/?s={search_term_string}"},"query-input":{"@type":"PropertyValueSpecification","valueRequired":true,"valueName":"search_term_string"}}],"inLanguage":"es"},{"@type":"Organization","@id":"https:\/\/ppdegalicia.com\/es\/#organization","name":"Partido Popular de Galicia","alternateName":"PP de Galicia","url":"https:\/\/ppdegalicia.com\/es\/","logo":{"@type":"ImageObject","inLanguage":"es","@id":"https:\/\/ppdegalicia.com\/es\/#\/schema\/logo\/image\/","url":"https:\/\/ppdegalicia.com\/wp-content\/uploads\/2023\/04\/logoPP512.png","contentUrl":"https:\/\/ppdegalicia.com\/wp-content\/uploads\/2023\/04\/logoPP512.png","width":512,"height":512,"caption":"Partido Popular de Galicia"},"image":{"@id":"https:\/\/ppdegalicia.com\/es\/#\/schema\/logo\/image\/"},"sameAs":["https:\/\/www.instagram.com\/ppdegalicia\/","https:\/\/x.com\/ppdegalicia","https:\/\/www.tiktok.com\/@ppdegalicia","https:\/\/www.youtube.com\/user\/ppdegalicia"]},{"@type":"Person","@id":"https:\/\/ppdegalicia.com\/es\/#\/schema\/person\/5b822c6f59e872ebdd1142f307dbcb59","name":"ppdegaliciaredes","image":{"@type":"ImageObject","inLanguage":"es","@id":"https:\/\/secure.gravatar.com\/avatar\/3c9179cf0256d00c72a48d1f25783c58b6842cd56e85ef3a572881c8e28ccd59?s=96&d=mm&r=g","url":"https:\/\/secure.gravatar.com\/avatar\/3c9179cf0256d00c72a48d1f25783c58b6842cd56e85ef3a572881c8e28ccd59?s=96&d=mm&r=g","contentUrl":"https:\/\/secure.gravatar.com\/avatar\/3c9179cf0256d00c72a48d1f25783c58b6842cd56e85ef3a572881c8e28ccd59?s=96&d=mm&r=g","caption":"ppdegaliciaredes"},"url":"https:\/\/ppdegalicia.com\/es\/author\/ppdegaliciaredes\/"}]}},"_links":{"self":[{"href":"https:\/\/ppdegalicia.com\/es\/wp-json\/wp\/v2\/posts\/56674","targetHints":{"allow":["GET"]}}],"collection":[{"href":"https:\/\/ppdegalicia.com\/es\/wp-json\/wp\/v2\/posts"}],"about":[{"href":"https:\/\/ppdegalicia.com\/es\/wp-json\/wp\/v2\/types\/post"}],"author":[{"embeddable":true,"href":"https:\/\/ppdegalicia.com\/es\/wp-json\/wp\/v2\/users\/38"}],"replies":[{"embeddable":true,"href":"https:\/\/ppdegalicia.com\/es\/wp-json\/wp\/v2\/comments?post=56674"}],"version-history":[{"count":0,"href":"https:\/\/ppdegalicia.com\/es\/wp-json\/wp\/v2\/posts\/56674\/revisions"}],"wp:featuredmedia":[{"embeddable":true,"href":"https:\/\/ppdegalicia.com\/es\/wp-json\/wp\/v2\/media\/56673"}],"wp:attachment":[{"href":"https:\/\/ppdegalicia.com\/es\/wp-json\/wp\/v2\/media?parent=56674"}],"wp:term":[{"taxonomy":"category","embeddable":true,"href":"https:\/\/ppdegalicia.com\/es\/wp-json\/wp\/v2\/categories?post=56674"},{"taxonomy":"post_tag","embeddable":true,"href":"https:\/\/ppdegalicia.com\/es\/wp-json\/wp\/v2\/tags?post=56674"}],"curies":[{"name":"wp","href":"https:\/\/api.w.org\/{rel}","templated":true}]}}