{"id":56678,"date":"2022-02-03T12:16:42","date_gmt":"2022-02-03T10:16:42","guid":{"rendered":"https:\/\/ppdegalicia.com\/o-ppdeg-incide-no-compromiso-da-xunta-coa-atencion-sanitaria-en-panton-mantendo-o-terceiro-medico-e-a-construcion-do-novo-centro-de-saude\/"},"modified":"2022-02-03T12:16:42","modified_gmt":"2022-02-03T10:16:42","slug":"o-ppdeg-incide-no-compromiso-da-xunta-coa-atencion-sanitaria-en-panton-mantendo-o-terceiro-medico-e-a-construcion-do-novo-centro-de-saude","status":"publish","type":"post","link":"https:\/\/ppdegalicia.com\/es\/o-ppdeg-incide-no-compromiso-da-xunta-coa-atencion-sanitaria-en-panton-mantendo-o-terceiro-medico-e-a-construcion-do-novo-centro-de-saude\/","title":{"rendered":"O PPdeG incide no compromiso da Xunta coa atenci\u00f3n sanitaria en Pant\u00f3n mantendo o terceiro m\u00e9dico e a construci\u00f3n do novo centro de sa\u00fade"},"content":{"rendered":"<p><img fetchpriority=\"high\" decoding=\"async\" class=\" size-full wp-image-56677\" src=\"https:\/\/ppdegalicia.com\/wp-content\/uploads\/2022\/02\/32afc066708b29b45ded7cf39ed09be1.jpg\" alt=\"\" width=\"1900\" height=\"1267\" srcset=\"https:\/\/ppdegalicia.com\/wp-content\/uploads\/2022\/02\/32afc066708b29b45ded7cf39ed09be1.jpg 1900w, https:\/\/ppdegalicia.com\/wp-content\/uploads\/2022\/02\/32afc066708b29b45ded7cf39ed09be1-300x200.jpg 300w, https:\/\/ppdegalicia.com\/wp-content\/uploads\/2022\/02\/32afc066708b29b45ded7cf39ed09be1-1024x683.jpg 1024w, https:\/\/ppdegalicia.com\/wp-content\/uploads\/2022\/02\/32afc066708b29b45ded7cf39ed09be1-768x512.jpg 768w, https:\/\/ppdegalicia.com\/wp-content\/uploads\/2022\/02\/32afc066708b29b45ded7cf39ed09be1-1536x1024.jpg 1536w\" sizes=\"(max-width: 1900px) 100vw, 1900px\" \/><\/p>\n<p>Santiago, 3 de febreiro de 2022.- A portavoz de Sanidade do Grupo Popular, Encarna Amigo, incidiu hoxe no Parlamento galego no compromiso da Xunta de Galicia coa sanidade no concello lucense de Pant\u00f3n, \u201cque se manifesta co cumprimento da reposici\u00f3n do terceiro m\u00e9dico sen amortizar a praza e coa construci\u00f3n dun novo centro de sa\u00fade\u201d.<\/p>\n<p><!--more--><\/p>\n<blockquote class=\"twitter-tweet\">\n<p dir=\"ltr\" lang=\"pt\">?Desde o ano 2009 a <a href=\"https:\/\/twitter.com\/Xunta?ref_src=twsrc%5Etfw\">@Xunta<\/a> constru\u00edu ou reformou 92 centros de sa\u00fade, este \u00e9 o desmantelamento do que vostedes falan,\u00bbchegan tarde e son oportunistas porque c\u00famprese o compromiso dunha terceira praza do centro de sa\u00fade de Pant\u00f3n\u00bb <a href=\"https:\/\/twitter.com\/PPdeLugo?ref_src=twsrc%5Etfw\">@PPdeLugo<\/a> <a href=\"https:\/\/twitter.com\/EncarnaAmigoSER?ref_src=twsrc%5Etfw\">@EncarnaAmigoSER<\/a> <a href=\"https:\/\/t.co\/BlEulrAw01\">pic.twitter.com\/BlEulrAw01<\/a><\/p>\n<p>\u2014 GrupoPopularGalicia (@GrupoPopularGal) <a href=\"https:\/\/twitter.com\/GrupoPopularGal\/status\/1489209413973991428?ref_src=twsrc%5Etfw\">February 3, 2022<\/a><\/p><\/blockquote>\n<p>Encarna Amigo cualificou a BNG e PSdeG de \u201coportunistas\u201d ao debater esta ma\u00f1\u00e1 no Parlamento galego unha iniciativa sobre a atenci\u00f3n sanitaria en Pant\u00f3n, porque \u201cv\u00e1lelles todo para desprestixiar a sanidade en Galicia\u201d. Neste sentido, salientou que \u201co propio conselleiro xa anunciou que se poder\u00e1 un terceiro m\u00e9dico neste concello, que substituir\u00e1 ao facultativo que se xubilou e que ti\u00f1a al\u00ed a s\u00faa praza\u201d.<\/p>\n<p>\u00a0<\/p>\n<p>\u201cEsta praza do m\u00e9dico xubilado non se amortizou, o que pon de manifesto a decisi\u00f3n e o compromiso de continuidade dun terceiro m\u00e9dico en Pant\u00f3n\u201d, salientou a portavoz popular.<\/p>\n<p>\u00a0<\/p>\n<p>Ademais, lembrou que este concello lucense contar\u00e1 cun novo centro de sa\u00fade con espazo para tres m\u00e9dicos.<\/p>\n","protected":false},"excerpt":{"rendered":"<p>Santiago, 3 de febreiro de 2022.- A portavoz de Sanidade do Grupo Popular, Encarna Amigo, incidiu hoxe no Parlamento galego no compromiso da Xunta de Galicia coa sanidade no concello lucense de Pant\u00f3n, \u201cque se manifesta co cumprimento da reposici\u00f3n do terceiro m\u00e9dico sen amortizar a praza e coa construci\u00f3n dun novo centro de sa\u00fade\u201d.<\/p>\n","protected":false},"author":38,"featured_media":56677,"comment_status":"open","ping_status":"open","sticky":false,"template":"","format":"standard","meta":{"_acf_changed":false,"footnotes":""},"categories":[1],"tags":[],"class_list":["post-56678","post","type-post","status-publish","format-standard","has-post-thumbnail","hentry","category-pp-de-galicia"],"acf":[],"yoast_head":"<!-- This site is optimized with the Yoast SEO plugin v27.3 - https:\/\/yoast.com\/product\/yoast-seo-wordpress\/ -->\n<title>O PPdeG incide no compromiso da Xunta coa atenci\u00f3n sanitaria en Pant\u00f3n mantendo o terceiro m\u00e9dico e a construci\u00f3n do novo centro de sa\u00fade - PP de Galicia<\/title>\n<meta name=\"robots\" content=\"index, follow, max-snippet:-1, max-image-preview:large, max-video-preview:-1\" \/>\n<link rel=\"canonical\" href=\"https:\/\/ppdegalicia.com\/es\/o-ppdeg-incide-no-compromiso-da-xunta-coa-atencion-sanitaria-en-panton-mantendo-o-terceiro-medico-e-a-construcion-do-novo-centro-de-saude\/\" \/>\n<meta property=\"og:locale\" content=\"es_ES\" \/>\n<meta property=\"og:type\" content=\"article\" \/>\n<meta property=\"og:title\" content=\"O PPdeG incide no compromiso da Xunta coa atenci\u00f3n sanitaria en Pant\u00f3n mantendo o terceiro m\u00e9dico e a construci\u00f3n do novo centro de sa\u00fade - PP de Galicia\" \/>\n<meta property=\"og:description\" content=\"Santiago, 3 de febreiro de 2022.- A portavoz de Sanidade do Grupo Popular, Encarna Amigo, incidiu hoxe no Parlamento galego no compromiso da Xunta de Galicia coa sanidade no concello lucense de Pant\u00f3n, \u201cque se manifesta co cumprimento da reposici\u00f3n do terceiro m\u00e9dico sen amortizar a praza e coa construci\u00f3n dun novo centro de sa\u00fade\u201d.\" \/>\n<meta property=\"og:url\" content=\"https:\/\/ppdegalicia.com\/es\/o-ppdeg-incide-no-compromiso-da-xunta-coa-atencion-sanitaria-en-panton-mantendo-o-terceiro-medico-e-a-construcion-do-novo-centro-de-saude\/\" \/>\n<meta property=\"og:site_name\" content=\"PP de Galicia\" \/>\n<meta property=\"article:publisher\" content=\"https:\/\/www.instagram.com\/ppdegalicia\/\" \/>\n<meta property=\"article:published_time\" content=\"2022-02-03T10:16:42+00:00\" \/>\n<meta property=\"og:image\" content=\"https:\/\/ppdegalicia.com\/wp-content\/uploads\/2022\/02\/32afc066708b29b45ded7cf39ed09be1.jpg\" \/>\n\t<meta property=\"og:image:width\" content=\"1900\" \/>\n\t<meta property=\"og:image:height\" content=\"1267\" \/>\n\t<meta property=\"og:image:type\" content=\"image\/jpeg\" \/>\n<meta name=\"author\" content=\"ppdegaliciaredes\" \/>\n<meta name=\"twitter:card\" content=\"summary_large_image\" \/>\n<meta name=\"twitter:creator\" content=\"@ppdegalicia\" \/>\n<meta name=\"twitter:site\" content=\"@ppdegalicia\" \/>\n<meta name=\"twitter:label1\" content=\"Escrito por\" \/>\n\t<meta name=\"twitter:data1\" content=\"ppdegaliciaredes\" \/>\n\t<meta name=\"twitter:label2\" content=\"Tiempo de lectura\" \/>\n\t<meta name=\"twitter:data2\" content=\"1 minuto\" \/>\n<script type=\"application\/ld+json\" class=\"yoast-schema-graph\">{\"@context\":\"https:\\\/\\\/schema.org\",\"@graph\":[{\"@type\":\"Article\",\"@id\":\"https:\\\/\\\/ppdegalicia.com\\\/es\\\/o-ppdeg-incide-no-compromiso-da-xunta-coa-atencion-sanitaria-en-panton-mantendo-o-terceiro-medico-e-a-construcion-do-novo-centro-de-saude\\\/#article\",\"isPartOf\":{\"@id\":\"https:\\\/\\\/ppdegalicia.com\\\/es\\\/o-ppdeg-incide-no-compromiso-da-xunta-coa-atencion-sanitaria-en-panton-mantendo-o-terceiro-medico-e-a-construcion-do-novo-centro-de-saude\\\/\"},\"author\":{\"name\":\"ppdegaliciaredes\",\"@id\":\"https:\\\/\\\/ppdegalicia.com\\\/es\\\/#\\\/schema\\\/person\\\/5b822c6f59e872ebdd1142f307dbcb59\"},\"headline\":\"O PPdeG incide no compromiso da Xunta coa atenci\u00f3n sanitaria en Pant\u00f3n mantendo o terceiro m\u00e9dico e a construci\u00f3n do novo centro de sa\u00fade\",\"datePublished\":\"2022-02-03T10:16:42+00:00\",\"mainEntityOfPage\":{\"@id\":\"https:\\\/\\\/ppdegalicia.com\\\/es\\\/o-ppdeg-incide-no-compromiso-da-xunta-coa-atencion-sanitaria-en-panton-mantendo-o-terceiro-medico-e-a-construcion-do-novo-centro-de-saude\\\/\"},\"wordCount\":260,\"commentCount\":0,\"publisher\":{\"@id\":\"https:\\\/\\\/ppdegalicia.com\\\/es\\\/#organization\"},\"image\":{\"@id\":\"https:\\\/\\\/ppdegalicia.com\\\/es\\\/o-ppdeg-incide-no-compromiso-da-xunta-coa-atencion-sanitaria-en-panton-mantendo-o-terceiro-medico-e-a-construcion-do-novo-centro-de-saude\\\/#primaryimage\"},\"thumbnailUrl\":\"https:\\\/\\\/ppdegalicia.com\\\/wp-content\\\/uploads\\\/2022\\\/02\\\/32afc066708b29b45ded7cf39ed09be1.jpg\",\"articleSection\":[\"PP de Galicia\"],\"inLanguage\":\"es\",\"potentialAction\":[{\"@type\":\"CommentAction\",\"name\":\"Comment\",\"target\":[\"https:\\\/\\\/ppdegalicia.com\\\/es\\\/o-ppdeg-incide-no-compromiso-da-xunta-coa-atencion-sanitaria-en-panton-mantendo-o-terceiro-medico-e-a-construcion-do-novo-centro-de-saude\\\/#respond\"]}]},{\"@type\":\"WebPage\",\"@id\":\"https:\\\/\\\/ppdegalicia.com\\\/es\\\/o-ppdeg-incide-no-compromiso-da-xunta-coa-atencion-sanitaria-en-panton-mantendo-o-terceiro-medico-e-a-construcion-do-novo-centro-de-saude\\\/\",\"url\":\"https:\\\/\\\/ppdegalicia.com\\\/es\\\/o-ppdeg-incide-no-compromiso-da-xunta-coa-atencion-sanitaria-en-panton-mantendo-o-terceiro-medico-e-a-construcion-do-novo-centro-de-saude\\\/\",\"name\":\"O PPdeG incide no compromiso da Xunta coa atenci\u00f3n sanitaria en Pant\u00f3n mantendo o terceiro m\u00e9dico e a construci\u00f3n do novo centro de sa\u00fade - PP de Galicia\",\"isPartOf\":{\"@id\":\"https:\\\/\\\/ppdegalicia.com\\\/es\\\/#website\"},\"primaryImageOfPage\":{\"@id\":\"https:\\\/\\\/ppdegalicia.com\\\/es\\\/o-ppdeg-incide-no-compromiso-da-xunta-coa-atencion-sanitaria-en-panton-mantendo-o-terceiro-medico-e-a-construcion-do-novo-centro-de-saude\\\/#primaryimage\"},\"image\":{\"@id\":\"https:\\\/\\\/ppdegalicia.com\\\/es\\\/o-ppdeg-incide-no-compromiso-da-xunta-coa-atencion-sanitaria-en-panton-mantendo-o-terceiro-medico-e-a-construcion-do-novo-centro-de-saude\\\/#primaryimage\"},\"thumbnailUrl\":\"https:\\\/\\\/ppdegalicia.com\\\/wp-content\\\/uploads\\\/2022\\\/02\\\/32afc066708b29b45ded7cf39ed09be1.jpg\",\"datePublished\":\"2022-02-03T10:16:42+00:00\",\"breadcrumb\":{\"@id\":\"https:\\\/\\\/ppdegalicia.com\\\/es\\\/o-ppdeg-incide-no-compromiso-da-xunta-coa-atencion-sanitaria-en-panton-mantendo-o-terceiro-medico-e-a-construcion-do-novo-centro-de-saude\\\/#breadcrumb\"},\"inLanguage\":\"es\",\"potentialAction\":[{\"@type\":\"ReadAction\",\"target\":[\"https:\\\/\\\/ppdegalicia.com\\\/es\\\/o-ppdeg-incide-no-compromiso-da-xunta-coa-atencion-sanitaria-en-panton-mantendo-o-terceiro-medico-e-a-construcion-do-novo-centro-de-saude\\\/\"]}]},{\"@type\":\"ImageObject\",\"inLanguage\":\"es\",\"@id\":\"https:\\\/\\\/ppdegalicia.com\\\/es\\\/o-ppdeg-incide-no-compromiso-da-xunta-coa-atencion-sanitaria-en-panton-mantendo-o-terceiro-medico-e-a-construcion-do-novo-centro-de-saude\\\/#primaryimage\",\"url\":\"https:\\\/\\\/ppdegalicia.com\\\/wp-content\\\/uploads\\\/2022\\\/02\\\/32afc066708b29b45ded7cf39ed09be1.jpg\",\"contentUrl\":\"https:\\\/\\\/ppdegalicia.com\\\/wp-content\\\/uploads\\\/2022\\\/02\\\/32afc066708b29b45ded7cf39ed09be1.jpg\",\"width\":1900,\"height\":1267},{\"@type\":\"BreadcrumbList\",\"@id\":\"https:\\\/\\\/ppdegalicia.com\\\/es\\\/o-ppdeg-incide-no-compromiso-da-xunta-coa-atencion-sanitaria-en-panton-mantendo-o-terceiro-medico-e-a-construcion-do-novo-centro-de-saude\\\/#breadcrumb\",\"itemListElement\":[{\"@type\":\"ListItem\",\"position\":1,\"name\":\"Portada\",\"item\":\"https:\\\/\\\/ppdegalicia.com\\\/es\\\/\"},{\"@type\":\"ListItem\",\"position\":2,\"name\":\"O PPdeG incide no compromiso da Xunta coa atenci\u00f3n sanitaria en Pant\u00f3n mantendo o terceiro m\u00e9dico e a construci\u00f3n do novo centro de sa\u00fade\"}]},{\"@type\":\"WebSite\",\"@id\":\"https:\\\/\\\/ppdegalicia.com\\\/es\\\/#website\",\"url\":\"https:\\\/\\\/ppdegalicia.com\\\/es\\\/\",\"name\":\"Partido Popular de Galicia\",\"description\":\"Partido Popular de Galicia\",\"publisher\":{\"@id\":\"https:\\\/\\\/ppdegalicia.com\\\/es\\\/#organization\"},\"alternateName\":\"PP de Galicia\",\"potentialAction\":[{\"@type\":\"SearchAction\",\"target\":{\"@type\":\"EntryPoint\",\"urlTemplate\":\"https:\\\/\\\/ppdegalicia.com\\\/es\\\/?s={search_term_string}\"},\"query-input\":{\"@type\":\"PropertyValueSpecification\",\"valueRequired\":true,\"valueName\":\"search_term_string\"}}],\"inLanguage\":\"es\"},{\"@type\":\"Organization\",\"@id\":\"https:\\\/\\\/ppdegalicia.com\\\/es\\\/#organization\",\"name\":\"Partido Popular de Galicia\",\"alternateName\":\"PP de Galicia\",\"url\":\"https:\\\/\\\/ppdegalicia.com\\\/es\\\/\",\"logo\":{\"@type\":\"ImageObject\",\"inLanguage\":\"es\",\"@id\":\"https:\\\/\\\/ppdegalicia.com\\\/es\\\/#\\\/schema\\\/logo\\\/image\\\/\",\"url\":\"https:\\\/\\\/ppdegalicia.com\\\/wp-content\\\/uploads\\\/2023\\\/04\\\/logoPP512.png\",\"contentUrl\":\"https:\\\/\\\/ppdegalicia.com\\\/wp-content\\\/uploads\\\/2023\\\/04\\\/logoPP512.png\",\"width\":512,\"height\":512,\"caption\":\"Partido Popular de Galicia\"},\"image\":{\"@id\":\"https:\\\/\\\/ppdegalicia.com\\\/es\\\/#\\\/schema\\\/logo\\\/image\\\/\"},\"sameAs\":[\"https:\\\/\\\/www.instagram.com\\\/ppdegalicia\\\/\",\"https:\\\/\\\/x.com\\\/ppdegalicia\",\"https:\\\/\\\/www.tiktok.com\\\/@ppdegalicia\",\"https:\\\/\\\/www.youtube.com\\\/user\\\/ppdegalicia\"]},{\"@type\":\"Person\",\"@id\":\"https:\\\/\\\/ppdegalicia.com\\\/es\\\/#\\\/schema\\\/person\\\/5b822c6f59e872ebdd1142f307dbcb59\",\"name\":\"ppdegaliciaredes\",\"image\":{\"@type\":\"ImageObject\",\"inLanguage\":\"es\",\"@id\":\"https:\\\/\\\/secure.gravatar.com\\\/avatar\\\/3c9179cf0256d00c72a48d1f25783c58b6842cd56e85ef3a572881c8e28ccd59?s=96&d=mm&r=g\",\"url\":\"https:\\\/\\\/secure.gravatar.com\\\/avatar\\\/3c9179cf0256d00c72a48d1f25783c58b6842cd56e85ef3a572881c8e28ccd59?s=96&d=mm&r=g\",\"contentUrl\":\"https:\\\/\\\/secure.gravatar.com\\\/avatar\\\/3c9179cf0256d00c72a48d1f25783c58b6842cd56e85ef3a572881c8e28ccd59?s=96&d=mm&r=g\",\"caption\":\"ppdegaliciaredes\"},\"url\":\"https:\\\/\\\/ppdegalicia.com\\\/es\\\/author\\\/ppdegaliciaredes\\\/\"}]}<\/script>\n<!-- \/ Yoast SEO plugin. -->","yoast_head_json":{"title":"O PPdeG incide no compromiso da Xunta coa atenci\u00f3n sanitaria en Pant\u00f3n mantendo o terceiro m\u00e9dico e a construci\u00f3n do novo centro de sa\u00fade - PP de Galicia","robots":{"index":"index","follow":"follow","max-snippet":"max-snippet:-1","max-image-preview":"max-image-preview:large","max-video-preview":"max-video-preview:-1"},"canonical":"https:\/\/ppdegalicia.com\/es\/o-ppdeg-incide-no-compromiso-da-xunta-coa-atencion-sanitaria-en-panton-mantendo-o-terceiro-medico-e-a-construcion-do-novo-centro-de-saude\/","og_locale":"es_ES","og_type":"article","og_title":"O PPdeG incide no compromiso da Xunta coa atenci\u00f3n sanitaria en Pant\u00f3n mantendo o terceiro m\u00e9dico e a construci\u00f3n do novo centro de sa\u00fade - PP de Galicia","og_description":"Santiago, 3 de febreiro de 2022.- A portavoz de Sanidade do Grupo Popular, Encarna Amigo, incidiu hoxe no Parlamento galego no compromiso da Xunta de Galicia coa sanidade no concello lucense de Pant\u00f3n, \u201cque se manifesta co cumprimento da reposici\u00f3n do terceiro m\u00e9dico sen amortizar a praza e coa construci\u00f3n dun novo centro de sa\u00fade\u201d.","og_url":"https:\/\/ppdegalicia.com\/es\/o-ppdeg-incide-no-compromiso-da-xunta-coa-atencion-sanitaria-en-panton-mantendo-o-terceiro-medico-e-a-construcion-do-novo-centro-de-saude\/","og_site_name":"PP de Galicia","article_publisher":"https:\/\/www.instagram.com\/ppdegalicia\/","article_published_time":"2022-02-03T10:16:42+00:00","og_image":[{"width":1900,"height":1267,"url":"https:\/\/ppdegalicia.com\/wp-content\/uploads\/2022\/02\/32afc066708b29b45ded7cf39ed09be1.jpg","type":"image\/jpeg"}],"author":"ppdegaliciaredes","twitter_card":"summary_large_image","twitter_creator":"@ppdegalicia","twitter_site":"@ppdegalicia","twitter_misc":{"Escrito por":"ppdegaliciaredes","Tiempo de lectura":"1 minuto"},"schema":{"@context":"https:\/\/schema.org","@graph":[{"@type":"Article","@id":"https:\/\/ppdegalicia.com\/es\/o-ppdeg-incide-no-compromiso-da-xunta-coa-atencion-sanitaria-en-panton-mantendo-o-terceiro-medico-e-a-construcion-do-novo-centro-de-saude\/#article","isPartOf":{"@id":"https:\/\/ppdegalicia.com\/es\/o-ppdeg-incide-no-compromiso-da-xunta-coa-atencion-sanitaria-en-panton-mantendo-o-terceiro-medico-e-a-construcion-do-novo-centro-de-saude\/"},"author":{"name":"ppdegaliciaredes","@id":"https:\/\/ppdegalicia.com\/es\/#\/schema\/person\/5b822c6f59e872ebdd1142f307dbcb59"},"headline":"O PPdeG incide no compromiso da Xunta coa atenci\u00f3n sanitaria en Pant\u00f3n mantendo o terceiro m\u00e9dico e a construci\u00f3n do novo centro de sa\u00fade","datePublished":"2022-02-03T10:16:42+00:00","mainEntityOfPage":{"@id":"https:\/\/ppdegalicia.com\/es\/o-ppdeg-incide-no-compromiso-da-xunta-coa-atencion-sanitaria-en-panton-mantendo-o-terceiro-medico-e-a-construcion-do-novo-centro-de-saude\/"},"wordCount":260,"commentCount":0,"publisher":{"@id":"https:\/\/ppdegalicia.com\/es\/#organization"},"image":{"@id":"https:\/\/ppdegalicia.com\/es\/o-ppdeg-incide-no-compromiso-da-xunta-coa-atencion-sanitaria-en-panton-mantendo-o-terceiro-medico-e-a-construcion-do-novo-centro-de-saude\/#primaryimage"},"thumbnailUrl":"https:\/\/ppdegalicia.com\/wp-content\/uploads\/2022\/02\/32afc066708b29b45ded7cf39ed09be1.jpg","articleSection":["PP de Galicia"],"inLanguage":"es","potentialAction":[{"@type":"CommentAction","name":"Comment","target":["https:\/\/ppdegalicia.com\/es\/o-ppdeg-incide-no-compromiso-da-xunta-coa-atencion-sanitaria-en-panton-mantendo-o-terceiro-medico-e-a-construcion-do-novo-centro-de-saude\/#respond"]}]},{"@type":"WebPage","@id":"https:\/\/ppdegalicia.com\/es\/o-ppdeg-incide-no-compromiso-da-xunta-coa-atencion-sanitaria-en-panton-mantendo-o-terceiro-medico-e-a-construcion-do-novo-centro-de-saude\/","url":"https:\/\/ppdegalicia.com\/es\/o-ppdeg-incide-no-compromiso-da-xunta-coa-atencion-sanitaria-en-panton-mantendo-o-terceiro-medico-e-a-construcion-do-novo-centro-de-saude\/","name":"O PPdeG incide no compromiso da Xunta coa atenci\u00f3n sanitaria en Pant\u00f3n mantendo o terceiro m\u00e9dico e a construci\u00f3n do novo centro de sa\u00fade - PP de Galicia","isPartOf":{"@id":"https:\/\/ppdegalicia.com\/es\/#website"},"primaryImageOfPage":{"@id":"https:\/\/ppdegalicia.com\/es\/o-ppdeg-incide-no-compromiso-da-xunta-coa-atencion-sanitaria-en-panton-mantendo-o-terceiro-medico-e-a-construcion-do-novo-centro-de-saude\/#primaryimage"},"image":{"@id":"https:\/\/ppdegalicia.com\/es\/o-ppdeg-incide-no-compromiso-da-xunta-coa-atencion-sanitaria-en-panton-mantendo-o-terceiro-medico-e-a-construcion-do-novo-centro-de-saude\/#primaryimage"},"thumbnailUrl":"https:\/\/ppdegalicia.com\/wp-content\/uploads\/2022\/02\/32afc066708b29b45ded7cf39ed09be1.jpg","datePublished":"2022-02-03T10:16:42+00:00","breadcrumb":{"@id":"https:\/\/ppdegalicia.com\/es\/o-ppdeg-incide-no-compromiso-da-xunta-coa-atencion-sanitaria-en-panton-mantendo-o-terceiro-medico-e-a-construcion-do-novo-centro-de-saude\/#breadcrumb"},"inLanguage":"es","potentialAction":[{"@type":"ReadAction","target":["https:\/\/ppdegalicia.com\/es\/o-ppdeg-incide-no-compromiso-da-xunta-coa-atencion-sanitaria-en-panton-mantendo-o-terceiro-medico-e-a-construcion-do-novo-centro-de-saude\/"]}]},{"@type":"ImageObject","inLanguage":"es","@id":"https:\/\/ppdegalicia.com\/es\/o-ppdeg-incide-no-compromiso-da-xunta-coa-atencion-sanitaria-en-panton-mantendo-o-terceiro-medico-e-a-construcion-do-novo-centro-de-saude\/#primaryimage","url":"https:\/\/ppdegalicia.com\/wp-content\/uploads\/2022\/02\/32afc066708b29b45ded7cf39ed09be1.jpg","contentUrl":"https:\/\/ppdegalicia.com\/wp-content\/uploads\/2022\/02\/32afc066708b29b45ded7cf39ed09be1.jpg","width":1900,"height":1267},{"@type":"BreadcrumbList","@id":"https:\/\/ppdegalicia.com\/es\/o-ppdeg-incide-no-compromiso-da-xunta-coa-atencion-sanitaria-en-panton-mantendo-o-terceiro-medico-e-a-construcion-do-novo-centro-de-saude\/#breadcrumb","itemListElement":[{"@type":"ListItem","position":1,"name":"Portada","item":"https:\/\/ppdegalicia.com\/es\/"},{"@type":"ListItem","position":2,"name":"O PPdeG incide no compromiso da Xunta coa atenci\u00f3n sanitaria en Pant\u00f3n mantendo o terceiro m\u00e9dico e a construci\u00f3n do novo centro de sa\u00fade"}]},{"@type":"WebSite","@id":"https:\/\/ppdegalicia.com\/es\/#website","url":"https:\/\/ppdegalicia.com\/es\/","name":"Partido Popular de Galicia","description":"Partido Popular de Galicia","publisher":{"@id":"https:\/\/ppdegalicia.com\/es\/#organization"},"alternateName":"PP de Galicia","potentialAction":[{"@type":"SearchAction","target":{"@type":"EntryPoint","urlTemplate":"https:\/\/ppdegalicia.com\/es\/?s={search_term_string}"},"query-input":{"@type":"PropertyValueSpecification","valueRequired":true,"valueName":"search_term_string"}}],"inLanguage":"es"},{"@type":"Organization","@id":"https:\/\/ppdegalicia.com\/es\/#organization","name":"Partido Popular de Galicia","alternateName":"PP de Galicia","url":"https:\/\/ppdegalicia.com\/es\/","logo":{"@type":"ImageObject","inLanguage":"es","@id":"https:\/\/ppdegalicia.com\/es\/#\/schema\/logo\/image\/","url":"https:\/\/ppdegalicia.com\/wp-content\/uploads\/2023\/04\/logoPP512.png","contentUrl":"https:\/\/ppdegalicia.com\/wp-content\/uploads\/2023\/04\/logoPP512.png","width":512,"height":512,"caption":"Partido Popular de Galicia"},"image":{"@id":"https:\/\/ppdegalicia.com\/es\/#\/schema\/logo\/image\/"},"sameAs":["https:\/\/www.instagram.com\/ppdegalicia\/","https:\/\/x.com\/ppdegalicia","https:\/\/www.tiktok.com\/@ppdegalicia","https:\/\/www.youtube.com\/user\/ppdegalicia"]},{"@type":"Person","@id":"https:\/\/ppdegalicia.com\/es\/#\/schema\/person\/5b822c6f59e872ebdd1142f307dbcb59","name":"ppdegaliciaredes","image":{"@type":"ImageObject","inLanguage":"es","@id":"https:\/\/secure.gravatar.com\/avatar\/3c9179cf0256d00c72a48d1f25783c58b6842cd56e85ef3a572881c8e28ccd59?s=96&d=mm&r=g","url":"https:\/\/secure.gravatar.com\/avatar\/3c9179cf0256d00c72a48d1f25783c58b6842cd56e85ef3a572881c8e28ccd59?s=96&d=mm&r=g","contentUrl":"https:\/\/secure.gravatar.com\/avatar\/3c9179cf0256d00c72a48d1f25783c58b6842cd56e85ef3a572881c8e28ccd59?s=96&d=mm&r=g","caption":"ppdegaliciaredes"},"url":"https:\/\/ppdegalicia.com\/es\/author\/ppdegaliciaredes\/"}]}},"_links":{"self":[{"href":"https:\/\/ppdegalicia.com\/es\/wp-json\/wp\/v2\/posts\/56678","targetHints":{"allow":["GET"]}}],"collection":[{"href":"https:\/\/ppdegalicia.com\/es\/wp-json\/wp\/v2\/posts"}],"about":[{"href":"https:\/\/ppdegalicia.com\/es\/wp-json\/wp\/v2\/types\/post"}],"author":[{"embeddable":true,"href":"https:\/\/ppdegalicia.com\/es\/wp-json\/wp\/v2\/users\/38"}],"replies":[{"embeddable":true,"href":"https:\/\/ppdegalicia.com\/es\/wp-json\/wp\/v2\/comments?post=56678"}],"version-history":[{"count":0,"href":"https:\/\/ppdegalicia.com\/es\/wp-json\/wp\/v2\/posts\/56678\/revisions"}],"wp:featuredmedia":[{"embeddable":true,"href":"https:\/\/ppdegalicia.com\/es\/wp-json\/wp\/v2\/media\/56677"}],"wp:attachment":[{"href":"https:\/\/ppdegalicia.com\/es\/wp-json\/wp\/v2\/media?parent=56678"}],"wp:term":[{"taxonomy":"category","embeddable":true,"href":"https:\/\/ppdegalicia.com\/es\/wp-json\/wp\/v2\/categories?post=56678"},{"taxonomy":"post_tag","embeddable":true,"href":"https:\/\/ppdegalicia.com\/es\/wp-json\/wp\/v2\/tags?post=56678"}],"curies":[{"name":"wp","href":"https:\/\/api.w.org\/{rel}","templated":true}]}}