{"id":56682,"date":"2022-02-03T12:33:53","date_gmt":"2022-02-03T10:33:53","guid":{"rendered":"https:\/\/ppdegalicia.com\/o-ppdeg-asegura-que-o-hado-do-hospital-da-marina-atende-a-todos-os-pacientes-e-sen-criterio-xeografico\/"},"modified":"2022-02-03T12:33:53","modified_gmt":"2022-02-03T10:33:53","slug":"o-ppdeg-asegura-que-o-hado-do-hospital-da-marina-atende-a-todos-os-pacientes-e-sen-criterio-xeografico","status":"publish","type":"post","link":"https:\/\/ppdegalicia.com\/es\/o-ppdeg-asegura-que-o-hado-do-hospital-da-marina-atende-a-todos-os-pacientes-e-sen-criterio-xeografico\/","title":{"rendered":"O PPdeG asegura que o HADO do Hospital da Mari\u00f1a atende a todos os pacientes e sen criterio xeogr\u00e1fico"},"content":{"rendered":"<p><img fetchpriority=\"high\" decoding=\"async\" class=\" size-full wp-image-56681\" src=\"https:\/\/ppdegalicia.com\/wp-content\/uploads\/2022\/02\/753ddb3ad2bc9df885c8a50bc4c8b9ff.jpg\" alt=\"\" width=\"1900\" height=\"1267\" srcset=\"https:\/\/ppdegalicia.com\/wp-content\/uploads\/2022\/02\/753ddb3ad2bc9df885c8a50bc4c8b9ff.jpg 1900w, https:\/\/ppdegalicia.com\/wp-content\/uploads\/2022\/02\/753ddb3ad2bc9df885c8a50bc4c8b9ff-300x200.jpg 300w, https:\/\/ppdegalicia.com\/wp-content\/uploads\/2022\/02\/753ddb3ad2bc9df885c8a50bc4c8b9ff-1024x683.jpg 1024w, https:\/\/ppdegalicia.com\/wp-content\/uploads\/2022\/02\/753ddb3ad2bc9df885c8a50bc4c8b9ff-768x512.jpg 768w, https:\/\/ppdegalicia.com\/wp-content\/uploads\/2022\/02\/753ddb3ad2bc9df885c8a50bc4c8b9ff-1536x1024.jpg 1536w\" sizes=\"(max-width: 1900px) 100vw, 1900px\" \/><\/p>\n<p>Santiago, 3 de febreiro de 2022.- A portavoz de Sanidade do Grupo Popular, Encarna Amigo, asegurou hoxe no Parlamento galego que \u201cnon hai ning\u00fan paciente desatendido polo servizo de hospitalizaci\u00f3n a domicilio do Hospital da Mari\u00f1a, nin tampouco criterio xeogr\u00e1fico alg\u00fan para non atender aos pacientes dun ou doutro concello\u201d.<\/p>\n<p><!--more--><\/p>\n<p>\u201cDeixen de desprestixiar con alertas infundadas a situaci\u00f3n deste Hospital, ese que BNG e PSdeG dic\u00edan que iamos pechar cando a realidade \u00e9 que, a pesar das dificultades, hoxe ten m\u00e1is servizos, mellor tecnolox\u00eda, m\u00e1is persoal e espazo que cando gobernaba o bipartito\u201d, salientou.<\/p>\n<p>\u00a0<\/p>\n<p>Encarna Amigo explicou que a unidade de hospitalizaci\u00f3n a domicilio do Hospital da Mari\u00f1a da cobertura aos 14 concellos deste distrito sanitario e o seu \u00e1mbito territorial non sufriu ningunha variaci\u00f3n, nin no que atinxe \u00e1 dotaci\u00f3n de recursos humanos nin en canto a medios t\u00e9cnicos ou cobertura territorial. En concreto, Encarna Amigo dixo que \u201ca dotaci\u00f3n de persoal m\u00e9dico desta unidade de hospitalizaci\u00f3n a domicilio segue a ser de tres equipos asistenciais\u201d.<\/p>\n<p>\u00a0<\/p>\n<p><strong>ATENDER AO MAIOR N\u00daMERO DE PERSOAS<\/strong><\/p>\n<p>\u00a0<\/p>\n<p>Na s\u00faa intervenci\u00f3n, a portavoz popular demandou a BNG e PSdeG que \u201cnon confundan aos cidad\u00e1ns, porque non se fai ningunha distinci\u00f3n territorial nin se deixa de atender aos pacientes de calquera concello, nin tampouco se reduciu o n\u00famero de concellos adscritos \u00e1 unidade de HADO da Mari\u00f1a\u201d.<\/p>\n<p>\u00a0<\/p>\n<p>\u201cNa valoraci\u00f3n dos pacientes, tendo en conta criterios cl\u00ednicos en funci\u00f3n da s\u00faa patolox\u00eda, desde o HADO da Mari\u00f1a t\u00e9ntase atender ao maior n\u00famero de persoas, con independencia do lugar de residencia dentro deste distrito sanitario\u201d, asegurou Amigo.<\/p>\n<p>\u00a0<\/p>\n<p>Para rematar, lembrou que o servizo de hospitalizaci\u00f3n a domicilio \u00e9 un complemento asistencial \u00e1 hospitalizaci\u00f3n convencional, \u201cpolo que no caso de que un paciente ingrese en HADO este ser\u00e1 atendido no servizo asistencial que requira a s\u00faa patolox\u00eda\u201d. \u201c\u00c9 un modelo de atenci\u00f3n cara ao futuro, centrado nas necesidades do paciente e moi valorado tanto por eles como polas s\u00faas familias\u201d, sinalou.<\/p>\n","protected":false},"excerpt":{"rendered":"<p>Santiago, 3 de febreiro de 2022.- A portavoz de Sanidade do Grupo Popular, Encarna Amigo, asegurou hoxe no Parlamento galego que \u201cnon hai ning\u00fan paciente desatendido polo servizo de hospitalizaci\u00f3n a domicilio do Hospital da Mari\u00f1a, nin tampouco criterio xeogr\u00e1fico alg\u00fan para non atender aos pacientes dun ou doutro concello\u201d.<\/p>\n","protected":false},"author":38,"featured_media":56681,"comment_status":"open","ping_status":"open","sticky":false,"template":"","format":"standard","meta":{"_acf_changed":false,"footnotes":""},"categories":[1],"tags":[],"class_list":["post-56682","post","type-post","status-publish","format-standard","has-post-thumbnail","hentry","category-pp-de-galicia"],"acf":[],"yoast_head":"<!-- This site is optimized with the Yoast SEO plugin v27.3 - https:\/\/yoast.com\/product\/yoast-seo-wordpress\/ -->\n<title>O PPdeG asegura que o HADO do Hospital da Mari\u00f1a atende a todos os pacientes e sen criterio xeogr\u00e1fico - PP de Galicia<\/title>\n<meta name=\"robots\" content=\"index, follow, max-snippet:-1, max-image-preview:large, max-video-preview:-1\" \/>\n<link rel=\"canonical\" href=\"https:\/\/ppdegalicia.com\/es\/o-ppdeg-asegura-que-o-hado-do-hospital-da-marina-atende-a-todos-os-pacientes-e-sen-criterio-xeografico\/\" \/>\n<meta property=\"og:locale\" content=\"es_ES\" \/>\n<meta property=\"og:type\" content=\"article\" \/>\n<meta property=\"og:title\" content=\"O PPdeG asegura que o HADO do Hospital da Mari\u00f1a atende a todos os pacientes e sen criterio xeogr\u00e1fico - PP de Galicia\" \/>\n<meta property=\"og:description\" content=\"Santiago, 3 de febreiro de 2022.- A portavoz de Sanidade do Grupo Popular, Encarna Amigo, asegurou hoxe no Parlamento galego que \u201cnon hai ning\u00fan paciente desatendido polo servizo de hospitalizaci\u00f3n a domicilio do Hospital da Mari\u00f1a, nin tampouco criterio xeogr\u00e1fico alg\u00fan para non atender aos pacientes dun ou doutro concello\u201d.\" \/>\n<meta property=\"og:url\" content=\"https:\/\/ppdegalicia.com\/es\/o-ppdeg-asegura-que-o-hado-do-hospital-da-marina-atende-a-todos-os-pacientes-e-sen-criterio-xeografico\/\" \/>\n<meta property=\"og:site_name\" content=\"PP de Galicia\" \/>\n<meta property=\"article:publisher\" content=\"https:\/\/www.instagram.com\/ppdegalicia\/\" \/>\n<meta property=\"article:published_time\" content=\"2022-02-03T10:33:53+00:00\" \/>\n<meta property=\"og:image\" content=\"https:\/\/ppdegalicia.com\/wp-content\/uploads\/2022\/02\/753ddb3ad2bc9df885c8a50bc4c8b9ff.jpg\" \/>\n\t<meta property=\"og:image:width\" content=\"1900\" \/>\n\t<meta property=\"og:image:height\" content=\"1267\" \/>\n\t<meta property=\"og:image:type\" content=\"image\/jpeg\" \/>\n<meta name=\"author\" content=\"ppdegaliciaredes\" \/>\n<meta name=\"twitter:card\" content=\"summary_large_image\" \/>\n<meta name=\"twitter:creator\" content=\"@ppdegalicia\" \/>\n<meta name=\"twitter:site\" content=\"@ppdegalicia\" \/>\n<meta name=\"twitter:label1\" content=\"Escrito por\" \/>\n\t<meta name=\"twitter:data1\" content=\"ppdegaliciaredes\" \/>\n\t<meta name=\"twitter:label2\" content=\"Tiempo de lectura\" \/>\n\t<meta name=\"twitter:data2\" content=\"2 minutos\" \/>\n<script type=\"application\/ld+json\" class=\"yoast-schema-graph\">{\"@context\":\"https:\\\/\\\/schema.org\",\"@graph\":[{\"@type\":\"Article\",\"@id\":\"https:\\\/\\\/ppdegalicia.com\\\/es\\\/o-ppdeg-asegura-que-o-hado-do-hospital-da-marina-atende-a-todos-os-pacientes-e-sen-criterio-xeografico\\\/#article\",\"isPartOf\":{\"@id\":\"https:\\\/\\\/ppdegalicia.com\\\/es\\\/o-ppdeg-asegura-que-o-hado-do-hospital-da-marina-atende-a-todos-os-pacientes-e-sen-criterio-xeografico\\\/\"},\"author\":{\"name\":\"ppdegaliciaredes\",\"@id\":\"https:\\\/\\\/ppdegalicia.com\\\/es\\\/#\\\/schema\\\/person\\\/5b822c6f59e872ebdd1142f307dbcb59\"},\"headline\":\"O PPdeG asegura que o HADO do Hospital da Mari\u00f1a atende a todos os pacientes e sen criterio xeogr\u00e1fico\",\"datePublished\":\"2022-02-03T10:33:53+00:00\",\"mainEntityOfPage\":{\"@id\":\"https:\\\/\\\/ppdegalicia.com\\\/es\\\/o-ppdeg-asegura-que-o-hado-do-hospital-da-marina-atende-a-todos-os-pacientes-e-sen-criterio-xeografico\\\/\"},\"wordCount\":374,\"commentCount\":0,\"publisher\":{\"@id\":\"https:\\\/\\\/ppdegalicia.com\\\/es\\\/#organization\"},\"image\":{\"@id\":\"https:\\\/\\\/ppdegalicia.com\\\/es\\\/o-ppdeg-asegura-que-o-hado-do-hospital-da-marina-atende-a-todos-os-pacientes-e-sen-criterio-xeografico\\\/#primaryimage\"},\"thumbnailUrl\":\"https:\\\/\\\/ppdegalicia.com\\\/wp-content\\\/uploads\\\/2022\\\/02\\\/753ddb3ad2bc9df885c8a50bc4c8b9ff.jpg\",\"articleSection\":[\"PP de Galicia\"],\"inLanguage\":\"es\",\"potentialAction\":[{\"@type\":\"CommentAction\",\"name\":\"Comment\",\"target\":[\"https:\\\/\\\/ppdegalicia.com\\\/es\\\/o-ppdeg-asegura-que-o-hado-do-hospital-da-marina-atende-a-todos-os-pacientes-e-sen-criterio-xeografico\\\/#respond\"]}]},{\"@type\":\"WebPage\",\"@id\":\"https:\\\/\\\/ppdegalicia.com\\\/es\\\/o-ppdeg-asegura-que-o-hado-do-hospital-da-marina-atende-a-todos-os-pacientes-e-sen-criterio-xeografico\\\/\",\"url\":\"https:\\\/\\\/ppdegalicia.com\\\/es\\\/o-ppdeg-asegura-que-o-hado-do-hospital-da-marina-atende-a-todos-os-pacientes-e-sen-criterio-xeografico\\\/\",\"name\":\"O PPdeG asegura que o HADO do Hospital da Mari\u00f1a atende a todos os pacientes e sen criterio xeogr\u00e1fico - PP de Galicia\",\"isPartOf\":{\"@id\":\"https:\\\/\\\/ppdegalicia.com\\\/es\\\/#website\"},\"primaryImageOfPage\":{\"@id\":\"https:\\\/\\\/ppdegalicia.com\\\/es\\\/o-ppdeg-asegura-que-o-hado-do-hospital-da-marina-atende-a-todos-os-pacientes-e-sen-criterio-xeografico\\\/#primaryimage\"},\"image\":{\"@id\":\"https:\\\/\\\/ppdegalicia.com\\\/es\\\/o-ppdeg-asegura-que-o-hado-do-hospital-da-marina-atende-a-todos-os-pacientes-e-sen-criterio-xeografico\\\/#primaryimage\"},\"thumbnailUrl\":\"https:\\\/\\\/ppdegalicia.com\\\/wp-content\\\/uploads\\\/2022\\\/02\\\/753ddb3ad2bc9df885c8a50bc4c8b9ff.jpg\",\"datePublished\":\"2022-02-03T10:33:53+00:00\",\"breadcrumb\":{\"@id\":\"https:\\\/\\\/ppdegalicia.com\\\/es\\\/o-ppdeg-asegura-que-o-hado-do-hospital-da-marina-atende-a-todos-os-pacientes-e-sen-criterio-xeografico\\\/#breadcrumb\"},\"inLanguage\":\"es\",\"potentialAction\":[{\"@type\":\"ReadAction\",\"target\":[\"https:\\\/\\\/ppdegalicia.com\\\/es\\\/o-ppdeg-asegura-que-o-hado-do-hospital-da-marina-atende-a-todos-os-pacientes-e-sen-criterio-xeografico\\\/\"]}]},{\"@type\":\"ImageObject\",\"inLanguage\":\"es\",\"@id\":\"https:\\\/\\\/ppdegalicia.com\\\/es\\\/o-ppdeg-asegura-que-o-hado-do-hospital-da-marina-atende-a-todos-os-pacientes-e-sen-criterio-xeografico\\\/#primaryimage\",\"url\":\"https:\\\/\\\/ppdegalicia.com\\\/wp-content\\\/uploads\\\/2022\\\/02\\\/753ddb3ad2bc9df885c8a50bc4c8b9ff.jpg\",\"contentUrl\":\"https:\\\/\\\/ppdegalicia.com\\\/wp-content\\\/uploads\\\/2022\\\/02\\\/753ddb3ad2bc9df885c8a50bc4c8b9ff.jpg\",\"width\":1900,\"height\":1267},{\"@type\":\"BreadcrumbList\",\"@id\":\"https:\\\/\\\/ppdegalicia.com\\\/es\\\/o-ppdeg-asegura-que-o-hado-do-hospital-da-marina-atende-a-todos-os-pacientes-e-sen-criterio-xeografico\\\/#breadcrumb\",\"itemListElement\":[{\"@type\":\"ListItem\",\"position\":1,\"name\":\"Portada\",\"item\":\"https:\\\/\\\/ppdegalicia.com\\\/es\\\/\"},{\"@type\":\"ListItem\",\"position\":2,\"name\":\"O PPdeG asegura que o HADO do Hospital da Mari\u00f1a atende a todos os pacientes e sen criterio xeogr\u00e1fico\"}]},{\"@type\":\"WebSite\",\"@id\":\"https:\\\/\\\/ppdegalicia.com\\\/es\\\/#website\",\"url\":\"https:\\\/\\\/ppdegalicia.com\\\/es\\\/\",\"name\":\"Partido Popular de Galicia\",\"description\":\"Partido Popular de Galicia\",\"publisher\":{\"@id\":\"https:\\\/\\\/ppdegalicia.com\\\/es\\\/#organization\"},\"alternateName\":\"PP de Galicia\",\"potentialAction\":[{\"@type\":\"SearchAction\",\"target\":{\"@type\":\"EntryPoint\",\"urlTemplate\":\"https:\\\/\\\/ppdegalicia.com\\\/es\\\/?s={search_term_string}\"},\"query-input\":{\"@type\":\"PropertyValueSpecification\",\"valueRequired\":true,\"valueName\":\"search_term_string\"}}],\"inLanguage\":\"es\"},{\"@type\":\"Organization\",\"@id\":\"https:\\\/\\\/ppdegalicia.com\\\/es\\\/#organization\",\"name\":\"Partido Popular de Galicia\",\"alternateName\":\"PP de Galicia\",\"url\":\"https:\\\/\\\/ppdegalicia.com\\\/es\\\/\",\"logo\":{\"@type\":\"ImageObject\",\"inLanguage\":\"es\",\"@id\":\"https:\\\/\\\/ppdegalicia.com\\\/es\\\/#\\\/schema\\\/logo\\\/image\\\/\",\"url\":\"https:\\\/\\\/ppdegalicia.com\\\/wp-content\\\/uploads\\\/2023\\\/04\\\/logoPP512.png\",\"contentUrl\":\"https:\\\/\\\/ppdegalicia.com\\\/wp-content\\\/uploads\\\/2023\\\/04\\\/logoPP512.png\",\"width\":512,\"height\":512,\"caption\":\"Partido Popular de Galicia\"},\"image\":{\"@id\":\"https:\\\/\\\/ppdegalicia.com\\\/es\\\/#\\\/schema\\\/logo\\\/image\\\/\"},\"sameAs\":[\"https:\\\/\\\/www.instagram.com\\\/ppdegalicia\\\/\",\"https:\\\/\\\/x.com\\\/ppdegalicia\",\"https:\\\/\\\/www.tiktok.com\\\/@ppdegalicia\",\"https:\\\/\\\/www.youtube.com\\\/user\\\/ppdegalicia\"]},{\"@type\":\"Person\",\"@id\":\"https:\\\/\\\/ppdegalicia.com\\\/es\\\/#\\\/schema\\\/person\\\/5b822c6f59e872ebdd1142f307dbcb59\",\"name\":\"ppdegaliciaredes\",\"image\":{\"@type\":\"ImageObject\",\"inLanguage\":\"es\",\"@id\":\"https:\\\/\\\/secure.gravatar.com\\\/avatar\\\/3c9179cf0256d00c72a48d1f25783c58b6842cd56e85ef3a572881c8e28ccd59?s=96&d=mm&r=g\",\"url\":\"https:\\\/\\\/secure.gravatar.com\\\/avatar\\\/3c9179cf0256d00c72a48d1f25783c58b6842cd56e85ef3a572881c8e28ccd59?s=96&d=mm&r=g\",\"contentUrl\":\"https:\\\/\\\/secure.gravatar.com\\\/avatar\\\/3c9179cf0256d00c72a48d1f25783c58b6842cd56e85ef3a572881c8e28ccd59?s=96&d=mm&r=g\",\"caption\":\"ppdegaliciaredes\"},\"url\":\"https:\\\/\\\/ppdegalicia.com\\\/es\\\/author\\\/ppdegaliciaredes\\\/\"}]}<\/script>\n<!-- \/ Yoast SEO plugin. -->","yoast_head_json":{"title":"O PPdeG asegura que o HADO do Hospital da Mari\u00f1a atende a todos os pacientes e sen criterio xeogr\u00e1fico - PP de Galicia","robots":{"index":"index","follow":"follow","max-snippet":"max-snippet:-1","max-image-preview":"max-image-preview:large","max-video-preview":"max-video-preview:-1"},"canonical":"https:\/\/ppdegalicia.com\/es\/o-ppdeg-asegura-que-o-hado-do-hospital-da-marina-atende-a-todos-os-pacientes-e-sen-criterio-xeografico\/","og_locale":"es_ES","og_type":"article","og_title":"O PPdeG asegura que o HADO do Hospital da Mari\u00f1a atende a todos os pacientes e sen criterio xeogr\u00e1fico - PP de Galicia","og_description":"Santiago, 3 de febreiro de 2022.- A portavoz de Sanidade do Grupo Popular, Encarna Amigo, asegurou hoxe no Parlamento galego que \u201cnon hai ning\u00fan paciente desatendido polo servizo de hospitalizaci\u00f3n a domicilio do Hospital da Mari\u00f1a, nin tampouco criterio xeogr\u00e1fico alg\u00fan para non atender aos pacientes dun ou doutro concello\u201d.","og_url":"https:\/\/ppdegalicia.com\/es\/o-ppdeg-asegura-que-o-hado-do-hospital-da-marina-atende-a-todos-os-pacientes-e-sen-criterio-xeografico\/","og_site_name":"PP de Galicia","article_publisher":"https:\/\/www.instagram.com\/ppdegalicia\/","article_published_time":"2022-02-03T10:33:53+00:00","og_image":[{"width":1900,"height":1267,"url":"https:\/\/ppdegalicia.com\/wp-content\/uploads\/2022\/02\/753ddb3ad2bc9df885c8a50bc4c8b9ff.jpg","type":"image\/jpeg"}],"author":"ppdegaliciaredes","twitter_card":"summary_large_image","twitter_creator":"@ppdegalicia","twitter_site":"@ppdegalicia","twitter_misc":{"Escrito por":"ppdegaliciaredes","Tiempo de lectura":"2 minutos"},"schema":{"@context":"https:\/\/schema.org","@graph":[{"@type":"Article","@id":"https:\/\/ppdegalicia.com\/es\/o-ppdeg-asegura-que-o-hado-do-hospital-da-marina-atende-a-todos-os-pacientes-e-sen-criterio-xeografico\/#article","isPartOf":{"@id":"https:\/\/ppdegalicia.com\/es\/o-ppdeg-asegura-que-o-hado-do-hospital-da-marina-atende-a-todos-os-pacientes-e-sen-criterio-xeografico\/"},"author":{"name":"ppdegaliciaredes","@id":"https:\/\/ppdegalicia.com\/es\/#\/schema\/person\/5b822c6f59e872ebdd1142f307dbcb59"},"headline":"O PPdeG asegura que o HADO do Hospital da Mari\u00f1a atende a todos os pacientes e sen criterio xeogr\u00e1fico","datePublished":"2022-02-03T10:33:53+00:00","mainEntityOfPage":{"@id":"https:\/\/ppdegalicia.com\/es\/o-ppdeg-asegura-que-o-hado-do-hospital-da-marina-atende-a-todos-os-pacientes-e-sen-criterio-xeografico\/"},"wordCount":374,"commentCount":0,"publisher":{"@id":"https:\/\/ppdegalicia.com\/es\/#organization"},"image":{"@id":"https:\/\/ppdegalicia.com\/es\/o-ppdeg-asegura-que-o-hado-do-hospital-da-marina-atende-a-todos-os-pacientes-e-sen-criterio-xeografico\/#primaryimage"},"thumbnailUrl":"https:\/\/ppdegalicia.com\/wp-content\/uploads\/2022\/02\/753ddb3ad2bc9df885c8a50bc4c8b9ff.jpg","articleSection":["PP de Galicia"],"inLanguage":"es","potentialAction":[{"@type":"CommentAction","name":"Comment","target":["https:\/\/ppdegalicia.com\/es\/o-ppdeg-asegura-que-o-hado-do-hospital-da-marina-atende-a-todos-os-pacientes-e-sen-criterio-xeografico\/#respond"]}]},{"@type":"WebPage","@id":"https:\/\/ppdegalicia.com\/es\/o-ppdeg-asegura-que-o-hado-do-hospital-da-marina-atende-a-todos-os-pacientes-e-sen-criterio-xeografico\/","url":"https:\/\/ppdegalicia.com\/es\/o-ppdeg-asegura-que-o-hado-do-hospital-da-marina-atende-a-todos-os-pacientes-e-sen-criterio-xeografico\/","name":"O PPdeG asegura que o HADO do Hospital da Mari\u00f1a atende a todos os pacientes e sen criterio xeogr\u00e1fico - PP de Galicia","isPartOf":{"@id":"https:\/\/ppdegalicia.com\/es\/#website"},"primaryImageOfPage":{"@id":"https:\/\/ppdegalicia.com\/es\/o-ppdeg-asegura-que-o-hado-do-hospital-da-marina-atende-a-todos-os-pacientes-e-sen-criterio-xeografico\/#primaryimage"},"image":{"@id":"https:\/\/ppdegalicia.com\/es\/o-ppdeg-asegura-que-o-hado-do-hospital-da-marina-atende-a-todos-os-pacientes-e-sen-criterio-xeografico\/#primaryimage"},"thumbnailUrl":"https:\/\/ppdegalicia.com\/wp-content\/uploads\/2022\/02\/753ddb3ad2bc9df885c8a50bc4c8b9ff.jpg","datePublished":"2022-02-03T10:33:53+00:00","breadcrumb":{"@id":"https:\/\/ppdegalicia.com\/es\/o-ppdeg-asegura-que-o-hado-do-hospital-da-marina-atende-a-todos-os-pacientes-e-sen-criterio-xeografico\/#breadcrumb"},"inLanguage":"es","potentialAction":[{"@type":"ReadAction","target":["https:\/\/ppdegalicia.com\/es\/o-ppdeg-asegura-que-o-hado-do-hospital-da-marina-atende-a-todos-os-pacientes-e-sen-criterio-xeografico\/"]}]},{"@type":"ImageObject","inLanguage":"es","@id":"https:\/\/ppdegalicia.com\/es\/o-ppdeg-asegura-que-o-hado-do-hospital-da-marina-atende-a-todos-os-pacientes-e-sen-criterio-xeografico\/#primaryimage","url":"https:\/\/ppdegalicia.com\/wp-content\/uploads\/2022\/02\/753ddb3ad2bc9df885c8a50bc4c8b9ff.jpg","contentUrl":"https:\/\/ppdegalicia.com\/wp-content\/uploads\/2022\/02\/753ddb3ad2bc9df885c8a50bc4c8b9ff.jpg","width":1900,"height":1267},{"@type":"BreadcrumbList","@id":"https:\/\/ppdegalicia.com\/es\/o-ppdeg-asegura-que-o-hado-do-hospital-da-marina-atende-a-todos-os-pacientes-e-sen-criterio-xeografico\/#breadcrumb","itemListElement":[{"@type":"ListItem","position":1,"name":"Portada","item":"https:\/\/ppdegalicia.com\/es\/"},{"@type":"ListItem","position":2,"name":"O PPdeG asegura que o HADO do Hospital da Mari\u00f1a atende a todos os pacientes e sen criterio xeogr\u00e1fico"}]},{"@type":"WebSite","@id":"https:\/\/ppdegalicia.com\/es\/#website","url":"https:\/\/ppdegalicia.com\/es\/","name":"Partido Popular de Galicia","description":"Partido Popular de Galicia","publisher":{"@id":"https:\/\/ppdegalicia.com\/es\/#organization"},"alternateName":"PP de Galicia","potentialAction":[{"@type":"SearchAction","target":{"@type":"EntryPoint","urlTemplate":"https:\/\/ppdegalicia.com\/es\/?s={search_term_string}"},"query-input":{"@type":"PropertyValueSpecification","valueRequired":true,"valueName":"search_term_string"}}],"inLanguage":"es"},{"@type":"Organization","@id":"https:\/\/ppdegalicia.com\/es\/#organization","name":"Partido Popular de Galicia","alternateName":"PP de Galicia","url":"https:\/\/ppdegalicia.com\/es\/","logo":{"@type":"ImageObject","inLanguage":"es","@id":"https:\/\/ppdegalicia.com\/es\/#\/schema\/logo\/image\/","url":"https:\/\/ppdegalicia.com\/wp-content\/uploads\/2023\/04\/logoPP512.png","contentUrl":"https:\/\/ppdegalicia.com\/wp-content\/uploads\/2023\/04\/logoPP512.png","width":512,"height":512,"caption":"Partido Popular de Galicia"},"image":{"@id":"https:\/\/ppdegalicia.com\/es\/#\/schema\/logo\/image\/"},"sameAs":["https:\/\/www.instagram.com\/ppdegalicia\/","https:\/\/x.com\/ppdegalicia","https:\/\/www.tiktok.com\/@ppdegalicia","https:\/\/www.youtube.com\/user\/ppdegalicia"]},{"@type":"Person","@id":"https:\/\/ppdegalicia.com\/es\/#\/schema\/person\/5b822c6f59e872ebdd1142f307dbcb59","name":"ppdegaliciaredes","image":{"@type":"ImageObject","inLanguage":"es","@id":"https:\/\/secure.gravatar.com\/avatar\/3c9179cf0256d00c72a48d1f25783c58b6842cd56e85ef3a572881c8e28ccd59?s=96&d=mm&r=g","url":"https:\/\/secure.gravatar.com\/avatar\/3c9179cf0256d00c72a48d1f25783c58b6842cd56e85ef3a572881c8e28ccd59?s=96&d=mm&r=g","contentUrl":"https:\/\/secure.gravatar.com\/avatar\/3c9179cf0256d00c72a48d1f25783c58b6842cd56e85ef3a572881c8e28ccd59?s=96&d=mm&r=g","caption":"ppdegaliciaredes"},"url":"https:\/\/ppdegalicia.com\/es\/author\/ppdegaliciaredes\/"}]}},"_links":{"self":[{"href":"https:\/\/ppdegalicia.com\/es\/wp-json\/wp\/v2\/posts\/56682","targetHints":{"allow":["GET"]}}],"collection":[{"href":"https:\/\/ppdegalicia.com\/es\/wp-json\/wp\/v2\/posts"}],"about":[{"href":"https:\/\/ppdegalicia.com\/es\/wp-json\/wp\/v2\/types\/post"}],"author":[{"embeddable":true,"href":"https:\/\/ppdegalicia.com\/es\/wp-json\/wp\/v2\/users\/38"}],"replies":[{"embeddable":true,"href":"https:\/\/ppdegalicia.com\/es\/wp-json\/wp\/v2\/comments?post=56682"}],"version-history":[{"count":0,"href":"https:\/\/ppdegalicia.com\/es\/wp-json\/wp\/v2\/posts\/56682\/revisions"}],"wp:featuredmedia":[{"embeddable":true,"href":"https:\/\/ppdegalicia.com\/es\/wp-json\/wp\/v2\/media\/56681"}],"wp:attachment":[{"href":"https:\/\/ppdegalicia.com\/es\/wp-json\/wp\/v2\/media?parent=56682"}],"wp:term":[{"taxonomy":"category","embeddable":true,"href":"https:\/\/ppdegalicia.com\/es\/wp-json\/wp\/v2\/categories?post=56682"},{"taxonomy":"post_tag","embeddable":true,"href":"https:\/\/ppdegalicia.com\/es\/wp-json\/wp\/v2\/tags?post=56682"}],"curies":[{"name":"wp","href":"https:\/\/api.w.org\/{rel}","templated":true}]}}