{"id":56692,"date":"2022-02-04T09:11:09","date_gmt":"2022-02-04T07:11:09","guid":{"rendered":"https:\/\/ppdegalicia.com\/o-ppdeg-demanda-ao-goberno-de-espana-que-reasigne-a-galicia-os-70-millons-dos-fondos-de-rescate-non-executados-pero-cunhas-condicions-de-acceso-mais-sinxelas\/"},"modified":"2022-02-04T09:11:09","modified_gmt":"2022-02-04T07:11:09","slug":"o-ppdeg-demanda-ao-goberno-de-espana-que-reasigne-a-galicia-os-70-millons-dos-fondos-de-rescate-non-executados-pero-cunhas-condicions-de-acceso-mais-sinxelas","status":"publish","type":"post","link":"https:\/\/ppdegalicia.com\/es\/o-ppdeg-demanda-ao-goberno-de-espana-que-reasigne-a-galicia-os-70-millons-dos-fondos-de-rescate-non-executados-pero-cunhas-condicions-de-acceso-mais-sinxelas\/","title":{"rendered":"O PPdeG demanda ao Goberno de Espa\u00f1a que reasigne a Galicia os 70 mill\u00f3ns dos fondos de rescate non executados pero cunhas condici\u00f3ns de acceso m\u00e1is sinxelas"},"content":{"rendered":"<p><img fetchpriority=\"high\" decoding=\"async\" class=\" size-full wp-image-56691\" src=\"https:\/\/ppdegalicia.com\/wp-content\/uploads\/2022\/02\/6a54510ddb7d83dbeb093baab8f94c7f.jpg\" alt=\"\" width=\"2462\" height=\"2037\" srcset=\"https:\/\/ppdegalicia.com\/wp-content\/uploads\/2022\/02\/6a54510ddb7d83dbeb093baab8f94c7f.jpg 2462w, https:\/\/ppdegalicia.com\/wp-content\/uploads\/2022\/02\/6a54510ddb7d83dbeb093baab8f94c7f-300x248.jpg 300w, https:\/\/ppdegalicia.com\/wp-content\/uploads\/2022\/02\/6a54510ddb7d83dbeb093baab8f94c7f-1024x847.jpg 1024w, https:\/\/ppdegalicia.com\/wp-content\/uploads\/2022\/02\/6a54510ddb7d83dbeb093baab8f94c7f-768x635.jpg 768w, https:\/\/ppdegalicia.com\/wp-content\/uploads\/2022\/02\/6a54510ddb7d83dbeb093baab8f94c7f-1536x1271.jpg 1536w, https:\/\/ppdegalicia.com\/wp-content\/uploads\/2022\/02\/6a54510ddb7d83dbeb093baab8f94c7f-2048x1694.jpg 2048w\" sizes=\"(max-width: 2462px) 100vw, 2462px\" \/><\/p>\n<p>Lugo, 4 de febreiro de 2022.- O portavoz de Emprego do Grupo Popular, Jos\u00e9 Manuel Balseiro, demandou hoxe ao Goberno de Espa\u00f1a que reasigne \u00e1 Comunidade galega os 70 mill\u00f3ns de euros que quedaron sen executar dos dous \u00faltimos plans de rescate dese\u00f1ados polo Goberno central, \u201cpero que o faga cunhas condici\u00f3ns de acceso m\u00e1is sinxelas, para que os cartos queden en Galicia e cheguen aos empresarios e aut\u00f3nomos que o necesitan\u201d.<\/p>\n<p><!--more--><\/p>\n<p>Os populares galegos buscan contar co apoio do Parlamento de Galicia nesta reivindicaci\u00f3n e con este obxecto ve\u00f1en de presentar unha iniciativa na C\u00e1mara galega. Balseiro explicou que a Xunta xa realizou a petici\u00f3n formal desta reasignaci\u00f3n de fondos, en concreto, a trav\u00e9s de sendas cartas remitidas pola Conseller\u00eda de Emprego e Igualdade e dirixidas \u00e1s ministras Nadia Calvi\u00f1o e Mar\u00eda Jes\u00fas Montero, pedindo a recuperaci\u00f3n para Galicia destes cartos que, \u201cpolos atrancos impostos polo Goberno central non puideron ser aproveitados\u201d<\/p>\n<p>\u00a0<\/p>\n<p><strong>SIGNIFICATIVO CONTRASTE<\/strong><\/p>\n<p>\u00a0<\/p>\n<p>O portavoz popular fixo un balance destes programas de apoio activados pola Xunta nos que se evidencia o contraste entre os dous primeiros plans, financiados con cargo a fondos auton\u00f3micos e os dous \u00faltimos, con fondos de transferencia estatal.<\/p>\n<p>\u00a0<\/p>\n<p>\u201cA comparaci\u00f3n \u00e9 moi sinxela: mentres que os dous primeiros plans de rescate recibiron 80.000 solicitudes coas que se executou practicamente o 100% da cont\u00eda orzamentada (182 mill\u00f3ns de euros), os dous segundos plans de rescate, coas limitaci\u00f3ns impostas desde o Estado, recibiron 15.000 solicitudes que se traduciron en s\u00f3 un 70% do orzamento pagado (166 mill\u00f3ns de eruos)\u201d<\/p>\n<p>\u00a0<\/p>\n<p>A raz\u00f3n desta disparidade no grado de execuci\u00f3n estivo \u201cnos dif\u00edciles requisitos e na sobrecarga burocr\u00e1tica esixida polo Goberno central para acceder a esta axudas, o que ocasionou que o 30% dos fondos estatais quedasen sen comprometer, e que te\u00f1amos que devolver os 70 mill\u00f3ns de euros sobrantes\u201d<\/p>\n<p>\u00a0<\/p>\n<p>\u201cDada a situaci\u00f3n actual, coa pandemia a\u00ednda presente, e con empresas e aut\u00f3nomos a\u00ednda con moitas necesidades de apoio, nin podemos, nin queremos permitirnos o luxo de perder eses cartos. Desde o Goberno de Pedro S\u00e1nchez a\u00ednda est\u00e1n a tempo de rectificar e iso \u00e9 o que pedimos na nosa iniciativa\u201d.<\/p>\n<p>\u00a0<\/p>\n<p><strong>DATOS DE EMPREGO<\/strong><\/p>\n<p>\u00a0<\/p>\n<p>Balseiro tam\u00e9n aproveitou para po\u00f1er en valor e defender a folla de ruta do Goberno galego en materia de emprego, \u201cque nos axuda a que o mercado laboral galego siga mellorando\u201d. Explicou que \u201cnon \u00e9 por casualidade\u201d que Galicia ve\u00f1a de pechar o mes de xaneiro coa cifra de paro m\u00e1is baixa da nosa historia, e siga mantendo un diferencial positivo en termos de emprego co resto de Espa\u00f1a.<\/p>\n<p>\u00a0<\/p>\n<p>Nin tampouco, que as cifras de mulleres e mozos desempregados sexan hoxe as menores nun mes de xaneiro de toda a serie hist\u00f3rica. \u201cEsta boa evoluci\u00f3n non serve para conformarnos, pero si para animarnos a seguir traballando nesta boa direcci\u00f3n que marca a Xunta coas s\u00faa estratexia de emprego\u201d, conclu\u00edu.<\/p>\n<p>\u00a0<\/p>\n<p>\u00a0<\/p>\n","protected":false},"excerpt":{"rendered":"<p>Lugo, 4 de febreiro de 2022.- O portavoz de Emprego do Grupo Popular, Jos\u00e9 Manuel Balseiro, demandou hoxe ao Goberno de Espa\u00f1a que reasigne \u00e1 Comunidade galega os 70 mill\u00f3ns de euros que quedaron sen executar dos dous \u00faltimos plans de rescate dese\u00f1ados polo Goberno central, \u201cpero que o faga cunhas condici\u00f3ns de acceso m\u00e1is [&hellip;]<\/p>\n","protected":false},"author":38,"featured_media":56691,"comment_status":"open","ping_status":"open","sticky":false,"template":"","format":"standard","meta":{"_acf_changed":false,"footnotes":""},"categories":[1],"tags":[],"class_list":["post-56692","post","type-post","status-publish","format-standard","has-post-thumbnail","hentry","category-pp-de-galicia"],"acf":[],"yoast_head":"<!-- This site is optimized with the Yoast SEO plugin v27.3 - https:\/\/yoast.com\/product\/yoast-seo-wordpress\/ -->\n<title>O PPdeG demanda ao Goberno de Espa\u00f1a que reasigne a Galicia os 70 mill\u00f3ns dos fondos de rescate non executados pero cunhas condici\u00f3ns de acceso m\u00e1is sinxelas - PP de Galicia<\/title>\n<meta name=\"robots\" content=\"index, follow, max-snippet:-1, max-image-preview:large, max-video-preview:-1\" \/>\n<link rel=\"canonical\" href=\"https:\/\/ppdegalicia.com\/es\/o-ppdeg-demanda-ao-goberno-de-espana-que-reasigne-a-galicia-os-70-millons-dos-fondos-de-rescate-non-executados-pero-cunhas-condicions-de-acceso-mais-sinxelas\/\" \/>\n<meta property=\"og:locale\" content=\"es_ES\" \/>\n<meta property=\"og:type\" content=\"article\" \/>\n<meta property=\"og:title\" content=\"O PPdeG demanda ao Goberno de Espa\u00f1a que reasigne a Galicia os 70 mill\u00f3ns dos fondos de rescate non executados pero cunhas condici\u00f3ns de acceso m\u00e1is sinxelas - PP de Galicia\" \/>\n<meta property=\"og:description\" content=\"Lugo, 4 de febreiro de 2022.- O portavoz de Emprego do Grupo Popular, Jos\u00e9 Manuel Balseiro, demandou hoxe ao Goberno de Espa\u00f1a que reasigne \u00e1 Comunidade galega os 70 mill\u00f3ns de euros que quedaron sen executar dos dous \u00faltimos plans de rescate dese\u00f1ados polo Goberno central, \u201cpero que o faga cunhas condici\u00f3ns de acceso m\u00e1is [&hellip;]\" \/>\n<meta property=\"og:url\" content=\"https:\/\/ppdegalicia.com\/es\/o-ppdeg-demanda-ao-goberno-de-espana-que-reasigne-a-galicia-os-70-millons-dos-fondos-de-rescate-non-executados-pero-cunhas-condicions-de-acceso-mais-sinxelas\/\" \/>\n<meta property=\"og:site_name\" content=\"PP de Galicia\" \/>\n<meta property=\"article:publisher\" content=\"https:\/\/www.instagram.com\/ppdegalicia\/\" \/>\n<meta property=\"article:published_time\" content=\"2022-02-04T07:11:09+00:00\" \/>\n<meta property=\"og:image\" content=\"https:\/\/ppdegalicia.com\/wp-content\/uploads\/2022\/02\/6a54510ddb7d83dbeb093baab8f94c7f.jpg\" \/>\n\t<meta property=\"og:image:width\" content=\"2462\" \/>\n\t<meta property=\"og:image:height\" content=\"2037\" \/>\n\t<meta property=\"og:image:type\" content=\"image\/jpeg\" \/>\n<meta name=\"author\" content=\"ppdegaliciaredes\" \/>\n<meta name=\"twitter:card\" content=\"summary_large_image\" \/>\n<meta name=\"twitter:creator\" content=\"@ppdegalicia\" \/>\n<meta name=\"twitter:site\" content=\"@ppdegalicia\" \/>\n<meta name=\"twitter:label1\" content=\"Escrito por\" \/>\n\t<meta name=\"twitter:data1\" content=\"ppdegaliciaredes\" \/>\n\t<meta name=\"twitter:label2\" content=\"Tiempo de lectura\" \/>\n\t<meta name=\"twitter:data2\" content=\"3 minutos\" \/>\n<script type=\"application\/ld+json\" class=\"yoast-schema-graph\">{\"@context\":\"https:\\\/\\\/schema.org\",\"@graph\":[{\"@type\":\"Article\",\"@id\":\"https:\\\/\\\/ppdegalicia.com\\\/es\\\/o-ppdeg-demanda-ao-goberno-de-espana-que-reasigne-a-galicia-os-70-millons-dos-fondos-de-rescate-non-executados-pero-cunhas-condicions-de-acceso-mais-sinxelas\\\/#article\",\"isPartOf\":{\"@id\":\"https:\\\/\\\/ppdegalicia.com\\\/es\\\/o-ppdeg-demanda-ao-goberno-de-espana-que-reasigne-a-galicia-os-70-millons-dos-fondos-de-rescate-non-executados-pero-cunhas-condicions-de-acceso-mais-sinxelas\\\/\"},\"author\":{\"name\":\"ppdegaliciaredes\",\"@id\":\"https:\\\/\\\/ppdegalicia.com\\\/es\\\/#\\\/schema\\\/person\\\/5b822c6f59e872ebdd1142f307dbcb59\"},\"headline\":\"O PPdeG demanda ao Goberno de Espa\u00f1a que reasigne a Galicia os 70 mill\u00f3ns dos fondos de rescate non executados pero cunhas condici\u00f3ns de acceso m\u00e1is sinxelas\",\"datePublished\":\"2022-02-04T07:11:09+00:00\",\"mainEntityOfPage\":{\"@id\":\"https:\\\/\\\/ppdegalicia.com\\\/es\\\/o-ppdeg-demanda-ao-goberno-de-espana-que-reasigne-a-galicia-os-70-millons-dos-fondos-de-rescate-non-executados-pero-cunhas-condicions-de-acceso-mais-sinxelas\\\/\"},\"wordCount\":536,\"commentCount\":0,\"publisher\":{\"@id\":\"https:\\\/\\\/ppdegalicia.com\\\/es\\\/#organization\"},\"image\":{\"@id\":\"https:\\\/\\\/ppdegalicia.com\\\/es\\\/o-ppdeg-demanda-ao-goberno-de-espana-que-reasigne-a-galicia-os-70-millons-dos-fondos-de-rescate-non-executados-pero-cunhas-condicions-de-acceso-mais-sinxelas\\\/#primaryimage\"},\"thumbnailUrl\":\"https:\\\/\\\/ppdegalicia.com\\\/wp-content\\\/uploads\\\/2022\\\/02\\\/6a54510ddb7d83dbeb093baab8f94c7f.jpg\",\"articleSection\":[\"PP de Galicia\"],\"inLanguage\":\"es\",\"potentialAction\":[{\"@type\":\"CommentAction\",\"name\":\"Comment\",\"target\":[\"https:\\\/\\\/ppdegalicia.com\\\/es\\\/o-ppdeg-demanda-ao-goberno-de-espana-que-reasigne-a-galicia-os-70-millons-dos-fondos-de-rescate-non-executados-pero-cunhas-condicions-de-acceso-mais-sinxelas\\\/#respond\"]}]},{\"@type\":\"WebPage\",\"@id\":\"https:\\\/\\\/ppdegalicia.com\\\/es\\\/o-ppdeg-demanda-ao-goberno-de-espana-que-reasigne-a-galicia-os-70-millons-dos-fondos-de-rescate-non-executados-pero-cunhas-condicions-de-acceso-mais-sinxelas\\\/\",\"url\":\"https:\\\/\\\/ppdegalicia.com\\\/es\\\/o-ppdeg-demanda-ao-goberno-de-espana-que-reasigne-a-galicia-os-70-millons-dos-fondos-de-rescate-non-executados-pero-cunhas-condicions-de-acceso-mais-sinxelas\\\/\",\"name\":\"O PPdeG demanda ao Goberno de Espa\u00f1a que reasigne a Galicia os 70 mill\u00f3ns dos fondos de rescate non executados pero cunhas condici\u00f3ns de acceso m\u00e1is sinxelas - PP de Galicia\",\"isPartOf\":{\"@id\":\"https:\\\/\\\/ppdegalicia.com\\\/es\\\/#website\"},\"primaryImageOfPage\":{\"@id\":\"https:\\\/\\\/ppdegalicia.com\\\/es\\\/o-ppdeg-demanda-ao-goberno-de-espana-que-reasigne-a-galicia-os-70-millons-dos-fondos-de-rescate-non-executados-pero-cunhas-condicions-de-acceso-mais-sinxelas\\\/#primaryimage\"},\"image\":{\"@id\":\"https:\\\/\\\/ppdegalicia.com\\\/es\\\/o-ppdeg-demanda-ao-goberno-de-espana-que-reasigne-a-galicia-os-70-millons-dos-fondos-de-rescate-non-executados-pero-cunhas-condicions-de-acceso-mais-sinxelas\\\/#primaryimage\"},\"thumbnailUrl\":\"https:\\\/\\\/ppdegalicia.com\\\/wp-content\\\/uploads\\\/2022\\\/02\\\/6a54510ddb7d83dbeb093baab8f94c7f.jpg\",\"datePublished\":\"2022-02-04T07:11:09+00:00\",\"breadcrumb\":{\"@id\":\"https:\\\/\\\/ppdegalicia.com\\\/es\\\/o-ppdeg-demanda-ao-goberno-de-espana-que-reasigne-a-galicia-os-70-millons-dos-fondos-de-rescate-non-executados-pero-cunhas-condicions-de-acceso-mais-sinxelas\\\/#breadcrumb\"},\"inLanguage\":\"es\",\"potentialAction\":[{\"@type\":\"ReadAction\",\"target\":[\"https:\\\/\\\/ppdegalicia.com\\\/es\\\/o-ppdeg-demanda-ao-goberno-de-espana-que-reasigne-a-galicia-os-70-millons-dos-fondos-de-rescate-non-executados-pero-cunhas-condicions-de-acceso-mais-sinxelas\\\/\"]}]},{\"@type\":\"ImageObject\",\"inLanguage\":\"es\",\"@id\":\"https:\\\/\\\/ppdegalicia.com\\\/es\\\/o-ppdeg-demanda-ao-goberno-de-espana-que-reasigne-a-galicia-os-70-millons-dos-fondos-de-rescate-non-executados-pero-cunhas-condicions-de-acceso-mais-sinxelas\\\/#primaryimage\",\"url\":\"https:\\\/\\\/ppdegalicia.com\\\/wp-content\\\/uploads\\\/2022\\\/02\\\/6a54510ddb7d83dbeb093baab8f94c7f.jpg\",\"contentUrl\":\"https:\\\/\\\/ppdegalicia.com\\\/wp-content\\\/uploads\\\/2022\\\/02\\\/6a54510ddb7d83dbeb093baab8f94c7f.jpg\",\"width\":2462,\"height\":2037},{\"@type\":\"BreadcrumbList\",\"@id\":\"https:\\\/\\\/ppdegalicia.com\\\/es\\\/o-ppdeg-demanda-ao-goberno-de-espana-que-reasigne-a-galicia-os-70-millons-dos-fondos-de-rescate-non-executados-pero-cunhas-condicions-de-acceso-mais-sinxelas\\\/#breadcrumb\",\"itemListElement\":[{\"@type\":\"ListItem\",\"position\":1,\"name\":\"Portada\",\"item\":\"https:\\\/\\\/ppdegalicia.com\\\/es\\\/\"},{\"@type\":\"ListItem\",\"position\":2,\"name\":\"O PPdeG demanda ao Goberno de Espa\u00f1a que reasigne a Galicia os 70 mill\u00f3ns dos fondos de rescate non executados pero cunhas condici\u00f3ns de acceso m\u00e1is sinxelas\"}]},{\"@type\":\"WebSite\",\"@id\":\"https:\\\/\\\/ppdegalicia.com\\\/es\\\/#website\",\"url\":\"https:\\\/\\\/ppdegalicia.com\\\/es\\\/\",\"name\":\"Partido Popular de Galicia\",\"description\":\"Partido Popular de Galicia\",\"publisher\":{\"@id\":\"https:\\\/\\\/ppdegalicia.com\\\/es\\\/#organization\"},\"alternateName\":\"PP de Galicia\",\"potentialAction\":[{\"@type\":\"SearchAction\",\"target\":{\"@type\":\"EntryPoint\",\"urlTemplate\":\"https:\\\/\\\/ppdegalicia.com\\\/es\\\/?s={search_term_string}\"},\"query-input\":{\"@type\":\"PropertyValueSpecification\",\"valueRequired\":true,\"valueName\":\"search_term_string\"}}],\"inLanguage\":\"es\"},{\"@type\":\"Organization\",\"@id\":\"https:\\\/\\\/ppdegalicia.com\\\/es\\\/#organization\",\"name\":\"Partido Popular de Galicia\",\"alternateName\":\"PP de Galicia\",\"url\":\"https:\\\/\\\/ppdegalicia.com\\\/es\\\/\",\"logo\":{\"@type\":\"ImageObject\",\"inLanguage\":\"es\",\"@id\":\"https:\\\/\\\/ppdegalicia.com\\\/es\\\/#\\\/schema\\\/logo\\\/image\\\/\",\"url\":\"https:\\\/\\\/ppdegalicia.com\\\/wp-content\\\/uploads\\\/2023\\\/04\\\/logoPP512.png\",\"contentUrl\":\"https:\\\/\\\/ppdegalicia.com\\\/wp-content\\\/uploads\\\/2023\\\/04\\\/logoPP512.png\",\"width\":512,\"height\":512,\"caption\":\"Partido Popular de Galicia\"},\"image\":{\"@id\":\"https:\\\/\\\/ppdegalicia.com\\\/es\\\/#\\\/schema\\\/logo\\\/image\\\/\"},\"sameAs\":[\"https:\\\/\\\/www.instagram.com\\\/ppdegalicia\\\/\",\"https:\\\/\\\/x.com\\\/ppdegalicia\",\"https:\\\/\\\/www.tiktok.com\\\/@ppdegalicia\",\"https:\\\/\\\/www.youtube.com\\\/user\\\/ppdegalicia\"]},{\"@type\":\"Person\",\"@id\":\"https:\\\/\\\/ppdegalicia.com\\\/es\\\/#\\\/schema\\\/person\\\/5b822c6f59e872ebdd1142f307dbcb59\",\"name\":\"ppdegaliciaredes\",\"image\":{\"@type\":\"ImageObject\",\"inLanguage\":\"es\",\"@id\":\"https:\\\/\\\/secure.gravatar.com\\\/avatar\\\/3c9179cf0256d00c72a48d1f25783c58b6842cd56e85ef3a572881c8e28ccd59?s=96&d=mm&r=g\",\"url\":\"https:\\\/\\\/secure.gravatar.com\\\/avatar\\\/3c9179cf0256d00c72a48d1f25783c58b6842cd56e85ef3a572881c8e28ccd59?s=96&d=mm&r=g\",\"contentUrl\":\"https:\\\/\\\/secure.gravatar.com\\\/avatar\\\/3c9179cf0256d00c72a48d1f25783c58b6842cd56e85ef3a572881c8e28ccd59?s=96&d=mm&r=g\",\"caption\":\"ppdegaliciaredes\"},\"url\":\"https:\\\/\\\/ppdegalicia.com\\\/es\\\/author\\\/ppdegaliciaredes\\\/\"}]}<\/script>\n<!-- \/ Yoast SEO plugin. -->","yoast_head_json":{"title":"O PPdeG demanda ao Goberno de Espa\u00f1a que reasigne a Galicia os 70 mill\u00f3ns dos fondos de rescate non executados pero cunhas condici\u00f3ns de acceso m\u00e1is sinxelas - PP de Galicia","robots":{"index":"index","follow":"follow","max-snippet":"max-snippet:-1","max-image-preview":"max-image-preview:large","max-video-preview":"max-video-preview:-1"},"canonical":"https:\/\/ppdegalicia.com\/es\/o-ppdeg-demanda-ao-goberno-de-espana-que-reasigne-a-galicia-os-70-millons-dos-fondos-de-rescate-non-executados-pero-cunhas-condicions-de-acceso-mais-sinxelas\/","og_locale":"es_ES","og_type":"article","og_title":"O PPdeG demanda ao Goberno de Espa\u00f1a que reasigne a Galicia os 70 mill\u00f3ns dos fondos de rescate non executados pero cunhas condici\u00f3ns de acceso m\u00e1is sinxelas - PP de Galicia","og_description":"Lugo, 4 de febreiro de 2022.- O portavoz de Emprego do Grupo Popular, Jos\u00e9 Manuel Balseiro, demandou hoxe ao Goberno de Espa\u00f1a que reasigne \u00e1 Comunidade galega os 70 mill\u00f3ns de euros que quedaron sen executar dos dous \u00faltimos plans de rescate dese\u00f1ados polo Goberno central, \u201cpero que o faga cunhas condici\u00f3ns de acceso m\u00e1is [&hellip;]","og_url":"https:\/\/ppdegalicia.com\/es\/o-ppdeg-demanda-ao-goberno-de-espana-que-reasigne-a-galicia-os-70-millons-dos-fondos-de-rescate-non-executados-pero-cunhas-condicions-de-acceso-mais-sinxelas\/","og_site_name":"PP de Galicia","article_publisher":"https:\/\/www.instagram.com\/ppdegalicia\/","article_published_time":"2022-02-04T07:11:09+00:00","og_image":[{"width":2462,"height":2037,"url":"https:\/\/ppdegalicia.com\/wp-content\/uploads\/2022\/02\/6a54510ddb7d83dbeb093baab8f94c7f.jpg","type":"image\/jpeg"}],"author":"ppdegaliciaredes","twitter_card":"summary_large_image","twitter_creator":"@ppdegalicia","twitter_site":"@ppdegalicia","twitter_misc":{"Escrito por":"ppdegaliciaredes","Tiempo de lectura":"3 minutos"},"schema":{"@context":"https:\/\/schema.org","@graph":[{"@type":"Article","@id":"https:\/\/ppdegalicia.com\/es\/o-ppdeg-demanda-ao-goberno-de-espana-que-reasigne-a-galicia-os-70-millons-dos-fondos-de-rescate-non-executados-pero-cunhas-condicions-de-acceso-mais-sinxelas\/#article","isPartOf":{"@id":"https:\/\/ppdegalicia.com\/es\/o-ppdeg-demanda-ao-goberno-de-espana-que-reasigne-a-galicia-os-70-millons-dos-fondos-de-rescate-non-executados-pero-cunhas-condicions-de-acceso-mais-sinxelas\/"},"author":{"name":"ppdegaliciaredes","@id":"https:\/\/ppdegalicia.com\/es\/#\/schema\/person\/5b822c6f59e872ebdd1142f307dbcb59"},"headline":"O PPdeG demanda ao Goberno de Espa\u00f1a que reasigne a Galicia os 70 mill\u00f3ns dos fondos de rescate non executados pero cunhas condici\u00f3ns de acceso m\u00e1is sinxelas","datePublished":"2022-02-04T07:11:09+00:00","mainEntityOfPage":{"@id":"https:\/\/ppdegalicia.com\/es\/o-ppdeg-demanda-ao-goberno-de-espana-que-reasigne-a-galicia-os-70-millons-dos-fondos-de-rescate-non-executados-pero-cunhas-condicions-de-acceso-mais-sinxelas\/"},"wordCount":536,"commentCount":0,"publisher":{"@id":"https:\/\/ppdegalicia.com\/es\/#organization"},"image":{"@id":"https:\/\/ppdegalicia.com\/es\/o-ppdeg-demanda-ao-goberno-de-espana-que-reasigne-a-galicia-os-70-millons-dos-fondos-de-rescate-non-executados-pero-cunhas-condicions-de-acceso-mais-sinxelas\/#primaryimage"},"thumbnailUrl":"https:\/\/ppdegalicia.com\/wp-content\/uploads\/2022\/02\/6a54510ddb7d83dbeb093baab8f94c7f.jpg","articleSection":["PP de Galicia"],"inLanguage":"es","potentialAction":[{"@type":"CommentAction","name":"Comment","target":["https:\/\/ppdegalicia.com\/es\/o-ppdeg-demanda-ao-goberno-de-espana-que-reasigne-a-galicia-os-70-millons-dos-fondos-de-rescate-non-executados-pero-cunhas-condicions-de-acceso-mais-sinxelas\/#respond"]}]},{"@type":"WebPage","@id":"https:\/\/ppdegalicia.com\/es\/o-ppdeg-demanda-ao-goberno-de-espana-que-reasigne-a-galicia-os-70-millons-dos-fondos-de-rescate-non-executados-pero-cunhas-condicions-de-acceso-mais-sinxelas\/","url":"https:\/\/ppdegalicia.com\/es\/o-ppdeg-demanda-ao-goberno-de-espana-que-reasigne-a-galicia-os-70-millons-dos-fondos-de-rescate-non-executados-pero-cunhas-condicions-de-acceso-mais-sinxelas\/","name":"O PPdeG demanda ao Goberno de Espa\u00f1a que reasigne a Galicia os 70 mill\u00f3ns dos fondos de rescate non executados pero cunhas condici\u00f3ns de acceso m\u00e1is sinxelas - PP de Galicia","isPartOf":{"@id":"https:\/\/ppdegalicia.com\/es\/#website"},"primaryImageOfPage":{"@id":"https:\/\/ppdegalicia.com\/es\/o-ppdeg-demanda-ao-goberno-de-espana-que-reasigne-a-galicia-os-70-millons-dos-fondos-de-rescate-non-executados-pero-cunhas-condicions-de-acceso-mais-sinxelas\/#primaryimage"},"image":{"@id":"https:\/\/ppdegalicia.com\/es\/o-ppdeg-demanda-ao-goberno-de-espana-que-reasigne-a-galicia-os-70-millons-dos-fondos-de-rescate-non-executados-pero-cunhas-condicions-de-acceso-mais-sinxelas\/#primaryimage"},"thumbnailUrl":"https:\/\/ppdegalicia.com\/wp-content\/uploads\/2022\/02\/6a54510ddb7d83dbeb093baab8f94c7f.jpg","datePublished":"2022-02-04T07:11:09+00:00","breadcrumb":{"@id":"https:\/\/ppdegalicia.com\/es\/o-ppdeg-demanda-ao-goberno-de-espana-que-reasigne-a-galicia-os-70-millons-dos-fondos-de-rescate-non-executados-pero-cunhas-condicions-de-acceso-mais-sinxelas\/#breadcrumb"},"inLanguage":"es","potentialAction":[{"@type":"ReadAction","target":["https:\/\/ppdegalicia.com\/es\/o-ppdeg-demanda-ao-goberno-de-espana-que-reasigne-a-galicia-os-70-millons-dos-fondos-de-rescate-non-executados-pero-cunhas-condicions-de-acceso-mais-sinxelas\/"]}]},{"@type":"ImageObject","inLanguage":"es","@id":"https:\/\/ppdegalicia.com\/es\/o-ppdeg-demanda-ao-goberno-de-espana-que-reasigne-a-galicia-os-70-millons-dos-fondos-de-rescate-non-executados-pero-cunhas-condicions-de-acceso-mais-sinxelas\/#primaryimage","url":"https:\/\/ppdegalicia.com\/wp-content\/uploads\/2022\/02\/6a54510ddb7d83dbeb093baab8f94c7f.jpg","contentUrl":"https:\/\/ppdegalicia.com\/wp-content\/uploads\/2022\/02\/6a54510ddb7d83dbeb093baab8f94c7f.jpg","width":2462,"height":2037},{"@type":"BreadcrumbList","@id":"https:\/\/ppdegalicia.com\/es\/o-ppdeg-demanda-ao-goberno-de-espana-que-reasigne-a-galicia-os-70-millons-dos-fondos-de-rescate-non-executados-pero-cunhas-condicions-de-acceso-mais-sinxelas\/#breadcrumb","itemListElement":[{"@type":"ListItem","position":1,"name":"Portada","item":"https:\/\/ppdegalicia.com\/es\/"},{"@type":"ListItem","position":2,"name":"O PPdeG demanda ao Goberno de Espa\u00f1a que reasigne a Galicia os 70 mill\u00f3ns dos fondos de rescate non executados pero cunhas condici\u00f3ns de acceso m\u00e1is sinxelas"}]},{"@type":"WebSite","@id":"https:\/\/ppdegalicia.com\/es\/#website","url":"https:\/\/ppdegalicia.com\/es\/","name":"Partido Popular de Galicia","description":"Partido Popular de Galicia","publisher":{"@id":"https:\/\/ppdegalicia.com\/es\/#organization"},"alternateName":"PP de Galicia","potentialAction":[{"@type":"SearchAction","target":{"@type":"EntryPoint","urlTemplate":"https:\/\/ppdegalicia.com\/es\/?s={search_term_string}"},"query-input":{"@type":"PropertyValueSpecification","valueRequired":true,"valueName":"search_term_string"}}],"inLanguage":"es"},{"@type":"Organization","@id":"https:\/\/ppdegalicia.com\/es\/#organization","name":"Partido Popular de Galicia","alternateName":"PP de Galicia","url":"https:\/\/ppdegalicia.com\/es\/","logo":{"@type":"ImageObject","inLanguage":"es","@id":"https:\/\/ppdegalicia.com\/es\/#\/schema\/logo\/image\/","url":"https:\/\/ppdegalicia.com\/wp-content\/uploads\/2023\/04\/logoPP512.png","contentUrl":"https:\/\/ppdegalicia.com\/wp-content\/uploads\/2023\/04\/logoPP512.png","width":512,"height":512,"caption":"Partido Popular de Galicia"},"image":{"@id":"https:\/\/ppdegalicia.com\/es\/#\/schema\/logo\/image\/"},"sameAs":["https:\/\/www.instagram.com\/ppdegalicia\/","https:\/\/x.com\/ppdegalicia","https:\/\/www.tiktok.com\/@ppdegalicia","https:\/\/www.youtube.com\/user\/ppdegalicia"]},{"@type":"Person","@id":"https:\/\/ppdegalicia.com\/es\/#\/schema\/person\/5b822c6f59e872ebdd1142f307dbcb59","name":"ppdegaliciaredes","image":{"@type":"ImageObject","inLanguage":"es","@id":"https:\/\/secure.gravatar.com\/avatar\/3c9179cf0256d00c72a48d1f25783c58b6842cd56e85ef3a572881c8e28ccd59?s=96&d=mm&r=g","url":"https:\/\/secure.gravatar.com\/avatar\/3c9179cf0256d00c72a48d1f25783c58b6842cd56e85ef3a572881c8e28ccd59?s=96&d=mm&r=g","contentUrl":"https:\/\/secure.gravatar.com\/avatar\/3c9179cf0256d00c72a48d1f25783c58b6842cd56e85ef3a572881c8e28ccd59?s=96&d=mm&r=g","caption":"ppdegaliciaredes"},"url":"https:\/\/ppdegalicia.com\/es\/author\/ppdegaliciaredes\/"}]}},"_links":{"self":[{"href":"https:\/\/ppdegalicia.com\/es\/wp-json\/wp\/v2\/posts\/56692","targetHints":{"allow":["GET"]}}],"collection":[{"href":"https:\/\/ppdegalicia.com\/es\/wp-json\/wp\/v2\/posts"}],"about":[{"href":"https:\/\/ppdegalicia.com\/es\/wp-json\/wp\/v2\/types\/post"}],"author":[{"embeddable":true,"href":"https:\/\/ppdegalicia.com\/es\/wp-json\/wp\/v2\/users\/38"}],"replies":[{"embeddable":true,"href":"https:\/\/ppdegalicia.com\/es\/wp-json\/wp\/v2\/comments?post=56692"}],"version-history":[{"count":0,"href":"https:\/\/ppdegalicia.com\/es\/wp-json\/wp\/v2\/posts\/56692\/revisions"}],"wp:featuredmedia":[{"embeddable":true,"href":"https:\/\/ppdegalicia.com\/es\/wp-json\/wp\/v2\/media\/56691"}],"wp:attachment":[{"href":"https:\/\/ppdegalicia.com\/es\/wp-json\/wp\/v2\/media?parent=56692"}],"wp:term":[{"taxonomy":"category","embeddable":true,"href":"https:\/\/ppdegalicia.com\/es\/wp-json\/wp\/v2\/categories?post=56692"},{"taxonomy":"post_tag","embeddable":true,"href":"https:\/\/ppdegalicia.com\/es\/wp-json\/wp\/v2\/tags?post=56692"}],"curies":[{"name":"wp","href":"https:\/\/api.w.org\/{rel}","templated":true}]}}