{"id":56702,"date":"2022-02-08T10:53:20","date_gmt":"2022-02-08T08:53:20","guid":{"rendered":"https:\/\/ppdegalicia.com\/pedro-puy-avoga-por-evitar-debates-extemporaneos-sobre-a-fabrica-de-fibras-textiles-e-demanda-apoio-do-goberno-central-a-traves-dos-fondos-next-generation\/"},"modified":"2022-02-08T10:53:20","modified_gmt":"2022-02-08T08:53:20","slug":"pedro-puy-avoga-por-evitar-debates-extemporaneos-sobre-a-fabrica-de-fibras-textiles-e-demanda-apoio-do-goberno-central-a-traves-dos-fondos-next-generation","status":"publish","type":"post","link":"https:\/\/ppdegalicia.com\/es\/pedro-puy-avoga-por-evitar-debates-extemporaneos-sobre-a-fabrica-de-fibras-textiles-e-demanda-apoio-do-goberno-central-a-traves-dos-fondos-next-generation\/","title":{"rendered":"Pedro Puy avoga por evitar debates extempor\u00e1neos sobre a f\u00e1brica de fibras t\u00e9xtiles e demanda apoio do Goberno central a trav\u00e9s dos fondos Next Generation"},"content":{"rendered":"<p><img fetchpriority=\"high\" decoding=\"async\" class=\" size-full wp-image-56701\" src=\"https:\/\/ppdegalicia.com\/wp-content\/uploads\/2022\/02\/14a7918fcdf6dc302c80fa10f1a86a7a.jpg\" alt=\"\" width=\"1900\" height=\"1267\" srcset=\"https:\/\/ppdegalicia.com\/wp-content\/uploads\/2022\/02\/14a7918fcdf6dc302c80fa10f1a86a7a.jpg 1900w, https:\/\/ppdegalicia.com\/wp-content\/uploads\/2022\/02\/14a7918fcdf6dc302c80fa10f1a86a7a-300x200.jpg 300w, https:\/\/ppdegalicia.com\/wp-content\/uploads\/2022\/02\/14a7918fcdf6dc302c80fa10f1a86a7a-1024x683.jpg 1024w, https:\/\/ppdegalicia.com\/wp-content\/uploads\/2022\/02\/14a7918fcdf6dc302c80fa10f1a86a7a-768x512.jpg 768w, https:\/\/ppdegalicia.com\/wp-content\/uploads\/2022\/02\/14a7918fcdf6dc302c80fa10f1a86a7a-1536x1024.jpg 1536w\" sizes=\"(max-width: 1900px) 100vw, 1900px\" \/><\/p>\n<p>Santiago, 7 de febreiro de 2022.- O portavoz do Grupo Popular, Pedro Puy, demandou hoxe \u201cevitar debates que non contrib\u00faen ao bo \u00e9xito\u201d da implantaci\u00f3n da primeira f\u00e1brica de fibras t\u00e9xtiles de Espa\u00f1a en Galicia e demandou ao Goberno central que axilice a tramitaci\u00f3n dos fondos europeos Next Generation que contrib\u00faan \u00e1 realizaci\u00f3n deste proxecto por parte da empresa portuguesa Altri.<\/p>\n<p><!--more--><\/p>\n<blockquote class=\"twitter-tweet\">\n<p dir=\"ltr\" lang=\"es\">?Iniciativas do <a href=\"https:\/\/twitter.com\/ppdegalicia?ref_src=twsrc%5Etfw\">@ppdegalicia<\/a> no Pleno estar\u00e1n moi centradas no sector industrial \u00abpara que a industria galega contin\u00fae a dar os bos datos como os \u00faltimos co\u00f1ecidos sobre exportaci\u00f3n\u00bb, para resolver problemas das electrointesivas ou a iniciativa nova sobre fibras t\u00e9xtiles <a href=\"https:\/\/t.co\/q9OCVE3w36\">pic.twitter.com\/q9OCVE3w36<\/a><\/p>\n<p>\u2014 GrupoPopularGalicia (@GrupoPopularGal) <a href=\"https:\/\/twitter.com\/GrupoPopularGal\/status\/1490675487215079428?ref_src=twsrc%5Etfw\">February 7, 2022<\/a><\/p><\/blockquote>\n<p>Pedro Puy explicou que o Grupo Popular centrar\u00e1 as s\u00faas proposici\u00f3ns non de lei no Pleno desta semana no \u00e1mbito industrial, \u201cnun momento no que estamos co\u00f1ecendo datos moi positivos sobre a capacidade da industria galega, que mant\u00e9n ao sector, en relaci\u00f3n ao conxunto do valor engadido creado, por enriba da media de Espa\u00f1a\u201d.<\/p>\n<p>\u00a0<\/p>\n<p><strong>O ESTATUTO ELECTROINTENSIVO NON FUNCIONA<\/strong><\/p>\n<p>\u00a0<\/p>\n<blockquote class=\"twitter-tweet\">\n<p dir=\"ltr\" lang=\"es\">?\ufe0fGalicia non ten unha crise industrial xeralizada sen\u00f3n que est\u00e1 focalizada nas industrias electrointensivas, sinala Pedro Puy e indica que o <a href=\"https:\/\/twitter.com\/ppdegalicia?ref_src=twsrc%5Etfw\">@ppdegalicia<\/a> defender\u00e1 que te\u00f1an un axuste ou se lles permita un estatuto, un r\u00e9xime de enerx\u00eda que lles permita ser competitivas <a href=\"https:\/\/t.co\/Sai45rsk8V\">pic.twitter.com\/Sai45rsk8V<\/a><\/p>\n<p>\u2014 GrupoPopularGalicia (@GrupoPopularGal) <a href=\"https:\/\/twitter.com\/GrupoPopularGal\/status\/1490676723591036932?ref_src=twsrc%5Etfw\">February 7, 2022<\/a><\/p><\/blockquote>\n<p>\u201cVemos que, a\u00ednda que a industria galega est\u00e1 sufrindo un proceso de fonda transformaci\u00f3n, os datos de exportaci\u00f3ns amosan que, en vez de vivir unha crise industrial xeneralizada, hai sectores que est\u00e1n comport\u00e1ndose de forma moi positiva\u201d, como a automoci\u00f3n, o agroalimentario, o metal-mec\u00e1nico, a madeira, o forestal, os produtos minerais, a industria qu\u00edmica, o naval ou os produtos de caucho, sinalou o portavoz popular. Deste xeito, asegurou que \u201cGalicia non ten unha crise industrial xeneralizada, sen\u00f3n que se observa onde est\u00e1 focalizada: nas industrias electrointensivas\u201d.<\/p>\n<p>\u00a0<\/p>\n<p>Deste xeito, o Grupo Popular insistir\u00e1 na sesi\u00f3n plenaria desta semana na necesidade de que as industrias hiperelectrointensivas te\u00f1an un axuste ou un estatuto adecuado, \u201cvendo que o que aprobou o Goberno central non est\u00e1 a funcionar e non lles permite ser competitivas\u201d.<\/p>\n<p>\u00a0<\/p>\n<p>As\u00ed mesmo, Pedro Puy anunciou que a iniciativa completarase cunha solicitude para que se busque unha soluci\u00f3n \u00e1 situaci\u00f3n da empresa Alu Ib\u00e9rica en A Coru\u00f1a, \u201cdespois de que a Xunta xa avisara de que a soluci\u00f3n adoptada non era satisfactoria e que o procedemento est\u00e1 a piques de rematar e todo parece apuntar cara ao peche da empresa\u201d.<\/p>\n<p>\u00a0<\/p>\n<p><strong>PRIORIDADE PARA A F\u00c1BRICA DE FIBRAS T\u00c9XTILES<\/strong><\/p>\n<p>\u00a0<\/p>\n<blockquote class=\"twitter-tweet\">\n<p dir=\"ltr\" lang=\"es\">?\ufe0fDespois de que <a href=\"https:\/\/twitter.com\/Xunta?ref_src=twsrc%5Etfw\">@Xunta<\/a> ten cumprido con todos os requisitos de priorizar e especificar os proxectos,o Goberno central debe contribu\u00edr a importante iniciativa da f\u00e1brica de fibras t\u00e9xtiles na provincia de Lugo e esperamos o apoio das forzas pol\u00edticas,Puy <a href=\"https:\/\/twitter.com\/ppdegalicia?ref_src=twsrc%5Etfw\">@ppdegalicia<\/a> <a href=\"https:\/\/twitter.com\/PPdeLugo?ref_src=twsrc%5Etfw\">@PPdeLugo<\/a> <a href=\"https:\/\/t.co\/hF1IptAFp2\">pic.twitter.com\/hF1IptAFp2<\/a><\/p>\n<p>\u2014 GrupoPopularGalicia (@GrupoPopularGal) <a href=\"https:\/\/twitter.com\/GrupoPopularGal\/status\/1490678605512429569?ref_src=twsrc%5Etfw\">February 7, 2022<\/a><\/p><\/blockquote>\n<p>En segundo lugar, Puy explicou que o Grupo Popular demandar\u00e1 no Pleno que a Xunta priorice o proceso de dese\u00f1o da primeira f\u00e1brica de t\u00e9xtiles en Espa\u00f1a que permita pechar o ciclo da produci\u00f3n de madeira en Galicia, ao tempo que o Goberno central establece li\u00f1as de apoio no marco dos fondos europeos Next Generation para o desenvolvemento deste proxecto coa maior celeridade posible.<\/p>\n<p>\u00a0<\/p>\n<p>O portavoz popular lembrou que os Next Generation son \u201cunha gran oportunidade para transformar alg\u00fans dos sectores produtivos galegos cara un sistema m\u00e1is dixitalizado, m\u00e1is sostible, que garanta a continuidade na produci\u00f3n sen danos ao medio ambiente e aproveitando os bens materiais existentes en Galicia\u201d.<\/p>\n<p>\u00a0<\/p>\n<p>Respecto da proxecto da f\u00e1brica de fibras t\u00e9xtiles, Pedro Puy afirmou que se trata dun \u201cproxecto maduro, xurdido no Comit\u00e9 de Expertos econ\u00f3micos creado pola Xunta durante a pandemia e fomentado a trav\u00e9s da sociedade Impulsa Galicia, constitu\u00edda para tramitar axilmente os fondos europeos\u201d. \u201cA Xunta fixo xesti\u00f3ns e hai un investidor interesado: a empresa portuguesa Altri, que neste momento est\u00e1 a valorar diferentes localizaci\u00f3ns en Galicia\u201d, dixo. En concreto, apuntou que \u201co destino definitivo vir\u00e1 marcado polas necesidades de criterios medioambientais e por todos os recursos necesarios para instalar esta factor\u00eda, entre outros a necesidade de auga doce\u201d.<\/p>\n<p>\u00a0<\/p>\n<p>\u201cEntendemos que este proxecto estea a levantar tanto interese, o que non entendemos, tendo presente a s\u00faa importancia, \u00e9 que se abran debates que s\u00f3 poden contribu\u00edr a evitar o bo \u00e9xito desta iniciativa\u201d, sinalou, para concretar que \u201co noso interese preferente \u00e9 que a localizaci\u00f3n sexa na provincia de Lugo, pero o principal \u00e9 que este proxecto saia adiante, para o que \u00e9 indispensable que o Goberno central contrib\u00faa coa dotaci\u00f3n de fondos europeos\u201d.<\/p>\n","protected":false},"excerpt":{"rendered":"<p>Santiago, 7 de febreiro de 2022.- O portavoz do Grupo Popular, Pedro Puy, demandou hoxe \u201cevitar debates que non contrib\u00faen ao bo \u00e9xito\u201d da implantaci\u00f3n da primeira f\u00e1brica de fibras t\u00e9xtiles de Espa\u00f1a en Galicia e demandou ao Goberno central que axilice a tramitaci\u00f3n dos fondos europeos Next Generation que contrib\u00faan \u00e1 realizaci\u00f3n deste proxecto [&hellip;]<\/p>\n","protected":false},"author":38,"featured_media":56701,"comment_status":"open","ping_status":"open","sticky":false,"template":"","format":"standard","meta":{"_acf_changed":false,"footnotes":""},"categories":[1],"tags":[],"class_list":["post-56702","post","type-post","status-publish","format-standard","has-post-thumbnail","hentry","category-pp-de-galicia"],"acf":[],"yoast_head":"<!-- This site is optimized with the Yoast SEO plugin v27.3 - https:\/\/yoast.com\/product\/yoast-seo-wordpress\/ -->\n<title>Pedro Puy avoga por evitar debates extempor\u00e1neos sobre a f\u00e1brica de fibras t\u00e9xtiles e demanda apoio do Goberno central a trav\u00e9s dos fondos Next Generation - PP de Galicia<\/title>\n<meta name=\"robots\" content=\"index, follow, max-snippet:-1, max-image-preview:large, max-video-preview:-1\" \/>\n<link rel=\"canonical\" href=\"https:\/\/ppdegalicia.com\/es\/pedro-puy-avoga-por-evitar-debates-extemporaneos-sobre-a-fabrica-de-fibras-textiles-e-demanda-apoio-do-goberno-central-a-traves-dos-fondos-next-generation\/\" \/>\n<meta property=\"og:locale\" content=\"es_ES\" \/>\n<meta property=\"og:type\" content=\"article\" \/>\n<meta property=\"og:title\" content=\"Pedro Puy avoga por evitar debates extempor\u00e1neos sobre a f\u00e1brica de fibras t\u00e9xtiles e demanda apoio do Goberno central a trav\u00e9s dos fondos Next Generation - PP de Galicia\" \/>\n<meta property=\"og:description\" content=\"Santiago, 7 de febreiro de 2022.- O portavoz do Grupo Popular, Pedro Puy, demandou hoxe \u201cevitar debates que non contrib\u00faen ao bo \u00e9xito\u201d da implantaci\u00f3n da primeira f\u00e1brica de fibras t\u00e9xtiles de Espa\u00f1a en Galicia e demandou ao Goberno central que axilice a tramitaci\u00f3n dos fondos europeos Next Generation que contrib\u00faan \u00e1 realizaci\u00f3n deste proxecto [&hellip;]\" \/>\n<meta property=\"og:url\" content=\"https:\/\/ppdegalicia.com\/es\/pedro-puy-avoga-por-evitar-debates-extemporaneos-sobre-a-fabrica-de-fibras-textiles-e-demanda-apoio-do-goberno-central-a-traves-dos-fondos-next-generation\/\" \/>\n<meta property=\"og:site_name\" content=\"PP de Galicia\" \/>\n<meta property=\"article:publisher\" content=\"https:\/\/www.instagram.com\/ppdegalicia\/\" \/>\n<meta property=\"article:published_time\" content=\"2022-02-08T08:53:20+00:00\" \/>\n<meta property=\"og:image\" content=\"https:\/\/ppdegalicia.com\/wp-content\/uploads\/2022\/02\/14a7918fcdf6dc302c80fa10f1a86a7a.jpg\" \/>\n\t<meta property=\"og:image:width\" content=\"1900\" \/>\n\t<meta property=\"og:image:height\" content=\"1267\" \/>\n\t<meta property=\"og:image:type\" content=\"image\/jpeg\" \/>\n<meta name=\"author\" content=\"ppdegaliciaredes\" \/>\n<meta name=\"twitter:card\" content=\"summary_large_image\" \/>\n<meta name=\"twitter:creator\" content=\"@ppdegalicia\" \/>\n<meta name=\"twitter:site\" content=\"@ppdegalicia\" \/>\n<meta name=\"twitter:label1\" content=\"Escrito por\" \/>\n\t<meta name=\"twitter:data1\" content=\"ppdegaliciaredes\" \/>\n\t<meta name=\"twitter:label2\" content=\"Tiempo de lectura\" \/>\n\t<meta name=\"twitter:data2\" content=\"4 minutos\" \/>\n<script type=\"application\/ld+json\" class=\"yoast-schema-graph\">{\"@context\":\"https:\\\/\\\/schema.org\",\"@graph\":[{\"@type\":\"Article\",\"@id\":\"https:\\\/\\\/ppdegalicia.com\\\/es\\\/pedro-puy-avoga-por-evitar-debates-extemporaneos-sobre-a-fabrica-de-fibras-textiles-e-demanda-apoio-do-goberno-central-a-traves-dos-fondos-next-generation\\\/#article\",\"isPartOf\":{\"@id\":\"https:\\\/\\\/ppdegalicia.com\\\/es\\\/pedro-puy-avoga-por-evitar-debates-extemporaneos-sobre-a-fabrica-de-fibras-textiles-e-demanda-apoio-do-goberno-central-a-traves-dos-fondos-next-generation\\\/\"},\"author\":{\"name\":\"ppdegaliciaredes\",\"@id\":\"https:\\\/\\\/ppdegalicia.com\\\/es\\\/#\\\/schema\\\/person\\\/5b822c6f59e872ebdd1142f307dbcb59\"},\"headline\":\"Pedro Puy avoga por evitar debates extempor\u00e1neos sobre a f\u00e1brica de fibras t\u00e9xtiles e demanda apoio do Goberno central a trav\u00e9s dos fondos Next Generation\",\"datePublished\":\"2022-02-08T08:53:20+00:00\",\"mainEntityOfPage\":{\"@id\":\"https:\\\/\\\/ppdegalicia.com\\\/es\\\/pedro-puy-avoga-por-evitar-debates-extemporaneos-sobre-a-fabrica-de-fibras-textiles-e-demanda-apoio-do-goberno-central-a-traves-dos-fondos-next-generation\\\/\"},\"wordCount\":839,\"commentCount\":0,\"publisher\":{\"@id\":\"https:\\\/\\\/ppdegalicia.com\\\/es\\\/#organization\"},\"image\":{\"@id\":\"https:\\\/\\\/ppdegalicia.com\\\/es\\\/pedro-puy-avoga-por-evitar-debates-extemporaneos-sobre-a-fabrica-de-fibras-textiles-e-demanda-apoio-do-goberno-central-a-traves-dos-fondos-next-generation\\\/#primaryimage\"},\"thumbnailUrl\":\"https:\\\/\\\/ppdegalicia.com\\\/wp-content\\\/uploads\\\/2022\\\/02\\\/14a7918fcdf6dc302c80fa10f1a86a7a.jpg\",\"articleSection\":[\"PP de Galicia\"],\"inLanguage\":\"es\",\"potentialAction\":[{\"@type\":\"CommentAction\",\"name\":\"Comment\",\"target\":[\"https:\\\/\\\/ppdegalicia.com\\\/es\\\/pedro-puy-avoga-por-evitar-debates-extemporaneos-sobre-a-fabrica-de-fibras-textiles-e-demanda-apoio-do-goberno-central-a-traves-dos-fondos-next-generation\\\/#respond\"]}]},{\"@type\":\"WebPage\",\"@id\":\"https:\\\/\\\/ppdegalicia.com\\\/es\\\/pedro-puy-avoga-por-evitar-debates-extemporaneos-sobre-a-fabrica-de-fibras-textiles-e-demanda-apoio-do-goberno-central-a-traves-dos-fondos-next-generation\\\/\",\"url\":\"https:\\\/\\\/ppdegalicia.com\\\/es\\\/pedro-puy-avoga-por-evitar-debates-extemporaneos-sobre-a-fabrica-de-fibras-textiles-e-demanda-apoio-do-goberno-central-a-traves-dos-fondos-next-generation\\\/\",\"name\":\"Pedro Puy avoga por evitar debates extempor\u00e1neos sobre a f\u00e1brica de fibras t\u00e9xtiles e demanda apoio do Goberno central a trav\u00e9s dos fondos Next Generation - PP de Galicia\",\"isPartOf\":{\"@id\":\"https:\\\/\\\/ppdegalicia.com\\\/es\\\/#website\"},\"primaryImageOfPage\":{\"@id\":\"https:\\\/\\\/ppdegalicia.com\\\/es\\\/pedro-puy-avoga-por-evitar-debates-extemporaneos-sobre-a-fabrica-de-fibras-textiles-e-demanda-apoio-do-goberno-central-a-traves-dos-fondos-next-generation\\\/#primaryimage\"},\"image\":{\"@id\":\"https:\\\/\\\/ppdegalicia.com\\\/es\\\/pedro-puy-avoga-por-evitar-debates-extemporaneos-sobre-a-fabrica-de-fibras-textiles-e-demanda-apoio-do-goberno-central-a-traves-dos-fondos-next-generation\\\/#primaryimage\"},\"thumbnailUrl\":\"https:\\\/\\\/ppdegalicia.com\\\/wp-content\\\/uploads\\\/2022\\\/02\\\/14a7918fcdf6dc302c80fa10f1a86a7a.jpg\",\"datePublished\":\"2022-02-08T08:53:20+00:00\",\"breadcrumb\":{\"@id\":\"https:\\\/\\\/ppdegalicia.com\\\/es\\\/pedro-puy-avoga-por-evitar-debates-extemporaneos-sobre-a-fabrica-de-fibras-textiles-e-demanda-apoio-do-goberno-central-a-traves-dos-fondos-next-generation\\\/#breadcrumb\"},\"inLanguage\":\"es\",\"potentialAction\":[{\"@type\":\"ReadAction\",\"target\":[\"https:\\\/\\\/ppdegalicia.com\\\/es\\\/pedro-puy-avoga-por-evitar-debates-extemporaneos-sobre-a-fabrica-de-fibras-textiles-e-demanda-apoio-do-goberno-central-a-traves-dos-fondos-next-generation\\\/\"]}]},{\"@type\":\"ImageObject\",\"inLanguage\":\"es\",\"@id\":\"https:\\\/\\\/ppdegalicia.com\\\/es\\\/pedro-puy-avoga-por-evitar-debates-extemporaneos-sobre-a-fabrica-de-fibras-textiles-e-demanda-apoio-do-goberno-central-a-traves-dos-fondos-next-generation\\\/#primaryimage\",\"url\":\"https:\\\/\\\/ppdegalicia.com\\\/wp-content\\\/uploads\\\/2022\\\/02\\\/14a7918fcdf6dc302c80fa10f1a86a7a.jpg\",\"contentUrl\":\"https:\\\/\\\/ppdegalicia.com\\\/wp-content\\\/uploads\\\/2022\\\/02\\\/14a7918fcdf6dc302c80fa10f1a86a7a.jpg\",\"width\":1900,\"height\":1267},{\"@type\":\"BreadcrumbList\",\"@id\":\"https:\\\/\\\/ppdegalicia.com\\\/es\\\/pedro-puy-avoga-por-evitar-debates-extemporaneos-sobre-a-fabrica-de-fibras-textiles-e-demanda-apoio-do-goberno-central-a-traves-dos-fondos-next-generation\\\/#breadcrumb\",\"itemListElement\":[{\"@type\":\"ListItem\",\"position\":1,\"name\":\"Portada\",\"item\":\"https:\\\/\\\/ppdegalicia.com\\\/es\\\/\"},{\"@type\":\"ListItem\",\"position\":2,\"name\":\"Pedro Puy avoga por evitar debates extempor\u00e1neos sobre a f\u00e1brica de fibras t\u00e9xtiles e demanda apoio do Goberno central a trav\u00e9s dos fondos Next Generation\"}]},{\"@type\":\"WebSite\",\"@id\":\"https:\\\/\\\/ppdegalicia.com\\\/es\\\/#website\",\"url\":\"https:\\\/\\\/ppdegalicia.com\\\/es\\\/\",\"name\":\"Partido Popular de Galicia\",\"description\":\"Partido Popular de Galicia\",\"publisher\":{\"@id\":\"https:\\\/\\\/ppdegalicia.com\\\/es\\\/#organization\"},\"alternateName\":\"PP de Galicia\",\"potentialAction\":[{\"@type\":\"SearchAction\",\"target\":{\"@type\":\"EntryPoint\",\"urlTemplate\":\"https:\\\/\\\/ppdegalicia.com\\\/es\\\/?s={search_term_string}\"},\"query-input\":{\"@type\":\"PropertyValueSpecification\",\"valueRequired\":true,\"valueName\":\"search_term_string\"}}],\"inLanguage\":\"es\"},{\"@type\":\"Organization\",\"@id\":\"https:\\\/\\\/ppdegalicia.com\\\/es\\\/#organization\",\"name\":\"Partido Popular de Galicia\",\"alternateName\":\"PP de Galicia\",\"url\":\"https:\\\/\\\/ppdegalicia.com\\\/es\\\/\",\"logo\":{\"@type\":\"ImageObject\",\"inLanguage\":\"es\",\"@id\":\"https:\\\/\\\/ppdegalicia.com\\\/es\\\/#\\\/schema\\\/logo\\\/image\\\/\",\"url\":\"https:\\\/\\\/ppdegalicia.com\\\/wp-content\\\/uploads\\\/2023\\\/04\\\/logoPP512.png\",\"contentUrl\":\"https:\\\/\\\/ppdegalicia.com\\\/wp-content\\\/uploads\\\/2023\\\/04\\\/logoPP512.png\",\"width\":512,\"height\":512,\"caption\":\"Partido Popular de Galicia\"},\"image\":{\"@id\":\"https:\\\/\\\/ppdegalicia.com\\\/es\\\/#\\\/schema\\\/logo\\\/image\\\/\"},\"sameAs\":[\"https:\\\/\\\/www.instagram.com\\\/ppdegalicia\\\/\",\"https:\\\/\\\/x.com\\\/ppdegalicia\",\"https:\\\/\\\/www.tiktok.com\\\/@ppdegalicia\",\"https:\\\/\\\/www.youtube.com\\\/user\\\/ppdegalicia\"]},{\"@type\":\"Person\",\"@id\":\"https:\\\/\\\/ppdegalicia.com\\\/es\\\/#\\\/schema\\\/person\\\/5b822c6f59e872ebdd1142f307dbcb59\",\"name\":\"ppdegaliciaredes\",\"image\":{\"@type\":\"ImageObject\",\"inLanguage\":\"es\",\"@id\":\"https:\\\/\\\/secure.gravatar.com\\\/avatar\\\/3c9179cf0256d00c72a48d1f25783c58b6842cd56e85ef3a572881c8e28ccd59?s=96&d=mm&r=g\",\"url\":\"https:\\\/\\\/secure.gravatar.com\\\/avatar\\\/3c9179cf0256d00c72a48d1f25783c58b6842cd56e85ef3a572881c8e28ccd59?s=96&d=mm&r=g\",\"contentUrl\":\"https:\\\/\\\/secure.gravatar.com\\\/avatar\\\/3c9179cf0256d00c72a48d1f25783c58b6842cd56e85ef3a572881c8e28ccd59?s=96&d=mm&r=g\",\"caption\":\"ppdegaliciaredes\"},\"url\":\"https:\\\/\\\/ppdegalicia.com\\\/es\\\/author\\\/ppdegaliciaredes\\\/\"}]}<\/script>\n<!-- \/ Yoast SEO plugin. -->","yoast_head_json":{"title":"Pedro Puy avoga por evitar debates extempor\u00e1neos sobre a f\u00e1brica de fibras t\u00e9xtiles e demanda apoio do Goberno central a trav\u00e9s dos fondos Next Generation - PP de Galicia","robots":{"index":"index","follow":"follow","max-snippet":"max-snippet:-1","max-image-preview":"max-image-preview:large","max-video-preview":"max-video-preview:-1"},"canonical":"https:\/\/ppdegalicia.com\/es\/pedro-puy-avoga-por-evitar-debates-extemporaneos-sobre-a-fabrica-de-fibras-textiles-e-demanda-apoio-do-goberno-central-a-traves-dos-fondos-next-generation\/","og_locale":"es_ES","og_type":"article","og_title":"Pedro Puy avoga por evitar debates extempor\u00e1neos sobre a f\u00e1brica de fibras t\u00e9xtiles e demanda apoio do Goberno central a trav\u00e9s dos fondos Next Generation - PP de Galicia","og_description":"Santiago, 7 de febreiro de 2022.- O portavoz do Grupo Popular, Pedro Puy, demandou hoxe \u201cevitar debates que non contrib\u00faen ao bo \u00e9xito\u201d da implantaci\u00f3n da primeira f\u00e1brica de fibras t\u00e9xtiles de Espa\u00f1a en Galicia e demandou ao Goberno central que axilice a tramitaci\u00f3n dos fondos europeos Next Generation que contrib\u00faan \u00e1 realizaci\u00f3n deste proxecto [&hellip;]","og_url":"https:\/\/ppdegalicia.com\/es\/pedro-puy-avoga-por-evitar-debates-extemporaneos-sobre-a-fabrica-de-fibras-textiles-e-demanda-apoio-do-goberno-central-a-traves-dos-fondos-next-generation\/","og_site_name":"PP de Galicia","article_publisher":"https:\/\/www.instagram.com\/ppdegalicia\/","article_published_time":"2022-02-08T08:53:20+00:00","og_image":[{"width":1900,"height":1267,"url":"https:\/\/ppdegalicia.com\/wp-content\/uploads\/2022\/02\/14a7918fcdf6dc302c80fa10f1a86a7a.jpg","type":"image\/jpeg"}],"author":"ppdegaliciaredes","twitter_card":"summary_large_image","twitter_creator":"@ppdegalicia","twitter_site":"@ppdegalicia","twitter_misc":{"Escrito por":"ppdegaliciaredes","Tiempo de lectura":"4 minutos"},"schema":{"@context":"https:\/\/schema.org","@graph":[{"@type":"Article","@id":"https:\/\/ppdegalicia.com\/es\/pedro-puy-avoga-por-evitar-debates-extemporaneos-sobre-a-fabrica-de-fibras-textiles-e-demanda-apoio-do-goberno-central-a-traves-dos-fondos-next-generation\/#article","isPartOf":{"@id":"https:\/\/ppdegalicia.com\/es\/pedro-puy-avoga-por-evitar-debates-extemporaneos-sobre-a-fabrica-de-fibras-textiles-e-demanda-apoio-do-goberno-central-a-traves-dos-fondos-next-generation\/"},"author":{"name":"ppdegaliciaredes","@id":"https:\/\/ppdegalicia.com\/es\/#\/schema\/person\/5b822c6f59e872ebdd1142f307dbcb59"},"headline":"Pedro Puy avoga por evitar debates extempor\u00e1neos sobre a f\u00e1brica de fibras t\u00e9xtiles e demanda apoio do Goberno central a trav\u00e9s dos fondos Next Generation","datePublished":"2022-02-08T08:53:20+00:00","mainEntityOfPage":{"@id":"https:\/\/ppdegalicia.com\/es\/pedro-puy-avoga-por-evitar-debates-extemporaneos-sobre-a-fabrica-de-fibras-textiles-e-demanda-apoio-do-goberno-central-a-traves-dos-fondos-next-generation\/"},"wordCount":839,"commentCount":0,"publisher":{"@id":"https:\/\/ppdegalicia.com\/es\/#organization"},"image":{"@id":"https:\/\/ppdegalicia.com\/es\/pedro-puy-avoga-por-evitar-debates-extemporaneos-sobre-a-fabrica-de-fibras-textiles-e-demanda-apoio-do-goberno-central-a-traves-dos-fondos-next-generation\/#primaryimage"},"thumbnailUrl":"https:\/\/ppdegalicia.com\/wp-content\/uploads\/2022\/02\/14a7918fcdf6dc302c80fa10f1a86a7a.jpg","articleSection":["PP de Galicia"],"inLanguage":"es","potentialAction":[{"@type":"CommentAction","name":"Comment","target":["https:\/\/ppdegalicia.com\/es\/pedro-puy-avoga-por-evitar-debates-extemporaneos-sobre-a-fabrica-de-fibras-textiles-e-demanda-apoio-do-goberno-central-a-traves-dos-fondos-next-generation\/#respond"]}]},{"@type":"WebPage","@id":"https:\/\/ppdegalicia.com\/es\/pedro-puy-avoga-por-evitar-debates-extemporaneos-sobre-a-fabrica-de-fibras-textiles-e-demanda-apoio-do-goberno-central-a-traves-dos-fondos-next-generation\/","url":"https:\/\/ppdegalicia.com\/es\/pedro-puy-avoga-por-evitar-debates-extemporaneos-sobre-a-fabrica-de-fibras-textiles-e-demanda-apoio-do-goberno-central-a-traves-dos-fondos-next-generation\/","name":"Pedro Puy avoga por evitar debates extempor\u00e1neos sobre a f\u00e1brica de fibras t\u00e9xtiles e demanda apoio do Goberno central a trav\u00e9s dos fondos Next Generation - PP de Galicia","isPartOf":{"@id":"https:\/\/ppdegalicia.com\/es\/#website"},"primaryImageOfPage":{"@id":"https:\/\/ppdegalicia.com\/es\/pedro-puy-avoga-por-evitar-debates-extemporaneos-sobre-a-fabrica-de-fibras-textiles-e-demanda-apoio-do-goberno-central-a-traves-dos-fondos-next-generation\/#primaryimage"},"image":{"@id":"https:\/\/ppdegalicia.com\/es\/pedro-puy-avoga-por-evitar-debates-extemporaneos-sobre-a-fabrica-de-fibras-textiles-e-demanda-apoio-do-goberno-central-a-traves-dos-fondos-next-generation\/#primaryimage"},"thumbnailUrl":"https:\/\/ppdegalicia.com\/wp-content\/uploads\/2022\/02\/14a7918fcdf6dc302c80fa10f1a86a7a.jpg","datePublished":"2022-02-08T08:53:20+00:00","breadcrumb":{"@id":"https:\/\/ppdegalicia.com\/es\/pedro-puy-avoga-por-evitar-debates-extemporaneos-sobre-a-fabrica-de-fibras-textiles-e-demanda-apoio-do-goberno-central-a-traves-dos-fondos-next-generation\/#breadcrumb"},"inLanguage":"es","potentialAction":[{"@type":"ReadAction","target":["https:\/\/ppdegalicia.com\/es\/pedro-puy-avoga-por-evitar-debates-extemporaneos-sobre-a-fabrica-de-fibras-textiles-e-demanda-apoio-do-goberno-central-a-traves-dos-fondos-next-generation\/"]}]},{"@type":"ImageObject","inLanguage":"es","@id":"https:\/\/ppdegalicia.com\/es\/pedro-puy-avoga-por-evitar-debates-extemporaneos-sobre-a-fabrica-de-fibras-textiles-e-demanda-apoio-do-goberno-central-a-traves-dos-fondos-next-generation\/#primaryimage","url":"https:\/\/ppdegalicia.com\/wp-content\/uploads\/2022\/02\/14a7918fcdf6dc302c80fa10f1a86a7a.jpg","contentUrl":"https:\/\/ppdegalicia.com\/wp-content\/uploads\/2022\/02\/14a7918fcdf6dc302c80fa10f1a86a7a.jpg","width":1900,"height":1267},{"@type":"BreadcrumbList","@id":"https:\/\/ppdegalicia.com\/es\/pedro-puy-avoga-por-evitar-debates-extemporaneos-sobre-a-fabrica-de-fibras-textiles-e-demanda-apoio-do-goberno-central-a-traves-dos-fondos-next-generation\/#breadcrumb","itemListElement":[{"@type":"ListItem","position":1,"name":"Portada","item":"https:\/\/ppdegalicia.com\/es\/"},{"@type":"ListItem","position":2,"name":"Pedro Puy avoga por evitar debates extempor\u00e1neos sobre a f\u00e1brica de fibras t\u00e9xtiles e demanda apoio do Goberno central a trav\u00e9s dos fondos Next Generation"}]},{"@type":"WebSite","@id":"https:\/\/ppdegalicia.com\/es\/#website","url":"https:\/\/ppdegalicia.com\/es\/","name":"Partido Popular de Galicia","description":"Partido Popular de Galicia","publisher":{"@id":"https:\/\/ppdegalicia.com\/es\/#organization"},"alternateName":"PP de Galicia","potentialAction":[{"@type":"SearchAction","target":{"@type":"EntryPoint","urlTemplate":"https:\/\/ppdegalicia.com\/es\/?s={search_term_string}"},"query-input":{"@type":"PropertyValueSpecification","valueRequired":true,"valueName":"search_term_string"}}],"inLanguage":"es"},{"@type":"Organization","@id":"https:\/\/ppdegalicia.com\/es\/#organization","name":"Partido Popular de Galicia","alternateName":"PP de Galicia","url":"https:\/\/ppdegalicia.com\/es\/","logo":{"@type":"ImageObject","inLanguage":"es","@id":"https:\/\/ppdegalicia.com\/es\/#\/schema\/logo\/image\/","url":"https:\/\/ppdegalicia.com\/wp-content\/uploads\/2023\/04\/logoPP512.png","contentUrl":"https:\/\/ppdegalicia.com\/wp-content\/uploads\/2023\/04\/logoPP512.png","width":512,"height":512,"caption":"Partido Popular de Galicia"},"image":{"@id":"https:\/\/ppdegalicia.com\/es\/#\/schema\/logo\/image\/"},"sameAs":["https:\/\/www.instagram.com\/ppdegalicia\/","https:\/\/x.com\/ppdegalicia","https:\/\/www.tiktok.com\/@ppdegalicia","https:\/\/www.youtube.com\/user\/ppdegalicia"]},{"@type":"Person","@id":"https:\/\/ppdegalicia.com\/es\/#\/schema\/person\/5b822c6f59e872ebdd1142f307dbcb59","name":"ppdegaliciaredes","image":{"@type":"ImageObject","inLanguage":"es","@id":"https:\/\/secure.gravatar.com\/avatar\/3c9179cf0256d00c72a48d1f25783c58b6842cd56e85ef3a572881c8e28ccd59?s=96&d=mm&r=g","url":"https:\/\/secure.gravatar.com\/avatar\/3c9179cf0256d00c72a48d1f25783c58b6842cd56e85ef3a572881c8e28ccd59?s=96&d=mm&r=g","contentUrl":"https:\/\/secure.gravatar.com\/avatar\/3c9179cf0256d00c72a48d1f25783c58b6842cd56e85ef3a572881c8e28ccd59?s=96&d=mm&r=g","caption":"ppdegaliciaredes"},"url":"https:\/\/ppdegalicia.com\/es\/author\/ppdegaliciaredes\/"}]}},"_links":{"self":[{"href":"https:\/\/ppdegalicia.com\/es\/wp-json\/wp\/v2\/posts\/56702","targetHints":{"allow":["GET"]}}],"collection":[{"href":"https:\/\/ppdegalicia.com\/es\/wp-json\/wp\/v2\/posts"}],"about":[{"href":"https:\/\/ppdegalicia.com\/es\/wp-json\/wp\/v2\/types\/post"}],"author":[{"embeddable":true,"href":"https:\/\/ppdegalicia.com\/es\/wp-json\/wp\/v2\/users\/38"}],"replies":[{"embeddable":true,"href":"https:\/\/ppdegalicia.com\/es\/wp-json\/wp\/v2\/comments?post=56702"}],"version-history":[{"count":0,"href":"https:\/\/ppdegalicia.com\/es\/wp-json\/wp\/v2\/posts\/56702\/revisions"}],"wp:featuredmedia":[{"embeddable":true,"href":"https:\/\/ppdegalicia.com\/es\/wp-json\/wp\/v2\/media\/56701"}],"wp:attachment":[{"href":"https:\/\/ppdegalicia.com\/es\/wp-json\/wp\/v2\/media?parent=56702"}],"wp:term":[{"taxonomy":"category","embeddable":true,"href":"https:\/\/ppdegalicia.com\/es\/wp-json\/wp\/v2\/categories?post=56702"},{"taxonomy":"post_tag","embeddable":true,"href":"https:\/\/ppdegalicia.com\/es\/wp-json\/wp\/v2\/tags?post=56702"}],"curies":[{"name":"wp","href":"https:\/\/api.w.org\/{rel}","templated":true}]}}