{"id":56706,"date":"2022-02-08T16:03:24","date_gmt":"2022-02-08T14:03:24","guid":{"rendered":"https:\/\/ppdegalicia.com\/o-grupo-popular-salienta-que-o-bng-vai-por-detras-do-goberno-galego-ao-pedir-un-foro-cultural-para-o-reparto-dos-fondos-europeos\/"},"modified":"2022-02-08T16:03:24","modified_gmt":"2022-02-08T14:03:24","slug":"o-grupo-popular-salienta-que-o-bng-vai-por-detras-do-goberno-galego-ao-pedir-un-foro-cultural-para-o-reparto-dos-fondos-europeos","status":"publish","type":"post","link":"https:\/\/ppdegalicia.com\/es\/o-grupo-popular-salienta-que-o-bng-vai-por-detras-do-goberno-galego-ao-pedir-un-foro-cultural-para-o-reparto-dos-fondos-europeos\/","title":{"rendered":"O Grupo Popular salienta que o BNG vai por detr\u00e1s do Goberno galego ao pedir un foro cultural para o reparto dos fondos europeos"},"content":{"rendered":"<p><img fetchpriority=\"high\" decoding=\"async\" class=\" size-full wp-image-56705\" src=\"https:\/\/ppdegalicia.com\/wp-content\/uploads\/2022\/02\/43be65894da4a3ba7ebc77cb9a72f0c8.jpg\" alt=\"\" width=\"1900\" height=\"1267\" srcset=\"https:\/\/ppdegalicia.com\/wp-content\/uploads\/2022\/02\/43be65894da4a3ba7ebc77cb9a72f0c8.jpg 1900w, https:\/\/ppdegalicia.com\/wp-content\/uploads\/2022\/02\/43be65894da4a3ba7ebc77cb9a72f0c8-300x200.jpg 300w, https:\/\/ppdegalicia.com\/wp-content\/uploads\/2022\/02\/43be65894da4a3ba7ebc77cb9a72f0c8-1024x683.jpg 1024w, https:\/\/ppdegalicia.com\/wp-content\/uploads\/2022\/02\/43be65894da4a3ba7ebc77cb9a72f0c8-768x512.jpg 768w, https:\/\/ppdegalicia.com\/wp-content\/uploads\/2022\/02\/43be65894da4a3ba7ebc77cb9a72f0c8-1536x1024.jpg 1536w\" sizes=\"(max-width: 1900px) 100vw, 1900px\" \/><\/p>\n<p>Santiago, 8 de febreiro de 2022.- A portavoz de Cultura do Grupo Popular, Teresa Egerique, salientou hoxe no Pleno do Parlamento galego que \u201co BNG volva ir por detr\u00e1s do Goberno galego solicitando un plan de actuaci\u00f3n para impulsar a cultura galega no marco dos fondos Next Generation, logo de que a Conseller\u00eda xa celebrou o pasado 2 de febreiro un foro de traballo e di\u00e1logo cos sectores culturais para o reparto destes fondos europeos\u201d.<\/p>\n<p><!--more--><\/p>\n<p>Teresa Egerique explicou que nesta xuntanza \u201cxa se fixaron as din\u00e1micas de traballo para desenvolver o proceso de participaci\u00f3n, mediante un calendario de xuntanzas presenciais e telem\u00e1ticas, coa vista posta en valorar as necesidades do sector e consensuar un grupo de expertos para presentarlle ao Ministerio de Cultura co obxectivo de conseguir financiamento procedente dos fondos europeos\u201d.<\/p>\n<p>SECTOR CULTURAL \u00c1 ALZA<\/p>\n<p>As\u00ed, est\u00e1 previsto a creaci\u00f3n de oito grupos de traballo para dese\u00f1ar proxectos de transformaci\u00f3n estrat\u00e9xica da cultura galega: audiovisual, artes esc\u00e9nicas, libro, m\u00fasica, instituci\u00f3ns culturais, artes visuais, patrimonio cultural e lingua.<\/p>\n<p>\u201cGalicia ten hoxe un sector cultural \u00e1 alza, que en n\u00fameros representa o 3 por cento do PIB galego, mobiliza arredor de 1.740 mill\u00f3ns de euros e representa o 3,6 por cento do emprego na comunidade aut\u00f3noma\u201d, sinalou a portavoz popular. Egerique subli\u00f1ou que \u201cGalicia foi unha das catro comunidades aut\u00f3nomas nas que aumentou o n\u00famero de empregados respecto a antes da pandemia\u201d.<\/p>\n","protected":false},"excerpt":{"rendered":"<p>Santiago, 8 de febreiro de 2022.- A portavoz de Cultura do Grupo Popular, Teresa Egerique, salientou hoxe no Pleno do Parlamento galego que \u201co BNG volva ir por detr\u00e1s do Goberno galego solicitando un plan de actuaci\u00f3n para impulsar a cultura galega no marco dos fondos Next Generation, logo de que a Conseller\u00eda xa celebrou [&hellip;]<\/p>\n","protected":false},"author":38,"featured_media":56705,"comment_status":"open","ping_status":"open","sticky":false,"template":"","format":"standard","meta":{"_acf_changed":false,"footnotes":""},"categories":[1],"tags":[],"class_list":["post-56706","post","type-post","status-publish","format-standard","has-post-thumbnail","hentry","category-pp-de-galicia"],"acf":[],"yoast_head":"<!-- This site is optimized with the Yoast SEO plugin v27.3 - https:\/\/yoast.com\/product\/yoast-seo-wordpress\/ -->\n<title>O Grupo Popular salienta que o BNG vai por detr\u00e1s do Goberno galego ao pedir un foro cultural para o reparto dos fondos europeos - PP de Galicia<\/title>\n<meta name=\"robots\" content=\"index, follow, max-snippet:-1, max-image-preview:large, max-video-preview:-1\" \/>\n<link rel=\"canonical\" href=\"https:\/\/ppdegalicia.com\/es\/o-grupo-popular-salienta-que-o-bng-vai-por-detras-do-goberno-galego-ao-pedir-un-foro-cultural-para-o-reparto-dos-fondos-europeos\/\" \/>\n<meta property=\"og:locale\" content=\"es_ES\" \/>\n<meta property=\"og:type\" content=\"article\" \/>\n<meta property=\"og:title\" content=\"O Grupo Popular salienta que o BNG vai por detr\u00e1s do Goberno galego ao pedir un foro cultural para o reparto dos fondos europeos - PP de Galicia\" \/>\n<meta property=\"og:description\" content=\"Santiago, 8 de febreiro de 2022.- A portavoz de Cultura do Grupo Popular, Teresa Egerique, salientou hoxe no Pleno do Parlamento galego que \u201co BNG volva ir por detr\u00e1s do Goberno galego solicitando un plan de actuaci\u00f3n para impulsar a cultura galega no marco dos fondos Next Generation, logo de que a Conseller\u00eda xa celebrou [&hellip;]\" \/>\n<meta property=\"og:url\" content=\"https:\/\/ppdegalicia.com\/es\/o-grupo-popular-salienta-que-o-bng-vai-por-detras-do-goberno-galego-ao-pedir-un-foro-cultural-para-o-reparto-dos-fondos-europeos\/\" \/>\n<meta property=\"og:site_name\" content=\"PP de Galicia\" \/>\n<meta property=\"article:publisher\" content=\"https:\/\/www.instagram.com\/ppdegalicia\/\" \/>\n<meta property=\"article:published_time\" content=\"2022-02-08T14:03:24+00:00\" \/>\n<meta property=\"og:image\" content=\"https:\/\/ppdegalicia.com\/wp-content\/uploads\/2022\/02\/43be65894da4a3ba7ebc77cb9a72f0c8.jpg\" \/>\n\t<meta property=\"og:image:width\" content=\"1900\" \/>\n\t<meta property=\"og:image:height\" content=\"1267\" \/>\n\t<meta property=\"og:image:type\" content=\"image\/jpeg\" \/>\n<meta name=\"author\" content=\"ppdegaliciaredes\" \/>\n<meta name=\"twitter:card\" content=\"summary_large_image\" \/>\n<meta name=\"twitter:creator\" content=\"@ppdegalicia\" \/>\n<meta name=\"twitter:site\" content=\"@ppdegalicia\" \/>\n<meta name=\"twitter:label1\" content=\"Escrito por\" \/>\n\t<meta name=\"twitter:data1\" content=\"ppdegaliciaredes\" \/>\n\t<meta name=\"twitter:label2\" content=\"Tiempo de lectura\" \/>\n\t<meta name=\"twitter:data2\" content=\"1 minuto\" \/>\n<script type=\"application\/ld+json\" class=\"yoast-schema-graph\">{\"@context\":\"https:\\\/\\\/schema.org\",\"@graph\":[{\"@type\":\"Article\",\"@id\":\"https:\\\/\\\/ppdegalicia.com\\\/es\\\/o-grupo-popular-salienta-que-o-bng-vai-por-detras-do-goberno-galego-ao-pedir-un-foro-cultural-para-o-reparto-dos-fondos-europeos\\\/#article\",\"isPartOf\":{\"@id\":\"https:\\\/\\\/ppdegalicia.com\\\/es\\\/o-grupo-popular-salienta-que-o-bng-vai-por-detras-do-goberno-galego-ao-pedir-un-foro-cultural-para-o-reparto-dos-fondos-europeos\\\/\"},\"author\":{\"name\":\"ppdegaliciaredes\",\"@id\":\"https:\\\/\\\/ppdegalicia.com\\\/es\\\/#\\\/schema\\\/person\\\/5b822c6f59e872ebdd1142f307dbcb59\"},\"headline\":\"O Grupo Popular salienta que o BNG vai por detr\u00e1s do Goberno galego ao pedir un foro cultural para o reparto dos fondos europeos\",\"datePublished\":\"2022-02-08T14:03:24+00:00\",\"mainEntityOfPage\":{\"@id\":\"https:\\\/\\\/ppdegalicia.com\\\/es\\\/o-grupo-popular-salienta-que-o-bng-vai-por-detras-do-goberno-galego-ao-pedir-un-foro-cultural-para-o-reparto-dos-fondos-europeos\\\/\"},\"wordCount\":269,\"commentCount\":0,\"publisher\":{\"@id\":\"https:\\\/\\\/ppdegalicia.com\\\/es\\\/#organization\"},\"image\":{\"@id\":\"https:\\\/\\\/ppdegalicia.com\\\/es\\\/o-grupo-popular-salienta-que-o-bng-vai-por-detras-do-goberno-galego-ao-pedir-un-foro-cultural-para-o-reparto-dos-fondos-europeos\\\/#primaryimage\"},\"thumbnailUrl\":\"https:\\\/\\\/ppdegalicia.com\\\/wp-content\\\/uploads\\\/2022\\\/02\\\/43be65894da4a3ba7ebc77cb9a72f0c8.jpg\",\"articleSection\":[\"PP de Galicia\"],\"inLanguage\":\"es\",\"potentialAction\":[{\"@type\":\"CommentAction\",\"name\":\"Comment\",\"target\":[\"https:\\\/\\\/ppdegalicia.com\\\/es\\\/o-grupo-popular-salienta-que-o-bng-vai-por-detras-do-goberno-galego-ao-pedir-un-foro-cultural-para-o-reparto-dos-fondos-europeos\\\/#respond\"]}]},{\"@type\":\"WebPage\",\"@id\":\"https:\\\/\\\/ppdegalicia.com\\\/es\\\/o-grupo-popular-salienta-que-o-bng-vai-por-detras-do-goberno-galego-ao-pedir-un-foro-cultural-para-o-reparto-dos-fondos-europeos\\\/\",\"url\":\"https:\\\/\\\/ppdegalicia.com\\\/es\\\/o-grupo-popular-salienta-que-o-bng-vai-por-detras-do-goberno-galego-ao-pedir-un-foro-cultural-para-o-reparto-dos-fondos-europeos\\\/\",\"name\":\"O Grupo Popular salienta que o BNG vai por detr\u00e1s do Goberno galego ao pedir un foro cultural para o reparto dos fondos europeos - PP de Galicia\",\"isPartOf\":{\"@id\":\"https:\\\/\\\/ppdegalicia.com\\\/es\\\/#website\"},\"primaryImageOfPage\":{\"@id\":\"https:\\\/\\\/ppdegalicia.com\\\/es\\\/o-grupo-popular-salienta-que-o-bng-vai-por-detras-do-goberno-galego-ao-pedir-un-foro-cultural-para-o-reparto-dos-fondos-europeos\\\/#primaryimage\"},\"image\":{\"@id\":\"https:\\\/\\\/ppdegalicia.com\\\/es\\\/o-grupo-popular-salienta-que-o-bng-vai-por-detras-do-goberno-galego-ao-pedir-un-foro-cultural-para-o-reparto-dos-fondos-europeos\\\/#primaryimage\"},\"thumbnailUrl\":\"https:\\\/\\\/ppdegalicia.com\\\/wp-content\\\/uploads\\\/2022\\\/02\\\/43be65894da4a3ba7ebc77cb9a72f0c8.jpg\",\"datePublished\":\"2022-02-08T14:03:24+00:00\",\"breadcrumb\":{\"@id\":\"https:\\\/\\\/ppdegalicia.com\\\/es\\\/o-grupo-popular-salienta-que-o-bng-vai-por-detras-do-goberno-galego-ao-pedir-un-foro-cultural-para-o-reparto-dos-fondos-europeos\\\/#breadcrumb\"},\"inLanguage\":\"es\",\"potentialAction\":[{\"@type\":\"ReadAction\",\"target\":[\"https:\\\/\\\/ppdegalicia.com\\\/es\\\/o-grupo-popular-salienta-que-o-bng-vai-por-detras-do-goberno-galego-ao-pedir-un-foro-cultural-para-o-reparto-dos-fondos-europeos\\\/\"]}]},{\"@type\":\"ImageObject\",\"inLanguage\":\"es\",\"@id\":\"https:\\\/\\\/ppdegalicia.com\\\/es\\\/o-grupo-popular-salienta-que-o-bng-vai-por-detras-do-goberno-galego-ao-pedir-un-foro-cultural-para-o-reparto-dos-fondos-europeos\\\/#primaryimage\",\"url\":\"https:\\\/\\\/ppdegalicia.com\\\/wp-content\\\/uploads\\\/2022\\\/02\\\/43be65894da4a3ba7ebc77cb9a72f0c8.jpg\",\"contentUrl\":\"https:\\\/\\\/ppdegalicia.com\\\/wp-content\\\/uploads\\\/2022\\\/02\\\/43be65894da4a3ba7ebc77cb9a72f0c8.jpg\",\"width\":1900,\"height\":1267},{\"@type\":\"BreadcrumbList\",\"@id\":\"https:\\\/\\\/ppdegalicia.com\\\/es\\\/o-grupo-popular-salienta-que-o-bng-vai-por-detras-do-goberno-galego-ao-pedir-un-foro-cultural-para-o-reparto-dos-fondos-europeos\\\/#breadcrumb\",\"itemListElement\":[{\"@type\":\"ListItem\",\"position\":1,\"name\":\"Portada\",\"item\":\"https:\\\/\\\/ppdegalicia.com\\\/es\\\/\"},{\"@type\":\"ListItem\",\"position\":2,\"name\":\"O Grupo Popular salienta que o BNG vai por detr\u00e1s do Goberno galego ao pedir un foro cultural para o reparto dos fondos europeos\"}]},{\"@type\":\"WebSite\",\"@id\":\"https:\\\/\\\/ppdegalicia.com\\\/es\\\/#website\",\"url\":\"https:\\\/\\\/ppdegalicia.com\\\/es\\\/\",\"name\":\"Partido Popular de Galicia\",\"description\":\"Partido Popular de Galicia\",\"publisher\":{\"@id\":\"https:\\\/\\\/ppdegalicia.com\\\/es\\\/#organization\"},\"alternateName\":\"PP de Galicia\",\"potentialAction\":[{\"@type\":\"SearchAction\",\"target\":{\"@type\":\"EntryPoint\",\"urlTemplate\":\"https:\\\/\\\/ppdegalicia.com\\\/es\\\/?s={search_term_string}\"},\"query-input\":{\"@type\":\"PropertyValueSpecification\",\"valueRequired\":true,\"valueName\":\"search_term_string\"}}],\"inLanguage\":\"es\"},{\"@type\":\"Organization\",\"@id\":\"https:\\\/\\\/ppdegalicia.com\\\/es\\\/#organization\",\"name\":\"Partido Popular de Galicia\",\"alternateName\":\"PP de Galicia\",\"url\":\"https:\\\/\\\/ppdegalicia.com\\\/es\\\/\",\"logo\":{\"@type\":\"ImageObject\",\"inLanguage\":\"es\",\"@id\":\"https:\\\/\\\/ppdegalicia.com\\\/es\\\/#\\\/schema\\\/logo\\\/image\\\/\",\"url\":\"https:\\\/\\\/ppdegalicia.com\\\/wp-content\\\/uploads\\\/2023\\\/04\\\/logoPP512.png\",\"contentUrl\":\"https:\\\/\\\/ppdegalicia.com\\\/wp-content\\\/uploads\\\/2023\\\/04\\\/logoPP512.png\",\"width\":512,\"height\":512,\"caption\":\"Partido Popular de Galicia\"},\"image\":{\"@id\":\"https:\\\/\\\/ppdegalicia.com\\\/es\\\/#\\\/schema\\\/logo\\\/image\\\/\"},\"sameAs\":[\"https:\\\/\\\/www.instagram.com\\\/ppdegalicia\\\/\",\"https:\\\/\\\/x.com\\\/ppdegalicia\",\"https:\\\/\\\/www.tiktok.com\\\/@ppdegalicia\",\"https:\\\/\\\/www.youtube.com\\\/user\\\/ppdegalicia\"]},{\"@type\":\"Person\",\"@id\":\"https:\\\/\\\/ppdegalicia.com\\\/es\\\/#\\\/schema\\\/person\\\/5b822c6f59e872ebdd1142f307dbcb59\",\"name\":\"ppdegaliciaredes\",\"image\":{\"@type\":\"ImageObject\",\"inLanguage\":\"es\",\"@id\":\"https:\\\/\\\/secure.gravatar.com\\\/avatar\\\/3c9179cf0256d00c72a48d1f25783c58b6842cd56e85ef3a572881c8e28ccd59?s=96&d=mm&r=g\",\"url\":\"https:\\\/\\\/secure.gravatar.com\\\/avatar\\\/3c9179cf0256d00c72a48d1f25783c58b6842cd56e85ef3a572881c8e28ccd59?s=96&d=mm&r=g\",\"contentUrl\":\"https:\\\/\\\/secure.gravatar.com\\\/avatar\\\/3c9179cf0256d00c72a48d1f25783c58b6842cd56e85ef3a572881c8e28ccd59?s=96&d=mm&r=g\",\"caption\":\"ppdegaliciaredes\"},\"url\":\"https:\\\/\\\/ppdegalicia.com\\\/es\\\/author\\\/ppdegaliciaredes\\\/\"}]}<\/script>\n<!-- \/ Yoast SEO plugin. -->","yoast_head_json":{"title":"O Grupo Popular salienta que o BNG vai por detr\u00e1s do Goberno galego ao pedir un foro cultural para o reparto dos fondos europeos - PP de Galicia","robots":{"index":"index","follow":"follow","max-snippet":"max-snippet:-1","max-image-preview":"max-image-preview:large","max-video-preview":"max-video-preview:-1"},"canonical":"https:\/\/ppdegalicia.com\/es\/o-grupo-popular-salienta-que-o-bng-vai-por-detras-do-goberno-galego-ao-pedir-un-foro-cultural-para-o-reparto-dos-fondos-europeos\/","og_locale":"es_ES","og_type":"article","og_title":"O Grupo Popular salienta que o BNG vai por detr\u00e1s do Goberno galego ao pedir un foro cultural para o reparto dos fondos europeos - PP de Galicia","og_description":"Santiago, 8 de febreiro de 2022.- A portavoz de Cultura do Grupo Popular, Teresa Egerique, salientou hoxe no Pleno do Parlamento galego que \u201co BNG volva ir por detr\u00e1s do Goberno galego solicitando un plan de actuaci\u00f3n para impulsar a cultura galega no marco dos fondos Next Generation, logo de que a Conseller\u00eda xa celebrou [&hellip;]","og_url":"https:\/\/ppdegalicia.com\/es\/o-grupo-popular-salienta-que-o-bng-vai-por-detras-do-goberno-galego-ao-pedir-un-foro-cultural-para-o-reparto-dos-fondos-europeos\/","og_site_name":"PP de Galicia","article_publisher":"https:\/\/www.instagram.com\/ppdegalicia\/","article_published_time":"2022-02-08T14:03:24+00:00","og_image":[{"width":1900,"height":1267,"url":"https:\/\/ppdegalicia.com\/wp-content\/uploads\/2022\/02\/43be65894da4a3ba7ebc77cb9a72f0c8.jpg","type":"image\/jpeg"}],"author":"ppdegaliciaredes","twitter_card":"summary_large_image","twitter_creator":"@ppdegalicia","twitter_site":"@ppdegalicia","twitter_misc":{"Escrito por":"ppdegaliciaredes","Tiempo de lectura":"1 minuto"},"schema":{"@context":"https:\/\/schema.org","@graph":[{"@type":"Article","@id":"https:\/\/ppdegalicia.com\/es\/o-grupo-popular-salienta-que-o-bng-vai-por-detras-do-goberno-galego-ao-pedir-un-foro-cultural-para-o-reparto-dos-fondos-europeos\/#article","isPartOf":{"@id":"https:\/\/ppdegalicia.com\/es\/o-grupo-popular-salienta-que-o-bng-vai-por-detras-do-goberno-galego-ao-pedir-un-foro-cultural-para-o-reparto-dos-fondos-europeos\/"},"author":{"name":"ppdegaliciaredes","@id":"https:\/\/ppdegalicia.com\/es\/#\/schema\/person\/5b822c6f59e872ebdd1142f307dbcb59"},"headline":"O Grupo Popular salienta que o BNG vai por detr\u00e1s do Goberno galego ao pedir un foro cultural para o reparto dos fondos europeos","datePublished":"2022-02-08T14:03:24+00:00","mainEntityOfPage":{"@id":"https:\/\/ppdegalicia.com\/es\/o-grupo-popular-salienta-que-o-bng-vai-por-detras-do-goberno-galego-ao-pedir-un-foro-cultural-para-o-reparto-dos-fondos-europeos\/"},"wordCount":269,"commentCount":0,"publisher":{"@id":"https:\/\/ppdegalicia.com\/es\/#organization"},"image":{"@id":"https:\/\/ppdegalicia.com\/es\/o-grupo-popular-salienta-que-o-bng-vai-por-detras-do-goberno-galego-ao-pedir-un-foro-cultural-para-o-reparto-dos-fondos-europeos\/#primaryimage"},"thumbnailUrl":"https:\/\/ppdegalicia.com\/wp-content\/uploads\/2022\/02\/43be65894da4a3ba7ebc77cb9a72f0c8.jpg","articleSection":["PP de Galicia"],"inLanguage":"es","potentialAction":[{"@type":"CommentAction","name":"Comment","target":["https:\/\/ppdegalicia.com\/es\/o-grupo-popular-salienta-que-o-bng-vai-por-detras-do-goberno-galego-ao-pedir-un-foro-cultural-para-o-reparto-dos-fondos-europeos\/#respond"]}]},{"@type":"WebPage","@id":"https:\/\/ppdegalicia.com\/es\/o-grupo-popular-salienta-que-o-bng-vai-por-detras-do-goberno-galego-ao-pedir-un-foro-cultural-para-o-reparto-dos-fondos-europeos\/","url":"https:\/\/ppdegalicia.com\/es\/o-grupo-popular-salienta-que-o-bng-vai-por-detras-do-goberno-galego-ao-pedir-un-foro-cultural-para-o-reparto-dos-fondos-europeos\/","name":"O Grupo Popular salienta que o BNG vai por detr\u00e1s do Goberno galego ao pedir un foro cultural para o reparto dos fondos europeos - PP de Galicia","isPartOf":{"@id":"https:\/\/ppdegalicia.com\/es\/#website"},"primaryImageOfPage":{"@id":"https:\/\/ppdegalicia.com\/es\/o-grupo-popular-salienta-que-o-bng-vai-por-detras-do-goberno-galego-ao-pedir-un-foro-cultural-para-o-reparto-dos-fondos-europeos\/#primaryimage"},"image":{"@id":"https:\/\/ppdegalicia.com\/es\/o-grupo-popular-salienta-que-o-bng-vai-por-detras-do-goberno-galego-ao-pedir-un-foro-cultural-para-o-reparto-dos-fondos-europeos\/#primaryimage"},"thumbnailUrl":"https:\/\/ppdegalicia.com\/wp-content\/uploads\/2022\/02\/43be65894da4a3ba7ebc77cb9a72f0c8.jpg","datePublished":"2022-02-08T14:03:24+00:00","breadcrumb":{"@id":"https:\/\/ppdegalicia.com\/es\/o-grupo-popular-salienta-que-o-bng-vai-por-detras-do-goberno-galego-ao-pedir-un-foro-cultural-para-o-reparto-dos-fondos-europeos\/#breadcrumb"},"inLanguage":"es","potentialAction":[{"@type":"ReadAction","target":["https:\/\/ppdegalicia.com\/es\/o-grupo-popular-salienta-que-o-bng-vai-por-detras-do-goberno-galego-ao-pedir-un-foro-cultural-para-o-reparto-dos-fondos-europeos\/"]}]},{"@type":"ImageObject","inLanguage":"es","@id":"https:\/\/ppdegalicia.com\/es\/o-grupo-popular-salienta-que-o-bng-vai-por-detras-do-goberno-galego-ao-pedir-un-foro-cultural-para-o-reparto-dos-fondos-europeos\/#primaryimage","url":"https:\/\/ppdegalicia.com\/wp-content\/uploads\/2022\/02\/43be65894da4a3ba7ebc77cb9a72f0c8.jpg","contentUrl":"https:\/\/ppdegalicia.com\/wp-content\/uploads\/2022\/02\/43be65894da4a3ba7ebc77cb9a72f0c8.jpg","width":1900,"height":1267},{"@type":"BreadcrumbList","@id":"https:\/\/ppdegalicia.com\/es\/o-grupo-popular-salienta-que-o-bng-vai-por-detras-do-goberno-galego-ao-pedir-un-foro-cultural-para-o-reparto-dos-fondos-europeos\/#breadcrumb","itemListElement":[{"@type":"ListItem","position":1,"name":"Portada","item":"https:\/\/ppdegalicia.com\/es\/"},{"@type":"ListItem","position":2,"name":"O Grupo Popular salienta que o BNG vai por detr\u00e1s do Goberno galego ao pedir un foro cultural para o reparto dos fondos europeos"}]},{"@type":"WebSite","@id":"https:\/\/ppdegalicia.com\/es\/#website","url":"https:\/\/ppdegalicia.com\/es\/","name":"Partido Popular de Galicia","description":"Partido Popular de Galicia","publisher":{"@id":"https:\/\/ppdegalicia.com\/es\/#organization"},"alternateName":"PP de Galicia","potentialAction":[{"@type":"SearchAction","target":{"@type":"EntryPoint","urlTemplate":"https:\/\/ppdegalicia.com\/es\/?s={search_term_string}"},"query-input":{"@type":"PropertyValueSpecification","valueRequired":true,"valueName":"search_term_string"}}],"inLanguage":"es"},{"@type":"Organization","@id":"https:\/\/ppdegalicia.com\/es\/#organization","name":"Partido Popular de Galicia","alternateName":"PP de Galicia","url":"https:\/\/ppdegalicia.com\/es\/","logo":{"@type":"ImageObject","inLanguage":"es","@id":"https:\/\/ppdegalicia.com\/es\/#\/schema\/logo\/image\/","url":"https:\/\/ppdegalicia.com\/wp-content\/uploads\/2023\/04\/logoPP512.png","contentUrl":"https:\/\/ppdegalicia.com\/wp-content\/uploads\/2023\/04\/logoPP512.png","width":512,"height":512,"caption":"Partido Popular de Galicia"},"image":{"@id":"https:\/\/ppdegalicia.com\/es\/#\/schema\/logo\/image\/"},"sameAs":["https:\/\/www.instagram.com\/ppdegalicia\/","https:\/\/x.com\/ppdegalicia","https:\/\/www.tiktok.com\/@ppdegalicia","https:\/\/www.youtube.com\/user\/ppdegalicia"]},{"@type":"Person","@id":"https:\/\/ppdegalicia.com\/es\/#\/schema\/person\/5b822c6f59e872ebdd1142f307dbcb59","name":"ppdegaliciaredes","image":{"@type":"ImageObject","inLanguage":"es","@id":"https:\/\/secure.gravatar.com\/avatar\/3c9179cf0256d00c72a48d1f25783c58b6842cd56e85ef3a572881c8e28ccd59?s=96&d=mm&r=g","url":"https:\/\/secure.gravatar.com\/avatar\/3c9179cf0256d00c72a48d1f25783c58b6842cd56e85ef3a572881c8e28ccd59?s=96&d=mm&r=g","contentUrl":"https:\/\/secure.gravatar.com\/avatar\/3c9179cf0256d00c72a48d1f25783c58b6842cd56e85ef3a572881c8e28ccd59?s=96&d=mm&r=g","caption":"ppdegaliciaredes"},"url":"https:\/\/ppdegalicia.com\/es\/author\/ppdegaliciaredes\/"}]}},"_links":{"self":[{"href":"https:\/\/ppdegalicia.com\/es\/wp-json\/wp\/v2\/posts\/56706","targetHints":{"allow":["GET"]}}],"collection":[{"href":"https:\/\/ppdegalicia.com\/es\/wp-json\/wp\/v2\/posts"}],"about":[{"href":"https:\/\/ppdegalicia.com\/es\/wp-json\/wp\/v2\/types\/post"}],"author":[{"embeddable":true,"href":"https:\/\/ppdegalicia.com\/es\/wp-json\/wp\/v2\/users\/38"}],"replies":[{"embeddable":true,"href":"https:\/\/ppdegalicia.com\/es\/wp-json\/wp\/v2\/comments?post=56706"}],"version-history":[{"count":0,"href":"https:\/\/ppdegalicia.com\/es\/wp-json\/wp\/v2\/posts\/56706\/revisions"}],"wp:featuredmedia":[{"embeddable":true,"href":"https:\/\/ppdegalicia.com\/es\/wp-json\/wp\/v2\/media\/56705"}],"wp:attachment":[{"href":"https:\/\/ppdegalicia.com\/es\/wp-json\/wp\/v2\/media?parent=56706"}],"wp:term":[{"taxonomy":"category","embeddable":true,"href":"https:\/\/ppdegalicia.com\/es\/wp-json\/wp\/v2\/categories?post=56706"},{"taxonomy":"post_tag","embeddable":true,"href":"https:\/\/ppdegalicia.com\/es\/wp-json\/wp\/v2\/tags?post=56706"}],"curies":[{"name":"wp","href":"https:\/\/api.w.org\/{rel}","templated":true}]}}