{"id":56716,"date":"2022-02-10T12:49:59","date_gmt":"2022-02-10T10:49:59","guid":{"rendered":"https:\/\/ppdegalicia.com\/o-ppdeg-insiste-na-necesidade-de-que-o-goberno-central-se-implique-no-proxecto-para-que-o-estaleiro-de-navantia-sexa-competitivo\/"},"modified":"2022-02-10T12:49:59","modified_gmt":"2022-02-10T10:49:59","slug":"o-ppdeg-insiste-na-necesidade-de-que-o-goberno-central-se-implique-no-proxecto-para-que-o-estaleiro-de-navantia-sexa-competitivo","status":"publish","type":"post","link":"https:\/\/ppdegalicia.com\/es\/o-ppdeg-insiste-na-necesidade-de-que-o-goberno-central-se-implique-no-proxecto-para-que-o-estaleiro-de-navantia-sexa-competitivo\/","title":{"rendered":"O PPdeG insiste na necesidade de que o Goberno central se implique no proxecto para que o estaleiro de Navantia sexa competitivo"},"content":{"rendered":"<p><img fetchpriority=\"high\" decoding=\"async\" class=\" size-full wp-image-56715\" src=\"https:\/\/ppdegalicia.com\/wp-content\/uploads\/2022\/02\/c8b574eb3bf2ed76c1405d112a5e841f.jpg\" alt=\"\" width=\"1900\" height=\"1267\" srcset=\"https:\/\/ppdegalicia.com\/wp-content\/uploads\/2022\/02\/c8b574eb3bf2ed76c1405d112a5e841f.jpg 1900w, https:\/\/ppdegalicia.com\/wp-content\/uploads\/2022\/02\/c8b574eb3bf2ed76c1405d112a5e841f-300x200.jpg 300w, https:\/\/ppdegalicia.com\/wp-content\/uploads\/2022\/02\/c8b574eb3bf2ed76c1405d112a5e841f-1024x683.jpg 1024w, https:\/\/ppdegalicia.com\/wp-content\/uploads\/2022\/02\/c8b574eb3bf2ed76c1405d112a5e841f-768x512.jpg 768w, https:\/\/ppdegalicia.com\/wp-content\/uploads\/2022\/02\/c8b574eb3bf2ed76c1405d112a5e841f-1536x1024.jpg 1536w\" sizes=\"(max-width: 1900px) 100vw, 1900px\" \/><\/p>\n<p>Santiago, 10 de febreiro de 2022.- A deputada do Grupo Popular Teresa Egerique incidiu hoxe no Parlamento galego \u201cna necesidade de po\u00f1er en marcha o proxecto, que conta cun gran consenso t\u00e9cnico, social e pol\u00edtico en Ferrol e que supor\u00e1 que o estaleiro de Navantia sexa competitivo, que consiste no encargo por parte do Goberno central da construci\u00f3n dun buque de acci\u00f3n mar\u00edtima para a Armada Espa\u00f1ola, iniciar canto antes a construci\u00f3n das fragatas F-110, axilizar o proceso de modernizaci\u00f3n do estaleiro e impulsar a \u00e1rea de turbinas para o dese\u00f1o e comercializaci\u00f3n de novos produtos destinados a enerx\u00edas renovables.<\/p>\n<p><!--more--><\/p>\n<p>No debate dunha proposici\u00f3n non de lei do BNG sobre a creaci\u00f3n do centro de reparaci\u00f3ns en Navantia, Teresa Egerique sinalou que \u201cun pequeno apa\u00f1o non vai solucionar o gran problema que atravesa o estaleiro ferrol\u00e1n, nin a situaci\u00f3n de par\u00e1lise que vive por causa do Goberno socialista\u201d. \u201cAs reparaci\u00f3ns son unha li\u00f1a de negocio m\u00e1is, que apoiamos pero conscientes de que non vai substitu\u00edr \u00e1 fabricaci\u00f3n de barcos\u201d, apuntou.<\/p>\n<p>\u00a0<\/p>\n<p>A deputada popular considerou que \u201c\u00e9 o momento de actuar e de implicarse, tanto desde os seus partidos pol\u00edticos como desde as deputaci\u00f3ns e concellos da comarca, para solucionar esta crise econ\u00f3mica, laboral e demogr\u00e1fica que sufre desde hai d\u00e9cadas Ferrolterra e esixir as actuaci\u00f3ns necesarias do Goberno do Estado\u201d. As\u00ed, sinalou que \u201cnecesitamos que desbloqueen os investimentos e que se po\u00f1a en marcha o proxecto de transformaci\u00f3n do estaleiro nuns prazos razoables\u201d.<\/p>\n<p>\u00a0<\/p>\n<p>\u00a0<\/p>\n<p><strong>PACTO DE ESTADO<\/strong><\/p>\n<p>\u00a0<\/p>\n<p>Neste sentido, Egerique lembrou que a Xunta iniciou o pasado ano un proceso de di\u00e1logo entre os principais axentes econ\u00f3micos e sociais presentes na comarca. O resultado foi a sinatura dun Pacto de Estado por Ferrol froito do consenso entre instituci\u00f3ns, axentes econ\u00f3micos e sociais, e o tecido empresarial. \u201cA Xunta actuar\u00e1 dentro das s\u00faas competencias, pero non pode haber un Pacto de Estado sen o Estado, e, lamentablemente, un ano despois seguimos esperando a resposta do Goberno socialista\u201d, dixo.<\/p>\n<p>\u00a0<\/p>\n<p>\u201cDesde que a Administraci\u00f3n socialista tomou o mando de Navantia, foron incapaces de captar novos investimentos, perd\u00e9ronse sucesivos contratos internacionais millonarios, neg\u00e1ronse a contrataci\u00f3n a construci\u00f3n dun buque ponte e retras\u00e1ronse sine die os proxectos en marcha polo Goberno de Mariano Rajoy das fragatas F-110\u201d, criticou a deputada popular.<\/p>\n","protected":false},"excerpt":{"rendered":"<p>Santiago, 10 de febreiro de 2022.- A deputada do Grupo Popular Teresa Egerique incidiu hoxe no Parlamento galego \u201cna necesidade de po\u00f1er en marcha o proxecto, que conta cun gran consenso t\u00e9cnico, social e pol\u00edtico en Ferrol e que supor\u00e1 que o estaleiro de Navantia sexa competitivo, que consiste no encargo por parte do Goberno [&hellip;]<\/p>\n","protected":false},"author":38,"featured_media":56715,"comment_status":"open","ping_status":"open","sticky":false,"template":"","format":"standard","meta":{"_acf_changed":false,"footnotes":""},"categories":[1],"tags":[],"class_list":["post-56716","post","type-post","status-publish","format-standard","has-post-thumbnail","hentry","category-pp-de-galicia"],"acf":[],"yoast_head":"<!-- This site is optimized with the Yoast SEO plugin v27.3 - https:\/\/yoast.com\/product\/yoast-seo-wordpress\/ -->\n<title>O PPdeG insiste na necesidade de que o Goberno central se implique no proxecto para que o estaleiro de Navantia sexa competitivo - PP de Galicia<\/title>\n<meta name=\"robots\" content=\"index, follow, max-snippet:-1, max-image-preview:large, max-video-preview:-1\" \/>\n<link rel=\"canonical\" href=\"https:\/\/ppdegalicia.com\/es\/o-ppdeg-insiste-na-necesidade-de-que-o-goberno-central-se-implique-no-proxecto-para-que-o-estaleiro-de-navantia-sexa-competitivo\/\" \/>\n<meta property=\"og:locale\" content=\"es_ES\" \/>\n<meta property=\"og:type\" content=\"article\" \/>\n<meta property=\"og:title\" content=\"O PPdeG insiste na necesidade de que o Goberno central se implique no proxecto para que o estaleiro de Navantia sexa competitivo - PP de Galicia\" \/>\n<meta property=\"og:description\" content=\"Santiago, 10 de febreiro de 2022.- A deputada do Grupo Popular Teresa Egerique incidiu hoxe no Parlamento galego \u201cna necesidade de po\u00f1er en marcha o proxecto, que conta cun gran consenso t\u00e9cnico, social e pol\u00edtico en Ferrol e que supor\u00e1 que o estaleiro de Navantia sexa competitivo, que consiste no encargo por parte do Goberno [&hellip;]\" \/>\n<meta property=\"og:url\" content=\"https:\/\/ppdegalicia.com\/es\/o-ppdeg-insiste-na-necesidade-de-que-o-goberno-central-se-implique-no-proxecto-para-que-o-estaleiro-de-navantia-sexa-competitivo\/\" \/>\n<meta property=\"og:site_name\" content=\"PP de Galicia\" \/>\n<meta property=\"article:publisher\" content=\"https:\/\/www.instagram.com\/ppdegalicia\/\" \/>\n<meta property=\"article:published_time\" content=\"2022-02-10T10:49:59+00:00\" \/>\n<meta property=\"og:image\" content=\"https:\/\/ppdegalicia.com\/wp-content\/uploads\/2022\/02\/c8b574eb3bf2ed76c1405d112a5e841f.jpg\" \/>\n\t<meta property=\"og:image:width\" content=\"1900\" \/>\n\t<meta property=\"og:image:height\" content=\"1267\" \/>\n\t<meta property=\"og:image:type\" content=\"image\/jpeg\" \/>\n<meta name=\"author\" content=\"ppdegaliciaredes\" \/>\n<meta name=\"twitter:card\" content=\"summary_large_image\" \/>\n<meta name=\"twitter:creator\" content=\"@ppdegalicia\" \/>\n<meta name=\"twitter:site\" content=\"@ppdegalicia\" \/>\n<meta name=\"twitter:label1\" content=\"Escrito por\" \/>\n\t<meta name=\"twitter:data1\" content=\"ppdegaliciaredes\" \/>\n\t<meta name=\"twitter:label2\" content=\"Tiempo de lectura\" \/>\n\t<meta name=\"twitter:data2\" content=\"2 minutos\" \/>\n<script type=\"application\/ld+json\" class=\"yoast-schema-graph\">{\"@context\":\"https:\\\/\\\/schema.org\",\"@graph\":[{\"@type\":\"Article\",\"@id\":\"https:\\\/\\\/ppdegalicia.com\\\/es\\\/o-ppdeg-insiste-na-necesidade-de-que-o-goberno-central-se-implique-no-proxecto-para-que-o-estaleiro-de-navantia-sexa-competitivo\\\/#article\",\"isPartOf\":{\"@id\":\"https:\\\/\\\/ppdegalicia.com\\\/es\\\/o-ppdeg-insiste-na-necesidade-de-que-o-goberno-central-se-implique-no-proxecto-para-que-o-estaleiro-de-navantia-sexa-competitivo\\\/\"},\"author\":{\"name\":\"ppdegaliciaredes\",\"@id\":\"https:\\\/\\\/ppdegalicia.com\\\/es\\\/#\\\/schema\\\/person\\\/5b822c6f59e872ebdd1142f307dbcb59\"},\"headline\":\"O PPdeG insiste na necesidade de que o Goberno central se implique no proxecto para que o estaleiro de Navantia sexa competitivo\",\"datePublished\":\"2022-02-10T10:49:59+00:00\",\"mainEntityOfPage\":{\"@id\":\"https:\\\/\\\/ppdegalicia.com\\\/es\\\/o-ppdeg-insiste-na-necesidade-de-que-o-goberno-central-se-implique-no-proxecto-para-que-o-estaleiro-de-navantia-sexa-competitivo\\\/\"},\"wordCount\":437,\"commentCount\":0,\"publisher\":{\"@id\":\"https:\\\/\\\/ppdegalicia.com\\\/es\\\/#organization\"},\"image\":{\"@id\":\"https:\\\/\\\/ppdegalicia.com\\\/es\\\/o-ppdeg-insiste-na-necesidade-de-que-o-goberno-central-se-implique-no-proxecto-para-que-o-estaleiro-de-navantia-sexa-competitivo\\\/#primaryimage\"},\"thumbnailUrl\":\"https:\\\/\\\/ppdegalicia.com\\\/wp-content\\\/uploads\\\/2022\\\/02\\\/c8b574eb3bf2ed76c1405d112a5e841f.jpg\",\"articleSection\":[\"PP de Galicia\"],\"inLanguage\":\"es\",\"potentialAction\":[{\"@type\":\"CommentAction\",\"name\":\"Comment\",\"target\":[\"https:\\\/\\\/ppdegalicia.com\\\/es\\\/o-ppdeg-insiste-na-necesidade-de-que-o-goberno-central-se-implique-no-proxecto-para-que-o-estaleiro-de-navantia-sexa-competitivo\\\/#respond\"]}]},{\"@type\":\"WebPage\",\"@id\":\"https:\\\/\\\/ppdegalicia.com\\\/es\\\/o-ppdeg-insiste-na-necesidade-de-que-o-goberno-central-se-implique-no-proxecto-para-que-o-estaleiro-de-navantia-sexa-competitivo\\\/\",\"url\":\"https:\\\/\\\/ppdegalicia.com\\\/es\\\/o-ppdeg-insiste-na-necesidade-de-que-o-goberno-central-se-implique-no-proxecto-para-que-o-estaleiro-de-navantia-sexa-competitivo\\\/\",\"name\":\"O PPdeG insiste na necesidade de que o Goberno central se implique no proxecto para que o estaleiro de Navantia sexa competitivo - PP de Galicia\",\"isPartOf\":{\"@id\":\"https:\\\/\\\/ppdegalicia.com\\\/es\\\/#website\"},\"primaryImageOfPage\":{\"@id\":\"https:\\\/\\\/ppdegalicia.com\\\/es\\\/o-ppdeg-insiste-na-necesidade-de-que-o-goberno-central-se-implique-no-proxecto-para-que-o-estaleiro-de-navantia-sexa-competitivo\\\/#primaryimage\"},\"image\":{\"@id\":\"https:\\\/\\\/ppdegalicia.com\\\/es\\\/o-ppdeg-insiste-na-necesidade-de-que-o-goberno-central-se-implique-no-proxecto-para-que-o-estaleiro-de-navantia-sexa-competitivo\\\/#primaryimage\"},\"thumbnailUrl\":\"https:\\\/\\\/ppdegalicia.com\\\/wp-content\\\/uploads\\\/2022\\\/02\\\/c8b574eb3bf2ed76c1405d112a5e841f.jpg\",\"datePublished\":\"2022-02-10T10:49:59+00:00\",\"breadcrumb\":{\"@id\":\"https:\\\/\\\/ppdegalicia.com\\\/es\\\/o-ppdeg-insiste-na-necesidade-de-que-o-goberno-central-se-implique-no-proxecto-para-que-o-estaleiro-de-navantia-sexa-competitivo\\\/#breadcrumb\"},\"inLanguage\":\"es\",\"potentialAction\":[{\"@type\":\"ReadAction\",\"target\":[\"https:\\\/\\\/ppdegalicia.com\\\/es\\\/o-ppdeg-insiste-na-necesidade-de-que-o-goberno-central-se-implique-no-proxecto-para-que-o-estaleiro-de-navantia-sexa-competitivo\\\/\"]}]},{\"@type\":\"ImageObject\",\"inLanguage\":\"es\",\"@id\":\"https:\\\/\\\/ppdegalicia.com\\\/es\\\/o-ppdeg-insiste-na-necesidade-de-que-o-goberno-central-se-implique-no-proxecto-para-que-o-estaleiro-de-navantia-sexa-competitivo\\\/#primaryimage\",\"url\":\"https:\\\/\\\/ppdegalicia.com\\\/wp-content\\\/uploads\\\/2022\\\/02\\\/c8b574eb3bf2ed76c1405d112a5e841f.jpg\",\"contentUrl\":\"https:\\\/\\\/ppdegalicia.com\\\/wp-content\\\/uploads\\\/2022\\\/02\\\/c8b574eb3bf2ed76c1405d112a5e841f.jpg\",\"width\":1900,\"height\":1267},{\"@type\":\"BreadcrumbList\",\"@id\":\"https:\\\/\\\/ppdegalicia.com\\\/es\\\/o-ppdeg-insiste-na-necesidade-de-que-o-goberno-central-se-implique-no-proxecto-para-que-o-estaleiro-de-navantia-sexa-competitivo\\\/#breadcrumb\",\"itemListElement\":[{\"@type\":\"ListItem\",\"position\":1,\"name\":\"Portada\",\"item\":\"https:\\\/\\\/ppdegalicia.com\\\/es\\\/\"},{\"@type\":\"ListItem\",\"position\":2,\"name\":\"O PPdeG insiste na necesidade de que o Goberno central se implique no proxecto para que o estaleiro de Navantia sexa competitivo\"}]},{\"@type\":\"WebSite\",\"@id\":\"https:\\\/\\\/ppdegalicia.com\\\/es\\\/#website\",\"url\":\"https:\\\/\\\/ppdegalicia.com\\\/es\\\/\",\"name\":\"Partido Popular de Galicia\",\"description\":\"Partido Popular de Galicia\",\"publisher\":{\"@id\":\"https:\\\/\\\/ppdegalicia.com\\\/es\\\/#organization\"},\"alternateName\":\"PP de Galicia\",\"potentialAction\":[{\"@type\":\"SearchAction\",\"target\":{\"@type\":\"EntryPoint\",\"urlTemplate\":\"https:\\\/\\\/ppdegalicia.com\\\/es\\\/?s={search_term_string}\"},\"query-input\":{\"@type\":\"PropertyValueSpecification\",\"valueRequired\":true,\"valueName\":\"search_term_string\"}}],\"inLanguage\":\"es\"},{\"@type\":\"Organization\",\"@id\":\"https:\\\/\\\/ppdegalicia.com\\\/es\\\/#organization\",\"name\":\"Partido Popular de Galicia\",\"alternateName\":\"PP de Galicia\",\"url\":\"https:\\\/\\\/ppdegalicia.com\\\/es\\\/\",\"logo\":{\"@type\":\"ImageObject\",\"inLanguage\":\"es\",\"@id\":\"https:\\\/\\\/ppdegalicia.com\\\/es\\\/#\\\/schema\\\/logo\\\/image\\\/\",\"url\":\"https:\\\/\\\/ppdegalicia.com\\\/wp-content\\\/uploads\\\/2023\\\/04\\\/logoPP512.png\",\"contentUrl\":\"https:\\\/\\\/ppdegalicia.com\\\/wp-content\\\/uploads\\\/2023\\\/04\\\/logoPP512.png\",\"width\":512,\"height\":512,\"caption\":\"Partido Popular de Galicia\"},\"image\":{\"@id\":\"https:\\\/\\\/ppdegalicia.com\\\/es\\\/#\\\/schema\\\/logo\\\/image\\\/\"},\"sameAs\":[\"https:\\\/\\\/www.instagram.com\\\/ppdegalicia\\\/\",\"https:\\\/\\\/x.com\\\/ppdegalicia\",\"https:\\\/\\\/www.tiktok.com\\\/@ppdegalicia\",\"https:\\\/\\\/www.youtube.com\\\/user\\\/ppdegalicia\"]},{\"@type\":\"Person\",\"@id\":\"https:\\\/\\\/ppdegalicia.com\\\/es\\\/#\\\/schema\\\/person\\\/5b822c6f59e872ebdd1142f307dbcb59\",\"name\":\"ppdegaliciaredes\",\"image\":{\"@type\":\"ImageObject\",\"inLanguage\":\"es\",\"@id\":\"https:\\\/\\\/secure.gravatar.com\\\/avatar\\\/3c9179cf0256d00c72a48d1f25783c58b6842cd56e85ef3a572881c8e28ccd59?s=96&d=mm&r=g\",\"url\":\"https:\\\/\\\/secure.gravatar.com\\\/avatar\\\/3c9179cf0256d00c72a48d1f25783c58b6842cd56e85ef3a572881c8e28ccd59?s=96&d=mm&r=g\",\"contentUrl\":\"https:\\\/\\\/secure.gravatar.com\\\/avatar\\\/3c9179cf0256d00c72a48d1f25783c58b6842cd56e85ef3a572881c8e28ccd59?s=96&d=mm&r=g\",\"caption\":\"ppdegaliciaredes\"},\"url\":\"https:\\\/\\\/ppdegalicia.com\\\/es\\\/author\\\/ppdegaliciaredes\\\/\"}]}<\/script>\n<!-- \/ Yoast SEO plugin. -->","yoast_head_json":{"title":"O PPdeG insiste na necesidade de que o Goberno central se implique no proxecto para que o estaleiro de Navantia sexa competitivo - PP de Galicia","robots":{"index":"index","follow":"follow","max-snippet":"max-snippet:-1","max-image-preview":"max-image-preview:large","max-video-preview":"max-video-preview:-1"},"canonical":"https:\/\/ppdegalicia.com\/es\/o-ppdeg-insiste-na-necesidade-de-que-o-goberno-central-se-implique-no-proxecto-para-que-o-estaleiro-de-navantia-sexa-competitivo\/","og_locale":"es_ES","og_type":"article","og_title":"O PPdeG insiste na necesidade de que o Goberno central se implique no proxecto para que o estaleiro de Navantia sexa competitivo - PP de Galicia","og_description":"Santiago, 10 de febreiro de 2022.- A deputada do Grupo Popular Teresa Egerique incidiu hoxe no Parlamento galego \u201cna necesidade de po\u00f1er en marcha o proxecto, que conta cun gran consenso t\u00e9cnico, social e pol\u00edtico en Ferrol e que supor\u00e1 que o estaleiro de Navantia sexa competitivo, que consiste no encargo por parte do Goberno [&hellip;]","og_url":"https:\/\/ppdegalicia.com\/es\/o-ppdeg-insiste-na-necesidade-de-que-o-goberno-central-se-implique-no-proxecto-para-que-o-estaleiro-de-navantia-sexa-competitivo\/","og_site_name":"PP de Galicia","article_publisher":"https:\/\/www.instagram.com\/ppdegalicia\/","article_published_time":"2022-02-10T10:49:59+00:00","og_image":[{"width":1900,"height":1267,"url":"https:\/\/ppdegalicia.com\/wp-content\/uploads\/2022\/02\/c8b574eb3bf2ed76c1405d112a5e841f.jpg","type":"image\/jpeg"}],"author":"ppdegaliciaredes","twitter_card":"summary_large_image","twitter_creator":"@ppdegalicia","twitter_site":"@ppdegalicia","twitter_misc":{"Escrito por":"ppdegaliciaredes","Tiempo de lectura":"2 minutos"},"schema":{"@context":"https:\/\/schema.org","@graph":[{"@type":"Article","@id":"https:\/\/ppdegalicia.com\/es\/o-ppdeg-insiste-na-necesidade-de-que-o-goberno-central-se-implique-no-proxecto-para-que-o-estaleiro-de-navantia-sexa-competitivo\/#article","isPartOf":{"@id":"https:\/\/ppdegalicia.com\/es\/o-ppdeg-insiste-na-necesidade-de-que-o-goberno-central-se-implique-no-proxecto-para-que-o-estaleiro-de-navantia-sexa-competitivo\/"},"author":{"name":"ppdegaliciaredes","@id":"https:\/\/ppdegalicia.com\/es\/#\/schema\/person\/5b822c6f59e872ebdd1142f307dbcb59"},"headline":"O PPdeG insiste na necesidade de que o Goberno central se implique no proxecto para que o estaleiro de Navantia sexa competitivo","datePublished":"2022-02-10T10:49:59+00:00","mainEntityOfPage":{"@id":"https:\/\/ppdegalicia.com\/es\/o-ppdeg-insiste-na-necesidade-de-que-o-goberno-central-se-implique-no-proxecto-para-que-o-estaleiro-de-navantia-sexa-competitivo\/"},"wordCount":437,"commentCount":0,"publisher":{"@id":"https:\/\/ppdegalicia.com\/es\/#organization"},"image":{"@id":"https:\/\/ppdegalicia.com\/es\/o-ppdeg-insiste-na-necesidade-de-que-o-goberno-central-se-implique-no-proxecto-para-que-o-estaleiro-de-navantia-sexa-competitivo\/#primaryimage"},"thumbnailUrl":"https:\/\/ppdegalicia.com\/wp-content\/uploads\/2022\/02\/c8b574eb3bf2ed76c1405d112a5e841f.jpg","articleSection":["PP de Galicia"],"inLanguage":"es","potentialAction":[{"@type":"CommentAction","name":"Comment","target":["https:\/\/ppdegalicia.com\/es\/o-ppdeg-insiste-na-necesidade-de-que-o-goberno-central-se-implique-no-proxecto-para-que-o-estaleiro-de-navantia-sexa-competitivo\/#respond"]}]},{"@type":"WebPage","@id":"https:\/\/ppdegalicia.com\/es\/o-ppdeg-insiste-na-necesidade-de-que-o-goberno-central-se-implique-no-proxecto-para-que-o-estaleiro-de-navantia-sexa-competitivo\/","url":"https:\/\/ppdegalicia.com\/es\/o-ppdeg-insiste-na-necesidade-de-que-o-goberno-central-se-implique-no-proxecto-para-que-o-estaleiro-de-navantia-sexa-competitivo\/","name":"O PPdeG insiste na necesidade de que o Goberno central se implique no proxecto para que o estaleiro de Navantia sexa competitivo - PP de Galicia","isPartOf":{"@id":"https:\/\/ppdegalicia.com\/es\/#website"},"primaryImageOfPage":{"@id":"https:\/\/ppdegalicia.com\/es\/o-ppdeg-insiste-na-necesidade-de-que-o-goberno-central-se-implique-no-proxecto-para-que-o-estaleiro-de-navantia-sexa-competitivo\/#primaryimage"},"image":{"@id":"https:\/\/ppdegalicia.com\/es\/o-ppdeg-insiste-na-necesidade-de-que-o-goberno-central-se-implique-no-proxecto-para-que-o-estaleiro-de-navantia-sexa-competitivo\/#primaryimage"},"thumbnailUrl":"https:\/\/ppdegalicia.com\/wp-content\/uploads\/2022\/02\/c8b574eb3bf2ed76c1405d112a5e841f.jpg","datePublished":"2022-02-10T10:49:59+00:00","breadcrumb":{"@id":"https:\/\/ppdegalicia.com\/es\/o-ppdeg-insiste-na-necesidade-de-que-o-goberno-central-se-implique-no-proxecto-para-que-o-estaleiro-de-navantia-sexa-competitivo\/#breadcrumb"},"inLanguage":"es","potentialAction":[{"@type":"ReadAction","target":["https:\/\/ppdegalicia.com\/es\/o-ppdeg-insiste-na-necesidade-de-que-o-goberno-central-se-implique-no-proxecto-para-que-o-estaleiro-de-navantia-sexa-competitivo\/"]}]},{"@type":"ImageObject","inLanguage":"es","@id":"https:\/\/ppdegalicia.com\/es\/o-ppdeg-insiste-na-necesidade-de-que-o-goberno-central-se-implique-no-proxecto-para-que-o-estaleiro-de-navantia-sexa-competitivo\/#primaryimage","url":"https:\/\/ppdegalicia.com\/wp-content\/uploads\/2022\/02\/c8b574eb3bf2ed76c1405d112a5e841f.jpg","contentUrl":"https:\/\/ppdegalicia.com\/wp-content\/uploads\/2022\/02\/c8b574eb3bf2ed76c1405d112a5e841f.jpg","width":1900,"height":1267},{"@type":"BreadcrumbList","@id":"https:\/\/ppdegalicia.com\/es\/o-ppdeg-insiste-na-necesidade-de-que-o-goberno-central-se-implique-no-proxecto-para-que-o-estaleiro-de-navantia-sexa-competitivo\/#breadcrumb","itemListElement":[{"@type":"ListItem","position":1,"name":"Portada","item":"https:\/\/ppdegalicia.com\/es\/"},{"@type":"ListItem","position":2,"name":"O PPdeG insiste na necesidade de que o Goberno central se implique no proxecto para que o estaleiro de Navantia sexa competitivo"}]},{"@type":"WebSite","@id":"https:\/\/ppdegalicia.com\/es\/#website","url":"https:\/\/ppdegalicia.com\/es\/","name":"Partido Popular de Galicia","description":"Partido Popular de Galicia","publisher":{"@id":"https:\/\/ppdegalicia.com\/es\/#organization"},"alternateName":"PP de Galicia","potentialAction":[{"@type":"SearchAction","target":{"@type":"EntryPoint","urlTemplate":"https:\/\/ppdegalicia.com\/es\/?s={search_term_string}"},"query-input":{"@type":"PropertyValueSpecification","valueRequired":true,"valueName":"search_term_string"}}],"inLanguage":"es"},{"@type":"Organization","@id":"https:\/\/ppdegalicia.com\/es\/#organization","name":"Partido Popular de Galicia","alternateName":"PP de Galicia","url":"https:\/\/ppdegalicia.com\/es\/","logo":{"@type":"ImageObject","inLanguage":"es","@id":"https:\/\/ppdegalicia.com\/es\/#\/schema\/logo\/image\/","url":"https:\/\/ppdegalicia.com\/wp-content\/uploads\/2023\/04\/logoPP512.png","contentUrl":"https:\/\/ppdegalicia.com\/wp-content\/uploads\/2023\/04\/logoPP512.png","width":512,"height":512,"caption":"Partido Popular de Galicia"},"image":{"@id":"https:\/\/ppdegalicia.com\/es\/#\/schema\/logo\/image\/"},"sameAs":["https:\/\/www.instagram.com\/ppdegalicia\/","https:\/\/x.com\/ppdegalicia","https:\/\/www.tiktok.com\/@ppdegalicia","https:\/\/www.youtube.com\/user\/ppdegalicia"]},{"@type":"Person","@id":"https:\/\/ppdegalicia.com\/es\/#\/schema\/person\/5b822c6f59e872ebdd1142f307dbcb59","name":"ppdegaliciaredes","image":{"@type":"ImageObject","inLanguage":"es","@id":"https:\/\/secure.gravatar.com\/avatar\/3c9179cf0256d00c72a48d1f25783c58b6842cd56e85ef3a572881c8e28ccd59?s=96&d=mm&r=g","url":"https:\/\/secure.gravatar.com\/avatar\/3c9179cf0256d00c72a48d1f25783c58b6842cd56e85ef3a572881c8e28ccd59?s=96&d=mm&r=g","contentUrl":"https:\/\/secure.gravatar.com\/avatar\/3c9179cf0256d00c72a48d1f25783c58b6842cd56e85ef3a572881c8e28ccd59?s=96&d=mm&r=g","caption":"ppdegaliciaredes"},"url":"https:\/\/ppdegalicia.com\/es\/author\/ppdegaliciaredes\/"}]}},"_links":{"self":[{"href":"https:\/\/ppdegalicia.com\/es\/wp-json\/wp\/v2\/posts\/56716","targetHints":{"allow":["GET"]}}],"collection":[{"href":"https:\/\/ppdegalicia.com\/es\/wp-json\/wp\/v2\/posts"}],"about":[{"href":"https:\/\/ppdegalicia.com\/es\/wp-json\/wp\/v2\/types\/post"}],"author":[{"embeddable":true,"href":"https:\/\/ppdegalicia.com\/es\/wp-json\/wp\/v2\/users\/38"}],"replies":[{"embeddable":true,"href":"https:\/\/ppdegalicia.com\/es\/wp-json\/wp\/v2\/comments?post=56716"}],"version-history":[{"count":0,"href":"https:\/\/ppdegalicia.com\/es\/wp-json\/wp\/v2\/posts\/56716\/revisions"}],"wp:featuredmedia":[{"embeddable":true,"href":"https:\/\/ppdegalicia.com\/es\/wp-json\/wp\/v2\/media\/56715"}],"wp:attachment":[{"href":"https:\/\/ppdegalicia.com\/es\/wp-json\/wp\/v2\/media?parent=56716"}],"wp:term":[{"taxonomy":"category","embeddable":true,"href":"https:\/\/ppdegalicia.com\/es\/wp-json\/wp\/v2\/categories?post=56716"},{"taxonomy":"post_tag","embeddable":true,"href":"https:\/\/ppdegalicia.com\/es\/wp-json\/wp\/v2\/tags?post=56716"}],"curies":[{"name":"wp","href":"https:\/\/api.w.org\/{rel}","templated":true}]}}